{"id":50581,"date":"2014-09-30T16:39:30","date_gmt":"2014-09-30T14:39:30","guid":{"rendered":"https:\/\/www.iemj.org\/juifs-et-trouveres\/"},"modified":"2025-08-25T15:11:58","modified_gmt":"2025-08-25T13:11:58","slug":"juifs-et-trouveres","status":"publish","type":"post","link":"https:\/\/www.iemj.org\/de\/juifs-et-trouveres\/","title":{"rendered":"Juifs et Trouv\u00e8res"},"content":{"rendered":"<h3><strong>J\u00fcdische Lieder aus dem 13. Jahrhundert auf Altfranz\u00f6sisch und Hebr\u00e4isch<\/strong><\/h3>\n<p>Lesen Sie hier zwei Presseartikel \u00fcber die CD (auf Franz\u00f6sisch): <a href=\"https:\/\/cmmp.eu\/PDF\/1509%20keroubims%20choc%20Classica.pdf\"><strong>Choc de Classica<\/strong><\/a><strong>\u00a0&#8211; <\/strong><a href=\"https:\/\/cmmp.eu\/PDF\/diapason%20sept%202015%20keroubim.pdf\"><strong>5 diapasons<\/strong><\/a><\/p>\n<p><!--more--><\/p>\n<p>Diese 12. CD der Sammlung des Musikerbes franz\u00f6sischer Juden widmet sich religi\u00f6ser und festlicher Lieder der j\u00fcdischen Gemeinschaft, die sich in der zweiten H\u00e4lfte des 13. Jahrhunderts im Norden Frankreichs (Flandern, Picardie, Artois, Champagne\u2026) niedergelassen hat.<\/p>\n<p>In dieser schwierigen Zeit, zwischen der Talmudverbrennung (1242-1244) und der gro\u00dfen Vertreibung von 1306, teilten die Juden, Alltagsleben und Sprache der Christen. Sie teilten \u00fcberdies den gleichen Geschmack f\u00fcr B\u00fccher, Denkm\u00e4ler, Stadt- und Jahrmarktsger\u00e4usche, Lebenslust und Volkslieder.<\/p>\n<p>Die Lieder der j\u00fcdischen Gemeinschaften der Epoche spiegelten somit tats\u00e4chlich das j\u00fcdische Alltagsleben und sowie darin vorkommende fr\u00f6hliche und tragische Ereignisse wider. Es handelt sich um den verstimmlichten Ausdruck einer Bev\u00f6lkerung, die ihre Riten und Traditionen bewahrte, sich aber dennoch auch vollkommen in ihr Umfeld integriert hatte und sich in Langue d\u2019o\u00efl (eine Gruppe romanischer Sprache, die gr\u00f6\u00dftenteils im Gebiet n\u00f6rdlich der Loire gesprochen wird) ausdr\u00fcckte. In hebr\u00e4ischer Sprache blieben lediglich Gebete und liturgische Gedichte, sowie das Studium.<\/p>\n<p>In den \u00fcberlieferten B\u00fcchern und Manuskripten, sind alle Gedichte auf Franz\u00f6sisch wie auch auf Hebr\u00e4isch, in hebr\u00e4ischer Schrift (der einzigen Schrift, die Juden gelehrt wurde) verfasst. Bekannt sind die Namen vieler Gedichtautoren, jedoch nicht die Namen jener, welche die Gedichte in Langue d\u2019o\u00efl \u00fcbertrugen. Dank der Arbeit von Romanistikforschern, wie David Simon Blondheim und Raphael Loewe, ist bekannt, dass die Melodien dieser Gedichte, denen der Trouv\u00e8res (nordfranz\u00f6sischer Dichter und S\u00e4nger des 12. und 13. Jahrhunderts), nachempfunden waren. \u00dcber Jahrhunderte hinweg hatte die j\u00fcdische Poesie auf diese Art neue Texte an altbekannte Melodien angepasst. Die Neumenschrift war, mit Ausnahme von Obadja dem Proselyten, den Juden nicht bekannt. Es kam aber dennoch vor, dass der Verfasser auf das Manuskript, den Liedtitel der verwendeten Melodie, notierte. Im Falle der hier vorgestellten CD, sind es allerdings nur zwei St\u00fccke, deren Manuskripte eindeutig die Melodien angeben, auf die der Text gesungen wurde. Die restlichen Melodien mussten also erst (wieder)gefunden werden\u2026<\/p>\n<p><strong>Colette Sirat<\/strong>, <strong>Judith Olszowy-Schlanger<\/strong> und <strong>Brigitte Lesne<\/strong> mussten daher eine umfassende literarische und musikalische Studie der Pal\u00e4ographie betreiben, um die genaue zeitliche Abfolge der Quellen und ihrer Abschriften bestimmen zu k\u00f6nnen. Auf diese Weise konnte schlie\u00dflich, die Versionen der Lieder auf Hebr\u00e4isch und in Langue d\u2019o\u00efl rekonstruiert werden.<\/p>\n<p>Das musikalische Resultat ist eindrucksvoll. Aus den jahrhundertelangen Manuskriptseiten entspringt die Musik einer bunten, lauten und sinnlichen Welt, in der die Juden ihren Glauben, ihren Schmerz und ihre Freude ausdr\u00fcckten. Eine Welt, die nach der endg\u00fcltigen Vertreibung der Juden aus Frankreich im Jahre 1394 verschwand und die diese CD, gl\u00fccklicherweise wieder zum Leben erweckt.<\/p>\n<p><strong><a href=\"https:\/\/www.iemj.org\/de\/produit\/juifs-et-trouveres\/\" target=\"_blank\" rel=\"noopener\">Kaufen Sie die CD im Onlineshop des IEMJ<\/a><\/strong><\/p>\n<p><strong>Auskunft\/Bestellung\/Pressenkontakt<\/strong> telefonisch unter (+33) 1 45 82 20 52 und per Mail an <a href=\"contact@iemj.org\">contact@iemj.org<\/a><\/p>\n<p><strong><a href=\"https:\/\/youtu.be\/pPxGQmB__Nk\" target=\"_blank\" rel=\"noopener\">Youtube-Ausschnitt ansehen: <em>Shalfu tzarim<\/em>, piyyout<\/a><\/strong><\/p>\n\n<div class=\"wp-block-image\">\n<figure class=\"aligncenter size-large\"><img fetchpriority=\"high\" decoding=\"async\" width=\"500\" height=\"427\" src=\"https:\/\/www.iemj.org\/wp-content\/uploads\/2014\/09\/juifs_et_trouveres_couv4_siteiemj.jpg\" alt=\"juifs_et_trouveres_couv4_siteiemj.jpg\" class=\"wp-image-7215\"\/><\/figure>\n<\/div>\n\n\n<figure class=\"wp-block-embed is-type-video is-provider-youtube wp-block-embed-youtube wp-embed-aspect-16-9 wp-has-aspect-ratio\"><div class=\"wp-block-embed__wrapper\">\nhttps:\/\/youtu.be\/pPxGQmB__Nk\n<\/div><figcaption class=\"wp-element-caption\"><strong>Sehen Sie einen Ausschnitt aus dem Konzert &#8211; piyyut Shalfu tzarim<\/strong><\/figcaption><\/figure>\n\n\n\n<h2 class=\"wp-block-heading\"><\/h2>\n\n\n<div class=\"wp-block-image\">\n<figure class=\"aligncenter size-large\"><img decoding=\"async\" width=\"1024\" height=\"133\" src=\"https:\/\/www.iemj.org\/wp-content\/uploads\/2024\/03\/AUDIO-PLAYER-1024x133.png\" alt=\"\" class=\"wp-image-110606\" srcset=\"https:\/\/www.iemj.org\/wp-content\/uploads\/2024\/03\/AUDIO-PLAYER-1024x133.png 1024w, https:\/\/www.iemj.org\/wp-content\/uploads\/2024\/03\/AUDIO-PLAYER-300x39.png 300w, https:\/\/www.iemj.org\/wp-content\/uploads\/2024\/03\/AUDIO-PLAYER-768x100.png 768w, https:\/\/www.iemj.org\/wp-content\/uploads\/2024\/03\/AUDIO-PLAYER-600x78.png 600w, https:\/\/www.iemj.org\/wp-content\/uploads\/2024\/03\/AUDIO-PLAYER.png 1210w\" sizes=\"(max-width: 1024px) 100vw, 1024px\" \/><\/figure>\n<\/div>\n\n\n<div class=\"wp-block-file\"><a href=\"https:\/\/www.iemj.org\/wp-content\/uploads\/2014\/09\/cd_track_11_ex.mp3\">11. Deror yiqra &#8211; chanson de chabbat (EXTRAIT)<\/a><\/div>\n\n\n\n<div class=\"wp-block-file\"><a href=\"https:\/\/www.iemj.org\/wp-content\/uploads\/2014\/09\/cd_track_07_ex.mp3\">7. Ne puis ma grant joie celer &#8211; chanson de Jacob (EXTRAIT)<\/a><\/div>\n\n\n\n<div class=\"wp-block-file\"><a href=\"https:\/\/www.iemj.org\/wp-content\/uploads\/2014\/09\/cd_track_03_ex.mp3\">3. El-givat-ha-levona &#8211; chanson de mariage (EXTRAIT)<\/a><\/div>\n\n\n\n<div class=\"wp-block-file\"><a href=\"https:\/\/www.iemj.org\/wp-content\/uploads\/2014\/09\/cd_track_01_ex.mp3\">1. Shalfu tzarim (EXTRAIT)<\/a><\/div>\n\n\n\n<p><\/p>\n","protected":false},"excerpt":{"rendered":"<p>J\u00fcdische Lieder aus dem 13. Jahrhundert auf Altfranz\u00f6sisch und Hebr\u00e4isch Lesen Sie hier zwei Presseartikel \u00fcber die CD (auf Franz\u00f6sisch): Choc de Classica\u00a0&#8211; 5 diapasons<\/p>\n","protected":false},"author":1050,"featured_media":50582,"comment_status":"closed","ping_status":"open","sticky":false,"template":"","format":"standard","meta":{"_acf_changed":false,"footnotes":""},"categories":[1393,2207,1390],"tags":[],"technique":[],"squelettes":[],"sujet":[1822],"formation":[],"genre":[1910],"fonds":[],"tradition":[],"type-de-contenu":[],"interprete-compositeur":[],"frise":[],"type-devenement":[],"tableaux-liens-externes":[],"class_list":["post-50581","post","type-post","status-publish","format-standard","has-post-thumbnail","hentry","category-cd-iemj-de","category-sammlung-des-musikerbes-franzoezischerjuden-de","category-veroffentlichungen-de","sujet-frankreich-de","genre-mittelalterliche-musik-de"],"acf":[],"yoast_head":"<!-- This site is optimized with the Yoast SEO plugin v27.3 - https:\/\/yoast.com\/product\/yoast-seo-wordpress\/ -->\n<title>Juifs et Trouv\u00e8res - Institut Europ\u00e9en des Musiques Juives<\/title>\n<meta name=\"robots\" content=\"index, follow, max-snippet:-1, max-image-preview:large, max-video-preview:-1\" \/>\n<link rel=\"canonical\" href=\"https:\/\/www.iemj.org\/de\/juifs-et-trouveres\/\" \/>\n<meta property=\"og:locale\" content=\"de_DE\" \/>\n<meta property=\"og:type\" content=\"article\" \/>\n<meta property=\"og:title\" content=\"Juifs et Trouv\u00e8res - Institut Europ\u00e9en des Musiques Juives\" \/>\n<meta property=\"og:description\" content=\"J\u00fcdische Lieder aus dem 13. Jahrhundert auf Altfranz\u00f6sisch und Hebr\u00e4isch Lesen Sie hier zwei Presseartikel \u00fcber die CD (auf Franz\u00f6sisch): Choc de Classica\u00a0&#8211; 5 diapasons\" \/>\n<meta property=\"og:url\" content=\"https:\/\/www.iemj.org\/de\/juifs-et-trouveres\/\" \/>\n<meta property=\"og:site_name\" content=\"Institut Europ\u00e9en des Musiques Juives\" \/>\n<meta property=\"article:publisher\" content=\"https:\/\/www.facebook.com\/MusiquesJuives\/\" \/>\n<meta property=\"article:published_time\" content=\"2014-09-30T14:39:30+00:00\" \/>\n<meta property=\"article:modified_time\" content=\"2025-08-25T13:11:58+00:00\" \/>\n<meta property=\"og:image\" content=\"https:\/\/www.iemj.org\/wp-content\/uploads\/2014\/09\/arton924.jpg\" \/>\n\t<meta property=\"og:image:width\" content=\"863\" \/>\n\t<meta property=\"og:image:height\" content=\"856\" \/>\n\t<meta property=\"og:image:type\" content=\"image\/jpeg\" \/>\n<meta name=\"author\" content=\"ncochin\" \/>\n<meta name=\"twitter:card\" content=\"summary_large_image\" \/>\n<meta name=\"twitter:label1\" content=\"Verfasst von\" \/>\n\t<meta name=\"twitter:data1\" content=\"ncochin\" \/>\n\t<meta name=\"twitter:label2\" content=\"Gesch\u00e4tzte Lesezeit\" \/>\n\t<meta name=\"twitter:data2\" content=\"4\u00a0Minuten\" \/>\n<script type=\"application\/ld+json\" class=\"yoast-schema-graph\">{\"@context\":\"https:\\\/\\\/schema.org\",\"@graph\":[{\"@type\":\"Article\",\"@id\":\"https:\\\/\\\/www.iemj.org\\\/de\\\/juifs-et-trouveres\\\/#article\",\"isPartOf\":{\"@id\":\"https:\\\/\\\/www.iemj.org\\\/de\\\/juifs-et-trouveres\\\/\"},\"author\":{\"name\":\"ncochin\",\"@id\":\"https:\\\/\\\/www.iemj.org\\\/de\\\/#\\\/schema\\\/person\\\/f826ad11b0cd58dd99babe0a3fbcb86e\"},\"headline\":\"Juifs et Trouv\u00e8res\",\"datePublished\":\"2014-09-30T14:39:30+00:00\",\"dateModified\":\"2025-08-25T13:11:58+00:00\",\"mainEntityOfPage\":{\"@id\":\"https:\\\/\\\/www.iemj.org\\\/de\\\/juifs-et-trouveres\\\/\"},\"wordCount\":543,\"publisher\":{\"@id\":\"https:\\\/\\\/www.iemj.org\\\/de\\\/#organization\"},\"image\":{\"@id\":\"https:\\\/\\\/www.iemj.org\\\/de\\\/juifs-et-trouveres\\\/#primaryimage\"},\"thumbnailUrl\":\"https:\\\/\\\/www.iemj.org\\\/wp-content\\\/uploads\\\/2014\\\/09\\\/arton924.jpg\",\"articleSection\":[\"CD IEMJ\",\"Sammlung des Musikerbes Franz\u00f6zischerJuden\",\"Ver\u00f6ffentlichungen\"],\"inLanguage\":\"de\"},{\"@type\":\"WebPage\",\"@id\":\"https:\\\/\\\/www.iemj.org\\\/de\\\/juifs-et-trouveres\\\/\",\"url\":\"https:\\\/\\\/www.iemj.org\\\/de\\\/juifs-et-trouveres\\\/\",\"name\":\"Juifs et Trouv\u00e8res - Institut Europ\u00e9en des Musiques Juives\",\"isPartOf\":{\"@id\":\"https:\\\/\\\/www.iemj.org\\\/de\\\/#website\"},\"primaryImageOfPage\":{\"@id\":\"https:\\\/\\\/www.iemj.org\\\/de\\\/juifs-et-trouveres\\\/#primaryimage\"},\"image\":{\"@id\":\"https:\\\/\\\/www.iemj.org\\\/de\\\/juifs-et-trouveres\\\/#primaryimage\"},\"thumbnailUrl\":\"https:\\\/\\\/www.iemj.org\\\/wp-content\\\/uploads\\\/2014\\\/09\\\/arton924.jpg\",\"datePublished\":\"2014-09-30T14:39:30+00:00\",\"dateModified\":\"2025-08-25T13:11:58+00:00\",\"breadcrumb\":{\"@id\":\"https:\\\/\\\/www.iemj.org\\\/de\\\/juifs-et-trouveres\\\/#breadcrumb\"},\"inLanguage\":\"de\",\"potentialAction\":[{\"@type\":\"ReadAction\",\"target\":[\"https:\\\/\\\/www.iemj.org\\\/de\\\/juifs-et-trouveres\\\/\"]}]},{\"@type\":\"ImageObject\",\"inLanguage\":\"de\",\"@id\":\"https:\\\/\\\/www.iemj.org\\\/de\\\/juifs-et-trouveres\\\/#primaryimage\",\"url\":\"https:\\\/\\\/www.iemj.org\\\/wp-content\\\/uploads\\\/2014\\\/09\\\/arton924.jpg\",\"contentUrl\":\"https:\\\/\\\/www.iemj.org\\\/wp-content\\\/uploads\\\/2014\\\/09\\\/arton924.jpg\",\"width\":863,\"height\":856},{\"@type\":\"BreadcrumbList\",\"@id\":\"https:\\\/\\\/www.iemj.org\\\/de\\\/juifs-et-trouveres\\\/#breadcrumb\",\"itemListElement\":[{\"@type\":\"ListItem\",\"position\":1,\"name\":\"Accueil\",\"item\":\"https:\\\/\\\/www.iemj.org\\\/de\\\/\"},{\"@type\":\"ListItem\",\"position\":2,\"name\":\"Juifs et Trouv\u00e8res\"}]},{\"@type\":\"WebSite\",\"@id\":\"https:\\\/\\\/www.iemj.org\\\/de\\\/#website\",\"url\":\"https:\\\/\\\/www.iemj.org\\\/de\\\/\",\"name\":\"Institut Europ\u00e9en des Musiques Juives\",\"description\":\"Des traditions musicales \u00e0 la port\u00e9e de tous\",\"publisher\":{\"@id\":\"https:\\\/\\\/www.iemj.org\\\/de\\\/#organization\"},\"potentialAction\":[{\"@type\":\"SearchAction\",\"target\":{\"@type\":\"EntryPoint\",\"urlTemplate\":\"https:\\\/\\\/www.iemj.org\\\/de\\\/?s={search_term_string}\"},\"query-input\":{\"@type\":\"PropertyValueSpecification\",\"valueRequired\":true,\"valueName\":\"search_term_string\"}}],\"inLanguage\":\"de\"},{\"@type\":\"Organization\",\"@id\":\"https:\\\/\\\/www.iemj.org\\\/de\\\/#organization\",\"name\":\"Institut Europ\u00e9en des Musiques Juives\",\"url\":\"https:\\\/\\\/www.iemj.org\\\/de\\\/\",\"logo\":{\"@type\":\"ImageObject\",\"inLanguage\":\"de\",\"@id\":\"https:\\\/\\\/www.iemj.org\\\/de\\\/#\\\/schema\\\/logo\\\/image\\\/\",\"url\":\"https:\\\/\\\/www.iemj.org\\\/wp-content\\\/uploads\\\/2021\\\/09\\\/Logo-IEMJ-Paypal.jpg\",\"contentUrl\":\"https:\\\/\\\/www.iemj.org\\\/wp-content\\\/uploads\\\/2021\\\/09\\\/Logo-IEMJ-Paypal.jpg\",\"width\":150,\"height\":50,\"caption\":\"Institut Europ\u00e9en des Musiques Juives\"},\"image\":{\"@id\":\"https:\\\/\\\/www.iemj.org\\\/de\\\/#\\\/schema\\\/logo\\\/image\\\/\"},\"sameAs\":[\"https:\\\/\\\/www.facebook.com\\\/MusiquesJuives\\\/\",\"https:\\\/\\\/www.instagram.com\\\/musiquesjuives\\\/\",\"https:\\\/\\\/www.youtube.com\\\/user\\\/musiquesjuives\"]},{\"@type\":\"Person\",\"@id\":\"https:\\\/\\\/www.iemj.org\\\/de\\\/#\\\/schema\\\/person\\\/f826ad11b0cd58dd99babe0a3fbcb86e\",\"name\":\"ncochin\",\"image\":{\"@type\":\"ImageObject\",\"inLanguage\":\"de\",\"@id\":\"https:\\\/\\\/secure.gravatar.com\\\/avatar\\\/4499f551e6a9b8c28bd3132f28d79657b2cb55ff363257726f67e89c95e2a33c?s=96&d=mm&r=g\",\"url\":\"https:\\\/\\\/secure.gravatar.com\\\/avatar\\\/4499f551e6a9b8c28bd3132f28d79657b2cb55ff363257726f67e89c95e2a33c?s=96&d=mm&r=g\",\"contentUrl\":\"https:\\\/\\\/secure.gravatar.com\\\/avatar\\\/4499f551e6a9b8c28bd3132f28d79657b2cb55ff363257726f67e89c95e2a33c?s=96&d=mm&r=g\",\"caption\":\"ncochin\"}}]}<\/script>\n<!-- \/ Yoast SEO plugin. -->","yoast_head_json":{"title":"Juifs et Trouv\u00e8res - Institut Europ\u00e9en des Musiques Juives","robots":{"index":"index","follow":"follow","max-snippet":"max-snippet:-1","max-image-preview":"max-image-preview:large","max-video-preview":"max-video-preview:-1"},"canonical":"https:\/\/www.iemj.org\/de\/juifs-et-trouveres\/","og_locale":"de_DE","og_type":"article","og_title":"Juifs et Trouv\u00e8res - Institut Europ\u00e9en des Musiques Juives","og_description":"J\u00fcdische Lieder aus dem 13. Jahrhundert auf Altfranz\u00f6sisch und Hebr\u00e4isch Lesen Sie hier zwei Presseartikel \u00fcber die CD (auf Franz\u00f6sisch): Choc de Classica\u00a0&#8211; 5 diapasons","og_url":"https:\/\/www.iemj.org\/de\/juifs-et-trouveres\/","og_site_name":"Institut Europ\u00e9en des Musiques Juives","article_publisher":"https:\/\/www.facebook.com\/MusiquesJuives\/","article_published_time":"2014-09-30T14:39:30+00:00","article_modified_time":"2025-08-25T13:11:58+00:00","og_image":[{"width":863,"height":856,"url":"https:\/\/www.iemj.org\/wp-content\/uploads\/2014\/09\/arton924.jpg","type":"image\/jpeg"}],"author":"ncochin","twitter_card":"summary_large_image","twitter_misc":{"Verfasst von":"ncochin","Gesch\u00e4tzte Lesezeit":"4\u00a0Minuten"},"schema":{"@context":"https:\/\/schema.org","@graph":[{"@type":"Article","@id":"https:\/\/www.iemj.org\/de\/juifs-et-trouveres\/#article","isPartOf":{"@id":"https:\/\/www.iemj.org\/de\/juifs-et-trouveres\/"},"author":{"name":"ncochin","@id":"https:\/\/www.iemj.org\/de\/#\/schema\/person\/f826ad11b0cd58dd99babe0a3fbcb86e"},"headline":"Juifs et Trouv\u00e8res","datePublished":"2014-09-30T14:39:30+00:00","dateModified":"2025-08-25T13:11:58+00:00","mainEntityOfPage":{"@id":"https:\/\/www.iemj.org\/de\/juifs-et-trouveres\/"},"wordCount":543,"publisher":{"@id":"https:\/\/www.iemj.org\/de\/#organization"},"image":{"@id":"https:\/\/www.iemj.org\/de\/juifs-et-trouveres\/#primaryimage"},"thumbnailUrl":"https:\/\/www.iemj.org\/wp-content\/uploads\/2014\/09\/arton924.jpg","articleSection":["CD IEMJ","Sammlung des Musikerbes Franz\u00f6zischerJuden","Ver\u00f6ffentlichungen"],"inLanguage":"de"},{"@type":"WebPage","@id":"https:\/\/www.iemj.org\/de\/juifs-et-trouveres\/","url":"https:\/\/www.iemj.org\/de\/juifs-et-trouveres\/","name":"Juifs et Trouv\u00e8res - Institut Europ\u00e9en des Musiques Juives","isPartOf":{"@id":"https:\/\/www.iemj.org\/de\/#website"},"primaryImageOfPage":{"@id":"https:\/\/www.iemj.org\/de\/juifs-et-trouveres\/#primaryimage"},"image":{"@id":"https:\/\/www.iemj.org\/de\/juifs-et-trouveres\/#primaryimage"},"thumbnailUrl":"https:\/\/www.iemj.org\/wp-content\/uploads\/2014\/09\/arton924.jpg","datePublished":"2014-09-30T14:39:30+00:00","dateModified":"2025-08-25T13:11:58+00:00","breadcrumb":{"@id":"https:\/\/www.iemj.org\/de\/juifs-et-trouveres\/#breadcrumb"},"inLanguage":"de","potentialAction":[{"@type":"ReadAction","target":["https:\/\/www.iemj.org\/de\/juifs-et-trouveres\/"]}]},{"@type":"ImageObject","inLanguage":"de","@id":"https:\/\/www.iemj.org\/de\/juifs-et-trouveres\/#primaryimage","url":"https:\/\/www.iemj.org\/wp-content\/uploads\/2014\/09\/arton924.jpg","contentUrl":"https:\/\/www.iemj.org\/wp-content\/uploads\/2014\/09\/arton924.jpg","width":863,"height":856},{"@type":"BreadcrumbList","@id":"https:\/\/www.iemj.org\/de\/juifs-et-trouveres\/#breadcrumb","itemListElement":[{"@type":"ListItem","position":1,"name":"Accueil","item":"https:\/\/www.iemj.org\/de\/"},{"@type":"ListItem","position":2,"name":"Juifs et Trouv\u00e8res"}]},{"@type":"WebSite","@id":"https:\/\/www.iemj.org\/de\/#website","url":"https:\/\/www.iemj.org\/de\/","name":"Institut Europ\u00e9en des Musiques Juives","description":"Des traditions musicales \u00e0 la port\u00e9e de tous","publisher":{"@id":"https:\/\/www.iemj.org\/de\/#organization"},"potentialAction":[{"@type":"SearchAction","target":{"@type":"EntryPoint","urlTemplate":"https:\/\/www.iemj.org\/de\/?s={search_term_string}"},"query-input":{"@type":"PropertyValueSpecification","valueRequired":true,"valueName":"search_term_string"}}],"inLanguage":"de"},{"@type":"Organization","@id":"https:\/\/www.iemj.org\/de\/#organization","name":"Institut Europ\u00e9en des Musiques Juives","url":"https:\/\/www.iemj.org\/de\/","logo":{"@type":"ImageObject","inLanguage":"de","@id":"https:\/\/www.iemj.org\/de\/#\/schema\/logo\/image\/","url":"https:\/\/www.iemj.org\/wp-content\/uploads\/2021\/09\/Logo-IEMJ-Paypal.jpg","contentUrl":"https:\/\/www.iemj.org\/wp-content\/uploads\/2021\/09\/Logo-IEMJ-Paypal.jpg","width":150,"height":50,"caption":"Institut Europ\u00e9en des Musiques Juives"},"image":{"@id":"https:\/\/www.iemj.org\/de\/#\/schema\/logo\/image\/"},"sameAs":["https:\/\/www.facebook.com\/MusiquesJuives\/","https:\/\/www.instagram.com\/musiquesjuives\/","https:\/\/www.youtube.com\/user\/musiquesjuives"]},{"@type":"Person","@id":"https:\/\/www.iemj.org\/de\/#\/schema\/person\/f826ad11b0cd58dd99babe0a3fbcb86e","name":"ncochin","image":{"@type":"ImageObject","inLanguage":"de","@id":"https:\/\/secure.gravatar.com\/avatar\/4499f551e6a9b8c28bd3132f28d79657b2cb55ff363257726f67e89c95e2a33c?s=96&d=mm&r=g","url":"https:\/\/secure.gravatar.com\/avatar\/4499f551e6a9b8c28bd3132f28d79657b2cb55ff363257726f67e89c95e2a33c?s=96&d=mm&r=g","contentUrl":"https:\/\/secure.gravatar.com\/avatar\/4499f551e6a9b8c28bd3132f28d79657b2cb55ff363257726f67e89c95e2a33c?s=96&d=mm&r=g","caption":"ncochin"}}]}},"_links":{"self":[{"href":"https:\/\/www.iemj.org\/de\/wp-json\/wp\/v2\/posts\/50581","targetHints":{"allow":["GET"]}}],"collection":[{"href":"https:\/\/www.iemj.org\/de\/wp-json\/wp\/v2\/posts"}],"about":[{"href":"https:\/\/www.iemj.org\/de\/wp-json\/wp\/v2\/types\/post"}],"author":[{"embeddable":true,"href":"https:\/\/www.iemj.org\/de\/wp-json\/wp\/v2\/users\/1050"}],"replies":[{"embeddable":true,"href":"https:\/\/www.iemj.org\/de\/wp-json\/wp\/v2\/comments?post=50581"}],"version-history":[{"count":0,"href":"https:\/\/www.iemj.org\/de\/wp-json\/wp\/v2\/posts\/50581\/revisions"}],"wp:featuredmedia":[{"embeddable":true,"href":"https:\/\/www.iemj.org\/de\/wp-json\/wp\/v2\/media\/50582"}],"wp:attachment":[{"href":"https:\/\/www.iemj.org\/de\/wp-json\/wp\/v2\/media?parent=50581"}],"wp:term":[{"taxonomy":"category","embeddable":true,"href":"https:\/\/www.iemj.org\/de\/wp-json\/wp\/v2\/categories?post=50581"},{"taxonomy":"post_tag","embeddable":true,"href":"https:\/\/www.iemj.org\/de\/wp-json\/wp\/v2\/tags?post=50581"},{"taxonomy":"technique","embeddable":true,"href":"https:\/\/www.iemj.org\/de\/wp-json\/wp\/v2\/technique?post=50581"},{"taxonomy":"squelettes","embeddable":true,"href":"https:\/\/www.iemj.org\/de\/wp-json\/wp\/v2\/squelettes?post=50581"},{"taxonomy":"sujet","embeddable":true,"href":"https:\/\/www.iemj.org\/de\/wp-json\/wp\/v2\/sujet?post=50581"},{"taxonomy":"formation","embeddable":true,"href":"https:\/\/www.iemj.org\/de\/wp-json\/wp\/v2\/formation?post=50581"},{"taxonomy":"genre","embeddable":true,"href":"https:\/\/www.iemj.org\/de\/wp-json\/wp\/v2\/genre?post=50581"},{"taxonomy":"fonds","embeddable":true,"href":"https:\/\/www.iemj.org\/de\/wp-json\/wp\/v2\/fonds?post=50581"},{"taxonomy":"tradition","embeddable":true,"href":"https:\/\/www.iemj.org\/de\/wp-json\/wp\/v2\/tradition?post=50581"},{"taxonomy":"type-de-contenu","embeddable":true,"href":"https:\/\/www.iemj.org\/de\/wp-json\/wp\/v2\/type-de-contenu?post=50581"},{"taxonomy":"interprete-compositeur","embeddable":true,"href":"https:\/\/www.iemj.org\/de\/wp-json\/wp\/v2\/interprete-compositeur?post=50581"},{"taxonomy":"frise","embeddable":true,"href":"https:\/\/www.iemj.org\/de\/wp-json\/wp\/v2\/frise?post=50581"},{"taxonomy":"type-devenement","embeddable":true,"href":"https:\/\/www.iemj.org\/de\/wp-json\/wp\/v2\/type-devenement?post=50581"},{"taxonomy":"tableaux-liens-externes","embeddable":true,"href":"https:\/\/www.iemj.org\/de\/wp-json\/wp\/v2\/tableaux-liens-externes?post=50581"}],"curies":[{"name":"wp","href":"https:\/\/api.w.org\/{rel}","templated":true}]}}