{"id":51096,"date":"2012-11-26T17:55:08","date_gmt":"2012-11-26T16:55:08","guid":{"rendered":"https:\/\/www.iemj.org\/schwartz-abe-1881-1963\/"},"modified":"2021-06-28T15:58:56","modified_gmt":"2021-06-28T13:58:56","slug":"schwartz-abe-1881-1963","status":"publish","type":"post","link":"https:\/\/www.iemj.org\/de\/schwartz-abe-1881-1963\/","title":{"rendered":"Schwartz, Abe (1881-1963)"},"content":{"rendered":"<p>Abe (Abraham) Schwartz war jahrzehntelang einer der bekanntesten und einer der am meisten aufgezeichneten Orchesterdirigenten im New Yorker Raum. Er war auch ein bekannter anerkannter Violinist des Tanzorchesters. Sein nationaler, wie auch internationalen Ruhm als Klezmer-Dirigent verdankte er den Aufnahmen seiner verschiedenen Orchestern.<\/p>\n<p>1899 wanderte er im Alter von 18 Jahren, zusammen mit seinen Eltern, in die Vereinigten Staaten aus. Er wuchs in der N\u00e4he von Bukarest auf, wo er sich seine musikalischen Kenntnisse, nachweislich selbst angeeignet hatte. Nachdem er in den j\u00fcdischen Kreisen New Yorks ein renommierter Dirigent von Tanzkapellen geworden war, markierte der Tag seines Engagements als Supervisor f\u00fcr Instrumentalaufnahmen f\u00fcr das Columbia-Label, seinen Einstieg in die Schallplattenindustrie.<\/p>\n<p>Etwa zur selben Zeit (ca. 1917) begann auch seine Studiokarriere mit der Ver\u00f6ffentlichungen zweier sogenannter \u201erussischer\u201c Tanzmelodien; einem <em>Sher<\/em> und einem <em>Bulgar<\/em>, gespielt von seinem Oriental Orchestra. Wenn auch keines dieses Lieder russisch war, herrschte doch zur damaligen Zeit eine exotische Vorstellung vom \u201egeheimnisvollen Russland\u201c vor, welche alles orientalisch wirken lie\u00dfen. Notenverlage und Plattenfirmen der damaligen Zeit, wandten sich an j\u00fcdische immigrierte Musiker, um sie als authentische Tr\u00e4ger \u201eneuer\u201c Klangfarben zu pr\u00e4sentieren. Diese Komponisten und Arrangeure, welche dem Anschein nach, \u201efrisch aus Russland angekommen waren\u201c, obwohl die meisten von ihnen doch in Wahrheit aus der Ukraine, Wei\u00dfrussland, Galizien, Polen, Rum\u00e4nien oder Bessarabien stammten, wurden diesem Irrglauben folgend, als Kulturvermittler angesehen. Au\u00dferdem spielten viele dieser j\u00fcdischen Musiker mit zigeunerischen, rum\u00e4nischen oder russischen Musikern und assimilierten so einige ihrer Stile. Dennoch wurden viele dieser Melodien und Stile, einst von Klezmorim in verschiedenen Teilen Osteuropas gespielt, ungeachtet der m\u00f6glichen fr\u00fcheren Ver\u00e4nderungen ihrer urspr\u00fcnglichen Traditionen. Nach dieser ersten Aufnahme, dirigierte Schwartz 1917 die Orchester f\u00fcr sechs weitere Aufnahmen, eine davon war der ber\u00fchmte \u201eTants Tants Yiddelech\u201c, einer der allerersten Klezmer-Hits, der seitdem von verschiedenen K\u00fcnstlern, in unterschiedlichen Versionen interpretiert wurde, darunter das sehr bekannte \u201eTire l\u2019Aiguille\u201c von Ren\u00e9e Lebas.<\/p>\n<p>Wie viele Klezmorim vor ihm (und nach ihm) schrieb und spielte er f\u00fcr das jiddische Theater. 1920 bearbeitete und nahm er mehr als 35 Klezmer-Melodien auf, darunter Shers, Bulgars, Freilachs und Khosidls. Einige davon wurden von ihm komponiert, wie z.B. \u201eA Glass of Wine\u201c, andere waren traditionelle Melodien.<\/p>\n<p>Auch wenn er einerseits mit seinem Orchester und anderen Ensembles aufnahm, finden sich unter seinen besten Aufnahmen auch eine von ihm, wie er nur von seiner damals 12 Jahre alten Tochter Sylvia am Klavier begleitet wurde.<\/p>\n<p>Sp\u00e4ter galt er, wenn auch inoffiziell als A &amp; R (Talentscout) der amerikanischen Plattenindustrie und brachte einige junge K\u00fcnstler zu Aufnahmen, darunter insbesondere Naftule Brandwein und Dave Tarras.<\/p>\n<p><a href=\"http:\/\/www.rachelnet.net\/F\/?func=find-c&amp;ccl_term=WRD+%3D+Abe+Schwartz&amp;local_base=iemcg\">Greifen Sie auf unsere Archive \u00fcber Abe Schwartz zu<\/a><\/p>\n\n\n<div class=\"wp-block-columns is-layout-flex wp-container-core-columns-is-layout-9d6595d7 wp-block-columns-is-layout-flex\">\n<div class=\"wp-block-column is-layout-flow wp-block-column-is-layout-flow\">\n<figure class=\"wp-block-embed is-type-video is-provider-youtube wp-block-embed-youtube wp-embed-aspect-4-3 wp-has-aspect-ratio\"><div class=\"wp-block-embed__wrapper\">\n<iframe title=\"Abe Schwartz &amp; his Orchestra - Sher medley (classic klezmer)\" width=\"640\" height=\"480\" src=\"https:\/\/www.youtube.com\/embed\/xtOZGvu6j-g?feature=oembed\" frameborder=\"0\" allow=\"accelerometer; autoplay; clipboard-write; encrypted-media; gyroscope; picture-in-picture; web-share\" referrerpolicy=\"strict-origin-when-cross-origin\" allowfullscreen><\/iframe>\n<\/div><\/figure>\n<\/div>\n<\/div>\n","protected":false},"excerpt":{"rendered":"<p>Abe (Abraham) Schwartz war jahrzehntelang einer der bekanntesten und einer der am meisten aufgezeichneten Orchesterdirigenten im New Yorker Raum. Er war auch ein bekannter anerkannter Violinist des Tanzorchesters. Sein nationaler,<\/p>\n","protected":false},"author":1045,"featured_media":51097,"comment_status":"closed","ping_status":"closed","sticky":false,"template":"","format":"standard","meta":{"_acf_changed":false,"footnotes":""},"categories":[1415,1403],"tags":[],"technique":[],"squelettes":[],"sujet":[],"formation":[],"genre":[1875],"fonds":[],"tradition":[],"type-de-contenu":[],"interprete-compositeur":[],"frise":[],"type-devenement":[],"tableaux-liens-externes":[],"class_list":["post-51096","post","type-post","status-publish","format-standard","has-post-thumbnail","hentry","category-biografien-de","category-entdecken-de","genre-klezmer-de"],"acf":[],"yoast_head":"<!-- This site is optimized with the Yoast SEO plugin v27.3 - https:\/\/yoast.com\/product\/yoast-seo-wordpress\/ -->\n<title>Schwartz, Abe (1881-1963) - Institut Europ\u00e9en des Musiques Juives<\/title>\n<meta name=\"robots\" content=\"index, follow, max-snippet:-1, max-image-preview:large, max-video-preview:-1\" \/>\n<link rel=\"canonical\" href=\"https:\/\/www.iemj.org\/de\/schwartz-abe-1881-1963\/\" \/>\n<meta property=\"og:locale\" content=\"de_DE\" \/>\n<meta property=\"og:type\" content=\"article\" \/>\n<meta property=\"og:title\" content=\"Schwartz, Abe (1881-1963) - Institut Europ\u00e9en des Musiques Juives\" \/>\n<meta property=\"og:description\" content=\"Abe (Abraham) Schwartz war jahrzehntelang einer der bekanntesten und einer der am meisten aufgezeichneten Orchesterdirigenten im New Yorker Raum. Er war auch ein bekannter anerkannter Violinist des Tanzorchesters. Sein nationaler,\" \/>\n<meta property=\"og:url\" content=\"https:\/\/www.iemj.org\/de\/schwartz-abe-1881-1963\/\" \/>\n<meta property=\"og:site_name\" content=\"Institut Europ\u00e9en des Musiques Juives\" \/>\n<meta property=\"article:publisher\" content=\"https:\/\/www.facebook.com\/MusiquesJuives\/\" \/>\n<meta property=\"article:published_time\" content=\"2012-11-26T16:55:08+00:00\" \/>\n<meta property=\"article:modified_time\" content=\"2021-06-28T13:58:56+00:00\" \/>\n<meta property=\"og:image\" content=\"https:\/\/www.iemj.org\/wp-content\/uploads\/2012\/11\/arton588-e1617031040177.jpg\" \/>\n\t<meta property=\"og:image:width\" content=\"174\" \/>\n\t<meta property=\"og:image:height\" content=\"218\" \/>\n\t<meta property=\"og:image:type\" content=\"image\/jpeg\" \/>\n<meta name=\"author\" content=\"Herv\u00e9 Roten\" \/>\n<meta name=\"twitter:card\" content=\"summary_large_image\" \/>\n<meta name=\"twitter:label1\" content=\"Verfasst von\" \/>\n\t<meta name=\"twitter:data1\" content=\"Herv\u00e9 Roten\" \/>\n\t<meta name=\"twitter:label2\" content=\"Gesch\u00e4tzte Lesezeit\" \/>\n\t<meta name=\"twitter:data2\" content=\"2\u00a0Minuten\" \/>\n<script type=\"application\/ld+json\" class=\"yoast-schema-graph\">{\"@context\":\"https:\\\/\\\/schema.org\",\"@graph\":[{\"@type\":\"Article\",\"@id\":\"https:\\\/\\\/www.iemj.org\\\/de\\\/schwartz-abe-1881-1963\\\/#article\",\"isPartOf\":{\"@id\":\"https:\\\/\\\/www.iemj.org\\\/de\\\/schwartz-abe-1881-1963\\\/\"},\"author\":{\"name\":\"Herv\u00e9 Roten\",\"@id\":\"https:\\\/\\\/www.iemj.org\\\/de\\\/#\\\/schema\\\/person\\\/906134402c29d5c76e7b726261dd4bbd\"},\"headline\":\"Schwartz, Abe (1881-1963)\",\"datePublished\":\"2012-11-26T16:55:08+00:00\",\"dateModified\":\"2021-06-28T13:58:56+00:00\",\"mainEntityOfPage\":{\"@id\":\"https:\\\/\\\/www.iemj.org\\\/de\\\/schwartz-abe-1881-1963\\\/\"},\"wordCount\":457,\"publisher\":{\"@id\":\"https:\\\/\\\/www.iemj.org\\\/de\\\/#organization\"},\"image\":{\"@id\":\"https:\\\/\\\/www.iemj.org\\\/de\\\/schwartz-abe-1881-1963\\\/#primaryimage\"},\"thumbnailUrl\":\"https:\\\/\\\/www.iemj.org\\\/wp-content\\\/uploads\\\/2012\\\/11\\\/arton588-e1617031040177.jpg\",\"articleSection\":[\"Biografien\",\"Entdecken\"],\"inLanguage\":\"de\"},{\"@type\":\"WebPage\",\"@id\":\"https:\\\/\\\/www.iemj.org\\\/de\\\/schwartz-abe-1881-1963\\\/\",\"url\":\"https:\\\/\\\/www.iemj.org\\\/de\\\/schwartz-abe-1881-1963\\\/\",\"name\":\"Schwartz, Abe (1881-1963) - Institut Europ\u00e9en des Musiques Juives\",\"isPartOf\":{\"@id\":\"https:\\\/\\\/www.iemj.org\\\/de\\\/#website\"},\"primaryImageOfPage\":{\"@id\":\"https:\\\/\\\/www.iemj.org\\\/de\\\/schwartz-abe-1881-1963\\\/#primaryimage\"},\"image\":{\"@id\":\"https:\\\/\\\/www.iemj.org\\\/de\\\/schwartz-abe-1881-1963\\\/#primaryimage\"},\"thumbnailUrl\":\"https:\\\/\\\/www.iemj.org\\\/wp-content\\\/uploads\\\/2012\\\/11\\\/arton588-e1617031040177.jpg\",\"datePublished\":\"2012-11-26T16:55:08+00:00\",\"dateModified\":\"2021-06-28T13:58:56+00:00\",\"breadcrumb\":{\"@id\":\"https:\\\/\\\/www.iemj.org\\\/de\\\/schwartz-abe-1881-1963\\\/#breadcrumb\"},\"inLanguage\":\"de\",\"potentialAction\":[{\"@type\":\"ReadAction\",\"target\":[\"https:\\\/\\\/www.iemj.org\\\/de\\\/schwartz-abe-1881-1963\\\/\"]}]},{\"@type\":\"ImageObject\",\"inLanguage\":\"de\",\"@id\":\"https:\\\/\\\/www.iemj.org\\\/de\\\/schwartz-abe-1881-1963\\\/#primaryimage\",\"url\":\"https:\\\/\\\/www.iemj.org\\\/wp-content\\\/uploads\\\/2012\\\/11\\\/arton588-e1617031040177.jpg\",\"contentUrl\":\"https:\\\/\\\/www.iemj.org\\\/wp-content\\\/uploads\\\/2012\\\/11\\\/arton588-e1617031040177.jpg\",\"width\":174,\"height\":218},{\"@type\":\"BreadcrumbList\",\"@id\":\"https:\\\/\\\/www.iemj.org\\\/de\\\/schwartz-abe-1881-1963\\\/#breadcrumb\",\"itemListElement\":[{\"@type\":\"ListItem\",\"position\":1,\"name\":\"Accueil\",\"item\":\"https:\\\/\\\/www.iemj.org\\\/de\\\/\"},{\"@type\":\"ListItem\",\"position\":2,\"name\":\"Schwartz, Abe (1881-1963)\"}]},{\"@type\":\"WebSite\",\"@id\":\"https:\\\/\\\/www.iemj.org\\\/de\\\/#website\",\"url\":\"https:\\\/\\\/www.iemj.org\\\/de\\\/\",\"name\":\"Institut Europ\u00e9en des Musiques Juives\",\"description\":\"Des traditions musicales \u00e0 la port\u00e9e de tous\",\"publisher\":{\"@id\":\"https:\\\/\\\/www.iemj.org\\\/de\\\/#organization\"},\"potentialAction\":[{\"@type\":\"SearchAction\",\"target\":{\"@type\":\"EntryPoint\",\"urlTemplate\":\"https:\\\/\\\/www.iemj.org\\\/de\\\/?s={search_term_string}\"},\"query-input\":{\"@type\":\"PropertyValueSpecification\",\"valueRequired\":true,\"valueName\":\"search_term_string\"}}],\"inLanguage\":\"de\"},{\"@type\":\"Organization\",\"@id\":\"https:\\\/\\\/www.iemj.org\\\/de\\\/#organization\",\"name\":\"Institut Europ\u00e9en des Musiques Juives\",\"url\":\"https:\\\/\\\/www.iemj.org\\\/de\\\/\",\"logo\":{\"@type\":\"ImageObject\",\"inLanguage\":\"de\",\"@id\":\"https:\\\/\\\/www.iemj.org\\\/de\\\/#\\\/schema\\\/logo\\\/image\\\/\",\"url\":\"https:\\\/\\\/www.iemj.org\\\/wp-content\\\/uploads\\\/2021\\\/09\\\/Logo-IEMJ-Paypal.jpg\",\"contentUrl\":\"https:\\\/\\\/www.iemj.org\\\/wp-content\\\/uploads\\\/2021\\\/09\\\/Logo-IEMJ-Paypal.jpg\",\"width\":150,\"height\":50,\"caption\":\"Institut Europ\u00e9en des Musiques Juives\"},\"image\":{\"@id\":\"https:\\\/\\\/www.iemj.org\\\/de\\\/#\\\/schema\\\/logo\\\/image\\\/\"},\"sameAs\":[\"https:\\\/\\\/www.facebook.com\\\/MusiquesJuives\\\/\",\"https:\\\/\\\/www.instagram.com\\\/musiquesjuives\\\/\",\"https:\\\/\\\/www.youtube.com\\\/user\\\/musiquesjuives\"]},{\"@type\":\"Person\",\"@id\":\"https:\\\/\\\/www.iemj.org\\\/de\\\/#\\\/schema\\\/person\\\/906134402c29d5c76e7b726261dd4bbd\",\"name\":\"Herv\u00e9 Roten\",\"image\":{\"@type\":\"ImageObject\",\"inLanguage\":\"de\",\"@id\":\"https:\\\/\\\/secure.gravatar.com\\\/avatar\\\/f96ad2db538a26481f18384936b5cd0610c92d390c4dc382209216d455f685ff?s=96&d=mm&r=g\",\"url\":\"https:\\\/\\\/secure.gravatar.com\\\/avatar\\\/f96ad2db538a26481f18384936b5cd0610c92d390c4dc382209216d455f685ff?s=96&d=mm&r=g\",\"contentUrl\":\"https:\\\/\\\/secure.gravatar.com\\\/avatar\\\/f96ad2db538a26481f18384936b5cd0610c92d390c4dc382209216d455f685ff?s=96&d=mm&r=g\",\"caption\":\"Herv\u00e9 Roten\"}}]}<\/script>\n<!-- \/ Yoast SEO plugin. -->","yoast_head_json":{"title":"Schwartz, Abe (1881-1963) - Institut Europ\u00e9en des Musiques Juives","robots":{"index":"index","follow":"follow","max-snippet":"max-snippet:-1","max-image-preview":"max-image-preview:large","max-video-preview":"max-video-preview:-1"},"canonical":"https:\/\/www.iemj.org\/de\/schwartz-abe-1881-1963\/","og_locale":"de_DE","og_type":"article","og_title":"Schwartz, Abe (1881-1963) - Institut Europ\u00e9en des Musiques Juives","og_description":"Abe (Abraham) Schwartz war jahrzehntelang einer der bekanntesten und einer der am meisten aufgezeichneten Orchesterdirigenten im New Yorker Raum. Er war auch ein bekannter anerkannter Violinist des Tanzorchesters. Sein nationaler,","og_url":"https:\/\/www.iemj.org\/de\/schwartz-abe-1881-1963\/","og_site_name":"Institut Europ\u00e9en des Musiques Juives","article_publisher":"https:\/\/www.facebook.com\/MusiquesJuives\/","article_published_time":"2012-11-26T16:55:08+00:00","article_modified_time":"2021-06-28T13:58:56+00:00","og_image":[{"width":174,"height":218,"url":"https:\/\/www.iemj.org\/wp-content\/uploads\/2012\/11\/arton588-e1617031040177.jpg","type":"image\/jpeg"}],"author":"Herv\u00e9 Roten","twitter_card":"summary_large_image","twitter_misc":{"Verfasst von":"Herv\u00e9 Roten","Gesch\u00e4tzte Lesezeit":"2\u00a0Minuten"},"schema":{"@context":"https:\/\/schema.org","@graph":[{"@type":"Article","@id":"https:\/\/www.iemj.org\/de\/schwartz-abe-1881-1963\/#article","isPartOf":{"@id":"https:\/\/www.iemj.org\/de\/schwartz-abe-1881-1963\/"},"author":{"name":"Herv\u00e9 Roten","@id":"https:\/\/www.iemj.org\/de\/#\/schema\/person\/906134402c29d5c76e7b726261dd4bbd"},"headline":"Schwartz, Abe (1881-1963)","datePublished":"2012-11-26T16:55:08+00:00","dateModified":"2021-06-28T13:58:56+00:00","mainEntityOfPage":{"@id":"https:\/\/www.iemj.org\/de\/schwartz-abe-1881-1963\/"},"wordCount":457,"publisher":{"@id":"https:\/\/www.iemj.org\/de\/#organization"},"image":{"@id":"https:\/\/www.iemj.org\/de\/schwartz-abe-1881-1963\/#primaryimage"},"thumbnailUrl":"https:\/\/www.iemj.org\/wp-content\/uploads\/2012\/11\/arton588-e1617031040177.jpg","articleSection":["Biografien","Entdecken"],"inLanguage":"de"},{"@type":"WebPage","@id":"https:\/\/www.iemj.org\/de\/schwartz-abe-1881-1963\/","url":"https:\/\/www.iemj.org\/de\/schwartz-abe-1881-1963\/","name":"Schwartz, Abe (1881-1963) - Institut Europ\u00e9en des Musiques Juives","isPartOf":{"@id":"https:\/\/www.iemj.org\/de\/#website"},"primaryImageOfPage":{"@id":"https:\/\/www.iemj.org\/de\/schwartz-abe-1881-1963\/#primaryimage"},"image":{"@id":"https:\/\/www.iemj.org\/de\/schwartz-abe-1881-1963\/#primaryimage"},"thumbnailUrl":"https:\/\/www.iemj.org\/wp-content\/uploads\/2012\/11\/arton588-e1617031040177.jpg","datePublished":"2012-11-26T16:55:08+00:00","dateModified":"2021-06-28T13:58:56+00:00","breadcrumb":{"@id":"https:\/\/www.iemj.org\/de\/schwartz-abe-1881-1963\/#breadcrumb"},"inLanguage":"de","potentialAction":[{"@type":"ReadAction","target":["https:\/\/www.iemj.org\/de\/schwartz-abe-1881-1963\/"]}]},{"@type":"ImageObject","inLanguage":"de","@id":"https:\/\/www.iemj.org\/de\/schwartz-abe-1881-1963\/#primaryimage","url":"https:\/\/www.iemj.org\/wp-content\/uploads\/2012\/11\/arton588-e1617031040177.jpg","contentUrl":"https:\/\/www.iemj.org\/wp-content\/uploads\/2012\/11\/arton588-e1617031040177.jpg","width":174,"height":218},{"@type":"BreadcrumbList","@id":"https:\/\/www.iemj.org\/de\/schwartz-abe-1881-1963\/#breadcrumb","itemListElement":[{"@type":"ListItem","position":1,"name":"Accueil","item":"https:\/\/www.iemj.org\/de\/"},{"@type":"ListItem","position":2,"name":"Schwartz, Abe (1881-1963)"}]},{"@type":"WebSite","@id":"https:\/\/www.iemj.org\/de\/#website","url":"https:\/\/www.iemj.org\/de\/","name":"Institut Europ\u00e9en des Musiques Juives","description":"Des traditions musicales \u00e0 la port\u00e9e de tous","publisher":{"@id":"https:\/\/www.iemj.org\/de\/#organization"},"potentialAction":[{"@type":"SearchAction","target":{"@type":"EntryPoint","urlTemplate":"https:\/\/www.iemj.org\/de\/?s={search_term_string}"},"query-input":{"@type":"PropertyValueSpecification","valueRequired":true,"valueName":"search_term_string"}}],"inLanguage":"de"},{"@type":"Organization","@id":"https:\/\/www.iemj.org\/de\/#organization","name":"Institut Europ\u00e9en des Musiques Juives","url":"https:\/\/www.iemj.org\/de\/","logo":{"@type":"ImageObject","inLanguage":"de","@id":"https:\/\/www.iemj.org\/de\/#\/schema\/logo\/image\/","url":"https:\/\/www.iemj.org\/wp-content\/uploads\/2021\/09\/Logo-IEMJ-Paypal.jpg","contentUrl":"https:\/\/www.iemj.org\/wp-content\/uploads\/2021\/09\/Logo-IEMJ-Paypal.jpg","width":150,"height":50,"caption":"Institut Europ\u00e9en des Musiques Juives"},"image":{"@id":"https:\/\/www.iemj.org\/de\/#\/schema\/logo\/image\/"},"sameAs":["https:\/\/www.facebook.com\/MusiquesJuives\/","https:\/\/www.instagram.com\/musiquesjuives\/","https:\/\/www.youtube.com\/user\/musiquesjuives"]},{"@type":"Person","@id":"https:\/\/www.iemj.org\/de\/#\/schema\/person\/906134402c29d5c76e7b726261dd4bbd","name":"Herv\u00e9 Roten","image":{"@type":"ImageObject","inLanguage":"de","@id":"https:\/\/secure.gravatar.com\/avatar\/f96ad2db538a26481f18384936b5cd0610c92d390c4dc382209216d455f685ff?s=96&d=mm&r=g","url":"https:\/\/secure.gravatar.com\/avatar\/f96ad2db538a26481f18384936b5cd0610c92d390c4dc382209216d455f685ff?s=96&d=mm&r=g","contentUrl":"https:\/\/secure.gravatar.com\/avatar\/f96ad2db538a26481f18384936b5cd0610c92d390c4dc382209216d455f685ff?s=96&d=mm&r=g","caption":"Herv\u00e9 Roten"}}]}},"_links":{"self":[{"href":"https:\/\/www.iemj.org\/de\/wp-json\/wp\/v2\/posts\/51096","targetHints":{"allow":["GET"]}}],"collection":[{"href":"https:\/\/www.iemj.org\/de\/wp-json\/wp\/v2\/posts"}],"about":[{"href":"https:\/\/www.iemj.org\/de\/wp-json\/wp\/v2\/types\/post"}],"author":[{"embeddable":true,"href":"https:\/\/www.iemj.org\/de\/wp-json\/wp\/v2\/users\/1045"}],"replies":[{"embeddable":true,"href":"https:\/\/www.iemj.org\/de\/wp-json\/wp\/v2\/comments?post=51096"}],"version-history":[{"count":0,"href":"https:\/\/www.iemj.org\/de\/wp-json\/wp\/v2\/posts\/51096\/revisions"}],"wp:featuredmedia":[{"embeddable":true,"href":"https:\/\/www.iemj.org\/de\/wp-json\/wp\/v2\/media\/51097"}],"wp:attachment":[{"href":"https:\/\/www.iemj.org\/de\/wp-json\/wp\/v2\/media?parent=51096"}],"wp:term":[{"taxonomy":"category","embeddable":true,"href":"https:\/\/www.iemj.org\/de\/wp-json\/wp\/v2\/categories?post=51096"},{"taxonomy":"post_tag","embeddable":true,"href":"https:\/\/www.iemj.org\/de\/wp-json\/wp\/v2\/tags?post=51096"},{"taxonomy":"technique","embeddable":true,"href":"https:\/\/www.iemj.org\/de\/wp-json\/wp\/v2\/technique?post=51096"},{"taxonomy":"squelettes","embeddable":true,"href":"https:\/\/www.iemj.org\/de\/wp-json\/wp\/v2\/squelettes?post=51096"},{"taxonomy":"sujet","embeddable":true,"href":"https:\/\/www.iemj.org\/de\/wp-json\/wp\/v2\/sujet?post=51096"},{"taxonomy":"formation","embeddable":true,"href":"https:\/\/www.iemj.org\/de\/wp-json\/wp\/v2\/formation?post=51096"},{"taxonomy":"genre","embeddable":true,"href":"https:\/\/www.iemj.org\/de\/wp-json\/wp\/v2\/genre?post=51096"},{"taxonomy":"fonds","embeddable":true,"href":"https:\/\/www.iemj.org\/de\/wp-json\/wp\/v2\/fonds?post=51096"},{"taxonomy":"tradition","embeddable":true,"href":"https:\/\/www.iemj.org\/de\/wp-json\/wp\/v2\/tradition?post=51096"},{"taxonomy":"type-de-contenu","embeddable":true,"href":"https:\/\/www.iemj.org\/de\/wp-json\/wp\/v2\/type-de-contenu?post=51096"},{"taxonomy":"interprete-compositeur","embeddable":true,"href":"https:\/\/www.iemj.org\/de\/wp-json\/wp\/v2\/interprete-compositeur?post=51096"},{"taxonomy":"frise","embeddable":true,"href":"https:\/\/www.iemj.org\/de\/wp-json\/wp\/v2\/frise?post=51096"},{"taxonomy":"type-devenement","embeddable":true,"href":"https:\/\/www.iemj.org\/de\/wp-json\/wp\/v2\/type-devenement?post=51096"},{"taxonomy":"tableaux-liens-externes","embeddable":true,"href":"https:\/\/www.iemj.org\/de\/wp-json\/wp\/v2\/tableaux-liens-externes?post=51096"}],"curies":[{"name":"wp","href":"https:\/\/api.w.org\/{rel}","templated":true}]}}