{"id":51134,"date":"2012-06-10T23:00:56","date_gmt":"2012-06-10T21:00:56","guid":{"rendered":"https:\/\/www.iemj.org\/brandwein-naftule-1889-1963\/"},"modified":"2021-06-30T18:16:39","modified_gmt":"2021-06-30T16:16:39","slug":"brandwein-naftule-1889-1963","status":"publish","type":"post","link":"https:\/\/www.iemj.org\/de\/brandwein-naftule-1889-1963\/","title":{"rendered":"Brandwein, Naftule (1889-1963)"},"content":{"rendered":"<p>Naftule Brandwein (1889-1963) wurde in der kleinen Stadt Peremyschljany (in der N\u00e4he von Lwiw) im \u00f6sterreichischen Galizien geboren, eine Region, welche 1918 an Polen angegliedert wurde. Sein Vater, Pesakh Brandwein, war Badkhn (Hochzeitsveranstalter), Geiger und Dirigent seiner Kapelye (Familienorchester), welche durch ganz Ostgalizien reiste. Naftule war eins von insgesamt 14 Kindern, die sein Vater mit vier verschiedenen Ehefrauen hatte. Er hatte neun Br\u00fcder und vier Schwestern, darunter Henriette, seine Zwillingsschwester. Im Jahr 1919 wanderte, mit Ausnahme zweier Br\u00fcder, die ganze Familie nach Amerika aus. Der \u00e4lteste Bruder Eli, sowie der j\u00fcngste Bruder Tzvi-Hirsch (beide wurden sp\u00e4ter von den Nazis ermordet) blieben in der Heimat zur\u00fcck. Der Sohn von Tzvi-Hirsch, Leopold Kozlowski, war eine f\u00fchrende Pers\u00f6nlichkeit und an der Wiederbelebung der Klezmer, in Mittel- und Osteuropa seit den 1990er Jahren, beteiligt.<\/p>\n<p>Brandwein ist auf zahlreichen klassischen jiddischen Aufnahmen aus den goldenen Jahren der jiddischen Volksmusik (1915-1935), insbesondere auf den Aufnahmen von Abe Schwartz (1881-1960), zu h\u00f6ren. Im Hintergrund dieser Aufnahmen ist der unglaubliche Virtuose Naftule Brandwein zu h\u00f6ren, wie er auf seiner Es-Klarinette (kleine Klarinette\/ Piccoloklarinette) spielt.<\/p>\n<p><img fetchpriority=\"high\" decoding=\"async\" class=\" alignright size-full wp-image-4863\" src=\"https:\/\/www.iemj.org\/wp-content\/uploads\/2012\/06\/disque_vinyle_3.jpg\" alt=\"disque_vinyle_3.jpg\" width=\"243\" height=\"251\" align=\"right\" \/>Einer der letzten Aufnahmen von Schwartz, auf welchen der Klarinettist spielte, war \u201eFirn Di Mekhutonim Aheym\u201c (\u201eDie Schwiegereltern nach Hause begleiten\u201c). Dieses <em>gasn nign<\/em> (Stra\u00dfenlied) mit dem durchgehenden Sostenuto und dem Legato-Klarinettensolo, offenbart die unglaublichen Talente Brandweins. Seine Improvisationen, Fingers\u00e4tze, seine schnellen Tonleitern, seine Atemkontrolle, seine Glissandos und seine <em>Knaytches<\/em> machten aus der Aufnahme einer der meistgeh\u00f6rten und meistgespielten aus den Jahren der Renaissance der Klezmer in den 1980er Jahren. Das gilt besonders f\u00fcr die Orchester der Klezmer-Renaissance, welche bevorzugt lieber das Repertoire kleiner Gruppen der 1920er und 1930 spielen als der gro\u00dfen Ensembles.<\/p>\n<p><img decoding=\"async\" class=\" alignleft size-full wp-image-4865\" src=\"https:\/\/www.iemj.org\/wp-content\/uploads\/2012\/06\/solo.jpg\" alt=\"solo.jpg\" width=\"193\" height=\"255\" align=\"left\" \/>Brandwein war nicht nur f\u00fcr seine Virtuosit\u00e4t auf der Klarinette bekannt, sondern auch f\u00fcr sein ungest\u00fcmes und grenzenloses Leben. Sein Leben war wie sein Klarinettenspiel. Er war ein Frauenheld und ein notorischer Trinker und es hie\u00df, dass wenn man Brandwein f\u00fcr eine Feier engagieren wolle und noch dazu wollte, dass er zufrieden war und die ganze Nacht spielte, man nur f\u00fcr ausreichend zu trinken und eine Frau sorgen m\u00fcsse. Er war auch bekannt als der bevorzugte Klezmer-Musiker der Jewish Murder Gang Inc. Er mochte es, seine Auftritte \u201eaufzupeppen\u201c, etwa durch das Herunterlassen seiner Hose auf der B\u00fchne, das Tragen einer Leuchtreklame um dem Hals, auf der \u201eThe Naftule Brandwein Orchestra\u201c stand oder durch das Tragen eines Uncle-Sam-Kost\u00fcms mit Weihnachtslichterketten, mit denen er sich au\u00dferdem fast einen Stromschlag verpasste. Seine \u00f6ffentlichen und privaten Eskapaden hinderten ihn daran \u00fcber l\u00e4ngere Zeit in einem Orchester zu spielen, denn seine Mitspieler waren sein Gebaren schnell leid. Dennoch war er regelm\u00e4\u00dfiges Mitglied, der Joseph Cherniavsky Yiddish-American Jazz Band und des Abe Schwartz Orchestra.<\/p>\n<p><img decoding=\"async\" class=\" alignright size-full wp-image-4867\" src=\"https:\/\/www.iemj.org\/wp-content\/uploads\/2012\/06\/king_of_the_klezmer_clarinet.jpg\" alt=\"king_of_the_klezmer_clarinet.jpg\" width=\"225\" height=\"225\" align=\"right\" \/>Von 1922 bis 1927 machte Brandwein zahlreiche Aufnahmen und schuf den typischen Klang der amerikanisch-j\u00fcdischen Klezmer-Soloklarinettisten. Dann nahm er nicht l\u00e4nger auf. Sein Gesundheit ebenso wie Beziehungen zu anderen Musikern litten unter seinem Lebensstil. Dennoch blieb er ein aktiver Musiker, etwa durch das Auftreten auf Empf\u00e4ngen, Hochzeiten und Hotelfeiern, insbesondere im Borsht Belt. Schlie\u00dflich kehrte Brandwein im Jahr 1941, ein letztes Mal ins Tonstudio zur\u00fcck, unter dem anglisierten Namen \u201eNifty\u201c Brandwein. Die Aufnahmen \u2013 \u201eKlayne Princesin\u201c (\u201eKleine Prinzessin\u201c, \u201eNaftule Freylekhs\u201c, \u201eFreylekher Yontef\u201c (\u201eFr\u00f6hliche Feiertage\u201c) und \u201eNifty\u2019s Eygene\u201c (\u201eWas Nifty geh\u00f6rt\u201c) \u2013 zeigen die Evolution Brandweins \u00fcber die vierzehn Jahre, seit seiner letzten Aufnahme, hinweg. Verschwunden waren die schnellen Fingers\u00e4tze und Glissandos, stattdessen legte er auf den neuen Aufnahmen, einen ruhigeren und introspektiven Ton an den Tag.<\/p>\n<p>Naftule erlebte das wiederaufkommende Interesse, an der Klezmer seit Mitte der 1970er Jahre nicht mehr selbst. Dennoch ist sein Einfluss nicht verschwunden, ist er doch die Hauptinspirationsquelle einer neuen Generation an Klezmer-Musiker.<\/p>\n<p><a href=\"https:\/\/www.iemj.org\/naftule-brandwein\/\">H\u00f6ren Sie sich die Naftule-Brandwein-Playlist an<\/a><\/p>\n\n\n<figure class=\"wp-block-embed is-type-video is-provider-youtube wp-block-embed-youtube wp-embed-aspect-16-9 wp-has-aspect-ratio\"><div class=\"wp-block-embed__wrapper\">\n<iframe title=\"Naftule Brandwein - Nifty&#039;s freilach\" width=\"640\" height=\"360\" src=\"https:\/\/www.youtube.com\/embed\/F21h4a6X-Z0?feature=oembed\" frameborder=\"0\" allow=\"accelerometer; autoplay; clipboard-write; encrypted-media; gyroscope; picture-in-picture; web-share\" referrerpolicy=\"strict-origin-when-cross-origin\" allowfullscreen><\/iframe>\n<\/div><\/figure>\n\n\n\n<p><\/p>\n","protected":false},"excerpt":{"rendered":"<p>Naftule Brandwein (1889-1963) wurde in der kleinen Stadt Peremyschljany (in der N\u00e4he von Lwiw) im \u00f6sterreichischen Galizien geboren, eine Region, welche 1918 an Polen angegliedert wurde. Sein Vater, Pesakh Brandwein,<\/p>\n","protected":false},"author":1045,"featured_media":51136,"comment_status":"closed","ping_status":"open","sticky":false,"template":"","format":"standard","meta":{"_acf_changed":false,"footnotes":""},"categories":[1415],"tags":[],"technique":[],"squelettes":[],"sujet":[],"formation":[],"genre":[],"fonds":[],"tradition":[],"type-de-contenu":[],"interprete-compositeur":[],"frise":[],"type-devenement":[],"tableaux-liens-externes":[],"class_list":["post-51134","post","type-post","status-publish","format-standard","has-post-thumbnail","hentry","category-biografien-de"],"acf":[],"yoast_head":"<!-- This site is optimized with the Yoast SEO plugin v27.3 - https:\/\/yoast.com\/product\/yoast-seo-wordpress\/ -->\n<title>Brandwein, Naftule (1889-1963) - Institut Europ\u00e9en des Musiques Juives<\/title>\n<meta name=\"robots\" content=\"index, follow, max-snippet:-1, max-image-preview:large, max-video-preview:-1\" \/>\n<link rel=\"canonical\" href=\"https:\/\/www.iemj.org\/de\/brandwein-naftule-1889-1963\/\" \/>\n<meta property=\"og:locale\" content=\"de_DE\" \/>\n<meta property=\"og:type\" content=\"article\" \/>\n<meta property=\"og:title\" content=\"Brandwein, Naftule (1889-1963) - Institut Europ\u00e9en des Musiques Juives\" \/>\n<meta property=\"og:description\" content=\"Naftule Brandwein (1889-1963) wurde in der kleinen Stadt Peremyschljany (in der N\u00e4he von Lwiw) im \u00f6sterreichischen Galizien geboren, eine Region, welche 1918 an Polen angegliedert wurde. Sein Vater, Pesakh Brandwein,\" \/>\n<meta property=\"og:url\" content=\"https:\/\/www.iemj.org\/de\/brandwein-naftule-1889-1963\/\" \/>\n<meta property=\"og:site_name\" content=\"Institut Europ\u00e9en des Musiques Juives\" \/>\n<meta property=\"article:publisher\" content=\"https:\/\/www.facebook.com\/MusiquesJuives\/\" \/>\n<meta property=\"article:published_time\" content=\"2012-06-10T21:00:56+00:00\" \/>\n<meta property=\"article:modified_time\" content=\"2021-06-30T16:16:39+00:00\" \/>\n<meta property=\"og:image\" content=\"https:\/\/www.iemj.org\/wp-content\/uploads\/2012\/06\/logo-bio-BRANDWEIN-Naftule-e1617031412274.jpg\" \/>\n\t<meta property=\"og:image:width\" content=\"166\" \/>\n\t<meta property=\"og:image:height\" content=\"218\" \/>\n\t<meta property=\"og:image:type\" content=\"image\/jpeg\" \/>\n<meta name=\"author\" content=\"Herv\u00e9 Roten\" \/>\n<meta name=\"twitter:card\" content=\"summary_large_image\" \/>\n<meta name=\"twitter:label1\" content=\"Verfasst von\" \/>\n\t<meta name=\"twitter:data1\" content=\"Herv\u00e9 Roten\" \/>\n\t<meta name=\"twitter:label2\" content=\"Gesch\u00e4tzte Lesezeit\" \/>\n\t<meta name=\"twitter:data2\" content=\"4\u00a0Minuten\" \/>\n<script type=\"application\/ld+json\" class=\"yoast-schema-graph\">{\"@context\":\"https:\\\/\\\/schema.org\",\"@graph\":[{\"@type\":\"Article\",\"@id\":\"https:\\\/\\\/www.iemj.org\\\/de\\\/brandwein-naftule-1889-1963\\\/#article\",\"isPartOf\":{\"@id\":\"https:\\\/\\\/www.iemj.org\\\/de\\\/brandwein-naftule-1889-1963\\\/\"},\"author\":{\"name\":\"Herv\u00e9 Roten\",\"@id\":\"https:\\\/\\\/www.iemj.org\\\/de\\\/#\\\/schema\\\/person\\\/906134402c29d5c76e7b726261dd4bbd\"},\"headline\":\"Brandwein, Naftule (1889-1963)\",\"datePublished\":\"2012-06-10T21:00:56+00:00\",\"dateModified\":\"2021-06-30T16:16:39+00:00\",\"mainEntityOfPage\":{\"@id\":\"https:\\\/\\\/www.iemj.org\\\/de\\\/brandwein-naftule-1889-1963\\\/\"},\"wordCount\":640,\"publisher\":{\"@id\":\"https:\\\/\\\/www.iemj.org\\\/de\\\/#organization\"},\"image\":{\"@id\":\"https:\\\/\\\/www.iemj.org\\\/de\\\/brandwein-naftule-1889-1963\\\/#primaryimage\"},\"thumbnailUrl\":\"https:\\\/\\\/www.iemj.org\\\/wp-content\\\/uploads\\\/2012\\\/06\\\/logo-bio-BRANDWEIN-Naftule-e1617031412274.jpg\",\"articleSection\":[\"Biografien\"],\"inLanguage\":\"de\"},{\"@type\":\"WebPage\",\"@id\":\"https:\\\/\\\/www.iemj.org\\\/de\\\/brandwein-naftule-1889-1963\\\/\",\"url\":\"https:\\\/\\\/www.iemj.org\\\/de\\\/brandwein-naftule-1889-1963\\\/\",\"name\":\"Brandwein, Naftule (1889-1963) - Institut Europ\u00e9en des Musiques Juives\",\"isPartOf\":{\"@id\":\"https:\\\/\\\/www.iemj.org\\\/de\\\/#website\"},\"primaryImageOfPage\":{\"@id\":\"https:\\\/\\\/www.iemj.org\\\/de\\\/brandwein-naftule-1889-1963\\\/#primaryimage\"},\"image\":{\"@id\":\"https:\\\/\\\/www.iemj.org\\\/de\\\/brandwein-naftule-1889-1963\\\/#primaryimage\"},\"thumbnailUrl\":\"https:\\\/\\\/www.iemj.org\\\/wp-content\\\/uploads\\\/2012\\\/06\\\/logo-bio-BRANDWEIN-Naftule-e1617031412274.jpg\",\"datePublished\":\"2012-06-10T21:00:56+00:00\",\"dateModified\":\"2021-06-30T16:16:39+00:00\",\"breadcrumb\":{\"@id\":\"https:\\\/\\\/www.iemj.org\\\/de\\\/brandwein-naftule-1889-1963\\\/#breadcrumb\"},\"inLanguage\":\"de\",\"potentialAction\":[{\"@type\":\"ReadAction\",\"target\":[\"https:\\\/\\\/www.iemj.org\\\/de\\\/brandwein-naftule-1889-1963\\\/\"]}]},{\"@type\":\"ImageObject\",\"inLanguage\":\"de\",\"@id\":\"https:\\\/\\\/www.iemj.org\\\/de\\\/brandwein-naftule-1889-1963\\\/#primaryimage\",\"url\":\"https:\\\/\\\/www.iemj.org\\\/wp-content\\\/uploads\\\/2012\\\/06\\\/logo-bio-BRANDWEIN-Naftule-e1617031412274.jpg\",\"contentUrl\":\"https:\\\/\\\/www.iemj.org\\\/wp-content\\\/uploads\\\/2012\\\/06\\\/logo-bio-BRANDWEIN-Naftule-e1617031412274.jpg\",\"width\":166,\"height\":218},{\"@type\":\"BreadcrumbList\",\"@id\":\"https:\\\/\\\/www.iemj.org\\\/de\\\/brandwein-naftule-1889-1963\\\/#breadcrumb\",\"itemListElement\":[{\"@type\":\"ListItem\",\"position\":1,\"name\":\"Accueil\",\"item\":\"https:\\\/\\\/www.iemj.org\\\/de\\\/\"},{\"@type\":\"ListItem\",\"position\":2,\"name\":\"Brandwein, Naftule (1889-1963)\"}]},{\"@type\":\"WebSite\",\"@id\":\"https:\\\/\\\/www.iemj.org\\\/de\\\/#website\",\"url\":\"https:\\\/\\\/www.iemj.org\\\/de\\\/\",\"name\":\"Institut Europ\u00e9en des Musiques Juives\",\"description\":\"Des traditions musicales \u00e0 la port\u00e9e de tous\",\"publisher\":{\"@id\":\"https:\\\/\\\/www.iemj.org\\\/de\\\/#organization\"},\"potentialAction\":[{\"@type\":\"SearchAction\",\"target\":{\"@type\":\"EntryPoint\",\"urlTemplate\":\"https:\\\/\\\/www.iemj.org\\\/de\\\/?s={search_term_string}\"},\"query-input\":{\"@type\":\"PropertyValueSpecification\",\"valueRequired\":true,\"valueName\":\"search_term_string\"}}],\"inLanguage\":\"de\"},{\"@type\":\"Organization\",\"@id\":\"https:\\\/\\\/www.iemj.org\\\/de\\\/#organization\",\"name\":\"Institut Europ\u00e9en des Musiques Juives\",\"url\":\"https:\\\/\\\/www.iemj.org\\\/de\\\/\",\"logo\":{\"@type\":\"ImageObject\",\"inLanguage\":\"de\",\"@id\":\"https:\\\/\\\/www.iemj.org\\\/de\\\/#\\\/schema\\\/logo\\\/image\\\/\",\"url\":\"https:\\\/\\\/www.iemj.org\\\/wp-content\\\/uploads\\\/2021\\\/09\\\/Logo-IEMJ-Paypal.jpg\",\"contentUrl\":\"https:\\\/\\\/www.iemj.org\\\/wp-content\\\/uploads\\\/2021\\\/09\\\/Logo-IEMJ-Paypal.jpg\",\"width\":150,\"height\":50,\"caption\":\"Institut Europ\u00e9en des Musiques Juives\"},\"image\":{\"@id\":\"https:\\\/\\\/www.iemj.org\\\/de\\\/#\\\/schema\\\/logo\\\/image\\\/\"},\"sameAs\":[\"https:\\\/\\\/www.facebook.com\\\/MusiquesJuives\\\/\",\"https:\\\/\\\/www.instagram.com\\\/musiquesjuives\\\/\",\"https:\\\/\\\/www.youtube.com\\\/user\\\/musiquesjuives\"]},{\"@type\":\"Person\",\"@id\":\"https:\\\/\\\/www.iemj.org\\\/de\\\/#\\\/schema\\\/person\\\/906134402c29d5c76e7b726261dd4bbd\",\"name\":\"Herv\u00e9 Roten\",\"image\":{\"@type\":\"ImageObject\",\"inLanguage\":\"de\",\"@id\":\"https:\\\/\\\/secure.gravatar.com\\\/avatar\\\/f96ad2db538a26481f18384936b5cd0610c92d390c4dc382209216d455f685ff?s=96&d=mm&r=g\",\"url\":\"https:\\\/\\\/secure.gravatar.com\\\/avatar\\\/f96ad2db538a26481f18384936b5cd0610c92d390c4dc382209216d455f685ff?s=96&d=mm&r=g\",\"contentUrl\":\"https:\\\/\\\/secure.gravatar.com\\\/avatar\\\/f96ad2db538a26481f18384936b5cd0610c92d390c4dc382209216d455f685ff?s=96&d=mm&r=g\",\"caption\":\"Herv\u00e9 Roten\"}}]}<\/script>\n<!-- \/ Yoast SEO plugin. -->","yoast_head_json":{"title":"Brandwein, Naftule (1889-1963) - Institut Europ\u00e9en des Musiques Juives","robots":{"index":"index","follow":"follow","max-snippet":"max-snippet:-1","max-image-preview":"max-image-preview:large","max-video-preview":"max-video-preview:-1"},"canonical":"https:\/\/www.iemj.org\/de\/brandwein-naftule-1889-1963\/","og_locale":"de_DE","og_type":"article","og_title":"Brandwein, Naftule (1889-1963) - Institut Europ\u00e9en des Musiques Juives","og_description":"Naftule Brandwein (1889-1963) wurde in der kleinen Stadt Peremyschljany (in der N\u00e4he von Lwiw) im \u00f6sterreichischen Galizien geboren, eine Region, welche 1918 an Polen angegliedert wurde. Sein Vater, Pesakh Brandwein,","og_url":"https:\/\/www.iemj.org\/de\/brandwein-naftule-1889-1963\/","og_site_name":"Institut Europ\u00e9en des Musiques Juives","article_publisher":"https:\/\/www.facebook.com\/MusiquesJuives\/","article_published_time":"2012-06-10T21:00:56+00:00","article_modified_time":"2021-06-30T16:16:39+00:00","og_image":[{"width":166,"height":218,"url":"https:\/\/www.iemj.org\/wp-content\/uploads\/2012\/06\/logo-bio-BRANDWEIN-Naftule-e1617031412274.jpg","type":"image\/jpeg"}],"author":"Herv\u00e9 Roten","twitter_card":"summary_large_image","twitter_misc":{"Verfasst von":"Herv\u00e9 Roten","Gesch\u00e4tzte Lesezeit":"4\u00a0Minuten"},"schema":{"@context":"https:\/\/schema.org","@graph":[{"@type":"Article","@id":"https:\/\/www.iemj.org\/de\/brandwein-naftule-1889-1963\/#article","isPartOf":{"@id":"https:\/\/www.iemj.org\/de\/brandwein-naftule-1889-1963\/"},"author":{"name":"Herv\u00e9 Roten","@id":"https:\/\/www.iemj.org\/de\/#\/schema\/person\/906134402c29d5c76e7b726261dd4bbd"},"headline":"Brandwein, Naftule (1889-1963)","datePublished":"2012-06-10T21:00:56+00:00","dateModified":"2021-06-30T16:16:39+00:00","mainEntityOfPage":{"@id":"https:\/\/www.iemj.org\/de\/brandwein-naftule-1889-1963\/"},"wordCount":640,"publisher":{"@id":"https:\/\/www.iemj.org\/de\/#organization"},"image":{"@id":"https:\/\/www.iemj.org\/de\/brandwein-naftule-1889-1963\/#primaryimage"},"thumbnailUrl":"https:\/\/www.iemj.org\/wp-content\/uploads\/2012\/06\/logo-bio-BRANDWEIN-Naftule-e1617031412274.jpg","articleSection":["Biografien"],"inLanguage":"de"},{"@type":"WebPage","@id":"https:\/\/www.iemj.org\/de\/brandwein-naftule-1889-1963\/","url":"https:\/\/www.iemj.org\/de\/brandwein-naftule-1889-1963\/","name":"Brandwein, Naftule (1889-1963) - Institut Europ\u00e9en des Musiques Juives","isPartOf":{"@id":"https:\/\/www.iemj.org\/de\/#website"},"primaryImageOfPage":{"@id":"https:\/\/www.iemj.org\/de\/brandwein-naftule-1889-1963\/#primaryimage"},"image":{"@id":"https:\/\/www.iemj.org\/de\/brandwein-naftule-1889-1963\/#primaryimage"},"thumbnailUrl":"https:\/\/www.iemj.org\/wp-content\/uploads\/2012\/06\/logo-bio-BRANDWEIN-Naftule-e1617031412274.jpg","datePublished":"2012-06-10T21:00:56+00:00","dateModified":"2021-06-30T16:16:39+00:00","breadcrumb":{"@id":"https:\/\/www.iemj.org\/de\/brandwein-naftule-1889-1963\/#breadcrumb"},"inLanguage":"de","potentialAction":[{"@type":"ReadAction","target":["https:\/\/www.iemj.org\/de\/brandwein-naftule-1889-1963\/"]}]},{"@type":"ImageObject","inLanguage":"de","@id":"https:\/\/www.iemj.org\/de\/brandwein-naftule-1889-1963\/#primaryimage","url":"https:\/\/www.iemj.org\/wp-content\/uploads\/2012\/06\/logo-bio-BRANDWEIN-Naftule-e1617031412274.jpg","contentUrl":"https:\/\/www.iemj.org\/wp-content\/uploads\/2012\/06\/logo-bio-BRANDWEIN-Naftule-e1617031412274.jpg","width":166,"height":218},{"@type":"BreadcrumbList","@id":"https:\/\/www.iemj.org\/de\/brandwein-naftule-1889-1963\/#breadcrumb","itemListElement":[{"@type":"ListItem","position":1,"name":"Accueil","item":"https:\/\/www.iemj.org\/de\/"},{"@type":"ListItem","position":2,"name":"Brandwein, Naftule (1889-1963)"}]},{"@type":"WebSite","@id":"https:\/\/www.iemj.org\/de\/#website","url":"https:\/\/www.iemj.org\/de\/","name":"Institut Europ\u00e9en des Musiques Juives","description":"Des traditions musicales \u00e0 la port\u00e9e de tous","publisher":{"@id":"https:\/\/www.iemj.org\/de\/#organization"},"potentialAction":[{"@type":"SearchAction","target":{"@type":"EntryPoint","urlTemplate":"https:\/\/www.iemj.org\/de\/?s={search_term_string}"},"query-input":{"@type":"PropertyValueSpecification","valueRequired":true,"valueName":"search_term_string"}}],"inLanguage":"de"},{"@type":"Organization","@id":"https:\/\/www.iemj.org\/de\/#organization","name":"Institut Europ\u00e9en des Musiques Juives","url":"https:\/\/www.iemj.org\/de\/","logo":{"@type":"ImageObject","inLanguage":"de","@id":"https:\/\/www.iemj.org\/de\/#\/schema\/logo\/image\/","url":"https:\/\/www.iemj.org\/wp-content\/uploads\/2021\/09\/Logo-IEMJ-Paypal.jpg","contentUrl":"https:\/\/www.iemj.org\/wp-content\/uploads\/2021\/09\/Logo-IEMJ-Paypal.jpg","width":150,"height":50,"caption":"Institut Europ\u00e9en des Musiques Juives"},"image":{"@id":"https:\/\/www.iemj.org\/de\/#\/schema\/logo\/image\/"},"sameAs":["https:\/\/www.facebook.com\/MusiquesJuives\/","https:\/\/www.instagram.com\/musiquesjuives\/","https:\/\/www.youtube.com\/user\/musiquesjuives"]},{"@type":"Person","@id":"https:\/\/www.iemj.org\/de\/#\/schema\/person\/906134402c29d5c76e7b726261dd4bbd","name":"Herv\u00e9 Roten","image":{"@type":"ImageObject","inLanguage":"de","@id":"https:\/\/secure.gravatar.com\/avatar\/f96ad2db538a26481f18384936b5cd0610c92d390c4dc382209216d455f685ff?s=96&d=mm&r=g","url":"https:\/\/secure.gravatar.com\/avatar\/f96ad2db538a26481f18384936b5cd0610c92d390c4dc382209216d455f685ff?s=96&d=mm&r=g","contentUrl":"https:\/\/secure.gravatar.com\/avatar\/f96ad2db538a26481f18384936b5cd0610c92d390c4dc382209216d455f685ff?s=96&d=mm&r=g","caption":"Herv\u00e9 Roten"}}]}},"_links":{"self":[{"href":"https:\/\/www.iemj.org\/de\/wp-json\/wp\/v2\/posts\/51134","targetHints":{"allow":["GET"]}}],"collection":[{"href":"https:\/\/www.iemj.org\/de\/wp-json\/wp\/v2\/posts"}],"about":[{"href":"https:\/\/www.iemj.org\/de\/wp-json\/wp\/v2\/types\/post"}],"author":[{"embeddable":true,"href":"https:\/\/www.iemj.org\/de\/wp-json\/wp\/v2\/users\/1045"}],"replies":[{"embeddable":true,"href":"https:\/\/www.iemj.org\/de\/wp-json\/wp\/v2\/comments?post=51134"}],"version-history":[{"count":0,"href":"https:\/\/www.iemj.org\/de\/wp-json\/wp\/v2\/posts\/51134\/revisions"}],"wp:featuredmedia":[{"embeddable":true,"href":"https:\/\/www.iemj.org\/de\/wp-json\/wp\/v2\/media\/51136"}],"wp:attachment":[{"href":"https:\/\/www.iemj.org\/de\/wp-json\/wp\/v2\/media?parent=51134"}],"wp:term":[{"taxonomy":"category","embeddable":true,"href":"https:\/\/www.iemj.org\/de\/wp-json\/wp\/v2\/categories?post=51134"},{"taxonomy":"post_tag","embeddable":true,"href":"https:\/\/www.iemj.org\/de\/wp-json\/wp\/v2\/tags?post=51134"},{"taxonomy":"technique","embeddable":true,"href":"https:\/\/www.iemj.org\/de\/wp-json\/wp\/v2\/technique?post=51134"},{"taxonomy":"squelettes","embeddable":true,"href":"https:\/\/www.iemj.org\/de\/wp-json\/wp\/v2\/squelettes?post=51134"},{"taxonomy":"sujet","embeddable":true,"href":"https:\/\/www.iemj.org\/de\/wp-json\/wp\/v2\/sujet?post=51134"},{"taxonomy":"formation","embeddable":true,"href":"https:\/\/www.iemj.org\/de\/wp-json\/wp\/v2\/formation?post=51134"},{"taxonomy":"genre","embeddable":true,"href":"https:\/\/www.iemj.org\/de\/wp-json\/wp\/v2\/genre?post=51134"},{"taxonomy":"fonds","embeddable":true,"href":"https:\/\/www.iemj.org\/de\/wp-json\/wp\/v2\/fonds?post=51134"},{"taxonomy":"tradition","embeddable":true,"href":"https:\/\/www.iemj.org\/de\/wp-json\/wp\/v2\/tradition?post=51134"},{"taxonomy":"type-de-contenu","embeddable":true,"href":"https:\/\/www.iemj.org\/de\/wp-json\/wp\/v2\/type-de-contenu?post=51134"},{"taxonomy":"interprete-compositeur","embeddable":true,"href":"https:\/\/www.iemj.org\/de\/wp-json\/wp\/v2\/interprete-compositeur?post=51134"},{"taxonomy":"frise","embeddable":true,"href":"https:\/\/www.iemj.org\/de\/wp-json\/wp\/v2\/frise?post=51134"},{"taxonomy":"type-devenement","embeddable":true,"href":"https:\/\/www.iemj.org\/de\/wp-json\/wp\/v2\/type-devenement?post=51134"},{"taxonomy":"tableaux-liens-externes","embeddable":true,"href":"https:\/\/www.iemj.org\/de\/wp-json\/wp\/v2\/tableaux-liens-externes?post=51134"}],"curies":[{"name":"wp","href":"https:\/\/api.w.org\/{rel}","templated":true}]}}