{"id":51199,"date":"2016-12-07T15:52:01","date_gmt":"2016-12-07T14:52:01","guid":{"rendered":"https:\/\/www.iemj.org\/melodies-hebraiques-pour-violoncelle-et-piano\/"},"modified":"2025-04-07T11:25:23","modified_gmt":"2025-04-07T09:25:23","slug":"melodies-hebraiques-pour-violoncelle-et-piano","status":"publish","type":"post","link":"https:\/\/www.iemj.org\/de\/melodies-hebraiques-pour-violoncelle-et-piano\/","title":{"rendered":"Hebr\u00e4ische Melodien f\u00fcr Cello und Klavier"},"content":{"rendered":"\n<p><\/p>\n\n\n<h3 class=\"post_excerpt\">Erste CD unserer Klassiksammlung<\/h3>\n<p><!--more--><span style=\"font-size: inherit;\">Sarah Iancu (Cello) und David Bismuth (Klavier) interpretieren auf dieser CD 30\u00a0 Melodien inspiriert von Themen aus der chassidischen, jiddischen und j\u00fcdisch\u2019spanischen Liturgie : vom ber\u00fchmten <\/span><em style=\"font-size: inherit;\">Kaddish<\/em><span style=\"font-size: inherit;\"> von\u00a0 Ravel bis zum\u00a0 <\/span><em style=\"font-size: inherit;\">Kol Nidrei<\/em><span style=\"font-size: inherit;\"> von Max Bruch, vom Zyklus\u00a0 <\/span><em style=\"font-size: inherit;\">De la vie juive<\/em><span style=\"font-size: inherit;\"> von Ernest Bloch bis zu den\u00a0 <\/span><em style=\"font-size: inherit;\">Chants populaires h\u00e9bra\u00efques<\/em><span style=\"font-size: inherit;\"> von Darius Milhaud, sowie andere weniger bekannte jedoch nicht weniger sch\u00f6ne Werke von Joseph Achron, L\u00e9on Algazi, Charles-Valentin Alkan, Fernand Halphen, Simon Laks, Joaquin Nin-Culmell, Dimitri Chostakovitch, Joachim Stutschewsky und nicht zuletzt Viktor Ullmann.<\/span><\/p>\n<p><strong>Eine wunderbare CD\u00a0!<\/strong><\/p>\n<h2><a href=\"https:\/\/www.iemj.org\/en\/hebrew-melodies-concert\/\" target=\"_blank\" rel=\"noopener\">Diese CD online im <\/a><a href=\"https:\/\/boutique.iemj.org\/fr\/home\/207-musique-francaise-avant-et-apres-la-grande-guerre.html\">IEMJ<\/a><a href=\"http:\/\/boutique.iemj.org\/fr\/home\/198-melodies-hebraiques.html\">-Shop kaufen<\/a><\/h2>\n<p><a href=\"https:\/\/www.iemj.org\/de\/melodies-hebraiques-pour-violoncelle-et-piano-volume-2\/\" target=\"_blank\" rel=\"noopener\">Mehr Informationen zur CD Hebr\u00e4ische Melodien f\u00fcr Violoncello und Klavier, Volumen 2<\/a><\/p>\n<p><strong>Informationen\/Bestellungen \/ Kontakt unter<\/strong> 01 45 82 20 52 oder <a href=\"contact@iemj.org\">contact@iemj.org<\/a><\/p>\n<p><a href=\"https:\/\/www.iemj.org\/concert-melodies-hebraiques\/\">Sehen Sie Ausz\u00fcge des Konzerts <\/a><a href=\"https:\/\/www.iemj.org\/en\/hebrew-melodies-concert\/\" target=\"_blank\" rel=\"noopener\"><em>M\u00e9lodies h\u00e9bra\u00efques<\/em><\/a><a href=\"https:\/\/www.iemj.org\/fr\/cours-conferences-et-musiques-en-ligne\/concert-melodies-hebraiques.html?var_mode=calcul\">gegeben in den <\/a><a href=\"https:\/\/www.iemj.org\/fr\/cours-conferences-et-musiques-en-ligne\/concert-melodies-hebraiques.html?var_mode=calcul\">Archives Nationale de Paris <\/a><a href=\"https:\/\/www.iemj.org\/fr\/cours-conferences-et-musiques-en-ligne\/concert-melodies-hebraiques.html?var_mode=calcul\">am <\/a><a href=\"https:\/\/www.iemj.org\/fr\/cours-conferences-et-musiques-en-ligne\/concert-melodies-hebraiques.html?var_mode=calcul\">19. <\/a><a href=\"https:\/\/www.iemj.org\/fr\/cours-conferences-et-musiques-en-ligne\/concert-melodies-hebraiques.html?var_mode=calcul\">Juni<\/a><a href=\"https:\/\/www.iemj.org\/fr\/cours-conferences-et-musiques-en-ligne\/concert-melodies-hebraiques.html?var_mode=calcul\"> 2017<\/a><\/p>\n<p><img fetchpriority=\"high\" decoding=\"async\" class=\" alignleft size-full wp-image-12416\" src=\"https:\/\/www.iemj.org\/wp-content\/uploads\/2016\/12\/cdc-001_couv4_siteiemj.jpg\" alt=\"cdc-001_couv4_siteiemj.jpg\" width=\"634\" height=\"538\" align=\"left\" srcset=\"https:\/\/www.iemj.org\/wp-content\/uploads\/2016\/12\/cdc-001_couv4_siteiemj.jpg 634w, https:\/\/www.iemj.org\/wp-content\/uploads\/2016\/12\/cdc-001_couv4_siteiemj-300x255.jpg 300w, https:\/\/www.iemj.org\/wp-content\/uploads\/2016\/12\/cdc-001_couv4_siteiemj-600x509.jpg 600w\" sizes=\"(max-width: 634px) 100vw, 634px\" \/><\/p>\n\n\n<h2 class=\"wp-block-heading\"><\/h2>\n\n\n\n<p><\/p>\n\n\n\n<p><\/p>\n\n\n\n<p><\/p>\n\n\n\n<p><\/p>\n\n\n\n<p><\/p>\n\n\n\n<p><\/p>\n\n\n\n<p><\/p>\n\n\n\n<p><\/p>\n\n\n\n<p><\/p>\n\n\n\n<p><\/p>\n\n\n\n<p><\/p>\n\n\n\n<p><\/p>\n\n\n\n<p><\/p>\n\n\n<div class=\"wp-block-image\">\n<figure class=\"aligncenter size-large\"><img decoding=\"async\" width=\"1024\" height=\"133\" src=\"https:\/\/www.iemj.org\/wp-content\/uploads\/2024\/03\/AUDIO-PLAYER-1024x133.png\" alt=\"\" class=\"wp-image-110606\" srcset=\"https:\/\/www.iemj.org\/wp-content\/uploads\/2024\/03\/AUDIO-PLAYER-1024x133.png 1024w, https:\/\/www.iemj.org\/wp-content\/uploads\/2024\/03\/AUDIO-PLAYER-300x39.png 300w, https:\/\/www.iemj.org\/wp-content\/uploads\/2024\/03\/AUDIO-PLAYER-768x100.png 768w, https:\/\/www.iemj.org\/wp-content\/uploads\/2024\/03\/AUDIO-PLAYER-600x78.png 600w, https:\/\/www.iemj.org\/wp-content\/uploads\/2024\/03\/AUDIO-PLAYER.png 1210w\" sizes=\"(max-width: 1024px) 100vw, 1024px\" \/><\/figure>\n<\/div>\n\n\n<div class=\"wp-block-file\"><a href=\"https:\/\/www.iemj.org\/wp-content\/uploads\/2016\/12\/04_maurice_ravel_kaddisch_siteiemj.mp3\">Ravel &#8211; Kaddisch<\/a><\/div>\n\n\n\n<div class=\"wp-block-file\"><a href=\"https:\/\/www.iemj.org\/wp-content\/uploads\/2016\/12\/03_leon_algazi_zait_gezunt_siteiemj.mp3\">Algazi &#8211; Za\u00eft gezunt<\/a><\/div>\n\n\n\n<div class=\"wp-block-file\"><a href=\"https:\/\/www.iemj.org\/wp-content\/uploads\/2016\/12\/07_viktor_ullmann_margarithelech_siteiemj.mp3\">Ullmann &#8211; Margarithelech<\/a><\/div>\n\n\n\n<div class=\"wp-block-file\"><a href=\"https:\/\/www.iemj.org\/wp-content\/uploads\/2016\/12\/12_joseph_achron_canzonetta_siteiemj.mp3\">Achron &#8211; Canzonetta<\/a><\/div>\n\n\n\n<div class=\"wp-block-file\"><a href=\"https:\/\/www.iemj.org\/wp-content\/uploads\/2016\/12\/13_ernest_bloch_prayer_siteiemj.mp3\">Bloch &#8211; Prayer<\/a><\/div>\n\n\n\n<div class=\"wp-block-file\"><a href=\"https:\/\/www.iemj.org\/wp-content\/uploads\/2016\/12\/18_darius_milhaud_chant_hassidique_siteiemj.mp3\">Milhaud &#8211; Chant hassidique<\/a><\/div>\n\n\n\n<div class=\"wp-block-file\"><a href=\"https:\/\/www.iemj.org\/wp-content\/uploads\/2016\/12\/19_joachim_stutschewsky_dance_siteiemj.mp3\">Stutschewsky &#8211;  Dance<\/a><\/div>\n\n\n\n<div class=\"wp-block-file\"><a href=\"https:\/\/www.iemj.org\/wp-content\/uploads\/2016\/12\/25_joaquin_nin-culmell_la_rosa_enflorece_siteiemj.mp3\">Nin-Culmell &#8211; La rosa enflorece<\/a><\/div>\n\n\n\n<div class=\"wp-block-file\"><a href=\"https:\/\/www.iemj.org\/wp-content\/uploads\/2016\/12\/29_dimitri_chostakovitch_song_of_misery_siteiemj.mp3\">Chostakovitch &#8211; Song of misery<\/a><\/div>\n\n\n\n<div class=\"wp-block-file\"><a href=\"https:\/\/www.iemj.org\/wp-content\/uploads\/2016\/12\/30_max_bruch_kol_nidrei_siteiemj.mp3\">Bruch &#8211; Kol Nidrei<\/a><\/div>\n","protected":false},"excerpt":{"rendered":"<p>Erste CD unserer Klassiksammlung<\/p>\n","protected":false},"author":1045,"featured_media":51200,"comment_status":"closed","ping_status":"open","sticky":false,"template":"","format":"standard","meta":{"_acf_changed":false,"footnotes":""},"categories":[1393,2199,1390],"tags":[],"technique":[],"squelettes":[],"sujet":[],"formation":[],"genre":[1900],"fonds":[],"tradition":[],"type-de-contenu":[],"interprete-compositeur":[3115,3131,3147,3251,3312],"frise":[],"type-devenement":[],"tableaux-liens-externes":[],"class_list":["post-51199","post","type-post","status-publish","format-standard","has-post-thumbnail","hentry","category-cd-iemj-de","category-sammlung-klassik-de","category-veroffentlichungen-de","genre-klassische-musik-de","interprete-compositeur-charles-valentin-alkan-de","interprete-compositeur-darius-milhaud-de","interprete-compositeur-ernest-bloch-de-2","interprete-compositeur-leon-algazi-de","interprete-compositeur-viktor-ullmann-de"],"acf":[],"yoast_head":"<!-- This site is optimized with the Yoast SEO plugin v27.3 - https:\/\/yoast.com\/product\/yoast-seo-wordpress\/ -->\n<title>Hebr\u00e4ische Melodien f\u00fcr Cello und Klavier - Institut Europ\u00e9en des Musiques Juives<\/title>\n<meta name=\"robots\" content=\"index, follow, max-snippet:-1, max-image-preview:large, max-video-preview:-1\" \/>\n<link rel=\"canonical\" href=\"https:\/\/www.iemj.org\/de\/melodies-hebraiques-pour-violoncelle-et-piano\/\" \/>\n<meta property=\"og:locale\" content=\"de_DE\" \/>\n<meta property=\"og:type\" content=\"article\" \/>\n<meta property=\"og:title\" content=\"Hebr\u00e4ische Melodien f\u00fcr Cello und Klavier - Institut Europ\u00e9en des Musiques Juives\" \/>\n<meta property=\"og:description\" content=\"Erste CD unserer Klassiksammlung\" \/>\n<meta property=\"og:url\" content=\"https:\/\/www.iemj.org\/de\/melodies-hebraiques-pour-violoncelle-et-piano\/\" \/>\n<meta property=\"og:site_name\" content=\"Institut Europ\u00e9en des Musiques Juives\" \/>\n<meta property=\"article:publisher\" content=\"https:\/\/www.facebook.com\/MusiquesJuives\/\" \/>\n<meta property=\"article:published_time\" content=\"2016-12-07T14:52:01+00:00\" \/>\n<meta property=\"article:modified_time\" content=\"2025-04-07T09:25:23+00:00\" \/>\n<meta property=\"og:image\" content=\"https:\/\/www.iemj.org\/wp-content\/uploads\/2016\/12\/arton1984.jpg\" \/>\n\t<meta property=\"og:image:width\" content=\"615\" \/>\n\t<meta property=\"og:image:height\" content=\"555\" \/>\n\t<meta property=\"og:image:type\" content=\"image\/jpeg\" \/>\n<meta name=\"author\" content=\"Herv\u00e9 Roten\" \/>\n<meta name=\"twitter:card\" content=\"summary_large_image\" \/>\n<meta name=\"twitter:label1\" content=\"Verfasst von\" \/>\n\t<meta name=\"twitter:data1\" content=\"Herv\u00e9 Roten\" \/>\n\t<meta name=\"twitter:label2\" content=\"Gesch\u00e4tzte Lesezeit\" \/>\n\t<meta name=\"twitter:data2\" content=\"2\u00a0Minuten\" \/>\n<script type=\"application\/ld+json\" class=\"yoast-schema-graph\">{\"@context\":\"https:\\\/\\\/schema.org\",\"@graph\":[{\"@type\":\"Article\",\"@id\":\"https:\\\/\\\/www.iemj.org\\\/de\\\/melodies-hebraiques-pour-violoncelle-et-piano\\\/#article\",\"isPartOf\":{\"@id\":\"https:\\\/\\\/www.iemj.org\\\/de\\\/melodies-hebraiques-pour-violoncelle-et-piano\\\/\"},\"author\":{\"name\":\"Herv\u00e9 Roten\",\"@id\":\"https:\\\/\\\/www.iemj.org\\\/de\\\/#\\\/schema\\\/person\\\/906134402c29d5c76e7b726261dd4bbd\"},\"headline\":\"Hebr\u00e4ische Melodien f\u00fcr Cello und Klavier\",\"datePublished\":\"2016-12-07T14:52:01+00:00\",\"dateModified\":\"2025-04-07T09:25:23+00:00\",\"mainEntityOfPage\":{\"@id\":\"https:\\\/\\\/www.iemj.org\\\/de\\\/melodies-hebraiques-pour-violoncelle-et-piano\\\/\"},\"wordCount\":191,\"publisher\":{\"@id\":\"https:\\\/\\\/www.iemj.org\\\/de\\\/#organization\"},\"image\":{\"@id\":\"https:\\\/\\\/www.iemj.org\\\/de\\\/melodies-hebraiques-pour-violoncelle-et-piano\\\/#primaryimage\"},\"thumbnailUrl\":\"https:\\\/\\\/www.iemj.org\\\/wp-content\\\/uploads\\\/2016\\\/12\\\/arton1984.jpg\",\"articleSection\":[\"CD IEMJ\",\"Sammlung Klassik\",\"Ver\u00f6ffentlichungen\"],\"inLanguage\":\"de\"},{\"@type\":\"WebPage\",\"@id\":\"https:\\\/\\\/www.iemj.org\\\/de\\\/melodies-hebraiques-pour-violoncelle-et-piano\\\/\",\"url\":\"https:\\\/\\\/www.iemj.org\\\/de\\\/melodies-hebraiques-pour-violoncelle-et-piano\\\/\",\"name\":\"Hebr\u00e4ische Melodien f\u00fcr Cello und Klavier - Institut Europ\u00e9en des Musiques Juives\",\"isPartOf\":{\"@id\":\"https:\\\/\\\/www.iemj.org\\\/de\\\/#website\"},\"primaryImageOfPage\":{\"@id\":\"https:\\\/\\\/www.iemj.org\\\/de\\\/melodies-hebraiques-pour-violoncelle-et-piano\\\/#primaryimage\"},\"image\":{\"@id\":\"https:\\\/\\\/www.iemj.org\\\/de\\\/melodies-hebraiques-pour-violoncelle-et-piano\\\/#primaryimage\"},\"thumbnailUrl\":\"https:\\\/\\\/www.iemj.org\\\/wp-content\\\/uploads\\\/2016\\\/12\\\/arton1984.jpg\",\"datePublished\":\"2016-12-07T14:52:01+00:00\",\"dateModified\":\"2025-04-07T09:25:23+00:00\",\"breadcrumb\":{\"@id\":\"https:\\\/\\\/www.iemj.org\\\/de\\\/melodies-hebraiques-pour-violoncelle-et-piano\\\/#breadcrumb\"},\"inLanguage\":\"de\",\"potentialAction\":[{\"@type\":\"ReadAction\",\"target\":[\"https:\\\/\\\/www.iemj.org\\\/de\\\/melodies-hebraiques-pour-violoncelle-et-piano\\\/\"]}]},{\"@type\":\"ImageObject\",\"inLanguage\":\"de\",\"@id\":\"https:\\\/\\\/www.iemj.org\\\/de\\\/melodies-hebraiques-pour-violoncelle-et-piano\\\/#primaryimage\",\"url\":\"https:\\\/\\\/www.iemj.org\\\/wp-content\\\/uploads\\\/2016\\\/12\\\/arton1984.jpg\",\"contentUrl\":\"https:\\\/\\\/www.iemj.org\\\/wp-content\\\/uploads\\\/2016\\\/12\\\/arton1984.jpg\",\"width\":615,\"height\":555},{\"@type\":\"BreadcrumbList\",\"@id\":\"https:\\\/\\\/www.iemj.org\\\/de\\\/melodies-hebraiques-pour-violoncelle-et-piano\\\/#breadcrumb\",\"itemListElement\":[{\"@type\":\"ListItem\",\"position\":1,\"name\":\"Accueil\",\"item\":\"https:\\\/\\\/www.iemj.org\\\/de\\\/\"},{\"@type\":\"ListItem\",\"position\":2,\"name\":\"Hebr\u00e4ische Melodien f\u00fcr Cello und Klavier\"}]},{\"@type\":\"WebSite\",\"@id\":\"https:\\\/\\\/www.iemj.org\\\/de\\\/#website\",\"url\":\"https:\\\/\\\/www.iemj.org\\\/de\\\/\",\"name\":\"Institut Europ\u00e9en des Musiques Juives\",\"description\":\"Des traditions musicales \u00e0 la port\u00e9e de tous\",\"publisher\":{\"@id\":\"https:\\\/\\\/www.iemj.org\\\/de\\\/#organization\"},\"potentialAction\":[{\"@type\":\"SearchAction\",\"target\":{\"@type\":\"EntryPoint\",\"urlTemplate\":\"https:\\\/\\\/www.iemj.org\\\/de\\\/?s={search_term_string}\"},\"query-input\":{\"@type\":\"PropertyValueSpecification\",\"valueRequired\":true,\"valueName\":\"search_term_string\"}}],\"inLanguage\":\"de\"},{\"@type\":\"Organization\",\"@id\":\"https:\\\/\\\/www.iemj.org\\\/de\\\/#organization\",\"name\":\"Institut Europ\u00e9en des Musiques Juives\",\"url\":\"https:\\\/\\\/www.iemj.org\\\/de\\\/\",\"logo\":{\"@type\":\"ImageObject\",\"inLanguage\":\"de\",\"@id\":\"https:\\\/\\\/www.iemj.org\\\/de\\\/#\\\/schema\\\/logo\\\/image\\\/\",\"url\":\"https:\\\/\\\/www.iemj.org\\\/wp-content\\\/uploads\\\/2021\\\/09\\\/Logo-IEMJ-Paypal.jpg\",\"contentUrl\":\"https:\\\/\\\/www.iemj.org\\\/wp-content\\\/uploads\\\/2021\\\/09\\\/Logo-IEMJ-Paypal.jpg\",\"width\":150,\"height\":50,\"caption\":\"Institut Europ\u00e9en des Musiques Juives\"},\"image\":{\"@id\":\"https:\\\/\\\/www.iemj.org\\\/de\\\/#\\\/schema\\\/logo\\\/image\\\/\"},\"sameAs\":[\"https:\\\/\\\/www.facebook.com\\\/MusiquesJuives\\\/\",\"https:\\\/\\\/www.instagram.com\\\/musiquesjuives\\\/\",\"https:\\\/\\\/www.youtube.com\\\/user\\\/musiquesjuives\"]},{\"@type\":\"Person\",\"@id\":\"https:\\\/\\\/www.iemj.org\\\/de\\\/#\\\/schema\\\/person\\\/906134402c29d5c76e7b726261dd4bbd\",\"name\":\"Herv\u00e9 Roten\",\"image\":{\"@type\":\"ImageObject\",\"inLanguage\":\"de\",\"@id\":\"https:\\\/\\\/secure.gravatar.com\\\/avatar\\\/f96ad2db538a26481f18384936b5cd0610c92d390c4dc382209216d455f685ff?s=96&d=mm&r=g\",\"url\":\"https:\\\/\\\/secure.gravatar.com\\\/avatar\\\/f96ad2db538a26481f18384936b5cd0610c92d390c4dc382209216d455f685ff?s=96&d=mm&r=g\",\"contentUrl\":\"https:\\\/\\\/secure.gravatar.com\\\/avatar\\\/f96ad2db538a26481f18384936b5cd0610c92d390c4dc382209216d455f685ff?s=96&d=mm&r=g\",\"caption\":\"Herv\u00e9 Roten\"}}]}<\/script>\n<!-- \/ Yoast SEO plugin. -->","yoast_head_json":{"title":"Hebr\u00e4ische Melodien f\u00fcr Cello und Klavier - Institut Europ\u00e9en des Musiques Juives","robots":{"index":"index","follow":"follow","max-snippet":"max-snippet:-1","max-image-preview":"max-image-preview:large","max-video-preview":"max-video-preview:-1"},"canonical":"https:\/\/www.iemj.org\/de\/melodies-hebraiques-pour-violoncelle-et-piano\/","og_locale":"de_DE","og_type":"article","og_title":"Hebr\u00e4ische Melodien f\u00fcr Cello und Klavier - Institut Europ\u00e9en des Musiques Juives","og_description":"Erste CD unserer Klassiksammlung","og_url":"https:\/\/www.iemj.org\/de\/melodies-hebraiques-pour-violoncelle-et-piano\/","og_site_name":"Institut Europ\u00e9en des Musiques Juives","article_publisher":"https:\/\/www.facebook.com\/MusiquesJuives\/","article_published_time":"2016-12-07T14:52:01+00:00","article_modified_time":"2025-04-07T09:25:23+00:00","og_image":[{"width":615,"height":555,"url":"https:\/\/www.iemj.org\/wp-content\/uploads\/2016\/12\/arton1984.jpg","type":"image\/jpeg"}],"author":"Herv\u00e9 Roten","twitter_card":"summary_large_image","twitter_misc":{"Verfasst von":"Herv\u00e9 Roten","Gesch\u00e4tzte Lesezeit":"2\u00a0Minuten"},"schema":{"@context":"https:\/\/schema.org","@graph":[{"@type":"Article","@id":"https:\/\/www.iemj.org\/de\/melodies-hebraiques-pour-violoncelle-et-piano\/#article","isPartOf":{"@id":"https:\/\/www.iemj.org\/de\/melodies-hebraiques-pour-violoncelle-et-piano\/"},"author":{"name":"Herv\u00e9 Roten","@id":"https:\/\/www.iemj.org\/de\/#\/schema\/person\/906134402c29d5c76e7b726261dd4bbd"},"headline":"Hebr\u00e4ische Melodien f\u00fcr Cello und Klavier","datePublished":"2016-12-07T14:52:01+00:00","dateModified":"2025-04-07T09:25:23+00:00","mainEntityOfPage":{"@id":"https:\/\/www.iemj.org\/de\/melodies-hebraiques-pour-violoncelle-et-piano\/"},"wordCount":191,"publisher":{"@id":"https:\/\/www.iemj.org\/de\/#organization"},"image":{"@id":"https:\/\/www.iemj.org\/de\/melodies-hebraiques-pour-violoncelle-et-piano\/#primaryimage"},"thumbnailUrl":"https:\/\/www.iemj.org\/wp-content\/uploads\/2016\/12\/arton1984.jpg","articleSection":["CD IEMJ","Sammlung Klassik","Ver\u00f6ffentlichungen"],"inLanguage":"de"},{"@type":"WebPage","@id":"https:\/\/www.iemj.org\/de\/melodies-hebraiques-pour-violoncelle-et-piano\/","url":"https:\/\/www.iemj.org\/de\/melodies-hebraiques-pour-violoncelle-et-piano\/","name":"Hebr\u00e4ische Melodien f\u00fcr Cello und Klavier - Institut Europ\u00e9en des Musiques Juives","isPartOf":{"@id":"https:\/\/www.iemj.org\/de\/#website"},"primaryImageOfPage":{"@id":"https:\/\/www.iemj.org\/de\/melodies-hebraiques-pour-violoncelle-et-piano\/#primaryimage"},"image":{"@id":"https:\/\/www.iemj.org\/de\/melodies-hebraiques-pour-violoncelle-et-piano\/#primaryimage"},"thumbnailUrl":"https:\/\/www.iemj.org\/wp-content\/uploads\/2016\/12\/arton1984.jpg","datePublished":"2016-12-07T14:52:01+00:00","dateModified":"2025-04-07T09:25:23+00:00","breadcrumb":{"@id":"https:\/\/www.iemj.org\/de\/melodies-hebraiques-pour-violoncelle-et-piano\/#breadcrumb"},"inLanguage":"de","potentialAction":[{"@type":"ReadAction","target":["https:\/\/www.iemj.org\/de\/melodies-hebraiques-pour-violoncelle-et-piano\/"]}]},{"@type":"ImageObject","inLanguage":"de","@id":"https:\/\/www.iemj.org\/de\/melodies-hebraiques-pour-violoncelle-et-piano\/#primaryimage","url":"https:\/\/www.iemj.org\/wp-content\/uploads\/2016\/12\/arton1984.jpg","contentUrl":"https:\/\/www.iemj.org\/wp-content\/uploads\/2016\/12\/arton1984.jpg","width":615,"height":555},{"@type":"BreadcrumbList","@id":"https:\/\/www.iemj.org\/de\/melodies-hebraiques-pour-violoncelle-et-piano\/#breadcrumb","itemListElement":[{"@type":"ListItem","position":1,"name":"Accueil","item":"https:\/\/www.iemj.org\/de\/"},{"@type":"ListItem","position":2,"name":"Hebr\u00e4ische Melodien f\u00fcr Cello und Klavier"}]},{"@type":"WebSite","@id":"https:\/\/www.iemj.org\/de\/#website","url":"https:\/\/www.iemj.org\/de\/","name":"Institut Europ\u00e9en des Musiques Juives","description":"Des traditions musicales \u00e0 la port\u00e9e de tous","publisher":{"@id":"https:\/\/www.iemj.org\/de\/#organization"},"potentialAction":[{"@type":"SearchAction","target":{"@type":"EntryPoint","urlTemplate":"https:\/\/www.iemj.org\/de\/?s={search_term_string}"},"query-input":{"@type":"PropertyValueSpecification","valueRequired":true,"valueName":"search_term_string"}}],"inLanguage":"de"},{"@type":"Organization","@id":"https:\/\/www.iemj.org\/de\/#organization","name":"Institut Europ\u00e9en des Musiques Juives","url":"https:\/\/www.iemj.org\/de\/","logo":{"@type":"ImageObject","inLanguage":"de","@id":"https:\/\/www.iemj.org\/de\/#\/schema\/logo\/image\/","url":"https:\/\/www.iemj.org\/wp-content\/uploads\/2021\/09\/Logo-IEMJ-Paypal.jpg","contentUrl":"https:\/\/www.iemj.org\/wp-content\/uploads\/2021\/09\/Logo-IEMJ-Paypal.jpg","width":150,"height":50,"caption":"Institut Europ\u00e9en des Musiques Juives"},"image":{"@id":"https:\/\/www.iemj.org\/de\/#\/schema\/logo\/image\/"},"sameAs":["https:\/\/www.facebook.com\/MusiquesJuives\/","https:\/\/www.instagram.com\/musiquesjuives\/","https:\/\/www.youtube.com\/user\/musiquesjuives"]},{"@type":"Person","@id":"https:\/\/www.iemj.org\/de\/#\/schema\/person\/906134402c29d5c76e7b726261dd4bbd","name":"Herv\u00e9 Roten","image":{"@type":"ImageObject","inLanguage":"de","@id":"https:\/\/secure.gravatar.com\/avatar\/f96ad2db538a26481f18384936b5cd0610c92d390c4dc382209216d455f685ff?s=96&d=mm&r=g","url":"https:\/\/secure.gravatar.com\/avatar\/f96ad2db538a26481f18384936b5cd0610c92d390c4dc382209216d455f685ff?s=96&d=mm&r=g","contentUrl":"https:\/\/secure.gravatar.com\/avatar\/f96ad2db538a26481f18384936b5cd0610c92d390c4dc382209216d455f685ff?s=96&d=mm&r=g","caption":"Herv\u00e9 Roten"}}]}},"_links":{"self":[{"href":"https:\/\/www.iemj.org\/de\/wp-json\/wp\/v2\/posts\/51199","targetHints":{"allow":["GET"]}}],"collection":[{"href":"https:\/\/www.iemj.org\/de\/wp-json\/wp\/v2\/posts"}],"about":[{"href":"https:\/\/www.iemj.org\/de\/wp-json\/wp\/v2\/types\/post"}],"author":[{"embeddable":true,"href":"https:\/\/www.iemj.org\/de\/wp-json\/wp\/v2\/users\/1045"}],"replies":[{"embeddable":true,"href":"https:\/\/www.iemj.org\/de\/wp-json\/wp\/v2\/comments?post=51199"}],"version-history":[{"count":0,"href":"https:\/\/www.iemj.org\/de\/wp-json\/wp\/v2\/posts\/51199\/revisions"}],"wp:featuredmedia":[{"embeddable":true,"href":"https:\/\/www.iemj.org\/de\/wp-json\/wp\/v2\/media\/51200"}],"wp:attachment":[{"href":"https:\/\/www.iemj.org\/de\/wp-json\/wp\/v2\/media?parent=51199"}],"wp:term":[{"taxonomy":"category","embeddable":true,"href":"https:\/\/www.iemj.org\/de\/wp-json\/wp\/v2\/categories?post=51199"},{"taxonomy":"post_tag","embeddable":true,"href":"https:\/\/www.iemj.org\/de\/wp-json\/wp\/v2\/tags?post=51199"},{"taxonomy":"technique","embeddable":true,"href":"https:\/\/www.iemj.org\/de\/wp-json\/wp\/v2\/technique?post=51199"},{"taxonomy":"squelettes","embeddable":true,"href":"https:\/\/www.iemj.org\/de\/wp-json\/wp\/v2\/squelettes?post=51199"},{"taxonomy":"sujet","embeddable":true,"href":"https:\/\/www.iemj.org\/de\/wp-json\/wp\/v2\/sujet?post=51199"},{"taxonomy":"formation","embeddable":true,"href":"https:\/\/www.iemj.org\/de\/wp-json\/wp\/v2\/formation?post=51199"},{"taxonomy":"genre","embeddable":true,"href":"https:\/\/www.iemj.org\/de\/wp-json\/wp\/v2\/genre?post=51199"},{"taxonomy":"fonds","embeddable":true,"href":"https:\/\/www.iemj.org\/de\/wp-json\/wp\/v2\/fonds?post=51199"},{"taxonomy":"tradition","embeddable":true,"href":"https:\/\/www.iemj.org\/de\/wp-json\/wp\/v2\/tradition?post=51199"},{"taxonomy":"type-de-contenu","embeddable":true,"href":"https:\/\/www.iemj.org\/de\/wp-json\/wp\/v2\/type-de-contenu?post=51199"},{"taxonomy":"interprete-compositeur","embeddable":true,"href":"https:\/\/www.iemj.org\/de\/wp-json\/wp\/v2\/interprete-compositeur?post=51199"},{"taxonomy":"frise","embeddable":true,"href":"https:\/\/www.iemj.org\/de\/wp-json\/wp\/v2\/frise?post=51199"},{"taxonomy":"type-devenement","embeddable":true,"href":"https:\/\/www.iemj.org\/de\/wp-json\/wp\/v2\/type-devenement?post=51199"},{"taxonomy":"tableaux-liens-externes","embeddable":true,"href":"https:\/\/www.iemj.org\/de\/wp-json\/wp\/v2\/tableaux-liens-externes?post=51199"}],"curies":[{"name":"wp","href":"https:\/\/api.w.org\/{rel}","templated":true}]}}