{"id":51322,"date":"2017-10-16T17:47:44","date_gmt":"2017-10-16T15:47:44","guid":{"rendered":"https:\/\/www.iemj.org\/musique-francaise-avant-et-apres-la-grande-guerre\/"},"modified":"2025-08-27T10:57:10","modified_gmt":"2025-08-27T08:57:10","slug":"musique-francaise-avant-et-apres-la-grande-guerre","status":"publish","type":"post","link":"https:\/\/www.iemj.org\/de\/musique-francaise-avant-et-apres-la-grande-guerre\/","title":{"rendered":"Franz\u00f6sische Musik vor und nach dem Ersten Weltkrieg"},"content":{"rendered":"<h3>\u00a0<\/h3>\n<h3><strong><span lang=\"en-US\">Die 3. CD IN UNSERER KLASSIKSAMMLUNG<\/span><\/strong><\/h3>\n<p><!--more--><\/p>\n<p><span lang=\"en-US\">Die tiefgreifenden Ersch\u00fctterungen Europas durch den Ersten Weltkrieg blieben auch f\u00fcr das musikalische Schaffen nicht ohne Folgen. Die beiden Werke auf dieser CD in einer Interpretation vom O<\/span><strong><span lang=\"en-US\">rchestre du Campus d\u2019Orsay <\/span><\/strong><strong><span lang=\"en-US\">unter der Leitung von<\/span><\/strong> <strong><span lang=\"en-US\">Martin Barral <\/span><\/strong><strong><span lang=\"en-US\">mit dem Pianisten <\/span><\/strong><strong><span lang=\"en-US\">Olivier Herbay<\/span><\/strong><strong><span lang=\"en-US\"> legen davon ein Zeugnis ab<\/span><\/strong><strong><span lang=\"en-US\">. <\/span><\/strong><strong>Die Sinfonie in c-moll<\/strong> von<span style=\"font-size: inherit;\">\u00a0<\/span><a style=\"font-size: inherit;\" href=\"https:\/\/www.iemj.org\/de\/halphen-fernand-1872-1917\/\">Fernand Halphen<\/a><span style=\"font-size: inherit;\"> (1872-1917) <\/span>\u2013 geschrieben zwischen 1896-1897- wurde bislang noch nie aufgenomen und geh\u00f6rt durch ihre klassisch gepr\u00e4gte Form und ihre Expressivit\u00e4t noch zum 19.Jahrhundert, wohingegen das Konzert f\u00fcr die linke Hand von <a href=\"https:\/\/fr.wikipedia.org\/wiki\/Maurice_Ravel\" target=\"_top\" rel=\"noopener\">Maurice Ravel<\/a> (1875-1937) eindeutig der Modernit\u00e4t zugewandt ist und der Feder eines Komponisten auf dem H\u00f6hepunkt seiner Schaffenskunst elf Jahre nach Kriegsende entspringt . <br \/><b>Diese beiden Werke ohne Ber\u00fccksichtigung ihres Bekanntheitsgrades zusammenzubringen erlaubt es, die stilistische Diversit\u00e4t des k\u00fcnstlerischen musikalischen Schaffens in Frankreich vor und nach dem Ersten Weltkrieg zu illustrieren.<\/b><\/p>\n<p>Diese CD entstand mit der Unterst\u00fctzung der <a href=\"http:\/\/www.u-psud.fr\/fr\/index.html\">Universit\u00e9 Paris Sud<\/a>, der <a href=\"http:\/\/www.fondationshoah.org\/\">Fondation pour la M\u00e9moire de la Shoah<\/a> und der <a href=\"https:\/\/www.fondationjudaisme.org\/\">Fondation du Juda\u00efsme Fran\u00e7ais<\/a>.<\/p>\n<p><a href=\"https:\/\/www.iemj.org\/en\/product\/hebrew-melodies-3\/\" target=\"_blank\" rel=\"noopener\">Diese CD online im IEMJ-Shop kaufen<\/a><\/p>\n<p><a href=\"https:\/\/www.iemj.org\/wp-content\/uploads\/2018\/02\/pressbook_cdc_3.pdf\" target=\"_blank\" rel=\"noopener\">Pressbook zur CD \u201eFranz\u00f6sische Musik vor und nach dem Ersten Weltkrieg\u201d herunterladen<\/a><\/p>\n<p><iframe src=\"https:\/\/www.youtube.com\/embed\/zawLvkuQgic\" width=\"720\" height=\"410\" frameborder=\"0\" allowfullscreen=\"allowfullscreen\"><\/iframe><\/p>\n\n\n<h2 class=\"wp-block-heading\"><\/h2>\n\n\n<div class=\"wp-block-image\">\n<figure class=\"aligncenter size-large\"><img fetchpriority=\"high\" decoding=\"async\" width=\"1024\" height=\"133\" src=\"https:\/\/www.iemj.org\/wp-content\/uploads\/2024\/03\/AUDIO-PLAYER-1024x133.png\" alt=\"\" class=\"wp-image-110606\" srcset=\"https:\/\/www.iemj.org\/wp-content\/uploads\/2024\/03\/AUDIO-PLAYER-1024x133.png 1024w, https:\/\/www.iemj.org\/wp-content\/uploads\/2024\/03\/AUDIO-PLAYER-300x39.png 300w, https:\/\/www.iemj.org\/wp-content\/uploads\/2024\/03\/AUDIO-PLAYER-768x100.png 768w, https:\/\/www.iemj.org\/wp-content\/uploads\/2024\/03\/AUDIO-PLAYER-600x78.png 600w, https:\/\/www.iemj.org\/wp-content\/uploads\/2024\/03\/AUDIO-PLAYER.png 1210w\" sizes=\"(max-width: 1024px) 100vw, 1024px\" \/><\/figure>\n<\/div>\n\n\n<div class=\"wp-block-file\"><a href=\"https:\/\/www.iemj.org\/wp-content\/uploads\/2017\/10\/ravel_concerto_main_gauche-debut_siteiemj.mp3\">Maurice RAVEL Concerto pour la main gauche<\/a><\/div>\n\n\n\n<div class=\"wp-block-file\"><a href=\"https:\/\/www.iemj.org\/wp-content\/uploads\/2017\/10\/halphen_symphonie_1-allegro_siteiemj.mp3\">Fernand HALPHEN Symphonie mouvement 1 &#8211; Allegro<\/a><\/div>\n\n\n\n<div class=\"wp-block-file\"><a href=\"https:\/\/www.iemj.org\/wp-content\/uploads\/2017\/10\/halphen_symphonie_mvt2-andante_siteiemj.mp3\">Fernand HALPHEN Symphonie mouvement 2 &#8211; Andante<\/a><\/div>\n\n\n\n<div class=\"wp-block-file\"><a href=\"https:\/\/www.iemj.org\/wp-content\/uploads\/2017\/10\/halphen_symphonie_mvt3-scherzo_siteiemj.mp3\">Fernand HALPHEN Symphonie mouvement 3 &#8211; Scherzo<\/a><\/div>\n\n\n\n<div class=\"wp-block-file\"><a href=\"https:\/\/www.iemj.org\/wp-content\/uploads\/2017\/10\/halphen_symphonie_mvt4-finale_siteiemj.mp3\">Fernand HALPHEN Symphonie mouvement 4 &#8211; Finale<\/a><\/div>\n\n\n\n<p><\/p>\n","protected":false},"excerpt":{"rendered":"<p>\u00a0 Die 3. CD IN UNSERER KLASSIKSAMMLUNG<\/p>\n","protected":false},"author":5,"featured_media":51323,"comment_status":"closed","ping_status":"open","sticky":false,"template":"","format":"standard","meta":{"_acf_changed":false,"footnotes":""},"categories":[1393,2199,1390],"tags":[],"technique":[],"squelettes":[],"sujet":[],"formation":[],"genre":[1900],"fonds":[],"tradition":[],"type-de-contenu":[],"interprete-compositeur":[3165,3254],"frise":[],"type-devenement":[],"tableaux-liens-externes":[],"class_list":["post-51322","post","type-post","status-publish","format-standard","has-post-thumbnail","hentry","category-cd-iemj-de","category-sammlung-klassik-de","category-veroffentlichungen-de","genre-klassische-musik-de","interprete-compositeur-fernand-halphen-de","interprete-compositeur-maurice-ravel-2-de"],"acf":[],"yoast_head":"<!-- This site is optimized with the Yoast SEO plugin v27.3 - https:\/\/yoast.com\/product\/yoast-seo-wordpress\/ -->\n<title>Franz\u00f6sische Musik vor und nach dem Ersten Weltkrieg - Institut Europ\u00e9en des Musiques Juives<\/title>\n<meta name=\"robots\" content=\"index, follow, max-snippet:-1, max-image-preview:large, max-video-preview:-1\" \/>\n<link rel=\"canonical\" href=\"https:\/\/www.iemj.org\/de\/musique-francaise-avant-et-apres-la-grande-guerre\/\" \/>\n<meta property=\"og:locale\" content=\"de_DE\" \/>\n<meta property=\"og:type\" content=\"article\" \/>\n<meta property=\"og:title\" content=\"Franz\u00f6sische Musik vor und nach dem Ersten Weltkrieg - Institut Europ\u00e9en des Musiques Juives\" \/>\n<meta property=\"og:description\" content=\"\u00a0 Die 3. CD IN UNSERER KLASSIKSAMMLUNG\" \/>\n<meta property=\"og:url\" content=\"https:\/\/www.iemj.org\/de\/musique-francaise-avant-et-apres-la-grande-guerre\/\" \/>\n<meta property=\"og:site_name\" content=\"Institut Europ\u00e9en des Musiques Juives\" \/>\n<meta property=\"article:publisher\" content=\"https:\/\/www.facebook.com\/MusiquesJuives\/\" \/>\n<meta property=\"article:published_time\" content=\"2017-10-16T15:47:44+00:00\" \/>\n<meta property=\"article:modified_time\" content=\"2025-08-27T08:57:10+00:00\" \/>\n<meta property=\"og:image\" content=\"https:\/\/www.iemj.org\/wp-content\/uploads\/2017\/10\/arton2516.jpg\" \/>\n\t<meta property=\"og:image:width\" content=\"608\" \/>\n\t<meta property=\"og:image:height\" content=\"538\" \/>\n\t<meta property=\"og:image:type\" content=\"image\/jpeg\" \/>\n<meta name=\"author\" content=\"Jacqueline ROTEN\" \/>\n<meta name=\"twitter:card\" content=\"summary_large_image\" \/>\n<meta name=\"twitter:label1\" content=\"Verfasst von\" \/>\n\t<meta name=\"twitter:data1\" content=\"Jacqueline ROTEN\" \/>\n\t<meta name=\"twitter:label2\" content=\"Gesch\u00e4tzte Lesezeit\" \/>\n\t<meta name=\"twitter:data2\" content=\"2\u00a0Minuten\" \/>\n<script type=\"application\/ld+json\" class=\"yoast-schema-graph\">{\"@context\":\"https:\\\/\\\/schema.org\",\"@graph\":[{\"@type\":\"Article\",\"@id\":\"https:\\\/\\\/www.iemj.org\\\/de\\\/musique-francaise-avant-et-apres-la-grande-guerre\\\/#article\",\"isPartOf\":{\"@id\":\"https:\\\/\\\/www.iemj.org\\\/de\\\/musique-francaise-avant-et-apres-la-grande-guerre\\\/\"},\"author\":{\"name\":\"Jacqueline ROTEN\",\"@id\":\"https:\\\/\\\/www.iemj.org\\\/de\\\/#\\\/schema\\\/person\\\/358e26c18aca017fcc4cc15437f7279c\"},\"headline\":\"Franz\u00f6sische Musik vor und nach dem Ersten Weltkrieg\",\"datePublished\":\"2017-10-16T15:47:44+00:00\",\"dateModified\":\"2025-08-27T08:57:10+00:00\",\"mainEntityOfPage\":{\"@id\":\"https:\\\/\\\/www.iemj.org\\\/de\\\/musique-francaise-avant-et-apres-la-grande-guerre\\\/\"},\"wordCount\":240,\"publisher\":{\"@id\":\"https:\\\/\\\/www.iemj.org\\\/de\\\/#organization\"},\"image\":{\"@id\":\"https:\\\/\\\/www.iemj.org\\\/de\\\/musique-francaise-avant-et-apres-la-grande-guerre\\\/#primaryimage\"},\"thumbnailUrl\":\"https:\\\/\\\/www.iemj.org\\\/wp-content\\\/uploads\\\/2017\\\/10\\\/arton2516.jpg\",\"articleSection\":[\"CD IEMJ\",\"Sammlung Klassik\",\"Ver\u00f6ffentlichungen\"],\"inLanguage\":\"de\"},{\"@type\":\"WebPage\",\"@id\":\"https:\\\/\\\/www.iemj.org\\\/de\\\/musique-francaise-avant-et-apres-la-grande-guerre\\\/\",\"url\":\"https:\\\/\\\/www.iemj.org\\\/de\\\/musique-francaise-avant-et-apres-la-grande-guerre\\\/\",\"name\":\"Franz\u00f6sische Musik vor und nach dem Ersten Weltkrieg - Institut Europ\u00e9en des Musiques Juives\",\"isPartOf\":{\"@id\":\"https:\\\/\\\/www.iemj.org\\\/de\\\/#website\"},\"primaryImageOfPage\":{\"@id\":\"https:\\\/\\\/www.iemj.org\\\/de\\\/musique-francaise-avant-et-apres-la-grande-guerre\\\/#primaryimage\"},\"image\":{\"@id\":\"https:\\\/\\\/www.iemj.org\\\/de\\\/musique-francaise-avant-et-apres-la-grande-guerre\\\/#primaryimage\"},\"thumbnailUrl\":\"https:\\\/\\\/www.iemj.org\\\/wp-content\\\/uploads\\\/2017\\\/10\\\/arton2516.jpg\",\"datePublished\":\"2017-10-16T15:47:44+00:00\",\"dateModified\":\"2025-08-27T08:57:10+00:00\",\"breadcrumb\":{\"@id\":\"https:\\\/\\\/www.iemj.org\\\/de\\\/musique-francaise-avant-et-apres-la-grande-guerre\\\/#breadcrumb\"},\"inLanguage\":\"de\",\"potentialAction\":[{\"@type\":\"ReadAction\",\"target\":[\"https:\\\/\\\/www.iemj.org\\\/de\\\/musique-francaise-avant-et-apres-la-grande-guerre\\\/\"]}]},{\"@type\":\"ImageObject\",\"inLanguage\":\"de\",\"@id\":\"https:\\\/\\\/www.iemj.org\\\/de\\\/musique-francaise-avant-et-apres-la-grande-guerre\\\/#primaryimage\",\"url\":\"https:\\\/\\\/www.iemj.org\\\/wp-content\\\/uploads\\\/2017\\\/10\\\/arton2516.jpg\",\"contentUrl\":\"https:\\\/\\\/www.iemj.org\\\/wp-content\\\/uploads\\\/2017\\\/10\\\/arton2516.jpg\",\"width\":608,\"height\":538},{\"@type\":\"BreadcrumbList\",\"@id\":\"https:\\\/\\\/www.iemj.org\\\/de\\\/musique-francaise-avant-et-apres-la-grande-guerre\\\/#breadcrumb\",\"itemListElement\":[{\"@type\":\"ListItem\",\"position\":1,\"name\":\"Accueil\",\"item\":\"https:\\\/\\\/www.iemj.org\\\/de\\\/\"},{\"@type\":\"ListItem\",\"position\":2,\"name\":\"Franz\u00f6sische Musik vor und nach dem Ersten Weltkrieg\"}]},{\"@type\":\"WebSite\",\"@id\":\"https:\\\/\\\/www.iemj.org\\\/de\\\/#website\",\"url\":\"https:\\\/\\\/www.iemj.org\\\/de\\\/\",\"name\":\"Institut Europ\u00e9en des Musiques Juives\",\"description\":\"Des traditions musicales \u00e0 la port\u00e9e de tous\",\"publisher\":{\"@id\":\"https:\\\/\\\/www.iemj.org\\\/de\\\/#organization\"},\"potentialAction\":[{\"@type\":\"SearchAction\",\"target\":{\"@type\":\"EntryPoint\",\"urlTemplate\":\"https:\\\/\\\/www.iemj.org\\\/de\\\/?s={search_term_string}\"},\"query-input\":{\"@type\":\"PropertyValueSpecification\",\"valueRequired\":true,\"valueName\":\"search_term_string\"}}],\"inLanguage\":\"de\"},{\"@type\":\"Organization\",\"@id\":\"https:\\\/\\\/www.iemj.org\\\/de\\\/#organization\",\"name\":\"Institut Europ\u00e9en des Musiques Juives\",\"url\":\"https:\\\/\\\/www.iemj.org\\\/de\\\/\",\"logo\":{\"@type\":\"ImageObject\",\"inLanguage\":\"de\",\"@id\":\"https:\\\/\\\/www.iemj.org\\\/de\\\/#\\\/schema\\\/logo\\\/image\\\/\",\"url\":\"https:\\\/\\\/www.iemj.org\\\/wp-content\\\/uploads\\\/2021\\\/09\\\/Logo-IEMJ-Paypal.jpg\",\"contentUrl\":\"https:\\\/\\\/www.iemj.org\\\/wp-content\\\/uploads\\\/2021\\\/09\\\/Logo-IEMJ-Paypal.jpg\",\"width\":150,\"height\":50,\"caption\":\"Institut Europ\u00e9en des Musiques Juives\"},\"image\":{\"@id\":\"https:\\\/\\\/www.iemj.org\\\/de\\\/#\\\/schema\\\/logo\\\/image\\\/\"},\"sameAs\":[\"https:\\\/\\\/www.facebook.com\\\/MusiquesJuives\\\/\",\"https:\\\/\\\/www.instagram.com\\\/musiquesjuives\\\/\",\"https:\\\/\\\/www.youtube.com\\\/user\\\/musiquesjuives\"]},{\"@type\":\"Person\",\"@id\":\"https:\\\/\\\/www.iemj.org\\\/de\\\/#\\\/schema\\\/person\\\/358e26c18aca017fcc4cc15437f7279c\",\"name\":\"Jacqueline ROTEN\",\"image\":{\"@type\":\"ImageObject\",\"inLanguage\":\"de\",\"@id\":\"https:\\\/\\\/secure.gravatar.com\\\/avatar\\\/5964256d6c6957de3a3505278957e0fb2a35119ac47ea41827a65301213c810b?s=96&d=mm&r=g\",\"url\":\"https:\\\/\\\/secure.gravatar.com\\\/avatar\\\/5964256d6c6957de3a3505278957e0fb2a35119ac47ea41827a65301213c810b?s=96&d=mm&r=g\",\"contentUrl\":\"https:\\\/\\\/secure.gravatar.com\\\/avatar\\\/5964256d6c6957de3a3505278957e0fb2a35119ac47ea41827a65301213c810b?s=96&d=mm&r=g\",\"caption\":\"Jacqueline ROTEN\"}}]}<\/script>\n<!-- \/ Yoast SEO plugin. -->","yoast_head_json":{"title":"Franz\u00f6sische Musik vor und nach dem Ersten Weltkrieg - Institut Europ\u00e9en des Musiques Juives","robots":{"index":"index","follow":"follow","max-snippet":"max-snippet:-1","max-image-preview":"max-image-preview:large","max-video-preview":"max-video-preview:-1"},"canonical":"https:\/\/www.iemj.org\/de\/musique-francaise-avant-et-apres-la-grande-guerre\/","og_locale":"de_DE","og_type":"article","og_title":"Franz\u00f6sische Musik vor und nach dem Ersten Weltkrieg - Institut Europ\u00e9en des Musiques Juives","og_description":"\u00a0 Die 3. CD IN UNSERER KLASSIKSAMMLUNG","og_url":"https:\/\/www.iemj.org\/de\/musique-francaise-avant-et-apres-la-grande-guerre\/","og_site_name":"Institut Europ\u00e9en des Musiques Juives","article_publisher":"https:\/\/www.facebook.com\/MusiquesJuives\/","article_published_time":"2017-10-16T15:47:44+00:00","article_modified_time":"2025-08-27T08:57:10+00:00","og_image":[{"width":608,"height":538,"url":"https:\/\/www.iemj.org\/wp-content\/uploads\/2017\/10\/arton2516.jpg","type":"image\/jpeg"}],"author":"Jacqueline ROTEN","twitter_card":"summary_large_image","twitter_misc":{"Verfasst von":"Jacqueline ROTEN","Gesch\u00e4tzte Lesezeit":"2\u00a0Minuten"},"schema":{"@context":"https:\/\/schema.org","@graph":[{"@type":"Article","@id":"https:\/\/www.iemj.org\/de\/musique-francaise-avant-et-apres-la-grande-guerre\/#article","isPartOf":{"@id":"https:\/\/www.iemj.org\/de\/musique-francaise-avant-et-apres-la-grande-guerre\/"},"author":{"name":"Jacqueline ROTEN","@id":"https:\/\/www.iemj.org\/de\/#\/schema\/person\/358e26c18aca017fcc4cc15437f7279c"},"headline":"Franz\u00f6sische Musik vor und nach dem Ersten Weltkrieg","datePublished":"2017-10-16T15:47:44+00:00","dateModified":"2025-08-27T08:57:10+00:00","mainEntityOfPage":{"@id":"https:\/\/www.iemj.org\/de\/musique-francaise-avant-et-apres-la-grande-guerre\/"},"wordCount":240,"publisher":{"@id":"https:\/\/www.iemj.org\/de\/#organization"},"image":{"@id":"https:\/\/www.iemj.org\/de\/musique-francaise-avant-et-apres-la-grande-guerre\/#primaryimage"},"thumbnailUrl":"https:\/\/www.iemj.org\/wp-content\/uploads\/2017\/10\/arton2516.jpg","articleSection":["CD IEMJ","Sammlung Klassik","Ver\u00f6ffentlichungen"],"inLanguage":"de"},{"@type":"WebPage","@id":"https:\/\/www.iemj.org\/de\/musique-francaise-avant-et-apres-la-grande-guerre\/","url":"https:\/\/www.iemj.org\/de\/musique-francaise-avant-et-apres-la-grande-guerre\/","name":"Franz\u00f6sische Musik vor und nach dem Ersten Weltkrieg - Institut Europ\u00e9en des Musiques Juives","isPartOf":{"@id":"https:\/\/www.iemj.org\/de\/#website"},"primaryImageOfPage":{"@id":"https:\/\/www.iemj.org\/de\/musique-francaise-avant-et-apres-la-grande-guerre\/#primaryimage"},"image":{"@id":"https:\/\/www.iemj.org\/de\/musique-francaise-avant-et-apres-la-grande-guerre\/#primaryimage"},"thumbnailUrl":"https:\/\/www.iemj.org\/wp-content\/uploads\/2017\/10\/arton2516.jpg","datePublished":"2017-10-16T15:47:44+00:00","dateModified":"2025-08-27T08:57:10+00:00","breadcrumb":{"@id":"https:\/\/www.iemj.org\/de\/musique-francaise-avant-et-apres-la-grande-guerre\/#breadcrumb"},"inLanguage":"de","potentialAction":[{"@type":"ReadAction","target":["https:\/\/www.iemj.org\/de\/musique-francaise-avant-et-apres-la-grande-guerre\/"]}]},{"@type":"ImageObject","inLanguage":"de","@id":"https:\/\/www.iemj.org\/de\/musique-francaise-avant-et-apres-la-grande-guerre\/#primaryimage","url":"https:\/\/www.iemj.org\/wp-content\/uploads\/2017\/10\/arton2516.jpg","contentUrl":"https:\/\/www.iemj.org\/wp-content\/uploads\/2017\/10\/arton2516.jpg","width":608,"height":538},{"@type":"BreadcrumbList","@id":"https:\/\/www.iemj.org\/de\/musique-francaise-avant-et-apres-la-grande-guerre\/#breadcrumb","itemListElement":[{"@type":"ListItem","position":1,"name":"Accueil","item":"https:\/\/www.iemj.org\/de\/"},{"@type":"ListItem","position":2,"name":"Franz\u00f6sische Musik vor und nach dem Ersten Weltkrieg"}]},{"@type":"WebSite","@id":"https:\/\/www.iemj.org\/de\/#website","url":"https:\/\/www.iemj.org\/de\/","name":"Institut Europ\u00e9en des Musiques Juives","description":"Des traditions musicales \u00e0 la port\u00e9e de tous","publisher":{"@id":"https:\/\/www.iemj.org\/de\/#organization"},"potentialAction":[{"@type":"SearchAction","target":{"@type":"EntryPoint","urlTemplate":"https:\/\/www.iemj.org\/de\/?s={search_term_string}"},"query-input":{"@type":"PropertyValueSpecification","valueRequired":true,"valueName":"search_term_string"}}],"inLanguage":"de"},{"@type":"Organization","@id":"https:\/\/www.iemj.org\/de\/#organization","name":"Institut Europ\u00e9en des Musiques Juives","url":"https:\/\/www.iemj.org\/de\/","logo":{"@type":"ImageObject","inLanguage":"de","@id":"https:\/\/www.iemj.org\/de\/#\/schema\/logo\/image\/","url":"https:\/\/www.iemj.org\/wp-content\/uploads\/2021\/09\/Logo-IEMJ-Paypal.jpg","contentUrl":"https:\/\/www.iemj.org\/wp-content\/uploads\/2021\/09\/Logo-IEMJ-Paypal.jpg","width":150,"height":50,"caption":"Institut Europ\u00e9en des Musiques Juives"},"image":{"@id":"https:\/\/www.iemj.org\/de\/#\/schema\/logo\/image\/"},"sameAs":["https:\/\/www.facebook.com\/MusiquesJuives\/","https:\/\/www.instagram.com\/musiquesjuives\/","https:\/\/www.youtube.com\/user\/musiquesjuives"]},{"@type":"Person","@id":"https:\/\/www.iemj.org\/de\/#\/schema\/person\/358e26c18aca017fcc4cc15437f7279c","name":"Jacqueline ROTEN","image":{"@type":"ImageObject","inLanguage":"de","@id":"https:\/\/secure.gravatar.com\/avatar\/5964256d6c6957de3a3505278957e0fb2a35119ac47ea41827a65301213c810b?s=96&d=mm&r=g","url":"https:\/\/secure.gravatar.com\/avatar\/5964256d6c6957de3a3505278957e0fb2a35119ac47ea41827a65301213c810b?s=96&d=mm&r=g","contentUrl":"https:\/\/secure.gravatar.com\/avatar\/5964256d6c6957de3a3505278957e0fb2a35119ac47ea41827a65301213c810b?s=96&d=mm&r=g","caption":"Jacqueline ROTEN"}}]}},"_links":{"self":[{"href":"https:\/\/www.iemj.org\/de\/wp-json\/wp\/v2\/posts\/51322","targetHints":{"allow":["GET"]}}],"collection":[{"href":"https:\/\/www.iemj.org\/de\/wp-json\/wp\/v2\/posts"}],"about":[{"href":"https:\/\/www.iemj.org\/de\/wp-json\/wp\/v2\/types\/post"}],"author":[{"embeddable":true,"href":"https:\/\/www.iemj.org\/de\/wp-json\/wp\/v2\/users\/5"}],"replies":[{"embeddable":true,"href":"https:\/\/www.iemj.org\/de\/wp-json\/wp\/v2\/comments?post=51322"}],"version-history":[{"count":0,"href":"https:\/\/www.iemj.org\/de\/wp-json\/wp\/v2\/posts\/51322\/revisions"}],"wp:featuredmedia":[{"embeddable":true,"href":"https:\/\/www.iemj.org\/de\/wp-json\/wp\/v2\/media\/51323"}],"wp:attachment":[{"href":"https:\/\/www.iemj.org\/de\/wp-json\/wp\/v2\/media?parent=51322"}],"wp:term":[{"taxonomy":"category","embeddable":true,"href":"https:\/\/www.iemj.org\/de\/wp-json\/wp\/v2\/categories?post=51322"},{"taxonomy":"post_tag","embeddable":true,"href":"https:\/\/www.iemj.org\/de\/wp-json\/wp\/v2\/tags?post=51322"},{"taxonomy":"technique","embeddable":true,"href":"https:\/\/www.iemj.org\/de\/wp-json\/wp\/v2\/technique?post=51322"},{"taxonomy":"squelettes","embeddable":true,"href":"https:\/\/www.iemj.org\/de\/wp-json\/wp\/v2\/squelettes?post=51322"},{"taxonomy":"sujet","embeddable":true,"href":"https:\/\/www.iemj.org\/de\/wp-json\/wp\/v2\/sujet?post=51322"},{"taxonomy":"formation","embeddable":true,"href":"https:\/\/www.iemj.org\/de\/wp-json\/wp\/v2\/formation?post=51322"},{"taxonomy":"genre","embeddable":true,"href":"https:\/\/www.iemj.org\/de\/wp-json\/wp\/v2\/genre?post=51322"},{"taxonomy":"fonds","embeddable":true,"href":"https:\/\/www.iemj.org\/de\/wp-json\/wp\/v2\/fonds?post=51322"},{"taxonomy":"tradition","embeddable":true,"href":"https:\/\/www.iemj.org\/de\/wp-json\/wp\/v2\/tradition?post=51322"},{"taxonomy":"type-de-contenu","embeddable":true,"href":"https:\/\/www.iemj.org\/de\/wp-json\/wp\/v2\/type-de-contenu?post=51322"},{"taxonomy":"interprete-compositeur","embeddable":true,"href":"https:\/\/www.iemj.org\/de\/wp-json\/wp\/v2\/interprete-compositeur?post=51322"},{"taxonomy":"frise","embeddable":true,"href":"https:\/\/www.iemj.org\/de\/wp-json\/wp\/v2\/frise?post=51322"},{"taxonomy":"type-devenement","embeddable":true,"href":"https:\/\/www.iemj.org\/de\/wp-json\/wp\/v2\/type-devenement?post=51322"},{"taxonomy":"tableaux-liens-externes","embeddable":true,"href":"https:\/\/www.iemj.org\/de\/wp-json\/wp\/v2\/tableaux-liens-externes?post=51322"}],"curies":[{"name":"wp","href":"https:\/\/api.w.org\/{rel}","templated":true}]}}