{"id":51539,"date":"2018-09-12T16:42:01","date_gmt":"2018-09-12T14:42:01","guid":{"rendered":"https:\/\/www.iemj.org\/kol-nidre-nouvelles-visions\/"},"modified":"2025-09-23T19:08:30","modified_gmt":"2025-09-23T17:08:30","slug":"kol-nidre-nouvelles-visions","status":"publish","type":"post","link":"https:\/\/www.iemj.org\/de\/kol-nidre-nouvelles-visions\/","title":{"rendered":"Kol Nidr\u00e9 \u2013 Neue Interpretationen"},"content":{"rendered":"\n<p>&nbsp;\u201cKol Nidr\u00e9\u201d mit diesen Worten beginnt das ergreifende Eingangsgebet, das die 24 Stunden des feierlichsten Tages des j\u00fcdischen Jahres er\u00f6ffnet&nbsp;: Yom Kippour. Die traditionelle Melodie dieses Gebets hat die j\u00fcdische Welt schon immer fasziniert und verzaubert und auch viele Komponisten wurden von ihr inspiriert, um Werke von erhabener Sch\u00f6nheit zu schaffen.<\/p>\n\n\n<div class=\"wp-block-image\">\n<figure class=\"alignright\"><img decoding=\"async\" src=\"https:\/\/www.iemj.org\/wp-content\/uploads\/2018\/09\/mg_2420cdelfino_jf_zygel.jpg\" alt=\"_mg_2420cdelfino_jf_zygel.jpg\"\/><\/figure>\n<\/div>\n\n\n<p><\/p>\n\n\n\n<p class=\"has-text-align-left\">Im Jahre&nbsp; 2010 hatte die Union Lib\u00e9rale Isra\u00e9lite de France (ULIF) und das Institut Europ\u00e9en des Musiques Juives (IEMJ)&nbsp;schon eine erste Platte mit dem Titel&nbsp; &#8222;<a href=\"https:\/\/www.iemj.org\/de\/kol-nidre-huit-visions\/\">Kol nidr\u00e9 \u2013 Huit visions<\/a>&#8220;&nbsp;herausgegeben . Acht Jahre sp\u00e4ter ver\u00f6ffentlichte die ULIF Copernic&nbsp; und das IEMJ die vorliegende CD mit zehn neuen musikalischen Interpretationen des Kol Nidr\u00e9 und darunter&nbsp; zwei Weltpremieren &nbsp;: das&nbsp; Kol Nidrei von Alexandre Tansman (Manuskript von&nbsp; 1945) und das von&nbsp; Jean-Fran\u00e7ois Zygel f\u00fcr Klavier.<\/p>\n\n\n\n<p>Auf dieser CD kann man ebenfalls das Kol nidr\u00e9 von <strong>Alberto Hemsi<\/strong> (Singstimme und Klavier ), von <strong>Denis Cuniot<\/strong> (Jazzimprovisation ), von <strong>Eyal Bitton<\/strong> (Kantor und&nbsp; a cappella- Chor ), von <strong>Ben Zebelman<\/strong> (Klavier, Violine und Cello), von <strong>Sid Robinovitch<\/strong> (Sologitarre), von <strong>Joachim Stutschewsky<\/strong> (Harfe und Cello), von <strong>Jean-Fran\u00e7ois Zygel<\/strong> (Klavier und Cello) und von <strong>Ita\u00ef Daniel<\/strong> (Cor, Tenor, Klarinette und Streichquartett) h\u00f6ren.<\/p>\n\n\n<div class=\"wp-block-image\">\n<figure class=\"alignleft\"><img decoding=\"async\" width=\"107\" height=\"150\" src=\"https:\/\/www.iemj.org\/wp-content\/uploads\/2018\/09\/magen_bailly.jpg\" alt=\"magen_bailly.jpg\" class=\"wp-image-20743\"\/><\/figure>\n<\/div>\n\n\n<p>Eine&nbsp; ma\u00dfgebende CD mit international renomierten K\u00fcnstlern (Martine Bailly, Liat Cohen, Sivan Magen, Jean-Fran\u00e7ois Zygel\u2026) mit einem reich dokumentierten Begleitheft (Texte von&nbsp; Delphine Horvilleur, Herv\u00e9 Roten und Bruno Fraitag).<\/p>\n\n\n\n<p><em>Diese CD wurde mit der Unterst\u00fctzung von&nbsp; der <a href=\"https:\/\/www.fondationjudaisme.org\/\">Fondation du Juda\u00efsme Fran\u00e7ais<\/a>, von der <a href=\"www.fondationshoah.org\/\">Fondation pour la M\u00e9moire de la Shoah<\/a>, und von der Fondation Ir\u00e8ne et Jacques Darmon unter der Schirmherrschaft von der&nbsp; FJF und der <a href=\"https:\/\/www.aiu.org\/fr\/alliance-israelite-universelle\">Alliance Isra\u00e9lite Universelle<\/a>&nbsp;herausgegeben.<\/em><\/p>\n\n\n\n<div style=\"height:10px\" aria-hidden=\"true\" class=\"wp-block-spacer\"><\/div>\n\n\n\n<div class=\"wp-block-buttons is-layout-flex wp-block-buttons-is-layout-flex\">\n<div class=\"wp-block-button has-custom-width wp-block-button__width-100\"><a class=\"wp-block-button__link has-white-color has-text-color has-background has-link-color wp-element-button\" href=\"https:\/\/www.iemj.org\/de\/produit\/kol-nidre-new-visions\/\" style=\"background-color:#3c4b98\" target=\"_blank\" rel=\"noreferrer noopener\"><strong>Kaufen Sie die CD in unseren Online-Shop<\/strong><\/a><\/div>\n<\/div>\n\n\n\n<div style=\"height:10px\" aria-hidden=\"true\" class=\"wp-block-spacer\"><\/div>\n\n\n\n<p><a href=\"https:\/\/www.iemj.org\/cest-nouveau-ca-minteresse-emission-consacree-au-disque-mahzor-hayim-publie-par-liemj\/\" target=\"_blank\" rel=\"noreferrer noopener\">H\u00f6ren Sie die Radiosendung von L\u00e9a Moscona zu den CDs Mahzor Hayim und Kol Nidre<\/a> (auf Franz\u00f6sisch)<\/p>\n\n\n\n<p><strong>Informationen\/Bestellungen \/ Kontakt unter<\/strong> &nbsp;01 45 82 20 52 oder&nbsp; <a href=\"mailto:contact@iemj.org\">contact@iemj.org<\/a><\/p>\n\n\n\n<div class=\"wp-block-columns is-layout-flex wp-container-core-columns-is-layout-9d6595d7 wp-block-columns-is-layout-flex\">\n<div class=\"wp-block-column is-layout-flow wp-block-column-is-layout-flow\">\n<figure class=\"wp-block-image size-large\"><img decoding=\"async\" width=\"226\" height=\"150\" src=\"https:\/\/www.iemj.org\/wp-content\/uploads\/2018\/09\/mg_2555cdelfino_ensemble_choral_copernic_i_daniel_et_bitton.jpg\" alt=\"_mg_2555cdelfino_ensemble_choral_copernic_i_daniel_et_bitton.jpg\" class=\"wp-image-20745\"\/><\/figure>\n<\/div>\n\n\n\n<div class=\"wp-block-column is-layout-flow wp-block-column-is-layout-flow\">\n<figure class=\"wp-block-image size-large\"><img decoding=\"async\" src=\"https:\/\/www.iemj.org\/wp-content\/uploads\/2018\/09\/mg_2346cdelfino_quatuor_copernic_et_peut-etre_sarah_lefevre.jpg\" alt=\"\"\/><\/figure>\n<\/div>\n\n\n\n<div class=\"wp-block-column is-layout-flow wp-block-column-is-layout-flow\">\n<figure class=\"wp-block-image size-large\"><img decoding=\"async\" src=\"https:\/\/www.iemj.org\/wp-content\/uploads\/2018\/09\/mg_2372cdelfino_trio_guerchovitch-ispir_et_strauss.jpg\" alt=\"\"\/><\/figure>\n<\/div>\n<\/div>\n\n\n\n<figure class=\"wp-block-image alignwide\"><img decoding=\"async\" width=\"300\" height=\"39\" src=\"https:\/\/www.iemj.org\/wp-content\/uploads\/2024\/03\/AUDIO-PLAYER-300x39.png\" alt=\"\" class=\"wp-image-110606\" srcset=\"https:\/\/www.iemj.org\/wp-content\/uploads\/2024\/03\/AUDIO-PLAYER-300x39.png 300w, https:\/\/www.iemj.org\/wp-content\/uploads\/2024\/03\/AUDIO-PLAYER-1024x133.png 1024w, https:\/\/www.iemj.org\/wp-content\/uploads\/2024\/03\/AUDIO-PLAYER-768x100.png 768w, https:\/\/www.iemj.org\/wp-content\/uploads\/2024\/03\/AUDIO-PLAYER-600x78.png 600w, https:\/\/www.iemj.org\/wp-content\/uploads\/2024\/03\/AUDIO-PLAYER.png 1210w\" sizes=\"(max-width: 300px) 100vw, 300px\" \/><\/figure>\n\n\n\n<div class=\"wp-block-file\"><a href=\"https:\/\/www.iemj.org\/wp-content\/uploads\/2018\/09\/01_tansman_kol_nidre_siteiemj.mp3\">Alexandre Tansman_Kol Nidrei<\/a><\/div>\n\n\n\n<div class=\"wp-block-file\"><a href=\"https:\/\/www.iemj.org\/wp-content\/uploads\/2018\/09\/02_zygel_kol_nidre_piano_violoncelle_siteiemj.mp3\">Jean-Fran\u00e7ois Zygel_Kol Nidr\u00e9 pour piano et violoncelle<\/a><\/div>\n\n\n\n<div class=\"wp-block-file\"><a href=\"https:\/\/www.iemj.org\/wp-content\/uploads\/2018\/09\/03_hemsi_kol_nidre_siteiemj.mp3\">Alberto Hemsi_Kal Nidr\u00e9<\/a><\/div>\n\n\n\n<div class=\"wp-block-file\"><a href=\"https:\/\/www.iemj.org\/wp-content\/uploads\/2018\/09\/04_cuniot_kol_nidre_siteiemj.mp3\">Denis Cuniot_Improvisation Jazz sur le th\u00e8me du Kol Nidr\u00e9<\/a><\/div>\n\n\n\n<div class=\"wp-block-file\"><a href=\"https:\/\/www.iemj.org\/wp-content\/uploads\/2018\/09\/05_bitton_kol_nidre_siteiemj.mp3\">Eyal Bitton_Kal Nidrei<\/a><\/div>\n\n\n\n<div class=\"wp-block-file\"><a href=\"https:\/\/www.iemj.org\/wp-content\/uploads\/2018\/09\/06_zebelman_kol_nidre_siteiemj.mp3\">Ben Zebelman_Kol Nidre Variations<\/a><\/div>\n\n\n\n<div class=\"wp-block-file\"><a href=\"https:\/\/www.iemj.org\/wp-content\/uploads\/2018\/09\/07_robinovitch_kol_nidre_siteiemj.mp3\">Sid Robinovitch_Kol Nidrei pour guitare solo<\/a><\/div>\n\n\n\n<div class=\"wp-block-file\"><a href=\"https:\/\/www.iemj.org\/wp-content\/uploads\/2018\/09\/08_stutschewsky_kol_nidre_siteiemj.mp3\">Joachim Stutschewsky_Kol Nidrei<\/a><\/div>\n\n\n\n<div class=\"wp-block-file\"><a href=\"https:\/\/www.iemj.org\/wp-content\/uploads\/2018\/09\/09_daniel_kol_nidre_siteiemj.mp3\">Itai Daniel_ Kol Nidrei<\/a><\/div>\n\n\n\n<div class=\"wp-block-file\"><a href=\"https:\/\/www.iemj.org\/wp-content\/uploads\/2018\/09\/10_zygel_kol_nidre_piano_seul_siteiemj.mp3\">Jean-Fran\u00e7ois Zygel_Kol Nidr\u00e9 pour piano<\/a><\/div>\n","protected":false},"excerpt":{"rendered":"<p>&nbsp;\u201cKol Nidr\u00e9\u201d mit diesen Worten beginnt das ergreifende Eingangsgebet, das die 24 Stunden des feierlichsten Tages des j\u00fcdischen Jahres er\u00f6ffnet&nbsp;: Yom Kippour. Die traditionelle Melodie dieses Gebets hat die j\u00fcdische<\/p>\n","protected":false},"author":1045,"featured_media":51540,"comment_status":"closed","ping_status":"closed","sticky":false,"template":"","format":"standard","meta":{"_acf_changed":false,"footnotes":""},"categories":[1393,2199,1390],"tags":[],"technique":[],"squelettes":[],"sujet":[1760],"formation":[],"genre":[1900],"fonds":[],"tradition":[],"type-de-contenu":[],"interprete-compositeur":[3081,3085,3138,3181,3208],"frise":[],"type-devenement":[],"tableaux-liens-externes":[],"class_list":["post-51539","post","type-post","status-publish","format-standard","has-post-thumbnail","hentry","category-cd-iemj-de","category-sammlung-klassik-de","category-veroffentlichungen-de","sujet-yom-kippur-de","genre-klassische-musik-de","interprete-compositeur-alberto-hemsi-de","interprete-compositeur-alexandre-tansman-de","interprete-compositeur-denis-cuniot-de","interprete-compositeur-itai-daniel-de-3","interprete-compositeur-jean-francois-zygel-de"],"acf":[],"yoast_head":"<!-- This site is optimized with the Yoast SEO plugin v27.3 - https:\/\/yoast.com\/product\/yoast-seo-wordpress\/ -->\n<title>Kol Nidr\u00e9 \u2013 Neue Interpretationen - Institut Europ\u00e9en des Musiques Juives<\/title>\n<meta name=\"robots\" content=\"index, follow, max-snippet:-1, max-image-preview:large, max-video-preview:-1\" \/>\n<link rel=\"canonical\" href=\"https:\/\/www.iemj.org\/de\/kol-nidre-nouvelles-visions\/\" \/>\n<meta property=\"og:locale\" content=\"de_DE\" \/>\n<meta property=\"og:type\" content=\"article\" \/>\n<meta property=\"og:title\" content=\"Kol Nidr\u00e9 \u2013 Neue Interpretationen - Institut Europ\u00e9en des Musiques Juives\" \/>\n<meta property=\"og:description\" content=\"&nbsp;\u201cKol Nidr\u00e9\u201d mit diesen Worten beginnt das ergreifende Eingangsgebet, das die 24 Stunden des feierlichsten Tages des j\u00fcdischen Jahres er\u00f6ffnet&nbsp;: Yom Kippour. Die traditionelle Melodie dieses Gebets hat die j\u00fcdische\" \/>\n<meta property=\"og:url\" content=\"https:\/\/www.iemj.org\/de\/kol-nidre-nouvelles-visions\/\" \/>\n<meta property=\"og:site_name\" content=\"Institut Europ\u00e9en des Musiques Juives\" \/>\n<meta property=\"article:publisher\" content=\"https:\/\/www.facebook.com\/MusiquesJuives\/\" \/>\n<meta property=\"article:published_time\" content=\"2018-09-12T14:42:01+00:00\" \/>\n<meta property=\"article:modified_time\" content=\"2025-09-23T17:08:30+00:00\" \/>\n<meta property=\"og:image\" content=\"https:\/\/www.iemj.org\/wp-content\/uploads\/2018\/09\/arton3612.jpg\" \/>\n\t<meta property=\"og:image:width\" content=\"402\" \/>\n\t<meta property=\"og:image:height\" content=\"363\" \/>\n\t<meta property=\"og:image:type\" content=\"image\/jpeg\" \/>\n<meta name=\"author\" content=\"Herv\u00e9 Roten\" \/>\n<meta name=\"twitter:card\" content=\"summary_large_image\" \/>\n<meta name=\"twitter:label1\" content=\"Verfasst von\" \/>\n\t<meta name=\"twitter:data1\" content=\"Herv\u00e9 Roten\" \/>\n\t<meta name=\"twitter:label2\" content=\"Gesch\u00e4tzte Lesezeit\" \/>\n\t<meta name=\"twitter:data2\" content=\"4\u00a0Minuten\" \/>\n<script type=\"application\/ld+json\" class=\"yoast-schema-graph\">{\"@context\":\"https:\\\/\\\/schema.org\",\"@graph\":[{\"@type\":\"Article\",\"@id\":\"https:\\\/\\\/www.iemj.org\\\/de\\\/kol-nidre-nouvelles-visions\\\/#article\",\"isPartOf\":{\"@id\":\"https:\\\/\\\/www.iemj.org\\\/de\\\/kol-nidre-nouvelles-visions\\\/\"},\"author\":{\"name\":\"Herv\u00e9 Roten\",\"@id\":\"https:\\\/\\\/www.iemj.org\\\/de\\\/#\\\/schema\\\/person\\\/906134402c29d5c76e7b726261dd4bbd\"},\"headline\":\"Kol Nidr\u00e9 \u2013 Neue Interpretationen\",\"datePublished\":\"2018-09-12T14:42:01+00:00\",\"dateModified\":\"2025-09-23T17:08:30+00:00\",\"mainEntityOfPage\":{\"@id\":\"https:\\\/\\\/www.iemj.org\\\/de\\\/kol-nidre-nouvelles-visions\\\/\"},\"wordCount\":390,\"publisher\":{\"@id\":\"https:\\\/\\\/www.iemj.org\\\/de\\\/#organization\"},\"image\":{\"@id\":\"https:\\\/\\\/www.iemj.org\\\/de\\\/kol-nidre-nouvelles-visions\\\/#primaryimage\"},\"thumbnailUrl\":\"https:\\\/\\\/www.iemj.org\\\/wp-content\\\/uploads\\\/2018\\\/09\\\/arton3612.jpg\",\"articleSection\":[\"CD IEMJ\",\"Sammlung Klassik\",\"Ver\u00f6ffentlichungen\"],\"inLanguage\":\"de\"},{\"@type\":\"WebPage\",\"@id\":\"https:\\\/\\\/www.iemj.org\\\/de\\\/kol-nidre-nouvelles-visions\\\/\",\"url\":\"https:\\\/\\\/www.iemj.org\\\/de\\\/kol-nidre-nouvelles-visions\\\/\",\"name\":\"Kol Nidr\u00e9 \u2013 Neue Interpretationen - Institut Europ\u00e9en des Musiques Juives\",\"isPartOf\":{\"@id\":\"https:\\\/\\\/www.iemj.org\\\/de\\\/#website\"},\"primaryImageOfPage\":{\"@id\":\"https:\\\/\\\/www.iemj.org\\\/de\\\/kol-nidre-nouvelles-visions\\\/#primaryimage\"},\"image\":{\"@id\":\"https:\\\/\\\/www.iemj.org\\\/de\\\/kol-nidre-nouvelles-visions\\\/#primaryimage\"},\"thumbnailUrl\":\"https:\\\/\\\/www.iemj.org\\\/wp-content\\\/uploads\\\/2018\\\/09\\\/arton3612.jpg\",\"datePublished\":\"2018-09-12T14:42:01+00:00\",\"dateModified\":\"2025-09-23T17:08:30+00:00\",\"breadcrumb\":{\"@id\":\"https:\\\/\\\/www.iemj.org\\\/de\\\/kol-nidre-nouvelles-visions\\\/#breadcrumb\"},\"inLanguage\":\"de\",\"potentialAction\":[{\"@type\":\"ReadAction\",\"target\":[\"https:\\\/\\\/www.iemj.org\\\/de\\\/kol-nidre-nouvelles-visions\\\/\"]}]},{\"@type\":\"ImageObject\",\"inLanguage\":\"de\",\"@id\":\"https:\\\/\\\/www.iemj.org\\\/de\\\/kol-nidre-nouvelles-visions\\\/#primaryimage\",\"url\":\"https:\\\/\\\/www.iemj.org\\\/wp-content\\\/uploads\\\/2018\\\/09\\\/arton3612.jpg\",\"contentUrl\":\"https:\\\/\\\/www.iemj.org\\\/wp-content\\\/uploads\\\/2018\\\/09\\\/arton3612.jpg\",\"width\":402,\"height\":363},{\"@type\":\"BreadcrumbList\",\"@id\":\"https:\\\/\\\/www.iemj.org\\\/de\\\/kol-nidre-nouvelles-visions\\\/#breadcrumb\",\"itemListElement\":[{\"@type\":\"ListItem\",\"position\":1,\"name\":\"Accueil\",\"item\":\"https:\\\/\\\/www.iemj.org\\\/de\\\/\"},{\"@type\":\"ListItem\",\"position\":2,\"name\":\"Kol Nidr\u00e9 \u2013 Neue Interpretationen\"}]},{\"@type\":\"WebSite\",\"@id\":\"https:\\\/\\\/www.iemj.org\\\/de\\\/#website\",\"url\":\"https:\\\/\\\/www.iemj.org\\\/de\\\/\",\"name\":\"Institut Europ\u00e9en des Musiques Juives\",\"description\":\"Des traditions musicales \u00e0 la port\u00e9e de tous\",\"publisher\":{\"@id\":\"https:\\\/\\\/www.iemj.org\\\/de\\\/#organization\"},\"potentialAction\":[{\"@type\":\"SearchAction\",\"target\":{\"@type\":\"EntryPoint\",\"urlTemplate\":\"https:\\\/\\\/www.iemj.org\\\/de\\\/?s={search_term_string}\"},\"query-input\":{\"@type\":\"PropertyValueSpecification\",\"valueRequired\":true,\"valueName\":\"search_term_string\"}}],\"inLanguage\":\"de\"},{\"@type\":\"Organization\",\"@id\":\"https:\\\/\\\/www.iemj.org\\\/de\\\/#organization\",\"name\":\"Institut Europ\u00e9en des Musiques Juives\",\"url\":\"https:\\\/\\\/www.iemj.org\\\/de\\\/\",\"logo\":{\"@type\":\"ImageObject\",\"inLanguage\":\"de\",\"@id\":\"https:\\\/\\\/www.iemj.org\\\/de\\\/#\\\/schema\\\/logo\\\/image\\\/\",\"url\":\"https:\\\/\\\/www.iemj.org\\\/wp-content\\\/uploads\\\/2021\\\/09\\\/Logo-IEMJ-Paypal.jpg\",\"contentUrl\":\"https:\\\/\\\/www.iemj.org\\\/wp-content\\\/uploads\\\/2021\\\/09\\\/Logo-IEMJ-Paypal.jpg\",\"width\":150,\"height\":50,\"caption\":\"Institut Europ\u00e9en des Musiques Juives\"},\"image\":{\"@id\":\"https:\\\/\\\/www.iemj.org\\\/de\\\/#\\\/schema\\\/logo\\\/image\\\/\"},\"sameAs\":[\"https:\\\/\\\/www.facebook.com\\\/MusiquesJuives\\\/\",\"https:\\\/\\\/www.instagram.com\\\/musiquesjuives\\\/\",\"https:\\\/\\\/www.youtube.com\\\/user\\\/musiquesjuives\"]},{\"@type\":\"Person\",\"@id\":\"https:\\\/\\\/www.iemj.org\\\/de\\\/#\\\/schema\\\/person\\\/906134402c29d5c76e7b726261dd4bbd\",\"name\":\"Herv\u00e9 Roten\",\"image\":{\"@type\":\"ImageObject\",\"inLanguage\":\"de\",\"@id\":\"https:\\\/\\\/secure.gravatar.com\\\/avatar\\\/f96ad2db538a26481f18384936b5cd0610c92d390c4dc382209216d455f685ff?s=96&d=mm&r=g\",\"url\":\"https:\\\/\\\/secure.gravatar.com\\\/avatar\\\/f96ad2db538a26481f18384936b5cd0610c92d390c4dc382209216d455f685ff?s=96&d=mm&r=g\",\"contentUrl\":\"https:\\\/\\\/secure.gravatar.com\\\/avatar\\\/f96ad2db538a26481f18384936b5cd0610c92d390c4dc382209216d455f685ff?s=96&d=mm&r=g\",\"caption\":\"Herv\u00e9 Roten\"}}]}<\/script>\n<!-- \/ Yoast SEO plugin. -->","yoast_head_json":{"title":"Kol Nidr\u00e9 \u2013 Neue Interpretationen - Institut Europ\u00e9en des Musiques Juives","robots":{"index":"index","follow":"follow","max-snippet":"max-snippet:-1","max-image-preview":"max-image-preview:large","max-video-preview":"max-video-preview:-1"},"canonical":"https:\/\/www.iemj.org\/de\/kol-nidre-nouvelles-visions\/","og_locale":"de_DE","og_type":"article","og_title":"Kol Nidr\u00e9 \u2013 Neue Interpretationen - Institut Europ\u00e9en des Musiques Juives","og_description":"&nbsp;\u201cKol Nidr\u00e9\u201d mit diesen Worten beginnt das ergreifende Eingangsgebet, das die 24 Stunden des feierlichsten Tages des j\u00fcdischen Jahres er\u00f6ffnet&nbsp;: Yom Kippour. Die traditionelle Melodie dieses Gebets hat die j\u00fcdische","og_url":"https:\/\/www.iemj.org\/de\/kol-nidre-nouvelles-visions\/","og_site_name":"Institut Europ\u00e9en des Musiques Juives","article_publisher":"https:\/\/www.facebook.com\/MusiquesJuives\/","article_published_time":"2018-09-12T14:42:01+00:00","article_modified_time":"2025-09-23T17:08:30+00:00","og_image":[{"width":402,"height":363,"url":"https:\/\/www.iemj.org\/wp-content\/uploads\/2018\/09\/arton3612.jpg","type":"image\/jpeg"}],"author":"Herv\u00e9 Roten","twitter_card":"summary_large_image","twitter_misc":{"Verfasst von":"Herv\u00e9 Roten","Gesch\u00e4tzte Lesezeit":"4\u00a0Minuten"},"schema":{"@context":"https:\/\/schema.org","@graph":[{"@type":"Article","@id":"https:\/\/www.iemj.org\/de\/kol-nidre-nouvelles-visions\/#article","isPartOf":{"@id":"https:\/\/www.iemj.org\/de\/kol-nidre-nouvelles-visions\/"},"author":{"name":"Herv\u00e9 Roten","@id":"https:\/\/www.iemj.org\/de\/#\/schema\/person\/906134402c29d5c76e7b726261dd4bbd"},"headline":"Kol Nidr\u00e9 \u2013 Neue Interpretationen","datePublished":"2018-09-12T14:42:01+00:00","dateModified":"2025-09-23T17:08:30+00:00","mainEntityOfPage":{"@id":"https:\/\/www.iemj.org\/de\/kol-nidre-nouvelles-visions\/"},"wordCount":390,"publisher":{"@id":"https:\/\/www.iemj.org\/de\/#organization"},"image":{"@id":"https:\/\/www.iemj.org\/de\/kol-nidre-nouvelles-visions\/#primaryimage"},"thumbnailUrl":"https:\/\/www.iemj.org\/wp-content\/uploads\/2018\/09\/arton3612.jpg","articleSection":["CD IEMJ","Sammlung Klassik","Ver\u00f6ffentlichungen"],"inLanguage":"de"},{"@type":"WebPage","@id":"https:\/\/www.iemj.org\/de\/kol-nidre-nouvelles-visions\/","url":"https:\/\/www.iemj.org\/de\/kol-nidre-nouvelles-visions\/","name":"Kol Nidr\u00e9 \u2013 Neue Interpretationen - Institut Europ\u00e9en des Musiques Juives","isPartOf":{"@id":"https:\/\/www.iemj.org\/de\/#website"},"primaryImageOfPage":{"@id":"https:\/\/www.iemj.org\/de\/kol-nidre-nouvelles-visions\/#primaryimage"},"image":{"@id":"https:\/\/www.iemj.org\/de\/kol-nidre-nouvelles-visions\/#primaryimage"},"thumbnailUrl":"https:\/\/www.iemj.org\/wp-content\/uploads\/2018\/09\/arton3612.jpg","datePublished":"2018-09-12T14:42:01+00:00","dateModified":"2025-09-23T17:08:30+00:00","breadcrumb":{"@id":"https:\/\/www.iemj.org\/de\/kol-nidre-nouvelles-visions\/#breadcrumb"},"inLanguage":"de","potentialAction":[{"@type":"ReadAction","target":["https:\/\/www.iemj.org\/de\/kol-nidre-nouvelles-visions\/"]}]},{"@type":"ImageObject","inLanguage":"de","@id":"https:\/\/www.iemj.org\/de\/kol-nidre-nouvelles-visions\/#primaryimage","url":"https:\/\/www.iemj.org\/wp-content\/uploads\/2018\/09\/arton3612.jpg","contentUrl":"https:\/\/www.iemj.org\/wp-content\/uploads\/2018\/09\/arton3612.jpg","width":402,"height":363},{"@type":"BreadcrumbList","@id":"https:\/\/www.iemj.org\/de\/kol-nidre-nouvelles-visions\/#breadcrumb","itemListElement":[{"@type":"ListItem","position":1,"name":"Accueil","item":"https:\/\/www.iemj.org\/de\/"},{"@type":"ListItem","position":2,"name":"Kol Nidr\u00e9 \u2013 Neue Interpretationen"}]},{"@type":"WebSite","@id":"https:\/\/www.iemj.org\/de\/#website","url":"https:\/\/www.iemj.org\/de\/","name":"Institut Europ\u00e9en des Musiques Juives","description":"Des traditions musicales \u00e0 la port\u00e9e de tous","publisher":{"@id":"https:\/\/www.iemj.org\/de\/#organization"},"potentialAction":[{"@type":"SearchAction","target":{"@type":"EntryPoint","urlTemplate":"https:\/\/www.iemj.org\/de\/?s={search_term_string}"},"query-input":{"@type":"PropertyValueSpecification","valueRequired":true,"valueName":"search_term_string"}}],"inLanguage":"de"},{"@type":"Organization","@id":"https:\/\/www.iemj.org\/de\/#organization","name":"Institut Europ\u00e9en des Musiques Juives","url":"https:\/\/www.iemj.org\/de\/","logo":{"@type":"ImageObject","inLanguage":"de","@id":"https:\/\/www.iemj.org\/de\/#\/schema\/logo\/image\/","url":"https:\/\/www.iemj.org\/wp-content\/uploads\/2021\/09\/Logo-IEMJ-Paypal.jpg","contentUrl":"https:\/\/www.iemj.org\/wp-content\/uploads\/2021\/09\/Logo-IEMJ-Paypal.jpg","width":150,"height":50,"caption":"Institut Europ\u00e9en des Musiques Juives"},"image":{"@id":"https:\/\/www.iemj.org\/de\/#\/schema\/logo\/image\/"},"sameAs":["https:\/\/www.facebook.com\/MusiquesJuives\/","https:\/\/www.instagram.com\/musiquesjuives\/","https:\/\/www.youtube.com\/user\/musiquesjuives"]},{"@type":"Person","@id":"https:\/\/www.iemj.org\/de\/#\/schema\/person\/906134402c29d5c76e7b726261dd4bbd","name":"Herv\u00e9 Roten","image":{"@type":"ImageObject","inLanguage":"de","@id":"https:\/\/secure.gravatar.com\/avatar\/f96ad2db538a26481f18384936b5cd0610c92d390c4dc382209216d455f685ff?s=96&d=mm&r=g","url":"https:\/\/secure.gravatar.com\/avatar\/f96ad2db538a26481f18384936b5cd0610c92d390c4dc382209216d455f685ff?s=96&d=mm&r=g","contentUrl":"https:\/\/secure.gravatar.com\/avatar\/f96ad2db538a26481f18384936b5cd0610c92d390c4dc382209216d455f685ff?s=96&d=mm&r=g","caption":"Herv\u00e9 Roten"}}]}},"_links":{"self":[{"href":"https:\/\/www.iemj.org\/de\/wp-json\/wp\/v2\/posts\/51539","targetHints":{"allow":["GET"]}}],"collection":[{"href":"https:\/\/www.iemj.org\/de\/wp-json\/wp\/v2\/posts"}],"about":[{"href":"https:\/\/www.iemj.org\/de\/wp-json\/wp\/v2\/types\/post"}],"author":[{"embeddable":true,"href":"https:\/\/www.iemj.org\/de\/wp-json\/wp\/v2\/users\/1045"}],"replies":[{"embeddable":true,"href":"https:\/\/www.iemj.org\/de\/wp-json\/wp\/v2\/comments?post=51539"}],"version-history":[{"count":0,"href":"https:\/\/www.iemj.org\/de\/wp-json\/wp\/v2\/posts\/51539\/revisions"}],"wp:featuredmedia":[{"embeddable":true,"href":"https:\/\/www.iemj.org\/de\/wp-json\/wp\/v2\/media\/51540"}],"wp:attachment":[{"href":"https:\/\/www.iemj.org\/de\/wp-json\/wp\/v2\/media?parent=51539"}],"wp:term":[{"taxonomy":"category","embeddable":true,"href":"https:\/\/www.iemj.org\/de\/wp-json\/wp\/v2\/categories?post=51539"},{"taxonomy":"post_tag","embeddable":true,"href":"https:\/\/www.iemj.org\/de\/wp-json\/wp\/v2\/tags?post=51539"},{"taxonomy":"technique","embeddable":true,"href":"https:\/\/www.iemj.org\/de\/wp-json\/wp\/v2\/technique?post=51539"},{"taxonomy":"squelettes","embeddable":true,"href":"https:\/\/www.iemj.org\/de\/wp-json\/wp\/v2\/squelettes?post=51539"},{"taxonomy":"sujet","embeddable":true,"href":"https:\/\/www.iemj.org\/de\/wp-json\/wp\/v2\/sujet?post=51539"},{"taxonomy":"formation","embeddable":true,"href":"https:\/\/www.iemj.org\/de\/wp-json\/wp\/v2\/formation?post=51539"},{"taxonomy":"genre","embeddable":true,"href":"https:\/\/www.iemj.org\/de\/wp-json\/wp\/v2\/genre?post=51539"},{"taxonomy":"fonds","embeddable":true,"href":"https:\/\/www.iemj.org\/de\/wp-json\/wp\/v2\/fonds?post=51539"},{"taxonomy":"tradition","embeddable":true,"href":"https:\/\/www.iemj.org\/de\/wp-json\/wp\/v2\/tradition?post=51539"},{"taxonomy":"type-de-contenu","embeddable":true,"href":"https:\/\/www.iemj.org\/de\/wp-json\/wp\/v2\/type-de-contenu?post=51539"},{"taxonomy":"interprete-compositeur","embeddable":true,"href":"https:\/\/www.iemj.org\/de\/wp-json\/wp\/v2\/interprete-compositeur?post=51539"},{"taxonomy":"frise","embeddable":true,"href":"https:\/\/www.iemj.org\/de\/wp-json\/wp\/v2\/frise?post=51539"},{"taxonomy":"type-devenement","embeddable":true,"href":"https:\/\/www.iemj.org\/de\/wp-json\/wp\/v2\/type-devenement?post=51539"},{"taxonomy":"tableaux-liens-externes","embeddable":true,"href":"https:\/\/www.iemj.org\/de\/wp-json\/wp\/v2\/tableaux-liens-externes?post=51539"}],"curies":[{"name":"wp","href":"https:\/\/api.w.org\/{rel}","templated":true}]}}