{"id":52392,"date":"2016-10-20T09:25:00","date_gmt":"2016-10-20T07:25:00","guid":{"rendered":"https:\/\/www.iemj.org\/yerushe-tresors-de-la-chanson-yiddish\/"},"modified":"2025-08-25T11:52:17","modified_gmt":"2025-08-25T09:52:17","slug":"yerushe-tresors-de-la-chanson-yiddish","status":"publish","type":"post","link":"https:\/\/www.iemj.org\/de\/yerushe-tresors-de-la-chanson-yiddish\/","title":{"rendered":"Yerushe \u2013 Sch\u00e4tze des jiddischen Chansons"},"content":{"rendered":"<h3>\u00a0<\/h3>\n<h3 class=\"post_excerpt\">7. CD DER ENTDECKUNGEN-SAMMLUNG<\/h3>\n<p><!--more--><\/p>\n<p><strong>Yerushe<\/strong> bedeutet auf Jiddisch so viel wie \u201eErbe\u201c und l\u00e4sst ganze Teile des Jiddischen Chansons wieder aufleben, die bisher in europ\u00e4ischen und amerikanischen Archiven geschlummert hatten. <strong>Ein faszinierendes Werk der Wiederauferstehung<\/strong>, dargeboten von El\u00e9onore Biezunski (Gesang, Violine) und ihrer Musikergruppe bestehend aus Stephen Harrison (Kontrabass und Banjo), Piotr Odrekhivskyy (Akkordeon), Michel Schick (Klarinette, Querfl\u00f6te und Ukulele), sowie den G\u00e4sten Laurent d\u2019Aumale (Gesang), Marine Goldwaser (Panfl\u00f6te), Michel Ta\u00efeb (Banjo und Perkussion), Nils Wekstein (Schlaginstrumente) und R\u00e9my Yulzari (Kontrabass).<\/p>\n<p><a href=\"https:\/\/www.iemj.org\/en\/product\/yerushe\/\" target=\"_blank\" rel=\"noopener\">Kaufen Sie die CD im Onlineshop des IEMJ<\/a><\/p>\n<p><a href=\"https:\/\/www.iemj.org\/en\/product\/yerushe\/\" target=\"_blank\" rel=\"noopener\">Besuchen Sie Yerushe&#8217;s Website<\/a><\/p>\n<p><strong>Auskunft\/Bestellung\/Pressenkontakt<\/strong> telefonisch unter (+33) 1 45 82 20 52 und per Mail an <a href=\"mailto:contact@iemj.org\">contact@iemj.org<\/a><\/p>\n<p><img fetchpriority=\"high\" decoding=\"async\" class=\" alignleft size-full wp-image-50818\" src=\"https:\/\/www.iemj.org\/wp-content\/uploads\/2016\/10\/couv4_yerushe.jpg\" alt=\"couv4_yerushe.jpg\" width=\"600\" height=\"534\" align=\"left\" srcset=\"https:\/\/www.iemj.org\/wp-content\/uploads\/2016\/10\/couv4_yerushe.jpg 600w, https:\/\/www.iemj.org\/wp-content\/uploads\/2016\/10\/couv4_yerushe-300x267.jpg 300w\" sizes=\"(max-width: 600px) 100vw, 600px\" \/><\/p>\n\n\n<h2 class=\"wp-block-heading\"><\/h2>\n\n\n<div class=\"wp-block-image\">\n<figure class=\"aligncenter size-large\"><img decoding=\"async\" width=\"1024\" height=\"133\" src=\"https:\/\/www.iemj.org\/wp-content\/uploads\/2024\/03\/AUDIO-PLAYER-1024x133.png\" alt=\"\" class=\"wp-image-110606\" srcset=\"https:\/\/www.iemj.org\/wp-content\/uploads\/2024\/03\/AUDIO-PLAYER-1024x133.png 1024w, https:\/\/www.iemj.org\/wp-content\/uploads\/2024\/03\/AUDIO-PLAYER-300x39.png 300w, https:\/\/www.iemj.org\/wp-content\/uploads\/2024\/03\/AUDIO-PLAYER-768x100.png 768w, https:\/\/www.iemj.org\/wp-content\/uploads\/2024\/03\/AUDIO-PLAYER-600x78.png 600w, https:\/\/www.iemj.org\/wp-content\/uploads\/2024\/03\/AUDIO-PLAYER.png 1210w\" sizes=\"(max-width: 1024px) 100vw, 1024px\" \/><\/figure>\n<\/div>\n\n\n<div class=\"wp-block-file\"><a id=\"wp-block-file--media-fcceba85-1247-450e-82e1-04fbc4167ec9\" href=\"https:\/\/www.iemj.org\/wp-content\/uploads\/2016\/10\/01_a_volich_non_def.mp3\">A volich<\/a><\/div>\n\n\n\n<div class=\"wp-block-file\"><a id=\"wp-block-file--media-5d5a2dd0-3d83-44e6-a5a0-2634000a8aa4\" href=\"https:\/\/www.iemj.org\/wp-content\/uploads\/2016\/10\/02_meydelekh_un_vaybelekh_non_def.mp3\">Meydelekh un vaybelekh<\/a><\/div>\n\n\n\n<div class=\"wp-block-file\"><a id=\"wp-block-file--media-ce076e58-3a25-4cc2-9093-ea72ef9756eb\" href=\"https:\/\/www.iemj.org\/wp-content\/uploads\/2016\/10\/03_skotshne_vinnitsa_non_def.mp3\">Skotshne vinnitsa<\/a><\/div>\n\n\n\n<div class=\"wp-block-file\"><a id=\"wp-block-file--media-da1e0cd0-adb3-4600-a8df-c4d5ad71ce87\" href=\"https:\/\/www.iemj.org\/wp-content\/uploads\/2016\/10\/05_fin_mayn_mamelyu_10_non_def.mp3\">Fin mayn mamelyu<\/a><\/div>\n\n\n\n<div class=\"wp-block-file\"><a id=\"wp-block-file--media-3988837c-fcb3-4a1b-87da-3c1c7354806c\" href=\"https:\/\/www.iemj.org\/wp-content\/uploads\/2016\/10\/08_sher_no281_non_def.mp3\">Sher n\u00b0281<\/a><\/div>\n\n\n\n<div class=\"wp-block-file\"><a id=\"wp-block-file--media-ef7b5236-f81e-4d40-8a76-c021000bf2e7\" href=\"https:\/\/www.iemj.org\/wp-content\/uploads\/2016\/10\/16_hostu_mikh_lib_non_def.mp3\">Hostu mikh lib<\/a><\/div>\n\n\n\n<p><\/p>\n","protected":false},"excerpt":{"rendered":"<p>\u00a0 7. CD DER ENTDECKUNGEN-SAMMLUNG<\/p>\n","protected":false},"author":5,"featured_media":52393,"comment_status":"closed","ping_status":"open","sticky":false,"template":"","format":"standard","meta":{"_acf_changed":false,"footnotes":""},"categories":[1393,2203,1390],"tags":[],"technique":[],"squelettes":[],"sujet":[],"formation":[],"genre":[1875,1864],"fonds":[],"tradition":[],"type-de-contenu":[],"interprete-compositeur":[],"frise":[],"type-devenement":[],"tableaux-liens-externes":[],"class_list":["post-52392","post","type-post","status-publish","format-standard","has-post-thumbnail","hentry","category-cd-iemj-de","category-entdeckungen-sammlung-de","category-veroffentlichungen-de","genre-klezmer-de","genre-yiddish-de"],"acf":[],"yoast_head":"<!-- This site is optimized with the Yoast SEO plugin v27.3 - https:\/\/yoast.com\/product\/yoast-seo-wordpress\/ -->\n<title>Yerushe \u2013 Sch\u00e4tze des jiddischen Chansons - Institut Europ\u00e9en des Musiques Juives<\/title>\n<meta name=\"robots\" content=\"index, follow, max-snippet:-1, max-image-preview:large, max-video-preview:-1\" \/>\n<link rel=\"canonical\" href=\"https:\/\/www.iemj.org\/de\/yerushe-tresors-de-la-chanson-yiddish\/\" \/>\n<meta property=\"og:locale\" content=\"de_DE\" \/>\n<meta property=\"og:type\" content=\"article\" \/>\n<meta property=\"og:title\" content=\"Yerushe \u2013 Sch\u00e4tze des jiddischen Chansons - Institut Europ\u00e9en des Musiques Juives\" \/>\n<meta property=\"og:description\" content=\"\u00a0 7. CD DER ENTDECKUNGEN-SAMMLUNG\" \/>\n<meta property=\"og:url\" content=\"https:\/\/www.iemj.org\/de\/yerushe-tresors-de-la-chanson-yiddish\/\" \/>\n<meta property=\"og:site_name\" content=\"Institut Europ\u00e9en des Musiques Juives\" \/>\n<meta property=\"article:publisher\" content=\"https:\/\/www.facebook.com\/MusiquesJuives\/\" \/>\n<meta property=\"article:published_time\" content=\"2016-10-20T07:25:00+00:00\" \/>\n<meta property=\"article:modified_time\" content=\"2025-08-25T09:52:17+00:00\" \/>\n<meta property=\"og:image\" content=\"https:\/\/www.iemj.org\/wp-content\/uploads\/2016\/10\/arton1900-e1625063149226.jpg\" \/>\n\t<meta property=\"og:image:width\" content=\"350\" \/>\n\t<meta property=\"og:image:height\" content=\"298\" \/>\n\t<meta property=\"og:image:type\" content=\"image\/jpeg\" \/>\n<meta name=\"author\" content=\"Jacqueline ROTEN\" \/>\n<meta name=\"twitter:card\" content=\"summary_large_image\" \/>\n<meta name=\"twitter:label1\" content=\"Verfasst von\" \/>\n\t<meta name=\"twitter:data1\" content=\"Jacqueline ROTEN\" \/>\n\t<meta name=\"twitter:label2\" content=\"Gesch\u00e4tzte Lesezeit\" \/>\n\t<meta name=\"twitter:data2\" content=\"2\u00a0Minuten\" \/>\n<script type=\"application\/ld+json\" class=\"yoast-schema-graph\">{\"@context\":\"https:\\\/\\\/schema.org\",\"@graph\":[{\"@type\":\"Article\",\"@id\":\"https:\\\/\\\/www.iemj.org\\\/de\\\/yerushe-tresors-de-la-chanson-yiddish\\\/#article\",\"isPartOf\":{\"@id\":\"https:\\\/\\\/www.iemj.org\\\/de\\\/yerushe-tresors-de-la-chanson-yiddish\\\/\"},\"author\":{\"name\":\"Jacqueline ROTEN\",\"@id\":\"https:\\\/\\\/www.iemj.org\\\/de\\\/#\\\/schema\\\/person\\\/358e26c18aca017fcc4cc15437f7279c\"},\"headline\":\"Yerushe \u2013 Sch\u00e4tze des jiddischen Chansons\",\"datePublished\":\"2016-10-20T07:25:00+00:00\",\"dateModified\":\"2025-08-25T09:52:17+00:00\",\"mainEntityOfPage\":{\"@id\":\"https:\\\/\\\/www.iemj.org\\\/de\\\/yerushe-tresors-de-la-chanson-yiddish\\\/\"},\"wordCount\":135,\"publisher\":{\"@id\":\"https:\\\/\\\/www.iemj.org\\\/de\\\/#organization\"},\"image\":{\"@id\":\"https:\\\/\\\/www.iemj.org\\\/de\\\/yerushe-tresors-de-la-chanson-yiddish\\\/#primaryimage\"},\"thumbnailUrl\":\"https:\\\/\\\/www.iemj.org\\\/wp-content\\\/uploads\\\/2016\\\/10\\\/arton1900-e1625063149226.jpg\",\"articleSection\":[\"CD IEMJ\",\"Entdeckungen Sammlung\",\"Ver\u00f6ffentlichungen\"],\"inLanguage\":\"de\"},{\"@type\":\"WebPage\",\"@id\":\"https:\\\/\\\/www.iemj.org\\\/de\\\/yerushe-tresors-de-la-chanson-yiddish\\\/\",\"url\":\"https:\\\/\\\/www.iemj.org\\\/de\\\/yerushe-tresors-de-la-chanson-yiddish\\\/\",\"name\":\"Yerushe \u2013 Sch\u00e4tze des jiddischen Chansons - Institut Europ\u00e9en des Musiques Juives\",\"isPartOf\":{\"@id\":\"https:\\\/\\\/www.iemj.org\\\/de\\\/#website\"},\"primaryImageOfPage\":{\"@id\":\"https:\\\/\\\/www.iemj.org\\\/de\\\/yerushe-tresors-de-la-chanson-yiddish\\\/#primaryimage\"},\"image\":{\"@id\":\"https:\\\/\\\/www.iemj.org\\\/de\\\/yerushe-tresors-de-la-chanson-yiddish\\\/#primaryimage\"},\"thumbnailUrl\":\"https:\\\/\\\/www.iemj.org\\\/wp-content\\\/uploads\\\/2016\\\/10\\\/arton1900-e1625063149226.jpg\",\"datePublished\":\"2016-10-20T07:25:00+00:00\",\"dateModified\":\"2025-08-25T09:52:17+00:00\",\"breadcrumb\":{\"@id\":\"https:\\\/\\\/www.iemj.org\\\/de\\\/yerushe-tresors-de-la-chanson-yiddish\\\/#breadcrumb\"},\"inLanguage\":\"de\",\"potentialAction\":[{\"@type\":\"ReadAction\",\"target\":[\"https:\\\/\\\/www.iemj.org\\\/de\\\/yerushe-tresors-de-la-chanson-yiddish\\\/\"]}]},{\"@type\":\"ImageObject\",\"inLanguage\":\"de\",\"@id\":\"https:\\\/\\\/www.iemj.org\\\/de\\\/yerushe-tresors-de-la-chanson-yiddish\\\/#primaryimage\",\"url\":\"https:\\\/\\\/www.iemj.org\\\/wp-content\\\/uploads\\\/2016\\\/10\\\/arton1900-e1625063149226.jpg\",\"contentUrl\":\"https:\\\/\\\/www.iemj.org\\\/wp-content\\\/uploads\\\/2016\\\/10\\\/arton1900-e1625063149226.jpg\",\"width\":350,\"height\":298},{\"@type\":\"BreadcrumbList\",\"@id\":\"https:\\\/\\\/www.iemj.org\\\/de\\\/yerushe-tresors-de-la-chanson-yiddish\\\/#breadcrumb\",\"itemListElement\":[{\"@type\":\"ListItem\",\"position\":1,\"name\":\"Accueil\",\"item\":\"https:\\\/\\\/www.iemj.org\\\/de\\\/\"},{\"@type\":\"ListItem\",\"position\":2,\"name\":\"Yerushe \u2013 Sch\u00e4tze des jiddischen Chansons\"}]},{\"@type\":\"WebSite\",\"@id\":\"https:\\\/\\\/www.iemj.org\\\/de\\\/#website\",\"url\":\"https:\\\/\\\/www.iemj.org\\\/de\\\/\",\"name\":\"Institut Europ\u00e9en des Musiques Juives\",\"description\":\"Des traditions musicales \u00e0 la port\u00e9e de tous\",\"publisher\":{\"@id\":\"https:\\\/\\\/www.iemj.org\\\/de\\\/#organization\"},\"potentialAction\":[{\"@type\":\"SearchAction\",\"target\":{\"@type\":\"EntryPoint\",\"urlTemplate\":\"https:\\\/\\\/www.iemj.org\\\/de\\\/?s={search_term_string}\"},\"query-input\":{\"@type\":\"PropertyValueSpecification\",\"valueRequired\":true,\"valueName\":\"search_term_string\"}}],\"inLanguage\":\"de\"},{\"@type\":\"Organization\",\"@id\":\"https:\\\/\\\/www.iemj.org\\\/de\\\/#organization\",\"name\":\"Institut Europ\u00e9en des Musiques Juives\",\"url\":\"https:\\\/\\\/www.iemj.org\\\/de\\\/\",\"logo\":{\"@type\":\"ImageObject\",\"inLanguage\":\"de\",\"@id\":\"https:\\\/\\\/www.iemj.org\\\/de\\\/#\\\/schema\\\/logo\\\/image\\\/\",\"url\":\"https:\\\/\\\/www.iemj.org\\\/wp-content\\\/uploads\\\/2021\\\/09\\\/Logo-IEMJ-Paypal.jpg\",\"contentUrl\":\"https:\\\/\\\/www.iemj.org\\\/wp-content\\\/uploads\\\/2021\\\/09\\\/Logo-IEMJ-Paypal.jpg\",\"width\":150,\"height\":50,\"caption\":\"Institut Europ\u00e9en des Musiques Juives\"},\"image\":{\"@id\":\"https:\\\/\\\/www.iemj.org\\\/de\\\/#\\\/schema\\\/logo\\\/image\\\/\"},\"sameAs\":[\"https:\\\/\\\/www.facebook.com\\\/MusiquesJuives\\\/\",\"https:\\\/\\\/www.instagram.com\\\/musiquesjuives\\\/\",\"https:\\\/\\\/www.youtube.com\\\/user\\\/musiquesjuives\"]},{\"@type\":\"Person\",\"@id\":\"https:\\\/\\\/www.iemj.org\\\/de\\\/#\\\/schema\\\/person\\\/358e26c18aca017fcc4cc15437f7279c\",\"name\":\"Jacqueline ROTEN\",\"image\":{\"@type\":\"ImageObject\",\"inLanguage\":\"de\",\"@id\":\"https:\\\/\\\/secure.gravatar.com\\\/avatar\\\/5964256d6c6957de3a3505278957e0fb2a35119ac47ea41827a65301213c810b?s=96&d=mm&r=g\",\"url\":\"https:\\\/\\\/secure.gravatar.com\\\/avatar\\\/5964256d6c6957de3a3505278957e0fb2a35119ac47ea41827a65301213c810b?s=96&d=mm&r=g\",\"contentUrl\":\"https:\\\/\\\/secure.gravatar.com\\\/avatar\\\/5964256d6c6957de3a3505278957e0fb2a35119ac47ea41827a65301213c810b?s=96&d=mm&r=g\",\"caption\":\"Jacqueline ROTEN\"}}]}<\/script>\n<!-- \/ Yoast SEO plugin. -->","yoast_head_json":{"title":"Yerushe \u2013 Sch\u00e4tze des jiddischen Chansons - Institut Europ\u00e9en des Musiques Juives","robots":{"index":"index","follow":"follow","max-snippet":"max-snippet:-1","max-image-preview":"max-image-preview:large","max-video-preview":"max-video-preview:-1"},"canonical":"https:\/\/www.iemj.org\/de\/yerushe-tresors-de-la-chanson-yiddish\/","og_locale":"de_DE","og_type":"article","og_title":"Yerushe \u2013 Sch\u00e4tze des jiddischen Chansons - Institut Europ\u00e9en des Musiques Juives","og_description":"\u00a0 7. CD DER ENTDECKUNGEN-SAMMLUNG","og_url":"https:\/\/www.iemj.org\/de\/yerushe-tresors-de-la-chanson-yiddish\/","og_site_name":"Institut Europ\u00e9en des Musiques Juives","article_publisher":"https:\/\/www.facebook.com\/MusiquesJuives\/","article_published_time":"2016-10-20T07:25:00+00:00","article_modified_time":"2025-08-25T09:52:17+00:00","og_image":[{"width":350,"height":298,"url":"https:\/\/www.iemj.org\/wp-content\/uploads\/2016\/10\/arton1900-e1625063149226.jpg","type":"image\/jpeg"}],"author":"Jacqueline ROTEN","twitter_card":"summary_large_image","twitter_misc":{"Verfasst von":"Jacqueline ROTEN","Gesch\u00e4tzte Lesezeit":"2\u00a0Minuten"},"schema":{"@context":"https:\/\/schema.org","@graph":[{"@type":"Article","@id":"https:\/\/www.iemj.org\/de\/yerushe-tresors-de-la-chanson-yiddish\/#article","isPartOf":{"@id":"https:\/\/www.iemj.org\/de\/yerushe-tresors-de-la-chanson-yiddish\/"},"author":{"name":"Jacqueline ROTEN","@id":"https:\/\/www.iemj.org\/de\/#\/schema\/person\/358e26c18aca017fcc4cc15437f7279c"},"headline":"Yerushe \u2013 Sch\u00e4tze des jiddischen Chansons","datePublished":"2016-10-20T07:25:00+00:00","dateModified":"2025-08-25T09:52:17+00:00","mainEntityOfPage":{"@id":"https:\/\/www.iemj.org\/de\/yerushe-tresors-de-la-chanson-yiddish\/"},"wordCount":135,"publisher":{"@id":"https:\/\/www.iemj.org\/de\/#organization"},"image":{"@id":"https:\/\/www.iemj.org\/de\/yerushe-tresors-de-la-chanson-yiddish\/#primaryimage"},"thumbnailUrl":"https:\/\/www.iemj.org\/wp-content\/uploads\/2016\/10\/arton1900-e1625063149226.jpg","articleSection":["CD IEMJ","Entdeckungen Sammlung","Ver\u00f6ffentlichungen"],"inLanguage":"de"},{"@type":"WebPage","@id":"https:\/\/www.iemj.org\/de\/yerushe-tresors-de-la-chanson-yiddish\/","url":"https:\/\/www.iemj.org\/de\/yerushe-tresors-de-la-chanson-yiddish\/","name":"Yerushe \u2013 Sch\u00e4tze des jiddischen Chansons - Institut Europ\u00e9en des Musiques Juives","isPartOf":{"@id":"https:\/\/www.iemj.org\/de\/#website"},"primaryImageOfPage":{"@id":"https:\/\/www.iemj.org\/de\/yerushe-tresors-de-la-chanson-yiddish\/#primaryimage"},"image":{"@id":"https:\/\/www.iemj.org\/de\/yerushe-tresors-de-la-chanson-yiddish\/#primaryimage"},"thumbnailUrl":"https:\/\/www.iemj.org\/wp-content\/uploads\/2016\/10\/arton1900-e1625063149226.jpg","datePublished":"2016-10-20T07:25:00+00:00","dateModified":"2025-08-25T09:52:17+00:00","breadcrumb":{"@id":"https:\/\/www.iemj.org\/de\/yerushe-tresors-de-la-chanson-yiddish\/#breadcrumb"},"inLanguage":"de","potentialAction":[{"@type":"ReadAction","target":["https:\/\/www.iemj.org\/de\/yerushe-tresors-de-la-chanson-yiddish\/"]}]},{"@type":"ImageObject","inLanguage":"de","@id":"https:\/\/www.iemj.org\/de\/yerushe-tresors-de-la-chanson-yiddish\/#primaryimage","url":"https:\/\/www.iemj.org\/wp-content\/uploads\/2016\/10\/arton1900-e1625063149226.jpg","contentUrl":"https:\/\/www.iemj.org\/wp-content\/uploads\/2016\/10\/arton1900-e1625063149226.jpg","width":350,"height":298},{"@type":"BreadcrumbList","@id":"https:\/\/www.iemj.org\/de\/yerushe-tresors-de-la-chanson-yiddish\/#breadcrumb","itemListElement":[{"@type":"ListItem","position":1,"name":"Accueil","item":"https:\/\/www.iemj.org\/de\/"},{"@type":"ListItem","position":2,"name":"Yerushe \u2013 Sch\u00e4tze des jiddischen Chansons"}]},{"@type":"WebSite","@id":"https:\/\/www.iemj.org\/de\/#website","url":"https:\/\/www.iemj.org\/de\/","name":"Institut Europ\u00e9en des Musiques Juives","description":"Des traditions musicales \u00e0 la port\u00e9e de tous","publisher":{"@id":"https:\/\/www.iemj.org\/de\/#organization"},"potentialAction":[{"@type":"SearchAction","target":{"@type":"EntryPoint","urlTemplate":"https:\/\/www.iemj.org\/de\/?s={search_term_string}"},"query-input":{"@type":"PropertyValueSpecification","valueRequired":true,"valueName":"search_term_string"}}],"inLanguage":"de"},{"@type":"Organization","@id":"https:\/\/www.iemj.org\/de\/#organization","name":"Institut Europ\u00e9en des Musiques Juives","url":"https:\/\/www.iemj.org\/de\/","logo":{"@type":"ImageObject","inLanguage":"de","@id":"https:\/\/www.iemj.org\/de\/#\/schema\/logo\/image\/","url":"https:\/\/www.iemj.org\/wp-content\/uploads\/2021\/09\/Logo-IEMJ-Paypal.jpg","contentUrl":"https:\/\/www.iemj.org\/wp-content\/uploads\/2021\/09\/Logo-IEMJ-Paypal.jpg","width":150,"height":50,"caption":"Institut Europ\u00e9en des Musiques Juives"},"image":{"@id":"https:\/\/www.iemj.org\/de\/#\/schema\/logo\/image\/"},"sameAs":["https:\/\/www.facebook.com\/MusiquesJuives\/","https:\/\/www.instagram.com\/musiquesjuives\/","https:\/\/www.youtube.com\/user\/musiquesjuives"]},{"@type":"Person","@id":"https:\/\/www.iemj.org\/de\/#\/schema\/person\/358e26c18aca017fcc4cc15437f7279c","name":"Jacqueline ROTEN","image":{"@type":"ImageObject","inLanguage":"de","@id":"https:\/\/secure.gravatar.com\/avatar\/5964256d6c6957de3a3505278957e0fb2a35119ac47ea41827a65301213c810b?s=96&d=mm&r=g","url":"https:\/\/secure.gravatar.com\/avatar\/5964256d6c6957de3a3505278957e0fb2a35119ac47ea41827a65301213c810b?s=96&d=mm&r=g","contentUrl":"https:\/\/secure.gravatar.com\/avatar\/5964256d6c6957de3a3505278957e0fb2a35119ac47ea41827a65301213c810b?s=96&d=mm&r=g","caption":"Jacqueline ROTEN"}}]}},"_links":{"self":[{"href":"https:\/\/www.iemj.org\/de\/wp-json\/wp\/v2\/posts\/52392","targetHints":{"allow":["GET"]}}],"collection":[{"href":"https:\/\/www.iemj.org\/de\/wp-json\/wp\/v2\/posts"}],"about":[{"href":"https:\/\/www.iemj.org\/de\/wp-json\/wp\/v2\/types\/post"}],"author":[{"embeddable":true,"href":"https:\/\/www.iemj.org\/de\/wp-json\/wp\/v2\/users\/5"}],"replies":[{"embeddable":true,"href":"https:\/\/www.iemj.org\/de\/wp-json\/wp\/v2\/comments?post=52392"}],"version-history":[{"count":0,"href":"https:\/\/www.iemj.org\/de\/wp-json\/wp\/v2\/posts\/52392\/revisions"}],"wp:featuredmedia":[{"embeddable":true,"href":"https:\/\/www.iemj.org\/de\/wp-json\/wp\/v2\/media\/52393"}],"wp:attachment":[{"href":"https:\/\/www.iemj.org\/de\/wp-json\/wp\/v2\/media?parent=52392"}],"wp:term":[{"taxonomy":"category","embeddable":true,"href":"https:\/\/www.iemj.org\/de\/wp-json\/wp\/v2\/categories?post=52392"},{"taxonomy":"post_tag","embeddable":true,"href":"https:\/\/www.iemj.org\/de\/wp-json\/wp\/v2\/tags?post=52392"},{"taxonomy":"technique","embeddable":true,"href":"https:\/\/www.iemj.org\/de\/wp-json\/wp\/v2\/technique?post=52392"},{"taxonomy":"squelettes","embeddable":true,"href":"https:\/\/www.iemj.org\/de\/wp-json\/wp\/v2\/squelettes?post=52392"},{"taxonomy":"sujet","embeddable":true,"href":"https:\/\/www.iemj.org\/de\/wp-json\/wp\/v2\/sujet?post=52392"},{"taxonomy":"formation","embeddable":true,"href":"https:\/\/www.iemj.org\/de\/wp-json\/wp\/v2\/formation?post=52392"},{"taxonomy":"genre","embeddable":true,"href":"https:\/\/www.iemj.org\/de\/wp-json\/wp\/v2\/genre?post=52392"},{"taxonomy":"fonds","embeddable":true,"href":"https:\/\/www.iemj.org\/de\/wp-json\/wp\/v2\/fonds?post=52392"},{"taxonomy":"tradition","embeddable":true,"href":"https:\/\/www.iemj.org\/de\/wp-json\/wp\/v2\/tradition?post=52392"},{"taxonomy":"type-de-contenu","embeddable":true,"href":"https:\/\/www.iemj.org\/de\/wp-json\/wp\/v2\/type-de-contenu?post=52392"},{"taxonomy":"interprete-compositeur","embeddable":true,"href":"https:\/\/www.iemj.org\/de\/wp-json\/wp\/v2\/interprete-compositeur?post=52392"},{"taxonomy":"frise","embeddable":true,"href":"https:\/\/www.iemj.org\/de\/wp-json\/wp\/v2\/frise?post=52392"},{"taxonomy":"type-devenement","embeddable":true,"href":"https:\/\/www.iemj.org\/de\/wp-json\/wp\/v2\/type-devenement?post=52392"},{"taxonomy":"tableaux-liens-externes","embeddable":true,"href":"https:\/\/www.iemj.org\/de\/wp-json\/wp\/v2\/tableaux-liens-externes?post=52392"}],"curies":[{"name":"wp","href":"https:\/\/api.w.org\/{rel}","templated":true}]}}