{"id":52503,"date":"2011-04-14T21:26:14","date_gmt":"2011-04-14T19:26:14","guid":{"rendered":"https:\/\/www.iemj.org\/serge-kaufmann-ima-ou-la-mere-depossedee\/"},"modified":"2025-08-24T19:14:05","modified_gmt":"2025-08-24T17:14:05","slug":"serge-kaufmann-ima-ou-la-mere-depossedee","status":"publish","type":"post","link":"https:\/\/www.iemj.org\/de\/serge-kaufmann-ima-ou-la-mere-depossedee\/","title":{"rendered":"Serge Kaufmann &#8211; Ima ou la m\u00e8re d\u00e9poss\u00e9d\u00e9e (Ima oder die beraubte Mutter)"},"content":{"rendered":"<h3><strong>Sammlung des Musikerbes franz\u00f6sischer Juden, Vol. 8<\/strong><\/h3>\n<p><!--more--><\/p>\n<p>Kann man j\u00fcdische Musik komponieren, ohne dabei auf ein einziges traditionelles Thema zu verweisen? Serge Kaufmann versuchte genau das und es war ihm gegl\u00fcckt. Mit dieser CD lieferte er ein Werk, welches sich durch zutiefst j\u00fcdische Akzente auszeichnet.<\/p>\n<p>Da er sowohl als Komponist, wie auch als Fernseh- und Radiomoderator arbeitete, nimmt <a href=\"https:\/\/www.iemj.org\/de\/kaufmann-serge-1930\/\" target=\"_blank\" rel=\"noopener\">Serge Kaufmann<\/a> einen besonderen Platz in der Musikwelt ein. 1930 wurde er in der Schweiz als Sohn einer Protestantin und eines Juden geboren und entschied sich in der Nachkriegszeit daf\u00fcr, k\u00fcnftig in Frankreich zu leben. Ein Foto, welches das Bild eines kleinen Jungen aus dem Warschauer Ghetto zeigte, brachte ihn schlie\u00dflich dazu, sich selbst zu fragen: \u201eWas w\u00e4re geschehen, wenn ich statt in der Schweiz, auf der anderen Seite der Grenze geboren worden w\u00e4re? Dann h\u00e4tte ich wohl auch das Schicksal tausender Kinder geteilt, die nicht aufwachsen durften, nur aufgrund der Tatsache, als Kinder oder Enkel von Juden geboren worden zu sein!\u201c. Von dieser Erkenntnis befl\u00fcgelt, bereichert Serge Kaufmann seit fast 20 Jahren die j\u00fcdische Musik mit Werken wie <em>Suite Yiddish<\/em>, <em>Kol Nidr\u00e9<\/em>, <em>Memorah<\/em>, <em>Matsevah<\/em>, <em>S\u00e8lah<\/em>\u00a0oder <em>Yesod<\/em>\u2026 Obwohl seine Kompositionen dabei nicht auf traditionellen Melodien aufbauen, klingen sie dennoch unbestreitbar j\u00fcdisch!<\/p>\n<p>Diese achte CD der Sammlung des Musikerbes franz\u00f6sischer Juden wurde von der Fondation du Juda\u00efsme Fran\u00e7ais produziert und stellt die vier wichtigsten Werke von Serge Kaufmann vor. Da w\u00e4re zun\u00e4chst einmal die <em>Suite Yiddish<\/em>, in einer intimen Fassung f\u00fcr Cello und Gitarre. Dann, das Streichtrio <em>Memorah<\/em>, welches zum allerersten Mal auf CD aufgenommen wurde. Es folgt anschlie\u00dfend das erhabene <em>Neshama<\/em> f\u00fcr Cello solo und schlie\u00dflich, die Kantate <em>Ima ou la m\u00e8re d\u00e9poss\u00e9d\u00e9e<\/em>, in der die beraubte Mutter einen Schmerzensschrei ausst\u00f6\u00dft und in welcher die Quintessenz seines musikalischen K\u00f6nnens deutlich wird.<\/p>\n<p><a href=\"https:\/\/www.iemj.org\/en\/product\/serge-kaufmann-ima-ou-la-mere-depossedee\/\" target=\"_blank\" rel=\"noopener\">Kaufen Sie die CD im Onlineshop des IEMJ<\/a><\/p>\n<p><strong>Auskunft\/Bestellung\/Pressenkontakt<\/strong> telefonisch unter (+33) 1 45 82 20 52 und per Mail an\u00a0<a href=\"mailto:contact@iemj.org\">contact@iemj.org<\/a><\/p>\n<p><img fetchpriority=\"high\" decoding=\"async\" class=\" alignleft size-full wp-image-3461\" src=\"https:\/\/www.iemj.org\/wp-content\/uploads\/2011\/04\/serge-kaufmann-ima-ou-la-mere-depossedee_couv4.jpg\" alt=\"serge-kaufmann-ima-ou-la-mere-depossedee_couv4.jpg\" width=\"553\" height=\"468\" align=\"left\" \/><\/p>\n\n\n<h2 class=\"wp-block-heading\"><\/h2>\n\n\n\n<figure class=\"wp-block-image size-large\"><img decoding=\"async\" width=\"1024\" height=\"133\" src=\"https:\/\/www.iemj.org\/wp-content\/uploads\/2024\/03\/AUDIO-PLAYER-1024x133.png\" alt=\"\" class=\"wp-image-110606\" srcset=\"https:\/\/www.iemj.org\/wp-content\/uploads\/2024\/03\/AUDIO-PLAYER-1024x133.png 1024w, https:\/\/www.iemj.org\/wp-content\/uploads\/2024\/03\/AUDIO-PLAYER-300x39.png 300w, https:\/\/www.iemj.org\/wp-content\/uploads\/2024\/03\/AUDIO-PLAYER-768x100.png 768w, https:\/\/www.iemj.org\/wp-content\/uploads\/2024\/03\/AUDIO-PLAYER-600x78.png 600w, https:\/\/www.iemj.org\/wp-content\/uploads\/2024\/03\/AUDIO-PLAYER.png 1210w\" sizes=\"(max-width: 1024px) 100vw, 1024px\" \/><\/figure>\n\n\n\n<div class=\"wp-block-file\"><a href=\"https:\/\/www.iemj.org\/wp-content\/uploads\/2011\/04\/documentmp3-882f.mp3\">Suite Yiddish &#8211; 1er mvt (S. Kaufmann)<\/a><\/div>\n\n\n\n<div class=\"wp-block-file\"><a href=\"https:\/\/www.iemj.org\/wp-content\/uploads\/2011\/10\/vl08_neshama-ext.mp3\">Neshama (S. Kaufmann)<\/a><\/div>\n\n\n\n<div class=\"wp-block-file\"><a href=\"https:\/\/www.iemj.org\/wp-content\/uploads\/2011\/10\/vl8__ima_ou_la_mere_depossedee-ext.mp3\">Ima (S. Kaufmann)<\/a><\/div>\n","protected":false},"excerpt":{"rendered":"<p>Sammlung des Musikerbes franz\u00f6sischer Juden, Vol. 8<\/p>\n","protected":false},"author":1047,"featured_media":52504,"comment_status":"closed","ping_status":"open","sticky":false,"template":"","format":"standard","meta":{"_acf_changed":false,"footnotes":""},"categories":[1393,2207,1390],"tags":[],"technique":[],"squelettes":[],"sujet":[],"formation":[],"genre":[1900,1864],"fonds":[],"tradition":[],"type-de-contenu":[],"interprete-compositeur":[3291],"frise":[],"type-devenement":[],"tableaux-liens-externes":[],"class_list":["post-52503","post","type-post","status-publish","format-standard","has-post-thumbnail","hentry","category-cd-iemj-de","category-sammlung-des-musikerbes-franzoezischerjuden-de","category-veroffentlichungen-de","genre-klassische-musik-de","genre-yiddish-de","interprete-compositeur-serge-kaufmann-de"],"acf":[],"yoast_head":"<!-- This site is optimized with the Yoast SEO plugin v27.3 - https:\/\/yoast.com\/product\/yoast-seo-wordpress\/ -->\n<title>Serge Kaufmann - Ima ou la m\u00e8re d\u00e9poss\u00e9d\u00e9e (Ima oder die beraubte Mutter) - Institut Europ\u00e9en des Musiques Juives<\/title>\n<meta name=\"robots\" content=\"index, follow, max-snippet:-1, max-image-preview:large, max-video-preview:-1\" \/>\n<link rel=\"canonical\" href=\"https:\/\/www.iemj.org\/de\/serge-kaufmann-ima-ou-la-mere-depossedee\/\" \/>\n<meta property=\"og:locale\" content=\"de_DE\" \/>\n<meta property=\"og:type\" content=\"article\" \/>\n<meta property=\"og:title\" content=\"Serge Kaufmann - Ima ou la m\u00e8re d\u00e9poss\u00e9d\u00e9e (Ima oder die beraubte Mutter) - Institut Europ\u00e9en des Musiques Juives\" \/>\n<meta property=\"og:description\" content=\"Sammlung des Musikerbes franz\u00f6sischer Juden, Vol. 8\" \/>\n<meta property=\"og:url\" content=\"https:\/\/www.iemj.org\/de\/serge-kaufmann-ima-ou-la-mere-depossedee\/\" \/>\n<meta property=\"og:site_name\" content=\"Institut Europ\u00e9en des Musiques Juives\" \/>\n<meta property=\"article:publisher\" content=\"https:\/\/www.facebook.com\/MusiquesJuives\/\" \/>\n<meta property=\"article:published_time\" content=\"2011-04-14T19:26:14+00:00\" \/>\n<meta property=\"article:modified_time\" content=\"2025-08-24T17:14:05+00:00\" \/>\n<meta property=\"og:image\" content=\"https:\/\/www.iemj.org\/wp-content\/uploads\/2011\/04\/arton181.jpg\" \/>\n\t<meta property=\"og:image:width\" content=\"343\" \/>\n\t<meta property=\"og:image:height\" content=\"340\" \/>\n\t<meta property=\"og:image:type\" content=\"image\/jpeg\" \/>\n<meta name=\"author\" content=\"Nicolas Fevre\" \/>\n<meta name=\"twitter:card\" content=\"summary_large_image\" \/>\n<meta name=\"twitter:label1\" content=\"Verfasst von\" \/>\n\t<meta name=\"twitter:data1\" content=\"Nicolas Fevre\" \/>\n\t<meta name=\"twitter:label2\" content=\"Gesch\u00e4tzte Lesezeit\" \/>\n\t<meta name=\"twitter:data2\" content=\"3\u00a0Minuten\" \/>\n<script type=\"application\/ld+json\" class=\"yoast-schema-graph\">{\"@context\":\"https:\\\/\\\/schema.org\",\"@graph\":[{\"@type\":\"Article\",\"@id\":\"https:\\\/\\\/www.iemj.org\\\/de\\\/serge-kaufmann-ima-ou-la-mere-depossedee\\\/#article\",\"isPartOf\":{\"@id\":\"https:\\\/\\\/www.iemj.org\\\/de\\\/serge-kaufmann-ima-ou-la-mere-depossedee\\\/\"},\"author\":{\"name\":\"Nicolas Fevre\",\"@id\":\"https:\\\/\\\/www.iemj.org\\\/de\\\/#\\\/schema\\\/person\\\/0dfc8632809ec10c9e7d4daf4f4b9f1c\"},\"headline\":\"Serge Kaufmann &#8211; Ima ou la m\u00e8re d\u00e9poss\u00e9d\u00e9e (Ima oder die beraubte Mutter)\",\"datePublished\":\"2011-04-14T19:26:14+00:00\",\"dateModified\":\"2025-08-24T17:14:05+00:00\",\"mainEntityOfPage\":{\"@id\":\"https:\\\/\\\/www.iemj.org\\\/de\\\/serge-kaufmann-ima-ou-la-mere-depossedee\\\/\"},\"wordCount\":366,\"publisher\":{\"@id\":\"https:\\\/\\\/www.iemj.org\\\/de\\\/#organization\"},\"image\":{\"@id\":\"https:\\\/\\\/www.iemj.org\\\/de\\\/serge-kaufmann-ima-ou-la-mere-depossedee\\\/#primaryimage\"},\"thumbnailUrl\":\"https:\\\/\\\/www.iemj.org\\\/wp-content\\\/uploads\\\/2011\\\/04\\\/arton181.jpg\",\"articleSection\":[\"CD IEMJ\",\"Sammlung des Musikerbes Franz\u00f6zischerJuden\",\"Ver\u00f6ffentlichungen\"],\"inLanguage\":\"de\"},{\"@type\":\"WebPage\",\"@id\":\"https:\\\/\\\/www.iemj.org\\\/de\\\/serge-kaufmann-ima-ou-la-mere-depossedee\\\/\",\"url\":\"https:\\\/\\\/www.iemj.org\\\/de\\\/serge-kaufmann-ima-ou-la-mere-depossedee\\\/\",\"name\":\"Serge Kaufmann - Ima ou la m\u00e8re d\u00e9poss\u00e9d\u00e9e (Ima oder die beraubte Mutter) - Institut Europ\u00e9en des Musiques Juives\",\"isPartOf\":{\"@id\":\"https:\\\/\\\/www.iemj.org\\\/de\\\/#website\"},\"primaryImageOfPage\":{\"@id\":\"https:\\\/\\\/www.iemj.org\\\/de\\\/serge-kaufmann-ima-ou-la-mere-depossedee\\\/#primaryimage\"},\"image\":{\"@id\":\"https:\\\/\\\/www.iemj.org\\\/de\\\/serge-kaufmann-ima-ou-la-mere-depossedee\\\/#primaryimage\"},\"thumbnailUrl\":\"https:\\\/\\\/www.iemj.org\\\/wp-content\\\/uploads\\\/2011\\\/04\\\/arton181.jpg\",\"datePublished\":\"2011-04-14T19:26:14+00:00\",\"dateModified\":\"2025-08-24T17:14:05+00:00\",\"breadcrumb\":{\"@id\":\"https:\\\/\\\/www.iemj.org\\\/de\\\/serge-kaufmann-ima-ou-la-mere-depossedee\\\/#breadcrumb\"},\"inLanguage\":\"de\",\"potentialAction\":[{\"@type\":\"ReadAction\",\"target\":[\"https:\\\/\\\/www.iemj.org\\\/de\\\/serge-kaufmann-ima-ou-la-mere-depossedee\\\/\"]}]},{\"@type\":\"ImageObject\",\"inLanguage\":\"de\",\"@id\":\"https:\\\/\\\/www.iemj.org\\\/de\\\/serge-kaufmann-ima-ou-la-mere-depossedee\\\/#primaryimage\",\"url\":\"https:\\\/\\\/www.iemj.org\\\/wp-content\\\/uploads\\\/2011\\\/04\\\/arton181.jpg\",\"contentUrl\":\"https:\\\/\\\/www.iemj.org\\\/wp-content\\\/uploads\\\/2011\\\/04\\\/arton181.jpg\",\"width\":343,\"height\":340},{\"@type\":\"BreadcrumbList\",\"@id\":\"https:\\\/\\\/www.iemj.org\\\/de\\\/serge-kaufmann-ima-ou-la-mere-depossedee\\\/#breadcrumb\",\"itemListElement\":[{\"@type\":\"ListItem\",\"position\":1,\"name\":\"Accueil\",\"item\":\"https:\\\/\\\/www.iemj.org\\\/de\\\/\"},{\"@type\":\"ListItem\",\"position\":2,\"name\":\"Serge Kaufmann &#8211; Ima ou la m\u00e8re d\u00e9poss\u00e9d\u00e9e (Ima oder die beraubte Mutter)\"}]},{\"@type\":\"WebSite\",\"@id\":\"https:\\\/\\\/www.iemj.org\\\/de\\\/#website\",\"url\":\"https:\\\/\\\/www.iemj.org\\\/de\\\/\",\"name\":\"Institut Europ\u00e9en des Musiques Juives\",\"description\":\"Des traditions musicales \u00e0 la port\u00e9e de tous\",\"publisher\":{\"@id\":\"https:\\\/\\\/www.iemj.org\\\/de\\\/#organization\"},\"potentialAction\":[{\"@type\":\"SearchAction\",\"target\":{\"@type\":\"EntryPoint\",\"urlTemplate\":\"https:\\\/\\\/www.iemj.org\\\/de\\\/?s={search_term_string}\"},\"query-input\":{\"@type\":\"PropertyValueSpecification\",\"valueRequired\":true,\"valueName\":\"search_term_string\"}}],\"inLanguage\":\"de\"},{\"@type\":\"Organization\",\"@id\":\"https:\\\/\\\/www.iemj.org\\\/de\\\/#organization\",\"name\":\"Institut Europ\u00e9en des Musiques Juives\",\"url\":\"https:\\\/\\\/www.iemj.org\\\/de\\\/\",\"logo\":{\"@type\":\"ImageObject\",\"inLanguage\":\"de\",\"@id\":\"https:\\\/\\\/www.iemj.org\\\/de\\\/#\\\/schema\\\/logo\\\/image\\\/\",\"url\":\"https:\\\/\\\/www.iemj.org\\\/wp-content\\\/uploads\\\/2021\\\/09\\\/Logo-IEMJ-Paypal.jpg\",\"contentUrl\":\"https:\\\/\\\/www.iemj.org\\\/wp-content\\\/uploads\\\/2021\\\/09\\\/Logo-IEMJ-Paypal.jpg\",\"width\":150,\"height\":50,\"caption\":\"Institut Europ\u00e9en des Musiques Juives\"},\"image\":{\"@id\":\"https:\\\/\\\/www.iemj.org\\\/de\\\/#\\\/schema\\\/logo\\\/image\\\/\"},\"sameAs\":[\"https:\\\/\\\/www.facebook.com\\\/MusiquesJuives\\\/\",\"https:\\\/\\\/www.instagram.com\\\/musiquesjuives\\\/\",\"https:\\\/\\\/www.youtube.com\\\/user\\\/musiquesjuives\"]},{\"@type\":\"Person\",\"@id\":\"https:\\\/\\\/www.iemj.org\\\/de\\\/#\\\/schema\\\/person\\\/0dfc8632809ec10c9e7d4daf4f4b9f1c\",\"name\":\"Nicolas Fevre\",\"image\":{\"@type\":\"ImageObject\",\"inLanguage\":\"de\",\"@id\":\"https:\\\/\\\/secure.gravatar.com\\\/avatar\\\/d879fd262de3ba26caa7035b34c65f320aa09cf4c96889ac41d9325e287ccb7b?s=96&d=mm&r=g\",\"url\":\"https:\\\/\\\/secure.gravatar.com\\\/avatar\\\/d879fd262de3ba26caa7035b34c65f320aa09cf4c96889ac41d9325e287ccb7b?s=96&d=mm&r=g\",\"contentUrl\":\"https:\\\/\\\/secure.gravatar.com\\\/avatar\\\/d879fd262de3ba26caa7035b34c65f320aa09cf4c96889ac41d9325e287ccb7b?s=96&d=mm&r=g\",\"caption\":\"Nicolas Fevre\"}}]}<\/script>\n<!-- \/ Yoast SEO plugin. -->","yoast_head_json":{"title":"Serge Kaufmann - Ima ou la m\u00e8re d\u00e9poss\u00e9d\u00e9e (Ima oder die beraubte Mutter) - Institut Europ\u00e9en des Musiques Juives","robots":{"index":"index","follow":"follow","max-snippet":"max-snippet:-1","max-image-preview":"max-image-preview:large","max-video-preview":"max-video-preview:-1"},"canonical":"https:\/\/www.iemj.org\/de\/serge-kaufmann-ima-ou-la-mere-depossedee\/","og_locale":"de_DE","og_type":"article","og_title":"Serge Kaufmann - Ima ou la m\u00e8re d\u00e9poss\u00e9d\u00e9e (Ima oder die beraubte Mutter) - Institut Europ\u00e9en des Musiques Juives","og_description":"Sammlung des Musikerbes franz\u00f6sischer Juden, Vol. 8","og_url":"https:\/\/www.iemj.org\/de\/serge-kaufmann-ima-ou-la-mere-depossedee\/","og_site_name":"Institut Europ\u00e9en des Musiques Juives","article_publisher":"https:\/\/www.facebook.com\/MusiquesJuives\/","article_published_time":"2011-04-14T19:26:14+00:00","article_modified_time":"2025-08-24T17:14:05+00:00","og_image":[{"width":343,"height":340,"url":"https:\/\/www.iemj.org\/wp-content\/uploads\/2011\/04\/arton181.jpg","type":"image\/jpeg"}],"author":"Nicolas Fevre","twitter_card":"summary_large_image","twitter_misc":{"Verfasst von":"Nicolas Fevre","Gesch\u00e4tzte Lesezeit":"3\u00a0Minuten"},"schema":{"@context":"https:\/\/schema.org","@graph":[{"@type":"Article","@id":"https:\/\/www.iemj.org\/de\/serge-kaufmann-ima-ou-la-mere-depossedee\/#article","isPartOf":{"@id":"https:\/\/www.iemj.org\/de\/serge-kaufmann-ima-ou-la-mere-depossedee\/"},"author":{"name":"Nicolas Fevre","@id":"https:\/\/www.iemj.org\/de\/#\/schema\/person\/0dfc8632809ec10c9e7d4daf4f4b9f1c"},"headline":"Serge Kaufmann &#8211; Ima ou la m\u00e8re d\u00e9poss\u00e9d\u00e9e (Ima oder die beraubte Mutter)","datePublished":"2011-04-14T19:26:14+00:00","dateModified":"2025-08-24T17:14:05+00:00","mainEntityOfPage":{"@id":"https:\/\/www.iemj.org\/de\/serge-kaufmann-ima-ou-la-mere-depossedee\/"},"wordCount":366,"publisher":{"@id":"https:\/\/www.iemj.org\/de\/#organization"},"image":{"@id":"https:\/\/www.iemj.org\/de\/serge-kaufmann-ima-ou-la-mere-depossedee\/#primaryimage"},"thumbnailUrl":"https:\/\/www.iemj.org\/wp-content\/uploads\/2011\/04\/arton181.jpg","articleSection":["CD IEMJ","Sammlung des Musikerbes Franz\u00f6zischerJuden","Ver\u00f6ffentlichungen"],"inLanguage":"de"},{"@type":"WebPage","@id":"https:\/\/www.iemj.org\/de\/serge-kaufmann-ima-ou-la-mere-depossedee\/","url":"https:\/\/www.iemj.org\/de\/serge-kaufmann-ima-ou-la-mere-depossedee\/","name":"Serge Kaufmann - Ima ou la m\u00e8re d\u00e9poss\u00e9d\u00e9e (Ima oder die beraubte Mutter) - Institut Europ\u00e9en des Musiques Juives","isPartOf":{"@id":"https:\/\/www.iemj.org\/de\/#website"},"primaryImageOfPage":{"@id":"https:\/\/www.iemj.org\/de\/serge-kaufmann-ima-ou-la-mere-depossedee\/#primaryimage"},"image":{"@id":"https:\/\/www.iemj.org\/de\/serge-kaufmann-ima-ou-la-mere-depossedee\/#primaryimage"},"thumbnailUrl":"https:\/\/www.iemj.org\/wp-content\/uploads\/2011\/04\/arton181.jpg","datePublished":"2011-04-14T19:26:14+00:00","dateModified":"2025-08-24T17:14:05+00:00","breadcrumb":{"@id":"https:\/\/www.iemj.org\/de\/serge-kaufmann-ima-ou-la-mere-depossedee\/#breadcrumb"},"inLanguage":"de","potentialAction":[{"@type":"ReadAction","target":["https:\/\/www.iemj.org\/de\/serge-kaufmann-ima-ou-la-mere-depossedee\/"]}]},{"@type":"ImageObject","inLanguage":"de","@id":"https:\/\/www.iemj.org\/de\/serge-kaufmann-ima-ou-la-mere-depossedee\/#primaryimage","url":"https:\/\/www.iemj.org\/wp-content\/uploads\/2011\/04\/arton181.jpg","contentUrl":"https:\/\/www.iemj.org\/wp-content\/uploads\/2011\/04\/arton181.jpg","width":343,"height":340},{"@type":"BreadcrumbList","@id":"https:\/\/www.iemj.org\/de\/serge-kaufmann-ima-ou-la-mere-depossedee\/#breadcrumb","itemListElement":[{"@type":"ListItem","position":1,"name":"Accueil","item":"https:\/\/www.iemj.org\/de\/"},{"@type":"ListItem","position":2,"name":"Serge Kaufmann &#8211; Ima ou la m\u00e8re d\u00e9poss\u00e9d\u00e9e (Ima oder die beraubte Mutter)"}]},{"@type":"WebSite","@id":"https:\/\/www.iemj.org\/de\/#website","url":"https:\/\/www.iemj.org\/de\/","name":"Institut Europ\u00e9en des Musiques Juives","description":"Des traditions musicales \u00e0 la port\u00e9e de tous","publisher":{"@id":"https:\/\/www.iemj.org\/de\/#organization"},"potentialAction":[{"@type":"SearchAction","target":{"@type":"EntryPoint","urlTemplate":"https:\/\/www.iemj.org\/de\/?s={search_term_string}"},"query-input":{"@type":"PropertyValueSpecification","valueRequired":true,"valueName":"search_term_string"}}],"inLanguage":"de"},{"@type":"Organization","@id":"https:\/\/www.iemj.org\/de\/#organization","name":"Institut Europ\u00e9en des Musiques Juives","url":"https:\/\/www.iemj.org\/de\/","logo":{"@type":"ImageObject","inLanguage":"de","@id":"https:\/\/www.iemj.org\/de\/#\/schema\/logo\/image\/","url":"https:\/\/www.iemj.org\/wp-content\/uploads\/2021\/09\/Logo-IEMJ-Paypal.jpg","contentUrl":"https:\/\/www.iemj.org\/wp-content\/uploads\/2021\/09\/Logo-IEMJ-Paypal.jpg","width":150,"height":50,"caption":"Institut Europ\u00e9en des Musiques Juives"},"image":{"@id":"https:\/\/www.iemj.org\/de\/#\/schema\/logo\/image\/"},"sameAs":["https:\/\/www.facebook.com\/MusiquesJuives\/","https:\/\/www.instagram.com\/musiquesjuives\/","https:\/\/www.youtube.com\/user\/musiquesjuives"]},{"@type":"Person","@id":"https:\/\/www.iemj.org\/de\/#\/schema\/person\/0dfc8632809ec10c9e7d4daf4f4b9f1c","name":"Nicolas Fevre","image":{"@type":"ImageObject","inLanguage":"de","@id":"https:\/\/secure.gravatar.com\/avatar\/d879fd262de3ba26caa7035b34c65f320aa09cf4c96889ac41d9325e287ccb7b?s=96&d=mm&r=g","url":"https:\/\/secure.gravatar.com\/avatar\/d879fd262de3ba26caa7035b34c65f320aa09cf4c96889ac41d9325e287ccb7b?s=96&d=mm&r=g","contentUrl":"https:\/\/secure.gravatar.com\/avatar\/d879fd262de3ba26caa7035b34c65f320aa09cf4c96889ac41d9325e287ccb7b?s=96&d=mm&r=g","caption":"Nicolas Fevre"}}]}},"_links":{"self":[{"href":"https:\/\/www.iemj.org\/de\/wp-json\/wp\/v2\/posts\/52503","targetHints":{"allow":["GET"]}}],"collection":[{"href":"https:\/\/www.iemj.org\/de\/wp-json\/wp\/v2\/posts"}],"about":[{"href":"https:\/\/www.iemj.org\/de\/wp-json\/wp\/v2\/types\/post"}],"author":[{"embeddable":true,"href":"https:\/\/www.iemj.org\/de\/wp-json\/wp\/v2\/users\/1047"}],"replies":[{"embeddable":true,"href":"https:\/\/www.iemj.org\/de\/wp-json\/wp\/v2\/comments?post=52503"}],"version-history":[{"count":0,"href":"https:\/\/www.iemj.org\/de\/wp-json\/wp\/v2\/posts\/52503\/revisions"}],"wp:featuredmedia":[{"embeddable":true,"href":"https:\/\/www.iemj.org\/de\/wp-json\/wp\/v2\/media\/52504"}],"wp:attachment":[{"href":"https:\/\/www.iemj.org\/de\/wp-json\/wp\/v2\/media?parent=52503"}],"wp:term":[{"taxonomy":"category","embeddable":true,"href":"https:\/\/www.iemj.org\/de\/wp-json\/wp\/v2\/categories?post=52503"},{"taxonomy":"post_tag","embeddable":true,"href":"https:\/\/www.iemj.org\/de\/wp-json\/wp\/v2\/tags?post=52503"},{"taxonomy":"technique","embeddable":true,"href":"https:\/\/www.iemj.org\/de\/wp-json\/wp\/v2\/technique?post=52503"},{"taxonomy":"squelettes","embeddable":true,"href":"https:\/\/www.iemj.org\/de\/wp-json\/wp\/v2\/squelettes?post=52503"},{"taxonomy":"sujet","embeddable":true,"href":"https:\/\/www.iemj.org\/de\/wp-json\/wp\/v2\/sujet?post=52503"},{"taxonomy":"formation","embeddable":true,"href":"https:\/\/www.iemj.org\/de\/wp-json\/wp\/v2\/formation?post=52503"},{"taxonomy":"genre","embeddable":true,"href":"https:\/\/www.iemj.org\/de\/wp-json\/wp\/v2\/genre?post=52503"},{"taxonomy":"fonds","embeddable":true,"href":"https:\/\/www.iemj.org\/de\/wp-json\/wp\/v2\/fonds?post=52503"},{"taxonomy":"tradition","embeddable":true,"href":"https:\/\/www.iemj.org\/de\/wp-json\/wp\/v2\/tradition?post=52503"},{"taxonomy":"type-de-contenu","embeddable":true,"href":"https:\/\/www.iemj.org\/de\/wp-json\/wp\/v2\/type-de-contenu?post=52503"},{"taxonomy":"interprete-compositeur","embeddable":true,"href":"https:\/\/www.iemj.org\/de\/wp-json\/wp\/v2\/interprete-compositeur?post=52503"},{"taxonomy":"frise","embeddable":true,"href":"https:\/\/www.iemj.org\/de\/wp-json\/wp\/v2\/frise?post=52503"},{"taxonomy":"type-devenement","embeddable":true,"href":"https:\/\/www.iemj.org\/de\/wp-json\/wp\/v2\/type-devenement?post=52503"},{"taxonomy":"tableaux-liens-externes","embeddable":true,"href":"https:\/\/www.iemj.org\/de\/wp-json\/wp\/v2\/tableaux-liens-externes?post=52503"}],"curies":[{"name":"wp","href":"https:\/\/api.w.org\/{rel}","templated":true}]}}