{"id":52755,"date":"2011-10-11T20:04:48","date_gmt":"2011-10-11T18:04:48","guid":{"rendered":"https:\/\/www.iemj.org\/musiques-juives-baroques-venise-mantoue-amsterdam-1623-1774-2\/"},"modified":"2025-08-25T09:23:29","modified_gmt":"2025-08-25T07:23:29","slug":"musiques-juives-baroques-venise-mantoue-amsterdam-1623-1774-2","status":"publish","type":"post","link":"https:\/\/www.iemj.org\/de\/musiques-juives-baroques-venise-mantoue-amsterdam-1623-1774-2\/","title":{"rendered":"J\u00fcdische Barockmusik \u2013 Venedig, Mantua, Amsterdam (1623-1774)"},"content":{"rendered":"<h3 class=\"post_excerpt\"><strong>Sammlung des Musikerbes franz\u00f6sischer Juden, Vol. 10<\/strong><\/h3>\n<h3><strong>Israel Adler gewidmet<\/strong><\/h3>\n<p><!--more--><\/p>\n<p>Die CD wurde von der Fondation du Juda\u00efsme Fran\u00e7ais produziert und anl\u00e4sslich eines Konzerts der j\u00fcdischen Barockmusik aufgezeichnet. Veranstaltet wurde das Konzert von der Yuval Organisation in Paris, in Gedenken an ihren Gr\u00fcnder, Israel Adler.<\/p>\n<p>Anfang des 17. Jahrhunderts, empfing der herzogliche Hof der Gonzaga von Mantua j\u00fcdische Musiker, unter ihnen <a href=\"https:\/\/www.iemj.org\/de\/rossi-salomone-vers-1570-vers-1630\/\" target=\"_blank\" rel=\"noopener\">Salomone Rossi<\/a> (ca. 1570 \u2013 ca. 1630). 1622-23 ver\u00f6ffentlichte dieser in Venedig, eine erste Sammlung an Synagogenmusik. In der Sammlung enthalten waren 33 Psalmen, geschrieben f\u00fcr drei- bis achtstimmige Ch\u00f6re. Wenige Jahre sp\u00e4ter verbreitete sich diese Vorliebe f\u00fcr mehrstimmige Kunstmusik auch in den Gemeinden des Comtat Venaissins, sowie in Amsterdam. Dort feierte man, von Zeit zu Zeit, Hochzeiten, Beschneidungen und die Feste der verschiedenen Bruderschaften, mit Lobges\u00e4ngen und kleinen, f\u00fcr diesen Anlass geschriebenen Musikdramen. Einige dieser neuen Melodien waren so beliebt, dass sie in das traditionelle Liederrepertoire aufgenommen wurden und dort bis zum heutigen Tag noch vertreten sind.<\/p>\n<p>Auf der 10. CD der Sammlung des Musikerbes franz\u00f6sischer Juden, ist das Texto Ensemble, bestehend aus 8 professionellen S\u00e4ngerinnen und S\u00e4ngern, zu h\u00f6ren. Das Ensemble bietet, in Begleitung eines zehnk\u00f6pfigen Orchesters, 13 Kompositionen von Salomone Rossi, Abraham Caceres und <a href=\"https:\/\/www.iemj.org\/de\/lidarti-cristiano-giuseppe-1730-apres-1793\/\" target=\"_blank\" rel=\"noopener\">Cristiano Guiseppe Lidarti<\/a> dar, welche von der Sch\u00f6nheit der j\u00fcdischen musikalischen Praxis in Italien und in Amsterdam, von der Barockzeit bis hin zu den Anf\u00e4ngen des Galanten Stils im 18. Jahrhundert, zeugen.<\/p>\n<p><a href=\"https:\/\/www.iemj.org\/en\/product\/musiques-juives-baroques-venise-mantoue-amsterdam-1623-1774\/\" target=\"_blank\" rel=\"noopener\">Kaufen Sie die CD im Onlineshop des IEMJ<\/a><\/p>\n<p><strong>Auskunft\/Bestellung\/Pressenkontakt<\/strong> telefonisch unter (+33) 1 45 82 20 52 und per Mail an\u00a0<a href=\"mailto:contact@iemj.org\">contact@iemj.org<\/a><\/p>\n<p><img fetchpriority=\"high\" decoding=\"async\" class=\" alignleft  wp-image-3900\" src=\"https:\/\/www.iemj.org\/wp-content\/uploads\/2011\/10\/musiques_juives_baroques_couv4_siteiemj.jpg\" alt=\"musiques_juives_baroques_couv4_siteiemj.jpg\" width=\"632\" height=\"545\" align=\"left\" \/><\/p>\n<div id=\"fb-root\">\u00a0<\/div>\n<div class=\"fb-like\" data-href=\"#URL_ARTICLE\" data-layout=\"button_count\" data-action=\"like\" data-show-faces=\"false\" data-share=\"true\">\u00a0<\/div>\n\n\n<h2 class=\"wp-block-heading\"><\/h2>\n\n\n\n<figure class=\"wp-block-image size-large\"><img decoding=\"async\" width=\"1024\" height=\"133\" src=\"https:\/\/www.iemj.org\/wp-content\/uploads\/2024\/03\/AUDIO-PLAYER-1024x133.png\" alt=\"\" class=\"wp-image-110606\" srcset=\"https:\/\/www.iemj.org\/wp-content\/uploads\/2024\/03\/AUDIO-PLAYER-1024x133.png 1024w, https:\/\/www.iemj.org\/wp-content\/uploads\/2024\/03\/AUDIO-PLAYER-300x39.png 300w, https:\/\/www.iemj.org\/wp-content\/uploads\/2024\/03\/AUDIO-PLAYER-768x100.png 768w, https:\/\/www.iemj.org\/wp-content\/uploads\/2024\/03\/AUDIO-PLAYER-600x78.png 600w, https:\/\/www.iemj.org\/wp-content\/uploads\/2024\/03\/AUDIO-PLAYER.png 1210w\" sizes=\"(max-width: 1024px) 100vw, 1024px\" \/><\/figure>\n\n\n\n<div class=\"wp-block-file\"><a href=\"https:\/\/www.iemj.org\/wp-content\/uploads\/2018\/10\/vl10_leel_elim_ext.mp3\">Le&#8217;el elim (EXTRAIT)<\/a><\/div>\n\n\n\n<div class=\"wp-block-file\"><a href=\"https:\/\/www.iemj.org\/wp-content\/uploads\/2018\/10\/vl10_beyt_yisrael_sifdu_ext.mp3\">Beyt Yisra&#8217;el, sifdu (EXTRAIT)<\/a><\/div>\n\n\n\n<div class=\"wp-block-file\"><a href=\"https:\/\/www.iemj.org\/wp-content\/uploads\/2018\/10\/vl10_lemi_ehpots_ext.mp3\">Lemi ehpots la&#8217;asot yeqar (EXTRAIT)<\/a><\/div>\n\n\n\n<div class=\"wp-block-file\"><a href=\"https:\/\/www.iemj.org\/wp-content\/uploads\/2018\/10\/vl10_zed_yahir_ext.mp3\">Zed yahir, mimeni heref (EXTRAIT)<\/a><\/div>\n","protected":false},"excerpt":{"rendered":"<p>Sammlung des Musikerbes franz\u00f6sischer Juden, Vol. 10 Israel Adler gewidmet<\/p>\n","protected":false},"author":1045,"featured_media":52756,"comment_status":"closed","ping_status":"open","sticky":false,"template":"","format":"standard","meta":{"_acf_changed":false,"footnotes":""},"categories":[1393,2207,1390],"tags":[2090],"technique":[],"squelettes":[],"sujet":[],"formation":[],"genre":[1893],"fonds":[],"tradition":[],"type-de-contenu":[],"interprete-compositeur":[],"frise":[],"type-devenement":[],"tableaux-liens-externes":[],"class_list":["post-52755","post","type-post","status-publish","format-standard","has-post-thumbnail","hentry","category-cd-iemj-de","category-sammlung-des-musikerbes-franzoezischerjuden-de","category-veroffentlichungen-de","tag-italien-de","genre-barockmusik-de"],"acf":[],"yoast_head":"<!-- This site is optimized with the Yoast SEO plugin v27.3 - https:\/\/yoast.com\/product\/yoast-seo-wordpress\/ -->\n<title>J\u00fcdische Barockmusik \u2013 Venedig, Mantua, Amsterdam (1623-1774) - Institut Europ\u00e9en des Musiques Juives<\/title>\n<meta name=\"robots\" content=\"index, follow, max-snippet:-1, max-image-preview:large, max-video-preview:-1\" \/>\n<link rel=\"canonical\" href=\"https:\/\/www.iemj.org\/de\/musiques-juives-baroques-venise-mantoue-amsterdam-1623-1774-2\/\" \/>\n<meta property=\"og:locale\" content=\"de_DE\" \/>\n<meta property=\"og:type\" content=\"article\" \/>\n<meta property=\"og:title\" content=\"J\u00fcdische Barockmusik \u2013 Venedig, Mantua, Amsterdam (1623-1774) - Institut Europ\u00e9en des Musiques Juives\" \/>\n<meta property=\"og:description\" content=\"Sammlung des Musikerbes franz\u00f6sischer Juden, Vol. 10 Israel Adler gewidmet\" \/>\n<meta property=\"og:url\" content=\"https:\/\/www.iemj.org\/de\/musiques-juives-baroques-venise-mantoue-amsterdam-1623-1774-2\/\" \/>\n<meta property=\"og:site_name\" content=\"Institut Europ\u00e9en des Musiques Juives\" \/>\n<meta property=\"article:publisher\" content=\"https:\/\/www.facebook.com\/MusiquesJuives\/\" \/>\n<meta property=\"article:published_time\" content=\"2011-10-11T18:04:48+00:00\" \/>\n<meta property=\"article:modified_time\" content=\"2025-08-25T07:23:29+00:00\" \/>\n<meta property=\"og:image\" content=\"https:\/\/www.iemj.org\/wp-content\/uploads\/2011\/10\/arton292.png\" \/>\n\t<meta property=\"og:image:width\" content=\"250\" \/>\n\t<meta property=\"og:image:height\" content=\"248\" \/>\n\t<meta property=\"og:image:type\" content=\"image\/png\" \/>\n<meta name=\"author\" content=\"Herv\u00e9 Roten\" \/>\n<meta name=\"twitter:card\" content=\"summary_large_image\" \/>\n<meta name=\"twitter:label1\" content=\"Verfasst von\" \/>\n\t<meta name=\"twitter:data1\" content=\"Herv\u00e9 Roten\" \/>\n\t<meta name=\"twitter:label2\" content=\"Gesch\u00e4tzte Lesezeit\" \/>\n\t<meta name=\"twitter:data2\" content=\"2\u00a0Minuten\" \/>\n<script type=\"application\/ld+json\" class=\"yoast-schema-graph\">{\"@context\":\"https:\\\/\\\/schema.org\",\"@graph\":[{\"@type\":\"Article\",\"@id\":\"https:\\\/\\\/www.iemj.org\\\/de\\\/musiques-juives-baroques-venise-mantoue-amsterdam-1623-1774-2\\\/#article\",\"isPartOf\":{\"@id\":\"https:\\\/\\\/www.iemj.org\\\/de\\\/musiques-juives-baroques-venise-mantoue-amsterdam-1623-1774-2\\\/\"},\"author\":{\"name\":\"Herv\u00e9 Roten\",\"@id\":\"https:\\\/\\\/www.iemj.org\\\/de\\\/#\\\/schema\\\/person\\\/906134402c29d5c76e7b726261dd4bbd\"},\"headline\":\"J\u00fcdische Barockmusik \u2013 Venedig, Mantua, Amsterdam (1623-1774)\",\"datePublished\":\"2011-10-11T18:04:48+00:00\",\"dateModified\":\"2025-08-25T07:23:29+00:00\",\"mainEntityOfPage\":{\"@id\":\"https:\\\/\\\/www.iemj.org\\\/de\\\/musiques-juives-baroques-venise-mantoue-amsterdam-1623-1774-2\\\/\"},\"wordCount\":289,\"publisher\":{\"@id\":\"https:\\\/\\\/www.iemj.org\\\/de\\\/#organization\"},\"image\":{\"@id\":\"https:\\\/\\\/www.iemj.org\\\/de\\\/musiques-juives-baroques-venise-mantoue-amsterdam-1623-1774-2\\\/#primaryimage\"},\"thumbnailUrl\":\"https:\\\/\\\/www.iemj.org\\\/wp-content\\\/uploads\\\/2011\\\/10\\\/arton292.png\",\"keywords\":[\"Italien\"],\"articleSection\":[\"CD IEMJ\",\"Sammlung des Musikerbes Franz\u00f6zischerJuden\",\"Ver\u00f6ffentlichungen\"],\"inLanguage\":\"de\"},{\"@type\":\"WebPage\",\"@id\":\"https:\\\/\\\/www.iemj.org\\\/de\\\/musiques-juives-baroques-venise-mantoue-amsterdam-1623-1774-2\\\/\",\"url\":\"https:\\\/\\\/www.iemj.org\\\/de\\\/musiques-juives-baroques-venise-mantoue-amsterdam-1623-1774-2\\\/\",\"name\":\"J\u00fcdische Barockmusik \u2013 Venedig, Mantua, Amsterdam (1623-1774) - Institut Europ\u00e9en des Musiques Juives\",\"isPartOf\":{\"@id\":\"https:\\\/\\\/www.iemj.org\\\/de\\\/#website\"},\"primaryImageOfPage\":{\"@id\":\"https:\\\/\\\/www.iemj.org\\\/de\\\/musiques-juives-baroques-venise-mantoue-amsterdam-1623-1774-2\\\/#primaryimage\"},\"image\":{\"@id\":\"https:\\\/\\\/www.iemj.org\\\/de\\\/musiques-juives-baroques-venise-mantoue-amsterdam-1623-1774-2\\\/#primaryimage\"},\"thumbnailUrl\":\"https:\\\/\\\/www.iemj.org\\\/wp-content\\\/uploads\\\/2011\\\/10\\\/arton292.png\",\"datePublished\":\"2011-10-11T18:04:48+00:00\",\"dateModified\":\"2025-08-25T07:23:29+00:00\",\"breadcrumb\":{\"@id\":\"https:\\\/\\\/www.iemj.org\\\/de\\\/musiques-juives-baroques-venise-mantoue-amsterdam-1623-1774-2\\\/#breadcrumb\"},\"inLanguage\":\"de\",\"potentialAction\":[{\"@type\":\"ReadAction\",\"target\":[\"https:\\\/\\\/www.iemj.org\\\/de\\\/musiques-juives-baroques-venise-mantoue-amsterdam-1623-1774-2\\\/\"]}]},{\"@type\":\"ImageObject\",\"inLanguage\":\"de\",\"@id\":\"https:\\\/\\\/www.iemj.org\\\/de\\\/musiques-juives-baroques-venise-mantoue-amsterdam-1623-1774-2\\\/#primaryimage\",\"url\":\"https:\\\/\\\/www.iemj.org\\\/wp-content\\\/uploads\\\/2011\\\/10\\\/arton292.png\",\"contentUrl\":\"https:\\\/\\\/www.iemj.org\\\/wp-content\\\/uploads\\\/2011\\\/10\\\/arton292.png\",\"width\":250,\"height\":248},{\"@type\":\"BreadcrumbList\",\"@id\":\"https:\\\/\\\/www.iemj.org\\\/de\\\/musiques-juives-baroques-venise-mantoue-amsterdam-1623-1774-2\\\/#breadcrumb\",\"itemListElement\":[{\"@type\":\"ListItem\",\"position\":1,\"name\":\"Accueil\",\"item\":\"https:\\\/\\\/www.iemj.org\\\/de\\\/\"},{\"@type\":\"ListItem\",\"position\":2,\"name\":\"J\u00fcdische Barockmusik \u2013 Venedig, Mantua, Amsterdam (1623-1774)\"}]},{\"@type\":\"WebSite\",\"@id\":\"https:\\\/\\\/www.iemj.org\\\/de\\\/#website\",\"url\":\"https:\\\/\\\/www.iemj.org\\\/de\\\/\",\"name\":\"Institut Europ\u00e9en des Musiques Juives\",\"description\":\"Des traditions musicales \u00e0 la port\u00e9e de tous\",\"publisher\":{\"@id\":\"https:\\\/\\\/www.iemj.org\\\/de\\\/#organization\"},\"potentialAction\":[{\"@type\":\"SearchAction\",\"target\":{\"@type\":\"EntryPoint\",\"urlTemplate\":\"https:\\\/\\\/www.iemj.org\\\/de\\\/?s={search_term_string}\"},\"query-input\":{\"@type\":\"PropertyValueSpecification\",\"valueRequired\":true,\"valueName\":\"search_term_string\"}}],\"inLanguage\":\"de\"},{\"@type\":\"Organization\",\"@id\":\"https:\\\/\\\/www.iemj.org\\\/de\\\/#organization\",\"name\":\"Institut Europ\u00e9en des Musiques Juives\",\"url\":\"https:\\\/\\\/www.iemj.org\\\/de\\\/\",\"logo\":{\"@type\":\"ImageObject\",\"inLanguage\":\"de\",\"@id\":\"https:\\\/\\\/www.iemj.org\\\/de\\\/#\\\/schema\\\/logo\\\/image\\\/\",\"url\":\"https:\\\/\\\/www.iemj.org\\\/wp-content\\\/uploads\\\/2021\\\/09\\\/Logo-IEMJ-Paypal.jpg\",\"contentUrl\":\"https:\\\/\\\/www.iemj.org\\\/wp-content\\\/uploads\\\/2021\\\/09\\\/Logo-IEMJ-Paypal.jpg\",\"width\":150,\"height\":50,\"caption\":\"Institut Europ\u00e9en des Musiques Juives\"},\"image\":{\"@id\":\"https:\\\/\\\/www.iemj.org\\\/de\\\/#\\\/schema\\\/logo\\\/image\\\/\"},\"sameAs\":[\"https:\\\/\\\/www.facebook.com\\\/MusiquesJuives\\\/\",\"https:\\\/\\\/www.instagram.com\\\/musiquesjuives\\\/\",\"https:\\\/\\\/www.youtube.com\\\/user\\\/musiquesjuives\"]},{\"@type\":\"Person\",\"@id\":\"https:\\\/\\\/www.iemj.org\\\/de\\\/#\\\/schema\\\/person\\\/906134402c29d5c76e7b726261dd4bbd\",\"name\":\"Herv\u00e9 Roten\",\"image\":{\"@type\":\"ImageObject\",\"inLanguage\":\"de\",\"@id\":\"https:\\\/\\\/secure.gravatar.com\\\/avatar\\\/f96ad2db538a26481f18384936b5cd0610c92d390c4dc382209216d455f685ff?s=96&d=mm&r=g\",\"url\":\"https:\\\/\\\/secure.gravatar.com\\\/avatar\\\/f96ad2db538a26481f18384936b5cd0610c92d390c4dc382209216d455f685ff?s=96&d=mm&r=g\",\"contentUrl\":\"https:\\\/\\\/secure.gravatar.com\\\/avatar\\\/f96ad2db538a26481f18384936b5cd0610c92d390c4dc382209216d455f685ff?s=96&d=mm&r=g\",\"caption\":\"Herv\u00e9 Roten\"}}]}<\/script>\n<!-- \/ Yoast SEO plugin. -->","yoast_head_json":{"title":"J\u00fcdische Barockmusik \u2013 Venedig, Mantua, Amsterdam (1623-1774) - Institut Europ\u00e9en des Musiques Juives","robots":{"index":"index","follow":"follow","max-snippet":"max-snippet:-1","max-image-preview":"max-image-preview:large","max-video-preview":"max-video-preview:-1"},"canonical":"https:\/\/www.iemj.org\/de\/musiques-juives-baroques-venise-mantoue-amsterdam-1623-1774-2\/","og_locale":"de_DE","og_type":"article","og_title":"J\u00fcdische Barockmusik \u2013 Venedig, Mantua, Amsterdam (1623-1774) - Institut Europ\u00e9en des Musiques Juives","og_description":"Sammlung des Musikerbes franz\u00f6sischer Juden, Vol. 10 Israel Adler gewidmet","og_url":"https:\/\/www.iemj.org\/de\/musiques-juives-baroques-venise-mantoue-amsterdam-1623-1774-2\/","og_site_name":"Institut Europ\u00e9en des Musiques Juives","article_publisher":"https:\/\/www.facebook.com\/MusiquesJuives\/","article_published_time":"2011-10-11T18:04:48+00:00","article_modified_time":"2025-08-25T07:23:29+00:00","og_image":[{"width":250,"height":248,"url":"https:\/\/www.iemj.org\/wp-content\/uploads\/2011\/10\/arton292.png","type":"image\/png"}],"author":"Herv\u00e9 Roten","twitter_card":"summary_large_image","twitter_misc":{"Verfasst von":"Herv\u00e9 Roten","Gesch\u00e4tzte Lesezeit":"2\u00a0Minuten"},"schema":{"@context":"https:\/\/schema.org","@graph":[{"@type":"Article","@id":"https:\/\/www.iemj.org\/de\/musiques-juives-baroques-venise-mantoue-amsterdam-1623-1774-2\/#article","isPartOf":{"@id":"https:\/\/www.iemj.org\/de\/musiques-juives-baroques-venise-mantoue-amsterdam-1623-1774-2\/"},"author":{"name":"Herv\u00e9 Roten","@id":"https:\/\/www.iemj.org\/de\/#\/schema\/person\/906134402c29d5c76e7b726261dd4bbd"},"headline":"J\u00fcdische Barockmusik \u2013 Venedig, Mantua, Amsterdam (1623-1774)","datePublished":"2011-10-11T18:04:48+00:00","dateModified":"2025-08-25T07:23:29+00:00","mainEntityOfPage":{"@id":"https:\/\/www.iemj.org\/de\/musiques-juives-baroques-venise-mantoue-amsterdam-1623-1774-2\/"},"wordCount":289,"publisher":{"@id":"https:\/\/www.iemj.org\/de\/#organization"},"image":{"@id":"https:\/\/www.iemj.org\/de\/musiques-juives-baroques-venise-mantoue-amsterdam-1623-1774-2\/#primaryimage"},"thumbnailUrl":"https:\/\/www.iemj.org\/wp-content\/uploads\/2011\/10\/arton292.png","keywords":["Italien"],"articleSection":["CD IEMJ","Sammlung des Musikerbes Franz\u00f6zischerJuden","Ver\u00f6ffentlichungen"],"inLanguage":"de"},{"@type":"WebPage","@id":"https:\/\/www.iemj.org\/de\/musiques-juives-baroques-venise-mantoue-amsterdam-1623-1774-2\/","url":"https:\/\/www.iemj.org\/de\/musiques-juives-baroques-venise-mantoue-amsterdam-1623-1774-2\/","name":"J\u00fcdische Barockmusik \u2013 Venedig, Mantua, Amsterdam (1623-1774) - Institut Europ\u00e9en des Musiques Juives","isPartOf":{"@id":"https:\/\/www.iemj.org\/de\/#website"},"primaryImageOfPage":{"@id":"https:\/\/www.iemj.org\/de\/musiques-juives-baroques-venise-mantoue-amsterdam-1623-1774-2\/#primaryimage"},"image":{"@id":"https:\/\/www.iemj.org\/de\/musiques-juives-baroques-venise-mantoue-amsterdam-1623-1774-2\/#primaryimage"},"thumbnailUrl":"https:\/\/www.iemj.org\/wp-content\/uploads\/2011\/10\/arton292.png","datePublished":"2011-10-11T18:04:48+00:00","dateModified":"2025-08-25T07:23:29+00:00","breadcrumb":{"@id":"https:\/\/www.iemj.org\/de\/musiques-juives-baroques-venise-mantoue-amsterdam-1623-1774-2\/#breadcrumb"},"inLanguage":"de","potentialAction":[{"@type":"ReadAction","target":["https:\/\/www.iemj.org\/de\/musiques-juives-baroques-venise-mantoue-amsterdam-1623-1774-2\/"]}]},{"@type":"ImageObject","inLanguage":"de","@id":"https:\/\/www.iemj.org\/de\/musiques-juives-baroques-venise-mantoue-amsterdam-1623-1774-2\/#primaryimage","url":"https:\/\/www.iemj.org\/wp-content\/uploads\/2011\/10\/arton292.png","contentUrl":"https:\/\/www.iemj.org\/wp-content\/uploads\/2011\/10\/arton292.png","width":250,"height":248},{"@type":"BreadcrumbList","@id":"https:\/\/www.iemj.org\/de\/musiques-juives-baroques-venise-mantoue-amsterdam-1623-1774-2\/#breadcrumb","itemListElement":[{"@type":"ListItem","position":1,"name":"Accueil","item":"https:\/\/www.iemj.org\/de\/"},{"@type":"ListItem","position":2,"name":"J\u00fcdische Barockmusik \u2013 Venedig, Mantua, Amsterdam (1623-1774)"}]},{"@type":"WebSite","@id":"https:\/\/www.iemj.org\/de\/#website","url":"https:\/\/www.iemj.org\/de\/","name":"Institut Europ\u00e9en des Musiques Juives","description":"Des traditions musicales \u00e0 la port\u00e9e de tous","publisher":{"@id":"https:\/\/www.iemj.org\/de\/#organization"},"potentialAction":[{"@type":"SearchAction","target":{"@type":"EntryPoint","urlTemplate":"https:\/\/www.iemj.org\/de\/?s={search_term_string}"},"query-input":{"@type":"PropertyValueSpecification","valueRequired":true,"valueName":"search_term_string"}}],"inLanguage":"de"},{"@type":"Organization","@id":"https:\/\/www.iemj.org\/de\/#organization","name":"Institut Europ\u00e9en des Musiques Juives","url":"https:\/\/www.iemj.org\/de\/","logo":{"@type":"ImageObject","inLanguage":"de","@id":"https:\/\/www.iemj.org\/de\/#\/schema\/logo\/image\/","url":"https:\/\/www.iemj.org\/wp-content\/uploads\/2021\/09\/Logo-IEMJ-Paypal.jpg","contentUrl":"https:\/\/www.iemj.org\/wp-content\/uploads\/2021\/09\/Logo-IEMJ-Paypal.jpg","width":150,"height":50,"caption":"Institut Europ\u00e9en des Musiques Juives"},"image":{"@id":"https:\/\/www.iemj.org\/de\/#\/schema\/logo\/image\/"},"sameAs":["https:\/\/www.facebook.com\/MusiquesJuives\/","https:\/\/www.instagram.com\/musiquesjuives\/","https:\/\/www.youtube.com\/user\/musiquesjuives"]},{"@type":"Person","@id":"https:\/\/www.iemj.org\/de\/#\/schema\/person\/906134402c29d5c76e7b726261dd4bbd","name":"Herv\u00e9 Roten","image":{"@type":"ImageObject","inLanguage":"de","@id":"https:\/\/secure.gravatar.com\/avatar\/f96ad2db538a26481f18384936b5cd0610c92d390c4dc382209216d455f685ff?s=96&d=mm&r=g","url":"https:\/\/secure.gravatar.com\/avatar\/f96ad2db538a26481f18384936b5cd0610c92d390c4dc382209216d455f685ff?s=96&d=mm&r=g","contentUrl":"https:\/\/secure.gravatar.com\/avatar\/f96ad2db538a26481f18384936b5cd0610c92d390c4dc382209216d455f685ff?s=96&d=mm&r=g","caption":"Herv\u00e9 Roten"}}]}},"_links":{"self":[{"href":"https:\/\/www.iemj.org\/de\/wp-json\/wp\/v2\/posts\/52755","targetHints":{"allow":["GET"]}}],"collection":[{"href":"https:\/\/www.iemj.org\/de\/wp-json\/wp\/v2\/posts"}],"about":[{"href":"https:\/\/www.iemj.org\/de\/wp-json\/wp\/v2\/types\/post"}],"author":[{"embeddable":true,"href":"https:\/\/www.iemj.org\/de\/wp-json\/wp\/v2\/users\/1045"}],"replies":[{"embeddable":true,"href":"https:\/\/www.iemj.org\/de\/wp-json\/wp\/v2\/comments?post=52755"}],"version-history":[{"count":0,"href":"https:\/\/www.iemj.org\/de\/wp-json\/wp\/v2\/posts\/52755\/revisions"}],"wp:featuredmedia":[{"embeddable":true,"href":"https:\/\/www.iemj.org\/de\/wp-json\/wp\/v2\/media\/52756"}],"wp:attachment":[{"href":"https:\/\/www.iemj.org\/de\/wp-json\/wp\/v2\/media?parent=52755"}],"wp:term":[{"taxonomy":"category","embeddable":true,"href":"https:\/\/www.iemj.org\/de\/wp-json\/wp\/v2\/categories?post=52755"},{"taxonomy":"post_tag","embeddable":true,"href":"https:\/\/www.iemj.org\/de\/wp-json\/wp\/v2\/tags?post=52755"},{"taxonomy":"technique","embeddable":true,"href":"https:\/\/www.iemj.org\/de\/wp-json\/wp\/v2\/technique?post=52755"},{"taxonomy":"squelettes","embeddable":true,"href":"https:\/\/www.iemj.org\/de\/wp-json\/wp\/v2\/squelettes?post=52755"},{"taxonomy":"sujet","embeddable":true,"href":"https:\/\/www.iemj.org\/de\/wp-json\/wp\/v2\/sujet?post=52755"},{"taxonomy":"formation","embeddable":true,"href":"https:\/\/www.iemj.org\/de\/wp-json\/wp\/v2\/formation?post=52755"},{"taxonomy":"genre","embeddable":true,"href":"https:\/\/www.iemj.org\/de\/wp-json\/wp\/v2\/genre?post=52755"},{"taxonomy":"fonds","embeddable":true,"href":"https:\/\/www.iemj.org\/de\/wp-json\/wp\/v2\/fonds?post=52755"},{"taxonomy":"tradition","embeddable":true,"href":"https:\/\/www.iemj.org\/de\/wp-json\/wp\/v2\/tradition?post=52755"},{"taxonomy":"type-de-contenu","embeddable":true,"href":"https:\/\/www.iemj.org\/de\/wp-json\/wp\/v2\/type-de-contenu?post=52755"},{"taxonomy":"interprete-compositeur","embeddable":true,"href":"https:\/\/www.iemj.org\/de\/wp-json\/wp\/v2\/interprete-compositeur?post=52755"},{"taxonomy":"frise","embeddable":true,"href":"https:\/\/www.iemj.org\/de\/wp-json\/wp\/v2\/frise?post=52755"},{"taxonomy":"type-devenement","embeddable":true,"href":"https:\/\/www.iemj.org\/de\/wp-json\/wp\/v2\/type-devenement?post=52755"},{"taxonomy":"tableaux-liens-externes","embeddable":true,"href":"https:\/\/www.iemj.org\/de\/wp-json\/wp\/v2\/tableaux-liens-externes?post=52755"}],"curies":[{"name":"wp","href":"https:\/\/api.w.org\/{rel}","templated":true}]}}