{"id":52797,"date":"2011-04-14T21:30:17","date_gmt":"2011-04-14T19:30:17","guid":{"rendered":"https:\/\/www.iemj.org\/kol-nidre-huit-visions\/"},"modified":"2025-08-24T19:19:21","modified_gmt":"2025-08-24T17:19:21","slug":"kol-nidre-huit-visions","status":"publish","type":"post","link":"https:\/\/www.iemj.org\/de\/kol-nidre-huit-visions\/","title":{"rendered":"Kol Nidr\u00e9 \u2013 Acht Visionen"},"content":{"rendered":"<h3><strong>Sammlung des Musikerbes franz\u00f6sischer Juden, Vol. 9<\/strong><\/h3>\n<p><!--more--><\/p>\n<p>Diese 9. CD der Sammlung des Musikerbes franz\u00f6sischer Juden wurde von der Fondation du Juda\u00efsme Fran\u00e7ais produziert und am 18. November 2009 in der ULIF-Copernic Synagoge, anl\u00e4sslich eines Konzerts, aufgenommen. Das Konzert wurde von 4 liberalen Pariser Gemeinschaften, sowie dem Centre Fran\u00e7ais des Musiques Juives veranstaltet.<\/p>\n<p>Auf der CD sind, neben der traditionellen Version des Kol Nidre, welches von Armand Benhamou und dem Choral Copernic Ensemble dargeboten wird, auch sieben musikalische Versionen des ber\u00fchmten Jom-Kippur-Gebetes von Max Bruch, Nicolas Bacri, Ita\u00ef Daniel, Graciane Finzi, Serge Kaufmann, Jean-Fran\u00e7ois Zygel und John Zorn, zuh\u00f6ren.\u00a0 Eine wahre Referenzquelle, dargeboten von international renommierten K\u00fcnstlern, wie Quatuor Enesco, Martine Bailly, Simon Zaoui oder Jean-Fran\u00e7ois Zygel.<\/p>\n<p><a href=\"https:\/\/www.iemj.org\/en\/product\/kol-nidre-huit-visions\/\" target=\"_blank\" rel=\"noopener\">Kaufen Sie die CD im Onlineshop des IEMJ<\/a><\/p>\n<p><strong>Auskunft\/Bestellung\/Pressenkontakt<\/strong> telefonisch unter (+33) 1 45 82 20 52 und per Mail an\u00a0<a href=\"mailto:contact@iemj.org\">contact@iemj.org<\/a><\/p>\n<p><img fetchpriority=\"high\" decoding=\"async\" class=\"size-full wp-image-3480 aligncenter\" src=\"https:\/\/www.iemj.org\/wp-content\/uploads\/2011\/04\/kol_nidre_couv4_siteiemj.jpg\" alt=\"kol_nidre_couv4_siteiemj.jpg\" width=\"500\" height=\"422\" align=\"left\" \/><\/p>\n<div id=\"fb-root\">\u00a0<\/div>\n<div class=\"fb-like\" data-href=\"#URL_ARTICLE\" data-layout=\"button_count\" data-action=\"like\" data-show-faces=\"false\" data-share=\"true\">\u00a0<\/div>\n\n\n<h2 class=\"wp-block-heading\"><\/h2>\n\n\n\n<figure class=\"wp-block-image size-large\"><img decoding=\"async\" width=\"1024\" height=\"133\" src=\"https:\/\/www.iemj.org\/wp-content\/uploads\/2024\/03\/AUDIO-PLAYER-1024x133.png\" alt=\"\" class=\"wp-image-110606\" srcset=\"https:\/\/www.iemj.org\/wp-content\/uploads\/2024\/03\/AUDIO-PLAYER-1024x133.png 1024w, https:\/\/www.iemj.org\/wp-content\/uploads\/2024\/03\/AUDIO-PLAYER-300x39.png 300w, https:\/\/www.iemj.org\/wp-content\/uploads\/2024\/03\/AUDIO-PLAYER-768x100.png 768w, https:\/\/www.iemj.org\/wp-content\/uploads\/2024\/03\/AUDIO-PLAYER-600x78.png 600w, https:\/\/www.iemj.org\/wp-content\/uploads\/2024\/03\/AUDIO-PLAYER.png 1210w\" sizes=\"(max-width: 1024px) 100vw, 1024px\" \/><\/figure>\n\n\n\n<div class=\"wp-block-file\"><a href=\"https:\/\/www.iemj.org\/wp-content\/uploads\/2018\/10\/vl9_kol_nidre_de_itai_daniel_ext.mp3\">Kol Nidrei &#8211; Ita\u00ef Daniel (EXTRAIT)<\/a><\/div>\n\n\n\n<div class=\"wp-block-file\"><a href=\"https:\/\/www.iemj.org\/wp-content\/uploads\/2018\/10\/vl9_kol_nidre_kaufmann_ext.mp3\">Kol Nidr\u00e9 &#8211; Serge Kaufmann (EXTRAIT)<\/a><\/div>\n\n\n\n<div class=\"wp-block-file\"><a href=\"https:\/\/www.iemj.org\/wp-content\/uploads\/2018\/10\/vl9_kol_nidre_trad_s_david_ext.mp3\">Kol Nidr\u00e9 &#8211; Samuel David (EXTRAIT)<\/a><\/div>\n\n\n\n<div class=\"wp-block-file\"><a href=\"https:\/\/www.iemj.org\/wp-content\/uploads\/2018\/10\/vl9_kol_nidrei_john_zorn_ext.mp3\">Kol Nidre &#8211; John Zorn (EXTRAIT)<\/a><\/div>\n\n\n\n<div class=\"wp-block-file\"><a href=\"https:\/\/www.iemj.org\/wp-content\/uploads\/2018\/10\/vl9_kol_nidrei_max_bruch_ext.mp3\">Kol Nidrei &#8211; Max Bruch (EXTRAIT)<\/a><\/div>\n","protected":false},"excerpt":{"rendered":"<p>Sammlung des Musikerbes franz\u00f6sischer Juden, Vol. 9<\/p>\n","protected":false},"author":1047,"featured_media":52798,"comment_status":"closed","ping_status":"open","sticky":false,"template":"","format":"standard","meta":{"_acf_changed":false,"footnotes":""},"categories":[1393,2207,1390],"tags":[],"technique":[],"squelettes":[],"sujet":[1760],"formation":[],"genre":[1900,1891],"fonds":[],"tradition":[],"type-de-contenu":[],"interprete-compositeur":[3181,3208,3265,3291],"frise":[],"type-devenement":[],"tableaux-liens-externes":[],"class_list":["post-52797","post","type-post","status-publish","format-standard","has-post-thumbnail","hentry","category-cd-iemj-de","category-sammlung-des-musikerbes-franzoezischerjuden-de","category-veroffentlichungen-de","sujet-yom-kippur-de","genre-klassische-musik-de","genre-liturgie-de","interprete-compositeur-itai-daniel-de-3","interprete-compositeur-jean-francois-zygel-de","interprete-compositeur-max-bruch-de","interprete-compositeur-serge-kaufmann-de"],"acf":[],"yoast_head":"<!-- This site is optimized with the Yoast SEO plugin v27.3 - https:\/\/yoast.com\/product\/yoast-seo-wordpress\/ -->\n<title>Kol Nidr\u00e9 \u2013 Acht Visionen - Institut Europ\u00e9en des Musiques Juives<\/title>\n<meta name=\"robots\" content=\"index, follow, max-snippet:-1, max-image-preview:large, max-video-preview:-1\" \/>\n<link rel=\"canonical\" href=\"https:\/\/www.iemj.org\/de\/kol-nidre-huit-visions\/\" \/>\n<meta property=\"og:locale\" content=\"de_DE\" \/>\n<meta property=\"og:type\" content=\"article\" \/>\n<meta property=\"og:title\" content=\"Kol Nidr\u00e9 \u2013 Acht Visionen - Institut Europ\u00e9en des Musiques Juives\" \/>\n<meta property=\"og:description\" content=\"Sammlung des Musikerbes franz\u00f6sischer Juden, Vol. 9\" \/>\n<meta property=\"og:url\" content=\"https:\/\/www.iemj.org\/de\/kol-nidre-huit-visions\/\" \/>\n<meta property=\"og:site_name\" content=\"Institut Europ\u00e9en des Musiques Juives\" \/>\n<meta property=\"article:publisher\" content=\"https:\/\/www.facebook.com\/MusiquesJuives\/\" \/>\n<meta property=\"article:published_time\" content=\"2011-04-14T19:30:17+00:00\" \/>\n<meta property=\"article:modified_time\" content=\"2025-08-24T17:19:21+00:00\" \/>\n<meta property=\"og:image\" content=\"https:\/\/www.iemj.org\/wp-content\/uploads\/2011\/04\/arton182.jpg\" \/>\n\t<meta property=\"og:image:width\" content=\"343\" \/>\n\t<meta property=\"og:image:height\" content=\"340\" \/>\n\t<meta property=\"og:image:type\" content=\"image\/jpeg\" \/>\n<meta name=\"author\" content=\"Nicolas Fevre\" \/>\n<meta name=\"twitter:card\" content=\"summary_large_image\" \/>\n<meta name=\"twitter:label1\" content=\"Verfasst von\" \/>\n\t<meta name=\"twitter:data1\" content=\"Nicolas Fevre\" \/>\n\t<meta name=\"twitter:label2\" content=\"Gesch\u00e4tzte Lesezeit\" \/>\n\t<meta name=\"twitter:data2\" content=\"1\u00a0Minute\" \/>\n<script type=\"application\/ld+json\" class=\"yoast-schema-graph\">{\"@context\":\"https:\\\/\\\/schema.org\",\"@graph\":[{\"@type\":\"Article\",\"@id\":\"https:\\\/\\\/www.iemj.org\\\/de\\\/kol-nidre-huit-visions\\\/#article\",\"isPartOf\":{\"@id\":\"https:\\\/\\\/www.iemj.org\\\/de\\\/kol-nidre-huit-visions\\\/\"},\"author\":{\"name\":\"Nicolas Fevre\",\"@id\":\"https:\\\/\\\/www.iemj.org\\\/de\\\/#\\\/schema\\\/person\\\/0dfc8632809ec10c9e7d4daf4f4b9f1c\"},\"headline\":\"Kol Nidr\u00e9 \u2013 Acht Visionen\",\"datePublished\":\"2011-04-14T19:30:17+00:00\",\"dateModified\":\"2025-08-24T17:19:21+00:00\",\"mainEntityOfPage\":{\"@id\":\"https:\\\/\\\/www.iemj.org\\\/de\\\/kol-nidre-huit-visions\\\/\"},\"wordCount\":177,\"publisher\":{\"@id\":\"https:\\\/\\\/www.iemj.org\\\/de\\\/#organization\"},\"image\":{\"@id\":\"https:\\\/\\\/www.iemj.org\\\/de\\\/kol-nidre-huit-visions\\\/#primaryimage\"},\"thumbnailUrl\":\"https:\\\/\\\/www.iemj.org\\\/wp-content\\\/uploads\\\/2011\\\/04\\\/arton182.jpg\",\"articleSection\":[\"CD IEMJ\",\"Sammlung des Musikerbes Franz\u00f6zischerJuden\",\"Ver\u00f6ffentlichungen\"],\"inLanguage\":\"de\"},{\"@type\":\"WebPage\",\"@id\":\"https:\\\/\\\/www.iemj.org\\\/de\\\/kol-nidre-huit-visions\\\/\",\"url\":\"https:\\\/\\\/www.iemj.org\\\/de\\\/kol-nidre-huit-visions\\\/\",\"name\":\"Kol Nidr\u00e9 \u2013 Acht Visionen - Institut Europ\u00e9en des Musiques Juives\",\"isPartOf\":{\"@id\":\"https:\\\/\\\/www.iemj.org\\\/de\\\/#website\"},\"primaryImageOfPage\":{\"@id\":\"https:\\\/\\\/www.iemj.org\\\/de\\\/kol-nidre-huit-visions\\\/#primaryimage\"},\"image\":{\"@id\":\"https:\\\/\\\/www.iemj.org\\\/de\\\/kol-nidre-huit-visions\\\/#primaryimage\"},\"thumbnailUrl\":\"https:\\\/\\\/www.iemj.org\\\/wp-content\\\/uploads\\\/2011\\\/04\\\/arton182.jpg\",\"datePublished\":\"2011-04-14T19:30:17+00:00\",\"dateModified\":\"2025-08-24T17:19:21+00:00\",\"breadcrumb\":{\"@id\":\"https:\\\/\\\/www.iemj.org\\\/de\\\/kol-nidre-huit-visions\\\/#breadcrumb\"},\"inLanguage\":\"de\",\"potentialAction\":[{\"@type\":\"ReadAction\",\"target\":[\"https:\\\/\\\/www.iemj.org\\\/de\\\/kol-nidre-huit-visions\\\/\"]}]},{\"@type\":\"ImageObject\",\"inLanguage\":\"de\",\"@id\":\"https:\\\/\\\/www.iemj.org\\\/de\\\/kol-nidre-huit-visions\\\/#primaryimage\",\"url\":\"https:\\\/\\\/www.iemj.org\\\/wp-content\\\/uploads\\\/2011\\\/04\\\/arton182.jpg\",\"contentUrl\":\"https:\\\/\\\/www.iemj.org\\\/wp-content\\\/uploads\\\/2011\\\/04\\\/arton182.jpg\",\"width\":343,\"height\":340},{\"@type\":\"BreadcrumbList\",\"@id\":\"https:\\\/\\\/www.iemj.org\\\/de\\\/kol-nidre-huit-visions\\\/#breadcrumb\",\"itemListElement\":[{\"@type\":\"ListItem\",\"position\":1,\"name\":\"Accueil\",\"item\":\"https:\\\/\\\/www.iemj.org\\\/de\\\/\"},{\"@type\":\"ListItem\",\"position\":2,\"name\":\"Kol Nidr\u00e9 \u2013 Acht Visionen\"}]},{\"@type\":\"WebSite\",\"@id\":\"https:\\\/\\\/www.iemj.org\\\/de\\\/#website\",\"url\":\"https:\\\/\\\/www.iemj.org\\\/de\\\/\",\"name\":\"Institut Europ\u00e9en des Musiques Juives\",\"description\":\"Des traditions musicales \u00e0 la port\u00e9e de tous\",\"publisher\":{\"@id\":\"https:\\\/\\\/www.iemj.org\\\/de\\\/#organization\"},\"potentialAction\":[{\"@type\":\"SearchAction\",\"target\":{\"@type\":\"EntryPoint\",\"urlTemplate\":\"https:\\\/\\\/www.iemj.org\\\/de\\\/?s={search_term_string}\"},\"query-input\":{\"@type\":\"PropertyValueSpecification\",\"valueRequired\":true,\"valueName\":\"search_term_string\"}}],\"inLanguage\":\"de\"},{\"@type\":\"Organization\",\"@id\":\"https:\\\/\\\/www.iemj.org\\\/de\\\/#organization\",\"name\":\"Institut Europ\u00e9en des Musiques Juives\",\"url\":\"https:\\\/\\\/www.iemj.org\\\/de\\\/\",\"logo\":{\"@type\":\"ImageObject\",\"inLanguage\":\"de\",\"@id\":\"https:\\\/\\\/www.iemj.org\\\/de\\\/#\\\/schema\\\/logo\\\/image\\\/\",\"url\":\"https:\\\/\\\/www.iemj.org\\\/wp-content\\\/uploads\\\/2021\\\/09\\\/Logo-IEMJ-Paypal.jpg\",\"contentUrl\":\"https:\\\/\\\/www.iemj.org\\\/wp-content\\\/uploads\\\/2021\\\/09\\\/Logo-IEMJ-Paypal.jpg\",\"width\":150,\"height\":50,\"caption\":\"Institut Europ\u00e9en des Musiques Juives\"},\"image\":{\"@id\":\"https:\\\/\\\/www.iemj.org\\\/de\\\/#\\\/schema\\\/logo\\\/image\\\/\"},\"sameAs\":[\"https:\\\/\\\/www.facebook.com\\\/MusiquesJuives\\\/\",\"https:\\\/\\\/www.instagram.com\\\/musiquesjuives\\\/\",\"https:\\\/\\\/www.youtube.com\\\/user\\\/musiquesjuives\"]},{\"@type\":\"Person\",\"@id\":\"https:\\\/\\\/www.iemj.org\\\/de\\\/#\\\/schema\\\/person\\\/0dfc8632809ec10c9e7d4daf4f4b9f1c\",\"name\":\"Nicolas Fevre\",\"image\":{\"@type\":\"ImageObject\",\"inLanguage\":\"de\",\"@id\":\"https:\\\/\\\/secure.gravatar.com\\\/avatar\\\/d879fd262de3ba26caa7035b34c65f320aa09cf4c96889ac41d9325e287ccb7b?s=96&d=mm&r=g\",\"url\":\"https:\\\/\\\/secure.gravatar.com\\\/avatar\\\/d879fd262de3ba26caa7035b34c65f320aa09cf4c96889ac41d9325e287ccb7b?s=96&d=mm&r=g\",\"contentUrl\":\"https:\\\/\\\/secure.gravatar.com\\\/avatar\\\/d879fd262de3ba26caa7035b34c65f320aa09cf4c96889ac41d9325e287ccb7b?s=96&d=mm&r=g\",\"caption\":\"Nicolas Fevre\"}}]}<\/script>\n<!-- \/ Yoast SEO plugin. -->","yoast_head_json":{"title":"Kol Nidr\u00e9 \u2013 Acht Visionen - Institut Europ\u00e9en des Musiques Juives","robots":{"index":"index","follow":"follow","max-snippet":"max-snippet:-1","max-image-preview":"max-image-preview:large","max-video-preview":"max-video-preview:-1"},"canonical":"https:\/\/www.iemj.org\/de\/kol-nidre-huit-visions\/","og_locale":"de_DE","og_type":"article","og_title":"Kol Nidr\u00e9 \u2013 Acht Visionen - Institut Europ\u00e9en des Musiques Juives","og_description":"Sammlung des Musikerbes franz\u00f6sischer Juden, Vol. 9","og_url":"https:\/\/www.iemj.org\/de\/kol-nidre-huit-visions\/","og_site_name":"Institut Europ\u00e9en des Musiques Juives","article_publisher":"https:\/\/www.facebook.com\/MusiquesJuives\/","article_published_time":"2011-04-14T19:30:17+00:00","article_modified_time":"2025-08-24T17:19:21+00:00","og_image":[{"width":343,"height":340,"url":"https:\/\/www.iemj.org\/wp-content\/uploads\/2011\/04\/arton182.jpg","type":"image\/jpeg"}],"author":"Nicolas Fevre","twitter_card":"summary_large_image","twitter_misc":{"Verfasst von":"Nicolas Fevre","Gesch\u00e4tzte Lesezeit":"1\u00a0Minute"},"schema":{"@context":"https:\/\/schema.org","@graph":[{"@type":"Article","@id":"https:\/\/www.iemj.org\/de\/kol-nidre-huit-visions\/#article","isPartOf":{"@id":"https:\/\/www.iemj.org\/de\/kol-nidre-huit-visions\/"},"author":{"name":"Nicolas Fevre","@id":"https:\/\/www.iemj.org\/de\/#\/schema\/person\/0dfc8632809ec10c9e7d4daf4f4b9f1c"},"headline":"Kol Nidr\u00e9 \u2013 Acht Visionen","datePublished":"2011-04-14T19:30:17+00:00","dateModified":"2025-08-24T17:19:21+00:00","mainEntityOfPage":{"@id":"https:\/\/www.iemj.org\/de\/kol-nidre-huit-visions\/"},"wordCount":177,"publisher":{"@id":"https:\/\/www.iemj.org\/de\/#organization"},"image":{"@id":"https:\/\/www.iemj.org\/de\/kol-nidre-huit-visions\/#primaryimage"},"thumbnailUrl":"https:\/\/www.iemj.org\/wp-content\/uploads\/2011\/04\/arton182.jpg","articleSection":["CD IEMJ","Sammlung des Musikerbes Franz\u00f6zischerJuden","Ver\u00f6ffentlichungen"],"inLanguage":"de"},{"@type":"WebPage","@id":"https:\/\/www.iemj.org\/de\/kol-nidre-huit-visions\/","url":"https:\/\/www.iemj.org\/de\/kol-nidre-huit-visions\/","name":"Kol Nidr\u00e9 \u2013 Acht Visionen - Institut Europ\u00e9en des Musiques Juives","isPartOf":{"@id":"https:\/\/www.iemj.org\/de\/#website"},"primaryImageOfPage":{"@id":"https:\/\/www.iemj.org\/de\/kol-nidre-huit-visions\/#primaryimage"},"image":{"@id":"https:\/\/www.iemj.org\/de\/kol-nidre-huit-visions\/#primaryimage"},"thumbnailUrl":"https:\/\/www.iemj.org\/wp-content\/uploads\/2011\/04\/arton182.jpg","datePublished":"2011-04-14T19:30:17+00:00","dateModified":"2025-08-24T17:19:21+00:00","breadcrumb":{"@id":"https:\/\/www.iemj.org\/de\/kol-nidre-huit-visions\/#breadcrumb"},"inLanguage":"de","potentialAction":[{"@type":"ReadAction","target":["https:\/\/www.iemj.org\/de\/kol-nidre-huit-visions\/"]}]},{"@type":"ImageObject","inLanguage":"de","@id":"https:\/\/www.iemj.org\/de\/kol-nidre-huit-visions\/#primaryimage","url":"https:\/\/www.iemj.org\/wp-content\/uploads\/2011\/04\/arton182.jpg","contentUrl":"https:\/\/www.iemj.org\/wp-content\/uploads\/2011\/04\/arton182.jpg","width":343,"height":340},{"@type":"BreadcrumbList","@id":"https:\/\/www.iemj.org\/de\/kol-nidre-huit-visions\/#breadcrumb","itemListElement":[{"@type":"ListItem","position":1,"name":"Accueil","item":"https:\/\/www.iemj.org\/de\/"},{"@type":"ListItem","position":2,"name":"Kol Nidr\u00e9 \u2013 Acht Visionen"}]},{"@type":"WebSite","@id":"https:\/\/www.iemj.org\/de\/#website","url":"https:\/\/www.iemj.org\/de\/","name":"Institut Europ\u00e9en des Musiques Juives","description":"Des traditions musicales \u00e0 la port\u00e9e de tous","publisher":{"@id":"https:\/\/www.iemj.org\/de\/#organization"},"potentialAction":[{"@type":"SearchAction","target":{"@type":"EntryPoint","urlTemplate":"https:\/\/www.iemj.org\/de\/?s={search_term_string}"},"query-input":{"@type":"PropertyValueSpecification","valueRequired":true,"valueName":"search_term_string"}}],"inLanguage":"de"},{"@type":"Organization","@id":"https:\/\/www.iemj.org\/de\/#organization","name":"Institut Europ\u00e9en des Musiques Juives","url":"https:\/\/www.iemj.org\/de\/","logo":{"@type":"ImageObject","inLanguage":"de","@id":"https:\/\/www.iemj.org\/de\/#\/schema\/logo\/image\/","url":"https:\/\/www.iemj.org\/wp-content\/uploads\/2021\/09\/Logo-IEMJ-Paypal.jpg","contentUrl":"https:\/\/www.iemj.org\/wp-content\/uploads\/2021\/09\/Logo-IEMJ-Paypal.jpg","width":150,"height":50,"caption":"Institut Europ\u00e9en des Musiques Juives"},"image":{"@id":"https:\/\/www.iemj.org\/de\/#\/schema\/logo\/image\/"},"sameAs":["https:\/\/www.facebook.com\/MusiquesJuives\/","https:\/\/www.instagram.com\/musiquesjuives\/","https:\/\/www.youtube.com\/user\/musiquesjuives"]},{"@type":"Person","@id":"https:\/\/www.iemj.org\/de\/#\/schema\/person\/0dfc8632809ec10c9e7d4daf4f4b9f1c","name":"Nicolas Fevre","image":{"@type":"ImageObject","inLanguage":"de","@id":"https:\/\/secure.gravatar.com\/avatar\/d879fd262de3ba26caa7035b34c65f320aa09cf4c96889ac41d9325e287ccb7b?s=96&d=mm&r=g","url":"https:\/\/secure.gravatar.com\/avatar\/d879fd262de3ba26caa7035b34c65f320aa09cf4c96889ac41d9325e287ccb7b?s=96&d=mm&r=g","contentUrl":"https:\/\/secure.gravatar.com\/avatar\/d879fd262de3ba26caa7035b34c65f320aa09cf4c96889ac41d9325e287ccb7b?s=96&d=mm&r=g","caption":"Nicolas Fevre"}}]}},"_links":{"self":[{"href":"https:\/\/www.iemj.org\/de\/wp-json\/wp\/v2\/posts\/52797","targetHints":{"allow":["GET"]}}],"collection":[{"href":"https:\/\/www.iemj.org\/de\/wp-json\/wp\/v2\/posts"}],"about":[{"href":"https:\/\/www.iemj.org\/de\/wp-json\/wp\/v2\/types\/post"}],"author":[{"embeddable":true,"href":"https:\/\/www.iemj.org\/de\/wp-json\/wp\/v2\/users\/1047"}],"replies":[{"embeddable":true,"href":"https:\/\/www.iemj.org\/de\/wp-json\/wp\/v2\/comments?post=52797"}],"version-history":[{"count":0,"href":"https:\/\/www.iemj.org\/de\/wp-json\/wp\/v2\/posts\/52797\/revisions"}],"wp:featuredmedia":[{"embeddable":true,"href":"https:\/\/www.iemj.org\/de\/wp-json\/wp\/v2\/media\/52798"}],"wp:attachment":[{"href":"https:\/\/www.iemj.org\/de\/wp-json\/wp\/v2\/media?parent=52797"}],"wp:term":[{"taxonomy":"category","embeddable":true,"href":"https:\/\/www.iemj.org\/de\/wp-json\/wp\/v2\/categories?post=52797"},{"taxonomy":"post_tag","embeddable":true,"href":"https:\/\/www.iemj.org\/de\/wp-json\/wp\/v2\/tags?post=52797"},{"taxonomy":"technique","embeddable":true,"href":"https:\/\/www.iemj.org\/de\/wp-json\/wp\/v2\/technique?post=52797"},{"taxonomy":"squelettes","embeddable":true,"href":"https:\/\/www.iemj.org\/de\/wp-json\/wp\/v2\/squelettes?post=52797"},{"taxonomy":"sujet","embeddable":true,"href":"https:\/\/www.iemj.org\/de\/wp-json\/wp\/v2\/sujet?post=52797"},{"taxonomy":"formation","embeddable":true,"href":"https:\/\/www.iemj.org\/de\/wp-json\/wp\/v2\/formation?post=52797"},{"taxonomy":"genre","embeddable":true,"href":"https:\/\/www.iemj.org\/de\/wp-json\/wp\/v2\/genre?post=52797"},{"taxonomy":"fonds","embeddable":true,"href":"https:\/\/www.iemj.org\/de\/wp-json\/wp\/v2\/fonds?post=52797"},{"taxonomy":"tradition","embeddable":true,"href":"https:\/\/www.iemj.org\/de\/wp-json\/wp\/v2\/tradition?post=52797"},{"taxonomy":"type-de-contenu","embeddable":true,"href":"https:\/\/www.iemj.org\/de\/wp-json\/wp\/v2\/type-de-contenu?post=52797"},{"taxonomy":"interprete-compositeur","embeddable":true,"href":"https:\/\/www.iemj.org\/de\/wp-json\/wp\/v2\/interprete-compositeur?post=52797"},{"taxonomy":"frise","embeddable":true,"href":"https:\/\/www.iemj.org\/de\/wp-json\/wp\/v2\/frise?post=52797"},{"taxonomy":"type-devenement","embeddable":true,"href":"https:\/\/www.iemj.org\/de\/wp-json\/wp\/v2\/type-devenement?post=52797"},{"taxonomy":"tableaux-liens-externes","embeddable":true,"href":"https:\/\/www.iemj.org\/de\/wp-json\/wp\/v2\/tableaux-liens-externes?post=52797"}],"curies":[{"name":"wp","href":"https:\/\/api.w.org\/{rel}","templated":true}]}}