{"id":53087,"date":"2018-12-13T11:07:05","date_gmt":"2018-12-13T10:07:05","guid":{"rendered":"https:\/\/www.iemj.org\/a-jumpin-night-in-the-garden-of-eden\/"},"modified":"2021-07-03T15:41:56","modified_gmt":"2021-07-03T13:41:56","slug":"a-jumpin-night-in-the-garden-of-eden","status":"publish","type":"post","link":"https:\/\/www.iemj.org\/de\/a-jumpin-night-in-the-garden-of-eden\/","title":{"rendered":"A Jumpin&#8216; Night in the Garden of Eden"},"content":{"rendered":"<p><em>A Jumpin\u2018 Night in the Garden of Eden<\/em> ist die erste Dokumentation, \u00fcber die Renaissance der Klezmer-Musik in den Vereinigten Staaten der sp\u00e4ten 1970er Jahren. Sie zeichnet die Bem\u00fchungen von <strong>Kapelye<\/strong> und <strong>Boston\u2019s Klezmer Conservatory Band <\/strong>nach, den ersten beiden Gruppen, welche versuchten die verlorenen Geschichte der als \u201eKlezmer\u201c bekannte Musik wiederzuentdecken. Urspr\u00fcnglich handelte es sich bei der Klezmer um eine in erster Linie instrumentale Musik, welche bei dem Gro\u00dfteil der j\u00fcdischen Feste Osteuropas, insbesondere bei Hochzeiten, gespielt wurde. In den ersten Jahrzehnten des 20. Jahrhunderts, schlug die Klezmer in den Vereinigten Staaten Wurzeln. Die meisten Klezmer-Musiker hatten keinerlei spezifische musikalische Ausbildung. Sie lernten hunderte von Melodien nach dem Geh\u00f6r zu spielen, dabei entliehen sie bestimmte Elemente dem zigeunerischen, dem ukrainischen und dem griechischen Repertoire, aber ebenso auch den neuen Kl\u00e4ngen des amerikanischen Jazz. Die Klezmer-Musik aus Osteuropa lebte durch die Fantasie der jiddischen New Yorker Theaterkomponisten weiter, von denen einige Lieder durch K\u00fcnstler wie die <strong>Andrew Sisters<\/strong> bekannt wurden.<\/p>\n<p><em>A Jumpin\u2018 Night in the Garden of Eden<\/em> erz\u00e4hlt von der Schwierigkeit, aus einer auf der m\u00fcndlichen Tradition basierten und einem traditionell j\u00fcdischen Kontext verhafteten Musik, eine verschriftlichte B\u00fchnen-Musik zu machen.<\/p>\n<p>Dieser energiegeladene, intelligent und oft auch komische Film enth\u00e4lt seltene Aufnahmen alter in die USA ausgewanderte Klezmer-Musiker (<strong>Dave Tarras<\/strong>, <strong>Leon Schwartz<\/strong> und <strong>Ben Gailing<\/strong>). Ebenso zu sehen sind die Begegnungen dieser Musiker mit der neuen Generation von Musikern, welche die Renaissance der Klezmer anf\u00fchrten (<strong>Henry Sapoznik<\/strong>, <strong>Hankus Netsky<\/strong>, <strong>Michael Alpert<\/strong>, <strong>Judy Bressler<\/strong> und der Jazz-Musiker <strong>Don Byron<\/strong>).<\/p>\n<p><a href=\"http:\/\/www.folkstreams.net\/film-detail.php?id=63\">Erfahren Sie mehr \u00fcber den Film\u00a0<em>A Jumpin\u2019 Night in the Garden of Eden<\/em><\/a><br \/><a href=\"https:\/\/www.iemj.org\/de\/le-klezmer-musique-dhier-et-daujourdhui\/\">Lesen Sie den Artikel von Herv\u00e9 Roten \u201cDie Klezmer: Musik von gestern und heute\u201d<\/a><\/p>\n\n\n<figure class=\"wp-block-video\"><video height=\"720\" style=\"aspect-ratio: 948 \/ 720;\" width=\"948\" controls src=\"https:\/\/www.iemj.org\/wp-content\/uploads\/2018\/12\/a_jumpin_night_trailer_iemj-1.mp4\"><\/video><figcaption><strong>Schauen Sie sich einen Auszug aus der Dokumentation <em>A Jumpin\u2018 Night in the Garden of Eden<\/em> an<\/strong><\/figcaption><\/figure>\n\n\n\n<p><em>Dokumentarfilm produziert und gedreht von Michal Goldman<br>Kamera: Boyd Estus, Dyanna Taylor<br>Ton: Colin Macnab, John Dildine<br>Produzent: Michal Goldman<br>Gef\u00f6rdert von: The National Endowment for the Arts\/Folk Arts, the American Film Institute in association with the National Endowment for the Arts, the Massachusetts Cultural Council, the Massachusetts Foundation for the Humanities and Public Policy, the New England<br>Originalformat: Film: 16mm<br>\u00a91987, Michal Goldman<br>1 hr 15 Min, Farbe<\/em><\/p>\n","protected":false},"excerpt":{"rendered":"<p>A Jumpin\u2018 Night in the Garden of Eden ist die erste Dokumentation, \u00fcber die Renaissance der Klezmer-Musik in den Vereinigten Staaten der sp\u00e4ten 1970er Jahren. Sie zeichnet die Bem\u00fchungen von<\/p>\n","protected":false},"author":1048,"featured_media":53088,"comment_status":"closed","ping_status":"open","sticky":false,"template":"","format":"standard","meta":{"_acf_changed":false,"footnotes":""},"categories":[1533],"tags":[],"technique":[],"squelettes":[],"sujet":[],"formation":[],"genre":[1875,1864],"fonds":[],"tradition":[],"type-de-contenu":[],"interprete-compositeur":[],"frise":[],"type-devenement":[],"tableaux-liens-externes":[],"class_list":["post-53087","post","type-post","status-publish","format-standard","has-post-thumbnail","hentry","category-fernsehsendungen-videos-de","genre-klezmer-de","genre-yiddish-de"],"acf":[],"yoast_head":"<!-- This site is optimized with the Yoast SEO plugin v27.3 - https:\/\/yoast.com\/product\/yoast-seo-wordpress\/ -->\n<title>A Jumpin&#039; Night in the Garden of Eden - Institut Europ\u00e9en des Musiques Juives<\/title>\n<meta name=\"robots\" content=\"index, follow, max-snippet:-1, max-image-preview:large, max-video-preview:-1\" \/>\n<link rel=\"canonical\" href=\"https:\/\/www.iemj.org\/de\/a-jumpin-night-in-the-garden-of-eden\/\" \/>\n<meta property=\"og:locale\" content=\"de_DE\" \/>\n<meta property=\"og:type\" content=\"article\" \/>\n<meta property=\"og:title\" content=\"A Jumpin&#039; Night in the Garden of Eden - Institut Europ\u00e9en des Musiques Juives\" \/>\n<meta property=\"og:description\" content=\"A Jumpin\u2018 Night in the Garden of Eden ist die erste Dokumentation, \u00fcber die Renaissance der Klezmer-Musik in den Vereinigten Staaten der sp\u00e4ten 1970er Jahren. Sie zeichnet die Bem\u00fchungen von\" \/>\n<meta property=\"og:url\" content=\"https:\/\/www.iemj.org\/de\/a-jumpin-night-in-the-garden-of-eden\/\" \/>\n<meta property=\"og:site_name\" content=\"Institut Europ\u00e9en des Musiques Juives\" \/>\n<meta property=\"article:publisher\" content=\"https:\/\/www.facebook.com\/MusiquesJuives\/\" \/>\n<meta property=\"article:published_time\" content=\"2018-12-13T10:07:05+00:00\" \/>\n<meta property=\"article:modified_time\" content=\"2021-07-03T13:41:56+00:00\" \/>\n<meta property=\"og:image\" content=\"https:\/\/www.iemj.org\/wp-content\/uploads\/2018\/12\/arton3835.jpg\" \/>\n\t<meta property=\"og:image:width\" content=\"206\" \/>\n\t<meta property=\"og:image:height\" content=\"305\" \/>\n\t<meta property=\"og:image:type\" content=\"image\/jpeg\" \/>\n<meta name=\"author\" content=\"Jean-Gabriel Davis\" \/>\n<meta name=\"twitter:card\" content=\"summary_large_image\" \/>\n<meta name=\"twitter:label1\" content=\"Verfasst von\" \/>\n\t<meta name=\"twitter:data1\" content=\"Jean-Gabriel Davis\" \/>\n\t<meta name=\"twitter:label2\" content=\"Gesch\u00e4tzte Lesezeit\" \/>\n\t<meta name=\"twitter:data2\" content=\"2\u00a0Minuten\" \/>\n<script type=\"application\/ld+json\" class=\"yoast-schema-graph\">{\"@context\":\"https:\\\/\\\/schema.org\",\"@graph\":[{\"@type\":\"Article\",\"@id\":\"https:\\\/\\\/www.iemj.org\\\/de\\\/a-jumpin-night-in-the-garden-of-eden\\\/#article\",\"isPartOf\":{\"@id\":\"https:\\\/\\\/www.iemj.org\\\/de\\\/a-jumpin-night-in-the-garden-of-eden\\\/\"},\"author\":{\"name\":\"Jean-Gabriel Davis\",\"@id\":\"https:\\\/\\\/www.iemj.org\\\/de\\\/#\\\/schema\\\/person\\\/c9bc1c386a3749579a2d675e72a18666\"},\"headline\":\"A Jumpin&#8216; Night in the Garden of Eden\",\"datePublished\":\"2018-12-13T10:07:05+00:00\",\"dateModified\":\"2021-07-03T13:41:56+00:00\",\"mainEntityOfPage\":{\"@id\":\"https:\\\/\\\/www.iemj.org\\\/de\\\/a-jumpin-night-in-the-garden-of-eden\\\/\"},\"wordCount\":378,\"publisher\":{\"@id\":\"https:\\\/\\\/www.iemj.org\\\/de\\\/#organization\"},\"image\":{\"@id\":\"https:\\\/\\\/www.iemj.org\\\/de\\\/a-jumpin-night-in-the-garden-of-eden\\\/#primaryimage\"},\"thumbnailUrl\":\"https:\\\/\\\/www.iemj.org\\\/wp-content\\\/uploads\\\/2018\\\/12\\\/arton3835.jpg\",\"articleSection\":[\"Fernsehsendungen \\\/ Videos\"],\"inLanguage\":\"de\"},{\"@type\":\"WebPage\",\"@id\":\"https:\\\/\\\/www.iemj.org\\\/de\\\/a-jumpin-night-in-the-garden-of-eden\\\/\",\"url\":\"https:\\\/\\\/www.iemj.org\\\/de\\\/a-jumpin-night-in-the-garden-of-eden\\\/\",\"name\":\"A Jumpin' Night in the Garden of Eden - Institut Europ\u00e9en des Musiques Juives\",\"isPartOf\":{\"@id\":\"https:\\\/\\\/www.iemj.org\\\/de\\\/#website\"},\"primaryImageOfPage\":{\"@id\":\"https:\\\/\\\/www.iemj.org\\\/de\\\/a-jumpin-night-in-the-garden-of-eden\\\/#primaryimage\"},\"image\":{\"@id\":\"https:\\\/\\\/www.iemj.org\\\/de\\\/a-jumpin-night-in-the-garden-of-eden\\\/#primaryimage\"},\"thumbnailUrl\":\"https:\\\/\\\/www.iemj.org\\\/wp-content\\\/uploads\\\/2018\\\/12\\\/arton3835.jpg\",\"datePublished\":\"2018-12-13T10:07:05+00:00\",\"dateModified\":\"2021-07-03T13:41:56+00:00\",\"breadcrumb\":{\"@id\":\"https:\\\/\\\/www.iemj.org\\\/de\\\/a-jumpin-night-in-the-garden-of-eden\\\/#breadcrumb\"},\"inLanguage\":\"de\",\"potentialAction\":[{\"@type\":\"ReadAction\",\"target\":[\"https:\\\/\\\/www.iemj.org\\\/de\\\/a-jumpin-night-in-the-garden-of-eden\\\/\"]}]},{\"@type\":\"ImageObject\",\"inLanguage\":\"de\",\"@id\":\"https:\\\/\\\/www.iemj.org\\\/de\\\/a-jumpin-night-in-the-garden-of-eden\\\/#primaryimage\",\"url\":\"https:\\\/\\\/www.iemj.org\\\/wp-content\\\/uploads\\\/2018\\\/12\\\/arton3835.jpg\",\"contentUrl\":\"https:\\\/\\\/www.iemj.org\\\/wp-content\\\/uploads\\\/2018\\\/12\\\/arton3835.jpg\",\"width\":206,\"height\":305},{\"@type\":\"BreadcrumbList\",\"@id\":\"https:\\\/\\\/www.iemj.org\\\/de\\\/a-jumpin-night-in-the-garden-of-eden\\\/#breadcrumb\",\"itemListElement\":[{\"@type\":\"ListItem\",\"position\":1,\"name\":\"Accueil\",\"item\":\"https:\\\/\\\/www.iemj.org\\\/de\\\/\"},{\"@type\":\"ListItem\",\"position\":2,\"name\":\"A Jumpin&#8216; Night in the Garden of Eden\"}]},{\"@type\":\"WebSite\",\"@id\":\"https:\\\/\\\/www.iemj.org\\\/de\\\/#website\",\"url\":\"https:\\\/\\\/www.iemj.org\\\/de\\\/\",\"name\":\"Institut Europ\u00e9en des Musiques Juives\",\"description\":\"Des traditions musicales \u00e0 la port\u00e9e de tous\",\"publisher\":{\"@id\":\"https:\\\/\\\/www.iemj.org\\\/de\\\/#organization\"},\"potentialAction\":[{\"@type\":\"SearchAction\",\"target\":{\"@type\":\"EntryPoint\",\"urlTemplate\":\"https:\\\/\\\/www.iemj.org\\\/de\\\/?s={search_term_string}\"},\"query-input\":{\"@type\":\"PropertyValueSpecification\",\"valueRequired\":true,\"valueName\":\"search_term_string\"}}],\"inLanguage\":\"de\"},{\"@type\":\"Organization\",\"@id\":\"https:\\\/\\\/www.iemj.org\\\/de\\\/#organization\",\"name\":\"Institut Europ\u00e9en des Musiques Juives\",\"url\":\"https:\\\/\\\/www.iemj.org\\\/de\\\/\",\"logo\":{\"@type\":\"ImageObject\",\"inLanguage\":\"de\",\"@id\":\"https:\\\/\\\/www.iemj.org\\\/de\\\/#\\\/schema\\\/logo\\\/image\\\/\",\"url\":\"https:\\\/\\\/www.iemj.org\\\/wp-content\\\/uploads\\\/2021\\\/09\\\/Logo-IEMJ-Paypal.jpg\",\"contentUrl\":\"https:\\\/\\\/www.iemj.org\\\/wp-content\\\/uploads\\\/2021\\\/09\\\/Logo-IEMJ-Paypal.jpg\",\"width\":150,\"height\":50,\"caption\":\"Institut Europ\u00e9en des Musiques Juives\"},\"image\":{\"@id\":\"https:\\\/\\\/www.iemj.org\\\/de\\\/#\\\/schema\\\/logo\\\/image\\\/\"},\"sameAs\":[\"https:\\\/\\\/www.facebook.com\\\/MusiquesJuives\\\/\",\"https:\\\/\\\/www.instagram.com\\\/musiquesjuives\\\/\",\"https:\\\/\\\/www.youtube.com\\\/user\\\/musiquesjuives\"]},{\"@type\":\"Person\",\"@id\":\"https:\\\/\\\/www.iemj.org\\\/de\\\/#\\\/schema\\\/person\\\/c9bc1c386a3749579a2d675e72a18666\",\"name\":\"Jean-Gabriel Davis\",\"image\":{\"@type\":\"ImageObject\",\"inLanguage\":\"de\",\"@id\":\"https:\\\/\\\/secure.gravatar.com\\\/avatar\\\/2b90d67bdf392c9b3a21fab87c0fa7edaf1fb3a058172a1ffd61033fcec7aec1?s=96&d=mm&r=g\",\"url\":\"https:\\\/\\\/secure.gravatar.com\\\/avatar\\\/2b90d67bdf392c9b3a21fab87c0fa7edaf1fb3a058172a1ffd61033fcec7aec1?s=96&d=mm&r=g\",\"contentUrl\":\"https:\\\/\\\/secure.gravatar.com\\\/avatar\\\/2b90d67bdf392c9b3a21fab87c0fa7edaf1fb3a058172a1ffd61033fcec7aec1?s=96&d=mm&r=g\",\"caption\":\"Jean-Gabriel Davis\"}}]}<\/script>\n<!-- \/ Yoast SEO plugin. -->","yoast_head_json":{"title":"A Jumpin' Night in the Garden of Eden - Institut Europ\u00e9en des Musiques Juives","robots":{"index":"index","follow":"follow","max-snippet":"max-snippet:-1","max-image-preview":"max-image-preview:large","max-video-preview":"max-video-preview:-1"},"canonical":"https:\/\/www.iemj.org\/de\/a-jumpin-night-in-the-garden-of-eden\/","og_locale":"de_DE","og_type":"article","og_title":"A Jumpin' Night in the Garden of Eden - Institut Europ\u00e9en des Musiques Juives","og_description":"A Jumpin\u2018 Night in the Garden of Eden ist die erste Dokumentation, \u00fcber die Renaissance der Klezmer-Musik in den Vereinigten Staaten der sp\u00e4ten 1970er Jahren. Sie zeichnet die Bem\u00fchungen von","og_url":"https:\/\/www.iemj.org\/de\/a-jumpin-night-in-the-garden-of-eden\/","og_site_name":"Institut Europ\u00e9en des Musiques Juives","article_publisher":"https:\/\/www.facebook.com\/MusiquesJuives\/","article_published_time":"2018-12-13T10:07:05+00:00","article_modified_time":"2021-07-03T13:41:56+00:00","og_image":[{"width":206,"height":305,"url":"https:\/\/www.iemj.org\/wp-content\/uploads\/2018\/12\/arton3835.jpg","type":"image\/jpeg"}],"author":"Jean-Gabriel Davis","twitter_card":"summary_large_image","twitter_misc":{"Verfasst von":"Jean-Gabriel Davis","Gesch\u00e4tzte Lesezeit":"2\u00a0Minuten"},"schema":{"@context":"https:\/\/schema.org","@graph":[{"@type":"Article","@id":"https:\/\/www.iemj.org\/de\/a-jumpin-night-in-the-garden-of-eden\/#article","isPartOf":{"@id":"https:\/\/www.iemj.org\/de\/a-jumpin-night-in-the-garden-of-eden\/"},"author":{"name":"Jean-Gabriel Davis","@id":"https:\/\/www.iemj.org\/de\/#\/schema\/person\/c9bc1c386a3749579a2d675e72a18666"},"headline":"A Jumpin&#8216; Night in the Garden of Eden","datePublished":"2018-12-13T10:07:05+00:00","dateModified":"2021-07-03T13:41:56+00:00","mainEntityOfPage":{"@id":"https:\/\/www.iemj.org\/de\/a-jumpin-night-in-the-garden-of-eden\/"},"wordCount":378,"publisher":{"@id":"https:\/\/www.iemj.org\/de\/#organization"},"image":{"@id":"https:\/\/www.iemj.org\/de\/a-jumpin-night-in-the-garden-of-eden\/#primaryimage"},"thumbnailUrl":"https:\/\/www.iemj.org\/wp-content\/uploads\/2018\/12\/arton3835.jpg","articleSection":["Fernsehsendungen \/ Videos"],"inLanguage":"de"},{"@type":"WebPage","@id":"https:\/\/www.iemj.org\/de\/a-jumpin-night-in-the-garden-of-eden\/","url":"https:\/\/www.iemj.org\/de\/a-jumpin-night-in-the-garden-of-eden\/","name":"A Jumpin' Night in the Garden of Eden - Institut Europ\u00e9en des Musiques Juives","isPartOf":{"@id":"https:\/\/www.iemj.org\/de\/#website"},"primaryImageOfPage":{"@id":"https:\/\/www.iemj.org\/de\/a-jumpin-night-in-the-garden-of-eden\/#primaryimage"},"image":{"@id":"https:\/\/www.iemj.org\/de\/a-jumpin-night-in-the-garden-of-eden\/#primaryimage"},"thumbnailUrl":"https:\/\/www.iemj.org\/wp-content\/uploads\/2018\/12\/arton3835.jpg","datePublished":"2018-12-13T10:07:05+00:00","dateModified":"2021-07-03T13:41:56+00:00","breadcrumb":{"@id":"https:\/\/www.iemj.org\/de\/a-jumpin-night-in-the-garden-of-eden\/#breadcrumb"},"inLanguage":"de","potentialAction":[{"@type":"ReadAction","target":["https:\/\/www.iemj.org\/de\/a-jumpin-night-in-the-garden-of-eden\/"]}]},{"@type":"ImageObject","inLanguage":"de","@id":"https:\/\/www.iemj.org\/de\/a-jumpin-night-in-the-garden-of-eden\/#primaryimage","url":"https:\/\/www.iemj.org\/wp-content\/uploads\/2018\/12\/arton3835.jpg","contentUrl":"https:\/\/www.iemj.org\/wp-content\/uploads\/2018\/12\/arton3835.jpg","width":206,"height":305},{"@type":"BreadcrumbList","@id":"https:\/\/www.iemj.org\/de\/a-jumpin-night-in-the-garden-of-eden\/#breadcrumb","itemListElement":[{"@type":"ListItem","position":1,"name":"Accueil","item":"https:\/\/www.iemj.org\/de\/"},{"@type":"ListItem","position":2,"name":"A Jumpin&#8216; Night in the Garden of Eden"}]},{"@type":"WebSite","@id":"https:\/\/www.iemj.org\/de\/#website","url":"https:\/\/www.iemj.org\/de\/","name":"Institut Europ\u00e9en des Musiques Juives","description":"Des traditions musicales \u00e0 la port\u00e9e de tous","publisher":{"@id":"https:\/\/www.iemj.org\/de\/#organization"},"potentialAction":[{"@type":"SearchAction","target":{"@type":"EntryPoint","urlTemplate":"https:\/\/www.iemj.org\/de\/?s={search_term_string}"},"query-input":{"@type":"PropertyValueSpecification","valueRequired":true,"valueName":"search_term_string"}}],"inLanguage":"de"},{"@type":"Organization","@id":"https:\/\/www.iemj.org\/de\/#organization","name":"Institut Europ\u00e9en des Musiques Juives","url":"https:\/\/www.iemj.org\/de\/","logo":{"@type":"ImageObject","inLanguage":"de","@id":"https:\/\/www.iemj.org\/de\/#\/schema\/logo\/image\/","url":"https:\/\/www.iemj.org\/wp-content\/uploads\/2021\/09\/Logo-IEMJ-Paypal.jpg","contentUrl":"https:\/\/www.iemj.org\/wp-content\/uploads\/2021\/09\/Logo-IEMJ-Paypal.jpg","width":150,"height":50,"caption":"Institut Europ\u00e9en des Musiques Juives"},"image":{"@id":"https:\/\/www.iemj.org\/de\/#\/schema\/logo\/image\/"},"sameAs":["https:\/\/www.facebook.com\/MusiquesJuives\/","https:\/\/www.instagram.com\/musiquesjuives\/","https:\/\/www.youtube.com\/user\/musiquesjuives"]},{"@type":"Person","@id":"https:\/\/www.iemj.org\/de\/#\/schema\/person\/c9bc1c386a3749579a2d675e72a18666","name":"Jean-Gabriel Davis","image":{"@type":"ImageObject","inLanguage":"de","@id":"https:\/\/secure.gravatar.com\/avatar\/2b90d67bdf392c9b3a21fab87c0fa7edaf1fb3a058172a1ffd61033fcec7aec1?s=96&d=mm&r=g","url":"https:\/\/secure.gravatar.com\/avatar\/2b90d67bdf392c9b3a21fab87c0fa7edaf1fb3a058172a1ffd61033fcec7aec1?s=96&d=mm&r=g","contentUrl":"https:\/\/secure.gravatar.com\/avatar\/2b90d67bdf392c9b3a21fab87c0fa7edaf1fb3a058172a1ffd61033fcec7aec1?s=96&d=mm&r=g","caption":"Jean-Gabriel Davis"}}]}},"_links":{"self":[{"href":"https:\/\/www.iemj.org\/de\/wp-json\/wp\/v2\/posts\/53087","targetHints":{"allow":["GET"]}}],"collection":[{"href":"https:\/\/www.iemj.org\/de\/wp-json\/wp\/v2\/posts"}],"about":[{"href":"https:\/\/www.iemj.org\/de\/wp-json\/wp\/v2\/types\/post"}],"author":[{"embeddable":true,"href":"https:\/\/www.iemj.org\/de\/wp-json\/wp\/v2\/users\/1048"}],"replies":[{"embeddable":true,"href":"https:\/\/www.iemj.org\/de\/wp-json\/wp\/v2\/comments?post=53087"}],"version-history":[{"count":0,"href":"https:\/\/www.iemj.org\/de\/wp-json\/wp\/v2\/posts\/53087\/revisions"}],"wp:featuredmedia":[{"embeddable":true,"href":"https:\/\/www.iemj.org\/de\/wp-json\/wp\/v2\/media\/53088"}],"wp:attachment":[{"href":"https:\/\/www.iemj.org\/de\/wp-json\/wp\/v2\/media?parent=53087"}],"wp:term":[{"taxonomy":"category","embeddable":true,"href":"https:\/\/www.iemj.org\/de\/wp-json\/wp\/v2\/categories?post=53087"},{"taxonomy":"post_tag","embeddable":true,"href":"https:\/\/www.iemj.org\/de\/wp-json\/wp\/v2\/tags?post=53087"},{"taxonomy":"technique","embeddable":true,"href":"https:\/\/www.iemj.org\/de\/wp-json\/wp\/v2\/technique?post=53087"},{"taxonomy":"squelettes","embeddable":true,"href":"https:\/\/www.iemj.org\/de\/wp-json\/wp\/v2\/squelettes?post=53087"},{"taxonomy":"sujet","embeddable":true,"href":"https:\/\/www.iemj.org\/de\/wp-json\/wp\/v2\/sujet?post=53087"},{"taxonomy":"formation","embeddable":true,"href":"https:\/\/www.iemj.org\/de\/wp-json\/wp\/v2\/formation?post=53087"},{"taxonomy":"genre","embeddable":true,"href":"https:\/\/www.iemj.org\/de\/wp-json\/wp\/v2\/genre?post=53087"},{"taxonomy":"fonds","embeddable":true,"href":"https:\/\/www.iemj.org\/de\/wp-json\/wp\/v2\/fonds?post=53087"},{"taxonomy":"tradition","embeddable":true,"href":"https:\/\/www.iemj.org\/de\/wp-json\/wp\/v2\/tradition?post=53087"},{"taxonomy":"type-de-contenu","embeddable":true,"href":"https:\/\/www.iemj.org\/de\/wp-json\/wp\/v2\/type-de-contenu?post=53087"},{"taxonomy":"interprete-compositeur","embeddable":true,"href":"https:\/\/www.iemj.org\/de\/wp-json\/wp\/v2\/interprete-compositeur?post=53087"},{"taxonomy":"frise","embeddable":true,"href":"https:\/\/www.iemj.org\/de\/wp-json\/wp\/v2\/frise?post=53087"},{"taxonomy":"type-devenement","embeddable":true,"href":"https:\/\/www.iemj.org\/de\/wp-json\/wp\/v2\/type-devenement?post=53087"},{"taxonomy":"tableaux-liens-externes","embeddable":true,"href":"https:\/\/www.iemj.org\/de\/wp-json\/wp\/v2\/tableaux-liens-externes?post=53087"}],"curies":[{"name":"wp","href":"https:\/\/api.w.org\/{rel}","templated":true}]}}