{"id":53968,"date":"2020-11-10T17:51:16","date_gmt":"2020-11-10T16:51:16","guid":{"rendered":"https:\/\/www.iemj.org\/une-nouvelle-partition-de-serge-kaufmann-katouna-pour-clarinette-et-violoncelle\/"},"modified":"2021-07-08T14:33:50","modified_gmt":"2021-07-08T12:33:50","slug":"une-nouvelle-partition-de-serge-kaufmann-katouna-pour-clarinette-et-violoncelle","status":"publish","type":"post","link":"https:\/\/www.iemj.org\/de\/une-nouvelle-partition-de-serge-kaufmann-katouna-pour-clarinette-et-violoncelle\/","title":{"rendered":"Katouna, f\u00fcr Klarinette und Violoncello"},"content":{"rendered":"<h3>Ver\u00f6ffentlichung der Partitur Katouna von Serge Kaufman im Verlag des IEMJ<\/h3>\n<p><!--more--><\/p>\n<p><a href=\"https:\/\/www.iemj.org\/kaufmann-serge-1930\/\">Serge Kaufmann<\/a> ist nicht nur Komponist, sondern auch Radio- und Fernsehmoderator, Journalist, Produzent, sowie Regisseur und bereichert seit fast 25 Jahren das Feld der j\u00fcdischen Musik durch die Komposition von St\u00fccken wie <em>Suite Yiddish,\u00a0Petite suite klezmer,\u00a0Le Maharam de Rothenbourg,\u00a0Neshama,\u00a0Kol nidr\u00e9 oder\u00a0Yesod<\/em>.<\/p>\n<p>Er schrieb bereits mehr als hundert St\u00fccke f\u00fcr Gesang, Instrumente, sowie kleine und gro\u00dfe Ensembles. Nun schlie\u00dft sich den 30, bereits im Onlineshop des IEMJ ver\u00f6ffentlichten und im unserem Onlineshop erh\u00e4ltlichen Partituren (Liste folgt unten), die Partitur <a href=\"https:\/\/boutique.iemj.org\/fr\/partitions\/250-kaufmann-katouna-pour-clarinette-et-violoncelle-partition-imprimee.html\">Katouna f\u00fcr Klarinette und Violoncello<\/a> an.<\/p>\n<p>Es folgen hier die Partituren von Serge Kaufmann, welche bereits im <a href=\"https:\/\/www.iemj.org\/de\/onlineshop\/\" target=\"_blank\" rel=\"noopener\">Onlineshop des IEMJ<\/a> ver\u00f6ffentlicht wurden:<\/p>\n\n\n<div class=\"wp-block-columns is-layout-flex wp-container-core-columns-is-layout-9d6595d7 wp-block-columns-is-layout-flex\">\n<div class=\"wp-block-column is-layout-flow wp-block-column-is-layout-flow\">\n<ul class=\"wp-block-list\"><li><a href=\"http:\/\/boutique.iemj.org\/fr\/partitions\/113-serge-kaufman-kol-nidre-pour-choeur-quintette-a-cordes-piano-et-clarinette.html\">Kol Nidr\u00e9 pour ch\u0153ur, quintette \u00e0 cordes, piano et clarinette<\/a><\/li><li><a href=\"http:\/\/boutique.iemj.org\/fr\/partitions\/114-serge-kaufman-souvenir-imaginaire-chanson-pour-choeur-mixte-et-violoncelle.html\">Souvenir imaginaire, Chanson pour ch\u0153ur mixte et violoncelle<\/a><\/li><li><a href=\"http:\/\/boutique.iemj.org\/fr\/partitions\/115-serge-kaufman-absent-poeme-lyrique-pour-soprano-violon-et-piano.html\">L&#8217;Absent, Po\u00e8me lyrique pour soprano, violon et piano<\/a><\/li><li><a href=\"http:\/\/boutique.iemj.org\/fr\/partitions\/116-serge-kaufman-flaneries-pour-violon-et-accordeon.html\">Fl\u00e2neries pour violon et accord\u00e9on<\/a><\/li><li><a href=\"http:\/\/boutique.iemj.org\/fr\/partitions\/117-serge-kaufman-kinah-elegie-pour-alto-et-piano.html\">Kinah, El\u00e9gie pour alto et piano<\/a><\/li><li><a href=\"http:\/\/boutique.iemj.org\/fr\/partitions\/118-serge-kaufman-la-memoire-ensevelie-musique-pour-piano.html\">La m\u00e9moire ensevelie, Musique pour piano<\/a><\/li><li><a href=\"http:\/\/boutique.iemj.org\/fr\/partitions\/119-serge-kaufman-neguima-rhapsodie-pour-violon-et-piano.html\">Neguima, Rhapsodie pour violon et piano<\/a><\/li><li><a href=\"http:\/\/boutique.iemj.org\/fr\/partitions\/120-serge-kaufman-neshama-song-for-cello-solo.html\">Neshama, Chant pour Violoncelle seul<\/a><\/li><li><a href=\"http:\/\/boutique.iemj.org\/fr\/partitions\/121-serge-kaufman-netsah-chant-pour-violon-seul.html\">Netsah, Chant pour violon seul<\/a><\/li><li><a href=\"http:\/\/boutique.iemj.org\/fr\/partitions\/122-serge-kaufman-quatrocelli-ballade-pour-quatre-violoncelles.html\">Quatrocelli, Ballade pour 4 violoncelles<\/a><\/li><li><a href=\"http:\/\/boutique.iemj.org\/fr\/partitions\/123-serge-kaufman-souviens-toi-chanson-pour-violon-et-piano.html\">Souviens-toi, Chanson pour violon et piano<\/a><\/li><li><a href=\"http:\/\/boutique.iemj.org\/fr\/partitions\/124-serge-kaufman-tfila-pour-saxophone-alto-et-piano.html\">Tfila pour saxophone alto et piano<\/a><\/li><li><a href=\"http:\/\/boutique.iemj.org\/fr\/partitions\/125-serge-kaufman-vivante-a-jamais-duo-dramatique-pour-soprano-tenor-avec-piano.html\">Vivante \u00e0 Jamais, Duo dramatique pour soprano et t\u00e9nor avec piano<\/a><\/li><li><a href=\"http:\/\/boutique.iemj.org\/fr\/partitions\/126-serge-kaufman-yesod-trois-mouvements-pour-quatuor-a-cordes.html\">Yesod, Trois mouvements pour quatuor \u00e0 cordes<\/a><\/li><li><a href=\"http:\/\/boutique.iemj.org\/fr\/partitions\/127-serge-kaufman-zimra-chant-pour-violoncelle-seul.html\">Zimra, Chant pour violoncelle seul<\/a><\/li><\/ul>\n<\/div>\n\n\n\n<div class=\"wp-block-column is-layout-flow wp-block-column-is-layout-flow\">\n<ul class=\"wp-block-list\" id=\"block-46659a22-1a37-48f1-92d9-a68d1f304566\"><li><a href=\"http:\/\/boutique.iemj.org\/fr\/partitions\/128-serge-kaufman-romantika-pour-clarinette-et-piano.html\">Romantika pour clarinette et piano<\/a><\/li><li><a href=\"http:\/\/boutique.iemj.org\/fr\/partitions\/129-serge-kaufman-quatre-duos-pour-deux-altos.html\">Quatre duos pour deux altos<\/a><\/li><li><a href=\"http:\/\/boutique.iemj.org\/fr\/partitions\/130-serge-kaufman-trois-improvisations-pour-violon-solo.html\">Trois improvisations pour violon seul<\/a><\/li><li><a href=\"http:\/\/boutique.iemj.org\/fr\/partitions\/131-serge-kaufman-petite-suite-klezmer-pour-clarinette-et-piano.html\">Petite suite klezmer pour clarinette et piano<\/a><\/li><li><a href=\"http:\/\/boutique.iemj.org\/fr\/partitions\/132-serge-kaufman-balade-klezmer-pour-violon-clarinette-et-cymbalum.html\">Balade klezmer pour violon, clarinette et cymbalum<\/a><\/li><li><a href=\"https:\/\/www.iemj.org\/produit\/serge-kaufmann-kyra-cantilene-pour-flute-et-piano-partition-imprimee\/\">Kyra, cantil\u00e8ne pour fl\u00fbte et piano<\/a><\/li><li><a href=\"https:\/\/www.iemj.org\/produit\/serge-kaufmann-matana-pour-violoncelle-seul-partition-imprimee\/\">Matana, pour violoncelle seul<\/a><\/li><li><a href=\"https:\/\/www.iemj.org\/de\/?attachment_id=969\">Lumi\u00e8res, m\u00e9lop\u00e9e pour mezzo-soprano et alto<\/a><\/li><li><a href=\"https:\/\/www.iemj.org\/produit\/serge-kaufmann-chant-concertant-pour-violon-et-orchestre-a-cordes-partition-imprimee\/\">Chant concertant, pour violon et orchestre \u00e0 cordes<\/a><\/li><li><a href=\"https:\/\/www.iemj.org\/produit\/serge-kaufman-kinah-elegie-pour-alto-et-piano-partition-imprimee\/\">El\u00e9gie, pour orchestre \u00e0 cordes<\/a><\/li><li><a href=\"https:\/\/www.iemj.org\/de\/?attachment_id=1037\">Suite yiddish, version pour violoncelle et orchestre \u00e0 cordes<\/a><\/li><li><a href=\"https:\/\/www.iemj.org\/de\/?attachment_id=1049\">Kinnor, trio pour harpe, fl\u00fbte et alto<\/a><\/li><li><a href=\"https:\/\/www.iemj.org\/produit\/serge-kaufmann-selah-rhapsodie-pour-orchestre-a-cordes-partition-imprimee\/\">S\u00e8lah, rhapsodie pour orchestre \u00e0 cordes<\/a><\/li><li><a href=\"https:\/\/www.iemj.org\/de\/?attachment_id=1183\">Kyranne, Quatuor pour violon, violoncelle, piano et clarinette<\/a><\/li><li><a href=\"https:\/\/www.iemj.org\/produit\/kaufmann-ikh-gedenk-je-me-souviens-petit-cahier-pour-piano-partition-imprimee\/\">Ikh Gedenk &#8211; Je me souviens, Petit cahier pour piano<\/a><\/li><\/ul>\n<\/div>\n<\/div>\n\n\n<p><a href=\"https:\/\/www.iemj.org\/kaufmann-serge-1930\/\" target=\"_blank\" rel=\"noopener\">Erfahren Sie mehr \u00fcber Serge Kaufmann<\/a><\/p>\n<p><a href=\"https:\/\/www.iemj.org\/de\/onlineshop\/\" target=\"_blank\" rel=\"noopener\">Bestellen Sie die CD im Onlineshop des IEMJ<\/a><\/p>\n\n\n<figure class=\"wp-block-gallery columns-2 is-cropped wp-block-gallery-1 is-layout-flex wp-block-gallery-is-layout-flex\"><ul class=\"blocks-gallery-grid\"><li class=\"blocks-gallery-item\"><figure><img fetchpriority=\"high\" decoding=\"async\" width=\"282\" height=\"400\" src=\"https:\/\/www.iemj.org\/wp-content\/uploads\/2020\/11\/couv_katouna_400px_vertic.jpg\" alt=\"couv_katouna_400px_vertic.jpg\" data-id=\"29903\" data-full-url=\"https:\/\/www.iemj.org\/wp-content\/uploads\/2020\/11\/couv_katouna_400px_vertic.jpg\" data-link=\"https:\/\/www.iemj.org\/une-nouvelle-partition-de-serge-kaufmann-katouna-pour-clarinette-et-violoncelle\/attachment-couv_katouna_400px_vertic-jpg\/\" class=\"wp-image-61099\" srcset=\"https:\/\/www.iemj.org\/wp-content\/uploads\/2020\/11\/couv_katouna_400px_vertic.jpg 282w, https:\/\/www.iemj.org\/wp-content\/uploads\/2020\/11\/couv_katouna_400px_vertic-212x300.jpg 212w\" sizes=\"(max-width: 282px) 100vw, 282px\" \/><\/figure><\/li><li class=\"blocks-gallery-item\"><figure><img decoding=\"async\" width=\"281\" height=\"400\" src=\"https:\/\/www.iemj.org\/wp-content\/uploads\/2020\/11\/1ere_page_partition_katouna_400px_vertic.jpg\" alt=\"1ere_page_partition_katouna_400px_vertic.jpg\" data-id=\"29905\" data-full-url=\"https:\/\/www.iemj.org\/wp-content\/uploads\/2020\/11\/1ere_page_partition_katouna_400px_vertic.jpg\" data-link=\"https:\/\/www.iemj.org\/une-nouvelle-partition-de-serge-kaufmann-katouna-pour-clarinette-et-violoncelle\/attachment-1ere_page_partition_katouna_400px_vertic-jpg\/\" class=\"wp-image-61102\" srcset=\"https:\/\/www.iemj.org\/wp-content\/uploads\/2020\/11\/1ere_page_partition_katouna_400px_vertic.jpg 281w, https:\/\/www.iemj.org\/wp-content\/uploads\/2020\/11\/1ere_page_partition_katouna_400px_vertic-211x300.jpg 211w\" sizes=\"(max-width: 281px) 100vw, 281px\" \/><\/figure><\/li><\/ul><\/figure>\n\n\n\n<figure class=\"wp-block-video\"><video height=\"180\" style=\"aspect-ratio: 320 \/ 180;\" width=\"320\" controls src=\"https:\/\/www.iemj.org\/wp-content\/uploads\/2016\/03\/kaufmann_suite_yiddish_1er_mouvement_v2.mp4\"><\/video><figcaption><strong>Schauen Sie sich Ausschnitte aus einem am 21. M\u00e4rz 2010 gespielten Konzert, anl\u00e4sslich der Ver\u00f6ffentlichung der CD \u201eSerge Kaufmann \u2013 Ima ou la m\u00e8re d\u00e9poss\u00e9d\u00e9e\u201c an<\/strong><\/figcaption><\/figure>\n\n\n\n<div class=\"wp-block-columns is-layout-flex wp-container-core-columns-is-layout-9d6595d7 wp-block-columns-is-layout-flex\">\n<div class=\"wp-block-column is-layout-flow wp-block-column-is-layout-flow\">\n<figure class=\"wp-block-embed aligncenter is-type-video is-provider-youtube wp-block-embed-youtube wp-embed-aspect-4-3 wp-has-aspect-ratio\"><div class=\"wp-block-embed__wrapper\">\nhttps:\/\/youtu.be\/W-0eoV3lsCU?t=385\n<\/div><figcaption><strong>Schauen Sie sich Ausschnitte des IEMJ-Galakonzerts vom 6. November 2015 an, in welchen unter anderem die <em>Petite suite klezmer<\/em> von Serge Kaufmann zu h\u00f6ren ist<\/strong><\/figcaption><\/figure>\n\n\n\n<p><\/p>\n<\/div>\n<\/div>\n\n\n\n<div class=\"wp-block-columns is-layout-flex wp-container-core-columns-is-layout-9d6595d7 wp-block-columns-is-layout-flex\"><\/div>\n","protected":false},"excerpt":{"rendered":"<p>Ver\u00f6ffentlichung der Partitur Katouna von Serge Kaufman im Verlag des IEMJ<\/p>\n","protected":false},"author":5,"featured_media":53969,"comment_status":"closed","ping_status":"closed","sticky":false,"template":"","format":"standard","meta":{"_acf_changed":false,"footnotes":""},"categories":[1396,1390],"tags":[],"technique":[],"squelettes":[],"sujet":[],"formation":[],"genre":[1900],"fonds":[],"tradition":[],"type-de-contenu":[],"interprete-compositeur":[3291],"frise":[],"type-devenement":[],"tableaux-liens-externes":[],"class_list":["post-53968","post","type-post","status-publish","format-standard","has-post-thumbnail","hentry","category-partituren-iemj-de","category-veroffentlichungen-de","genre-klassische-musik-de","interprete-compositeur-serge-kaufmann-de"],"acf":[],"yoast_head":"<!-- This site is optimized with the Yoast SEO plugin v27.3 - https:\/\/yoast.com\/product\/yoast-seo-wordpress\/ -->\n<title>Katouna, f\u00fcr Klarinette und Violoncello - Institut Europ\u00e9en des Musiques Juives<\/title>\n<meta name=\"robots\" content=\"index, follow, max-snippet:-1, max-image-preview:large, max-video-preview:-1\" \/>\n<link rel=\"canonical\" href=\"https:\/\/www.iemj.org\/de\/une-nouvelle-partition-de-serge-kaufmann-katouna-pour-clarinette-et-violoncelle\/\" \/>\n<meta property=\"og:locale\" content=\"de_DE\" \/>\n<meta property=\"og:type\" content=\"article\" \/>\n<meta property=\"og:title\" content=\"Katouna, f\u00fcr Klarinette und Violoncello - Institut Europ\u00e9en des Musiques Juives\" \/>\n<meta property=\"og:description\" content=\"Ver\u00f6ffentlichung der Partitur Katouna von Serge Kaufman im Verlag des IEMJ\" \/>\n<meta property=\"og:url\" content=\"https:\/\/www.iemj.org\/de\/une-nouvelle-partition-de-serge-kaufmann-katouna-pour-clarinette-et-violoncelle\/\" \/>\n<meta property=\"og:site_name\" content=\"Institut Europ\u00e9en des Musiques Juives\" \/>\n<meta property=\"article:publisher\" content=\"https:\/\/www.facebook.com\/MusiquesJuives\/\" \/>\n<meta property=\"article:published_time\" content=\"2020-11-10T16:51:16+00:00\" \/>\n<meta property=\"article:modified_time\" content=\"2021-07-08T12:33:50+00:00\" \/>\n<meta property=\"og:image\" content=\"https:\/\/www.iemj.org\/wp-content\/uploads\/2020\/11\/arton4895.jpg\" \/>\n\t<meta property=\"og:image:width\" content=\"336\" \/>\n\t<meta property=\"og:image:height\" content=\"382\" \/>\n\t<meta property=\"og:image:type\" content=\"image\/jpeg\" \/>\n<meta name=\"author\" content=\"Jacqueline ROTEN\" \/>\n<meta name=\"twitter:card\" content=\"summary_large_image\" \/>\n<meta name=\"twitter:label1\" content=\"Verfasst von\" \/>\n\t<meta name=\"twitter:data1\" content=\"Jacqueline ROTEN\" \/>\n\t<meta name=\"twitter:label2\" content=\"Gesch\u00e4tzte Lesezeit\" \/>\n\t<meta name=\"twitter:data2\" content=\"3\u00a0Minuten\" \/>\n<script type=\"application\/ld+json\" class=\"yoast-schema-graph\">{\"@context\":\"https:\\\/\\\/schema.org\",\"@graph\":[{\"@type\":\"Article\",\"@id\":\"https:\\\/\\\/www.iemj.org\\\/de\\\/une-nouvelle-partition-de-serge-kaufmann-katouna-pour-clarinette-et-violoncelle\\\/#article\",\"isPartOf\":{\"@id\":\"https:\\\/\\\/www.iemj.org\\\/de\\\/une-nouvelle-partition-de-serge-kaufmann-katouna-pour-clarinette-et-violoncelle\\\/\"},\"author\":{\"name\":\"Jacqueline ROTEN\",\"@id\":\"https:\\\/\\\/www.iemj.org\\\/de\\\/#\\\/schema\\\/person\\\/358e26c18aca017fcc4cc15437f7279c\"},\"headline\":\"Katouna, f\u00fcr Klarinette und Violoncello\",\"datePublished\":\"2020-11-10T16:51:16+00:00\",\"dateModified\":\"2021-07-08T12:33:50+00:00\",\"mainEntityOfPage\":{\"@id\":\"https:\\\/\\\/www.iemj.org\\\/de\\\/une-nouvelle-partition-de-serge-kaufmann-katouna-pour-clarinette-et-violoncelle\\\/\"},\"wordCount\":412,\"publisher\":{\"@id\":\"https:\\\/\\\/www.iemj.org\\\/de\\\/#organization\"},\"image\":{\"@id\":\"https:\\\/\\\/www.iemj.org\\\/de\\\/une-nouvelle-partition-de-serge-kaufmann-katouna-pour-clarinette-et-violoncelle\\\/#primaryimage\"},\"thumbnailUrl\":\"https:\\\/\\\/www.iemj.org\\\/wp-content\\\/uploads\\\/2020\\\/11\\\/arton4895.jpg\",\"articleSection\":[\"Partituren IEMJ\",\"Ver\u00f6ffentlichungen\"],\"inLanguage\":\"de\"},{\"@type\":\"WebPage\",\"@id\":\"https:\\\/\\\/www.iemj.org\\\/de\\\/une-nouvelle-partition-de-serge-kaufmann-katouna-pour-clarinette-et-violoncelle\\\/\",\"url\":\"https:\\\/\\\/www.iemj.org\\\/de\\\/une-nouvelle-partition-de-serge-kaufmann-katouna-pour-clarinette-et-violoncelle\\\/\",\"name\":\"Katouna, f\u00fcr Klarinette und Violoncello - Institut Europ\u00e9en des Musiques Juives\",\"isPartOf\":{\"@id\":\"https:\\\/\\\/www.iemj.org\\\/de\\\/#website\"},\"primaryImageOfPage\":{\"@id\":\"https:\\\/\\\/www.iemj.org\\\/de\\\/une-nouvelle-partition-de-serge-kaufmann-katouna-pour-clarinette-et-violoncelle\\\/#primaryimage\"},\"image\":{\"@id\":\"https:\\\/\\\/www.iemj.org\\\/de\\\/une-nouvelle-partition-de-serge-kaufmann-katouna-pour-clarinette-et-violoncelle\\\/#primaryimage\"},\"thumbnailUrl\":\"https:\\\/\\\/www.iemj.org\\\/wp-content\\\/uploads\\\/2020\\\/11\\\/arton4895.jpg\",\"datePublished\":\"2020-11-10T16:51:16+00:00\",\"dateModified\":\"2021-07-08T12:33:50+00:00\",\"breadcrumb\":{\"@id\":\"https:\\\/\\\/www.iemj.org\\\/de\\\/une-nouvelle-partition-de-serge-kaufmann-katouna-pour-clarinette-et-violoncelle\\\/#breadcrumb\"},\"inLanguage\":\"de\",\"potentialAction\":[{\"@type\":\"ReadAction\",\"target\":[\"https:\\\/\\\/www.iemj.org\\\/de\\\/une-nouvelle-partition-de-serge-kaufmann-katouna-pour-clarinette-et-violoncelle\\\/\"]}]},{\"@type\":\"ImageObject\",\"inLanguage\":\"de\",\"@id\":\"https:\\\/\\\/www.iemj.org\\\/de\\\/une-nouvelle-partition-de-serge-kaufmann-katouna-pour-clarinette-et-violoncelle\\\/#primaryimage\",\"url\":\"https:\\\/\\\/www.iemj.org\\\/wp-content\\\/uploads\\\/2020\\\/11\\\/arton4895.jpg\",\"contentUrl\":\"https:\\\/\\\/www.iemj.org\\\/wp-content\\\/uploads\\\/2020\\\/11\\\/arton4895.jpg\",\"width\":336,\"height\":382},{\"@type\":\"BreadcrumbList\",\"@id\":\"https:\\\/\\\/www.iemj.org\\\/de\\\/une-nouvelle-partition-de-serge-kaufmann-katouna-pour-clarinette-et-violoncelle\\\/#breadcrumb\",\"itemListElement\":[{\"@type\":\"ListItem\",\"position\":1,\"name\":\"Accueil\",\"item\":\"https:\\\/\\\/www.iemj.org\\\/de\\\/\"},{\"@type\":\"ListItem\",\"position\":2,\"name\":\"Katouna, f\u00fcr Klarinette und Violoncello\"}]},{\"@type\":\"WebSite\",\"@id\":\"https:\\\/\\\/www.iemj.org\\\/de\\\/#website\",\"url\":\"https:\\\/\\\/www.iemj.org\\\/de\\\/\",\"name\":\"Institut Europ\u00e9en des Musiques Juives\",\"description\":\"Des traditions musicales \u00e0 la port\u00e9e de tous\",\"publisher\":{\"@id\":\"https:\\\/\\\/www.iemj.org\\\/de\\\/#organization\"},\"potentialAction\":[{\"@type\":\"SearchAction\",\"target\":{\"@type\":\"EntryPoint\",\"urlTemplate\":\"https:\\\/\\\/www.iemj.org\\\/de\\\/?s={search_term_string}\"},\"query-input\":{\"@type\":\"PropertyValueSpecification\",\"valueRequired\":true,\"valueName\":\"search_term_string\"}}],\"inLanguage\":\"de\"},{\"@type\":\"Organization\",\"@id\":\"https:\\\/\\\/www.iemj.org\\\/de\\\/#organization\",\"name\":\"Institut Europ\u00e9en des Musiques Juives\",\"url\":\"https:\\\/\\\/www.iemj.org\\\/de\\\/\",\"logo\":{\"@type\":\"ImageObject\",\"inLanguage\":\"de\",\"@id\":\"https:\\\/\\\/www.iemj.org\\\/de\\\/#\\\/schema\\\/logo\\\/image\\\/\",\"url\":\"https:\\\/\\\/www.iemj.org\\\/wp-content\\\/uploads\\\/2021\\\/09\\\/Logo-IEMJ-Paypal.jpg\",\"contentUrl\":\"https:\\\/\\\/www.iemj.org\\\/wp-content\\\/uploads\\\/2021\\\/09\\\/Logo-IEMJ-Paypal.jpg\",\"width\":150,\"height\":50,\"caption\":\"Institut Europ\u00e9en des Musiques Juives\"},\"image\":{\"@id\":\"https:\\\/\\\/www.iemj.org\\\/de\\\/#\\\/schema\\\/logo\\\/image\\\/\"},\"sameAs\":[\"https:\\\/\\\/www.facebook.com\\\/MusiquesJuives\\\/\",\"https:\\\/\\\/www.instagram.com\\\/musiquesjuives\\\/\",\"https:\\\/\\\/www.youtube.com\\\/user\\\/musiquesjuives\"]},{\"@type\":\"Person\",\"@id\":\"https:\\\/\\\/www.iemj.org\\\/de\\\/#\\\/schema\\\/person\\\/358e26c18aca017fcc4cc15437f7279c\",\"name\":\"Jacqueline ROTEN\",\"image\":{\"@type\":\"ImageObject\",\"inLanguage\":\"de\",\"@id\":\"https:\\\/\\\/secure.gravatar.com\\\/avatar\\\/5964256d6c6957de3a3505278957e0fb2a35119ac47ea41827a65301213c810b?s=96&d=mm&r=g\",\"url\":\"https:\\\/\\\/secure.gravatar.com\\\/avatar\\\/5964256d6c6957de3a3505278957e0fb2a35119ac47ea41827a65301213c810b?s=96&d=mm&r=g\",\"contentUrl\":\"https:\\\/\\\/secure.gravatar.com\\\/avatar\\\/5964256d6c6957de3a3505278957e0fb2a35119ac47ea41827a65301213c810b?s=96&d=mm&r=g\",\"caption\":\"Jacqueline ROTEN\"}}]}<\/script>\n<!-- \/ Yoast SEO plugin. -->","yoast_head_json":{"title":"Katouna, f\u00fcr Klarinette und Violoncello - Institut Europ\u00e9en des Musiques Juives","robots":{"index":"index","follow":"follow","max-snippet":"max-snippet:-1","max-image-preview":"max-image-preview:large","max-video-preview":"max-video-preview:-1"},"canonical":"https:\/\/www.iemj.org\/de\/une-nouvelle-partition-de-serge-kaufmann-katouna-pour-clarinette-et-violoncelle\/","og_locale":"de_DE","og_type":"article","og_title":"Katouna, f\u00fcr Klarinette und Violoncello - Institut Europ\u00e9en des Musiques Juives","og_description":"Ver\u00f6ffentlichung der Partitur Katouna von Serge Kaufman im Verlag des IEMJ","og_url":"https:\/\/www.iemj.org\/de\/une-nouvelle-partition-de-serge-kaufmann-katouna-pour-clarinette-et-violoncelle\/","og_site_name":"Institut Europ\u00e9en des Musiques Juives","article_publisher":"https:\/\/www.facebook.com\/MusiquesJuives\/","article_published_time":"2020-11-10T16:51:16+00:00","article_modified_time":"2021-07-08T12:33:50+00:00","og_image":[{"width":336,"height":382,"url":"https:\/\/www.iemj.org\/wp-content\/uploads\/2020\/11\/arton4895.jpg","type":"image\/jpeg"}],"author":"Jacqueline ROTEN","twitter_card":"summary_large_image","twitter_misc":{"Verfasst von":"Jacqueline ROTEN","Gesch\u00e4tzte Lesezeit":"3\u00a0Minuten"},"schema":{"@context":"https:\/\/schema.org","@graph":[{"@type":"Article","@id":"https:\/\/www.iemj.org\/de\/une-nouvelle-partition-de-serge-kaufmann-katouna-pour-clarinette-et-violoncelle\/#article","isPartOf":{"@id":"https:\/\/www.iemj.org\/de\/une-nouvelle-partition-de-serge-kaufmann-katouna-pour-clarinette-et-violoncelle\/"},"author":{"name":"Jacqueline ROTEN","@id":"https:\/\/www.iemj.org\/de\/#\/schema\/person\/358e26c18aca017fcc4cc15437f7279c"},"headline":"Katouna, f\u00fcr Klarinette und Violoncello","datePublished":"2020-11-10T16:51:16+00:00","dateModified":"2021-07-08T12:33:50+00:00","mainEntityOfPage":{"@id":"https:\/\/www.iemj.org\/de\/une-nouvelle-partition-de-serge-kaufmann-katouna-pour-clarinette-et-violoncelle\/"},"wordCount":412,"publisher":{"@id":"https:\/\/www.iemj.org\/de\/#organization"},"image":{"@id":"https:\/\/www.iemj.org\/de\/une-nouvelle-partition-de-serge-kaufmann-katouna-pour-clarinette-et-violoncelle\/#primaryimage"},"thumbnailUrl":"https:\/\/www.iemj.org\/wp-content\/uploads\/2020\/11\/arton4895.jpg","articleSection":["Partituren IEMJ","Ver\u00f6ffentlichungen"],"inLanguage":"de"},{"@type":"WebPage","@id":"https:\/\/www.iemj.org\/de\/une-nouvelle-partition-de-serge-kaufmann-katouna-pour-clarinette-et-violoncelle\/","url":"https:\/\/www.iemj.org\/de\/une-nouvelle-partition-de-serge-kaufmann-katouna-pour-clarinette-et-violoncelle\/","name":"Katouna, f\u00fcr Klarinette und Violoncello - Institut Europ\u00e9en des Musiques Juives","isPartOf":{"@id":"https:\/\/www.iemj.org\/de\/#website"},"primaryImageOfPage":{"@id":"https:\/\/www.iemj.org\/de\/une-nouvelle-partition-de-serge-kaufmann-katouna-pour-clarinette-et-violoncelle\/#primaryimage"},"image":{"@id":"https:\/\/www.iemj.org\/de\/une-nouvelle-partition-de-serge-kaufmann-katouna-pour-clarinette-et-violoncelle\/#primaryimage"},"thumbnailUrl":"https:\/\/www.iemj.org\/wp-content\/uploads\/2020\/11\/arton4895.jpg","datePublished":"2020-11-10T16:51:16+00:00","dateModified":"2021-07-08T12:33:50+00:00","breadcrumb":{"@id":"https:\/\/www.iemj.org\/de\/une-nouvelle-partition-de-serge-kaufmann-katouna-pour-clarinette-et-violoncelle\/#breadcrumb"},"inLanguage":"de","potentialAction":[{"@type":"ReadAction","target":["https:\/\/www.iemj.org\/de\/une-nouvelle-partition-de-serge-kaufmann-katouna-pour-clarinette-et-violoncelle\/"]}]},{"@type":"ImageObject","inLanguage":"de","@id":"https:\/\/www.iemj.org\/de\/une-nouvelle-partition-de-serge-kaufmann-katouna-pour-clarinette-et-violoncelle\/#primaryimage","url":"https:\/\/www.iemj.org\/wp-content\/uploads\/2020\/11\/arton4895.jpg","contentUrl":"https:\/\/www.iemj.org\/wp-content\/uploads\/2020\/11\/arton4895.jpg","width":336,"height":382},{"@type":"BreadcrumbList","@id":"https:\/\/www.iemj.org\/de\/une-nouvelle-partition-de-serge-kaufmann-katouna-pour-clarinette-et-violoncelle\/#breadcrumb","itemListElement":[{"@type":"ListItem","position":1,"name":"Accueil","item":"https:\/\/www.iemj.org\/de\/"},{"@type":"ListItem","position":2,"name":"Katouna, f\u00fcr Klarinette und Violoncello"}]},{"@type":"WebSite","@id":"https:\/\/www.iemj.org\/de\/#website","url":"https:\/\/www.iemj.org\/de\/","name":"Institut Europ\u00e9en des Musiques Juives","description":"Des traditions musicales \u00e0 la port\u00e9e de tous","publisher":{"@id":"https:\/\/www.iemj.org\/de\/#organization"},"potentialAction":[{"@type":"SearchAction","target":{"@type":"EntryPoint","urlTemplate":"https:\/\/www.iemj.org\/de\/?s={search_term_string}"},"query-input":{"@type":"PropertyValueSpecification","valueRequired":true,"valueName":"search_term_string"}}],"inLanguage":"de"},{"@type":"Organization","@id":"https:\/\/www.iemj.org\/de\/#organization","name":"Institut Europ\u00e9en des Musiques Juives","url":"https:\/\/www.iemj.org\/de\/","logo":{"@type":"ImageObject","inLanguage":"de","@id":"https:\/\/www.iemj.org\/de\/#\/schema\/logo\/image\/","url":"https:\/\/www.iemj.org\/wp-content\/uploads\/2021\/09\/Logo-IEMJ-Paypal.jpg","contentUrl":"https:\/\/www.iemj.org\/wp-content\/uploads\/2021\/09\/Logo-IEMJ-Paypal.jpg","width":150,"height":50,"caption":"Institut Europ\u00e9en des Musiques Juives"},"image":{"@id":"https:\/\/www.iemj.org\/de\/#\/schema\/logo\/image\/"},"sameAs":["https:\/\/www.facebook.com\/MusiquesJuives\/","https:\/\/www.instagram.com\/musiquesjuives\/","https:\/\/www.youtube.com\/user\/musiquesjuives"]},{"@type":"Person","@id":"https:\/\/www.iemj.org\/de\/#\/schema\/person\/358e26c18aca017fcc4cc15437f7279c","name":"Jacqueline ROTEN","image":{"@type":"ImageObject","inLanguage":"de","@id":"https:\/\/secure.gravatar.com\/avatar\/5964256d6c6957de3a3505278957e0fb2a35119ac47ea41827a65301213c810b?s=96&d=mm&r=g","url":"https:\/\/secure.gravatar.com\/avatar\/5964256d6c6957de3a3505278957e0fb2a35119ac47ea41827a65301213c810b?s=96&d=mm&r=g","contentUrl":"https:\/\/secure.gravatar.com\/avatar\/5964256d6c6957de3a3505278957e0fb2a35119ac47ea41827a65301213c810b?s=96&d=mm&r=g","caption":"Jacqueline ROTEN"}}]}},"_links":{"self":[{"href":"https:\/\/www.iemj.org\/de\/wp-json\/wp\/v2\/posts\/53968","targetHints":{"allow":["GET"]}}],"collection":[{"href":"https:\/\/www.iemj.org\/de\/wp-json\/wp\/v2\/posts"}],"about":[{"href":"https:\/\/www.iemj.org\/de\/wp-json\/wp\/v2\/types\/post"}],"author":[{"embeddable":true,"href":"https:\/\/www.iemj.org\/de\/wp-json\/wp\/v2\/users\/5"}],"replies":[{"embeddable":true,"href":"https:\/\/www.iemj.org\/de\/wp-json\/wp\/v2\/comments?post=53968"}],"version-history":[{"count":0,"href":"https:\/\/www.iemj.org\/de\/wp-json\/wp\/v2\/posts\/53968\/revisions"}],"wp:featuredmedia":[{"embeddable":true,"href":"https:\/\/www.iemj.org\/de\/wp-json\/wp\/v2\/media\/53969"}],"wp:attachment":[{"href":"https:\/\/www.iemj.org\/de\/wp-json\/wp\/v2\/media?parent=53968"}],"wp:term":[{"taxonomy":"category","embeddable":true,"href":"https:\/\/www.iemj.org\/de\/wp-json\/wp\/v2\/categories?post=53968"},{"taxonomy":"post_tag","embeddable":true,"href":"https:\/\/www.iemj.org\/de\/wp-json\/wp\/v2\/tags?post=53968"},{"taxonomy":"technique","embeddable":true,"href":"https:\/\/www.iemj.org\/de\/wp-json\/wp\/v2\/technique?post=53968"},{"taxonomy":"squelettes","embeddable":true,"href":"https:\/\/www.iemj.org\/de\/wp-json\/wp\/v2\/squelettes?post=53968"},{"taxonomy":"sujet","embeddable":true,"href":"https:\/\/www.iemj.org\/de\/wp-json\/wp\/v2\/sujet?post=53968"},{"taxonomy":"formation","embeddable":true,"href":"https:\/\/www.iemj.org\/de\/wp-json\/wp\/v2\/formation?post=53968"},{"taxonomy":"genre","embeddable":true,"href":"https:\/\/www.iemj.org\/de\/wp-json\/wp\/v2\/genre?post=53968"},{"taxonomy":"fonds","embeddable":true,"href":"https:\/\/www.iemj.org\/de\/wp-json\/wp\/v2\/fonds?post=53968"},{"taxonomy":"tradition","embeddable":true,"href":"https:\/\/www.iemj.org\/de\/wp-json\/wp\/v2\/tradition?post=53968"},{"taxonomy":"type-de-contenu","embeddable":true,"href":"https:\/\/www.iemj.org\/de\/wp-json\/wp\/v2\/type-de-contenu?post=53968"},{"taxonomy":"interprete-compositeur","embeddable":true,"href":"https:\/\/www.iemj.org\/de\/wp-json\/wp\/v2\/interprete-compositeur?post=53968"},{"taxonomy":"frise","embeddable":true,"href":"https:\/\/www.iemj.org\/de\/wp-json\/wp\/v2\/frise?post=53968"},{"taxonomy":"type-devenement","embeddable":true,"href":"https:\/\/www.iemj.org\/de\/wp-json\/wp\/v2\/type-devenement?post=53968"},{"taxonomy":"tableaux-liens-externes","embeddable":true,"href":"https:\/\/www.iemj.org\/de\/wp-json\/wp\/v2\/tableaux-liens-externes?post=53968"}],"curies":[{"name":"wp","href":"https:\/\/api.w.org\/{rel}","templated":true}]}}