{"id":54399,"date":"2014-06-04T13:23:50","date_gmt":"2014-06-04T11:23:50","guid":{"rendered":"https:\/\/www.iemj.org\/partitions-de-fernand-halphen-et-reynaldo-hahn-maintenant-en-vente\/"},"modified":"2021-07-12T10:58:44","modified_gmt":"2021-07-12T08:58:44","slug":"partitions-de-fernand-halphen-et-reynaldo-hahn-maintenant-en-vente","status":"publish","type":"post","link":"https:\/\/www.iemj.org\/de\/partitions-de-fernand-halphen-et-reynaldo-hahn-maintenant-en-vente\/","title":{"rendered":"Dix m\u00e9lodies (vol. 1), Cinq pi\u00e8ces pour piano von Fernand Halphen und Petit nocturne von Reynaldo Hahn"},"content":{"rendered":"<h3><\/h3>\n<h3>Ver\u00f6ffentlichung von zwei Partitursammlungen von Fernand Halphen und einer Partitur f\u00fcr Violine und Klavier von Reynaldo Hahn<\/h3>\n<p><!--more--><\/p>\n<p><strong>FERNAND HALPHEN<\/strong><br \/>\nAus einer gro\u00dfb\u00fcrgerlichen und kunstbegeisterten Familie stammend, lernte <a href=\"https:\/\/www.iemj.org\/en\/halphen-fernand-1872-1917\/\" target=\"_blank\" rel=\"noopener\">Fernand Halphen<\/a> unter Joseph Marsick Violine spielen und fing dann unter Gabriel Faur\u00e9 an, zu komponieren. 1888 nahm man ihn in die Klasse von Joseph Marsick im Conservatoire auf und lernte dort gemeinsam mit Florent Schmitt, Henri B\u00fcsser, Max d\u2019Olonne, Charles Koechlin, Georges Enesco und Reynaldo Hahn und wurde 1896 mit dem zweiten Prix de Rome ausgezeichnet.<\/p>\n<p>In seinem kurzen Leben komponierte Halphen fast hundert Melodien, mehr als drei\u00dfig St\u00fccke f\u00fcr Piano, Duette (meist Violine und Piano), ein Streichtrio und ein Pianotrio, Orchestersuiten, eine Faur\u00e9 gewidmete Sinfonie in c-Moll (1898) und <em>Le Cor fleuri<\/em>, ein lyrisches M\u00e4rchen in einem Akt, welches am 10. Mai 1941 in der Op\u00e9ra-Comique in Paris uraufgef\u00fchrt wurde. Er schrieb au\u00dferdem zwei Psalmen und einen Lobgesang f\u00fcr die Synagoge, sowie zwei vom traditionellen hebr\u00e4ischen Gesang inspirierte Instrumentalst\u00fccke (<em>Andante religioso<\/em> und <em>Pri\u00e8re<\/em>). Als Kapellmeister eines Infanterieregiments im 1. Weltkrieg, starb er 1917 an den Folgen einer an der Front zugezogenen Krankheit.<\/p>\n<p>Diese neuen Ausgaben wurden von Herv\u00e9 Roten, Laura Schnapper und C\u00e9lia Triplet, unter der Schirmherrschaft des Institut Europ\u00e9en des Musiques Juives erstellt. Im Institut befinden sich die Manuskripte, Partituren und Briefe von Fernand Halphen, hinterlegt von dessen Nachkommen. Sie wurden unter Ber\u00fccksichtigung der Manuskripte des Komponisten und der 1906 von Astruc ver\u00f6ffentlichten Erstausgabe erarbeitet.<\/p>\n<p><strong style=\"font-size: inherit;\">REYNALDO HAHN<\/strong><\/p>\n<p><em>Le Petit nocturne<\/em> wurde am 1. Juni 1889 (Hahn war zu diesem Zeitpunkt noch keine 15 Jahre alt) komponiert. Es handelt sich dabei um ein unver\u00f6ffentlichtes Werk, welches aus den Musikarchiven des Salons der Witwe Fernand Halphens stammt.<\/p>\n<p><a href=\"https:\/\/www.iemj.org\/en\/hahn-reynaldo-1874-1947\/\" target=\"_blank\" rel=\"noopener\">Reynaldo Hahn<\/a> wurde in Caracas, als j\u00fcngstes von insgesamt neun Kindern einer katholisch venezolanischen Mutter und eines j\u00fcdisch-st\u00e4mmigen deutschen Vaters, geboren. 1878 zog die Familie nach Paris. Er besuchte ab seinem elften Lebensjahr, das Pariser Conservatoire und wurde dort von Albert Lavignac und Jules Massenet in Komposition unterrichtet. In den 1890er Jahren besuchte er die Pariser Salons (auch den Salon Halphens), wo er seine Lieder mit Klavierbegleitung sang. Er begegnete dort Pers\u00f6nlichkeiten wie St\u00e9phane Mallarm\u00e9, Edmond de Goncourt und sogar Marcel Proust, dessen Geliebter er wurde und bis 1896 blieb.<\/p>\n<p>1920 wurde Reynaldo Hahn Gesangslehrer an der \u00c9cole Normale de Musique de Paris und arbeitete mit Pablo Casals, Jacques Thibaud und Nadia Boulanger zusammen. In der Zeit zwischen den beiden Weltkriegen, komponierte er zahlreiche Operetten und Musicals. Doch neben dieser modernen Musik, kehrte er zur Kammermusik zur\u00fcck, einem Genre, welches er zuvor aufgegeben hatte.<\/p>\n<p>Aufgrund seiner j\u00fcdischen Wurzeln verlie\u00df er 1940 Paris und ging zun\u00e4chst nach Cannes und anschlie\u00dfend nach Monte-Carlo. 1945 kehrte er nach Paris zur\u00fcck, wurde zum Mitglied der Acad\u00e9mie des Beaux-Arts erw\u00e4hlt und wurde zudem Direktor der Pariser Oper. Am 28. Januar 1947 starb er schlie\u00dflich an einem Hirntumor und wurde auf dem Friedhof von P\u00e8re-Lachaise beerdigt.<\/p>\n<p>Sie k\u00f6nnen diese Partituren in unserem <a href=\"https:\/\/www.iemj.org\/de\/onlineshop\/\" target=\"_blank\" rel=\"noopener\">Online-Shop<\/a> in Papier- oder digitaler Version bestellen.<br \/>\n&#8211; <a href=\"https:\/\/www.iemj.org\/en\/product\/fernand-halphen-dix-melodies-1er-recueil-printed-score\/\" target=\"_blank\" rel=\"noopener\"><strong>Bestellen Sie <em>Dix m\u00e9lodies<\/em> von Fernand Halphen und erfahren Sie mehr<\/strong><\/a><br \/>\n&#8211; <a href=\"https:\/\/www.iemj.org\/en\/product\/fernand-halphen-cinq-pieces-pour-piano\/\" target=\"_blank\" rel=\"noopener\"><strong>Bestellen Sie <em>Cinq pi\u00e8ces pour piano<\/em> von Fernand Halphen und erfahren Sie mehr<\/strong><\/a><br \/>\n&#8211; <a href=\"https:\/\/www.iemj.org\/en\/product\/reynaldo-hahn-petit-nocturne-pour-violon-et-piano-printed-score\/\" target=\"_blank\" rel=\"noopener\"><strong>Bestellen Sie <em>Petit nocturne<\/em> pour violon et piano von Reynaldo Hahn und erfahren Sie mehr<\/strong><\/a><\/p>\n<div id='gallery-1' class='gallery galleryid-54399 gallery-columns-4 gallery-size-medium'><figure class='gallery-item'>\n\t\t\t<div class='gallery-icon portrait'>\n\t\t\t\t<a href='https:\/\/www.iemj.org\/wp-content\/uploads\/2014\/05\/20140318_iemj_partition1_couv-vdef_small.jpg'><img fetchpriority=\"high\" decoding=\"async\" width=\"213\" height=\"300\" src=\"https:\/\/www.iemj.org\/wp-content\/uploads\/2014\/05\/20140318_iemj_partition1_couv-vdef_small-213x300.jpg\" class=\"attachment-medium size-medium\" alt=\"\" srcset=\"https:\/\/www.iemj.org\/wp-content\/uploads\/2014\/05\/20140318_iemj_partition1_couv-vdef_small-213x300.jpg 213w, https:\/\/www.iemj.org\/wp-content\/uploads\/2014\/05\/20140318_iemj_partition1_couv-vdef_small.jpg 249w\" sizes=\"(max-width: 213px) 100vw, 213px\" \/><\/a>\n\t\t\t<\/div><\/figure><figure class='gallery-item'>\n\t\t\t<div class='gallery-icon portrait'>\n\t\t\t\t<a href='https:\/\/www.iemj.org\/wp-content\/uploads\/2014\/05\/20140318_iemj_partition2_couv-vdef_small.jpg'><img decoding=\"async\" width=\"213\" height=\"300\" src=\"https:\/\/www.iemj.org\/wp-content\/uploads\/2014\/05\/20140318_iemj_partition2_couv-vdef_small-213x300.jpg\" class=\"attachment-medium size-medium\" alt=\"\" srcset=\"https:\/\/www.iemj.org\/wp-content\/uploads\/2014\/05\/20140318_iemj_partition2_couv-vdef_small-213x300.jpg 213w, https:\/\/www.iemj.org\/wp-content\/uploads\/2014\/05\/20140318_iemj_partition2_couv-vdef_small.jpg 249w\" sizes=\"(max-width: 213px) 100vw, 213px\" \/><\/a>\n\t\t\t<\/div><\/figure><figure class='gallery-item'>\n\t\t\t<div class='gallery-icon portrait'>\n\t\t\t\t<a href='https:\/\/www.iemj.org\/wp-content\/uploads\/2014\/05\/20140318_iemj_partition3_couv_small.jpg'><img decoding=\"async\" width=\"213\" height=\"300\" src=\"https:\/\/www.iemj.org\/wp-content\/uploads\/2014\/05\/20140318_iemj_partition3_couv_small-213x300.jpg\" class=\"attachment-medium size-medium\" alt=\"\" srcset=\"https:\/\/www.iemj.org\/wp-content\/uploads\/2014\/05\/20140318_iemj_partition3_couv_small-213x300.jpg 213w, https:\/\/www.iemj.org\/wp-content\/uploads\/2014\/05\/20140318_iemj_partition3_couv_small.jpg 249w\" sizes=\"(max-width: 213px) 100vw, 213px\" \/><\/a>\n\t\t\t<\/div><\/figure>\n\t\t<\/div>\n\n","protected":false},"excerpt":{"rendered":"<p>Ver\u00f6ffentlichung von zwei Partitursammlungen von Fernand Halphen und einer Partitur f\u00fcr Violine und Klavier von Reynaldo Hahn<\/p>\n","protected":false},"author":1050,"featured_media":54400,"comment_status":"closed","ping_status":"open","sticky":false,"template":"","format":"standard","meta":{"_acf_changed":false,"footnotes":""},"categories":[1396,1390],"tags":[],"technique":[],"squelettes":[],"sujet":[],"formation":[],"genre":[1900],"fonds":[],"tradition":[],"type-de-contenu":[],"interprete-compositeur":[],"frise":[],"type-devenement":[],"tableaux-liens-externes":[],"class_list":["post-54399","post","type-post","status-publish","format-standard","has-post-thumbnail","hentry","category-partituren-iemj-de","category-veroffentlichungen-de","genre-klassische-musik-de"],"acf":[],"yoast_head":"<!-- This site is optimized with the Yoast SEO plugin v27.3 - https:\/\/yoast.com\/product\/yoast-seo-wordpress\/ -->\n<title>Dix m\u00e9lodies (vol. 1), Cinq pi\u00e8ces pour piano von Fernand Halphen und Petit nocturne von Reynaldo Hahn - Institut Europ\u00e9en des Musiques Juives<\/title>\n<meta name=\"robots\" content=\"index, follow, max-snippet:-1, max-image-preview:large, max-video-preview:-1\" \/>\n<link rel=\"canonical\" href=\"https:\/\/www.iemj.org\/de\/partitions-de-fernand-halphen-et-reynaldo-hahn-maintenant-en-vente\/\" \/>\n<meta property=\"og:locale\" content=\"de_DE\" \/>\n<meta property=\"og:type\" content=\"article\" \/>\n<meta property=\"og:title\" content=\"Dix m\u00e9lodies (vol. 1), Cinq pi\u00e8ces pour piano von Fernand Halphen und Petit nocturne von Reynaldo Hahn - Institut Europ\u00e9en des Musiques Juives\" \/>\n<meta property=\"og:description\" content=\"Ver\u00f6ffentlichung von zwei Partitursammlungen von Fernand Halphen und einer Partitur f\u00fcr Violine und Klavier von Reynaldo Hahn\" \/>\n<meta property=\"og:url\" content=\"https:\/\/www.iemj.org\/de\/partitions-de-fernand-halphen-et-reynaldo-hahn-maintenant-en-vente\/\" \/>\n<meta property=\"og:site_name\" content=\"Institut Europ\u00e9en des Musiques Juives\" \/>\n<meta property=\"article:publisher\" content=\"https:\/\/www.facebook.com\/MusiquesJuives\/\" \/>\n<meta property=\"article:published_time\" content=\"2014-06-04T11:23:50+00:00\" \/>\n<meta property=\"article:modified_time\" content=\"2021-07-12T08:58:44+00:00\" \/>\n<meta property=\"og:image\" content=\"https:\/\/www.iemj.org\/wp-content\/uploads\/2014\/06\/arton880.jpg\" \/>\n\t<meta property=\"og:image:width\" content=\"249\" \/>\n\t<meta property=\"og:image:height\" content=\"351\" \/>\n\t<meta property=\"og:image:type\" content=\"image\/jpeg\" \/>\n<meta name=\"author\" content=\"ncochin\" \/>\n<meta name=\"twitter:card\" content=\"summary_large_image\" \/>\n<meta name=\"twitter:label1\" content=\"Verfasst von\" \/>\n\t<meta name=\"twitter:data1\" content=\"ncochin\" \/>\n\t<meta name=\"twitter:label2\" content=\"Gesch\u00e4tzte Lesezeit\" \/>\n\t<meta name=\"twitter:data2\" content=\"3\u00a0Minuten\" \/>\n<script type=\"application\/ld+json\" class=\"yoast-schema-graph\">{\"@context\":\"https:\\\/\\\/schema.org\",\"@graph\":[{\"@type\":\"Article\",\"@id\":\"https:\\\/\\\/www.iemj.org\\\/de\\\/partitions-de-fernand-halphen-et-reynaldo-hahn-maintenant-en-vente\\\/#article\",\"isPartOf\":{\"@id\":\"https:\\\/\\\/www.iemj.org\\\/de\\\/partitions-de-fernand-halphen-et-reynaldo-hahn-maintenant-en-vente\\\/\"},\"author\":{\"name\":\"ncochin\",\"@id\":\"https:\\\/\\\/www.iemj.org\\\/de\\\/#\\\/schema\\\/person\\\/f826ad11b0cd58dd99babe0a3fbcb86e\"},\"headline\":\"Dix m\u00e9lodies (vol. 1), Cinq pi\u00e8ces pour piano von Fernand Halphen und Petit nocturne von Reynaldo Hahn\",\"datePublished\":\"2014-06-04T11:23:50+00:00\",\"dateModified\":\"2021-07-12T08:58:44+00:00\",\"mainEntityOfPage\":{\"@id\":\"https:\\\/\\\/www.iemj.org\\\/de\\\/partitions-de-fernand-halphen-et-reynaldo-hahn-maintenant-en-vente\\\/\"},\"wordCount\":576,\"publisher\":{\"@id\":\"https:\\\/\\\/www.iemj.org\\\/de\\\/#organization\"},\"image\":{\"@id\":\"https:\\\/\\\/www.iemj.org\\\/de\\\/partitions-de-fernand-halphen-et-reynaldo-hahn-maintenant-en-vente\\\/#primaryimage\"},\"thumbnailUrl\":\"https:\\\/\\\/www.iemj.org\\\/wp-content\\\/uploads\\\/2014\\\/06\\\/arton880.jpg\",\"articleSection\":[\"Partituren IEMJ\",\"Ver\u00f6ffentlichungen\"],\"inLanguage\":\"de\"},{\"@type\":\"WebPage\",\"@id\":\"https:\\\/\\\/www.iemj.org\\\/de\\\/partitions-de-fernand-halphen-et-reynaldo-hahn-maintenant-en-vente\\\/\",\"url\":\"https:\\\/\\\/www.iemj.org\\\/de\\\/partitions-de-fernand-halphen-et-reynaldo-hahn-maintenant-en-vente\\\/\",\"name\":\"Dix m\u00e9lodies (vol. 1), Cinq pi\u00e8ces pour piano von Fernand Halphen und Petit nocturne von Reynaldo Hahn - Institut Europ\u00e9en des Musiques Juives\",\"isPartOf\":{\"@id\":\"https:\\\/\\\/www.iemj.org\\\/de\\\/#website\"},\"primaryImageOfPage\":{\"@id\":\"https:\\\/\\\/www.iemj.org\\\/de\\\/partitions-de-fernand-halphen-et-reynaldo-hahn-maintenant-en-vente\\\/#primaryimage\"},\"image\":{\"@id\":\"https:\\\/\\\/www.iemj.org\\\/de\\\/partitions-de-fernand-halphen-et-reynaldo-hahn-maintenant-en-vente\\\/#primaryimage\"},\"thumbnailUrl\":\"https:\\\/\\\/www.iemj.org\\\/wp-content\\\/uploads\\\/2014\\\/06\\\/arton880.jpg\",\"datePublished\":\"2014-06-04T11:23:50+00:00\",\"dateModified\":\"2021-07-12T08:58:44+00:00\",\"breadcrumb\":{\"@id\":\"https:\\\/\\\/www.iemj.org\\\/de\\\/partitions-de-fernand-halphen-et-reynaldo-hahn-maintenant-en-vente\\\/#breadcrumb\"},\"inLanguage\":\"de\",\"potentialAction\":[{\"@type\":\"ReadAction\",\"target\":[\"https:\\\/\\\/www.iemj.org\\\/de\\\/partitions-de-fernand-halphen-et-reynaldo-hahn-maintenant-en-vente\\\/\"]}]},{\"@type\":\"ImageObject\",\"inLanguage\":\"de\",\"@id\":\"https:\\\/\\\/www.iemj.org\\\/de\\\/partitions-de-fernand-halphen-et-reynaldo-hahn-maintenant-en-vente\\\/#primaryimage\",\"url\":\"https:\\\/\\\/www.iemj.org\\\/wp-content\\\/uploads\\\/2014\\\/06\\\/arton880.jpg\",\"contentUrl\":\"https:\\\/\\\/www.iemj.org\\\/wp-content\\\/uploads\\\/2014\\\/06\\\/arton880.jpg\",\"width\":249,\"height\":351},{\"@type\":\"BreadcrumbList\",\"@id\":\"https:\\\/\\\/www.iemj.org\\\/de\\\/partitions-de-fernand-halphen-et-reynaldo-hahn-maintenant-en-vente\\\/#breadcrumb\",\"itemListElement\":[{\"@type\":\"ListItem\",\"position\":1,\"name\":\"Accueil\",\"item\":\"https:\\\/\\\/www.iemj.org\\\/de\\\/\"},{\"@type\":\"ListItem\",\"position\":2,\"name\":\"Dix m\u00e9lodies (vol. 1), Cinq pi\u00e8ces pour piano von Fernand Halphen und Petit nocturne von Reynaldo Hahn\"}]},{\"@type\":\"WebSite\",\"@id\":\"https:\\\/\\\/www.iemj.org\\\/de\\\/#website\",\"url\":\"https:\\\/\\\/www.iemj.org\\\/de\\\/\",\"name\":\"Institut Europ\u00e9en des Musiques Juives\",\"description\":\"Des traditions musicales \u00e0 la port\u00e9e de tous\",\"publisher\":{\"@id\":\"https:\\\/\\\/www.iemj.org\\\/de\\\/#organization\"},\"potentialAction\":[{\"@type\":\"SearchAction\",\"target\":{\"@type\":\"EntryPoint\",\"urlTemplate\":\"https:\\\/\\\/www.iemj.org\\\/de\\\/?s={search_term_string}\"},\"query-input\":{\"@type\":\"PropertyValueSpecification\",\"valueRequired\":true,\"valueName\":\"search_term_string\"}}],\"inLanguage\":\"de\"},{\"@type\":\"Organization\",\"@id\":\"https:\\\/\\\/www.iemj.org\\\/de\\\/#organization\",\"name\":\"Institut Europ\u00e9en des Musiques Juives\",\"url\":\"https:\\\/\\\/www.iemj.org\\\/de\\\/\",\"logo\":{\"@type\":\"ImageObject\",\"inLanguage\":\"de\",\"@id\":\"https:\\\/\\\/www.iemj.org\\\/de\\\/#\\\/schema\\\/logo\\\/image\\\/\",\"url\":\"https:\\\/\\\/www.iemj.org\\\/wp-content\\\/uploads\\\/2021\\\/09\\\/Logo-IEMJ-Paypal.jpg\",\"contentUrl\":\"https:\\\/\\\/www.iemj.org\\\/wp-content\\\/uploads\\\/2021\\\/09\\\/Logo-IEMJ-Paypal.jpg\",\"width\":150,\"height\":50,\"caption\":\"Institut Europ\u00e9en des Musiques Juives\"},\"image\":{\"@id\":\"https:\\\/\\\/www.iemj.org\\\/de\\\/#\\\/schema\\\/logo\\\/image\\\/\"},\"sameAs\":[\"https:\\\/\\\/www.facebook.com\\\/MusiquesJuives\\\/\",\"https:\\\/\\\/www.instagram.com\\\/musiquesjuives\\\/\",\"https:\\\/\\\/www.youtube.com\\\/user\\\/musiquesjuives\"]},{\"@type\":\"Person\",\"@id\":\"https:\\\/\\\/www.iemj.org\\\/de\\\/#\\\/schema\\\/person\\\/f826ad11b0cd58dd99babe0a3fbcb86e\",\"name\":\"ncochin\",\"image\":{\"@type\":\"ImageObject\",\"inLanguage\":\"de\",\"@id\":\"https:\\\/\\\/secure.gravatar.com\\\/avatar\\\/4499f551e6a9b8c28bd3132f28d79657b2cb55ff363257726f67e89c95e2a33c?s=96&d=mm&r=g\",\"url\":\"https:\\\/\\\/secure.gravatar.com\\\/avatar\\\/4499f551e6a9b8c28bd3132f28d79657b2cb55ff363257726f67e89c95e2a33c?s=96&d=mm&r=g\",\"contentUrl\":\"https:\\\/\\\/secure.gravatar.com\\\/avatar\\\/4499f551e6a9b8c28bd3132f28d79657b2cb55ff363257726f67e89c95e2a33c?s=96&d=mm&r=g\",\"caption\":\"ncochin\"}}]}<\/script>\n<!-- \/ Yoast SEO plugin. -->","yoast_head_json":{"title":"Dix m\u00e9lodies (vol. 1), Cinq pi\u00e8ces pour piano von Fernand Halphen und Petit nocturne von Reynaldo Hahn - Institut Europ\u00e9en des Musiques Juives","robots":{"index":"index","follow":"follow","max-snippet":"max-snippet:-1","max-image-preview":"max-image-preview:large","max-video-preview":"max-video-preview:-1"},"canonical":"https:\/\/www.iemj.org\/de\/partitions-de-fernand-halphen-et-reynaldo-hahn-maintenant-en-vente\/","og_locale":"de_DE","og_type":"article","og_title":"Dix m\u00e9lodies (vol. 1), Cinq pi\u00e8ces pour piano von Fernand Halphen und Petit nocturne von Reynaldo Hahn - Institut Europ\u00e9en des Musiques Juives","og_description":"Ver\u00f6ffentlichung von zwei Partitursammlungen von Fernand Halphen und einer Partitur f\u00fcr Violine und Klavier von Reynaldo Hahn","og_url":"https:\/\/www.iemj.org\/de\/partitions-de-fernand-halphen-et-reynaldo-hahn-maintenant-en-vente\/","og_site_name":"Institut Europ\u00e9en des Musiques Juives","article_publisher":"https:\/\/www.facebook.com\/MusiquesJuives\/","article_published_time":"2014-06-04T11:23:50+00:00","article_modified_time":"2021-07-12T08:58:44+00:00","og_image":[{"width":249,"height":351,"url":"https:\/\/www.iemj.org\/wp-content\/uploads\/2014\/06\/arton880.jpg","type":"image\/jpeg"}],"author":"ncochin","twitter_card":"summary_large_image","twitter_misc":{"Verfasst von":"ncochin","Gesch\u00e4tzte Lesezeit":"3\u00a0Minuten"},"schema":{"@context":"https:\/\/schema.org","@graph":[{"@type":"Article","@id":"https:\/\/www.iemj.org\/de\/partitions-de-fernand-halphen-et-reynaldo-hahn-maintenant-en-vente\/#article","isPartOf":{"@id":"https:\/\/www.iemj.org\/de\/partitions-de-fernand-halphen-et-reynaldo-hahn-maintenant-en-vente\/"},"author":{"name":"ncochin","@id":"https:\/\/www.iemj.org\/de\/#\/schema\/person\/f826ad11b0cd58dd99babe0a3fbcb86e"},"headline":"Dix m\u00e9lodies (vol. 1), Cinq pi\u00e8ces pour piano von Fernand Halphen und Petit nocturne von Reynaldo Hahn","datePublished":"2014-06-04T11:23:50+00:00","dateModified":"2021-07-12T08:58:44+00:00","mainEntityOfPage":{"@id":"https:\/\/www.iemj.org\/de\/partitions-de-fernand-halphen-et-reynaldo-hahn-maintenant-en-vente\/"},"wordCount":576,"publisher":{"@id":"https:\/\/www.iemj.org\/de\/#organization"},"image":{"@id":"https:\/\/www.iemj.org\/de\/partitions-de-fernand-halphen-et-reynaldo-hahn-maintenant-en-vente\/#primaryimage"},"thumbnailUrl":"https:\/\/www.iemj.org\/wp-content\/uploads\/2014\/06\/arton880.jpg","articleSection":["Partituren IEMJ","Ver\u00f6ffentlichungen"],"inLanguage":"de"},{"@type":"WebPage","@id":"https:\/\/www.iemj.org\/de\/partitions-de-fernand-halphen-et-reynaldo-hahn-maintenant-en-vente\/","url":"https:\/\/www.iemj.org\/de\/partitions-de-fernand-halphen-et-reynaldo-hahn-maintenant-en-vente\/","name":"Dix m\u00e9lodies (vol. 1), Cinq pi\u00e8ces pour piano von Fernand Halphen und Petit nocturne von Reynaldo Hahn - Institut Europ\u00e9en des Musiques Juives","isPartOf":{"@id":"https:\/\/www.iemj.org\/de\/#website"},"primaryImageOfPage":{"@id":"https:\/\/www.iemj.org\/de\/partitions-de-fernand-halphen-et-reynaldo-hahn-maintenant-en-vente\/#primaryimage"},"image":{"@id":"https:\/\/www.iemj.org\/de\/partitions-de-fernand-halphen-et-reynaldo-hahn-maintenant-en-vente\/#primaryimage"},"thumbnailUrl":"https:\/\/www.iemj.org\/wp-content\/uploads\/2014\/06\/arton880.jpg","datePublished":"2014-06-04T11:23:50+00:00","dateModified":"2021-07-12T08:58:44+00:00","breadcrumb":{"@id":"https:\/\/www.iemj.org\/de\/partitions-de-fernand-halphen-et-reynaldo-hahn-maintenant-en-vente\/#breadcrumb"},"inLanguage":"de","potentialAction":[{"@type":"ReadAction","target":["https:\/\/www.iemj.org\/de\/partitions-de-fernand-halphen-et-reynaldo-hahn-maintenant-en-vente\/"]}]},{"@type":"ImageObject","inLanguage":"de","@id":"https:\/\/www.iemj.org\/de\/partitions-de-fernand-halphen-et-reynaldo-hahn-maintenant-en-vente\/#primaryimage","url":"https:\/\/www.iemj.org\/wp-content\/uploads\/2014\/06\/arton880.jpg","contentUrl":"https:\/\/www.iemj.org\/wp-content\/uploads\/2014\/06\/arton880.jpg","width":249,"height":351},{"@type":"BreadcrumbList","@id":"https:\/\/www.iemj.org\/de\/partitions-de-fernand-halphen-et-reynaldo-hahn-maintenant-en-vente\/#breadcrumb","itemListElement":[{"@type":"ListItem","position":1,"name":"Accueil","item":"https:\/\/www.iemj.org\/de\/"},{"@type":"ListItem","position":2,"name":"Dix m\u00e9lodies (vol. 1), Cinq pi\u00e8ces pour piano von Fernand Halphen und Petit nocturne von Reynaldo Hahn"}]},{"@type":"WebSite","@id":"https:\/\/www.iemj.org\/de\/#website","url":"https:\/\/www.iemj.org\/de\/","name":"Institut Europ\u00e9en des Musiques Juives","description":"Des traditions musicales \u00e0 la port\u00e9e de tous","publisher":{"@id":"https:\/\/www.iemj.org\/de\/#organization"},"potentialAction":[{"@type":"SearchAction","target":{"@type":"EntryPoint","urlTemplate":"https:\/\/www.iemj.org\/de\/?s={search_term_string}"},"query-input":{"@type":"PropertyValueSpecification","valueRequired":true,"valueName":"search_term_string"}}],"inLanguage":"de"},{"@type":"Organization","@id":"https:\/\/www.iemj.org\/de\/#organization","name":"Institut Europ\u00e9en des Musiques Juives","url":"https:\/\/www.iemj.org\/de\/","logo":{"@type":"ImageObject","inLanguage":"de","@id":"https:\/\/www.iemj.org\/de\/#\/schema\/logo\/image\/","url":"https:\/\/www.iemj.org\/wp-content\/uploads\/2021\/09\/Logo-IEMJ-Paypal.jpg","contentUrl":"https:\/\/www.iemj.org\/wp-content\/uploads\/2021\/09\/Logo-IEMJ-Paypal.jpg","width":150,"height":50,"caption":"Institut Europ\u00e9en des Musiques Juives"},"image":{"@id":"https:\/\/www.iemj.org\/de\/#\/schema\/logo\/image\/"},"sameAs":["https:\/\/www.facebook.com\/MusiquesJuives\/","https:\/\/www.instagram.com\/musiquesjuives\/","https:\/\/www.youtube.com\/user\/musiquesjuives"]},{"@type":"Person","@id":"https:\/\/www.iemj.org\/de\/#\/schema\/person\/f826ad11b0cd58dd99babe0a3fbcb86e","name":"ncochin","image":{"@type":"ImageObject","inLanguage":"de","@id":"https:\/\/secure.gravatar.com\/avatar\/4499f551e6a9b8c28bd3132f28d79657b2cb55ff363257726f67e89c95e2a33c?s=96&d=mm&r=g","url":"https:\/\/secure.gravatar.com\/avatar\/4499f551e6a9b8c28bd3132f28d79657b2cb55ff363257726f67e89c95e2a33c?s=96&d=mm&r=g","contentUrl":"https:\/\/secure.gravatar.com\/avatar\/4499f551e6a9b8c28bd3132f28d79657b2cb55ff363257726f67e89c95e2a33c?s=96&d=mm&r=g","caption":"ncochin"}}]}},"_links":{"self":[{"href":"https:\/\/www.iemj.org\/de\/wp-json\/wp\/v2\/posts\/54399","targetHints":{"allow":["GET"]}}],"collection":[{"href":"https:\/\/www.iemj.org\/de\/wp-json\/wp\/v2\/posts"}],"about":[{"href":"https:\/\/www.iemj.org\/de\/wp-json\/wp\/v2\/types\/post"}],"author":[{"embeddable":true,"href":"https:\/\/www.iemj.org\/de\/wp-json\/wp\/v2\/users\/1050"}],"replies":[{"embeddable":true,"href":"https:\/\/www.iemj.org\/de\/wp-json\/wp\/v2\/comments?post=54399"}],"version-history":[{"count":0,"href":"https:\/\/www.iemj.org\/de\/wp-json\/wp\/v2\/posts\/54399\/revisions"}],"wp:featuredmedia":[{"embeddable":true,"href":"https:\/\/www.iemj.org\/de\/wp-json\/wp\/v2\/media\/54400"}],"wp:attachment":[{"href":"https:\/\/www.iemj.org\/de\/wp-json\/wp\/v2\/media?parent=54399"}],"wp:term":[{"taxonomy":"category","embeddable":true,"href":"https:\/\/www.iemj.org\/de\/wp-json\/wp\/v2\/categories?post=54399"},{"taxonomy":"post_tag","embeddable":true,"href":"https:\/\/www.iemj.org\/de\/wp-json\/wp\/v2\/tags?post=54399"},{"taxonomy":"technique","embeddable":true,"href":"https:\/\/www.iemj.org\/de\/wp-json\/wp\/v2\/technique?post=54399"},{"taxonomy":"squelettes","embeddable":true,"href":"https:\/\/www.iemj.org\/de\/wp-json\/wp\/v2\/squelettes?post=54399"},{"taxonomy":"sujet","embeddable":true,"href":"https:\/\/www.iemj.org\/de\/wp-json\/wp\/v2\/sujet?post=54399"},{"taxonomy":"formation","embeddable":true,"href":"https:\/\/www.iemj.org\/de\/wp-json\/wp\/v2\/formation?post=54399"},{"taxonomy":"genre","embeddable":true,"href":"https:\/\/www.iemj.org\/de\/wp-json\/wp\/v2\/genre?post=54399"},{"taxonomy":"fonds","embeddable":true,"href":"https:\/\/www.iemj.org\/de\/wp-json\/wp\/v2\/fonds?post=54399"},{"taxonomy":"tradition","embeddable":true,"href":"https:\/\/www.iemj.org\/de\/wp-json\/wp\/v2\/tradition?post=54399"},{"taxonomy":"type-de-contenu","embeddable":true,"href":"https:\/\/www.iemj.org\/de\/wp-json\/wp\/v2\/type-de-contenu?post=54399"},{"taxonomy":"interprete-compositeur","embeddable":true,"href":"https:\/\/www.iemj.org\/de\/wp-json\/wp\/v2\/interprete-compositeur?post=54399"},{"taxonomy":"frise","embeddable":true,"href":"https:\/\/www.iemj.org\/de\/wp-json\/wp\/v2\/frise?post=54399"},{"taxonomy":"type-devenement","embeddable":true,"href":"https:\/\/www.iemj.org\/de\/wp-json\/wp\/v2\/type-devenement?post=54399"},{"taxonomy":"tableaux-liens-externes","embeddable":true,"href":"https:\/\/www.iemj.org\/de\/wp-json\/wp\/v2\/tableaux-liens-externes?post=54399"}],"curies":[{"name":"wp","href":"https:\/\/api.w.org\/{rel}","templated":true}]}}