{"id":54549,"date":"2020-12-14T11:51:01","date_gmt":"2020-12-14T10:51:01","guid":{"rendered":"https:\/\/www.iemj.org\/parution-de-huit-nouvelles-partitions-ditai-daniel-aux-editions-de-liemj\/"},"modified":"2025-08-28T15:25:25","modified_gmt":"2025-08-28T13:25:25","slug":"parution-de-huit-nouvelles-partitions-ditai-daniel-aux-editions-de-liemj","status":"publish","type":"post","link":"https:\/\/www.iemj.org\/de\/parution-de-huit-nouvelles-partitions-ditai-daniel-aux-editions-de-liemj\/","title":{"rendered":"Kol Nidrei, Hashkivenu, Vay&#8217;khulu haShamayim, Shma Koleinu, Lakol Zman v&#8217;Et, El\u00e9gie f\u00fcr violoncello und piano, Shlosha Yeladim, Sonate f\u00fcr piano"},"content":{"rendered":"Nach der Ver\u00f6ffentlichung seiner <a href=\"https:\/\/www.iemj.org\/de\/itai-daniel-dix-melodies-de-shabbat-pour-voix-ou-choeur-et-piano\/\" target=\"_blank\" rel=\"noopener\">Dix premi\u00e8res m\u00e9lodies de Shabbat<\/a>, bestehend aus 4 St\u00fccken f\u00fcr Chor und Piano, sowie 6 St\u00fccken f\u00fcr Gesang und Piano, hat der Verlag des IEMJ nun das Vergn\u00fcgen die Ver\u00f6ffentlichung, von acht neuen, bisher unver\u00f6ffentlichten und von Ita\u00ef Daniel komponierten Partituren, anzuk\u00fcndigen. Ita\u00ef Daniel ist ein in Israel geborener Komponist, Pianist und Dirigent.\n\nDie Ver\u00f6ffentlichung bietet die M\u00f6glichkeit, andere St\u00fccke von ihm zu entdecken. Da w\u00e4ren zun\u00e4chst, sein sch\u00f6nes<span style=\"font-size: inherit;\">\u00a0<\/span><a style=\"font-size: inherit;\" href=\"https:\/\/www.iemj.org\/de\/kol-nidre-nouvelles-visions\/\"><em>Kol Nidrei<\/em><\/a><span style=\"font-size: inherit;\">, dann seine Instrumentalst\u00fccke (<em>El\u00e9gie pour violoncelle\u00a0<\/em>und<em>\u00a0Sonate pour piano<\/em>) oder von der Tradition der j\u00fcdischen Liturgie inspirierten Gesangsst\u00fccke (<em>Shma Koleinu,\u00a0Hashkivenu,\u00a0Vay\u2019khulu haShamayim,\u00a0Lakol Zman v\u2019Et<\/em>) oder auch <em>Shlosha Yeladim<\/em>, eine ber\u00fchrende Partitur dreier Lieder, welche den Kindern der Shoa gewidmet ist.<\/span>\n<h3 style=\"text-align: center;\">Partituren bestellen<\/h3>\n<ul>\n \t<li>\n<h3><a href=\"https:\/\/www.iemj.org\/de\/produit\/daniel-kol-nidrei-for-choir-tenor-soloist-clarinet-and-string-quartet-printed-score\/\" target=\"_blank\" rel=\"noopener\">Kol Nidrei \u2013 f\u00fcr Chor, Tenor solo, Klarinette und Streichquartett<\/a><\/h3>\n<\/li>\n \t<li>\n<h3><a href=\"https:\/\/www.iemj.org\/de\/produit\/daniel-hashkivenu-for-women-and-men-choir-and-piano-printed-score\/\" target=\"_blank\" rel=\"noopener\">Hashkivenu \u2013 f\u00fcr Frauen- und M\u00e4nnerchor und Piano<\/a><\/h3>\n<\/li>\n \t<li>\n<h3><a href=\"https:\/\/www.iemj.org\/de\/produit\/daniel-vay-khulu-hashamayim-for-soprano-cello-and-piano-printed-score\/\" target=\"_blank\" rel=\"noopener\">Vay&#8217;khulu haShamayim \u2013 f\u00fcr Sopran, Violoncello und Piano<\/a><\/h3>\n<\/li>\n \t<li>\n<h3><a href=\"https:\/\/www.iemj.org\/de\/produit\/daniel-shma-koleinu-for-soprano-cello-and-piano-printed-score\/\" target=\"_blank\" rel=\"noopener\">Shma Koleinu \u2013 f\u00fcr Sopran, Violoncello und Piano<\/a><\/h3>\n<\/li>\n \t<li>\n<h3><a href=\"https:\/\/www.iemj.org\/de\/produit\/daniel-lakol-zman-v-et-for-soprano-cello-and-piano-printed-score\/\" target=\"_blank\" rel=\"noopener\">Lakol Zman v&#8217;Et \u2013 f\u00fcr Sopran, Violoncello und Piano<\/a><\/h3>\n<\/li>\n \t<li>\n<h3><a href=\"https:\/\/www.iemj.org\/de\/produit\/daniel-elegie-for-cello-and-piano-printed-score\/\" target=\"_blank\" rel=\"noopener\">El\u00e9gie \u2013 f\u00fcr Violoncello und Piano<\/a><\/h3>\n<\/li>\n \t<li>\n<h3><a href=\"https:\/\/www.iemj.org\/de\/produit\/daniel-shlosha-yeladim-for-voice-and-piano-printed-score\/\" target=\"_blank\" rel=\"noopener\">Shlosha Yeladim \u2013 f\u00fcr Gesang und Piano<\/a><\/h3>\n<\/li>\n \t<li>\n<h3><a href=\"https:\/\/www.iemj.org\/de\/produit\/daniel-piano-sonata-printed-score\/\" target=\"_blank\" rel=\"noopener\">Sonate \u2013 f\u00fcr Piano<\/a><\/h3>\n<\/li>\n<\/ul>\n<!-- \/wp:post-content -->\n\n<!-- wp:separator -->\n\n<hr class=\"wp-block-separator has-alpha-channel-opacity\" \/>\n\n<!-- \/wp:separator -->\n<h3><a href=\"https:\/\/www.iemj.org\/de\/categorie-produit\/partituren-de\/komponisten-de\/daniel-itai-de\/\" target=\"_blank\" rel=\"noopener\">Schauen Sie sich die Werke von Ita\u00ef Daniel <strong>im Onlineshop des IEMJ<\/strong> an<\/a><\/h3>\n<!-- wp:separator -->\n\n<hr class=\"wp-block-separator has-alpha-channel-opacity\" \/>\n\n<!-- \/wp:separator -->\n\n<!-- wp:column {\"verticalAlignment\":\"center\",\"width\":\"66.66%\"} -->\n<div class=\"wp-block-column is-vertically-aligned-center\" style=\"flex-basis: 66.66%;\"><!-- wp:buttons {\"layout\":{\"type\":\"flex\"}} -->\n<div class=\"wp-block-buttons\"><\/div>\n<\/div>\n<div class=\"wp-block-file\"><\/div>\n<!-- \/wp:buttons -->\n\n<!-- wp:paragraph -->\n\n<!-- \/wp:paragraph --><!-- \/wp:column --><!-- \/wp:column -->\n\n<!-- wp:columns {\"verticalAlignment\":null} -->\n<div class=\"wp-block-columns\"><!-- wp:column {\"width\":\"33.33%\"} -->\n<div class=\"wp-block-column\" style=\"flex-basis: 33.33%;\"><!-- wp:image {\"width\":225,\"height\":200,\"sizeSlug\":\"large\",\"linkDestination\":\"custom\"} -->\n<figure class=\"wp-block-image size-large is-resized\"><a href=\"https:\/\/www.iemj.org\/de\/produit\/itai-daniel-mahzor-hayim\/\" target=\"_blank\" rel=\"noreferrer noopener\"><img decoding=\"async\" src=\"https:\/\/www.iemj.org\/wp-content\/uploads\/2018\/10\/CDC5.jpg\" alt=\"\" width=\"225\" height=\"200\" \/><\/a><\/figure>\n<!-- \/wp:image -->\n\n<\/div>\n<!-- \/wp:column -->\n\n<!-- wp:column {\"verticalAlignment\":\"center\",\"width\":\"66.66%\"} -->\n<div class=\"wp-block-column is-vertically-aligned-center\" style=\"flex-basis: 66.66%;\"><!-- wp:buttons {\"layout\":{\"type\":\"flex\"}} -->\n<div class=\"wp-block-buttons\">\n<div class=\"wp-block-button\"><a class=\"wp-block-button__link has-background wp-element-button\" style=\"background-color: #e1645a;\" href=\"https:\/\/www.iemj.org\/de\/produit\/itai-daniel-mahzor-hayim\/\" target=\"_blank\" rel=\"noreferrer noopener\">Bestellen Sie die CD <strong>Mahzor Hayim in unserem Onlineshop<\/strong><\/a><\/div>\n<\/div>\n<\/div>\n<\/div>\n<!-- wp:heading -->\n<h2><img fetchpriority=\"high\" decoding=\"async\" class=\"aligncenter wp-image-110606 size-full\" src=\"https:\/\/www.iemj.org\/wp-content\/uploads\/2024\/03\/AUDIO-PLAYER.png\" alt=\"\" width=\"1210\" height=\"157\" srcset=\"https:\/\/www.iemj.org\/wp-content\/uploads\/2024\/03\/AUDIO-PLAYER.png 1210w, https:\/\/www.iemj.org\/wp-content\/uploads\/2024\/03\/AUDIO-PLAYER-300x39.png 300w, https:\/\/www.iemj.org\/wp-content\/uploads\/2024\/03\/AUDIO-PLAYER-1024x133.png 1024w, https:\/\/www.iemj.org\/wp-content\/uploads\/2024\/03\/AUDIO-PLAYER-768x100.png 768w, https:\/\/www.iemj.org\/wp-content\/uploads\/2024\/03\/AUDIO-PLAYER-600x78.png 600w\" sizes=\"(max-width: 1210px) 100vw, 1210px\" \/><\/h2>\n<!-- \/wp:heading -->\n\n<!-- wp:file {\"id\":30300,\"href\":\"https:\/\/www.iemj.org\/wp-content\/uploads\/2018\/09\/09_daniel_kol_nidre_siteiemj.mp3\",\"showDownloadButton\":false} -->\n<div class=\"wp-block-file\"><a id=\"wp-block-file--media-ecb536d9-95e3-4bbe-bc0a-be46108151fc\" href=\"https:\/\/www.iemj.org\/wp-content\/uploads\/2018\/09\/09_daniel_kol_nidre_siteiemj.mp3\"> Kol Nidrei (Extrait)<\/a><\/div>\n<!-- \/wp:file -->\n\n<!-- wp:file {\"id\":30302,\"href\":\"https:\/\/www.iemj.org\/wp-content\/uploads\/2018\/10\/08_elegie_pour_violoncelle_et_piano.mp3\",\"showDownloadButton\":false} -->\n<div class=\"wp-block-file\"><a id=\"wp-block-file--media-0e0f74b3-cbfd-4942-93fe-fb9e30ba78c1\" href=\"https:\/\/www.iemj.org\/wp-content\/uploads\/2018\/10\/08_elegie_pour_violoncelle_et_piano.mp3\">Elegie pour violoncelle et piano (Extrait)<\/a><\/div>\n<!-- \/wp:file -->\n\n<!-- wp:file {\"id\":30304,\"href\":\"https:\/\/www.iemj.org\/wp-content\/uploads\/2018\/10\/09_shema_koleinou-2.mp3\",\"showDownloadButton\":false} -->\n<div class=\"wp-block-file\"><a id=\"wp-block-file--media-5ff6b6dd-ae4a-4c4f-8dc4-644b40925d6a\" href=\"https:\/\/www.iemj.org\/wp-content\/uploads\/2018\/10\/09_shema_koleinou-2.mp3\">Shema Koleinou (Extrait)<\/a><\/div>\n<!-- \/wp:file -->\n\n<!-- wp:file {\"id\":30306,\"href\":\"https:\/\/www.iemj.org\/wp-content\/uploads\/2018\/10\/10_lakol_zman_veet-2.mp3\",\"showDownloadButton\":false} -->\n<div class=\"wp-block-file\"><a id=\"wp-block-file--media-c6157af5-3276-4473-8d0b-5ebf50656495\" href=\"https:\/\/www.iemj.org\/wp-content\/uploads\/2018\/10\/10_lakol_zman_veet-2.mp3\">Lakol Zman veEt (Extrait)<\/a><\/div>\n<!-- \/wp:file -->\n\n<!-- wp:file {\"id\":30308,\"href\":\"https:\/\/www.iemj.org\/wp-content\/uploads\/2018\/10\/11_vaykhoulou_hashamayim-2.mp3\",\"showDownloadButton\":false} -->\n<div class=\"wp-block-file\"><a id=\"wp-block-file--media-cbb34720-39e0-43d5-8213-3d5f1422349c\" href=\"https:\/\/www.iemj.org\/wp-content\/uploads\/2018\/10\/11_vaykhoulou_hashamayim-2.mp3\">Vaykhoulou haShamayim (Extrait)<\/a><\/div>\n<!-- \/wp:file -->\n\n<!-- wp:file {\"id\":30310,\"href\":\"https:\/\/www.iemj.org\/wp-content\/uploads\/2018\/10\/12_hashkiveinou-2.mp3\",\"showDownloadButton\":false} -->\n<div class=\"wp-block-file\"><a id=\"wp-block-file--media-3c76e907-8ffa-4801-a035-96c3fd790d94\" href=\"https:\/\/www.iemj.org\/wp-content\/uploads\/2018\/10\/12_hashkiveinou-2.mp3\">Hashkiveinou (Extrait)<\/a><\/div>\n<!-- \/wp:file -->\n\n<!-- wp:file {\"id\":30312,\"href\":\"https:\/\/www.iemj.org\/wp-content\/uploads\/2020\/12\/itai_daniel_sonate1_pour_piano_1er_mvt_extrait.mp3\",\"showDownloadButton\":false} -->\n<div class=\"wp-block-file\"><a id=\"wp-block-file--media-98c2fa98-b991-49e0-92d1-a1585adf577d\" href=\"https:\/\/www.iemj.org\/wp-content\/uploads\/2020\/12\/itai_daniel_sonate1_pour_piano_1er_mvt_extrait.mp3\">Sonate pour piano (Extrait)<\/a><\/div>\n<!-- \/wp:file -->\n\n<!-- wp:file {\"id\":30314,\"href\":\"https:\/\/www.iemj.org\/wp-content\/uploads\/2020\/12\/itai_daniel_shlosha_yeladim_montage_extrait_des_3_chants.mp3\",\"showDownloadButton\":false} -->\n<div class=\"wp-block-file\"><a id=\"wp-block-file--media-31712714-94cc-4cbb-8290-863351dbeefa\" href=\"https:\/\/www.iemj.org\/wp-content\/uploads\/2020\/12\/itai_daniel_shlosha_yeladim_montage_extrait_des_3_chants.mp3\">Shlosha yeladim (Extraits mvts 1-2-3)<\/a><\/div>\n<!-- \/wp:file -->\n\n<!-- wp:paragraph -->\n\n<!-- \/wp:paragraph --><!-- \/wp:buttons --><!-- \/wp:column -->","protected":false},"excerpt":{"rendered":"<p>Nach der Ver\u00f6ffentlichung seiner Dix premi\u00e8res m\u00e9lodies de Shabbat, bestehend aus 4 St\u00fccken f\u00fcr Chor und Piano, sowie 6 St\u00fccken f\u00fcr Gesang und Piano, hat der Verlag des IEMJ nun<\/p>\n","protected":false},"author":5,"featured_media":54550,"comment_status":"closed","ping_status":"closed","sticky":false,"template":"","format":"standard","meta":{"_acf_changed":false,"footnotes":""},"categories":[1396,1390],"tags":[],"technique":[],"squelettes":[],"sujet":[],"formation":[],"genre":[],"fonds":[],"tradition":[],"type-de-contenu":[],"interprete-compositeur":[3181],"frise":[],"type-devenement":[],"tableaux-liens-externes":[],"class_list":["post-54549","post","type-post","status-publish","format-standard","has-post-thumbnail","hentry","category-partituren-iemj-de","category-veroffentlichungen-de","interprete-compositeur-itai-daniel-de-3"],"acf":[],"yoast_head":"<!-- This site is optimized with the Yoast SEO plugin v27.3 - https:\/\/yoast.com\/product\/yoast-seo-wordpress\/ -->\n<title>Kol Nidrei, Hashkivenu, Vay&#039;khulu haShamayim, Shma Koleinu, Lakol Zman v&#039;Et, El\u00e9gie f\u00fcr violoncello und piano, Shlosha Yeladim, Sonate f\u00fcr piano - Institut Europ\u00e9en des Musiques Juives<\/title>\n<meta name=\"robots\" content=\"index, follow, max-snippet:-1, max-image-preview:large, max-video-preview:-1\" \/>\n<link rel=\"canonical\" href=\"https:\/\/www.iemj.org\/de\/parution-de-huit-nouvelles-partitions-ditai-daniel-aux-editions-de-liemj\/\" \/>\n<meta property=\"og:locale\" content=\"de_DE\" \/>\n<meta property=\"og:type\" content=\"article\" \/>\n<meta property=\"og:title\" content=\"Kol Nidrei, Hashkivenu, Vay&#039;khulu haShamayim, Shma Koleinu, Lakol Zman v&#039;Et, El\u00e9gie f\u00fcr violoncello und piano, Shlosha Yeladim, Sonate f\u00fcr piano - Institut Europ\u00e9en des Musiques Juives\" \/>\n<meta property=\"og:description\" content=\"Nach der Ver\u00f6ffentlichung seiner Dix premi\u00e8res m\u00e9lodies de Shabbat, bestehend aus 4 St\u00fccken f\u00fcr Chor und Piano, sowie 6 St\u00fccken f\u00fcr Gesang und Piano, hat der Verlag des IEMJ nun\" \/>\n<meta property=\"og:url\" content=\"https:\/\/www.iemj.org\/de\/parution-de-huit-nouvelles-partitions-ditai-daniel-aux-editions-de-liemj\/\" \/>\n<meta property=\"og:site_name\" content=\"Institut Europ\u00e9en des Musiques Juives\" \/>\n<meta property=\"article:publisher\" content=\"https:\/\/www.facebook.com\/MusiquesJuives\/\" \/>\n<meta property=\"article:published_time\" content=\"2020-12-14T10:51:01+00:00\" \/>\n<meta property=\"article:modified_time\" content=\"2025-08-28T13:25:25+00:00\" \/>\n<meta property=\"og:image\" content=\"https:\/\/www.iemj.org\/wp-content\/uploads\/2020\/12\/arton4940-e1626083559623.jpg\" \/>\n\t<meta property=\"og:image:width\" content=\"350\" \/>\n\t<meta property=\"og:image:height\" content=\"349\" \/>\n\t<meta property=\"og:image:type\" content=\"image\/jpeg\" \/>\n<meta name=\"author\" content=\"Jacqueline ROTEN\" \/>\n<meta name=\"twitter:card\" content=\"summary_large_image\" \/>\n<meta name=\"twitter:label1\" content=\"Verfasst von\" \/>\n\t<meta name=\"twitter:data1\" content=\"Jacqueline ROTEN\" \/>\n\t<meta name=\"twitter:label2\" content=\"Gesch\u00e4tzte Lesezeit\" \/>\n\t<meta name=\"twitter:data2\" content=\"2\u00a0Minuten\" \/>\n<script type=\"application\/ld+json\" class=\"yoast-schema-graph\">{\"@context\":\"https:\\\/\\\/schema.org\",\"@graph\":[{\"@type\":\"Article\",\"@id\":\"https:\\\/\\\/www.iemj.org\\\/de\\\/parution-de-huit-nouvelles-partitions-ditai-daniel-aux-editions-de-liemj\\\/#article\",\"isPartOf\":{\"@id\":\"https:\\\/\\\/www.iemj.org\\\/de\\\/parution-de-huit-nouvelles-partitions-ditai-daniel-aux-editions-de-liemj\\\/\"},\"author\":{\"name\":\"Jacqueline ROTEN\",\"@id\":\"https:\\\/\\\/www.iemj.org\\\/de\\\/#\\\/schema\\\/person\\\/358e26c18aca017fcc4cc15437f7279c\"},\"headline\":\"Kol Nidrei, Hashkivenu, Vay&#8217;khulu haShamayim, Shma Koleinu, Lakol Zman v&#8217;Et, El\u00e9gie f\u00fcr violoncello und piano, Shlosha Yeladim, Sonate f\u00fcr piano\",\"datePublished\":\"2020-12-14T10:51:01+00:00\",\"dateModified\":\"2025-08-28T13:25:25+00:00\",\"mainEntityOfPage\":{\"@id\":\"https:\\\/\\\/www.iemj.org\\\/de\\\/parution-de-huit-nouvelles-partitions-ditai-daniel-aux-editions-de-liemj\\\/\"},\"wordCount\":284,\"publisher\":{\"@id\":\"https:\\\/\\\/www.iemj.org\\\/de\\\/#organization\"},\"image\":{\"@id\":\"https:\\\/\\\/www.iemj.org\\\/de\\\/parution-de-huit-nouvelles-partitions-ditai-daniel-aux-editions-de-liemj\\\/#primaryimage\"},\"thumbnailUrl\":\"https:\\\/\\\/www.iemj.org\\\/wp-content\\\/uploads\\\/2020\\\/12\\\/arton4940-e1626083559623.jpg\",\"articleSection\":[\"Partituren IEMJ\",\"Ver\u00f6ffentlichungen\"],\"inLanguage\":\"de\"},{\"@type\":\"WebPage\",\"@id\":\"https:\\\/\\\/www.iemj.org\\\/de\\\/parution-de-huit-nouvelles-partitions-ditai-daniel-aux-editions-de-liemj\\\/\",\"url\":\"https:\\\/\\\/www.iemj.org\\\/de\\\/parution-de-huit-nouvelles-partitions-ditai-daniel-aux-editions-de-liemj\\\/\",\"name\":\"Kol Nidrei, Hashkivenu, Vay'khulu haShamayim, Shma Koleinu, Lakol Zman v'Et, El\u00e9gie f\u00fcr violoncello und piano, Shlosha Yeladim, Sonate f\u00fcr piano - Institut Europ\u00e9en des Musiques Juives\",\"isPartOf\":{\"@id\":\"https:\\\/\\\/www.iemj.org\\\/de\\\/#website\"},\"primaryImageOfPage\":{\"@id\":\"https:\\\/\\\/www.iemj.org\\\/de\\\/parution-de-huit-nouvelles-partitions-ditai-daniel-aux-editions-de-liemj\\\/#primaryimage\"},\"image\":{\"@id\":\"https:\\\/\\\/www.iemj.org\\\/de\\\/parution-de-huit-nouvelles-partitions-ditai-daniel-aux-editions-de-liemj\\\/#primaryimage\"},\"thumbnailUrl\":\"https:\\\/\\\/www.iemj.org\\\/wp-content\\\/uploads\\\/2020\\\/12\\\/arton4940-e1626083559623.jpg\",\"datePublished\":\"2020-12-14T10:51:01+00:00\",\"dateModified\":\"2025-08-28T13:25:25+00:00\",\"breadcrumb\":{\"@id\":\"https:\\\/\\\/www.iemj.org\\\/de\\\/parution-de-huit-nouvelles-partitions-ditai-daniel-aux-editions-de-liemj\\\/#breadcrumb\"},\"inLanguage\":\"de\",\"potentialAction\":[{\"@type\":\"ReadAction\",\"target\":[\"https:\\\/\\\/www.iemj.org\\\/de\\\/parution-de-huit-nouvelles-partitions-ditai-daniel-aux-editions-de-liemj\\\/\"]}]},{\"@type\":\"ImageObject\",\"inLanguage\":\"de\",\"@id\":\"https:\\\/\\\/www.iemj.org\\\/de\\\/parution-de-huit-nouvelles-partitions-ditai-daniel-aux-editions-de-liemj\\\/#primaryimage\",\"url\":\"https:\\\/\\\/www.iemj.org\\\/wp-content\\\/uploads\\\/2020\\\/12\\\/arton4940-e1626083559623.jpg\",\"contentUrl\":\"https:\\\/\\\/www.iemj.org\\\/wp-content\\\/uploads\\\/2020\\\/12\\\/arton4940-e1626083559623.jpg\",\"width\":350,\"height\":349},{\"@type\":\"BreadcrumbList\",\"@id\":\"https:\\\/\\\/www.iemj.org\\\/de\\\/parution-de-huit-nouvelles-partitions-ditai-daniel-aux-editions-de-liemj\\\/#breadcrumb\",\"itemListElement\":[{\"@type\":\"ListItem\",\"position\":1,\"name\":\"Accueil\",\"item\":\"https:\\\/\\\/www.iemj.org\\\/de\\\/\"},{\"@type\":\"ListItem\",\"position\":2,\"name\":\"Kol Nidrei, Hashkivenu, Vay&#8217;khulu haShamayim, Shma Koleinu, Lakol Zman v&#8217;Et, El\u00e9gie f\u00fcr violoncello und piano, Shlosha Yeladim, Sonate f\u00fcr piano\"}]},{\"@type\":\"WebSite\",\"@id\":\"https:\\\/\\\/www.iemj.org\\\/de\\\/#website\",\"url\":\"https:\\\/\\\/www.iemj.org\\\/de\\\/\",\"name\":\"Institut Europ\u00e9en des Musiques Juives\",\"description\":\"Des traditions musicales \u00e0 la port\u00e9e de tous\",\"publisher\":{\"@id\":\"https:\\\/\\\/www.iemj.org\\\/de\\\/#organization\"},\"potentialAction\":[{\"@type\":\"SearchAction\",\"target\":{\"@type\":\"EntryPoint\",\"urlTemplate\":\"https:\\\/\\\/www.iemj.org\\\/de\\\/?s={search_term_string}\"},\"query-input\":{\"@type\":\"PropertyValueSpecification\",\"valueRequired\":true,\"valueName\":\"search_term_string\"}}],\"inLanguage\":\"de\"},{\"@type\":\"Organization\",\"@id\":\"https:\\\/\\\/www.iemj.org\\\/de\\\/#organization\",\"name\":\"Institut Europ\u00e9en des Musiques Juives\",\"url\":\"https:\\\/\\\/www.iemj.org\\\/de\\\/\",\"logo\":{\"@type\":\"ImageObject\",\"inLanguage\":\"de\",\"@id\":\"https:\\\/\\\/www.iemj.org\\\/de\\\/#\\\/schema\\\/logo\\\/image\\\/\",\"url\":\"https:\\\/\\\/www.iemj.org\\\/wp-content\\\/uploads\\\/2021\\\/09\\\/Logo-IEMJ-Paypal.jpg\",\"contentUrl\":\"https:\\\/\\\/www.iemj.org\\\/wp-content\\\/uploads\\\/2021\\\/09\\\/Logo-IEMJ-Paypal.jpg\",\"width\":150,\"height\":50,\"caption\":\"Institut Europ\u00e9en des Musiques Juives\"},\"image\":{\"@id\":\"https:\\\/\\\/www.iemj.org\\\/de\\\/#\\\/schema\\\/logo\\\/image\\\/\"},\"sameAs\":[\"https:\\\/\\\/www.facebook.com\\\/MusiquesJuives\\\/\",\"https:\\\/\\\/www.instagram.com\\\/musiquesjuives\\\/\",\"https:\\\/\\\/www.youtube.com\\\/user\\\/musiquesjuives\"]},{\"@type\":\"Person\",\"@id\":\"https:\\\/\\\/www.iemj.org\\\/de\\\/#\\\/schema\\\/person\\\/358e26c18aca017fcc4cc15437f7279c\",\"name\":\"Jacqueline ROTEN\",\"image\":{\"@type\":\"ImageObject\",\"inLanguage\":\"de\",\"@id\":\"https:\\\/\\\/secure.gravatar.com\\\/avatar\\\/5964256d6c6957de3a3505278957e0fb2a35119ac47ea41827a65301213c810b?s=96&d=mm&r=g\",\"url\":\"https:\\\/\\\/secure.gravatar.com\\\/avatar\\\/5964256d6c6957de3a3505278957e0fb2a35119ac47ea41827a65301213c810b?s=96&d=mm&r=g\",\"contentUrl\":\"https:\\\/\\\/secure.gravatar.com\\\/avatar\\\/5964256d6c6957de3a3505278957e0fb2a35119ac47ea41827a65301213c810b?s=96&d=mm&r=g\",\"caption\":\"Jacqueline ROTEN\"}}]}<\/script>\n<!-- \/ Yoast SEO plugin. -->","yoast_head_json":{"title":"Kol Nidrei, Hashkivenu, Vay'khulu haShamayim, Shma Koleinu, Lakol Zman v'Et, El\u00e9gie f\u00fcr violoncello und piano, Shlosha Yeladim, Sonate f\u00fcr piano - Institut Europ\u00e9en des Musiques Juives","robots":{"index":"index","follow":"follow","max-snippet":"max-snippet:-1","max-image-preview":"max-image-preview:large","max-video-preview":"max-video-preview:-1"},"canonical":"https:\/\/www.iemj.org\/de\/parution-de-huit-nouvelles-partitions-ditai-daniel-aux-editions-de-liemj\/","og_locale":"de_DE","og_type":"article","og_title":"Kol Nidrei, Hashkivenu, Vay'khulu haShamayim, Shma Koleinu, Lakol Zman v'Et, El\u00e9gie f\u00fcr violoncello und piano, Shlosha Yeladim, Sonate f\u00fcr piano - Institut Europ\u00e9en des Musiques Juives","og_description":"Nach der Ver\u00f6ffentlichung seiner Dix premi\u00e8res m\u00e9lodies de Shabbat, bestehend aus 4 St\u00fccken f\u00fcr Chor und Piano, sowie 6 St\u00fccken f\u00fcr Gesang und Piano, hat der Verlag des IEMJ nun","og_url":"https:\/\/www.iemj.org\/de\/parution-de-huit-nouvelles-partitions-ditai-daniel-aux-editions-de-liemj\/","og_site_name":"Institut Europ\u00e9en des Musiques Juives","article_publisher":"https:\/\/www.facebook.com\/MusiquesJuives\/","article_published_time":"2020-12-14T10:51:01+00:00","article_modified_time":"2025-08-28T13:25:25+00:00","og_image":[{"width":350,"height":349,"url":"https:\/\/www.iemj.org\/wp-content\/uploads\/2020\/12\/arton4940-e1626083559623.jpg","type":"image\/jpeg"}],"author":"Jacqueline ROTEN","twitter_card":"summary_large_image","twitter_misc":{"Verfasst von":"Jacqueline ROTEN","Gesch\u00e4tzte Lesezeit":"2\u00a0Minuten"},"schema":{"@context":"https:\/\/schema.org","@graph":[{"@type":"Article","@id":"https:\/\/www.iemj.org\/de\/parution-de-huit-nouvelles-partitions-ditai-daniel-aux-editions-de-liemj\/#article","isPartOf":{"@id":"https:\/\/www.iemj.org\/de\/parution-de-huit-nouvelles-partitions-ditai-daniel-aux-editions-de-liemj\/"},"author":{"name":"Jacqueline ROTEN","@id":"https:\/\/www.iemj.org\/de\/#\/schema\/person\/358e26c18aca017fcc4cc15437f7279c"},"headline":"Kol Nidrei, Hashkivenu, Vay&#8217;khulu haShamayim, Shma Koleinu, Lakol Zman v&#8217;Et, El\u00e9gie f\u00fcr violoncello und piano, Shlosha Yeladim, Sonate f\u00fcr piano","datePublished":"2020-12-14T10:51:01+00:00","dateModified":"2025-08-28T13:25:25+00:00","mainEntityOfPage":{"@id":"https:\/\/www.iemj.org\/de\/parution-de-huit-nouvelles-partitions-ditai-daniel-aux-editions-de-liemj\/"},"wordCount":284,"publisher":{"@id":"https:\/\/www.iemj.org\/de\/#organization"},"image":{"@id":"https:\/\/www.iemj.org\/de\/parution-de-huit-nouvelles-partitions-ditai-daniel-aux-editions-de-liemj\/#primaryimage"},"thumbnailUrl":"https:\/\/www.iemj.org\/wp-content\/uploads\/2020\/12\/arton4940-e1626083559623.jpg","articleSection":["Partituren IEMJ","Ver\u00f6ffentlichungen"],"inLanguage":"de"},{"@type":"WebPage","@id":"https:\/\/www.iemj.org\/de\/parution-de-huit-nouvelles-partitions-ditai-daniel-aux-editions-de-liemj\/","url":"https:\/\/www.iemj.org\/de\/parution-de-huit-nouvelles-partitions-ditai-daniel-aux-editions-de-liemj\/","name":"Kol Nidrei, Hashkivenu, Vay'khulu haShamayim, Shma Koleinu, Lakol Zman v'Et, El\u00e9gie f\u00fcr violoncello und piano, Shlosha Yeladim, Sonate f\u00fcr piano - Institut Europ\u00e9en des Musiques Juives","isPartOf":{"@id":"https:\/\/www.iemj.org\/de\/#website"},"primaryImageOfPage":{"@id":"https:\/\/www.iemj.org\/de\/parution-de-huit-nouvelles-partitions-ditai-daniel-aux-editions-de-liemj\/#primaryimage"},"image":{"@id":"https:\/\/www.iemj.org\/de\/parution-de-huit-nouvelles-partitions-ditai-daniel-aux-editions-de-liemj\/#primaryimage"},"thumbnailUrl":"https:\/\/www.iemj.org\/wp-content\/uploads\/2020\/12\/arton4940-e1626083559623.jpg","datePublished":"2020-12-14T10:51:01+00:00","dateModified":"2025-08-28T13:25:25+00:00","breadcrumb":{"@id":"https:\/\/www.iemj.org\/de\/parution-de-huit-nouvelles-partitions-ditai-daniel-aux-editions-de-liemj\/#breadcrumb"},"inLanguage":"de","potentialAction":[{"@type":"ReadAction","target":["https:\/\/www.iemj.org\/de\/parution-de-huit-nouvelles-partitions-ditai-daniel-aux-editions-de-liemj\/"]}]},{"@type":"ImageObject","inLanguage":"de","@id":"https:\/\/www.iemj.org\/de\/parution-de-huit-nouvelles-partitions-ditai-daniel-aux-editions-de-liemj\/#primaryimage","url":"https:\/\/www.iemj.org\/wp-content\/uploads\/2020\/12\/arton4940-e1626083559623.jpg","contentUrl":"https:\/\/www.iemj.org\/wp-content\/uploads\/2020\/12\/arton4940-e1626083559623.jpg","width":350,"height":349},{"@type":"BreadcrumbList","@id":"https:\/\/www.iemj.org\/de\/parution-de-huit-nouvelles-partitions-ditai-daniel-aux-editions-de-liemj\/#breadcrumb","itemListElement":[{"@type":"ListItem","position":1,"name":"Accueil","item":"https:\/\/www.iemj.org\/de\/"},{"@type":"ListItem","position":2,"name":"Kol Nidrei, Hashkivenu, Vay&#8217;khulu haShamayim, Shma Koleinu, Lakol Zman v&#8217;Et, El\u00e9gie f\u00fcr violoncello und piano, Shlosha Yeladim, Sonate f\u00fcr piano"}]},{"@type":"WebSite","@id":"https:\/\/www.iemj.org\/de\/#website","url":"https:\/\/www.iemj.org\/de\/","name":"Institut Europ\u00e9en des Musiques Juives","description":"Des traditions musicales \u00e0 la port\u00e9e de tous","publisher":{"@id":"https:\/\/www.iemj.org\/de\/#organization"},"potentialAction":[{"@type":"SearchAction","target":{"@type":"EntryPoint","urlTemplate":"https:\/\/www.iemj.org\/de\/?s={search_term_string}"},"query-input":{"@type":"PropertyValueSpecification","valueRequired":true,"valueName":"search_term_string"}}],"inLanguage":"de"},{"@type":"Organization","@id":"https:\/\/www.iemj.org\/de\/#organization","name":"Institut Europ\u00e9en des Musiques Juives","url":"https:\/\/www.iemj.org\/de\/","logo":{"@type":"ImageObject","inLanguage":"de","@id":"https:\/\/www.iemj.org\/de\/#\/schema\/logo\/image\/","url":"https:\/\/www.iemj.org\/wp-content\/uploads\/2021\/09\/Logo-IEMJ-Paypal.jpg","contentUrl":"https:\/\/www.iemj.org\/wp-content\/uploads\/2021\/09\/Logo-IEMJ-Paypal.jpg","width":150,"height":50,"caption":"Institut Europ\u00e9en des Musiques Juives"},"image":{"@id":"https:\/\/www.iemj.org\/de\/#\/schema\/logo\/image\/"},"sameAs":["https:\/\/www.facebook.com\/MusiquesJuives\/","https:\/\/www.instagram.com\/musiquesjuives\/","https:\/\/www.youtube.com\/user\/musiquesjuives"]},{"@type":"Person","@id":"https:\/\/www.iemj.org\/de\/#\/schema\/person\/358e26c18aca017fcc4cc15437f7279c","name":"Jacqueline ROTEN","image":{"@type":"ImageObject","inLanguage":"de","@id":"https:\/\/secure.gravatar.com\/avatar\/5964256d6c6957de3a3505278957e0fb2a35119ac47ea41827a65301213c810b?s=96&d=mm&r=g","url":"https:\/\/secure.gravatar.com\/avatar\/5964256d6c6957de3a3505278957e0fb2a35119ac47ea41827a65301213c810b?s=96&d=mm&r=g","contentUrl":"https:\/\/secure.gravatar.com\/avatar\/5964256d6c6957de3a3505278957e0fb2a35119ac47ea41827a65301213c810b?s=96&d=mm&r=g","caption":"Jacqueline ROTEN"}}]}},"_links":{"self":[{"href":"https:\/\/www.iemj.org\/de\/wp-json\/wp\/v2\/posts\/54549","targetHints":{"allow":["GET"]}}],"collection":[{"href":"https:\/\/www.iemj.org\/de\/wp-json\/wp\/v2\/posts"}],"about":[{"href":"https:\/\/www.iemj.org\/de\/wp-json\/wp\/v2\/types\/post"}],"author":[{"embeddable":true,"href":"https:\/\/www.iemj.org\/de\/wp-json\/wp\/v2\/users\/5"}],"replies":[{"embeddable":true,"href":"https:\/\/www.iemj.org\/de\/wp-json\/wp\/v2\/comments?post=54549"}],"version-history":[{"count":0,"href":"https:\/\/www.iemj.org\/de\/wp-json\/wp\/v2\/posts\/54549\/revisions"}],"wp:featuredmedia":[{"embeddable":true,"href":"https:\/\/www.iemj.org\/de\/wp-json\/wp\/v2\/media\/54550"}],"wp:attachment":[{"href":"https:\/\/www.iemj.org\/de\/wp-json\/wp\/v2\/media?parent=54549"}],"wp:term":[{"taxonomy":"category","embeddable":true,"href":"https:\/\/www.iemj.org\/de\/wp-json\/wp\/v2\/categories?post=54549"},{"taxonomy":"post_tag","embeddable":true,"href":"https:\/\/www.iemj.org\/de\/wp-json\/wp\/v2\/tags?post=54549"},{"taxonomy":"technique","embeddable":true,"href":"https:\/\/www.iemj.org\/de\/wp-json\/wp\/v2\/technique?post=54549"},{"taxonomy":"squelettes","embeddable":true,"href":"https:\/\/www.iemj.org\/de\/wp-json\/wp\/v2\/squelettes?post=54549"},{"taxonomy":"sujet","embeddable":true,"href":"https:\/\/www.iemj.org\/de\/wp-json\/wp\/v2\/sujet?post=54549"},{"taxonomy":"formation","embeddable":true,"href":"https:\/\/www.iemj.org\/de\/wp-json\/wp\/v2\/formation?post=54549"},{"taxonomy":"genre","embeddable":true,"href":"https:\/\/www.iemj.org\/de\/wp-json\/wp\/v2\/genre?post=54549"},{"taxonomy":"fonds","embeddable":true,"href":"https:\/\/www.iemj.org\/de\/wp-json\/wp\/v2\/fonds?post=54549"},{"taxonomy":"tradition","embeddable":true,"href":"https:\/\/www.iemj.org\/de\/wp-json\/wp\/v2\/tradition?post=54549"},{"taxonomy":"type-de-contenu","embeddable":true,"href":"https:\/\/www.iemj.org\/de\/wp-json\/wp\/v2\/type-de-contenu?post=54549"},{"taxonomy":"interprete-compositeur","embeddable":true,"href":"https:\/\/www.iemj.org\/de\/wp-json\/wp\/v2\/interprete-compositeur?post=54549"},{"taxonomy":"frise","embeddable":true,"href":"https:\/\/www.iemj.org\/de\/wp-json\/wp\/v2\/frise?post=54549"},{"taxonomy":"type-devenement","embeddable":true,"href":"https:\/\/www.iemj.org\/de\/wp-json\/wp\/v2\/type-devenement?post=54549"},{"taxonomy":"tableaux-liens-externes","embeddable":true,"href":"https:\/\/www.iemj.org\/de\/wp-json\/wp\/v2\/tableaux-liens-externes?post=54549"}],"curies":[{"name":"wp","href":"https:\/\/api.w.org\/{rel}","templated":true}]}}