{"id":54738,"date":"2018-05-14T15:47:43","date_gmt":"2018-05-14T13:47:43","guid":{"rendered":"https:\/\/www.iemj.org\/parution-dune-nouvelle-partition-de-fernand-halphen-aux-editions-de-liemj\/"},"modified":"2025-08-27T13:08:44","modified_gmt":"2025-08-27T11:08:44","slug":"parution-dune-nouvelle-partition-de-fernand-halphen-aux-editions-de-liemj","status":"publish","type":"post","link":"https:\/\/www.iemj.org\/de\/parution-dune-nouvelle-partition-de-fernand-halphen-aux-editions-de-liemj\/","title":{"rendered":"Romance in E-Dur f\u00fcr Violoncello und Piano"},"content":{"rendered":"<h3>\u00a0<\/h3>\n<h3>H\u00f6rproben unten auf der Seite<\/h3>\n<p><!--more--><\/p>\n<p>Die vom Verlag des IEMJ herausgegebene Partitur <em>Romance<\/em>, wurde im Jahr 1898 von <strong><a href=\"https:\/\/www.iemj.org\/de\/halphen-fernand-1872-1917\/\" target=\"_blank\" rel=\"noopener\">Fernand Halphen<\/a><\/strong> komponiert und von <strong>Jean-Marie Cottet<\/strong> und <strong>Jean-Louis Petit<\/strong> \u00fcberarbeitet.<\/p>\n<p>Es ist au\u00dferdem zu bemerken, dass die Partitur Romance, auf dem Programm des Wettbewerbs f\u00fcr Klavierbegleitung \u201e<em>Concours International d\u2019Accompagnement au Piano<\/em>\u201c von <em>Paris-Ville d\u2019Avray <\/em>stand. Dieser fand am 11. Und 12. M\u00e4rz 2017 statt und wurde von der Association des Concerts de Ville d\u2019Avray, unter k\u00fcnstlerischer Leitung von Jean-Louis Petit veranstaltet.<\/p>\n<p><a href=\"https:\/\/www.iemj.org\/de\/produit\/halphen-romance-for-cello-and-piano-in-e-major-printed-score\/\" target=\"_blank\" rel=\"noopener\">Bestellen Sie die Partitur <strong><em>Romance<\/em><\/strong> im Onlineshop des IEMJ<\/a><\/p>\n<p><a href=\"https:\/\/www.iemj.org\/de\/categorie-produit\/partituren-de\/komponisten-de\/halphen-fernand-de\/\" target=\"_blank\" rel=\"noopener\">Bestellen Sie die Partituren von Fernand Halphen<\/a><\/p>\n<p><a href=\"https:\/\/www.iemj.org\/de\/product\/fernand-halphen-melodies-pour-piano-et-musique-de-chambre\/\" target=\"_blank\" rel=\"noopener\">Bestellen Sie die Doppel-CD <strong><em>Fernand Halphen &#8211; M\u00e9lodies, pi\u00e8ces pour piano et musique de chambre (Melodien, <\/em><\/strong><\/a><strong><em><a href=\"https:\/\/www.iemj.org\/de\/product\/fernand-halphen-melodies-pour-piano-et-musique-de-chambre\/\" target=\"_blank\" rel=\"noopener\">Klavierst\u00fccke und Kammermusik)<\/a><\/em><\/strong><\/p>\n<p><a href=\"https:\/\/www.iemj.org\/de\/produit\/musique-francaise-avant-et-apres-la-grande-guerre\/\" target=\"_blank\" rel=\"noopener\">Bestellen Sie die CD <strong><em>Musique fran\u00e7aise avant et apr\u00e8s la Grande Guerre (<\/em><\/strong><\/a><strong><em><a href=\"https:\/\/www.iemj.org\/de\/produit\/musique-francaise-avant-et-apres-la-grande-guerre\/\" target=\"_blank\" rel=\"noopener\">Franz\u00f6sische Musik vor und nach dem Ersten Weltkrieg)<\/a><\/em><\/strong><\/p>\n<p><a href=\"https:\/\/www.iemj.org\/de\/product\/du-salon-au-front-fernand-halphen-1872-1917\/\" target=\"_blank\" rel=\"noopener\">Bestellen Sie das Buch <strong><em>Fernand Halphen &#8211; du Salon au Front<\/em><\/strong><\/a><\/p>\n<p><a href=\"https:\/\/www.iemj.org\/en\/fernand-halphen-a-jewish-composer-in-the-great-war\/\" target=\"_blank\" rel=\"noopener\">H\u00f6ren Sie sich die Radiosendung an: <strong>Fernand Halphen \u2013 ein j\u00fcdischer Komponist im Ersten Weltkrieg<\/strong><\/a><\/p>\n\n\n<div class=\"wp-block-columns is-layout-flex wp-container-core-columns-is-layout-9d6595d7 wp-block-columns-is-layout-flex\">\n<div class=\"wp-block-column is-layout-flow wp-block-column-is-layout-flow\">\n<figure class=\"wp-block-embed is-type-video is-provider-youtube wp-block-embed-youtube wp-embed-aspect-4-3 wp-has-aspect-ratio\"><div class=\"wp-block-embed__wrapper\">\n<iframe title=\"Fernand Halphen - Un compositeur dans la grande guerre\" width=\"640\" height=\"480\" src=\"https:\/\/www.youtube.com\/embed\/Harfbc-6fsI?feature=oembed\" frameborder=\"0\" allow=\"accelerometer; autoplay; clipboard-write; encrypted-media; gyroscope; picture-in-picture; web-share\" referrerpolicy=\"strict-origin-when-cross-origin\" allowfullscreen><\/iframe>\n<\/div><figcaption class=\"wp-element-caption\">Sehen Sie das Konzert vom 6. April 2014 im Museum f\u00fcr j\u00fcdische Kunst und Geschichte (Paris) mit musikalischen Werken von Fernand Halphen<\/figcaption><\/figure>\n\n\n\n<p><\/p>\n<\/div>\n<\/div>\n\n\n\n<h2 class=\"wp-block-heading\"><\/h2>\n\n\n<div class=\"wp-block-image\">\n<figure class=\"aligncenter size-large\"><img fetchpriority=\"high\" decoding=\"async\" width=\"1024\" height=\"133\" src=\"https:\/\/www.iemj.org\/wp-content\/uploads\/2024\/03\/AUDIO-PLAYER-1024x133.png\" alt=\"\" class=\"wp-image-110606\" srcset=\"https:\/\/www.iemj.org\/wp-content\/uploads\/2024\/03\/AUDIO-PLAYER-1024x133.png 1024w, https:\/\/www.iemj.org\/wp-content\/uploads\/2024\/03\/AUDIO-PLAYER-300x39.png 300w, https:\/\/www.iemj.org\/wp-content\/uploads\/2024\/03\/AUDIO-PLAYER-768x100.png 768w, https:\/\/www.iemj.org\/wp-content\/uploads\/2024\/03\/AUDIO-PLAYER-600x78.png 600w, https:\/\/www.iemj.org\/wp-content\/uploads\/2024\/03\/AUDIO-PLAYER.png 1210w\" sizes=\"(max-width: 1024px) 100vw, 1024px\" \/><\/figure>\n<\/div>\n\n\n<div class=\"wp-block-file\"><a href=\"https:\/\/www.iemj.org\/wp-content\/uploads\/2018\/05\/romance_decoupe_pour_site.mp3\">Romance pour violoncelle et piano de Fernand Halphen<\/a><\/div>\n\n\n\n<p><\/p>\n","protected":false},"excerpt":{"rendered":"<p>\u00a0 H\u00f6rproben unten auf der Seite<\/p>\n","protected":false},"author":5,"featured_media":54739,"comment_status":"closed","ping_status":"open","sticky":false,"template":"","format":"standard","meta":{"_acf_changed":false,"footnotes":""},"categories":[1396,1390],"tags":[],"technique":[],"squelettes":[],"sujet":[],"formation":[],"genre":[1900],"fonds":[],"tradition":[],"type-de-contenu":[],"interprete-compositeur":[3165],"frise":[],"type-devenement":[],"tableaux-liens-externes":[],"class_list":["post-54738","post","type-post","status-publish","format-standard","has-post-thumbnail","hentry","category-partituren-iemj-de","category-veroffentlichungen-de","genre-klassische-musik-de","interprete-compositeur-fernand-halphen-de"],"acf":[],"yoast_head":"<!-- This site is optimized with the Yoast SEO plugin v27.3 - https:\/\/yoast.com\/product\/yoast-seo-wordpress\/ -->\n<title>Romance in E-Dur f\u00fcr Violoncello und Piano - Institut Europ\u00e9en des Musiques Juives<\/title>\n<meta name=\"robots\" content=\"index, follow, max-snippet:-1, max-image-preview:large, max-video-preview:-1\" \/>\n<link rel=\"canonical\" href=\"https:\/\/www.iemj.org\/de\/parution-dune-nouvelle-partition-de-fernand-halphen-aux-editions-de-liemj\/\" \/>\n<meta property=\"og:locale\" content=\"de_DE\" \/>\n<meta property=\"og:type\" content=\"article\" \/>\n<meta property=\"og:title\" content=\"Romance in E-Dur f\u00fcr Violoncello und Piano - Institut Europ\u00e9en des Musiques Juives\" \/>\n<meta property=\"og:description\" content=\"\u00a0 H\u00f6rproben unten auf der Seite\" \/>\n<meta property=\"og:url\" content=\"https:\/\/www.iemj.org\/de\/parution-dune-nouvelle-partition-de-fernand-halphen-aux-editions-de-liemj\/\" \/>\n<meta property=\"og:site_name\" content=\"Institut Europ\u00e9en des Musiques Juives\" \/>\n<meta property=\"article:publisher\" content=\"https:\/\/www.facebook.com\/MusiquesJuives\/\" \/>\n<meta property=\"article:published_time\" content=\"2018-05-14T13:47:43+00:00\" \/>\n<meta property=\"article:modified_time\" content=\"2025-08-27T11:08:44+00:00\" \/>\n<meta property=\"og:image\" content=\"https:\/\/www.iemj.org\/wp-content\/uploads\/2018\/05\/arton3411.jpg\" \/>\n\t<meta property=\"og:image:width\" content=\"317\" \/>\n\t<meta property=\"og:image:height\" content=\"448\" \/>\n\t<meta property=\"og:image:type\" content=\"image\/jpeg\" \/>\n<meta name=\"author\" content=\"Jacqueline ROTEN\" \/>\n<meta name=\"twitter:card\" content=\"summary_large_image\" \/>\n<meta name=\"twitter:label1\" content=\"Verfasst von\" \/>\n\t<meta name=\"twitter:data1\" content=\"Jacqueline ROTEN\" \/>\n\t<meta name=\"twitter:label2\" content=\"Gesch\u00e4tzte Lesezeit\" \/>\n\t<meta name=\"twitter:data2\" content=\"2\u00a0Minuten\" \/>\n<script type=\"application\/ld+json\" class=\"yoast-schema-graph\">{\"@context\":\"https:\\\/\\\/schema.org\",\"@graph\":[{\"@type\":\"Article\",\"@id\":\"https:\\\/\\\/www.iemj.org\\\/de\\\/parution-dune-nouvelle-partition-de-fernand-halphen-aux-editions-de-liemj\\\/#article\",\"isPartOf\":{\"@id\":\"https:\\\/\\\/www.iemj.org\\\/de\\\/parution-dune-nouvelle-partition-de-fernand-halphen-aux-editions-de-liemj\\\/\"},\"author\":{\"name\":\"Jacqueline ROTEN\",\"@id\":\"https:\\\/\\\/www.iemj.org\\\/de\\\/#\\\/schema\\\/person\\\/358e26c18aca017fcc4cc15437f7279c\"},\"headline\":\"Romance in E-Dur f\u00fcr Violoncello und Piano\",\"datePublished\":\"2018-05-14T13:47:43+00:00\",\"dateModified\":\"2025-08-27T11:08:44+00:00\",\"mainEntityOfPage\":{\"@id\":\"https:\\\/\\\/www.iemj.org\\\/de\\\/parution-dune-nouvelle-partition-de-fernand-halphen-aux-editions-de-liemj\\\/\"},\"wordCount\":215,\"publisher\":{\"@id\":\"https:\\\/\\\/www.iemj.org\\\/de\\\/#organization\"},\"image\":{\"@id\":\"https:\\\/\\\/www.iemj.org\\\/de\\\/parution-dune-nouvelle-partition-de-fernand-halphen-aux-editions-de-liemj\\\/#primaryimage\"},\"thumbnailUrl\":\"https:\\\/\\\/www.iemj.org\\\/wp-content\\\/uploads\\\/2018\\\/05\\\/arton3411.jpg\",\"articleSection\":[\"Partituren IEMJ\",\"Ver\u00f6ffentlichungen\"],\"inLanguage\":\"de\"},{\"@type\":\"WebPage\",\"@id\":\"https:\\\/\\\/www.iemj.org\\\/de\\\/parution-dune-nouvelle-partition-de-fernand-halphen-aux-editions-de-liemj\\\/\",\"url\":\"https:\\\/\\\/www.iemj.org\\\/de\\\/parution-dune-nouvelle-partition-de-fernand-halphen-aux-editions-de-liemj\\\/\",\"name\":\"Romance in E-Dur f\u00fcr Violoncello und Piano - Institut Europ\u00e9en des Musiques Juives\",\"isPartOf\":{\"@id\":\"https:\\\/\\\/www.iemj.org\\\/de\\\/#website\"},\"primaryImageOfPage\":{\"@id\":\"https:\\\/\\\/www.iemj.org\\\/de\\\/parution-dune-nouvelle-partition-de-fernand-halphen-aux-editions-de-liemj\\\/#primaryimage\"},\"image\":{\"@id\":\"https:\\\/\\\/www.iemj.org\\\/de\\\/parution-dune-nouvelle-partition-de-fernand-halphen-aux-editions-de-liemj\\\/#primaryimage\"},\"thumbnailUrl\":\"https:\\\/\\\/www.iemj.org\\\/wp-content\\\/uploads\\\/2018\\\/05\\\/arton3411.jpg\",\"datePublished\":\"2018-05-14T13:47:43+00:00\",\"dateModified\":\"2025-08-27T11:08:44+00:00\",\"breadcrumb\":{\"@id\":\"https:\\\/\\\/www.iemj.org\\\/de\\\/parution-dune-nouvelle-partition-de-fernand-halphen-aux-editions-de-liemj\\\/#breadcrumb\"},\"inLanguage\":\"de\",\"potentialAction\":[{\"@type\":\"ReadAction\",\"target\":[\"https:\\\/\\\/www.iemj.org\\\/de\\\/parution-dune-nouvelle-partition-de-fernand-halphen-aux-editions-de-liemj\\\/\"]}]},{\"@type\":\"ImageObject\",\"inLanguage\":\"de\",\"@id\":\"https:\\\/\\\/www.iemj.org\\\/de\\\/parution-dune-nouvelle-partition-de-fernand-halphen-aux-editions-de-liemj\\\/#primaryimage\",\"url\":\"https:\\\/\\\/www.iemj.org\\\/wp-content\\\/uploads\\\/2018\\\/05\\\/arton3411.jpg\",\"contentUrl\":\"https:\\\/\\\/www.iemj.org\\\/wp-content\\\/uploads\\\/2018\\\/05\\\/arton3411.jpg\",\"width\":317,\"height\":448},{\"@type\":\"BreadcrumbList\",\"@id\":\"https:\\\/\\\/www.iemj.org\\\/de\\\/parution-dune-nouvelle-partition-de-fernand-halphen-aux-editions-de-liemj\\\/#breadcrumb\",\"itemListElement\":[{\"@type\":\"ListItem\",\"position\":1,\"name\":\"Accueil\",\"item\":\"https:\\\/\\\/www.iemj.org\\\/de\\\/\"},{\"@type\":\"ListItem\",\"position\":2,\"name\":\"Romance in E-Dur f\u00fcr Violoncello und Piano\"}]},{\"@type\":\"WebSite\",\"@id\":\"https:\\\/\\\/www.iemj.org\\\/de\\\/#website\",\"url\":\"https:\\\/\\\/www.iemj.org\\\/de\\\/\",\"name\":\"Institut Europ\u00e9en des Musiques Juives\",\"description\":\"Des traditions musicales \u00e0 la port\u00e9e de tous\",\"publisher\":{\"@id\":\"https:\\\/\\\/www.iemj.org\\\/de\\\/#organization\"},\"potentialAction\":[{\"@type\":\"SearchAction\",\"target\":{\"@type\":\"EntryPoint\",\"urlTemplate\":\"https:\\\/\\\/www.iemj.org\\\/de\\\/?s={search_term_string}\"},\"query-input\":{\"@type\":\"PropertyValueSpecification\",\"valueRequired\":true,\"valueName\":\"search_term_string\"}}],\"inLanguage\":\"de\"},{\"@type\":\"Organization\",\"@id\":\"https:\\\/\\\/www.iemj.org\\\/de\\\/#organization\",\"name\":\"Institut Europ\u00e9en des Musiques Juives\",\"url\":\"https:\\\/\\\/www.iemj.org\\\/de\\\/\",\"logo\":{\"@type\":\"ImageObject\",\"inLanguage\":\"de\",\"@id\":\"https:\\\/\\\/www.iemj.org\\\/de\\\/#\\\/schema\\\/logo\\\/image\\\/\",\"url\":\"https:\\\/\\\/www.iemj.org\\\/wp-content\\\/uploads\\\/2021\\\/09\\\/Logo-IEMJ-Paypal.jpg\",\"contentUrl\":\"https:\\\/\\\/www.iemj.org\\\/wp-content\\\/uploads\\\/2021\\\/09\\\/Logo-IEMJ-Paypal.jpg\",\"width\":150,\"height\":50,\"caption\":\"Institut Europ\u00e9en des Musiques Juives\"},\"image\":{\"@id\":\"https:\\\/\\\/www.iemj.org\\\/de\\\/#\\\/schema\\\/logo\\\/image\\\/\"},\"sameAs\":[\"https:\\\/\\\/www.facebook.com\\\/MusiquesJuives\\\/\",\"https:\\\/\\\/www.instagram.com\\\/musiquesjuives\\\/\",\"https:\\\/\\\/www.youtube.com\\\/user\\\/musiquesjuives\"]},{\"@type\":\"Person\",\"@id\":\"https:\\\/\\\/www.iemj.org\\\/de\\\/#\\\/schema\\\/person\\\/358e26c18aca017fcc4cc15437f7279c\",\"name\":\"Jacqueline ROTEN\",\"image\":{\"@type\":\"ImageObject\",\"inLanguage\":\"de\",\"@id\":\"https:\\\/\\\/secure.gravatar.com\\\/avatar\\\/5964256d6c6957de3a3505278957e0fb2a35119ac47ea41827a65301213c810b?s=96&d=mm&r=g\",\"url\":\"https:\\\/\\\/secure.gravatar.com\\\/avatar\\\/5964256d6c6957de3a3505278957e0fb2a35119ac47ea41827a65301213c810b?s=96&d=mm&r=g\",\"contentUrl\":\"https:\\\/\\\/secure.gravatar.com\\\/avatar\\\/5964256d6c6957de3a3505278957e0fb2a35119ac47ea41827a65301213c810b?s=96&d=mm&r=g\",\"caption\":\"Jacqueline ROTEN\"}}]}<\/script>\n<!-- \/ Yoast SEO plugin. -->","yoast_head_json":{"title":"Romance in E-Dur f\u00fcr Violoncello und Piano - Institut Europ\u00e9en des Musiques Juives","robots":{"index":"index","follow":"follow","max-snippet":"max-snippet:-1","max-image-preview":"max-image-preview:large","max-video-preview":"max-video-preview:-1"},"canonical":"https:\/\/www.iemj.org\/de\/parution-dune-nouvelle-partition-de-fernand-halphen-aux-editions-de-liemj\/","og_locale":"de_DE","og_type":"article","og_title":"Romance in E-Dur f\u00fcr Violoncello und Piano - Institut Europ\u00e9en des Musiques Juives","og_description":"\u00a0 H\u00f6rproben unten auf der Seite","og_url":"https:\/\/www.iemj.org\/de\/parution-dune-nouvelle-partition-de-fernand-halphen-aux-editions-de-liemj\/","og_site_name":"Institut Europ\u00e9en des Musiques Juives","article_publisher":"https:\/\/www.facebook.com\/MusiquesJuives\/","article_published_time":"2018-05-14T13:47:43+00:00","article_modified_time":"2025-08-27T11:08:44+00:00","og_image":[{"width":317,"height":448,"url":"https:\/\/www.iemj.org\/wp-content\/uploads\/2018\/05\/arton3411.jpg","type":"image\/jpeg"}],"author":"Jacqueline ROTEN","twitter_card":"summary_large_image","twitter_misc":{"Verfasst von":"Jacqueline ROTEN","Gesch\u00e4tzte Lesezeit":"2\u00a0Minuten"},"schema":{"@context":"https:\/\/schema.org","@graph":[{"@type":"Article","@id":"https:\/\/www.iemj.org\/de\/parution-dune-nouvelle-partition-de-fernand-halphen-aux-editions-de-liemj\/#article","isPartOf":{"@id":"https:\/\/www.iemj.org\/de\/parution-dune-nouvelle-partition-de-fernand-halphen-aux-editions-de-liemj\/"},"author":{"name":"Jacqueline ROTEN","@id":"https:\/\/www.iemj.org\/de\/#\/schema\/person\/358e26c18aca017fcc4cc15437f7279c"},"headline":"Romance in E-Dur f\u00fcr Violoncello und Piano","datePublished":"2018-05-14T13:47:43+00:00","dateModified":"2025-08-27T11:08:44+00:00","mainEntityOfPage":{"@id":"https:\/\/www.iemj.org\/de\/parution-dune-nouvelle-partition-de-fernand-halphen-aux-editions-de-liemj\/"},"wordCount":215,"publisher":{"@id":"https:\/\/www.iemj.org\/de\/#organization"},"image":{"@id":"https:\/\/www.iemj.org\/de\/parution-dune-nouvelle-partition-de-fernand-halphen-aux-editions-de-liemj\/#primaryimage"},"thumbnailUrl":"https:\/\/www.iemj.org\/wp-content\/uploads\/2018\/05\/arton3411.jpg","articleSection":["Partituren IEMJ","Ver\u00f6ffentlichungen"],"inLanguage":"de"},{"@type":"WebPage","@id":"https:\/\/www.iemj.org\/de\/parution-dune-nouvelle-partition-de-fernand-halphen-aux-editions-de-liemj\/","url":"https:\/\/www.iemj.org\/de\/parution-dune-nouvelle-partition-de-fernand-halphen-aux-editions-de-liemj\/","name":"Romance in E-Dur f\u00fcr Violoncello und Piano - Institut Europ\u00e9en des Musiques Juives","isPartOf":{"@id":"https:\/\/www.iemj.org\/de\/#website"},"primaryImageOfPage":{"@id":"https:\/\/www.iemj.org\/de\/parution-dune-nouvelle-partition-de-fernand-halphen-aux-editions-de-liemj\/#primaryimage"},"image":{"@id":"https:\/\/www.iemj.org\/de\/parution-dune-nouvelle-partition-de-fernand-halphen-aux-editions-de-liemj\/#primaryimage"},"thumbnailUrl":"https:\/\/www.iemj.org\/wp-content\/uploads\/2018\/05\/arton3411.jpg","datePublished":"2018-05-14T13:47:43+00:00","dateModified":"2025-08-27T11:08:44+00:00","breadcrumb":{"@id":"https:\/\/www.iemj.org\/de\/parution-dune-nouvelle-partition-de-fernand-halphen-aux-editions-de-liemj\/#breadcrumb"},"inLanguage":"de","potentialAction":[{"@type":"ReadAction","target":["https:\/\/www.iemj.org\/de\/parution-dune-nouvelle-partition-de-fernand-halphen-aux-editions-de-liemj\/"]}]},{"@type":"ImageObject","inLanguage":"de","@id":"https:\/\/www.iemj.org\/de\/parution-dune-nouvelle-partition-de-fernand-halphen-aux-editions-de-liemj\/#primaryimage","url":"https:\/\/www.iemj.org\/wp-content\/uploads\/2018\/05\/arton3411.jpg","contentUrl":"https:\/\/www.iemj.org\/wp-content\/uploads\/2018\/05\/arton3411.jpg","width":317,"height":448},{"@type":"BreadcrumbList","@id":"https:\/\/www.iemj.org\/de\/parution-dune-nouvelle-partition-de-fernand-halphen-aux-editions-de-liemj\/#breadcrumb","itemListElement":[{"@type":"ListItem","position":1,"name":"Accueil","item":"https:\/\/www.iemj.org\/de\/"},{"@type":"ListItem","position":2,"name":"Romance in E-Dur f\u00fcr Violoncello und Piano"}]},{"@type":"WebSite","@id":"https:\/\/www.iemj.org\/de\/#website","url":"https:\/\/www.iemj.org\/de\/","name":"Institut Europ\u00e9en des Musiques Juives","description":"Des traditions musicales \u00e0 la port\u00e9e de tous","publisher":{"@id":"https:\/\/www.iemj.org\/de\/#organization"},"potentialAction":[{"@type":"SearchAction","target":{"@type":"EntryPoint","urlTemplate":"https:\/\/www.iemj.org\/de\/?s={search_term_string}"},"query-input":{"@type":"PropertyValueSpecification","valueRequired":true,"valueName":"search_term_string"}}],"inLanguage":"de"},{"@type":"Organization","@id":"https:\/\/www.iemj.org\/de\/#organization","name":"Institut Europ\u00e9en des Musiques Juives","url":"https:\/\/www.iemj.org\/de\/","logo":{"@type":"ImageObject","inLanguage":"de","@id":"https:\/\/www.iemj.org\/de\/#\/schema\/logo\/image\/","url":"https:\/\/www.iemj.org\/wp-content\/uploads\/2021\/09\/Logo-IEMJ-Paypal.jpg","contentUrl":"https:\/\/www.iemj.org\/wp-content\/uploads\/2021\/09\/Logo-IEMJ-Paypal.jpg","width":150,"height":50,"caption":"Institut Europ\u00e9en des Musiques Juives"},"image":{"@id":"https:\/\/www.iemj.org\/de\/#\/schema\/logo\/image\/"},"sameAs":["https:\/\/www.facebook.com\/MusiquesJuives\/","https:\/\/www.instagram.com\/musiquesjuives\/","https:\/\/www.youtube.com\/user\/musiquesjuives"]},{"@type":"Person","@id":"https:\/\/www.iemj.org\/de\/#\/schema\/person\/358e26c18aca017fcc4cc15437f7279c","name":"Jacqueline ROTEN","image":{"@type":"ImageObject","inLanguage":"de","@id":"https:\/\/secure.gravatar.com\/avatar\/5964256d6c6957de3a3505278957e0fb2a35119ac47ea41827a65301213c810b?s=96&d=mm&r=g","url":"https:\/\/secure.gravatar.com\/avatar\/5964256d6c6957de3a3505278957e0fb2a35119ac47ea41827a65301213c810b?s=96&d=mm&r=g","contentUrl":"https:\/\/secure.gravatar.com\/avatar\/5964256d6c6957de3a3505278957e0fb2a35119ac47ea41827a65301213c810b?s=96&d=mm&r=g","caption":"Jacqueline ROTEN"}}]}},"_links":{"self":[{"href":"https:\/\/www.iemj.org\/de\/wp-json\/wp\/v2\/posts\/54738","targetHints":{"allow":["GET"]}}],"collection":[{"href":"https:\/\/www.iemj.org\/de\/wp-json\/wp\/v2\/posts"}],"about":[{"href":"https:\/\/www.iemj.org\/de\/wp-json\/wp\/v2\/types\/post"}],"author":[{"embeddable":true,"href":"https:\/\/www.iemj.org\/de\/wp-json\/wp\/v2\/users\/5"}],"replies":[{"embeddable":true,"href":"https:\/\/www.iemj.org\/de\/wp-json\/wp\/v2\/comments?post=54738"}],"version-history":[{"count":0,"href":"https:\/\/www.iemj.org\/de\/wp-json\/wp\/v2\/posts\/54738\/revisions"}],"wp:featuredmedia":[{"embeddable":true,"href":"https:\/\/www.iemj.org\/de\/wp-json\/wp\/v2\/media\/54739"}],"wp:attachment":[{"href":"https:\/\/www.iemj.org\/de\/wp-json\/wp\/v2\/media?parent=54738"}],"wp:term":[{"taxonomy":"category","embeddable":true,"href":"https:\/\/www.iemj.org\/de\/wp-json\/wp\/v2\/categories?post=54738"},{"taxonomy":"post_tag","embeddable":true,"href":"https:\/\/www.iemj.org\/de\/wp-json\/wp\/v2\/tags?post=54738"},{"taxonomy":"technique","embeddable":true,"href":"https:\/\/www.iemj.org\/de\/wp-json\/wp\/v2\/technique?post=54738"},{"taxonomy":"squelettes","embeddable":true,"href":"https:\/\/www.iemj.org\/de\/wp-json\/wp\/v2\/squelettes?post=54738"},{"taxonomy":"sujet","embeddable":true,"href":"https:\/\/www.iemj.org\/de\/wp-json\/wp\/v2\/sujet?post=54738"},{"taxonomy":"formation","embeddable":true,"href":"https:\/\/www.iemj.org\/de\/wp-json\/wp\/v2\/formation?post=54738"},{"taxonomy":"genre","embeddable":true,"href":"https:\/\/www.iemj.org\/de\/wp-json\/wp\/v2\/genre?post=54738"},{"taxonomy":"fonds","embeddable":true,"href":"https:\/\/www.iemj.org\/de\/wp-json\/wp\/v2\/fonds?post=54738"},{"taxonomy":"tradition","embeddable":true,"href":"https:\/\/www.iemj.org\/de\/wp-json\/wp\/v2\/tradition?post=54738"},{"taxonomy":"type-de-contenu","embeddable":true,"href":"https:\/\/www.iemj.org\/de\/wp-json\/wp\/v2\/type-de-contenu?post=54738"},{"taxonomy":"interprete-compositeur","embeddable":true,"href":"https:\/\/www.iemj.org\/de\/wp-json\/wp\/v2\/interprete-compositeur?post=54738"},{"taxonomy":"frise","embeddable":true,"href":"https:\/\/www.iemj.org\/de\/wp-json\/wp\/v2\/frise?post=54738"},{"taxonomy":"type-devenement","embeddable":true,"href":"https:\/\/www.iemj.org\/de\/wp-json\/wp\/v2\/type-devenement?post=54738"},{"taxonomy":"tableaux-liens-externes","embeddable":true,"href":"https:\/\/www.iemj.org\/de\/wp-json\/wp\/v2\/tableaux-liens-externes?post=54738"}],"curies":[{"name":"wp","href":"https:\/\/api.w.org\/{rel}","templated":true}]}}