{"id":55420,"date":"2017-05-18T11:27:56","date_gmt":"2017-05-18T09:27:56","guid":{"rendered":"https:\/\/www.iemj.org\/becache-jean-1911-1985\/"},"modified":"2021-07-15T11:38:29","modified_gmt":"2021-07-15T09:38:29","slug":"becache-jean-1911-1985","status":"publish","type":"post","link":"https:\/\/www.iemj.org\/de\/becache-jean-1911-1985\/","title":{"rendered":"B\u00e9cache, Jean (1911-1985)"},"content":{"rendered":"<h4><\/h4>\n<p><!--more--><\/p>\n<h4><strong>Die B\u00e9cache-Dynastie: Vom Rabbiner zum Musiker<\/strong><\/h4>\n<p>Shalom B\u00e9cache, der Gro\u00dfvater von Jean B\u00e9cache, wurde 1848 in Bombay geboren. Urspr\u00fcnglich stammte er aus Bagdad und sprach Irakisch-Arabisch. W\u00e4hrend einer Pilgerfahrt nach Safed, verliebte er sich in eine junge Algerierin und folgte ihr nach Algerien, wo er Rabbiner der Ben Thoa Synagoge wurde, der kleinsten Synagoge von Algier, in welcher algerische und irakische Lieder gesungen wurden. Shalom B\u00e9cache gr\u00fcndete auch eine hebr\u00e4ische Druckerei in Algier (er ver\u00f6ffentlichte insbesondere ins Hebr\u00e4ische \u00fcbersetzte B\u00fccher von Jules Verne) und schrieb Beitr\u00e4ge f\u00fcr hebr\u00e4ische Zeitschriften. Er wurde auch auf dem kulinarischen Gebiet t\u00e4tig und brachte irakische Rezepte nach Algerien, darunter die sehr pers\u00f6nliche Herstellungsweise der B\u00e9cache-Familie, f\u00fcr das Charosset [1] mit Dattelhonig.<\/p>\n<p>Ben Sion B\u00e9cache, der \u00e4lteste Sohn von Shalom B\u00e9cache, hatte einen Abschluss in orientalischen Sprachen und sprach klassisches wie auch dialektales Arabisch, Hebr\u00e4isch, Aram\u00e4isch und Syrisch. W\u00e4hrend des Krieges von 1914 war er ein<img fetchpriority=\"high\" decoding=\"async\" class=\" alignright  wp-image-55480\" src=\"https:\/\/www.iemj.org\/wp-content\/uploads\/2017\/05\/bekache002.jpg\" alt=\"bekache002.jpg\" width=\"290\" height=\"320\" align=\"right\" srcset=\"https:\/\/www.iemj.org\/wp-content\/uploads\/2017\/05\/bekache002.jpg 362w, https:\/\/www.iemj.org\/wp-content\/uploads\/2017\/05\/bekache002-272x300.jpg 272w\" sizes=\"(max-width: 290px) 100vw, 290px\" \/> Marineoffizier, nahm an der Landung auf den Dardanellen teil und ging nach Saloniki.<br \/>\nBen Sion B\u00e9cache bekam 5 Kinder: Jean (Charles), Arzt und Musiker, geboren am 28. Juni 1911, er gewann mehrere Preise des Konservatoriums von Algier f\u00fcr sein Spiel des Kontrabass, des Violoncello, Komposition und Harmonie; sein Bruder, Elys\u00e9e, ebenfalls Arzt, gewann den ersten Preis f\u00fcr sein Spiel der Violine; ein weiterer Bruder, Ary, spielte Violine und war Psychiater; Mathieu spielte Oboe, Englischhorn und war Richter; Mireille wiederum war Pianistin und Apothekerin.<\/p>\n<h4><strong>Der Zweite Weltkrieg<\/strong><\/h4>\n<p>1935-36, verlie\u00df Jean B\u00e9cache Algerien und lie\u00df sich in Frankreich nieder. Sein Sohn, Pierre Ben Sion B\u00e9cache, wurde am 14. Juni 1938, in Livry Gargan geboren.<br \/>\n1939, am Vorabend des Krieges wurde Jean B\u00e9cache als Arzt bei der Mobilgarde Frankreichs in Drancy, einberufen. Da er sich der Gefahr bewusst war, schickte er seine Frau und seinen Sohn nach Algier, wo Pierre von 1939 bis 1945 aufwuchs. 1940 setzte Jean, der sich bei den Beh\u00f6rden nicht als Jude zu erkennen gegeben hatte, seine Arbeit als Arzt in der Mobilgarde trotz der Besetzung durch die Deutschen und die ersten antisemitischen Ma\u00dfnahmen, fort [2]. Einige Zeit sp\u00e4ter wurde er in das B\u00fcros seines Obersts gerufen, in welchem ebenfalls ein SS-Offizier anwesend war. Der Oberst fragte ihn, ob er Jude sei, Jean B\u00e9cache verneinte dies. Doch, sobald dieses Gespr\u00e4ch vorbei war, floh er mit dem Fahrrad nach Moulins, \u00fcberquerte die Demarkationslinie, nahm einen Zug nach Marseille und schlie\u00dflich ein Boot nach Algier. Er begab sich daraufhin zur Gendarmerie in Algier und gab an, ein entflohener Gefangener zu sein. Trotzdem wurde er einige Zeit sp\u00e4ter zu Hause verhaftet und im Gef\u00e4ngnis von Barberousse unter falscher Anschuldigung der franz\u00f6sischen Gendarmerie interniert. Diese beschuldigte ihn der Abtreibung, welche damals streng verboten war. W\u00e4hrend seines drei- oder viermonatigen Gef\u00e4ngnisaufenthalts (er wurde schlie\u00dflich freigelassen, da seine Akte eintragslos war), traf er Juden und Kommunisten und schloss sich deren Widerstandsbewegung an. In der Nacht des 7. auf den 8. November 1942 brachte Jean das gro\u00dfe Postamt zu Fall, um so die Landung der Alliierten zu erleichtern, welche Algier wiederstandlos zur\u00fcckeroberten.<\/p>\n<p><img decoding=\"async\" class=\" alignleft  wp-image-14176\" src=\"https:\/\/www.iemj.org\/wp-content\/uploads\/2017\/05\/carte_id_becache.jpg\" alt=\"carte_id_becache.jpg\" width=\"375\" height=\"251\" align=\"left\" srcset=\"https:\/\/www.iemj.org\/wp-content\/uploads\/2017\/05\/carte_id_becache.jpg 400w, https:\/\/www.iemj.org\/wp-content\/uploads\/2017\/05\/carte_id_becache-300x201.jpg 300w\" sizes=\"(max-width: 375px) 100vw, 375px\" \/><br \/>\nAnschlie\u00dfend k\u00e4mpfte er in Tunesien, bei der Landung auf Sizilien, im Italienfeldzug (einschlie\u00dflich der Schlacht von Monte Cassino), bei der Landung in der Provence und im Frankreichfeldzug.<\/p>\n<p>Jean B\u00e9cache verbrachte insgesamt 3 Jahre an der Front als Sanit\u00e4ter.<br \/>\nSeine Familie kehrte nach dem 8. November 1945, nach Frankreich zur\u00fcck.<\/p>\n<h4><strong>Jean B\u00e9cache, Komponist, Transkripteur und Musiker<\/strong><\/h4>\n<p>In Algerien studierte Jean B\u00e9cache Musik. Da er mit mehreren Preisen des Konservatoriums ausgezeichnet wurde, spielte er auch in Caf\u00e9s und transkribierte viele liturgische Melodien des algerischen Ritus, wie auch Pijjut (religi\u00f6ser Poesie). W\u00e4hrend des Krieges schrieb er weiter Musik, insbesondere w\u00e4hrend seines Urlaubs und komponierte Melodien auf der Grundlage arabisch-andalusischer Musik. Als er Sanit\u00e4ter war, brachte er seine beiden arabischen Krankenschwestern und den Fahrer, welche ihn begleiteten, dazu, arabisch-andalusische Lieder zu singen, deren Noten er notierte.<br \/>\nNach dem Krieg ver\u00f6ffentlichte Jean B\u00e9cache eine Reihe von Partituren, Kompositionen, Orchestersuiten arabisch-andalusischer Musik und liturgische Transkriptionen. Schlie\u00dflich war er auch Orchestermitglied des 13. Pariser Arrondissement und Dirigent des st\u00e4dtischen Orchesters von Aulney-sous-Bois.<br \/>\nJean B\u00e9cache starb am 19. Dezember 1985 in Alfortville. Er wurde auf dem j\u00fcdischen Teil des Friedhofs von Pantin begraben.<\/p>\n<hr \/>\n<p><em>(1) Charosset ist eine Mischung aus gemahlenen Fr\u00fcchten, die am Abend des Pessach-Seders verzehrt wird. Es erinnert an den M\u00f6rtel, aus welchem die israelitischen Sklaven in \u00c4gypten, die f\u00fcr den Bau ben\u00f6tigten Ziegel herstellten.<\/em><br \/>\n<em>(2) Im Gegensatz zur Mehrheit der algerischen Juden, welche die franz\u00f6sische Staatsb\u00fcrgerschaft durch das D\u00e9cret Cr\u00e9mieux von 1870 erhalten hatten, erhielt Shalom B\u00e9cache, der ein britischer Staatsb\u00fcrger war, erst bei seiner Ankunft in Algier die franz\u00f6sische Einb\u00fcrgerung. Daher behielt seine Familie auch die franz\u00f6sische Staatsb\u00fcrgerschaft, trotz der Aufhebung des D\u00e9crets Cr\u00e9mieux, am 8. Oktober 1940.<\/em><\/p>\n<p><a href=\"https:\/\/www.iemj.org\/wp-content\/uploads\/2017\/05\/becache_jean_bio_complete_de_pierre_becache.pdf\" target=\"_blank\" rel=\"noopener\">Lesen Sie die ausf\u00fchrliche Biografie von Jean B\u00e9cache, welche von Pierre B\u00e9cache verfasst wurde<\/a><\/p>\n<p><a href=\"https:\/\/www.iemj.org\/de\/fonds-becache\/\" target=\"_blank\" rel=\"noopener\">Lesen Sie die Beschreibung des Fonds B\u00e9cache<\/a><br \/>\n<a href=\"http:\/\/www.rachelnet.net\/F\/?func=find-c&amp;ccl_term=WHOL+%3D+B%C3%A9cache&amp;local_base=iemcg\" target=\"_blank\" rel=\"noopener\">Greifen Sie auf unsere Archive \u00fcber Jean Becache zu<\/a><\/p>\n","protected":false},"excerpt":{"rendered":"","protected":false},"author":1048,"featured_media":51490,"comment_status":"closed","ping_status":"open","sticky":false,"template":"","format":"standard","meta":{"_acf_changed":false,"footnotes":""},"categories":[1415],"tags":[],"technique":[],"squelettes":[],"sujet":[],"formation":[],"genre":[1914],"fonds":[],"tradition":[],"type-de-contenu":[],"interprete-compositeur":[],"frise":[],"type-devenement":[],"tableaux-liens-externes":[],"class_list":["post-55420","post","type-post","status-publish","format-standard","has-post-thumbnail","hentry","category-biografien-de","genre-oriental-de"],"acf":[],"yoast_head":"<!-- This site is optimized with the Yoast SEO plugin v27.3 - https:\/\/yoast.com\/product\/yoast-seo-wordpress\/ -->\n<title>B\u00e9cache, Jean (1911-1985) - Institut Europ\u00e9en des Musiques Juives<\/title>\n<meta name=\"robots\" content=\"index, follow, max-snippet:-1, max-image-preview:large, max-video-preview:-1\" \/>\n<link rel=\"canonical\" href=\"https:\/\/www.iemj.org\/de\/becache-jean-1911-1985\/\" \/>\n<meta property=\"og:locale\" content=\"de_DE\" \/>\n<meta property=\"og:type\" content=\"article\" \/>\n<meta property=\"og:title\" content=\"B\u00e9cache, Jean (1911-1985) - Institut Europ\u00e9en des Musiques Juives\" \/>\n<meta property=\"og:url\" content=\"https:\/\/www.iemj.org\/de\/becache-jean-1911-1985\/\" \/>\n<meta property=\"og:site_name\" content=\"Institut Europ\u00e9en des Musiques Juives\" \/>\n<meta property=\"article:publisher\" content=\"https:\/\/www.facebook.com\/MusiquesJuives\/\" \/>\n<meta property=\"article:published_time\" content=\"2017-05-18T09:27:56+00:00\" \/>\n<meta property=\"article:modified_time\" content=\"2021-07-15T09:38:29+00:00\" \/>\n<meta property=\"og:image\" content=\"https:\/\/www.iemj.org\/wp-content\/uploads\/2017\/05\/arton2316-e1624968335919.jpg\" \/>\n\t<meta property=\"og:image:width\" content=\"189\" \/>\n\t<meta property=\"og:image:height\" content=\"218\" \/>\n\t<meta property=\"og:image:type\" content=\"image\/jpeg\" \/>\n<meta name=\"author\" content=\"Jean-Gabriel Davis\" \/>\n<meta name=\"twitter:card\" content=\"summary_large_image\" \/>\n<meta name=\"twitter:label1\" content=\"Verfasst von\" \/>\n\t<meta name=\"twitter:data1\" content=\"Jean-Gabriel Davis\" \/>\n\t<meta name=\"twitter:label2\" content=\"Gesch\u00e4tzte Lesezeit\" \/>\n\t<meta name=\"twitter:data2\" content=\"4\u00a0Minuten\" \/>\n<script type=\"application\/ld+json\" class=\"yoast-schema-graph\">{\"@context\":\"https:\\\/\\\/schema.org\",\"@graph\":[{\"@type\":\"Article\",\"@id\":\"https:\\\/\\\/www.iemj.org\\\/de\\\/becache-jean-1911-1985\\\/#article\",\"isPartOf\":{\"@id\":\"https:\\\/\\\/www.iemj.org\\\/de\\\/becache-jean-1911-1985\\\/\"},\"author\":{\"name\":\"Jean-Gabriel Davis\",\"@id\":\"https:\\\/\\\/www.iemj.org\\\/de\\\/#\\\/schema\\\/person\\\/c9bc1c386a3749579a2d675e72a18666\"},\"headline\":\"B\u00e9cache, Jean (1911-1985)\",\"datePublished\":\"2017-05-18T09:27:56+00:00\",\"dateModified\":\"2021-07-15T09:38:29+00:00\",\"mainEntityOfPage\":{\"@id\":\"https:\\\/\\\/www.iemj.org\\\/de\\\/becache-jean-1911-1985\\\/\"},\"wordCount\":862,\"publisher\":{\"@id\":\"https:\\\/\\\/www.iemj.org\\\/de\\\/#organization\"},\"image\":{\"@id\":\"https:\\\/\\\/www.iemj.org\\\/de\\\/becache-jean-1911-1985\\\/#primaryimage\"},\"thumbnailUrl\":\"https:\\\/\\\/www.iemj.org\\\/wp-content\\\/uploads\\\/2017\\\/05\\\/arton2316-e1624968335919.jpg\",\"articleSection\":[\"Biografien\"],\"inLanguage\":\"de\"},{\"@type\":\"WebPage\",\"@id\":\"https:\\\/\\\/www.iemj.org\\\/de\\\/becache-jean-1911-1985\\\/\",\"url\":\"https:\\\/\\\/www.iemj.org\\\/de\\\/becache-jean-1911-1985\\\/\",\"name\":\"B\u00e9cache, Jean (1911-1985) - Institut Europ\u00e9en des Musiques Juives\",\"isPartOf\":{\"@id\":\"https:\\\/\\\/www.iemj.org\\\/de\\\/#website\"},\"primaryImageOfPage\":{\"@id\":\"https:\\\/\\\/www.iemj.org\\\/de\\\/becache-jean-1911-1985\\\/#primaryimage\"},\"image\":{\"@id\":\"https:\\\/\\\/www.iemj.org\\\/de\\\/becache-jean-1911-1985\\\/#primaryimage\"},\"thumbnailUrl\":\"https:\\\/\\\/www.iemj.org\\\/wp-content\\\/uploads\\\/2017\\\/05\\\/arton2316-e1624968335919.jpg\",\"datePublished\":\"2017-05-18T09:27:56+00:00\",\"dateModified\":\"2021-07-15T09:38:29+00:00\",\"breadcrumb\":{\"@id\":\"https:\\\/\\\/www.iemj.org\\\/de\\\/becache-jean-1911-1985\\\/#breadcrumb\"},\"inLanguage\":\"de\",\"potentialAction\":[{\"@type\":\"ReadAction\",\"target\":[\"https:\\\/\\\/www.iemj.org\\\/de\\\/becache-jean-1911-1985\\\/\"]}]},{\"@type\":\"ImageObject\",\"inLanguage\":\"de\",\"@id\":\"https:\\\/\\\/www.iemj.org\\\/de\\\/becache-jean-1911-1985\\\/#primaryimage\",\"url\":\"https:\\\/\\\/www.iemj.org\\\/wp-content\\\/uploads\\\/2017\\\/05\\\/arton2316-e1624968335919.jpg\",\"contentUrl\":\"https:\\\/\\\/www.iemj.org\\\/wp-content\\\/uploads\\\/2017\\\/05\\\/arton2316-e1624968335919.jpg\",\"width\":189,\"height\":218},{\"@type\":\"BreadcrumbList\",\"@id\":\"https:\\\/\\\/www.iemj.org\\\/de\\\/becache-jean-1911-1985\\\/#breadcrumb\",\"itemListElement\":[{\"@type\":\"ListItem\",\"position\":1,\"name\":\"Accueil\",\"item\":\"https:\\\/\\\/www.iemj.org\\\/de\\\/\"},{\"@type\":\"ListItem\",\"position\":2,\"name\":\"B\u00e9cache, Jean (1911-1985)\"}]},{\"@type\":\"WebSite\",\"@id\":\"https:\\\/\\\/www.iemj.org\\\/de\\\/#website\",\"url\":\"https:\\\/\\\/www.iemj.org\\\/de\\\/\",\"name\":\"Institut Europ\u00e9en des Musiques Juives\",\"description\":\"Des traditions musicales \u00e0 la port\u00e9e de tous\",\"publisher\":{\"@id\":\"https:\\\/\\\/www.iemj.org\\\/de\\\/#organization\"},\"potentialAction\":[{\"@type\":\"SearchAction\",\"target\":{\"@type\":\"EntryPoint\",\"urlTemplate\":\"https:\\\/\\\/www.iemj.org\\\/de\\\/?s={search_term_string}\"},\"query-input\":{\"@type\":\"PropertyValueSpecification\",\"valueRequired\":true,\"valueName\":\"search_term_string\"}}],\"inLanguage\":\"de\"},{\"@type\":\"Organization\",\"@id\":\"https:\\\/\\\/www.iemj.org\\\/de\\\/#organization\",\"name\":\"Institut Europ\u00e9en des Musiques Juives\",\"url\":\"https:\\\/\\\/www.iemj.org\\\/de\\\/\",\"logo\":{\"@type\":\"ImageObject\",\"inLanguage\":\"de\",\"@id\":\"https:\\\/\\\/www.iemj.org\\\/de\\\/#\\\/schema\\\/logo\\\/image\\\/\",\"url\":\"https:\\\/\\\/www.iemj.org\\\/wp-content\\\/uploads\\\/2021\\\/09\\\/Logo-IEMJ-Paypal.jpg\",\"contentUrl\":\"https:\\\/\\\/www.iemj.org\\\/wp-content\\\/uploads\\\/2021\\\/09\\\/Logo-IEMJ-Paypal.jpg\",\"width\":150,\"height\":50,\"caption\":\"Institut Europ\u00e9en des Musiques Juives\"},\"image\":{\"@id\":\"https:\\\/\\\/www.iemj.org\\\/de\\\/#\\\/schema\\\/logo\\\/image\\\/\"},\"sameAs\":[\"https:\\\/\\\/www.facebook.com\\\/MusiquesJuives\\\/\",\"https:\\\/\\\/www.instagram.com\\\/musiquesjuives\\\/\",\"https:\\\/\\\/www.youtube.com\\\/user\\\/musiquesjuives\"]},{\"@type\":\"Person\",\"@id\":\"https:\\\/\\\/www.iemj.org\\\/de\\\/#\\\/schema\\\/person\\\/c9bc1c386a3749579a2d675e72a18666\",\"name\":\"Jean-Gabriel Davis\",\"image\":{\"@type\":\"ImageObject\",\"inLanguage\":\"de\",\"@id\":\"https:\\\/\\\/secure.gravatar.com\\\/avatar\\\/2b90d67bdf392c9b3a21fab87c0fa7edaf1fb3a058172a1ffd61033fcec7aec1?s=96&d=mm&r=g\",\"url\":\"https:\\\/\\\/secure.gravatar.com\\\/avatar\\\/2b90d67bdf392c9b3a21fab87c0fa7edaf1fb3a058172a1ffd61033fcec7aec1?s=96&d=mm&r=g\",\"contentUrl\":\"https:\\\/\\\/secure.gravatar.com\\\/avatar\\\/2b90d67bdf392c9b3a21fab87c0fa7edaf1fb3a058172a1ffd61033fcec7aec1?s=96&d=mm&r=g\",\"caption\":\"Jean-Gabriel Davis\"}}]}<\/script>\n<!-- \/ Yoast SEO plugin. -->","yoast_head_json":{"title":"B\u00e9cache, Jean (1911-1985) - Institut Europ\u00e9en des Musiques Juives","robots":{"index":"index","follow":"follow","max-snippet":"max-snippet:-1","max-image-preview":"max-image-preview:large","max-video-preview":"max-video-preview:-1"},"canonical":"https:\/\/www.iemj.org\/de\/becache-jean-1911-1985\/","og_locale":"de_DE","og_type":"article","og_title":"B\u00e9cache, Jean (1911-1985) - Institut Europ\u00e9en des Musiques Juives","og_url":"https:\/\/www.iemj.org\/de\/becache-jean-1911-1985\/","og_site_name":"Institut Europ\u00e9en des Musiques Juives","article_publisher":"https:\/\/www.facebook.com\/MusiquesJuives\/","article_published_time":"2017-05-18T09:27:56+00:00","article_modified_time":"2021-07-15T09:38:29+00:00","og_image":[{"width":189,"height":218,"url":"https:\/\/www.iemj.org\/wp-content\/uploads\/2017\/05\/arton2316-e1624968335919.jpg","type":"image\/jpeg"}],"author":"Jean-Gabriel Davis","twitter_card":"summary_large_image","twitter_misc":{"Verfasst von":"Jean-Gabriel Davis","Gesch\u00e4tzte Lesezeit":"4\u00a0Minuten"},"schema":{"@context":"https:\/\/schema.org","@graph":[{"@type":"Article","@id":"https:\/\/www.iemj.org\/de\/becache-jean-1911-1985\/#article","isPartOf":{"@id":"https:\/\/www.iemj.org\/de\/becache-jean-1911-1985\/"},"author":{"name":"Jean-Gabriel Davis","@id":"https:\/\/www.iemj.org\/de\/#\/schema\/person\/c9bc1c386a3749579a2d675e72a18666"},"headline":"B\u00e9cache, Jean (1911-1985)","datePublished":"2017-05-18T09:27:56+00:00","dateModified":"2021-07-15T09:38:29+00:00","mainEntityOfPage":{"@id":"https:\/\/www.iemj.org\/de\/becache-jean-1911-1985\/"},"wordCount":862,"publisher":{"@id":"https:\/\/www.iemj.org\/de\/#organization"},"image":{"@id":"https:\/\/www.iemj.org\/de\/becache-jean-1911-1985\/#primaryimage"},"thumbnailUrl":"https:\/\/www.iemj.org\/wp-content\/uploads\/2017\/05\/arton2316-e1624968335919.jpg","articleSection":["Biografien"],"inLanguage":"de"},{"@type":"WebPage","@id":"https:\/\/www.iemj.org\/de\/becache-jean-1911-1985\/","url":"https:\/\/www.iemj.org\/de\/becache-jean-1911-1985\/","name":"B\u00e9cache, Jean (1911-1985) - Institut Europ\u00e9en des Musiques Juives","isPartOf":{"@id":"https:\/\/www.iemj.org\/de\/#website"},"primaryImageOfPage":{"@id":"https:\/\/www.iemj.org\/de\/becache-jean-1911-1985\/#primaryimage"},"image":{"@id":"https:\/\/www.iemj.org\/de\/becache-jean-1911-1985\/#primaryimage"},"thumbnailUrl":"https:\/\/www.iemj.org\/wp-content\/uploads\/2017\/05\/arton2316-e1624968335919.jpg","datePublished":"2017-05-18T09:27:56+00:00","dateModified":"2021-07-15T09:38:29+00:00","breadcrumb":{"@id":"https:\/\/www.iemj.org\/de\/becache-jean-1911-1985\/#breadcrumb"},"inLanguage":"de","potentialAction":[{"@type":"ReadAction","target":["https:\/\/www.iemj.org\/de\/becache-jean-1911-1985\/"]}]},{"@type":"ImageObject","inLanguage":"de","@id":"https:\/\/www.iemj.org\/de\/becache-jean-1911-1985\/#primaryimage","url":"https:\/\/www.iemj.org\/wp-content\/uploads\/2017\/05\/arton2316-e1624968335919.jpg","contentUrl":"https:\/\/www.iemj.org\/wp-content\/uploads\/2017\/05\/arton2316-e1624968335919.jpg","width":189,"height":218},{"@type":"BreadcrumbList","@id":"https:\/\/www.iemj.org\/de\/becache-jean-1911-1985\/#breadcrumb","itemListElement":[{"@type":"ListItem","position":1,"name":"Accueil","item":"https:\/\/www.iemj.org\/de\/"},{"@type":"ListItem","position":2,"name":"B\u00e9cache, Jean (1911-1985)"}]},{"@type":"WebSite","@id":"https:\/\/www.iemj.org\/de\/#website","url":"https:\/\/www.iemj.org\/de\/","name":"Institut Europ\u00e9en des Musiques Juives","description":"Des traditions musicales \u00e0 la port\u00e9e de tous","publisher":{"@id":"https:\/\/www.iemj.org\/de\/#organization"},"potentialAction":[{"@type":"SearchAction","target":{"@type":"EntryPoint","urlTemplate":"https:\/\/www.iemj.org\/de\/?s={search_term_string}"},"query-input":{"@type":"PropertyValueSpecification","valueRequired":true,"valueName":"search_term_string"}}],"inLanguage":"de"},{"@type":"Organization","@id":"https:\/\/www.iemj.org\/de\/#organization","name":"Institut Europ\u00e9en des Musiques Juives","url":"https:\/\/www.iemj.org\/de\/","logo":{"@type":"ImageObject","inLanguage":"de","@id":"https:\/\/www.iemj.org\/de\/#\/schema\/logo\/image\/","url":"https:\/\/www.iemj.org\/wp-content\/uploads\/2021\/09\/Logo-IEMJ-Paypal.jpg","contentUrl":"https:\/\/www.iemj.org\/wp-content\/uploads\/2021\/09\/Logo-IEMJ-Paypal.jpg","width":150,"height":50,"caption":"Institut Europ\u00e9en des Musiques Juives"},"image":{"@id":"https:\/\/www.iemj.org\/de\/#\/schema\/logo\/image\/"},"sameAs":["https:\/\/www.facebook.com\/MusiquesJuives\/","https:\/\/www.instagram.com\/musiquesjuives\/","https:\/\/www.youtube.com\/user\/musiquesjuives"]},{"@type":"Person","@id":"https:\/\/www.iemj.org\/de\/#\/schema\/person\/c9bc1c386a3749579a2d675e72a18666","name":"Jean-Gabriel Davis","image":{"@type":"ImageObject","inLanguage":"de","@id":"https:\/\/secure.gravatar.com\/avatar\/2b90d67bdf392c9b3a21fab87c0fa7edaf1fb3a058172a1ffd61033fcec7aec1?s=96&d=mm&r=g","url":"https:\/\/secure.gravatar.com\/avatar\/2b90d67bdf392c9b3a21fab87c0fa7edaf1fb3a058172a1ffd61033fcec7aec1?s=96&d=mm&r=g","contentUrl":"https:\/\/secure.gravatar.com\/avatar\/2b90d67bdf392c9b3a21fab87c0fa7edaf1fb3a058172a1ffd61033fcec7aec1?s=96&d=mm&r=g","caption":"Jean-Gabriel Davis"}}]}},"_links":{"self":[{"href":"https:\/\/www.iemj.org\/de\/wp-json\/wp\/v2\/posts\/55420","targetHints":{"allow":["GET"]}}],"collection":[{"href":"https:\/\/www.iemj.org\/de\/wp-json\/wp\/v2\/posts"}],"about":[{"href":"https:\/\/www.iemj.org\/de\/wp-json\/wp\/v2\/types\/post"}],"author":[{"embeddable":true,"href":"https:\/\/www.iemj.org\/de\/wp-json\/wp\/v2\/users\/1048"}],"replies":[{"embeddable":true,"href":"https:\/\/www.iemj.org\/de\/wp-json\/wp\/v2\/comments?post=55420"}],"version-history":[{"count":0,"href":"https:\/\/www.iemj.org\/de\/wp-json\/wp\/v2\/posts\/55420\/revisions"}],"wp:featuredmedia":[{"embeddable":true,"href":"https:\/\/www.iemj.org\/de\/wp-json\/wp\/v2\/media\/51490"}],"wp:attachment":[{"href":"https:\/\/www.iemj.org\/de\/wp-json\/wp\/v2\/media?parent=55420"}],"wp:term":[{"taxonomy":"category","embeddable":true,"href":"https:\/\/www.iemj.org\/de\/wp-json\/wp\/v2\/categories?post=55420"},{"taxonomy":"post_tag","embeddable":true,"href":"https:\/\/www.iemj.org\/de\/wp-json\/wp\/v2\/tags?post=55420"},{"taxonomy":"technique","embeddable":true,"href":"https:\/\/www.iemj.org\/de\/wp-json\/wp\/v2\/technique?post=55420"},{"taxonomy":"squelettes","embeddable":true,"href":"https:\/\/www.iemj.org\/de\/wp-json\/wp\/v2\/squelettes?post=55420"},{"taxonomy":"sujet","embeddable":true,"href":"https:\/\/www.iemj.org\/de\/wp-json\/wp\/v2\/sujet?post=55420"},{"taxonomy":"formation","embeddable":true,"href":"https:\/\/www.iemj.org\/de\/wp-json\/wp\/v2\/formation?post=55420"},{"taxonomy":"genre","embeddable":true,"href":"https:\/\/www.iemj.org\/de\/wp-json\/wp\/v2\/genre?post=55420"},{"taxonomy":"fonds","embeddable":true,"href":"https:\/\/www.iemj.org\/de\/wp-json\/wp\/v2\/fonds?post=55420"},{"taxonomy":"tradition","embeddable":true,"href":"https:\/\/www.iemj.org\/de\/wp-json\/wp\/v2\/tradition?post=55420"},{"taxonomy":"type-de-contenu","embeddable":true,"href":"https:\/\/www.iemj.org\/de\/wp-json\/wp\/v2\/type-de-contenu?post=55420"},{"taxonomy":"interprete-compositeur","embeddable":true,"href":"https:\/\/www.iemj.org\/de\/wp-json\/wp\/v2\/interprete-compositeur?post=55420"},{"taxonomy":"frise","embeddable":true,"href":"https:\/\/www.iemj.org\/de\/wp-json\/wp\/v2\/frise?post=55420"},{"taxonomy":"type-devenement","embeddable":true,"href":"https:\/\/www.iemj.org\/de\/wp-json\/wp\/v2\/type-devenement?post=55420"},{"taxonomy":"tableaux-liens-externes","embeddable":true,"href":"https:\/\/www.iemj.org\/de\/wp-json\/wp\/v2\/tableaux-liens-externes?post=55420"}],"curies":[{"name":"wp","href":"https:\/\/api.w.org\/{rel}","templated":true}]}}