{"id":55543,"date":"2011-10-23T15:55:38","date_gmt":"2011-10-23T13:55:38","guid":{"rendered":"https:\/\/www.iemj.org\/berlinski-shalom-1918-2008\/"},"modified":"2025-09-06T18:51:23","modified_gmt":"2025-09-06T16:51:23","slug":"berlinski-shalom-1918-2008","status":"publish","type":"post","link":"https:\/\/www.iemj.org\/de\/berlinski-shalom-1918-2008\/","title":{"rendered":"Berlinski, Shalom (1918-2008)"},"content":{"rendered":"<p>Shalom Berlinski wurde am 16. Januar 1918 in Radom, einer polnischen Stadt rund 100 Kilometer von Warschau entfernt, als das j\u00fcngst von acht Kindern geboren. Sein Vater, ein Schuhfabrikant, war ein leidenschaftlicher Synagogens\u00e4nger und ein amateurhafter Geigenspieler.<\/p>\n<p>Als Kind besuchte Shalom Berlinski die Synagoge und ahmte die Ges\u00e4nge des Hazzan (Kantor) nach. Im Alter von 8 Jahren trat er dem Chor der gro\u00dfen Synagoge von Radom bei und sang in diesem den Bariton. Nach und nach lernte er Noten lesen und wurde mit 10 Jahren Meshorer, was bedeutet, dass er f\u00fcr die Begleitung des Baal Tefillah (des Vorbeters), auf eine beinahe improvisierte Art, zust\u00e4ndig war.<\/p>\n<p><img decoding=\"async\" class=\" alignright  wp-image-4006\" src=\"https:\/\/www.iemj.org\/wp-content\/uploads\/2011\/10\/montage_coeur_pologne-shb_-_55_.jpg\" alt=\"montage_coeur_pologne-shb_-_55_.jpg\" width=\"202\" height=\"209\" align=\"right\" \/>1930 verlie\u00df er Polen, zusammen mit seiner Familie und lie\u00df sich in Frankreich nieder. Nach einem kurzen Besuch einer Grundschule des 18. Pariser Arrondissements, begann er in der Schuhmacherwerkstatt seines Vaters zu arbeiten. Im selben Jahr entdeckte er die Gro\u00dfe Synagoge der Rue de la Victoire, deren Orgel, Chor und auch den damaligen Hazzan, Herrn Henri Kahn, welche ihn schwer beeindruckten.<\/p>\n<p>1935 und 1936 nahm er Gesangsunterricht und sang regelm\u00e4\u00dfig als Solist, zur Begleitung von Hochzeitszeremonien, in den Pariser Synagogen. 1940 wurde er an die Front geschickt und war an der Schlacht an der Somme beteiligt. Im April 1941 heiratete er Sarah Katz. Einige Monate sp\u00e4ter floh das Paar in die N\u00e4he von Roanne. Nach dem Einmarsch der Deutschen in die unbesetzte Zone Frankreichs (im S\u00fcden Frankreichs), trat Shalom Berlinski einer kleinen Gruppe j\u00fcdischer Widerstandsk\u00e4mpfer bei, welche aus Kommunisten und Zionisten bestand und vom Rabbiner Samy Klein geleitet wurde. Nachdem Paris im August 1944 befreit wurde, kehrte das Paar in die Hauptstadt zur\u00fcck.<\/p>\n<p><img decoding=\"async\" class=\" alignleft  wp-image-4008\" src=\"https:\/\/www.iemj.org\/wp-content\/uploads\/2011\/10\/montage_mariage-identite_-_42_.jpg\" alt=\"montage_mariage-identite_-_42_.jpg\" width=\"179\" height=\"169\" align=\"left\" \/>1945 schrieb sich Shalom Berlinski am privaten Konservatorium Ren\u00e9 Muable der Rue Lepic ein, an welchem er zehn Jahre lang bei dem italienischen Tenor Umberto Valdarnini Gesangstechnik der Mail\u00e4nder Scala studierte. Er nahm ebenfalls Gesangsunterricht bei Maurice Franck, dem Chefdirigenten der Op\u00e9ra Garnier.<\/p>\n<p>1945 gr\u00fcndete er das Centre artistique juif, dessen Ziel es war, ein j\u00fcdisches Musik- und Theaterrepertoire zu schaffen.<\/p>\n<p>1946 bot er gemeinsam mit dem Orchestre Nationel, welches unter der Leitung von Manuel Rosenthal stand, hebr\u00e4ische Melodien dar.<\/p>\n<p><img fetchpriority=\"high\" decoding=\"async\" class=\" alignright size-full wp-image-4010\" src=\"https:\/\/www.iemj.org\/wp-content\/uploads\/2011\/10\/ph_concert_pleyel_recentre_et_90_.jpg\" alt=\"ph_concert_pleyel_recentre_et_90_.jpg\" width=\"275\" height=\"185\" align=\"right\" \/>1948 wurde er zum ersten <em>Ministre Officiant<\/em> der Synagoge der Rue de la Victoire (Paris) ernannt, eine Funktion, welche er einunddrei\u00dfig Jahre lang innehaben sollte.<\/p>\n<p>Zwischen 1953 und 1966 gab er mehrere erinnerungsw\u00fcrdige Konzerte, insbesondere im Salle Gaveau unter der Leitung von Eug\u00e8ne Bigot, sowie im Theater der Champs-Elys\u00e9es unter der Leitung von Pierre Dervaux.<\/p>\n<p>Von 1959 bis 1962-63 war er Produzent der O.R.T.F. und organisierte zusammen mit der Musikwissenschaftlerin Yvonne Tienot und dem Organisten Jean Bonfils zwei Reihen von Radiosendungen, \u201eLa Bible et les musiciens\u201c (\u201eBibel und Musiker\u201c), welche musikalischen Werken mit biblischer Inspiration gewidmet waren und deren Hauptinterpret er war.<\/p>\n<p><img loading=\"lazy\" decoding=\"async\" class=\" alignleft  wp-image-4012\" src=\"https:\/\/www.iemj.org\/wp-content\/uploads\/2011\/10\/ph_sh.b_avec_enfants-quad_-_recentre_60_puis_75_.jpg\" alt=\"ph_sh.b_avec_enfants-quad_-_recentre_60_puis_75_.jpg\" width=\"230\" height=\"160\" align=\"left\" \/>Parallel zu seiner religi\u00f6sen Funktion als Kantor der Gro\u00dfen Synagoge, lehrte er zwischen 1957 und 1968 Hazzanout (Konsistorialkunst) am S\u00e9minaire Isra\u00e9lite der Rue Vauquelin in Paris, genauer gesagt die gesungene Toralesung im aschkenasischen Ritus.<\/p>\n<p>1979 gab er seine T\u00e4tigkeit als Ministre Officiant an der Gro\u00dfen Synagoge auf, sang aber bis 1998 weiter zu verschiedenen Anl\u00e4ssen. 1972 erkrankte er an gr\u00fcnen Star und verlor nach und nach sein Augenlicht. Umgeben und umsorgt von seiner Frau, seinem Sohn, seiner Schwiegertochter und seinen vier Enkeln, starb Shalom Berlinski am 28. September 2008 in Versailles.<\/p>\n<p><a href=\"https:\/\/www.iemj.org\/de\/shalom-berlinski-la-voix-de-la-ferveur\/\" target=\"_blank\" rel=\"noopener\">Erfahren Sie mehr \u00fcber die CD Shalom Berlinski<\/a><\/p>\n<p><a href=\"https:\/\/www.iemj.org\/de\/product\/shalom-berlinski-la-voix-de-la-ferveur\/\" target=\"_blank\" rel=\"noopener\">Bestellen Sie die CD Shalom Berlinski.<\/a><\/p>\n<p><a href=\"https:\/\/www.iemj.org\/de\/shalom-berlinski-le-chant-du-coeur\/\" target=\"_blank\" rel=\"noopener\">H\u00f6ren Sie sich die Playlist an: La hazanout de Shalom Berlinski<\/a><\/p>\n<p><a href=\"http:\/\/www.rachelnet.net\/F\/?func=find-c&amp;ccl_term=WRD+%3D+shalom+berlinski&amp;local_base=iemcg\" target=\"_blank\" rel=\"noopener\">Greifen Sie auf unsere Archive \u00fcber Shalom Berlinski zu<\/a><\/p>\n\n\n<p><\/p>\n","protected":false},"excerpt":{"rendered":"<p>Shalom Berlinski wurde am 16. Januar 1918 in Radom, einer polnischen Stadt rund 100 Kilometer von Warschau entfernt, als das j\u00fcngst von acht Kindern geboren. Sein Vater, ein Schuhfabrikant, war<\/p>\n","protected":false},"author":1045,"featured_media":55544,"comment_status":"closed","ping_status":"open","sticky":false,"template":"","format":"standard","meta":{"_acf_changed":false,"footnotes":""},"categories":[1415],"tags":[],"technique":[],"squelettes":[],"sujet":[],"formation":[],"genre":[],"fonds":[],"tradition":[],"type-de-contenu":[],"interprete-compositeur":[3296],"frise":[],"type-devenement":[],"tableaux-liens-externes":[],"class_list":["post-55543","post","type-post","status-publish","format-standard","has-post-thumbnail","hentry","category-biografien-de","interprete-compositeur-shalom-berlinski-de-2"],"acf":[],"yoast_head":"<!-- This site is optimized with the Yoast SEO plugin v27.3 - https:\/\/yoast.com\/product\/yoast-seo-wordpress\/ -->\n<title>Berlinski, Shalom (1918-2008) - Institut Europ\u00e9en des Musiques Juives<\/title>\n<meta name=\"robots\" content=\"index, follow, max-snippet:-1, max-image-preview:large, max-video-preview:-1\" \/>\n<link rel=\"canonical\" href=\"https:\/\/www.iemj.org\/de\/berlinski-shalom-1918-2008\/\" \/>\n<meta property=\"og:locale\" content=\"de_DE\" \/>\n<meta property=\"og:type\" content=\"article\" \/>\n<meta property=\"og:title\" content=\"Berlinski, Shalom (1918-2008) - Institut Europ\u00e9en des Musiques Juives\" \/>\n<meta property=\"og:description\" content=\"Shalom Berlinski wurde am 16. Januar 1918 in Radom, einer polnischen Stadt rund 100 Kilometer von Warschau entfernt, als das j\u00fcngst von acht Kindern geboren. Sein Vater, ein Schuhfabrikant, war\" \/>\n<meta property=\"og:url\" content=\"https:\/\/www.iemj.org\/de\/berlinski-shalom-1918-2008\/\" \/>\n<meta property=\"og:site_name\" content=\"Institut Europ\u00e9en des Musiques Juives\" \/>\n<meta property=\"article:publisher\" content=\"https:\/\/www.facebook.com\/MusiquesJuives\/\" \/>\n<meta property=\"article:published_time\" content=\"2011-10-23T13:55:38+00:00\" \/>\n<meta property=\"article:modified_time\" content=\"2025-09-06T16:51:23+00:00\" \/>\n<meta property=\"og:image\" content=\"https:\/\/www.iemj.org\/wp-content\/uploads\/2011\/10\/arton313-e1617031727743.jpg\" \/>\n\t<meta property=\"og:image:width\" content=\"177\" \/>\n\t<meta property=\"og:image:height\" content=\"218\" \/>\n\t<meta property=\"og:image:type\" content=\"image\/jpeg\" \/>\n<meta name=\"author\" content=\"Herv\u00e9 Roten\" \/>\n<meta name=\"twitter:card\" content=\"summary_large_image\" \/>\n<meta name=\"twitter:label1\" content=\"Verfasst von\" \/>\n\t<meta name=\"twitter:data1\" content=\"Herv\u00e9 Roten\" \/>\n\t<meta name=\"twitter:label2\" content=\"Gesch\u00e4tzte Lesezeit\" \/>\n\t<meta name=\"twitter:data2\" content=\"4\u00a0Minuten\" \/>\n<script type=\"application\/ld+json\" class=\"yoast-schema-graph\">{\"@context\":\"https:\\\/\\\/schema.org\",\"@graph\":[{\"@type\":\"Article\",\"@id\":\"https:\\\/\\\/www.iemj.org\\\/de\\\/berlinski-shalom-1918-2008\\\/#article\",\"isPartOf\":{\"@id\":\"https:\\\/\\\/www.iemj.org\\\/de\\\/berlinski-shalom-1918-2008\\\/\"},\"author\":{\"name\":\"Herv\u00e9 Roten\",\"@id\":\"https:\\\/\\\/www.iemj.org\\\/de\\\/#\\\/schema\\\/person\\\/906134402c29d5c76e7b726261dd4bbd\"},\"headline\":\"Berlinski, Shalom (1918-2008)\",\"datePublished\":\"2011-10-23T13:55:38+00:00\",\"dateModified\":\"2025-09-06T16:51:23+00:00\",\"mainEntityOfPage\":{\"@id\":\"https:\\\/\\\/www.iemj.org\\\/de\\\/berlinski-shalom-1918-2008\\\/\"},\"wordCount\":587,\"publisher\":{\"@id\":\"https:\\\/\\\/www.iemj.org\\\/de\\\/#organization\"},\"image\":{\"@id\":\"https:\\\/\\\/www.iemj.org\\\/de\\\/berlinski-shalom-1918-2008\\\/#primaryimage\"},\"thumbnailUrl\":\"https:\\\/\\\/www.iemj.org\\\/wp-content\\\/uploads\\\/2011\\\/10\\\/arton313-e1617031727743.jpg\",\"articleSection\":[\"Biografien\"],\"inLanguage\":\"de\"},{\"@type\":\"WebPage\",\"@id\":\"https:\\\/\\\/www.iemj.org\\\/de\\\/berlinski-shalom-1918-2008\\\/\",\"url\":\"https:\\\/\\\/www.iemj.org\\\/de\\\/berlinski-shalom-1918-2008\\\/\",\"name\":\"Berlinski, Shalom (1918-2008) - Institut Europ\u00e9en des Musiques Juives\",\"isPartOf\":{\"@id\":\"https:\\\/\\\/www.iemj.org\\\/de\\\/#website\"},\"primaryImageOfPage\":{\"@id\":\"https:\\\/\\\/www.iemj.org\\\/de\\\/berlinski-shalom-1918-2008\\\/#primaryimage\"},\"image\":{\"@id\":\"https:\\\/\\\/www.iemj.org\\\/de\\\/berlinski-shalom-1918-2008\\\/#primaryimage\"},\"thumbnailUrl\":\"https:\\\/\\\/www.iemj.org\\\/wp-content\\\/uploads\\\/2011\\\/10\\\/arton313-e1617031727743.jpg\",\"datePublished\":\"2011-10-23T13:55:38+00:00\",\"dateModified\":\"2025-09-06T16:51:23+00:00\",\"breadcrumb\":{\"@id\":\"https:\\\/\\\/www.iemj.org\\\/de\\\/berlinski-shalom-1918-2008\\\/#breadcrumb\"},\"inLanguage\":\"de\",\"potentialAction\":[{\"@type\":\"ReadAction\",\"target\":[\"https:\\\/\\\/www.iemj.org\\\/de\\\/berlinski-shalom-1918-2008\\\/\"]}]},{\"@type\":\"ImageObject\",\"inLanguage\":\"de\",\"@id\":\"https:\\\/\\\/www.iemj.org\\\/de\\\/berlinski-shalom-1918-2008\\\/#primaryimage\",\"url\":\"https:\\\/\\\/www.iemj.org\\\/wp-content\\\/uploads\\\/2011\\\/10\\\/arton313-e1617031727743.jpg\",\"contentUrl\":\"https:\\\/\\\/www.iemj.org\\\/wp-content\\\/uploads\\\/2011\\\/10\\\/arton313-e1617031727743.jpg\",\"width\":177,\"height\":218},{\"@type\":\"BreadcrumbList\",\"@id\":\"https:\\\/\\\/www.iemj.org\\\/de\\\/berlinski-shalom-1918-2008\\\/#breadcrumb\",\"itemListElement\":[{\"@type\":\"ListItem\",\"position\":1,\"name\":\"Accueil\",\"item\":\"https:\\\/\\\/www.iemj.org\\\/de\\\/\"},{\"@type\":\"ListItem\",\"position\":2,\"name\":\"Berlinski, Shalom (1918-2008)\"}]},{\"@type\":\"WebSite\",\"@id\":\"https:\\\/\\\/www.iemj.org\\\/de\\\/#website\",\"url\":\"https:\\\/\\\/www.iemj.org\\\/de\\\/\",\"name\":\"Institut Europ\u00e9en des Musiques Juives\",\"description\":\"Des traditions musicales \u00e0 la port\u00e9e de tous\",\"publisher\":{\"@id\":\"https:\\\/\\\/www.iemj.org\\\/de\\\/#organization\"},\"potentialAction\":[{\"@type\":\"SearchAction\",\"target\":{\"@type\":\"EntryPoint\",\"urlTemplate\":\"https:\\\/\\\/www.iemj.org\\\/de\\\/?s={search_term_string}\"},\"query-input\":{\"@type\":\"PropertyValueSpecification\",\"valueRequired\":true,\"valueName\":\"search_term_string\"}}],\"inLanguage\":\"de\"},{\"@type\":\"Organization\",\"@id\":\"https:\\\/\\\/www.iemj.org\\\/de\\\/#organization\",\"name\":\"Institut Europ\u00e9en des Musiques Juives\",\"url\":\"https:\\\/\\\/www.iemj.org\\\/de\\\/\",\"logo\":{\"@type\":\"ImageObject\",\"inLanguage\":\"de\",\"@id\":\"https:\\\/\\\/www.iemj.org\\\/de\\\/#\\\/schema\\\/logo\\\/image\\\/\",\"url\":\"https:\\\/\\\/www.iemj.org\\\/wp-content\\\/uploads\\\/2021\\\/09\\\/Logo-IEMJ-Paypal.jpg\",\"contentUrl\":\"https:\\\/\\\/www.iemj.org\\\/wp-content\\\/uploads\\\/2021\\\/09\\\/Logo-IEMJ-Paypal.jpg\",\"width\":150,\"height\":50,\"caption\":\"Institut Europ\u00e9en des Musiques Juives\"},\"image\":{\"@id\":\"https:\\\/\\\/www.iemj.org\\\/de\\\/#\\\/schema\\\/logo\\\/image\\\/\"},\"sameAs\":[\"https:\\\/\\\/www.facebook.com\\\/MusiquesJuives\\\/\",\"https:\\\/\\\/www.instagram.com\\\/musiquesjuives\\\/\",\"https:\\\/\\\/www.youtube.com\\\/user\\\/musiquesjuives\"]},{\"@type\":\"Person\",\"@id\":\"https:\\\/\\\/www.iemj.org\\\/de\\\/#\\\/schema\\\/person\\\/906134402c29d5c76e7b726261dd4bbd\",\"name\":\"Herv\u00e9 Roten\",\"image\":{\"@type\":\"ImageObject\",\"inLanguage\":\"de\",\"@id\":\"https:\\\/\\\/secure.gravatar.com\\\/avatar\\\/f96ad2db538a26481f18384936b5cd0610c92d390c4dc382209216d455f685ff?s=96&d=mm&r=g\",\"url\":\"https:\\\/\\\/secure.gravatar.com\\\/avatar\\\/f96ad2db538a26481f18384936b5cd0610c92d390c4dc382209216d455f685ff?s=96&d=mm&r=g\",\"contentUrl\":\"https:\\\/\\\/secure.gravatar.com\\\/avatar\\\/f96ad2db538a26481f18384936b5cd0610c92d390c4dc382209216d455f685ff?s=96&d=mm&r=g\",\"caption\":\"Herv\u00e9 Roten\"}}]}<\/script>\n<!-- \/ Yoast SEO plugin. -->","yoast_head_json":{"title":"Berlinski, Shalom (1918-2008) - Institut Europ\u00e9en des Musiques Juives","robots":{"index":"index","follow":"follow","max-snippet":"max-snippet:-1","max-image-preview":"max-image-preview:large","max-video-preview":"max-video-preview:-1"},"canonical":"https:\/\/www.iemj.org\/de\/berlinski-shalom-1918-2008\/","og_locale":"de_DE","og_type":"article","og_title":"Berlinski, Shalom (1918-2008) - Institut Europ\u00e9en des Musiques Juives","og_description":"Shalom Berlinski wurde am 16. Januar 1918 in Radom, einer polnischen Stadt rund 100 Kilometer von Warschau entfernt, als das j\u00fcngst von acht Kindern geboren. Sein Vater, ein Schuhfabrikant, war","og_url":"https:\/\/www.iemj.org\/de\/berlinski-shalom-1918-2008\/","og_site_name":"Institut Europ\u00e9en des Musiques Juives","article_publisher":"https:\/\/www.facebook.com\/MusiquesJuives\/","article_published_time":"2011-10-23T13:55:38+00:00","article_modified_time":"2025-09-06T16:51:23+00:00","og_image":[{"width":177,"height":218,"url":"https:\/\/www.iemj.org\/wp-content\/uploads\/2011\/10\/arton313-e1617031727743.jpg","type":"image\/jpeg"}],"author":"Herv\u00e9 Roten","twitter_card":"summary_large_image","twitter_misc":{"Verfasst von":"Herv\u00e9 Roten","Gesch\u00e4tzte Lesezeit":"4\u00a0Minuten"},"schema":{"@context":"https:\/\/schema.org","@graph":[{"@type":"Article","@id":"https:\/\/www.iemj.org\/de\/berlinski-shalom-1918-2008\/#article","isPartOf":{"@id":"https:\/\/www.iemj.org\/de\/berlinski-shalom-1918-2008\/"},"author":{"name":"Herv\u00e9 Roten","@id":"https:\/\/www.iemj.org\/de\/#\/schema\/person\/906134402c29d5c76e7b726261dd4bbd"},"headline":"Berlinski, Shalom (1918-2008)","datePublished":"2011-10-23T13:55:38+00:00","dateModified":"2025-09-06T16:51:23+00:00","mainEntityOfPage":{"@id":"https:\/\/www.iemj.org\/de\/berlinski-shalom-1918-2008\/"},"wordCount":587,"publisher":{"@id":"https:\/\/www.iemj.org\/de\/#organization"},"image":{"@id":"https:\/\/www.iemj.org\/de\/berlinski-shalom-1918-2008\/#primaryimage"},"thumbnailUrl":"https:\/\/www.iemj.org\/wp-content\/uploads\/2011\/10\/arton313-e1617031727743.jpg","articleSection":["Biografien"],"inLanguage":"de"},{"@type":"WebPage","@id":"https:\/\/www.iemj.org\/de\/berlinski-shalom-1918-2008\/","url":"https:\/\/www.iemj.org\/de\/berlinski-shalom-1918-2008\/","name":"Berlinski, Shalom (1918-2008) - Institut Europ\u00e9en des Musiques Juives","isPartOf":{"@id":"https:\/\/www.iemj.org\/de\/#website"},"primaryImageOfPage":{"@id":"https:\/\/www.iemj.org\/de\/berlinski-shalom-1918-2008\/#primaryimage"},"image":{"@id":"https:\/\/www.iemj.org\/de\/berlinski-shalom-1918-2008\/#primaryimage"},"thumbnailUrl":"https:\/\/www.iemj.org\/wp-content\/uploads\/2011\/10\/arton313-e1617031727743.jpg","datePublished":"2011-10-23T13:55:38+00:00","dateModified":"2025-09-06T16:51:23+00:00","breadcrumb":{"@id":"https:\/\/www.iemj.org\/de\/berlinski-shalom-1918-2008\/#breadcrumb"},"inLanguage":"de","potentialAction":[{"@type":"ReadAction","target":["https:\/\/www.iemj.org\/de\/berlinski-shalom-1918-2008\/"]}]},{"@type":"ImageObject","inLanguage":"de","@id":"https:\/\/www.iemj.org\/de\/berlinski-shalom-1918-2008\/#primaryimage","url":"https:\/\/www.iemj.org\/wp-content\/uploads\/2011\/10\/arton313-e1617031727743.jpg","contentUrl":"https:\/\/www.iemj.org\/wp-content\/uploads\/2011\/10\/arton313-e1617031727743.jpg","width":177,"height":218},{"@type":"BreadcrumbList","@id":"https:\/\/www.iemj.org\/de\/berlinski-shalom-1918-2008\/#breadcrumb","itemListElement":[{"@type":"ListItem","position":1,"name":"Accueil","item":"https:\/\/www.iemj.org\/de\/"},{"@type":"ListItem","position":2,"name":"Berlinski, Shalom (1918-2008)"}]},{"@type":"WebSite","@id":"https:\/\/www.iemj.org\/de\/#website","url":"https:\/\/www.iemj.org\/de\/","name":"Institut Europ\u00e9en des Musiques Juives","description":"Des traditions musicales \u00e0 la port\u00e9e de tous","publisher":{"@id":"https:\/\/www.iemj.org\/de\/#organization"},"potentialAction":[{"@type":"SearchAction","target":{"@type":"EntryPoint","urlTemplate":"https:\/\/www.iemj.org\/de\/?s={search_term_string}"},"query-input":{"@type":"PropertyValueSpecification","valueRequired":true,"valueName":"search_term_string"}}],"inLanguage":"de"},{"@type":"Organization","@id":"https:\/\/www.iemj.org\/de\/#organization","name":"Institut Europ\u00e9en des Musiques Juives","url":"https:\/\/www.iemj.org\/de\/","logo":{"@type":"ImageObject","inLanguage":"de","@id":"https:\/\/www.iemj.org\/de\/#\/schema\/logo\/image\/","url":"https:\/\/www.iemj.org\/wp-content\/uploads\/2021\/09\/Logo-IEMJ-Paypal.jpg","contentUrl":"https:\/\/www.iemj.org\/wp-content\/uploads\/2021\/09\/Logo-IEMJ-Paypal.jpg","width":150,"height":50,"caption":"Institut Europ\u00e9en des Musiques Juives"},"image":{"@id":"https:\/\/www.iemj.org\/de\/#\/schema\/logo\/image\/"},"sameAs":["https:\/\/www.facebook.com\/MusiquesJuives\/","https:\/\/www.instagram.com\/musiquesjuives\/","https:\/\/www.youtube.com\/user\/musiquesjuives"]},{"@type":"Person","@id":"https:\/\/www.iemj.org\/de\/#\/schema\/person\/906134402c29d5c76e7b726261dd4bbd","name":"Herv\u00e9 Roten","image":{"@type":"ImageObject","inLanguage":"de","@id":"https:\/\/secure.gravatar.com\/avatar\/f96ad2db538a26481f18384936b5cd0610c92d390c4dc382209216d455f685ff?s=96&d=mm&r=g","url":"https:\/\/secure.gravatar.com\/avatar\/f96ad2db538a26481f18384936b5cd0610c92d390c4dc382209216d455f685ff?s=96&d=mm&r=g","contentUrl":"https:\/\/secure.gravatar.com\/avatar\/f96ad2db538a26481f18384936b5cd0610c92d390c4dc382209216d455f685ff?s=96&d=mm&r=g","caption":"Herv\u00e9 Roten"}}]}},"_links":{"self":[{"href":"https:\/\/www.iemj.org\/de\/wp-json\/wp\/v2\/posts\/55543","targetHints":{"allow":["GET"]}}],"collection":[{"href":"https:\/\/www.iemj.org\/de\/wp-json\/wp\/v2\/posts"}],"about":[{"href":"https:\/\/www.iemj.org\/de\/wp-json\/wp\/v2\/types\/post"}],"author":[{"embeddable":true,"href":"https:\/\/www.iemj.org\/de\/wp-json\/wp\/v2\/users\/1045"}],"replies":[{"embeddable":true,"href":"https:\/\/www.iemj.org\/de\/wp-json\/wp\/v2\/comments?post=55543"}],"version-history":[{"count":0,"href":"https:\/\/www.iemj.org\/de\/wp-json\/wp\/v2\/posts\/55543\/revisions"}],"wp:featuredmedia":[{"embeddable":true,"href":"https:\/\/www.iemj.org\/de\/wp-json\/wp\/v2\/media\/55544"}],"wp:attachment":[{"href":"https:\/\/www.iemj.org\/de\/wp-json\/wp\/v2\/media?parent=55543"}],"wp:term":[{"taxonomy":"category","embeddable":true,"href":"https:\/\/www.iemj.org\/de\/wp-json\/wp\/v2\/categories?post=55543"},{"taxonomy":"post_tag","embeddable":true,"href":"https:\/\/www.iemj.org\/de\/wp-json\/wp\/v2\/tags?post=55543"},{"taxonomy":"technique","embeddable":true,"href":"https:\/\/www.iemj.org\/de\/wp-json\/wp\/v2\/technique?post=55543"},{"taxonomy":"squelettes","embeddable":true,"href":"https:\/\/www.iemj.org\/de\/wp-json\/wp\/v2\/squelettes?post=55543"},{"taxonomy":"sujet","embeddable":true,"href":"https:\/\/www.iemj.org\/de\/wp-json\/wp\/v2\/sujet?post=55543"},{"taxonomy":"formation","embeddable":true,"href":"https:\/\/www.iemj.org\/de\/wp-json\/wp\/v2\/formation?post=55543"},{"taxonomy":"genre","embeddable":true,"href":"https:\/\/www.iemj.org\/de\/wp-json\/wp\/v2\/genre?post=55543"},{"taxonomy":"fonds","embeddable":true,"href":"https:\/\/www.iemj.org\/de\/wp-json\/wp\/v2\/fonds?post=55543"},{"taxonomy":"tradition","embeddable":true,"href":"https:\/\/www.iemj.org\/de\/wp-json\/wp\/v2\/tradition?post=55543"},{"taxonomy":"type-de-contenu","embeddable":true,"href":"https:\/\/www.iemj.org\/de\/wp-json\/wp\/v2\/type-de-contenu?post=55543"},{"taxonomy":"interprete-compositeur","embeddable":true,"href":"https:\/\/www.iemj.org\/de\/wp-json\/wp\/v2\/interprete-compositeur?post=55543"},{"taxonomy":"frise","embeddable":true,"href":"https:\/\/www.iemj.org\/de\/wp-json\/wp\/v2\/frise?post=55543"},{"taxonomy":"type-devenement","embeddable":true,"href":"https:\/\/www.iemj.org\/de\/wp-json\/wp\/v2\/type-devenement?post=55543"},{"taxonomy":"tableaux-liens-externes","embeddable":true,"href":"https:\/\/www.iemj.org\/de\/wp-json\/wp\/v2\/tableaux-liens-externes?post=55543"}],"curies":[{"name":"wp","href":"https:\/\/api.w.org\/{rel}","templated":true}]}}