{"id":55656,"date":"2020-05-28T12:31:54","date_gmt":"2020-05-28T10:31:54","guid":{"rendered":"https:\/\/www.iemj.org\/cheikh-mwijo-1937-2020\/"},"modified":"2025-09-10T16:41:04","modified_gmt":"2025-09-10T14:41:04","slug":"cheikh-mwijo-1937-2020","status":"publish","type":"post","link":"https:\/\/www.iemj.org\/de\/cheikh-mwijo-1937-2020\/","title":{"rendered":"Cheikh Mwijo (1937-2020)"},"content":{"rendered":"<p>Scheich Mwijo, dessen richtiger Name Moshe Attias war, wurde 1937 in Meknes (Marokko) geboren und starb am 2. Mai 2020 in Kiryat Atta (Israel). Er war einer der gr\u00f6\u00dften Musiker der marokkanisch-j\u00fcdischen Folklore in Israel.<\/p>\n<p><!--more--><\/p>\n<p>Wie viele andere marokkanische-j\u00fcdische K\u00fcnstler, entstammt auch Moshe Attias einer Linie von S\u00e4ngern und Komponisten, welche bis zu seinem Gro\u00dfvater zur\u00fcckreicht. Sein Vater Vaakov Attia war Perkussionist und spielten neben <strong>Mordecai Elmaghribi<\/strong>, dem Vater von Slimane Elmaghribi, im Ensemble von M\u00e2alem (Meister) <strong>Ben Haroush<\/strong>. Ben Haroush lie\u00df sich in Israel nieder und Mwijo stand ihm in seinen letzten Tagen bei. Zum Dank f\u00fcr diesen Beistand, \u00fcberreiche Ben Haroush ihm seine Liederb\u00fccher, welche er selbst einst erhalten hatte.<\/p>\n<p>Dieser Liederb\u00fccher wurden zur Quelle seines gro\u00dfen und umfangreichen Repertoires. Wie viele marokkanisch-j\u00fcdische Musiker, verhielt sich Mwijo diskret in Bezug auf seine Arbeit und gewahr daher niemanden und nicht mal Forscher, Einblick in seine Notizb\u00fccher. Doch auf Anfrage von Professor Yossef Chetrit der Universit\u00e4t Haifa, nahm Mwijo eine Reihe von Liedern auf, welche aus seinem Aufzeichnungen stammten. Chetrit notierte diese Lieder, f\u00fcr sein Werk \u00fcber die jud\u00e4o-arabische Poesie Marokkos. Infolge eines Interviews aus dem Jahr 2011, erkl\u00e4rte Christopher Silver, dass Mwijo der einzige Musiker seit Ben Haroush sei, der diese Lieder beherrsche. Mwijo beanspruchte selbst, 1000 Lieder der M\u00e2alem zu kennen, was ihm den Ehrentitel \u201eSheikh\u201c (Meister) einbrachte.<\/p>\n<p><img decoding=\"async\" class=\" alignright  wp-image-28762\" src=\"https:\/\/www.iemj.org\/wp-content\/uploads\/2020\/05\/d33-30_725_couv_300px.jpg\" alt=\"d33-30_725_couv_300px.jpg\" width=\"200\" height=\"208\" align=\"right\" \/>1962 zog er im Alter von 35 Jahren nach Israel. Als er eines Tages in einem Caf\u00e9 von Haifa sa\u00df, begann er spontan ein paar Lieder zu singen, was die Caf\u00e9-Besitzer bewegte und zu Tr\u00e4nen r\u00fchrte. Dieses Ereignis, zusammen mit der Zeit der Arbeitslosigkeit, welche er durchleben musste, aber auch seine au\u00dferordentliche Kenntnis des famili\u00e4ren Liederrepertoires und seine einzigartige Stimme, brachten ihn dazu, eine Vollzeit-Musikkarriere zu starten.<\/p>\n<p>Er begann zu singen und Mandoline zu spielen. Bei der Mandoline handelt es sich um ein Instrument, welches vor allem in der algerischen Musik zum Einsatz kommt. Nach kurzer Zeit wechselte er zur <em>Kemanja<\/em>, einer maghrebinischen Geige, welche vertikal gespielt wird.<\/p>\n<p>Zwischen 1962 und 1970 schrieb und verkaufte Mwijo seinem Freund aus Mekn\u00e8s, <strong>Sliman Elmaghribi<\/strong>, rund 40 Lieder. 1969 begann Mwijo seine eigenen Lieder, bei dem Label Koliphone \/ Zakiphon aufzunehmen.\u00a0<br \/>\u00dcber seine gesamte Karriere hinweg, blieb Mwijo ein unauff\u00e4lliger K\u00fcnstler, innerhalb der israelischen Musikszene. Im Gegensatz zu den meisten zeitgen\u00f6ssischen marokkanisch-j\u00fcdischen K\u00fcnstlern, blieb er seiner Heimatgemeinde sehr verbunden und spielte fast ausschlie\u00dflich f\u00fcr Familien- und Gemeindeveranstaltungen. Obwohl er mehr als 100 Alben aufgenommen hat, blieben doch seine Konzerte eine Haupteinnahmequelle. Au\u00dferdem, erlebte Mwijo, anders als seine Zeitgenossen <strong>Jo Amar<\/strong> und <strong>Samy Elmaghribi<\/strong>, welche beide internationale Anerkennung erlangten, den Gro\u00dfteil seiner Karriere in der marokkanisch-israelischen Szene.<\/p>\n<p>Mwijo war ein facettenreicher K\u00fcnstler. Sein Repertoire war vielf\u00e4ltig, in Bezug auf Textgattungen und Musikstile. Doch er blieb dem Maghrebinischen Arabisch, versehen mit einem Akzent aus Mekn\u00e8s, treu. Diese Tatsache beweist seinen Widerstand, gegen die zionistische Ideologie der Wiederbelebung der hebr\u00e4ischen Sprache und der damit verbundenen israelischen Kultur. Selbst wenn Mwijo auf Hebr\u00e4isch sang, war seine Sprache doch von arabischen Vokabeln und grammatikalischen Formulierungen gepr\u00e4gt. Dieser Stil beschr\u00e4nkte ihn auf ein kleines Publikum. Doch heute betrachten viele Israelis marokkanischer Abstammung, Mwijo als einen ikonischen K\u00fcnstler der marokkanischen Musik, weil er sich der arabischen Umgangssprache bediente.<\/p>\n<p>Sein Repertoire zeigt auch die Zwiesp\u00e4ltigkeit der marokkanisch-j\u00fcdischen Identit\u00e4t. Religi\u00f6se Inbrunst vermischt sich mit modernen s\u00e4kularen Praktiken und traditioneller Musik und traditionellen Texten und verschmilzt mit verschiedenen zeitgen\u00f6ssischen urbanen Stilen.<\/p>\n<p>Die Verehrung von Heiligenfiguren ist ein wichtiger Brauch der marokkanischen Fr\u00f6mmigkeit; <em>Hilulot<\/em> (j\u00e4hrliche Feiern zum Tod gro\u00dfer Rabbiner) geh\u00f6rten zu den wichtigsten Auftritten von Mwijo in Israel und anderswo.<\/p>\n<p>Scheich Mwijo nahm nur wenige Pijjut und Bakashot im marokkanisch-andalusischen Stil auf. Er komponierte und sang jedoch zahlreiche Pijjut auf Hebr\u00e4isch und Arabisch auf Hebr\u00e4isch, zu Ehren der marokkanischen Tsaddikim (Weisen).\u00a0 Unter den gro\u00dfen Rabbinern, denen er Tribut zollte, befinden sich im Besonderen Mitglieder der Abuhatzira-Dynastie, beginnend bei deren Gr\u00fcnder, R. Yaacov Abuhatzira.<\/p>\n<p><img decoding=\"async\" class=\" alignleft  wp-image-28764\" src=\"https:\/\/www.iemj.org\/wp-content\/uploads\/2020\/05\/d33-30_728_couv_300px.jpg\" alt=\"d33-30_728_couv_300px.jpg\" width=\"200\" height=\"208\" align=\"left\" \/>In den 1970er Jahren trat er vor allem im Ausland und h\u00e4ufig in Frankreich auf. Bei einem dieser Aufenthalte in Frankreich, bat ihn ein Marokkaner, ein Konzert in Deutschland zu geben. Auch nachdem ihm 10000 Deutsche Mark angeboten wurden, eine zur damaligen Zeit sehr hohe Summe, lehnte Mwijo dieses Angebot ausdr\u00fccklich ab und begr\u00fcndete dies mit der Shoah. Anschlie\u00dfend ging er ins Casino, spielte am Automaten und gewann das \u00c4quivalent zu 10000 Deutsche Mark!<\/p>\n<p>Der vorherrschende Stil der arabischen Lieder von Mwijo, ist der algerische Ch\u00e2abi. Er zog den \u201ezarteren und feineren\u201c algerischen Gesangsstil, wie er es selbst mit eigenen Worten formulierte, dem marokkanischen Gesangstil vor, obwohl Melhoun-Lieder des marokkanischen Stils ein fester Bestandteil seines Repertoires waren. Doch mit Fortschreiten seiner Karriere, vervielf\u00e4ltigte er sein Repertoire und vergr\u00f6\u00dferte sein Publikum, indem er auch Lieder auf Hebr\u00e4isch aufnahm. Nach der Ermordung von Yitzhak Rabin, nahm Mwijo ein bewegendes Lied, zu seinen Ehren mit t\u00fcrkischer Musik auf. Schlie\u00dflich arbeitete er auch mit zahlreichen K\u00fcnstlern zusammen, darunter der Pianist Maurice El Medioni und sein B\u00fchnenpartner, der Oud-Spieler Nino Bitton.<\/p>\n<p>Zu seinen bekanntesten Lieder geh\u00f6ren \u201e<em>Tanjiya\u201c,<\/em> \u201e<em>Ma Kayan Kheir\u201c,<\/em> \u201e<em>Ibrahim Al-Khalil<\/em>\u201c, <em>\u201eA ibad Allah<\/em>\u201c, \u201e<em>A labnat\u201c <\/em>und \u201e<em>Ghazali houa Sabab<\/em>\u201c.<\/p>\n<p>Quelle: <a href=\"https:\/\/jewish-music.huji.ac.il\/content\/22934\">Jewish Music Research Center, Edwin Seroussi<\/a><\/p>\n<p><a href=\"http:\/\/www.rachelnet.net\/F\/?func=find-c&amp;ccl_term=WRD+%3D+Mwijo+OR+WRD+%3D+Mouizo&amp;local_base=iemcg\" target=\"_blank\" rel=\"noopener\">Greifen Sie auf unsere Sammlungen \u00fcber Cheikh Mwijo zu<\/a><\/p>\n\n\n<figure class=\"wp-block-embed is-type-video is-provider-youtube wp-block-embed-youtube wp-embed-aspect-4-3 wp-has-aspect-ratio\"><div class=\"wp-block-embed__wrapper\">\n<iframe title=\"Chekh Mwijo - Lgusla Di Fas - 1974\" width=\"640\" height=\"480\" src=\"https:\/\/www.youtube.com\/embed\/d4-1pngT6iQ?feature=oembed\" frameborder=\"0\" allow=\"accelerometer; autoplay; clipboard-write; encrypted-media; gyroscope; picture-in-picture; web-share\" referrerpolicy=\"strict-origin-when-cross-origin\" allowfullscreen><\/iframe>\n<\/div><\/figure>\n\n\n\n<h2 class=\"wp-block-heading\"><\/h2>\n\n\n<div class=\"wp-block-image\">\n<figure class=\"aligncenter size-large\"><img fetchpriority=\"high\" decoding=\"async\" width=\"1024\" height=\"133\" src=\"https:\/\/www.iemj.org\/wp-content\/uploads\/2024\/03\/AUDIO-PLAYER-1024x133.png\" alt=\"\" class=\"wp-image-110606\" srcset=\"https:\/\/www.iemj.org\/wp-content\/uploads\/2024\/03\/AUDIO-PLAYER-1024x133.png 1024w, https:\/\/www.iemj.org\/wp-content\/uploads\/2024\/03\/AUDIO-PLAYER-300x39.png 300w, https:\/\/www.iemj.org\/wp-content\/uploads\/2024\/03\/AUDIO-PLAYER-768x100.png 768w, https:\/\/www.iemj.org\/wp-content\/uploads\/2024\/03\/AUDIO-PLAYER-600x78.png 600w, https:\/\/www.iemj.org\/wp-content\/uploads\/2024\/03\/AUDIO-PLAYER.png 1210w\" sizes=\"(max-width: 1024px) 100vw, 1024px\" \/><\/figure>\n<\/div>\n\n\n<div class=\"wp-block-file\"><a href=\"https:\/\/www.iemj.org\/wp-content\/uploads\/2020\/05\/01_mal_hbibi.mp3\">Mal Hbibi<\/a><\/div>\n\n\n\n<div class=\"wp-block-file\"><a href=\"https:\/\/www.iemj.org\/wp-content\/uploads\/2020\/05\/02_nahar_eziara.mp3\">Nahar Eziara<\/a><\/div>\n\n\n\n<div class=\"wp-block-file\"><a href=\"https:\/\/www.iemj.org\/wp-content\/uploads\/2020\/05\/03_ouahran_el_bahia.mp3\">Ouahran El Bahia<\/a><\/div>\n\n\n\n<div class=\"wp-block-file\"><a href=\"https:\/\/www.iemj.org\/wp-content\/uploads\/2020\/05\/04_ya_mabrek.mp3\">Ya Mabrek<\/a><\/div>\n\n\n\n<div class=\"wp-block-file\"><a href=\"https:\/\/www.iemj.org\/wp-content\/uploads\/2020\/05\/05_haremtoubik_nouassi.mp3\">Haremtoubik Nouassi<\/a><\/div>\n\n\n\n<p><\/p>\n","protected":false},"excerpt":{"rendered":"<p>Scheich Mwijo, dessen richtiger Name Moshe Attias war, wurde 1937 in Meknes (Marokko) geboren und starb am 2. Mai 2020 in Kiryat Atta (Israel). Er war einer der gr\u00f6\u00dften Musiker<\/p>\n","protected":false},"author":1048,"featured_media":55657,"comment_status":"closed","ping_status":"closed","sticky":false,"template":"","format":"standard","meta":{"_acf_changed":false,"footnotes":""},"categories":[1415],"tags":[],"technique":[],"squelettes":[],"sujet":[],"formation":[],"genre":[1914],"fonds":[],"tradition":[],"type-de-contenu":[],"interprete-compositeur":[],"frise":[],"type-devenement":[],"tableaux-liens-externes":[],"class_list":["post-55656","post","type-post","status-publish","format-standard","has-post-thumbnail","hentry","category-biografien-de","genre-oriental-de"],"acf":[],"yoast_head":"<!-- This site is optimized with the Yoast SEO plugin v27.3 - https:\/\/yoast.com\/product\/yoast-seo-wordpress\/ -->\n<title>Cheikh Mwijo (1937-2020) - Institut Europ\u00e9en des Musiques Juives<\/title>\n<meta name=\"robots\" content=\"index, follow, max-snippet:-1, max-image-preview:large, max-video-preview:-1\" \/>\n<link rel=\"canonical\" href=\"https:\/\/www.iemj.org\/de\/cheikh-mwijo-1937-2020\/\" \/>\n<meta property=\"og:locale\" content=\"de_DE\" \/>\n<meta property=\"og:type\" content=\"article\" \/>\n<meta property=\"og:title\" content=\"Cheikh Mwijo (1937-2020) - Institut Europ\u00e9en des Musiques Juives\" \/>\n<meta property=\"og:description\" content=\"Scheich Mwijo, dessen richtiger Name Moshe Attias war, wurde 1937 in Meknes (Marokko) geboren und starb am 2. Mai 2020 in Kiryat Atta (Israel). Er war einer der gr\u00f6\u00dften Musiker\" \/>\n<meta property=\"og:url\" content=\"https:\/\/www.iemj.org\/de\/cheikh-mwijo-1937-2020\/\" \/>\n<meta property=\"og:site_name\" content=\"Institut Europ\u00e9en des Musiques Juives\" \/>\n<meta property=\"article:publisher\" content=\"https:\/\/www.facebook.com\/MusiquesJuives\/\" \/>\n<meta property=\"article:published_time\" content=\"2020-05-28T10:31:54+00:00\" \/>\n<meta property=\"article:modified_time\" content=\"2025-09-10T14:41:04+00:00\" \/>\n<meta property=\"og:image\" content=\"https:\/\/www.iemj.org\/wp-content\/uploads\/2020\/05\/arton4762-e1617013366354.jpg\" \/>\n\t<meta property=\"og:image:width\" content=\"188\" \/>\n\t<meta property=\"og:image:height\" content=\"218\" \/>\n\t<meta property=\"og:image:type\" content=\"image\/jpeg\" \/>\n<meta name=\"author\" content=\"Jean-Gabriel Davis\" \/>\n<meta name=\"twitter:card\" content=\"summary_large_image\" \/>\n<meta name=\"twitter:label1\" content=\"Verfasst von\" \/>\n\t<meta name=\"twitter:data1\" content=\"Jean-Gabriel Davis\" \/>\n\t<meta name=\"twitter:label2\" content=\"Gesch\u00e4tzte Lesezeit\" \/>\n\t<meta name=\"twitter:data2\" content=\"6\u00a0Minuten\" \/>\n<script type=\"application\/ld+json\" class=\"yoast-schema-graph\">{\"@context\":\"https:\\\/\\\/schema.org\",\"@graph\":[{\"@type\":\"Article\",\"@id\":\"https:\\\/\\\/www.iemj.org\\\/de\\\/cheikh-mwijo-1937-2020\\\/#article\",\"isPartOf\":{\"@id\":\"https:\\\/\\\/www.iemj.org\\\/de\\\/cheikh-mwijo-1937-2020\\\/\"},\"author\":{\"name\":\"Jean-Gabriel Davis\",\"@id\":\"https:\\\/\\\/www.iemj.org\\\/de\\\/#\\\/schema\\\/person\\\/c9bc1c386a3749579a2d675e72a18666\"},\"headline\":\"Cheikh Mwijo (1937-2020)\",\"datePublished\":\"2020-05-28T10:31:54+00:00\",\"dateModified\":\"2025-09-10T14:41:04+00:00\",\"mainEntityOfPage\":{\"@id\":\"https:\\\/\\\/www.iemj.org\\\/de\\\/cheikh-mwijo-1937-2020\\\/\"},\"wordCount\":927,\"publisher\":{\"@id\":\"https:\\\/\\\/www.iemj.org\\\/de\\\/#organization\"},\"image\":{\"@id\":\"https:\\\/\\\/www.iemj.org\\\/de\\\/cheikh-mwijo-1937-2020\\\/#primaryimage\"},\"thumbnailUrl\":\"https:\\\/\\\/www.iemj.org\\\/wp-content\\\/uploads\\\/2020\\\/05\\\/arton4762-e1617013366354.jpg\",\"articleSection\":[\"Biografien\"],\"inLanguage\":\"de\"},{\"@type\":\"WebPage\",\"@id\":\"https:\\\/\\\/www.iemj.org\\\/de\\\/cheikh-mwijo-1937-2020\\\/\",\"url\":\"https:\\\/\\\/www.iemj.org\\\/de\\\/cheikh-mwijo-1937-2020\\\/\",\"name\":\"Cheikh Mwijo (1937-2020) - Institut Europ\u00e9en des Musiques Juives\",\"isPartOf\":{\"@id\":\"https:\\\/\\\/www.iemj.org\\\/de\\\/#website\"},\"primaryImageOfPage\":{\"@id\":\"https:\\\/\\\/www.iemj.org\\\/de\\\/cheikh-mwijo-1937-2020\\\/#primaryimage\"},\"image\":{\"@id\":\"https:\\\/\\\/www.iemj.org\\\/de\\\/cheikh-mwijo-1937-2020\\\/#primaryimage\"},\"thumbnailUrl\":\"https:\\\/\\\/www.iemj.org\\\/wp-content\\\/uploads\\\/2020\\\/05\\\/arton4762-e1617013366354.jpg\",\"datePublished\":\"2020-05-28T10:31:54+00:00\",\"dateModified\":\"2025-09-10T14:41:04+00:00\",\"breadcrumb\":{\"@id\":\"https:\\\/\\\/www.iemj.org\\\/de\\\/cheikh-mwijo-1937-2020\\\/#breadcrumb\"},\"inLanguage\":\"de\",\"potentialAction\":[{\"@type\":\"ReadAction\",\"target\":[\"https:\\\/\\\/www.iemj.org\\\/de\\\/cheikh-mwijo-1937-2020\\\/\"]}]},{\"@type\":\"ImageObject\",\"inLanguage\":\"de\",\"@id\":\"https:\\\/\\\/www.iemj.org\\\/de\\\/cheikh-mwijo-1937-2020\\\/#primaryimage\",\"url\":\"https:\\\/\\\/www.iemj.org\\\/wp-content\\\/uploads\\\/2020\\\/05\\\/arton4762-e1617013366354.jpg\",\"contentUrl\":\"https:\\\/\\\/www.iemj.org\\\/wp-content\\\/uploads\\\/2020\\\/05\\\/arton4762-e1617013366354.jpg\",\"width\":188,\"height\":218},{\"@type\":\"BreadcrumbList\",\"@id\":\"https:\\\/\\\/www.iemj.org\\\/de\\\/cheikh-mwijo-1937-2020\\\/#breadcrumb\",\"itemListElement\":[{\"@type\":\"ListItem\",\"position\":1,\"name\":\"Accueil\",\"item\":\"https:\\\/\\\/www.iemj.org\\\/de\\\/\"},{\"@type\":\"ListItem\",\"position\":2,\"name\":\"Cheikh Mwijo (1937-2020)\"}]},{\"@type\":\"WebSite\",\"@id\":\"https:\\\/\\\/www.iemj.org\\\/de\\\/#website\",\"url\":\"https:\\\/\\\/www.iemj.org\\\/de\\\/\",\"name\":\"Institut Europ\u00e9en des Musiques Juives\",\"description\":\"Des traditions musicales \u00e0 la port\u00e9e de tous\",\"publisher\":{\"@id\":\"https:\\\/\\\/www.iemj.org\\\/de\\\/#organization\"},\"potentialAction\":[{\"@type\":\"SearchAction\",\"target\":{\"@type\":\"EntryPoint\",\"urlTemplate\":\"https:\\\/\\\/www.iemj.org\\\/de\\\/?s={search_term_string}\"},\"query-input\":{\"@type\":\"PropertyValueSpecification\",\"valueRequired\":true,\"valueName\":\"search_term_string\"}}],\"inLanguage\":\"de\"},{\"@type\":\"Organization\",\"@id\":\"https:\\\/\\\/www.iemj.org\\\/de\\\/#organization\",\"name\":\"Institut Europ\u00e9en des Musiques Juives\",\"url\":\"https:\\\/\\\/www.iemj.org\\\/de\\\/\",\"logo\":{\"@type\":\"ImageObject\",\"inLanguage\":\"de\",\"@id\":\"https:\\\/\\\/www.iemj.org\\\/de\\\/#\\\/schema\\\/logo\\\/image\\\/\",\"url\":\"https:\\\/\\\/www.iemj.org\\\/wp-content\\\/uploads\\\/2021\\\/09\\\/Logo-IEMJ-Paypal.jpg\",\"contentUrl\":\"https:\\\/\\\/www.iemj.org\\\/wp-content\\\/uploads\\\/2021\\\/09\\\/Logo-IEMJ-Paypal.jpg\",\"width\":150,\"height\":50,\"caption\":\"Institut Europ\u00e9en des Musiques Juives\"},\"image\":{\"@id\":\"https:\\\/\\\/www.iemj.org\\\/de\\\/#\\\/schema\\\/logo\\\/image\\\/\"},\"sameAs\":[\"https:\\\/\\\/www.facebook.com\\\/MusiquesJuives\\\/\",\"https:\\\/\\\/www.instagram.com\\\/musiquesjuives\\\/\",\"https:\\\/\\\/www.youtube.com\\\/user\\\/musiquesjuives\"]},{\"@type\":\"Person\",\"@id\":\"https:\\\/\\\/www.iemj.org\\\/de\\\/#\\\/schema\\\/person\\\/c9bc1c386a3749579a2d675e72a18666\",\"name\":\"Jean-Gabriel Davis\",\"image\":{\"@type\":\"ImageObject\",\"inLanguage\":\"de\",\"@id\":\"https:\\\/\\\/secure.gravatar.com\\\/avatar\\\/2b90d67bdf392c9b3a21fab87c0fa7edaf1fb3a058172a1ffd61033fcec7aec1?s=96&d=mm&r=g\",\"url\":\"https:\\\/\\\/secure.gravatar.com\\\/avatar\\\/2b90d67bdf392c9b3a21fab87c0fa7edaf1fb3a058172a1ffd61033fcec7aec1?s=96&d=mm&r=g\",\"contentUrl\":\"https:\\\/\\\/secure.gravatar.com\\\/avatar\\\/2b90d67bdf392c9b3a21fab87c0fa7edaf1fb3a058172a1ffd61033fcec7aec1?s=96&d=mm&r=g\",\"caption\":\"Jean-Gabriel Davis\"}}]}<\/script>\n<!-- \/ Yoast SEO plugin. -->","yoast_head_json":{"title":"Cheikh Mwijo (1937-2020) - Institut Europ\u00e9en des Musiques Juives","robots":{"index":"index","follow":"follow","max-snippet":"max-snippet:-1","max-image-preview":"max-image-preview:large","max-video-preview":"max-video-preview:-1"},"canonical":"https:\/\/www.iemj.org\/de\/cheikh-mwijo-1937-2020\/","og_locale":"de_DE","og_type":"article","og_title":"Cheikh Mwijo (1937-2020) - Institut Europ\u00e9en des Musiques Juives","og_description":"Scheich Mwijo, dessen richtiger Name Moshe Attias war, wurde 1937 in Meknes (Marokko) geboren und starb am 2. Mai 2020 in Kiryat Atta (Israel). Er war einer der gr\u00f6\u00dften Musiker","og_url":"https:\/\/www.iemj.org\/de\/cheikh-mwijo-1937-2020\/","og_site_name":"Institut Europ\u00e9en des Musiques Juives","article_publisher":"https:\/\/www.facebook.com\/MusiquesJuives\/","article_published_time":"2020-05-28T10:31:54+00:00","article_modified_time":"2025-09-10T14:41:04+00:00","og_image":[{"width":188,"height":218,"url":"https:\/\/www.iemj.org\/wp-content\/uploads\/2020\/05\/arton4762-e1617013366354.jpg","type":"image\/jpeg"}],"author":"Jean-Gabriel Davis","twitter_card":"summary_large_image","twitter_misc":{"Verfasst von":"Jean-Gabriel Davis","Gesch\u00e4tzte Lesezeit":"6\u00a0Minuten"},"schema":{"@context":"https:\/\/schema.org","@graph":[{"@type":"Article","@id":"https:\/\/www.iemj.org\/de\/cheikh-mwijo-1937-2020\/#article","isPartOf":{"@id":"https:\/\/www.iemj.org\/de\/cheikh-mwijo-1937-2020\/"},"author":{"name":"Jean-Gabriel Davis","@id":"https:\/\/www.iemj.org\/de\/#\/schema\/person\/c9bc1c386a3749579a2d675e72a18666"},"headline":"Cheikh Mwijo (1937-2020)","datePublished":"2020-05-28T10:31:54+00:00","dateModified":"2025-09-10T14:41:04+00:00","mainEntityOfPage":{"@id":"https:\/\/www.iemj.org\/de\/cheikh-mwijo-1937-2020\/"},"wordCount":927,"publisher":{"@id":"https:\/\/www.iemj.org\/de\/#organization"},"image":{"@id":"https:\/\/www.iemj.org\/de\/cheikh-mwijo-1937-2020\/#primaryimage"},"thumbnailUrl":"https:\/\/www.iemj.org\/wp-content\/uploads\/2020\/05\/arton4762-e1617013366354.jpg","articleSection":["Biografien"],"inLanguage":"de"},{"@type":"WebPage","@id":"https:\/\/www.iemj.org\/de\/cheikh-mwijo-1937-2020\/","url":"https:\/\/www.iemj.org\/de\/cheikh-mwijo-1937-2020\/","name":"Cheikh Mwijo (1937-2020) - Institut Europ\u00e9en des Musiques Juives","isPartOf":{"@id":"https:\/\/www.iemj.org\/de\/#website"},"primaryImageOfPage":{"@id":"https:\/\/www.iemj.org\/de\/cheikh-mwijo-1937-2020\/#primaryimage"},"image":{"@id":"https:\/\/www.iemj.org\/de\/cheikh-mwijo-1937-2020\/#primaryimage"},"thumbnailUrl":"https:\/\/www.iemj.org\/wp-content\/uploads\/2020\/05\/arton4762-e1617013366354.jpg","datePublished":"2020-05-28T10:31:54+00:00","dateModified":"2025-09-10T14:41:04+00:00","breadcrumb":{"@id":"https:\/\/www.iemj.org\/de\/cheikh-mwijo-1937-2020\/#breadcrumb"},"inLanguage":"de","potentialAction":[{"@type":"ReadAction","target":["https:\/\/www.iemj.org\/de\/cheikh-mwijo-1937-2020\/"]}]},{"@type":"ImageObject","inLanguage":"de","@id":"https:\/\/www.iemj.org\/de\/cheikh-mwijo-1937-2020\/#primaryimage","url":"https:\/\/www.iemj.org\/wp-content\/uploads\/2020\/05\/arton4762-e1617013366354.jpg","contentUrl":"https:\/\/www.iemj.org\/wp-content\/uploads\/2020\/05\/arton4762-e1617013366354.jpg","width":188,"height":218},{"@type":"BreadcrumbList","@id":"https:\/\/www.iemj.org\/de\/cheikh-mwijo-1937-2020\/#breadcrumb","itemListElement":[{"@type":"ListItem","position":1,"name":"Accueil","item":"https:\/\/www.iemj.org\/de\/"},{"@type":"ListItem","position":2,"name":"Cheikh Mwijo (1937-2020)"}]},{"@type":"WebSite","@id":"https:\/\/www.iemj.org\/de\/#website","url":"https:\/\/www.iemj.org\/de\/","name":"Institut Europ\u00e9en des Musiques Juives","description":"Des traditions musicales \u00e0 la port\u00e9e de tous","publisher":{"@id":"https:\/\/www.iemj.org\/de\/#organization"},"potentialAction":[{"@type":"SearchAction","target":{"@type":"EntryPoint","urlTemplate":"https:\/\/www.iemj.org\/de\/?s={search_term_string}"},"query-input":{"@type":"PropertyValueSpecification","valueRequired":true,"valueName":"search_term_string"}}],"inLanguage":"de"},{"@type":"Organization","@id":"https:\/\/www.iemj.org\/de\/#organization","name":"Institut Europ\u00e9en des Musiques Juives","url":"https:\/\/www.iemj.org\/de\/","logo":{"@type":"ImageObject","inLanguage":"de","@id":"https:\/\/www.iemj.org\/de\/#\/schema\/logo\/image\/","url":"https:\/\/www.iemj.org\/wp-content\/uploads\/2021\/09\/Logo-IEMJ-Paypal.jpg","contentUrl":"https:\/\/www.iemj.org\/wp-content\/uploads\/2021\/09\/Logo-IEMJ-Paypal.jpg","width":150,"height":50,"caption":"Institut Europ\u00e9en des Musiques Juives"},"image":{"@id":"https:\/\/www.iemj.org\/de\/#\/schema\/logo\/image\/"},"sameAs":["https:\/\/www.facebook.com\/MusiquesJuives\/","https:\/\/www.instagram.com\/musiquesjuives\/","https:\/\/www.youtube.com\/user\/musiquesjuives"]},{"@type":"Person","@id":"https:\/\/www.iemj.org\/de\/#\/schema\/person\/c9bc1c386a3749579a2d675e72a18666","name":"Jean-Gabriel Davis","image":{"@type":"ImageObject","inLanguage":"de","@id":"https:\/\/secure.gravatar.com\/avatar\/2b90d67bdf392c9b3a21fab87c0fa7edaf1fb3a058172a1ffd61033fcec7aec1?s=96&d=mm&r=g","url":"https:\/\/secure.gravatar.com\/avatar\/2b90d67bdf392c9b3a21fab87c0fa7edaf1fb3a058172a1ffd61033fcec7aec1?s=96&d=mm&r=g","contentUrl":"https:\/\/secure.gravatar.com\/avatar\/2b90d67bdf392c9b3a21fab87c0fa7edaf1fb3a058172a1ffd61033fcec7aec1?s=96&d=mm&r=g","caption":"Jean-Gabriel Davis"}}]}},"_links":{"self":[{"href":"https:\/\/www.iemj.org\/de\/wp-json\/wp\/v2\/posts\/55656","targetHints":{"allow":["GET"]}}],"collection":[{"href":"https:\/\/www.iemj.org\/de\/wp-json\/wp\/v2\/posts"}],"about":[{"href":"https:\/\/www.iemj.org\/de\/wp-json\/wp\/v2\/types\/post"}],"author":[{"embeddable":true,"href":"https:\/\/www.iemj.org\/de\/wp-json\/wp\/v2\/users\/1048"}],"replies":[{"embeddable":true,"href":"https:\/\/www.iemj.org\/de\/wp-json\/wp\/v2\/comments?post=55656"}],"version-history":[{"count":0,"href":"https:\/\/www.iemj.org\/de\/wp-json\/wp\/v2\/posts\/55656\/revisions"}],"wp:featuredmedia":[{"embeddable":true,"href":"https:\/\/www.iemj.org\/de\/wp-json\/wp\/v2\/media\/55657"}],"wp:attachment":[{"href":"https:\/\/www.iemj.org\/de\/wp-json\/wp\/v2\/media?parent=55656"}],"wp:term":[{"taxonomy":"category","embeddable":true,"href":"https:\/\/www.iemj.org\/de\/wp-json\/wp\/v2\/categories?post=55656"},{"taxonomy":"post_tag","embeddable":true,"href":"https:\/\/www.iemj.org\/de\/wp-json\/wp\/v2\/tags?post=55656"},{"taxonomy":"technique","embeddable":true,"href":"https:\/\/www.iemj.org\/de\/wp-json\/wp\/v2\/technique?post=55656"},{"taxonomy":"squelettes","embeddable":true,"href":"https:\/\/www.iemj.org\/de\/wp-json\/wp\/v2\/squelettes?post=55656"},{"taxonomy":"sujet","embeddable":true,"href":"https:\/\/www.iemj.org\/de\/wp-json\/wp\/v2\/sujet?post=55656"},{"taxonomy":"formation","embeddable":true,"href":"https:\/\/www.iemj.org\/de\/wp-json\/wp\/v2\/formation?post=55656"},{"taxonomy":"genre","embeddable":true,"href":"https:\/\/www.iemj.org\/de\/wp-json\/wp\/v2\/genre?post=55656"},{"taxonomy":"fonds","embeddable":true,"href":"https:\/\/www.iemj.org\/de\/wp-json\/wp\/v2\/fonds?post=55656"},{"taxonomy":"tradition","embeddable":true,"href":"https:\/\/www.iemj.org\/de\/wp-json\/wp\/v2\/tradition?post=55656"},{"taxonomy":"type-de-contenu","embeddable":true,"href":"https:\/\/www.iemj.org\/de\/wp-json\/wp\/v2\/type-de-contenu?post=55656"},{"taxonomy":"interprete-compositeur","embeddable":true,"href":"https:\/\/www.iemj.org\/de\/wp-json\/wp\/v2\/interprete-compositeur?post=55656"},{"taxonomy":"frise","embeddable":true,"href":"https:\/\/www.iemj.org\/de\/wp-json\/wp\/v2\/frise?post=55656"},{"taxonomy":"type-devenement","embeddable":true,"href":"https:\/\/www.iemj.org\/de\/wp-json\/wp\/v2\/type-devenement?post=55656"},{"taxonomy":"tableaux-liens-externes","embeddable":true,"href":"https:\/\/www.iemj.org\/de\/wp-json\/wp\/v2\/tableaux-liens-externes?post=55656"}],"curies":[{"name":"wp","href":"https:\/\/api.w.org\/{rel}","templated":true}]}}