{"id":55745,"date":"2016-11-16T10:13:41","date_gmt":"2016-11-16T09:13:41","guid":{"rendered":"https:\/\/www.iemj.org\/cheikh-raymond-1912-1961\/"},"modified":"2021-07-15T16:44:40","modified_gmt":"2021-07-15T14:44:40","slug":"cheikh-raymond-1912-1961","status":"publish","type":"post","link":"https:\/\/www.iemj.org\/de\/cheikh-raymond-1912-1961\/","title":{"rendered":"Cheikh Raymond (1912-1961)"},"content":{"rendered":"<p>Cheikh Raymond ist ein Meister der arabisch-andalusischen Musik und ein Symbol f\u00fcr die j\u00fcdisch-arabische Br\u00fcderlichkeit, welche zwischen den 1930er und den 1950er Jahren zum Ausdruck kam. Seine Ermordung durch die FNL im Jahr 1961 kennzeichnete den Beginn des gro\u00dfen Weggang der j\u00fcdischen Gemeinschaft, einerseits aus der Stadt Constantine und allgemeiner aus Algerien.<\/p>\n<p><!--more--><\/p>\n<p>Raymond Leyris wurde 1912 als Sohn eines aus Batna, der Hauptstadt des Aur\u00e8s stammenden Vaters und einer franz\u00f6sischen Mutter geboren. Seine Mutter gab ihn, nachdem sein Vater an der Somme-Front w\u00e4hrend des Ersten Weltkriegs gefallen war, ab und er wurde schlie\u00dflich von einer sehr armen, religi\u00f6sen j\u00fcdischen Familie adoptiert.<\/p>\n<p>Von der Musik angelockt, \u00fcbte er sich im Malouf, gemeinsam mit den Cheikhs Omar Chaklab und Abdelkrim Bestadji. Der Malouf ist die konstantische Form der Kunstmusik in der arabisch-andalusischen Musiktradition. Als geteiltes Erbe von Muslimen und Juden, feiert der Malouf die h\u00f6fische Liebe und den Impetus zu Gott. In Nordafrika und im gesamten arabisch-muslimischen Raum wurde diese Musik lebendig gehalten, jedoch haben die erlernten Modi, aufgrund einer im Wesentlichen m\u00fcndliche \u00dcberlieferung zu zahlreichen Verlusten gef\u00fchrt. Die Instrumente des Malouf sind die Laute, die Zither und die Oud, das Tamburin, die Bratsche und die Beduinenfl\u00f6te, letztere ist typisch f\u00fcr Constantine.<\/p>\n<p>Allm\u00e4hlich wurde Cheikh Raymond seinen Lehrmeistern ebenb\u00fcrtig und wurde sowohl von algerischen Juden als auch Muslimen gesch\u00e4tzt, welche ihn ab Mitte der 1930er Jahre als Zeichen des Respekts \u201eCheikh Raymond\u201c nannten. Als Oud-Virtuose (eine arabische Laute) spielt er auf j\u00fcdischen und muslimischen Familienfesten und auf Konzerten; er hatte au\u00dferdem eine w\u00f6chentliche Radiosendung, sowie eine regelm\u00e4\u00dfige Fernsehsendung und nahm zwischen 1956 und 1961 etwa drei\u00dfig LPs auf, zus\u00e4tzlich zu zahlreichen Schallplatten. Zu seinem Orchester geh\u00f6rten Nathan Bentari, Ha\u00efm Benbala, Larbi Belamri, Abdelhak, aber auch der Geiger Sylvain Ghrenassia und dessen Sohn Gaston, ein Gitarrist, welcher sp\u00e4ter Cheikh Raymonds Tochter Suzy heiratete und unter dem Namen <a href=\"https:\/\/www.iemj.org\/en\/macias-enrico-1938\/\" target=\"_blank\" rel=\"noopener\">Enrico Macias<\/a> ber\u00fchmt wurde.<\/p>\n<p>Am 22. Juni 1961 wurde Cheikh Raymond von der FNL mit einer Kugel in den Nacken ermordet, als er gerade zum Einkaufen im Souk von Constantine war. Sein Tod wurde von den 40000 Juden von Constantine (das war fast die H\u00e4lfte der Stadtbev\u00f6lkerung) als endg\u00fcltige Z\u00e4sur empfunden, welche die Unm\u00f6glichkeit eines Verbliebs in Algerien offenbarte.<\/p>\n<p>Cheikh Raymonds Musik blieb dank des Einsatzes seines Sohnes Jacques Leyris, Enrico Macias und des Professoren Rapha\u00ebl Dra\u00ef (zal) erhalten. Letzterer war in den 1970er Jahren der erste, der sein Andenken wiederbelebte. Der Musiker und Musikwissenschaftler Taoufik Bestadji ist der Enkel von Cheikh Abdelkrim Bestadji, hat au\u00dferdem auch die von seinem Vater aufbewahrten Aufnahmen studiert.<\/p>\n<p>1999 w\u00fcrdigte ihn Enrico Macias auf der B\u00fchne des Centre culturel alg\u00e9rien de Paris und im Printemps de Bourges, mit einem von Bestandji geleiteten Orchester.<\/p>\n<p>2011 ver\u00f6ffentlichte Bertrand Dicale eine <a href=\"https:\/\/www.iemj.org\/cheikh-raymond-une-histoire-algerienne\/\" target=\"_blank\" rel=\"noopener\">Biografie \u00fcber Cheikh Raymond<\/a>, welche von einer <a href=\"https:\/\/www.iemj.org\/en\/cheikh-raymond-anthology-original-records-1937-1961\/\" target=\"_blank\" rel=\"noopener\">Anthologie seiner Lieder, welche bei Universal erschienen sind,<\/a> erg\u00e4nzt wurde. Die bedeutendste bis dahin verf\u00fcgbare Aufnahme, war die eines Konzerts, welche 1954 in der Universit\u00e4t von Constantine gegeben wurde und 1994 im Label Al Sur ver\u00f6ffentlicht wurde.<\/p>\n<p>Quellen:<br \/><a href=\"http:\/\/www.constantine-hier-aujourdhui.fr\/LaCulture\/malouf.htm\" target=\"_blank\" rel=\"noopener\">www.constantine.free.fr\/LaCulture\/malouf.htm<\/a><br \/><a href=\"https:\/\/fr.wikipedia.org\/wiki\/Cheikh_Raymond\">https:\/\/fr.wikipedia.org\/wiki\/Cheikh_Raymond<\/a><\/p>\n<p><a href=\"https:\/\/www.iemj.org\/en\/cheikh-raymond-the-art-of-constantine-malouf\/\">H\u00f6ren Sie sich die von Herv\u00e9 Roten pr\u00e4sentierte Radiosendung an: <em>L\u2019art du malouf constantinois<\/em><\/a><\/p>\n<p><a href=\"https:\/\/www.iemj.org\/en\/la-musique-de-cheikh-raymond\/\">H\u00f6ren Sie sich die Playlist an: La musique de Cheikh Raymond<\/a><\/p>\n<p><a href=\"http:\/\/www.rachelnet.net\/F\/?func=find-c&amp;ccl_term=WRD+%3D+Cheikh+Raymond&amp;local_base=iemcg\">Greifen Sie auf unsere Archive \u00fcber Cheikh Raymond zu<\/a><\/p>\n<p>\u00a0<\/p>\n\n\n<p><\/p>\n","protected":false},"excerpt":{"rendered":"<p>Cheikh Raymond ist ein Meister der arabisch-andalusischen Musik und ein Symbol f\u00fcr die j\u00fcdisch-arabische Br\u00fcderlichkeit, welche zwischen den 1930er und den 1950er Jahren zum Ausdruck kam. Seine Ermordung durch die<\/p>\n","protected":false},"author":1045,"featured_media":55746,"comment_status":"closed","ping_status":"open","sticky":false,"template":"","format":"standard","meta":{"_acf_changed":false,"footnotes":""},"categories":[1415],"tags":[],"technique":[],"squelettes":[],"sujet":[],"formation":[],"genre":[1914],"fonds":[],"tradition":[],"type-de-contenu":[],"interprete-compositeur":[3118],"frise":[],"type-devenement":[],"tableaux-liens-externes":[],"class_list":["post-55745","post","type-post","status-publish","format-standard","has-post-thumbnail","hentry","category-biografien-de","genre-oriental-de","interprete-compositeur-cheikh-raymond-de"],"acf":[],"yoast_head":"<!-- This site is optimized with the Yoast SEO plugin v27.3 - https:\/\/yoast.com\/product\/yoast-seo-wordpress\/ -->\n<title>Cheikh Raymond (1912-1961) - Institut Europ\u00e9en des Musiques Juives<\/title>\n<meta name=\"robots\" content=\"index, follow, max-snippet:-1, max-image-preview:large, max-video-preview:-1\" \/>\n<link rel=\"canonical\" href=\"https:\/\/www.iemj.org\/de\/cheikh-raymond-1912-1961\/\" \/>\n<meta property=\"og:locale\" content=\"de_DE\" \/>\n<meta property=\"og:type\" content=\"article\" \/>\n<meta property=\"og:title\" content=\"Cheikh Raymond (1912-1961) - Institut Europ\u00e9en des Musiques Juives\" \/>\n<meta property=\"og:description\" content=\"Cheikh Raymond ist ein Meister der arabisch-andalusischen Musik und ein Symbol f\u00fcr die j\u00fcdisch-arabische Br\u00fcderlichkeit, welche zwischen den 1930er und den 1950er Jahren zum Ausdruck kam. Seine Ermordung durch die\" \/>\n<meta property=\"og:url\" content=\"https:\/\/www.iemj.org\/de\/cheikh-raymond-1912-1961\/\" \/>\n<meta property=\"og:site_name\" content=\"Institut Europ\u00e9en des Musiques Juives\" \/>\n<meta property=\"article:publisher\" content=\"https:\/\/www.facebook.com\/MusiquesJuives\/\" \/>\n<meta property=\"article:published_time\" content=\"2016-11-16T09:13:41+00:00\" \/>\n<meta property=\"article:modified_time\" content=\"2021-07-15T14:44:40+00:00\" \/>\n<meta property=\"og:image\" content=\"https:\/\/www.iemj.org\/wp-content\/uploads\/2016\/11\/arton1936-e1617025179257.jpg\" \/>\n\t<meta property=\"og:image:width\" content=\"168\" \/>\n\t<meta property=\"og:image:height\" content=\"218\" \/>\n\t<meta property=\"og:image:type\" content=\"image\/jpeg\" \/>\n<meta name=\"author\" content=\"Herv\u00e9 Roten\" \/>\n<meta name=\"twitter:card\" content=\"summary_large_image\" \/>\n<meta name=\"twitter:label1\" content=\"Verfasst von\" \/>\n\t<meta name=\"twitter:data1\" content=\"Herv\u00e9 Roten\" \/>\n\t<meta name=\"twitter:label2\" content=\"Gesch\u00e4tzte Lesezeit\" \/>\n\t<meta name=\"twitter:data2\" content=\"3\u00a0Minuten\" \/>\n<script type=\"application\/ld+json\" class=\"yoast-schema-graph\">{\"@context\":\"https:\\\/\\\/schema.org\",\"@graph\":[{\"@type\":\"Article\",\"@id\":\"https:\\\/\\\/www.iemj.org\\\/de\\\/cheikh-raymond-1912-1961\\\/#article\",\"isPartOf\":{\"@id\":\"https:\\\/\\\/www.iemj.org\\\/de\\\/cheikh-raymond-1912-1961\\\/\"},\"author\":{\"name\":\"Herv\u00e9 Roten\",\"@id\":\"https:\\\/\\\/www.iemj.org\\\/de\\\/#\\\/schema\\\/person\\\/906134402c29d5c76e7b726261dd4bbd\"},\"headline\":\"Cheikh Raymond (1912-1961)\",\"datePublished\":\"2016-11-16T09:13:41+00:00\",\"dateModified\":\"2021-07-15T14:44:40+00:00\",\"mainEntityOfPage\":{\"@id\":\"https:\\\/\\\/www.iemj.org\\\/de\\\/cheikh-raymond-1912-1961\\\/\"},\"wordCount\":581,\"publisher\":{\"@id\":\"https:\\\/\\\/www.iemj.org\\\/de\\\/#organization\"},\"image\":{\"@id\":\"https:\\\/\\\/www.iemj.org\\\/de\\\/cheikh-raymond-1912-1961\\\/#primaryimage\"},\"thumbnailUrl\":\"https:\\\/\\\/www.iemj.org\\\/wp-content\\\/uploads\\\/2016\\\/11\\\/arton1936-e1617025179257.jpg\",\"articleSection\":[\"Biografien\"],\"inLanguage\":\"de\"},{\"@type\":\"WebPage\",\"@id\":\"https:\\\/\\\/www.iemj.org\\\/de\\\/cheikh-raymond-1912-1961\\\/\",\"url\":\"https:\\\/\\\/www.iemj.org\\\/de\\\/cheikh-raymond-1912-1961\\\/\",\"name\":\"Cheikh Raymond (1912-1961) - Institut Europ\u00e9en des Musiques Juives\",\"isPartOf\":{\"@id\":\"https:\\\/\\\/www.iemj.org\\\/de\\\/#website\"},\"primaryImageOfPage\":{\"@id\":\"https:\\\/\\\/www.iemj.org\\\/de\\\/cheikh-raymond-1912-1961\\\/#primaryimage\"},\"image\":{\"@id\":\"https:\\\/\\\/www.iemj.org\\\/de\\\/cheikh-raymond-1912-1961\\\/#primaryimage\"},\"thumbnailUrl\":\"https:\\\/\\\/www.iemj.org\\\/wp-content\\\/uploads\\\/2016\\\/11\\\/arton1936-e1617025179257.jpg\",\"datePublished\":\"2016-11-16T09:13:41+00:00\",\"dateModified\":\"2021-07-15T14:44:40+00:00\",\"breadcrumb\":{\"@id\":\"https:\\\/\\\/www.iemj.org\\\/de\\\/cheikh-raymond-1912-1961\\\/#breadcrumb\"},\"inLanguage\":\"de\",\"potentialAction\":[{\"@type\":\"ReadAction\",\"target\":[\"https:\\\/\\\/www.iemj.org\\\/de\\\/cheikh-raymond-1912-1961\\\/\"]}]},{\"@type\":\"ImageObject\",\"inLanguage\":\"de\",\"@id\":\"https:\\\/\\\/www.iemj.org\\\/de\\\/cheikh-raymond-1912-1961\\\/#primaryimage\",\"url\":\"https:\\\/\\\/www.iemj.org\\\/wp-content\\\/uploads\\\/2016\\\/11\\\/arton1936-e1617025179257.jpg\",\"contentUrl\":\"https:\\\/\\\/www.iemj.org\\\/wp-content\\\/uploads\\\/2016\\\/11\\\/arton1936-e1617025179257.jpg\",\"width\":168,\"height\":218},{\"@type\":\"BreadcrumbList\",\"@id\":\"https:\\\/\\\/www.iemj.org\\\/de\\\/cheikh-raymond-1912-1961\\\/#breadcrumb\",\"itemListElement\":[{\"@type\":\"ListItem\",\"position\":1,\"name\":\"Accueil\",\"item\":\"https:\\\/\\\/www.iemj.org\\\/de\\\/\"},{\"@type\":\"ListItem\",\"position\":2,\"name\":\"Cheikh Raymond (1912-1961)\"}]},{\"@type\":\"WebSite\",\"@id\":\"https:\\\/\\\/www.iemj.org\\\/de\\\/#website\",\"url\":\"https:\\\/\\\/www.iemj.org\\\/de\\\/\",\"name\":\"Institut Europ\u00e9en des Musiques Juives\",\"description\":\"Des traditions musicales \u00e0 la port\u00e9e de tous\",\"publisher\":{\"@id\":\"https:\\\/\\\/www.iemj.org\\\/de\\\/#organization\"},\"potentialAction\":[{\"@type\":\"SearchAction\",\"target\":{\"@type\":\"EntryPoint\",\"urlTemplate\":\"https:\\\/\\\/www.iemj.org\\\/de\\\/?s={search_term_string}\"},\"query-input\":{\"@type\":\"PropertyValueSpecification\",\"valueRequired\":true,\"valueName\":\"search_term_string\"}}],\"inLanguage\":\"de\"},{\"@type\":\"Organization\",\"@id\":\"https:\\\/\\\/www.iemj.org\\\/de\\\/#organization\",\"name\":\"Institut Europ\u00e9en des Musiques Juives\",\"url\":\"https:\\\/\\\/www.iemj.org\\\/de\\\/\",\"logo\":{\"@type\":\"ImageObject\",\"inLanguage\":\"de\",\"@id\":\"https:\\\/\\\/www.iemj.org\\\/de\\\/#\\\/schema\\\/logo\\\/image\\\/\",\"url\":\"https:\\\/\\\/www.iemj.org\\\/wp-content\\\/uploads\\\/2021\\\/09\\\/Logo-IEMJ-Paypal.jpg\",\"contentUrl\":\"https:\\\/\\\/www.iemj.org\\\/wp-content\\\/uploads\\\/2021\\\/09\\\/Logo-IEMJ-Paypal.jpg\",\"width\":150,\"height\":50,\"caption\":\"Institut Europ\u00e9en des Musiques Juives\"},\"image\":{\"@id\":\"https:\\\/\\\/www.iemj.org\\\/de\\\/#\\\/schema\\\/logo\\\/image\\\/\"},\"sameAs\":[\"https:\\\/\\\/www.facebook.com\\\/MusiquesJuives\\\/\",\"https:\\\/\\\/www.instagram.com\\\/musiquesjuives\\\/\",\"https:\\\/\\\/www.youtube.com\\\/user\\\/musiquesjuives\"]},{\"@type\":\"Person\",\"@id\":\"https:\\\/\\\/www.iemj.org\\\/de\\\/#\\\/schema\\\/person\\\/906134402c29d5c76e7b726261dd4bbd\",\"name\":\"Herv\u00e9 Roten\",\"image\":{\"@type\":\"ImageObject\",\"inLanguage\":\"de\",\"@id\":\"https:\\\/\\\/secure.gravatar.com\\\/avatar\\\/f96ad2db538a26481f18384936b5cd0610c92d390c4dc382209216d455f685ff?s=96&d=mm&r=g\",\"url\":\"https:\\\/\\\/secure.gravatar.com\\\/avatar\\\/f96ad2db538a26481f18384936b5cd0610c92d390c4dc382209216d455f685ff?s=96&d=mm&r=g\",\"contentUrl\":\"https:\\\/\\\/secure.gravatar.com\\\/avatar\\\/f96ad2db538a26481f18384936b5cd0610c92d390c4dc382209216d455f685ff?s=96&d=mm&r=g\",\"caption\":\"Herv\u00e9 Roten\"}}]}<\/script>\n<!-- \/ Yoast SEO plugin. -->","yoast_head_json":{"title":"Cheikh Raymond (1912-1961) - Institut Europ\u00e9en des Musiques Juives","robots":{"index":"index","follow":"follow","max-snippet":"max-snippet:-1","max-image-preview":"max-image-preview:large","max-video-preview":"max-video-preview:-1"},"canonical":"https:\/\/www.iemj.org\/de\/cheikh-raymond-1912-1961\/","og_locale":"de_DE","og_type":"article","og_title":"Cheikh Raymond (1912-1961) - Institut Europ\u00e9en des Musiques Juives","og_description":"Cheikh Raymond ist ein Meister der arabisch-andalusischen Musik und ein Symbol f\u00fcr die j\u00fcdisch-arabische Br\u00fcderlichkeit, welche zwischen den 1930er und den 1950er Jahren zum Ausdruck kam. Seine Ermordung durch die","og_url":"https:\/\/www.iemj.org\/de\/cheikh-raymond-1912-1961\/","og_site_name":"Institut Europ\u00e9en des Musiques Juives","article_publisher":"https:\/\/www.facebook.com\/MusiquesJuives\/","article_published_time":"2016-11-16T09:13:41+00:00","article_modified_time":"2021-07-15T14:44:40+00:00","og_image":[{"width":168,"height":218,"url":"https:\/\/www.iemj.org\/wp-content\/uploads\/2016\/11\/arton1936-e1617025179257.jpg","type":"image\/jpeg"}],"author":"Herv\u00e9 Roten","twitter_card":"summary_large_image","twitter_misc":{"Verfasst von":"Herv\u00e9 Roten","Gesch\u00e4tzte Lesezeit":"3\u00a0Minuten"},"schema":{"@context":"https:\/\/schema.org","@graph":[{"@type":"Article","@id":"https:\/\/www.iemj.org\/de\/cheikh-raymond-1912-1961\/#article","isPartOf":{"@id":"https:\/\/www.iemj.org\/de\/cheikh-raymond-1912-1961\/"},"author":{"name":"Herv\u00e9 Roten","@id":"https:\/\/www.iemj.org\/de\/#\/schema\/person\/906134402c29d5c76e7b726261dd4bbd"},"headline":"Cheikh Raymond (1912-1961)","datePublished":"2016-11-16T09:13:41+00:00","dateModified":"2021-07-15T14:44:40+00:00","mainEntityOfPage":{"@id":"https:\/\/www.iemj.org\/de\/cheikh-raymond-1912-1961\/"},"wordCount":581,"publisher":{"@id":"https:\/\/www.iemj.org\/de\/#organization"},"image":{"@id":"https:\/\/www.iemj.org\/de\/cheikh-raymond-1912-1961\/#primaryimage"},"thumbnailUrl":"https:\/\/www.iemj.org\/wp-content\/uploads\/2016\/11\/arton1936-e1617025179257.jpg","articleSection":["Biografien"],"inLanguage":"de"},{"@type":"WebPage","@id":"https:\/\/www.iemj.org\/de\/cheikh-raymond-1912-1961\/","url":"https:\/\/www.iemj.org\/de\/cheikh-raymond-1912-1961\/","name":"Cheikh Raymond (1912-1961) - Institut Europ\u00e9en des Musiques Juives","isPartOf":{"@id":"https:\/\/www.iemj.org\/de\/#website"},"primaryImageOfPage":{"@id":"https:\/\/www.iemj.org\/de\/cheikh-raymond-1912-1961\/#primaryimage"},"image":{"@id":"https:\/\/www.iemj.org\/de\/cheikh-raymond-1912-1961\/#primaryimage"},"thumbnailUrl":"https:\/\/www.iemj.org\/wp-content\/uploads\/2016\/11\/arton1936-e1617025179257.jpg","datePublished":"2016-11-16T09:13:41+00:00","dateModified":"2021-07-15T14:44:40+00:00","breadcrumb":{"@id":"https:\/\/www.iemj.org\/de\/cheikh-raymond-1912-1961\/#breadcrumb"},"inLanguage":"de","potentialAction":[{"@type":"ReadAction","target":["https:\/\/www.iemj.org\/de\/cheikh-raymond-1912-1961\/"]}]},{"@type":"ImageObject","inLanguage":"de","@id":"https:\/\/www.iemj.org\/de\/cheikh-raymond-1912-1961\/#primaryimage","url":"https:\/\/www.iemj.org\/wp-content\/uploads\/2016\/11\/arton1936-e1617025179257.jpg","contentUrl":"https:\/\/www.iemj.org\/wp-content\/uploads\/2016\/11\/arton1936-e1617025179257.jpg","width":168,"height":218},{"@type":"BreadcrumbList","@id":"https:\/\/www.iemj.org\/de\/cheikh-raymond-1912-1961\/#breadcrumb","itemListElement":[{"@type":"ListItem","position":1,"name":"Accueil","item":"https:\/\/www.iemj.org\/de\/"},{"@type":"ListItem","position":2,"name":"Cheikh Raymond (1912-1961)"}]},{"@type":"WebSite","@id":"https:\/\/www.iemj.org\/de\/#website","url":"https:\/\/www.iemj.org\/de\/","name":"Institut Europ\u00e9en des Musiques Juives","description":"Des traditions musicales \u00e0 la port\u00e9e de tous","publisher":{"@id":"https:\/\/www.iemj.org\/de\/#organization"},"potentialAction":[{"@type":"SearchAction","target":{"@type":"EntryPoint","urlTemplate":"https:\/\/www.iemj.org\/de\/?s={search_term_string}"},"query-input":{"@type":"PropertyValueSpecification","valueRequired":true,"valueName":"search_term_string"}}],"inLanguage":"de"},{"@type":"Organization","@id":"https:\/\/www.iemj.org\/de\/#organization","name":"Institut Europ\u00e9en des Musiques Juives","url":"https:\/\/www.iemj.org\/de\/","logo":{"@type":"ImageObject","inLanguage":"de","@id":"https:\/\/www.iemj.org\/de\/#\/schema\/logo\/image\/","url":"https:\/\/www.iemj.org\/wp-content\/uploads\/2021\/09\/Logo-IEMJ-Paypal.jpg","contentUrl":"https:\/\/www.iemj.org\/wp-content\/uploads\/2021\/09\/Logo-IEMJ-Paypal.jpg","width":150,"height":50,"caption":"Institut Europ\u00e9en des Musiques Juives"},"image":{"@id":"https:\/\/www.iemj.org\/de\/#\/schema\/logo\/image\/"},"sameAs":["https:\/\/www.facebook.com\/MusiquesJuives\/","https:\/\/www.instagram.com\/musiquesjuives\/","https:\/\/www.youtube.com\/user\/musiquesjuives"]},{"@type":"Person","@id":"https:\/\/www.iemj.org\/de\/#\/schema\/person\/906134402c29d5c76e7b726261dd4bbd","name":"Herv\u00e9 Roten","image":{"@type":"ImageObject","inLanguage":"de","@id":"https:\/\/secure.gravatar.com\/avatar\/f96ad2db538a26481f18384936b5cd0610c92d390c4dc382209216d455f685ff?s=96&d=mm&r=g","url":"https:\/\/secure.gravatar.com\/avatar\/f96ad2db538a26481f18384936b5cd0610c92d390c4dc382209216d455f685ff?s=96&d=mm&r=g","contentUrl":"https:\/\/secure.gravatar.com\/avatar\/f96ad2db538a26481f18384936b5cd0610c92d390c4dc382209216d455f685ff?s=96&d=mm&r=g","caption":"Herv\u00e9 Roten"}}]}},"_links":{"self":[{"href":"https:\/\/www.iemj.org\/de\/wp-json\/wp\/v2\/posts\/55745","targetHints":{"allow":["GET"]}}],"collection":[{"href":"https:\/\/www.iemj.org\/de\/wp-json\/wp\/v2\/posts"}],"about":[{"href":"https:\/\/www.iemj.org\/de\/wp-json\/wp\/v2\/types\/post"}],"author":[{"embeddable":true,"href":"https:\/\/www.iemj.org\/de\/wp-json\/wp\/v2\/users\/1045"}],"replies":[{"embeddable":true,"href":"https:\/\/www.iemj.org\/de\/wp-json\/wp\/v2\/comments?post=55745"}],"version-history":[{"count":0,"href":"https:\/\/www.iemj.org\/de\/wp-json\/wp\/v2\/posts\/55745\/revisions"}],"wp:featuredmedia":[{"embeddable":true,"href":"https:\/\/www.iemj.org\/de\/wp-json\/wp\/v2\/media\/55746"}],"wp:attachment":[{"href":"https:\/\/www.iemj.org\/de\/wp-json\/wp\/v2\/media?parent=55745"}],"wp:term":[{"taxonomy":"category","embeddable":true,"href":"https:\/\/www.iemj.org\/de\/wp-json\/wp\/v2\/categories?post=55745"},{"taxonomy":"post_tag","embeddable":true,"href":"https:\/\/www.iemj.org\/de\/wp-json\/wp\/v2\/tags?post=55745"},{"taxonomy":"technique","embeddable":true,"href":"https:\/\/www.iemj.org\/de\/wp-json\/wp\/v2\/technique?post=55745"},{"taxonomy":"squelettes","embeddable":true,"href":"https:\/\/www.iemj.org\/de\/wp-json\/wp\/v2\/squelettes?post=55745"},{"taxonomy":"sujet","embeddable":true,"href":"https:\/\/www.iemj.org\/de\/wp-json\/wp\/v2\/sujet?post=55745"},{"taxonomy":"formation","embeddable":true,"href":"https:\/\/www.iemj.org\/de\/wp-json\/wp\/v2\/formation?post=55745"},{"taxonomy":"genre","embeddable":true,"href":"https:\/\/www.iemj.org\/de\/wp-json\/wp\/v2\/genre?post=55745"},{"taxonomy":"fonds","embeddable":true,"href":"https:\/\/www.iemj.org\/de\/wp-json\/wp\/v2\/fonds?post=55745"},{"taxonomy":"tradition","embeddable":true,"href":"https:\/\/www.iemj.org\/de\/wp-json\/wp\/v2\/tradition?post=55745"},{"taxonomy":"type-de-contenu","embeddable":true,"href":"https:\/\/www.iemj.org\/de\/wp-json\/wp\/v2\/type-de-contenu?post=55745"},{"taxonomy":"interprete-compositeur","embeddable":true,"href":"https:\/\/www.iemj.org\/de\/wp-json\/wp\/v2\/interprete-compositeur?post=55745"},{"taxonomy":"frise","embeddable":true,"href":"https:\/\/www.iemj.org\/de\/wp-json\/wp\/v2\/frise?post=55745"},{"taxonomy":"type-devenement","embeddable":true,"href":"https:\/\/www.iemj.org\/de\/wp-json\/wp\/v2\/type-devenement?post=55745"},{"taxonomy":"tableaux-liens-externes","embeddable":true,"href":"https:\/\/www.iemj.org\/de\/wp-json\/wp\/v2\/tableaux-liens-externes?post=55745"}],"curies":[{"name":"wp","href":"https:\/\/api.w.org\/{rel}","templated":true}]}}