{"id":55862,"date":"2015-11-05T11:29:39","date_gmt":"2015-11-05T10:29:39","guid":{"rendered":"https:\/\/www.iemj.org\/hemsi-alberto-1898-1975\/"},"modified":"2025-02-25T15:51:14","modified_gmt":"2025-02-25T14:51:14","slug":"hemsi-alberto-1898-1975","status":"publish","type":"post","link":"https:\/\/www.iemj.org\/de\/hemsi-alberto-1898-1975\/","title":{"rendered":"Hemsi, Alberto (1896-1975)"},"content":{"rendered":"<p>Alberto Hemsi wurde am 23. Dezember 1896<span class=\"footnote_referrer\"><a role=\"button\" tabindex=\"0\" onclick=\"footnote_moveToReference_55862_1('footnote_plugin_reference_55862_1_1');\" onkeypress=\"footnote_moveToReference_55862_1('footnote_plugin_reference_55862_1_1');\" ><sup id=\"footnote_plugin_tooltip_55862_1_1\" class=\"footnote_plugin_tooltip_text\">[1]<\/sup><\/a><span id=\"footnote_plugin_tooltip_text_55862_1_1\" class=\"footnote_tooltip\">\u00dcber das Geburtsdatum von Alberto Hemsi gibt es einige Unklarheiten. Laut einer seiner T\u00f6chter, Ketty Menasce, ist der 23. Dezember 1896 das Datum in seinem letzten Pass.<\/span><\/span><script type=\"text\/javascript\"> jQuery('#footnote_plugin_tooltip_55862_1_1').tooltip({ tip: '#footnote_plugin_tooltip_text_55862_1_1', tipClass: 'footnote_tooltip', effect: 'fade', predelay: 0, fadeInSpeed: 200, delay: 400, fadeOutSpeed: 200, position: 'top center', relative: true, offset: [-7, 0], });<\/script> in Cassaba \u2013 einer t\u00fcrkischen Ortschaft im Osten von Smyrna (dem heutigen Izmir) geboren. Seine Eltern waren italienischer Abstammung. Er begann sein Studium an der \u00c9cole de l\u2019Alliance Isra\u00e9lite Universelle. Da er Stipendiat war, wurde er 1913 von der Soci\u00e9t\u00e9 Musicale Isra\u00e9lite von Smyrna nach Mailand geschickt. 1914 wurde er am K\u00f6niglichen Konservatorium von Mailand aufgenommen, wo er unter den bekanntesten Lehrern der Zeit lernte: Piano mit Andr\u00e9oli, Harmonie, Kontrapunkt und Komposition bei Bossi und Perinello\u2026<\/p>\n<p>Im ersten Weltkrieg berief ihn das italienische Milit\u00e4r ein, woraufhin er die Milit\u00e4rschule besuchte, um schlie\u00dflich Offizier zu werden. Er wurde im Krieg schwer am rechten Arm verwundet und erhielt mehrere zivile und milit\u00e4rische Orden. Nachdem man ihn gegen Kriegsende zum Hauptmann ernannt hatte, verlie\u00df er das Milit\u00e4r, um sich vollkommen dem Klavier und der Komposition zu widmen.<\/p>\n<p><img fetchpriority=\"high\" decoding=\"async\" class=\" alignright size-full wp-image-8344\" src=\"https:\/\/www.iemj.org\/wp-content\/uploads\/2015\/11\/i_251__20_.jpg\" alt=\"i_251__20_.jpg\" width=\"195\" height=\"301\" align=\"right\" \/>Im Jahr 1919, nach dem Abschluss in Orchestrierung, beschloss Hemsi in sein Geburtsland zur\u00fcckzukehren. Seine Familie feierte seine R\u00fcckkehr mit den Liedern ihrer Vorfahren, gesungen von der Mutter seiner Mutter. Beeindruckt von der Sch\u00f6nheit der Lieder, erkannte Hemsi, dass dieses ausschlie\u00dflich auf m\u00fcndlicher \u00dcberlieferung beruhende Erbe, bewahrt werden musste.<\/p>\n<p>Zwischen 1920 und 1923 unterrichtete Alberto Hemsi Theorie, Piano und Chorgesang in Smyrna. W\u00e4hrend seines Aufenthalts in Rhodos (1924-1927) unterrichtete er und f\u00fchrte ethnografische und folkloristische Forschungen durch. Er interessierte sich dabei besonders f\u00fcr \u00e4ltere Frauen und die Cantaderas, semiprofessionelle S\u00e4ngerinnen, welche f\u00fcr ihre sch\u00f6ne Gesangsstimme bekannt waren und die von Familien zur Feier besonderer Anl\u00e4sse, wie Hochzeiten oder anderen Festlichkeiten, eingeladen wurden. Dort lernte er auch seine Frau Myriam kennen, die er Ende August 1930 heiratete und mit der er drei T\u00f6chter bekam: Allegra, Juliette und Ketty.<\/p>\n<p><img decoding=\"async\" class=\" alignleft  wp-image-8346\" src=\"https:\/\/www.iemj.org\/wp-content\/uploads\/2015\/11\/i_43-33_.jpg\" alt=\"i_43-33_.jpg\" width=\"289\" height=\"210\" align=\"left\" \/>1928 bot ihm die Israelitische Gemeinschaft von Alexandria (\u00c4gypten), den Posten des Musikdirektors des Eliahou Hanabi Tempels an. Er war Musiklehrer an den Schulen der Gemeinschaft und gr\u00fcndete und leitete ein Blasorchester. Bis 1940 gab er auch Harmonie- und Kompositionsunterricht am G. Verdi Konservatorium von Alexandria, dann von 1952 bis 1957 am Musikkonservatorium von Alexandria. Nach der Sueskrise lie\u00df er sich 1957 mit seiner Familie in Paris nieder.<\/p>\n<p>\u00dcber den Pariser Teil seiner Karriere hinweg, \u00fcbernahm er die musikalische Leitung der beiden sephardischen Synagogen Brith Shalom und Don Issac Abravanel und gab zudem liturgischen Musikunterricht im S\u00e9minaire Isra\u00e9lite de France. Als Musikwissenschaftler und unerm\u00fcdlich f\u00fcr die jud\u00e4o-spanische Sache Arbeitender, moderierte er eine spanischsprachige Sendung im franz\u00f6sischen Radio, um die jud\u00e4o-spanische Folklore bekannter zu machen. Kurz vor seinem Tod, im Jahr 1975, ernannte man ihn zum Korrespondenten der K\u00f6niglichen Akademie der Sch\u00f6nen K\u00fcnste von Madrid, um seine Arbeit \u00fcber die sephardische Musik zu w\u00fcrdigen.<\/p>\n<p><img decoding=\"async\" class=\" alignright  wp-image-8348\" src=\"https:\/\/www.iemj.org\/wp-content\/uploads\/2015\/11\/six-danses-turques-zeibek-pour-piano-alberto-hemsi_50_.jpg\" alt=\"six-danses-turques-zeibek-pour-piano-alberto-hemsi_50_.jpg\" width=\"174\" height=\"244\" align=\"right\" \/><span style=\"font-size: inherit;\">Als Preistr\u00e4ger zahlreicher internationaler Auszeichnungen und renommierter Musiker, hinterlie\u00df Alberto Hemsi ein bedeutendes, gr\u00f6\u00dftenteils unver\u00f6ffentlichtes und herausragendes musikalisches Werk (54 Opus). Darunter befinden sich zahlreiche St\u00fccke f\u00fcr Gesang und Piano (wie etwa die St\u00fccke <em>Kal nidre<\/em>, <em>Yom guila<\/em> oder <em>Visions bibliques<\/em>), f\u00fcr den Chor (<em>Six ch\u0153urs en ladino<\/em> oder <em>Quatre pi\u00e8ces h\u00e9bra\u00efques<\/em>), f\u00fcr ein oder zwei Piano (<em>Trois danses \u00e9gyptiennes<\/em> oder <em>Trois danses bibliques<\/em>), f\u00fcr Violine, Bratsche oder Violonchelle und Piano (mehrere sephardische St\u00fccke) und schlie\u00dflich auch f\u00fcr verschiedene Ensembles und Symphonieorchester (<em>Danses bibliques<\/em> oder <em>Tableau symphonique<\/em>).<\/span><\/p>\n<p>Ein Gro\u00dfteil seines Werks existiert nur in Form von Abschriften und Manuskripten, welche dem Institut Europ\u00e9en des Musiques Juives am 5. Juli 2004, von seiner Witwe Myriam Capelutto Hemsi zur Verf\u00fcgung gestellt wurden und welche dort seitdem aufbewahrt werden.<\/p>\n<ul>\n<li><a href=\"https:\/\/www.iemj.org\/en\/products-categories\/sheet-music-en\/composers-en\/hemsi-alberto-en-2\/\" target=\"_blank\" rel=\"noopener\">Bestellen Sie Alberto Hemsis Partitionen im Online-Shop des IEMJ<\/a><\/li>\n<li><a href=\"https:\/\/www.iemj.org\/en\/product\/alberto-hemsi-coplas-sefardies\/\" target=\"_blank\" rel=\"noopener\">Bestellen Sie die CD Alberto Hemsi, <u>Coplas sefardies, coll. Patrimoines Musicaux des Juifs de France, Verlag des IEMJ, 2004.<\/u><\/a><\/li>\n<li><a href=\"https:\/\/www.iemj.org\/de\/alberto-hemsi-coplas-sefardies\/\" target=\"_blank\" rel=\"noopener\">H\u00f6ren Sie sich Ausschnitte aus der CD Alberto Hemsi, Coplas sefardies.<\/a><\/li>\n<li><a style=\"font-size: inherit;\" href=\"https:\/\/www.iemj.org\/de\/video-alberto-hemsi-un-compositeur-au-service-de-la-culture-sefarade\/\" target=\"_blank\" rel=\"noopener\">Schauen Sie sich den Film \u00fcber Alberto Hemsi an<\/a><\/li>\n<li><a href=\"https:\/\/www.youtube.com\/playlist?list=PLx_IKco0CteD3pmz8kaz9Jcz7Ge0kVHuw\" target=\"_blank\" rel=\"noopener\">Entdecken Sie Alberto Hemsi auf unserem Youtube-Channel<\/a><\/li>\n<li><a href=\"http:\/\/www.rachelnet.net\/F\/?func=find-c&amp;ccl_term=WRD+%3D+Hemsi+Alberto&amp;local_base=iemcg\" target=\"_blank\" rel=\"noopener\">Schauen Sie sich die Archive \u00fcber Alberto Hemsi an<\/a><\/li>\n<\/ul>\n\n\n<p><\/p>\n<div class=\"speaker-mute footnotes_reference_container\"> <div class=\"footnote_container_prepare\"><p><span role=\"button\" tabindex=\"0\" class=\"footnote_reference_container_label pointer\" onclick=\"footnote_expand_collapse_reference_container_55862_1();\">&#x202F;<\/span><span role=\"button\" tabindex=\"0\" class=\"footnote_reference_container_collapse_button\" style=\"display: none;\" onclick=\"footnote_expand_collapse_reference_container_55862_1();\">[<a id=\"footnote_reference_container_collapse_button_55862_1\">+<\/a>]<\/span><\/p><\/div> <div id=\"footnote_references_container_55862_1\" style=\"\"><table class=\"footnotes_table footnote-reference-container\"><caption class=\"accessibility\">References<\/caption> <tbody> \r\n\r\n<tr class=\"footnotes_plugin_reference_row\"> <th scope=\"row\" class=\"footnote_plugin_index_combi pointer\"  onclick=\"footnote_moveToAnchor_55862_1('footnote_plugin_tooltip_55862_1_1');\"><a id=\"footnote_plugin_reference_55862_1_1\" class=\"footnote_backlink\">1<\/a><\/th> <td class=\"footnote_plugin_text\">\u00dcber das Geburtsdatum von Alberto Hemsi gibt es einige Unklarheiten. Laut einer seiner T\u00f6chter, Ketty Menasce, ist der 23. Dezember 1896 das Datum in seinem letzten Pass.<\/td><\/tr>\r\n\r\n <\/tbody> <\/table> <\/div><\/div><script type=\"text\/javascript\"> function footnote_expand_reference_container_55862_1() { jQuery('#footnote_references_container_55862_1').show(); jQuery('#footnote_reference_container_collapse_button_55862_1').text('\u2212'); } function footnote_collapse_reference_container_55862_1() { jQuery('#footnote_references_container_55862_1').hide(); jQuery('#footnote_reference_container_collapse_button_55862_1').text('+'); } function footnote_expand_collapse_reference_container_55862_1() { if (jQuery('#footnote_references_container_55862_1').is(':hidden')) { footnote_expand_reference_container_55862_1(); } else { footnote_collapse_reference_container_55862_1(); } } function footnote_moveToReference_55862_1(p_str_TargetID) { footnote_expand_reference_container_55862_1(); var l_obj_Target = jQuery('#' + p_str_TargetID); if (l_obj_Target.length) { jQuery( 'html, body' ).delay( 0 ); jQuery('html, body').animate({ scrollTop: l_obj_Target.offset().top - window.innerHeight * 0.2 }, 380); } } function footnote_moveToAnchor_55862_1(p_str_TargetID) { footnote_expand_reference_container_55862_1(); var l_obj_Target = jQuery('#' + p_str_TargetID); if (l_obj_Target.length) { jQuery( 'html, body' ).delay( 0 ); jQuery('html, body').animate({ scrollTop: l_obj_Target.offset().top - window.innerHeight * 0.2 }, 380); } }<\/script>","protected":false},"excerpt":{"rendered":"<p>Alberto Hemsi wurde am 23. Dezember 1896[1]\u00dcber das Geburtsdatum von Alberto Hemsi gibt es einige Unklarheiten. Laut einer seiner T\u00f6chter, Ketty Menasce, ist der 23. Dezember 1896 das Datum in<\/p>\n","protected":false},"author":1045,"featured_media":55863,"comment_status":"closed","ping_status":"open","sticky":false,"template":"","format":"standard","meta":{"_acf_changed":false,"footnotes":""},"categories":[1415],"tags":[],"technique":[],"squelettes":[],"sujet":[],"formation":[],"genre":[1888],"fonds":[],"tradition":[],"type-de-contenu":[],"interprete-compositeur":[3081],"frise":[],"type-devenement":[],"tableaux-liens-externes":[],"class_list":["post-55862","post","type-post","status-publish","format-standard","has-post-thumbnail","hentry","category-biografien-de","genre-judaisch-spanisch-de","interprete-compositeur-alberto-hemsi-de"],"acf":[],"yoast_head":"<!-- This site is optimized with the Yoast SEO plugin v27.3 - https:\/\/yoast.com\/product\/yoast-seo-wordpress\/ -->\n<title>Hemsi, Alberto (1896-1975) - Institut Europ\u00e9en des Musiques Juives<\/title>\n<meta name=\"robots\" content=\"index, follow, max-snippet:-1, max-image-preview:large, max-video-preview:-1\" \/>\n<link rel=\"canonical\" href=\"https:\/\/www.iemj.org\/de\/hemsi-alberto-1898-1975\/\" \/>\n<meta property=\"og:locale\" content=\"de_DE\" \/>\n<meta property=\"og:type\" content=\"article\" \/>\n<meta property=\"og:title\" content=\"Hemsi, Alberto (1896-1975) - Institut Europ\u00e9en des Musiques Juives\" \/>\n<meta property=\"og:description\" content=\"Alberto Hemsi wurde am 23. Dezember 1896[1]\u00dcber das Geburtsdatum von Alberto Hemsi gibt es einige Unklarheiten. Laut einer seiner T\u00f6chter, Ketty Menasce, ist der 23. Dezember 1896 das Datum in\" \/>\n<meta property=\"og:url\" content=\"https:\/\/www.iemj.org\/de\/hemsi-alberto-1898-1975\/\" \/>\n<meta property=\"og:site_name\" content=\"Institut Europ\u00e9en des Musiques Juives\" \/>\n<meta property=\"article:publisher\" content=\"https:\/\/www.facebook.com\/MusiquesJuives\/\" \/>\n<meta property=\"article:published_time\" content=\"2015-11-05T10:29:39+00:00\" \/>\n<meta property=\"article:modified_time\" content=\"2025-02-25T14:51:14+00:00\" \/>\n<meta property=\"og:image\" content=\"https:\/\/www.iemj.org\/wp-content\/uploads\/2015\/11\/arton1245-e1617025893696.jpg\" \/>\n\t<meta property=\"og:image:width\" content=\"163\" \/>\n\t<meta property=\"og:image:height\" content=\"218\" \/>\n\t<meta property=\"og:image:type\" content=\"image\/jpeg\" \/>\n<meta name=\"author\" content=\"Herv\u00e9 Roten\" \/>\n<meta name=\"twitter:card\" content=\"summary_large_image\" \/>\n<meta name=\"twitter:label1\" content=\"Verfasst von\" \/>\n\t<meta name=\"twitter:data1\" content=\"Herv\u00e9 Roten\" \/>\n\t<meta name=\"twitter:label2\" content=\"Gesch\u00e4tzte Lesezeit\" \/>\n\t<meta name=\"twitter:data2\" content=\"5\u00a0Minuten\" \/>\n<script type=\"application\/ld+json\" class=\"yoast-schema-graph\">{\"@context\":\"https:\\\/\\\/schema.org\",\"@graph\":[{\"@type\":\"Article\",\"@id\":\"https:\\\/\\\/www.iemj.org\\\/de\\\/hemsi-alberto-1898-1975\\\/#article\",\"isPartOf\":{\"@id\":\"https:\\\/\\\/www.iemj.org\\\/de\\\/hemsi-alberto-1898-1975\\\/\"},\"author\":{\"name\":\"Herv\u00e9 Roten\",\"@id\":\"https:\\\/\\\/www.iemj.org\\\/de\\\/#\\\/schema\\\/person\\\/906134402c29d5c76e7b726261dd4bbd\"},\"headline\":\"Hemsi, Alberto (1896-1975)\",\"datePublished\":\"2015-11-05T10:29:39+00:00\",\"dateModified\":\"2025-02-25T14:51:14+00:00\",\"mainEntityOfPage\":{\"@id\":\"https:\\\/\\\/www.iemj.org\\\/de\\\/hemsi-alberto-1898-1975\\\/\"},\"wordCount\":688,\"publisher\":{\"@id\":\"https:\\\/\\\/www.iemj.org\\\/de\\\/#organization\"},\"image\":{\"@id\":\"https:\\\/\\\/www.iemj.org\\\/de\\\/hemsi-alberto-1898-1975\\\/#primaryimage\"},\"thumbnailUrl\":\"https:\\\/\\\/www.iemj.org\\\/wp-content\\\/uploads\\\/2015\\\/11\\\/arton1245-e1617025893696.jpg\",\"articleSection\":[\"Biografien\"],\"inLanguage\":\"de\"},{\"@type\":\"WebPage\",\"@id\":\"https:\\\/\\\/www.iemj.org\\\/de\\\/hemsi-alberto-1898-1975\\\/\",\"url\":\"https:\\\/\\\/www.iemj.org\\\/de\\\/hemsi-alberto-1898-1975\\\/\",\"name\":\"Hemsi, Alberto (1896-1975) - Institut Europ\u00e9en des Musiques Juives\",\"isPartOf\":{\"@id\":\"https:\\\/\\\/www.iemj.org\\\/de\\\/#website\"},\"primaryImageOfPage\":{\"@id\":\"https:\\\/\\\/www.iemj.org\\\/de\\\/hemsi-alberto-1898-1975\\\/#primaryimage\"},\"image\":{\"@id\":\"https:\\\/\\\/www.iemj.org\\\/de\\\/hemsi-alberto-1898-1975\\\/#primaryimage\"},\"thumbnailUrl\":\"https:\\\/\\\/www.iemj.org\\\/wp-content\\\/uploads\\\/2015\\\/11\\\/arton1245-e1617025893696.jpg\",\"datePublished\":\"2015-11-05T10:29:39+00:00\",\"dateModified\":\"2025-02-25T14:51:14+00:00\",\"breadcrumb\":{\"@id\":\"https:\\\/\\\/www.iemj.org\\\/de\\\/hemsi-alberto-1898-1975\\\/#breadcrumb\"},\"inLanguage\":\"de\",\"potentialAction\":[{\"@type\":\"ReadAction\",\"target\":[\"https:\\\/\\\/www.iemj.org\\\/de\\\/hemsi-alberto-1898-1975\\\/\"]}]},{\"@type\":\"ImageObject\",\"inLanguage\":\"de\",\"@id\":\"https:\\\/\\\/www.iemj.org\\\/de\\\/hemsi-alberto-1898-1975\\\/#primaryimage\",\"url\":\"https:\\\/\\\/www.iemj.org\\\/wp-content\\\/uploads\\\/2015\\\/11\\\/arton1245-e1617025893696.jpg\",\"contentUrl\":\"https:\\\/\\\/www.iemj.org\\\/wp-content\\\/uploads\\\/2015\\\/11\\\/arton1245-e1617025893696.jpg\",\"width\":163,\"height\":218},{\"@type\":\"BreadcrumbList\",\"@id\":\"https:\\\/\\\/www.iemj.org\\\/de\\\/hemsi-alberto-1898-1975\\\/#breadcrumb\",\"itemListElement\":[{\"@type\":\"ListItem\",\"position\":1,\"name\":\"Accueil\",\"item\":\"https:\\\/\\\/www.iemj.org\\\/de\\\/\"},{\"@type\":\"ListItem\",\"position\":2,\"name\":\"Hemsi, Alberto (1896-1975)\"}]},{\"@type\":\"WebSite\",\"@id\":\"https:\\\/\\\/www.iemj.org\\\/de\\\/#website\",\"url\":\"https:\\\/\\\/www.iemj.org\\\/de\\\/\",\"name\":\"Institut Europ\u00e9en des Musiques Juives\",\"description\":\"Des traditions musicales \u00e0 la port\u00e9e de tous\",\"publisher\":{\"@id\":\"https:\\\/\\\/www.iemj.org\\\/de\\\/#organization\"},\"potentialAction\":[{\"@type\":\"SearchAction\",\"target\":{\"@type\":\"EntryPoint\",\"urlTemplate\":\"https:\\\/\\\/www.iemj.org\\\/de\\\/?s={search_term_string}\"},\"query-input\":{\"@type\":\"PropertyValueSpecification\",\"valueRequired\":true,\"valueName\":\"search_term_string\"}}],\"inLanguage\":\"de\"},{\"@type\":\"Organization\",\"@id\":\"https:\\\/\\\/www.iemj.org\\\/de\\\/#organization\",\"name\":\"Institut Europ\u00e9en des Musiques Juives\",\"url\":\"https:\\\/\\\/www.iemj.org\\\/de\\\/\",\"logo\":{\"@type\":\"ImageObject\",\"inLanguage\":\"de\",\"@id\":\"https:\\\/\\\/www.iemj.org\\\/de\\\/#\\\/schema\\\/logo\\\/image\\\/\",\"url\":\"https:\\\/\\\/www.iemj.org\\\/wp-content\\\/uploads\\\/2021\\\/09\\\/Logo-IEMJ-Paypal.jpg\",\"contentUrl\":\"https:\\\/\\\/www.iemj.org\\\/wp-content\\\/uploads\\\/2021\\\/09\\\/Logo-IEMJ-Paypal.jpg\",\"width\":150,\"height\":50,\"caption\":\"Institut Europ\u00e9en des Musiques Juives\"},\"image\":{\"@id\":\"https:\\\/\\\/www.iemj.org\\\/de\\\/#\\\/schema\\\/logo\\\/image\\\/\"},\"sameAs\":[\"https:\\\/\\\/www.facebook.com\\\/MusiquesJuives\\\/\",\"https:\\\/\\\/www.instagram.com\\\/musiquesjuives\\\/\",\"https:\\\/\\\/www.youtube.com\\\/user\\\/musiquesjuives\"]},{\"@type\":\"Person\",\"@id\":\"https:\\\/\\\/www.iemj.org\\\/de\\\/#\\\/schema\\\/person\\\/906134402c29d5c76e7b726261dd4bbd\",\"name\":\"Herv\u00e9 Roten\",\"image\":{\"@type\":\"ImageObject\",\"inLanguage\":\"de\",\"@id\":\"https:\\\/\\\/secure.gravatar.com\\\/avatar\\\/f96ad2db538a26481f18384936b5cd0610c92d390c4dc382209216d455f685ff?s=96&d=mm&r=g\",\"url\":\"https:\\\/\\\/secure.gravatar.com\\\/avatar\\\/f96ad2db538a26481f18384936b5cd0610c92d390c4dc382209216d455f685ff?s=96&d=mm&r=g\",\"contentUrl\":\"https:\\\/\\\/secure.gravatar.com\\\/avatar\\\/f96ad2db538a26481f18384936b5cd0610c92d390c4dc382209216d455f685ff?s=96&d=mm&r=g\",\"caption\":\"Herv\u00e9 Roten\"}}]}<\/script>\n<!-- \/ Yoast SEO plugin. -->","yoast_head_json":{"title":"Hemsi, Alberto (1896-1975) - Institut Europ\u00e9en des Musiques Juives","robots":{"index":"index","follow":"follow","max-snippet":"max-snippet:-1","max-image-preview":"max-image-preview:large","max-video-preview":"max-video-preview:-1"},"canonical":"https:\/\/www.iemj.org\/de\/hemsi-alberto-1898-1975\/","og_locale":"de_DE","og_type":"article","og_title":"Hemsi, Alberto (1896-1975) - Institut Europ\u00e9en des Musiques Juives","og_description":"Alberto Hemsi wurde am 23. Dezember 1896[1]\u00dcber das Geburtsdatum von Alberto Hemsi gibt es einige Unklarheiten. Laut einer seiner T\u00f6chter, Ketty Menasce, ist der 23. Dezember 1896 das Datum in","og_url":"https:\/\/www.iemj.org\/de\/hemsi-alberto-1898-1975\/","og_site_name":"Institut Europ\u00e9en des Musiques Juives","article_publisher":"https:\/\/www.facebook.com\/MusiquesJuives\/","article_published_time":"2015-11-05T10:29:39+00:00","article_modified_time":"2025-02-25T14:51:14+00:00","og_image":[{"width":163,"height":218,"url":"https:\/\/www.iemj.org\/wp-content\/uploads\/2015\/11\/arton1245-e1617025893696.jpg","type":"image\/jpeg"}],"author":"Herv\u00e9 Roten","twitter_card":"summary_large_image","twitter_misc":{"Verfasst von":"Herv\u00e9 Roten","Gesch\u00e4tzte Lesezeit":"5\u00a0Minuten"},"schema":{"@context":"https:\/\/schema.org","@graph":[{"@type":"Article","@id":"https:\/\/www.iemj.org\/de\/hemsi-alberto-1898-1975\/#article","isPartOf":{"@id":"https:\/\/www.iemj.org\/de\/hemsi-alberto-1898-1975\/"},"author":{"name":"Herv\u00e9 Roten","@id":"https:\/\/www.iemj.org\/de\/#\/schema\/person\/906134402c29d5c76e7b726261dd4bbd"},"headline":"Hemsi, Alberto (1896-1975)","datePublished":"2015-11-05T10:29:39+00:00","dateModified":"2025-02-25T14:51:14+00:00","mainEntityOfPage":{"@id":"https:\/\/www.iemj.org\/de\/hemsi-alberto-1898-1975\/"},"wordCount":688,"publisher":{"@id":"https:\/\/www.iemj.org\/de\/#organization"},"image":{"@id":"https:\/\/www.iemj.org\/de\/hemsi-alberto-1898-1975\/#primaryimage"},"thumbnailUrl":"https:\/\/www.iemj.org\/wp-content\/uploads\/2015\/11\/arton1245-e1617025893696.jpg","articleSection":["Biografien"],"inLanguage":"de"},{"@type":"WebPage","@id":"https:\/\/www.iemj.org\/de\/hemsi-alberto-1898-1975\/","url":"https:\/\/www.iemj.org\/de\/hemsi-alberto-1898-1975\/","name":"Hemsi, Alberto (1896-1975) - Institut Europ\u00e9en des Musiques Juives","isPartOf":{"@id":"https:\/\/www.iemj.org\/de\/#website"},"primaryImageOfPage":{"@id":"https:\/\/www.iemj.org\/de\/hemsi-alberto-1898-1975\/#primaryimage"},"image":{"@id":"https:\/\/www.iemj.org\/de\/hemsi-alberto-1898-1975\/#primaryimage"},"thumbnailUrl":"https:\/\/www.iemj.org\/wp-content\/uploads\/2015\/11\/arton1245-e1617025893696.jpg","datePublished":"2015-11-05T10:29:39+00:00","dateModified":"2025-02-25T14:51:14+00:00","breadcrumb":{"@id":"https:\/\/www.iemj.org\/de\/hemsi-alberto-1898-1975\/#breadcrumb"},"inLanguage":"de","potentialAction":[{"@type":"ReadAction","target":["https:\/\/www.iemj.org\/de\/hemsi-alberto-1898-1975\/"]}]},{"@type":"ImageObject","inLanguage":"de","@id":"https:\/\/www.iemj.org\/de\/hemsi-alberto-1898-1975\/#primaryimage","url":"https:\/\/www.iemj.org\/wp-content\/uploads\/2015\/11\/arton1245-e1617025893696.jpg","contentUrl":"https:\/\/www.iemj.org\/wp-content\/uploads\/2015\/11\/arton1245-e1617025893696.jpg","width":163,"height":218},{"@type":"BreadcrumbList","@id":"https:\/\/www.iemj.org\/de\/hemsi-alberto-1898-1975\/#breadcrumb","itemListElement":[{"@type":"ListItem","position":1,"name":"Accueil","item":"https:\/\/www.iemj.org\/de\/"},{"@type":"ListItem","position":2,"name":"Hemsi, Alberto (1896-1975)"}]},{"@type":"WebSite","@id":"https:\/\/www.iemj.org\/de\/#website","url":"https:\/\/www.iemj.org\/de\/","name":"Institut Europ\u00e9en des Musiques Juives","description":"Des traditions musicales \u00e0 la port\u00e9e de tous","publisher":{"@id":"https:\/\/www.iemj.org\/de\/#organization"},"potentialAction":[{"@type":"SearchAction","target":{"@type":"EntryPoint","urlTemplate":"https:\/\/www.iemj.org\/de\/?s={search_term_string}"},"query-input":{"@type":"PropertyValueSpecification","valueRequired":true,"valueName":"search_term_string"}}],"inLanguage":"de"},{"@type":"Organization","@id":"https:\/\/www.iemj.org\/de\/#organization","name":"Institut Europ\u00e9en des Musiques Juives","url":"https:\/\/www.iemj.org\/de\/","logo":{"@type":"ImageObject","inLanguage":"de","@id":"https:\/\/www.iemj.org\/de\/#\/schema\/logo\/image\/","url":"https:\/\/www.iemj.org\/wp-content\/uploads\/2021\/09\/Logo-IEMJ-Paypal.jpg","contentUrl":"https:\/\/www.iemj.org\/wp-content\/uploads\/2021\/09\/Logo-IEMJ-Paypal.jpg","width":150,"height":50,"caption":"Institut Europ\u00e9en des Musiques Juives"},"image":{"@id":"https:\/\/www.iemj.org\/de\/#\/schema\/logo\/image\/"},"sameAs":["https:\/\/www.facebook.com\/MusiquesJuives\/","https:\/\/www.instagram.com\/musiquesjuives\/","https:\/\/www.youtube.com\/user\/musiquesjuives"]},{"@type":"Person","@id":"https:\/\/www.iemj.org\/de\/#\/schema\/person\/906134402c29d5c76e7b726261dd4bbd","name":"Herv\u00e9 Roten","image":{"@type":"ImageObject","inLanguage":"de","@id":"https:\/\/secure.gravatar.com\/avatar\/f96ad2db538a26481f18384936b5cd0610c92d390c4dc382209216d455f685ff?s=96&d=mm&r=g","url":"https:\/\/secure.gravatar.com\/avatar\/f96ad2db538a26481f18384936b5cd0610c92d390c4dc382209216d455f685ff?s=96&d=mm&r=g","contentUrl":"https:\/\/secure.gravatar.com\/avatar\/f96ad2db538a26481f18384936b5cd0610c92d390c4dc382209216d455f685ff?s=96&d=mm&r=g","caption":"Herv\u00e9 Roten"}}]}},"_links":{"self":[{"href":"https:\/\/www.iemj.org\/de\/wp-json\/wp\/v2\/posts\/55862","targetHints":{"allow":["GET"]}}],"collection":[{"href":"https:\/\/www.iemj.org\/de\/wp-json\/wp\/v2\/posts"}],"about":[{"href":"https:\/\/www.iemj.org\/de\/wp-json\/wp\/v2\/types\/post"}],"author":[{"embeddable":true,"href":"https:\/\/www.iemj.org\/de\/wp-json\/wp\/v2\/users\/1045"}],"replies":[{"embeddable":true,"href":"https:\/\/www.iemj.org\/de\/wp-json\/wp\/v2\/comments?post=55862"}],"version-history":[{"count":0,"href":"https:\/\/www.iemj.org\/de\/wp-json\/wp\/v2\/posts\/55862\/revisions"}],"wp:featuredmedia":[{"embeddable":true,"href":"https:\/\/www.iemj.org\/de\/wp-json\/wp\/v2\/media\/55863"}],"wp:attachment":[{"href":"https:\/\/www.iemj.org\/de\/wp-json\/wp\/v2\/media?parent=55862"}],"wp:term":[{"taxonomy":"category","embeddable":true,"href":"https:\/\/www.iemj.org\/de\/wp-json\/wp\/v2\/categories?post=55862"},{"taxonomy":"post_tag","embeddable":true,"href":"https:\/\/www.iemj.org\/de\/wp-json\/wp\/v2\/tags?post=55862"},{"taxonomy":"technique","embeddable":true,"href":"https:\/\/www.iemj.org\/de\/wp-json\/wp\/v2\/technique?post=55862"},{"taxonomy":"squelettes","embeddable":true,"href":"https:\/\/www.iemj.org\/de\/wp-json\/wp\/v2\/squelettes?post=55862"},{"taxonomy":"sujet","embeddable":true,"href":"https:\/\/www.iemj.org\/de\/wp-json\/wp\/v2\/sujet?post=55862"},{"taxonomy":"formation","embeddable":true,"href":"https:\/\/www.iemj.org\/de\/wp-json\/wp\/v2\/formation?post=55862"},{"taxonomy":"genre","embeddable":true,"href":"https:\/\/www.iemj.org\/de\/wp-json\/wp\/v2\/genre?post=55862"},{"taxonomy":"fonds","embeddable":true,"href":"https:\/\/www.iemj.org\/de\/wp-json\/wp\/v2\/fonds?post=55862"},{"taxonomy":"tradition","embeddable":true,"href":"https:\/\/www.iemj.org\/de\/wp-json\/wp\/v2\/tradition?post=55862"},{"taxonomy":"type-de-contenu","embeddable":true,"href":"https:\/\/www.iemj.org\/de\/wp-json\/wp\/v2\/type-de-contenu?post=55862"},{"taxonomy":"interprete-compositeur","embeddable":true,"href":"https:\/\/www.iemj.org\/de\/wp-json\/wp\/v2\/interprete-compositeur?post=55862"},{"taxonomy":"frise","embeddable":true,"href":"https:\/\/www.iemj.org\/de\/wp-json\/wp\/v2\/frise?post=55862"},{"taxonomy":"type-devenement","embeddable":true,"href":"https:\/\/www.iemj.org\/de\/wp-json\/wp\/v2\/type-devenement?post=55862"},{"taxonomy":"tableaux-liens-externes","embeddable":true,"href":"https:\/\/www.iemj.org\/de\/wp-json\/wp\/v2\/tableaux-liens-externes?post=55862"}],"curies":[{"name":"wp","href":"https:\/\/api.w.org\/{rel}","templated":true}]}}