{"id":55909,"date":"2017-05-01T15:41:17","date_gmt":"2017-05-01T13:41:17","guid":{"rendered":"https:\/\/www.iemj.org\/gerro-henri-vers-1919-1980\/"},"modified":"2021-07-18T10:36:47","modified_gmt":"2021-07-18T08:36:47","slug":"gerro-henri-vers-1919-1980","status":"publish","type":"post","link":"https:\/\/www.iemj.org\/de\/gerro-henri-vers-1919-1980\/","title":{"rendered":"Gerro, Henri (CA. 1919-1980)"},"content":{"rendered":"<p>Henri Gerro (Roizman) wurde am 31. August 1919 in Riwne (der Wowodschaft Wolhynien), in der heutigen Ukraine geboren. Ab seinem 12. Lebensjahr trat er in ganz Polen auf.<\/p>\n<p>Nach dem Krieg wanderte er nach Paris aus<span class=\"footnote_referrer\"><a role=\"button\" tabindex=\"0\" onclick=\"footnote_moveToReference_55909_1('footnote_plugin_reference_55909_1_1');\" onkeypress=\"footnote_moveToReference_55909_1('footnote_plugin_reference_55909_1_1');\" ><sup id=\"footnote_plugin_tooltip_55909_1_1\" class=\"footnote_plugin_tooltip_text\">[1]<\/sup><\/a><span id=\"footnote_plugin_tooltip_text_55909_1_1\" class=\"footnote_tooltip\"><em>Interview von A. Carmeli in Teater Shpigl [Le miroir du th\u00e9\u00e2tre] (ed. Aaron Poliakoff), n. 1, p. 12, avril 1951.<\/em><\/span><\/span><script type=\"text\/javascript\"> jQuery('#footnote_plugin_tooltip_55909_1_1').tooltip({ tip: '#footnote_plugin_tooltip_text_55909_1_1', tipClass: 'footnote_tooltip', effect: 'fade', predelay: 0, fadeInSpeed: 200, delay: 400, fadeOutSpeed: 200, position: 'top center', relative: true, offset: [-7, 0], });<\/script><span style=\"font-size: inherit;\">, wahrscheinlich nach ein- oder zweij\u00e4hrigen Medizinstudium in der Schweiz, sowie nach einem Schauspielstudium in Kiew<span class=\"footnote_referrer\"><a role=\"button\" tabindex=\"0\" onclick=\"footnote_moveToReference_55909_1('footnote_plugin_reference_55909_1_2');\" onkeypress=\"footnote_moveToReference_55909_1('footnote_plugin_reference_55909_1_2');\" ><sup id=\"footnote_plugin_tooltip_55909_1_2\" class=\"footnote_plugin_tooltip_text\">[2]<\/sup><\/a><span id=\"footnote_plugin_tooltip_text_55909_1_2\" class=\"footnote_tooltip\"><em>\u00abHenri Gerro [Henryk Roizman]\u00bb <a href=\"http:\/\/yiddishmusic.jewniverse.info\/gerrohenri\/index.html\" target=\"_blank\" rel=\"noopener\"><span class=\"footnote_url_wrap\">http:\/\/yiddishmusic.jewniverse.info\/gerrohenri\/index.html<\/span><\/a><\/em><\/span><\/span><script type=\"text\/javascript\"> jQuery('#footnote_plugin_tooltip_55909_1_2').tooltip({ tip: '#footnote_plugin_tooltip_text_55909_1_2', tipClass: 'footnote_tooltip', effect: 'fade', predelay: 0, fadeInSpeed: 200, delay: 400, fadeOutSpeed: 200, position: 'top center', relative: true, offset: [-7, 0], });<\/script><\/span><span style=\"font-size: inherit;\">.<\/span><\/p>\n<p>Ende der 1940er Jahre suchte er in Frankreich politisches Asyl. Er war als Komponist und S\u00e4nger, Geiger und Schauspieler, t\u00e4tig und spielte und nahm mit den Orchestern von Henryk Gold und Bernard Potock auf. Nach einem zweij\u00e4hrigen Verpflichtung in Buenos Aires und der Begegnung, mit der Schauspielerin und S\u00e4ngerin Rosita Londner im Jahr 1951, die er 1953 heirateten w\u00fcrde, lie\u00df er sich in Argentinien nieder.<\/p>\n<p><span style=\"font-size: inherit;\">Rosita Londner wurde in Warschau geboren, doch ihre Eltern emigrierten nach Argentinien, als sie nur wenige Monate alt war. Dort arbeitete sie f\u00fcr das Mitre-Theater in Buenos Aires und trat mit anderen renommierten jiddischen K\u00fcnstlern auf, wie Dina Halperin, Mijl Mijalesco, Benzion Witler, Shifra Lerer, Dzigan und Shumacher, Jennie Lowitz, Meier Zelniker und vielen anderen<span class=\"footnote_referrer\"><a role=\"button\" tabindex=\"0\" onclick=\"footnote_moveToReference_55909_1('footnote_plugin_reference_55909_1_3');\" onkeypress=\"footnote_moveToReference_55909_1('footnote_plugin_reference_55909_1_3');\" ><sup id=\"footnote_plugin_tooltip_55909_1_3\" class=\"footnote_plugin_tooltip_text\">[3]<\/sup><\/a><span id=\"footnote_plugin_tooltip_text_55909_1_3\" class=\"footnote_tooltip\"><em style=\"font-size: inherit;\">\u00abRosita Londner &#8211; biography =\u00bb <a href=\"http:\/\/www.imdb.com\/name\/nm1428970\/bio\" target=\"_blank\" rel=\"noopener\"><span class=\"footnote_url_wrap\">http:\/\/www.imdb.com\/name\/nm1428970\/bio<\/span><\/a><\/em><\/span><\/span><script type=\"text\/javascript\"> jQuery('#footnote_plugin_tooltip_55909_1_3').tooltip({ tip: '#footnote_plugin_tooltip_text_55909_1_3', tipClass: 'footnote_tooltip', effect: 'fade', predelay: 0, fadeInSpeed: 200, delay: 400, fadeOutSpeed: 200, position: 'top center', relative: true, offset: [-7, 0], });<\/script><\/span><strong style=\"font-size: inherit;\">.<\/strong><\/p>\n<p>Nach ihrer Heimat begannen Henri Gerro und Rosita Londner damit, die auch \u201eStars von Vaudville und der j\u00fcdischen Music-Hall\u201c genannt wurden, in vielen L\u00e4ndern aufzutreten. Sie spielten insbesondere in London, in Paris, in S\u00fcdafrika, in Skandinavien, Israel und auf dem gesamten amerikanischen Kontinent<span class=\"footnote_referrer\"><a role=\"button\" tabindex=\"0\" onclick=\"footnote_moveToReference_55909_1('footnote_plugin_reference_55909_1_4');\" onkeypress=\"footnote_moveToReference_55909_1('footnote_plugin_reference_55909_1_4');\" ><sup id=\"footnote_plugin_tooltip_55909_1_4\" class=\"footnote_plugin_tooltip_text\">[4]<\/sup><\/a><span id=\"footnote_plugin_tooltip_text_55909_1_4\" class=\"footnote_tooltip\"><em>Ibid.<\/em><\/span><\/span><script type=\"text\/javascript\"> jQuery('#footnote_plugin_tooltip_55909_1_4').tooltip({ tip: '#footnote_plugin_tooltip_text_55909_1_4', tipClass: 'footnote_tooltip', effect: 'fade', predelay: 0, fadeInSpeed: 200, delay: 400, fadeOutSpeed: 200, position: 'top center', relative: true, offset: [-7, 0], });<\/script><strong>.<\/strong><\/p>\n<p>Henri Gerro starb am 17. Oktober 1980, in Buenos Aires.<\/p>\n<p><a href=\"http:\/\/www.rachelnet.net\/F\/?func=find-c&amp;ccl_term=WRD+%3D+Gerro+Henri&amp;local_base=rebie\" target=\"_blank\" rel=\"noopener\">Greifen Sie auf unsere Archive \u00fcber Henri Gerro zu<\/a><\/p>\n<p><a href=\"https:\/\/www.iemj.org\/de\/produit\/casket-of-the-jewish-musics-in-paris-in-the-aftermath-of-ww-ii\/\" target=\"_blank\" rel=\"noopener\">Bestellen Sie die CD <em>Musiques juives dans le Paris d&#8217;apr\u00e8s-guerre &#8211; Elesdisc 1948-1953<\/em><\/a><\/p>\n\n\n<figure class=\"wp-block-embed is-type-video is-provider-youtube wp-block-embed-youtube wp-embed-aspect-4-3 wp-has-aspect-ratio\"><div class=\"wp-block-embed__wrapper\">\n<iframe title=\"Musiques juives dans le Paris d&#039;apr\u00e8s-guerre\" width=\"640\" height=\"480\" src=\"https:\/\/www.youtube.com\/embed\/NxMq-4u_3kM?feature=oembed\" frameborder=\"0\" allow=\"accelerometer; autoplay; clipboard-write; encrypted-media; gyroscope; picture-in-picture; web-share\" referrerpolicy=\"strict-origin-when-cross-origin\" allowfullscreen><\/iframe>\n<\/div><figcaption><strong>Einleitung: Warsche von Benny Bell <br><a href=\"https:\/\/www.youtube.com\/watch?v=NxMq-4u_3kM&amp;t=87s\">01:27<\/a>\u200b Dave Cash <br><a href=\"https:\/\/www.youtube.com\/watch?v=NxMq-4u_3kM&amp;t=228s\">03:48<\/a>\u200b Bernard Potock <br><a href=\"https:\/\/www.youtube.com\/watch?v=NxMq-4u_3kM&amp;t=358s\">05:58<\/a>\u200b Sarah Gorby <br><a href=\"https:\/\/www.youtube.com\/watch?v=NxMq-4u_3kM&amp;t=507s\">08:27<\/a>\u200b Ben Baruch <br><a href=\"https:\/\/www.youtube.com\/watch?v=NxMq-4u_3kM&amp;t=724s\">12:04<\/a>\u200b Henri Gerro <br><a href=\"https:\/\/www.youtube.com\/watch?v=NxMq-4u_3kM&amp;t=938s\">15:38<\/a>\u200b Richard Inger <br><a href=\"https:\/\/www.youtube.com\/watch?v=NxMq-4u_3kM&amp;t=1142s\">19:02<\/a>\u200b Die anderen K\u00fcnstler des Labels<\/strong><\/figcaption><\/figure>\n\n\n\n<p><\/p>\n<div class=\"speaker-mute footnotes_reference_container\"> <div class=\"footnote_container_prepare\"><p><span role=\"button\" tabindex=\"0\" class=\"footnote_reference_container_label pointer\" onclick=\"footnote_expand_collapse_reference_container_55909_1();\">&#x202F;<\/span><span role=\"button\" tabindex=\"0\" class=\"footnote_reference_container_collapse_button\" style=\"display: none;\" onclick=\"footnote_expand_collapse_reference_container_55909_1();\">[<a id=\"footnote_reference_container_collapse_button_55909_1\">+<\/a>]<\/span><\/p><\/div> <div id=\"footnote_references_container_55909_1\" style=\"\"><table class=\"footnotes_table footnote-reference-container\"><caption class=\"accessibility\">References<\/caption> <tbody> \r\n\r\n<tr class=\"footnotes_plugin_reference_row\"> <th scope=\"row\" class=\"footnote_plugin_index_combi pointer\"  onclick=\"footnote_moveToAnchor_55909_1('footnote_plugin_tooltip_55909_1_1');\"><a id=\"footnote_plugin_reference_55909_1_1\" class=\"footnote_backlink\">1<\/a><\/th> <td class=\"footnote_plugin_text\"><em>Interview von A. Carmeli in Teater Shpigl [Le miroir du th\u00e9\u00e2tre] (ed. Aaron Poliakoff), n. 1, p. 12, avril 1951.<\/em><\/td><\/tr>\r\n\r\n<tr class=\"footnotes_plugin_reference_row\"> <th scope=\"row\" class=\"footnote_plugin_index_combi pointer\"  onclick=\"footnote_moveToAnchor_55909_1('footnote_plugin_tooltip_55909_1_2');\"><a id=\"footnote_plugin_reference_55909_1_2\" class=\"footnote_backlink\">2<\/a><\/th> <td class=\"footnote_plugin_text\"><em>\u00abHenri Gerro [Henryk Roizman]\u00bb <a href=\"http:\/\/yiddishmusic.jewniverse.info\/gerrohenri\/index.html\" target=\"_blank\" rel=\"noopener\"><span class=\"footnote_url_wrap\">http:\/\/yiddishmusic.jewniverse.info\/gerrohenri\/index.html<\/span><\/a><\/em><\/td><\/tr>\r\n\r\n<tr class=\"footnotes_plugin_reference_row\"> <th scope=\"row\" class=\"footnote_plugin_index_combi pointer\"  onclick=\"footnote_moveToAnchor_55909_1('footnote_plugin_tooltip_55909_1_3');\"><a id=\"footnote_plugin_reference_55909_1_3\" class=\"footnote_backlink\">3<\/a><\/th> <td class=\"footnote_plugin_text\"><em style=\"font-size: inherit;\">\u00abRosita Londner &#8211; biography =\u00bb <a href=\"http:\/\/www.imdb.com\/name\/nm1428970\/bio\" target=\"_blank\" rel=\"noopener\"><span class=\"footnote_url_wrap\">http:\/\/www.imdb.com\/name\/nm1428970\/bio<\/span><\/a><\/em><\/td><\/tr>\r\n\r\n<tr class=\"footnotes_plugin_reference_row\"> <th scope=\"row\" class=\"footnote_plugin_index_combi pointer\"  onclick=\"footnote_moveToAnchor_55909_1('footnote_plugin_tooltip_55909_1_4');\"><a id=\"footnote_plugin_reference_55909_1_4\" class=\"footnote_backlink\">4<\/a><\/th> <td class=\"footnote_plugin_text\"><em>Ibid.<\/em><\/td><\/tr>\r\n\r\n <\/tbody> <\/table> <\/div><\/div><script type=\"text\/javascript\"> function footnote_expand_reference_container_55909_1() { jQuery('#footnote_references_container_55909_1').show(); jQuery('#footnote_reference_container_collapse_button_55909_1').text('\u2212'); } function footnote_collapse_reference_container_55909_1() { jQuery('#footnote_references_container_55909_1').hide(); jQuery('#footnote_reference_container_collapse_button_55909_1').text('+'); } function footnote_expand_collapse_reference_container_55909_1() { if (jQuery('#footnote_references_container_55909_1').is(':hidden')) { footnote_expand_reference_container_55909_1(); } else { footnote_collapse_reference_container_55909_1(); } } function footnote_moveToReference_55909_1(p_str_TargetID) { footnote_expand_reference_container_55909_1(); var l_obj_Target = jQuery('#' + p_str_TargetID); if (l_obj_Target.length) { jQuery( 'html, body' ).delay( 0 ); jQuery('html, body').animate({ scrollTop: l_obj_Target.offset().top - window.innerHeight * 0.2 }, 380); } } function footnote_moveToAnchor_55909_1(p_str_TargetID) { footnote_expand_reference_container_55909_1(); var l_obj_Target = jQuery('#' + p_str_TargetID); if (l_obj_Target.length) { jQuery( 'html, body' ).delay( 0 ); jQuery('html, body').animate({ scrollTop: l_obj_Target.offset().top - window.innerHeight * 0.2 }, 380); } }<\/script>","protected":false},"excerpt":{"rendered":"<p>Henri Gerro (Roizman) wurde am 31. August 1919 in Riwne (der Wowodschaft Wolhynien), in der heutigen Ukraine geboren. Ab seinem 12. Lebensjahr trat er in ganz Polen auf. Nach dem<\/p>\n","protected":false},"author":1052,"featured_media":51783,"comment_status":"closed","ping_status":"open","sticky":false,"template":"","format":"standard","meta":{"_acf_changed":false,"footnotes":""},"categories":[1415],"tags":[],"technique":[],"squelettes":[],"sujet":[],"formation":[],"genre":[],"fonds":[],"tradition":[],"type-de-contenu":[],"interprete-compositeur":[3168],"frise":[],"type-devenement":[],"tableaux-liens-externes":[],"class_list":["post-55909","post","type-post","status-publish","format-standard","has-post-thumbnail","hentry","category-biografien-de","interprete-compositeur-henri-gerro-de"],"acf":[],"yoast_head":"<!-- This site is optimized with the Yoast SEO plugin v27.3 - https:\/\/yoast.com\/product\/yoast-seo-wordpress\/ -->\n<title>Gerro, Henri (CA. 1919-1980) - Institut Europ\u00e9en des Musiques Juives<\/title>\n<meta name=\"robots\" content=\"index, follow, max-snippet:-1, max-image-preview:large, max-video-preview:-1\" \/>\n<link rel=\"canonical\" href=\"https:\/\/www.iemj.org\/de\/gerro-henri-vers-1919-1980\/\" \/>\n<meta property=\"og:locale\" content=\"de_DE\" \/>\n<meta property=\"og:type\" content=\"article\" \/>\n<meta property=\"og:title\" content=\"Gerro, Henri (CA. 1919-1980) - Institut Europ\u00e9en des Musiques Juives\" \/>\n<meta property=\"og:description\" content=\"Henri Gerro (Roizman) wurde am 31. August 1919 in Riwne (der Wowodschaft Wolhynien), in der heutigen Ukraine geboren. Ab seinem 12. Lebensjahr trat er in ganz Polen auf. Nach dem\" \/>\n<meta property=\"og:url\" content=\"https:\/\/www.iemj.org\/de\/gerro-henri-vers-1919-1980\/\" \/>\n<meta property=\"og:site_name\" content=\"Institut Europ\u00e9en des Musiques Juives\" \/>\n<meta property=\"article:publisher\" content=\"https:\/\/www.facebook.com\/MusiquesJuives\/\" \/>\n<meta property=\"article:published_time\" content=\"2017-05-01T13:41:17+00:00\" \/>\n<meta property=\"article:modified_time\" content=\"2021-07-18T08:36:47+00:00\" \/>\n<meta property=\"og:image\" content=\"https:\/\/www.iemj.org\/wp-content\/uploads\/2017\/05\/arton2270-e1625038610171.jpg\" \/>\n\t<meta property=\"og:image:width\" content=\"180\" \/>\n\t<meta property=\"og:image:height\" content=\"218\" \/>\n\t<meta property=\"og:image:type\" content=\"image\/jpeg\" \/>\n<meta name=\"author\" content=\"Lea Couderc\" \/>\n<meta name=\"twitter:card\" content=\"summary_large_image\" \/>\n<meta name=\"twitter:label1\" content=\"Verfasst von\" \/>\n\t<meta name=\"twitter:data1\" content=\"Lea Couderc\" \/>\n\t<meta name=\"twitter:label2\" content=\"Gesch\u00e4tzte Lesezeit\" \/>\n\t<meta name=\"twitter:data2\" content=\"2\u00a0Minuten\" \/>\n<script type=\"application\/ld+json\" class=\"yoast-schema-graph\">{\"@context\":\"https:\\\/\\\/schema.org\",\"@graph\":[{\"@type\":\"Article\",\"@id\":\"https:\\\/\\\/www.iemj.org\\\/de\\\/gerro-henri-vers-1919-1980\\\/#article\",\"isPartOf\":{\"@id\":\"https:\\\/\\\/www.iemj.org\\\/de\\\/gerro-henri-vers-1919-1980\\\/\"},\"author\":{\"name\":\"Lea Couderc\",\"@id\":\"https:\\\/\\\/www.iemj.org\\\/de\\\/#\\\/schema\\\/person\\\/e2ad57f2c4be119c7ed8ab79036807a9\"},\"headline\":\"Gerro, Henri (CA. 1919-1980)\",\"datePublished\":\"2017-05-01T13:41:17+00:00\",\"dateModified\":\"2021-07-18T08:36:47+00:00\",\"mainEntityOfPage\":{\"@id\":\"https:\\\/\\\/www.iemj.org\\\/de\\\/gerro-henri-vers-1919-1980\\\/\"},\"wordCount\":329,\"publisher\":{\"@id\":\"https:\\\/\\\/www.iemj.org\\\/de\\\/#organization\"},\"image\":{\"@id\":\"https:\\\/\\\/www.iemj.org\\\/de\\\/gerro-henri-vers-1919-1980\\\/#primaryimage\"},\"thumbnailUrl\":\"https:\\\/\\\/www.iemj.org\\\/wp-content\\\/uploads\\\/2017\\\/05\\\/arton2270-e1625038610171.jpg\",\"articleSection\":[\"Biografien\"],\"inLanguage\":\"de\"},{\"@type\":\"WebPage\",\"@id\":\"https:\\\/\\\/www.iemj.org\\\/de\\\/gerro-henri-vers-1919-1980\\\/\",\"url\":\"https:\\\/\\\/www.iemj.org\\\/de\\\/gerro-henri-vers-1919-1980\\\/\",\"name\":\"Gerro, Henri (CA. 1919-1980) - Institut Europ\u00e9en des Musiques Juives\",\"isPartOf\":{\"@id\":\"https:\\\/\\\/www.iemj.org\\\/de\\\/#website\"},\"primaryImageOfPage\":{\"@id\":\"https:\\\/\\\/www.iemj.org\\\/de\\\/gerro-henri-vers-1919-1980\\\/#primaryimage\"},\"image\":{\"@id\":\"https:\\\/\\\/www.iemj.org\\\/de\\\/gerro-henri-vers-1919-1980\\\/#primaryimage\"},\"thumbnailUrl\":\"https:\\\/\\\/www.iemj.org\\\/wp-content\\\/uploads\\\/2017\\\/05\\\/arton2270-e1625038610171.jpg\",\"datePublished\":\"2017-05-01T13:41:17+00:00\",\"dateModified\":\"2021-07-18T08:36:47+00:00\",\"breadcrumb\":{\"@id\":\"https:\\\/\\\/www.iemj.org\\\/de\\\/gerro-henri-vers-1919-1980\\\/#breadcrumb\"},\"inLanguage\":\"de\",\"potentialAction\":[{\"@type\":\"ReadAction\",\"target\":[\"https:\\\/\\\/www.iemj.org\\\/de\\\/gerro-henri-vers-1919-1980\\\/\"]}]},{\"@type\":\"ImageObject\",\"inLanguage\":\"de\",\"@id\":\"https:\\\/\\\/www.iemj.org\\\/de\\\/gerro-henri-vers-1919-1980\\\/#primaryimage\",\"url\":\"https:\\\/\\\/www.iemj.org\\\/wp-content\\\/uploads\\\/2017\\\/05\\\/arton2270-e1625038610171.jpg\",\"contentUrl\":\"https:\\\/\\\/www.iemj.org\\\/wp-content\\\/uploads\\\/2017\\\/05\\\/arton2270-e1625038610171.jpg\",\"width\":180,\"height\":218},{\"@type\":\"BreadcrumbList\",\"@id\":\"https:\\\/\\\/www.iemj.org\\\/de\\\/gerro-henri-vers-1919-1980\\\/#breadcrumb\",\"itemListElement\":[{\"@type\":\"ListItem\",\"position\":1,\"name\":\"Accueil\",\"item\":\"https:\\\/\\\/www.iemj.org\\\/de\\\/\"},{\"@type\":\"ListItem\",\"position\":2,\"name\":\"Gerro, Henri (CA. 1919-1980)\"}]},{\"@type\":\"WebSite\",\"@id\":\"https:\\\/\\\/www.iemj.org\\\/de\\\/#website\",\"url\":\"https:\\\/\\\/www.iemj.org\\\/de\\\/\",\"name\":\"Institut Europ\u00e9en des Musiques Juives\",\"description\":\"Des traditions musicales \u00e0 la port\u00e9e de tous\",\"publisher\":{\"@id\":\"https:\\\/\\\/www.iemj.org\\\/de\\\/#organization\"},\"potentialAction\":[{\"@type\":\"SearchAction\",\"target\":{\"@type\":\"EntryPoint\",\"urlTemplate\":\"https:\\\/\\\/www.iemj.org\\\/de\\\/?s={search_term_string}\"},\"query-input\":{\"@type\":\"PropertyValueSpecification\",\"valueRequired\":true,\"valueName\":\"search_term_string\"}}],\"inLanguage\":\"de\"},{\"@type\":\"Organization\",\"@id\":\"https:\\\/\\\/www.iemj.org\\\/de\\\/#organization\",\"name\":\"Institut Europ\u00e9en des Musiques Juives\",\"url\":\"https:\\\/\\\/www.iemj.org\\\/de\\\/\",\"logo\":{\"@type\":\"ImageObject\",\"inLanguage\":\"de\",\"@id\":\"https:\\\/\\\/www.iemj.org\\\/de\\\/#\\\/schema\\\/logo\\\/image\\\/\",\"url\":\"https:\\\/\\\/www.iemj.org\\\/wp-content\\\/uploads\\\/2021\\\/09\\\/Logo-IEMJ-Paypal.jpg\",\"contentUrl\":\"https:\\\/\\\/www.iemj.org\\\/wp-content\\\/uploads\\\/2021\\\/09\\\/Logo-IEMJ-Paypal.jpg\",\"width\":150,\"height\":50,\"caption\":\"Institut Europ\u00e9en des Musiques Juives\"},\"image\":{\"@id\":\"https:\\\/\\\/www.iemj.org\\\/de\\\/#\\\/schema\\\/logo\\\/image\\\/\"},\"sameAs\":[\"https:\\\/\\\/www.facebook.com\\\/MusiquesJuives\\\/\",\"https:\\\/\\\/www.instagram.com\\\/musiquesjuives\\\/\",\"https:\\\/\\\/www.youtube.com\\\/user\\\/musiquesjuives\"]},{\"@type\":\"Person\",\"@id\":\"https:\\\/\\\/www.iemj.org\\\/de\\\/#\\\/schema\\\/person\\\/e2ad57f2c4be119c7ed8ab79036807a9\",\"name\":\"Lea Couderc\",\"image\":{\"@type\":\"ImageObject\",\"inLanguage\":\"de\",\"@id\":\"https:\\\/\\\/secure.gravatar.com\\\/avatar\\\/46ee021475d60aeff17a7e490b79dea5a5684bb392ab7fd1494027411df8ba23?s=96&d=mm&r=g\",\"url\":\"https:\\\/\\\/secure.gravatar.com\\\/avatar\\\/46ee021475d60aeff17a7e490b79dea5a5684bb392ab7fd1494027411df8ba23?s=96&d=mm&r=g\",\"contentUrl\":\"https:\\\/\\\/secure.gravatar.com\\\/avatar\\\/46ee021475d60aeff17a7e490b79dea5a5684bb392ab7fd1494027411df8ba23?s=96&d=mm&r=g\",\"caption\":\"Lea Couderc\"}}]}<\/script>\n<!-- \/ Yoast SEO plugin. -->","yoast_head_json":{"title":"Gerro, Henri (CA. 1919-1980) - Institut Europ\u00e9en des Musiques Juives","robots":{"index":"index","follow":"follow","max-snippet":"max-snippet:-1","max-image-preview":"max-image-preview:large","max-video-preview":"max-video-preview:-1"},"canonical":"https:\/\/www.iemj.org\/de\/gerro-henri-vers-1919-1980\/","og_locale":"de_DE","og_type":"article","og_title":"Gerro, Henri (CA. 1919-1980) - Institut Europ\u00e9en des Musiques Juives","og_description":"Henri Gerro (Roizman) wurde am 31. August 1919 in Riwne (der Wowodschaft Wolhynien), in der heutigen Ukraine geboren. Ab seinem 12. Lebensjahr trat er in ganz Polen auf. Nach dem","og_url":"https:\/\/www.iemj.org\/de\/gerro-henri-vers-1919-1980\/","og_site_name":"Institut Europ\u00e9en des Musiques Juives","article_publisher":"https:\/\/www.facebook.com\/MusiquesJuives\/","article_published_time":"2017-05-01T13:41:17+00:00","article_modified_time":"2021-07-18T08:36:47+00:00","og_image":[{"width":180,"height":218,"url":"https:\/\/www.iemj.org\/wp-content\/uploads\/2017\/05\/arton2270-e1625038610171.jpg","type":"image\/jpeg"}],"author":"Lea Couderc","twitter_card":"summary_large_image","twitter_misc":{"Verfasst von":"Lea Couderc","Gesch\u00e4tzte Lesezeit":"2\u00a0Minuten"},"schema":{"@context":"https:\/\/schema.org","@graph":[{"@type":"Article","@id":"https:\/\/www.iemj.org\/de\/gerro-henri-vers-1919-1980\/#article","isPartOf":{"@id":"https:\/\/www.iemj.org\/de\/gerro-henri-vers-1919-1980\/"},"author":{"name":"Lea Couderc","@id":"https:\/\/www.iemj.org\/de\/#\/schema\/person\/e2ad57f2c4be119c7ed8ab79036807a9"},"headline":"Gerro, Henri (CA. 1919-1980)","datePublished":"2017-05-01T13:41:17+00:00","dateModified":"2021-07-18T08:36:47+00:00","mainEntityOfPage":{"@id":"https:\/\/www.iemj.org\/de\/gerro-henri-vers-1919-1980\/"},"wordCount":329,"publisher":{"@id":"https:\/\/www.iemj.org\/de\/#organization"},"image":{"@id":"https:\/\/www.iemj.org\/de\/gerro-henri-vers-1919-1980\/#primaryimage"},"thumbnailUrl":"https:\/\/www.iemj.org\/wp-content\/uploads\/2017\/05\/arton2270-e1625038610171.jpg","articleSection":["Biografien"],"inLanguage":"de"},{"@type":"WebPage","@id":"https:\/\/www.iemj.org\/de\/gerro-henri-vers-1919-1980\/","url":"https:\/\/www.iemj.org\/de\/gerro-henri-vers-1919-1980\/","name":"Gerro, Henri (CA. 1919-1980) - Institut Europ\u00e9en des Musiques Juives","isPartOf":{"@id":"https:\/\/www.iemj.org\/de\/#website"},"primaryImageOfPage":{"@id":"https:\/\/www.iemj.org\/de\/gerro-henri-vers-1919-1980\/#primaryimage"},"image":{"@id":"https:\/\/www.iemj.org\/de\/gerro-henri-vers-1919-1980\/#primaryimage"},"thumbnailUrl":"https:\/\/www.iemj.org\/wp-content\/uploads\/2017\/05\/arton2270-e1625038610171.jpg","datePublished":"2017-05-01T13:41:17+00:00","dateModified":"2021-07-18T08:36:47+00:00","breadcrumb":{"@id":"https:\/\/www.iemj.org\/de\/gerro-henri-vers-1919-1980\/#breadcrumb"},"inLanguage":"de","potentialAction":[{"@type":"ReadAction","target":["https:\/\/www.iemj.org\/de\/gerro-henri-vers-1919-1980\/"]}]},{"@type":"ImageObject","inLanguage":"de","@id":"https:\/\/www.iemj.org\/de\/gerro-henri-vers-1919-1980\/#primaryimage","url":"https:\/\/www.iemj.org\/wp-content\/uploads\/2017\/05\/arton2270-e1625038610171.jpg","contentUrl":"https:\/\/www.iemj.org\/wp-content\/uploads\/2017\/05\/arton2270-e1625038610171.jpg","width":180,"height":218},{"@type":"BreadcrumbList","@id":"https:\/\/www.iemj.org\/de\/gerro-henri-vers-1919-1980\/#breadcrumb","itemListElement":[{"@type":"ListItem","position":1,"name":"Accueil","item":"https:\/\/www.iemj.org\/de\/"},{"@type":"ListItem","position":2,"name":"Gerro, Henri (CA. 1919-1980)"}]},{"@type":"WebSite","@id":"https:\/\/www.iemj.org\/de\/#website","url":"https:\/\/www.iemj.org\/de\/","name":"Institut Europ\u00e9en des Musiques Juives","description":"Des traditions musicales \u00e0 la port\u00e9e de tous","publisher":{"@id":"https:\/\/www.iemj.org\/de\/#organization"},"potentialAction":[{"@type":"SearchAction","target":{"@type":"EntryPoint","urlTemplate":"https:\/\/www.iemj.org\/de\/?s={search_term_string}"},"query-input":{"@type":"PropertyValueSpecification","valueRequired":true,"valueName":"search_term_string"}}],"inLanguage":"de"},{"@type":"Organization","@id":"https:\/\/www.iemj.org\/de\/#organization","name":"Institut Europ\u00e9en des Musiques Juives","url":"https:\/\/www.iemj.org\/de\/","logo":{"@type":"ImageObject","inLanguage":"de","@id":"https:\/\/www.iemj.org\/de\/#\/schema\/logo\/image\/","url":"https:\/\/www.iemj.org\/wp-content\/uploads\/2021\/09\/Logo-IEMJ-Paypal.jpg","contentUrl":"https:\/\/www.iemj.org\/wp-content\/uploads\/2021\/09\/Logo-IEMJ-Paypal.jpg","width":150,"height":50,"caption":"Institut Europ\u00e9en des Musiques Juives"},"image":{"@id":"https:\/\/www.iemj.org\/de\/#\/schema\/logo\/image\/"},"sameAs":["https:\/\/www.facebook.com\/MusiquesJuives\/","https:\/\/www.instagram.com\/musiquesjuives\/","https:\/\/www.youtube.com\/user\/musiquesjuives"]},{"@type":"Person","@id":"https:\/\/www.iemj.org\/de\/#\/schema\/person\/e2ad57f2c4be119c7ed8ab79036807a9","name":"Lea Couderc","image":{"@type":"ImageObject","inLanguage":"de","@id":"https:\/\/secure.gravatar.com\/avatar\/46ee021475d60aeff17a7e490b79dea5a5684bb392ab7fd1494027411df8ba23?s=96&d=mm&r=g","url":"https:\/\/secure.gravatar.com\/avatar\/46ee021475d60aeff17a7e490b79dea5a5684bb392ab7fd1494027411df8ba23?s=96&d=mm&r=g","contentUrl":"https:\/\/secure.gravatar.com\/avatar\/46ee021475d60aeff17a7e490b79dea5a5684bb392ab7fd1494027411df8ba23?s=96&d=mm&r=g","caption":"Lea Couderc"}}]}},"_links":{"self":[{"href":"https:\/\/www.iemj.org\/de\/wp-json\/wp\/v2\/posts\/55909","targetHints":{"allow":["GET"]}}],"collection":[{"href":"https:\/\/www.iemj.org\/de\/wp-json\/wp\/v2\/posts"}],"about":[{"href":"https:\/\/www.iemj.org\/de\/wp-json\/wp\/v2\/types\/post"}],"author":[{"embeddable":true,"href":"https:\/\/www.iemj.org\/de\/wp-json\/wp\/v2\/users\/1052"}],"replies":[{"embeddable":true,"href":"https:\/\/www.iemj.org\/de\/wp-json\/wp\/v2\/comments?post=55909"}],"version-history":[{"count":0,"href":"https:\/\/www.iemj.org\/de\/wp-json\/wp\/v2\/posts\/55909\/revisions"}],"wp:featuredmedia":[{"embeddable":true,"href":"https:\/\/www.iemj.org\/de\/wp-json\/wp\/v2\/media\/51783"}],"wp:attachment":[{"href":"https:\/\/www.iemj.org\/de\/wp-json\/wp\/v2\/media?parent=55909"}],"wp:term":[{"taxonomy":"category","embeddable":true,"href":"https:\/\/www.iemj.org\/de\/wp-json\/wp\/v2\/categories?post=55909"},{"taxonomy":"post_tag","embeddable":true,"href":"https:\/\/www.iemj.org\/de\/wp-json\/wp\/v2\/tags?post=55909"},{"taxonomy":"technique","embeddable":true,"href":"https:\/\/www.iemj.org\/de\/wp-json\/wp\/v2\/technique?post=55909"},{"taxonomy":"squelettes","embeddable":true,"href":"https:\/\/www.iemj.org\/de\/wp-json\/wp\/v2\/squelettes?post=55909"},{"taxonomy":"sujet","embeddable":true,"href":"https:\/\/www.iemj.org\/de\/wp-json\/wp\/v2\/sujet?post=55909"},{"taxonomy":"formation","embeddable":true,"href":"https:\/\/www.iemj.org\/de\/wp-json\/wp\/v2\/formation?post=55909"},{"taxonomy":"genre","embeddable":true,"href":"https:\/\/www.iemj.org\/de\/wp-json\/wp\/v2\/genre?post=55909"},{"taxonomy":"fonds","embeddable":true,"href":"https:\/\/www.iemj.org\/de\/wp-json\/wp\/v2\/fonds?post=55909"},{"taxonomy":"tradition","embeddable":true,"href":"https:\/\/www.iemj.org\/de\/wp-json\/wp\/v2\/tradition?post=55909"},{"taxonomy":"type-de-contenu","embeddable":true,"href":"https:\/\/www.iemj.org\/de\/wp-json\/wp\/v2\/type-de-contenu?post=55909"},{"taxonomy":"interprete-compositeur","embeddable":true,"href":"https:\/\/www.iemj.org\/de\/wp-json\/wp\/v2\/interprete-compositeur?post=55909"},{"taxonomy":"frise","embeddable":true,"href":"https:\/\/www.iemj.org\/de\/wp-json\/wp\/v2\/frise?post=55909"},{"taxonomy":"type-devenement","embeddable":true,"href":"https:\/\/www.iemj.org\/de\/wp-json\/wp\/v2\/type-devenement?post=55909"},{"taxonomy":"tableaux-liens-externes","embeddable":true,"href":"https:\/\/www.iemj.org\/de\/wp-json\/wp\/v2\/tableaux-liens-externes?post=55909"}],"curies":[{"name":"wp","href":"https:\/\/api.w.org\/{rel}","templated":true}]}}