{"id":55941,"date":"2016-05-11T14:44:25","date_gmt":"2016-05-11T12:44:25","guid":{"rendered":"https:\/\/www.iemj.org\/gorby-sarah-1900-1980\/"},"modified":"2021-07-18T11:34:17","modified_gmt":"2021-07-18T09:34:17","slug":"gorby-sarah-1900-1980","status":"publish","type":"post","link":"https:\/\/www.iemj.org\/de\/gorby-sarah-1900-1980\/","title":{"rendered":"Gorby, Sarah (ca. 1900-1980)"},"content":{"rendered":"<p>Sara Gorby (mit b\u00fcrgerlichem Namen Gorbevitsh) wurde um die Jahrhundertwende in Kischinau geboren, einer Stadt, welche zur damaligen Zeit noch zum zaristischen Russland geh\u00f6rte. Sie entstammt einer \u00fcberwiegend russischsprachigen Kaufmannsfamilie, welche urspr\u00fcnglich aus Polen stammte. Im Alter von 17 Jahren, ging sie zum Musikstudium nach Jassy (Rum\u00e4nien) und heiratete dort Joseph Goldstein, einen sehr viel \u00e4lteren Zeitungsverleger.<\/p>\n<p>Nachdem sie eine Zeit lang in Rom gelebt hatte, lie\u00df sie sich gemeinsam mit ihrem Ehemann in den 1920er Jahren in Paris nieder und trat dort regelm\u00e4\u00dfig als S\u00e4ngerin unter dem Namen Sarah Goldstein (ihrem Ehenamen) auf. In den 1930er Jahren ging Sarah Gorby zun\u00e4chst in S\u00fcdamerika, dann in den Vereinigten Staaten auf Tournee, welche im Dezember 1935 begann.<\/p>\n<p>1940 floh sie mit ihrem Mann nach Haiti. Dort setzte sie ihre Gesangskarriere fort und trat mehrmals zwischen 1944 und 1947 in den Vereinigten Staaten auf, bevor sie 1948, f\u00fcr eine Konzerttournee jiddischer Lieder in den Lagern der Displaced-persons, nach Europa zur\u00fcckkehrte.<\/p>\n<p><img fetchpriority=\"high\" decoding=\"async\" class=\" alignright size-full wp-image-10607\" src=\"https:\/\/www.iemj.org\/wp-content\/uploads\/2016\/05\/concert_sarah_goldstein_paris_1936_40_.jpg\" alt=\"concert_sarah_goldstein_paris_1936_40_.jpg\" width=\"260\" height=\"318\" align=\"right\">Sarah Gorby kehrte 1949 nach Paris zur\u00fcck und nahm in diesem Jahr einige Titel f\u00fcr das Label Elesdisc auf. Ihr Ehemann, Joseph Goldstein, verstarb 1950 auf Haiti, woraufhin sie sich dauerhaft in Paris niederlie\u00df. Auch wenn sie mehrere Monate jedes Jahres im Ausland (S\u00fcdamerika, S\u00fcdafrika, Israel) verbrachte, blieb doch die Stadt des Lichtes, bis zu ihrem Tod im Jahr 1980, das Zentrum ihres Lebens.<\/p>\n<p>In einem 1987 erschienen Artikel, beschrieb Ellen F. Prince Sarah Gorbys Talent und Liebe zu Sprachen und Dialekten. Ihre dominierende Sprache war Russisch, gefolgt von Jiddisch. Sie sprach au\u00dferdem auch Franz\u00f6sisch, Rum\u00e4nisch, Italienisch, Spanisch, Portugiesisch, Deutsch und flie\u00dfend Englisch, allerdings mit einem starken russischen Akzent.<\/p>\n<p>Quellen:<\/p>\n<ul>\n<li><a href=\"https:\/\/www.iemj.org\/de\/reedition-du-coffret-musiques-juives-dans-le-paris-dapres-guerre-elesdisc-1948-1953\/\" target=\"_blank\" rel=\"noopener\">Begleitheft der CD-Box:&nbsp;<em>Musiques juives dans le Paris d\u2019apr\u00e8s-guerre<\/em><\/a><\/li>\n<li><a href=\"https:\/\/ru.wikipedia.org\/wiki\/%D0%93%D0%BE%D1%80%D0%B1%D0%B8,_%D0%A1%D0%B0%D1%80%D0%B0\">Wikipedia (russisch)<\/a><\/li>\n<li><a href=\"https:\/\/www.europalibera.org\/a\/agenda-culturala-interviu-herve-roten-sarah-gorby-victor-eskenasy\/29087280.html\" target=\"_blank\" rel=\"noopener\">Artikel von Victor Eskenasy:&nbsp;<em>De la Chi\u0219in\u0103u la Paris: Sarah Gorby o voce extraordinar\u0103<\/em><\/a><\/li>\n<\/ul>\n<p><a href=\"http:\/\/www.rachelnet.net\/F\/E7QIJLFT7DPFS4I9LT1IT6G6UNMMIMU1DUVU3H2RSUE7E3BFVT-05603?func=find-c&amp;ccl_term=WRD+%3D+Gorby+Sarah&amp;local_base=rebie\" target=\"_blank\" rel=\"noopener\">Greifen Sie auf unsere Archive \u00fcber Sarah Gorby<\/a><\/p>\n<p><a href=\"https:\/\/www.iemj.org\/en\/sarah-gorby-2\/\" target=\"_blank\" rel=\"noopener\">H\u00f6ren Sie sich die Sarah Gorby-Playlist an<\/a><\/p>\n<p><a href=\"https:\/\/www.iemj.org\/en\/product\/casket-of-the-jewish-musics-in-paris-in-the-aftermath-of-ww-ii\/\" target=\"_blank\" rel=\"noopener\">Bestellen Sie die CD <em>Musiques juives dans le Paris d\u2019apr\u00e8s-guerre \u2013 Elesdisc 1948-1953<\/em><\/a><\/p>\n\n\n<figure class=\"wp-block-embed is-type-video is-provider-youtube wp-block-embed-youtube wp-embed-aspect-4-3 wp-has-aspect-ratio\"><div class=\"wp-block-embed__wrapper\">\n<iframe title=\"Musiques juives dans le Paris d&#039;apr\u00e8s-guerre\" width=\"640\" height=\"480\" src=\"https:\/\/www.youtube.com\/embed\/NxMq-4u_3kM?feature=oembed\" frameborder=\"0\" allow=\"accelerometer; autoplay; clipboard-write; encrypted-media; gyroscope; picture-in-picture; web-share\" referrerpolicy=\"strict-origin-when-cross-origin\" allowfullscreen><\/iframe>\n<\/div><figcaption><strong>Introduction : Warsche von Benny Bell <br><a href=\"https:\/\/www.youtube.com\/watch?v=NxMq-4u_3kM&amp;t=87s\">01:27<\/a>\u200b Dave Cash <br><a href=\"https:\/\/www.youtube.com\/watch?v=NxMq-4u_3kM&amp;t=228s\">03:48<\/a>\u200b Bernard Potock <br><a href=\"https:\/\/www.youtube.com\/watch?v=NxMq-4u_3kM&amp;t=358s\">05:58<\/a>\u200b Sarah Gorby <br><a href=\"https:\/\/www.youtube.com\/watch?v=NxMq-4u_3kM&amp;t=507s\">08:27<\/a>\u200b Ben Baruch <br><a href=\"https:\/\/www.youtube.com\/watch?v=NxMq-4u_3kM&amp;t=724s\">12:04<\/a>\u200b Henri Gerro <br><a href=\"https:\/\/www.youtube.com\/watch?v=NxMq-4u_3kM&amp;t=938s\">15:38<\/a>\u200b Richard Inger <br><a href=\"https:\/\/www.youtube.com\/watch?v=NxMq-4u_3kM&amp;t=1142s\">19:02<\/a>\u200b Die anderen K\u00fcnstler des Labels<\/strong><\/figcaption><\/figure>\n\n\n\n<p><\/p>\n","protected":false},"excerpt":{"rendered":"<p>Sara Gorby (mit b\u00fcrgerlichem Namen Gorbevitsh) wurde um die Jahrhundertwende in Kischinau geboren, einer Stadt, welche zur damaligen Zeit noch zum zaristischen Russland geh\u00f6rte. Sie entstammt einer \u00fcberwiegend russischsprachigen Kaufmannsfamilie,<\/p>\n","protected":false},"author":1052,"featured_media":51811,"comment_status":"closed","ping_status":"open","sticky":false,"template":"","format":"standard","meta":{"_acf_changed":false,"footnotes":""},"categories":[1415],"tags":[],"technique":[],"squelettes":[],"sujet":[],"formation":[],"genre":[],"fonds":[],"tradition":[],"type-de-contenu":[],"interprete-compositeur":[3285],"frise":[],"type-devenement":[],"tableaux-liens-externes":[],"class_list":["post-55941","post","type-post","status-publish","format-standard","has-post-thumbnail","hentry","category-biografien-de","interprete-compositeur-sarah-gorby-de"],"acf":[],"yoast_head":"<!-- This site is optimized with the Yoast SEO plugin v27.3 - https:\/\/yoast.com\/product\/yoast-seo-wordpress\/ -->\n<title>Gorby, Sarah (ca. 1900-1980) - Institut Europ\u00e9en des Musiques Juives<\/title>\n<meta name=\"robots\" content=\"index, follow, max-snippet:-1, max-image-preview:large, max-video-preview:-1\" \/>\n<link rel=\"canonical\" href=\"https:\/\/www.iemj.org\/de\/gorby-sarah-1900-1980\/\" \/>\n<meta property=\"og:locale\" content=\"de_DE\" \/>\n<meta property=\"og:type\" content=\"article\" \/>\n<meta property=\"og:title\" content=\"Gorby, Sarah (ca. 1900-1980) - Institut Europ\u00e9en des Musiques Juives\" \/>\n<meta property=\"og:description\" content=\"Sara Gorby (mit b\u00fcrgerlichem Namen Gorbevitsh) wurde um die Jahrhundertwende in Kischinau geboren, einer Stadt, welche zur damaligen Zeit noch zum zaristischen Russland geh\u00f6rte. Sie entstammt einer \u00fcberwiegend russischsprachigen Kaufmannsfamilie,\" \/>\n<meta property=\"og:url\" content=\"https:\/\/www.iemj.org\/de\/gorby-sarah-1900-1980\/\" \/>\n<meta property=\"og:site_name\" content=\"Institut Europ\u00e9en des Musiques Juives\" \/>\n<meta property=\"article:publisher\" content=\"https:\/\/www.facebook.com\/MusiquesJuives\/\" \/>\n<meta property=\"article:published_time\" content=\"2016-05-11T12:44:25+00:00\" \/>\n<meta property=\"article:modified_time\" content=\"2021-07-18T09:34:17+00:00\" \/>\n<meta property=\"og:image\" content=\"https:\/\/www.iemj.org\/wp-content\/uploads\/2016\/05\/arton1676-e1625040182482.jpg\" \/>\n\t<meta property=\"og:image:width\" content=\"172\" \/>\n\t<meta property=\"og:image:height\" content=\"218\" \/>\n\t<meta property=\"og:image:type\" content=\"image\/jpeg\" \/>\n<meta name=\"author\" content=\"Lea Couderc\" \/>\n<meta name=\"twitter:card\" content=\"summary_large_image\" \/>\n<meta name=\"twitter:label1\" content=\"Verfasst von\" \/>\n\t<meta name=\"twitter:data1\" content=\"Lea Couderc\" \/>\n\t<meta name=\"twitter:label2\" content=\"Gesch\u00e4tzte Lesezeit\" \/>\n\t<meta name=\"twitter:data2\" content=\"2\u00a0Minuten\" \/>\n<script type=\"application\/ld+json\" class=\"yoast-schema-graph\">{\"@context\":\"https:\\\/\\\/schema.org\",\"@graph\":[{\"@type\":\"Article\",\"@id\":\"https:\\\/\\\/www.iemj.org\\\/de\\\/gorby-sarah-1900-1980\\\/#article\",\"isPartOf\":{\"@id\":\"https:\\\/\\\/www.iemj.org\\\/de\\\/gorby-sarah-1900-1980\\\/\"},\"author\":{\"name\":\"Lea Couderc\",\"@id\":\"https:\\\/\\\/www.iemj.org\\\/de\\\/#\\\/schema\\\/person\\\/e2ad57f2c4be119c7ed8ab79036807a9\"},\"headline\":\"Gorby, Sarah (ca. 1900-1980)\",\"datePublished\":\"2016-05-11T12:44:25+00:00\",\"dateModified\":\"2021-07-18T09:34:17+00:00\",\"mainEntityOfPage\":{\"@id\":\"https:\\\/\\\/www.iemj.org\\\/de\\\/gorby-sarah-1900-1980\\\/\"},\"wordCount\":370,\"publisher\":{\"@id\":\"https:\\\/\\\/www.iemj.org\\\/de\\\/#organization\"},\"image\":{\"@id\":\"https:\\\/\\\/www.iemj.org\\\/de\\\/gorby-sarah-1900-1980\\\/#primaryimage\"},\"thumbnailUrl\":\"https:\\\/\\\/www.iemj.org\\\/wp-content\\\/uploads\\\/2016\\\/05\\\/arton1676-e1625040182482.jpg\",\"articleSection\":[\"Biografien\"],\"inLanguage\":\"de\"},{\"@type\":\"WebPage\",\"@id\":\"https:\\\/\\\/www.iemj.org\\\/de\\\/gorby-sarah-1900-1980\\\/\",\"url\":\"https:\\\/\\\/www.iemj.org\\\/de\\\/gorby-sarah-1900-1980\\\/\",\"name\":\"Gorby, Sarah (ca. 1900-1980) - Institut Europ\u00e9en des Musiques Juives\",\"isPartOf\":{\"@id\":\"https:\\\/\\\/www.iemj.org\\\/de\\\/#website\"},\"primaryImageOfPage\":{\"@id\":\"https:\\\/\\\/www.iemj.org\\\/de\\\/gorby-sarah-1900-1980\\\/#primaryimage\"},\"image\":{\"@id\":\"https:\\\/\\\/www.iemj.org\\\/de\\\/gorby-sarah-1900-1980\\\/#primaryimage\"},\"thumbnailUrl\":\"https:\\\/\\\/www.iemj.org\\\/wp-content\\\/uploads\\\/2016\\\/05\\\/arton1676-e1625040182482.jpg\",\"datePublished\":\"2016-05-11T12:44:25+00:00\",\"dateModified\":\"2021-07-18T09:34:17+00:00\",\"breadcrumb\":{\"@id\":\"https:\\\/\\\/www.iemj.org\\\/de\\\/gorby-sarah-1900-1980\\\/#breadcrumb\"},\"inLanguage\":\"de\",\"potentialAction\":[{\"@type\":\"ReadAction\",\"target\":[\"https:\\\/\\\/www.iemj.org\\\/de\\\/gorby-sarah-1900-1980\\\/\"]}]},{\"@type\":\"ImageObject\",\"inLanguage\":\"de\",\"@id\":\"https:\\\/\\\/www.iemj.org\\\/de\\\/gorby-sarah-1900-1980\\\/#primaryimage\",\"url\":\"https:\\\/\\\/www.iemj.org\\\/wp-content\\\/uploads\\\/2016\\\/05\\\/arton1676-e1625040182482.jpg\",\"contentUrl\":\"https:\\\/\\\/www.iemj.org\\\/wp-content\\\/uploads\\\/2016\\\/05\\\/arton1676-e1625040182482.jpg\",\"width\":172,\"height\":218},{\"@type\":\"BreadcrumbList\",\"@id\":\"https:\\\/\\\/www.iemj.org\\\/de\\\/gorby-sarah-1900-1980\\\/#breadcrumb\",\"itemListElement\":[{\"@type\":\"ListItem\",\"position\":1,\"name\":\"Accueil\",\"item\":\"https:\\\/\\\/www.iemj.org\\\/de\\\/\"},{\"@type\":\"ListItem\",\"position\":2,\"name\":\"Gorby, Sarah (ca. 1900-1980)\"}]},{\"@type\":\"WebSite\",\"@id\":\"https:\\\/\\\/www.iemj.org\\\/de\\\/#website\",\"url\":\"https:\\\/\\\/www.iemj.org\\\/de\\\/\",\"name\":\"Institut Europ\u00e9en des Musiques Juives\",\"description\":\"Des traditions musicales \u00e0 la port\u00e9e de tous\",\"publisher\":{\"@id\":\"https:\\\/\\\/www.iemj.org\\\/de\\\/#organization\"},\"potentialAction\":[{\"@type\":\"SearchAction\",\"target\":{\"@type\":\"EntryPoint\",\"urlTemplate\":\"https:\\\/\\\/www.iemj.org\\\/de\\\/?s={search_term_string}\"},\"query-input\":{\"@type\":\"PropertyValueSpecification\",\"valueRequired\":true,\"valueName\":\"search_term_string\"}}],\"inLanguage\":\"de\"},{\"@type\":\"Organization\",\"@id\":\"https:\\\/\\\/www.iemj.org\\\/de\\\/#organization\",\"name\":\"Institut Europ\u00e9en des Musiques Juives\",\"url\":\"https:\\\/\\\/www.iemj.org\\\/de\\\/\",\"logo\":{\"@type\":\"ImageObject\",\"inLanguage\":\"de\",\"@id\":\"https:\\\/\\\/www.iemj.org\\\/de\\\/#\\\/schema\\\/logo\\\/image\\\/\",\"url\":\"https:\\\/\\\/www.iemj.org\\\/wp-content\\\/uploads\\\/2021\\\/09\\\/Logo-IEMJ-Paypal.jpg\",\"contentUrl\":\"https:\\\/\\\/www.iemj.org\\\/wp-content\\\/uploads\\\/2021\\\/09\\\/Logo-IEMJ-Paypal.jpg\",\"width\":150,\"height\":50,\"caption\":\"Institut Europ\u00e9en des Musiques Juives\"},\"image\":{\"@id\":\"https:\\\/\\\/www.iemj.org\\\/de\\\/#\\\/schema\\\/logo\\\/image\\\/\"},\"sameAs\":[\"https:\\\/\\\/www.facebook.com\\\/MusiquesJuives\\\/\",\"https:\\\/\\\/www.instagram.com\\\/musiquesjuives\\\/\",\"https:\\\/\\\/www.youtube.com\\\/user\\\/musiquesjuives\"]},{\"@type\":\"Person\",\"@id\":\"https:\\\/\\\/www.iemj.org\\\/de\\\/#\\\/schema\\\/person\\\/e2ad57f2c4be119c7ed8ab79036807a9\",\"name\":\"Lea Couderc\",\"image\":{\"@type\":\"ImageObject\",\"inLanguage\":\"de\",\"@id\":\"https:\\\/\\\/secure.gravatar.com\\\/avatar\\\/46ee021475d60aeff17a7e490b79dea5a5684bb392ab7fd1494027411df8ba23?s=96&d=mm&r=g\",\"url\":\"https:\\\/\\\/secure.gravatar.com\\\/avatar\\\/46ee021475d60aeff17a7e490b79dea5a5684bb392ab7fd1494027411df8ba23?s=96&d=mm&r=g\",\"contentUrl\":\"https:\\\/\\\/secure.gravatar.com\\\/avatar\\\/46ee021475d60aeff17a7e490b79dea5a5684bb392ab7fd1494027411df8ba23?s=96&d=mm&r=g\",\"caption\":\"Lea Couderc\"}}]}<\/script>\n<!-- \/ Yoast SEO plugin. -->","yoast_head_json":{"title":"Gorby, Sarah (ca. 1900-1980) - Institut Europ\u00e9en des Musiques Juives","robots":{"index":"index","follow":"follow","max-snippet":"max-snippet:-1","max-image-preview":"max-image-preview:large","max-video-preview":"max-video-preview:-1"},"canonical":"https:\/\/www.iemj.org\/de\/gorby-sarah-1900-1980\/","og_locale":"de_DE","og_type":"article","og_title":"Gorby, Sarah (ca. 1900-1980) - Institut Europ\u00e9en des Musiques Juives","og_description":"Sara Gorby (mit b\u00fcrgerlichem Namen Gorbevitsh) wurde um die Jahrhundertwende in Kischinau geboren, einer Stadt, welche zur damaligen Zeit noch zum zaristischen Russland geh\u00f6rte. Sie entstammt einer \u00fcberwiegend russischsprachigen Kaufmannsfamilie,","og_url":"https:\/\/www.iemj.org\/de\/gorby-sarah-1900-1980\/","og_site_name":"Institut Europ\u00e9en des Musiques Juives","article_publisher":"https:\/\/www.facebook.com\/MusiquesJuives\/","article_published_time":"2016-05-11T12:44:25+00:00","article_modified_time":"2021-07-18T09:34:17+00:00","og_image":[{"width":172,"height":218,"url":"https:\/\/www.iemj.org\/wp-content\/uploads\/2016\/05\/arton1676-e1625040182482.jpg","type":"image\/jpeg"}],"author":"Lea Couderc","twitter_card":"summary_large_image","twitter_misc":{"Verfasst von":"Lea Couderc","Gesch\u00e4tzte Lesezeit":"2\u00a0Minuten"},"schema":{"@context":"https:\/\/schema.org","@graph":[{"@type":"Article","@id":"https:\/\/www.iemj.org\/de\/gorby-sarah-1900-1980\/#article","isPartOf":{"@id":"https:\/\/www.iemj.org\/de\/gorby-sarah-1900-1980\/"},"author":{"name":"Lea Couderc","@id":"https:\/\/www.iemj.org\/de\/#\/schema\/person\/e2ad57f2c4be119c7ed8ab79036807a9"},"headline":"Gorby, Sarah (ca. 1900-1980)","datePublished":"2016-05-11T12:44:25+00:00","dateModified":"2021-07-18T09:34:17+00:00","mainEntityOfPage":{"@id":"https:\/\/www.iemj.org\/de\/gorby-sarah-1900-1980\/"},"wordCount":370,"publisher":{"@id":"https:\/\/www.iemj.org\/de\/#organization"},"image":{"@id":"https:\/\/www.iemj.org\/de\/gorby-sarah-1900-1980\/#primaryimage"},"thumbnailUrl":"https:\/\/www.iemj.org\/wp-content\/uploads\/2016\/05\/arton1676-e1625040182482.jpg","articleSection":["Biografien"],"inLanguage":"de"},{"@type":"WebPage","@id":"https:\/\/www.iemj.org\/de\/gorby-sarah-1900-1980\/","url":"https:\/\/www.iemj.org\/de\/gorby-sarah-1900-1980\/","name":"Gorby, Sarah (ca. 1900-1980) - Institut Europ\u00e9en des Musiques Juives","isPartOf":{"@id":"https:\/\/www.iemj.org\/de\/#website"},"primaryImageOfPage":{"@id":"https:\/\/www.iemj.org\/de\/gorby-sarah-1900-1980\/#primaryimage"},"image":{"@id":"https:\/\/www.iemj.org\/de\/gorby-sarah-1900-1980\/#primaryimage"},"thumbnailUrl":"https:\/\/www.iemj.org\/wp-content\/uploads\/2016\/05\/arton1676-e1625040182482.jpg","datePublished":"2016-05-11T12:44:25+00:00","dateModified":"2021-07-18T09:34:17+00:00","breadcrumb":{"@id":"https:\/\/www.iemj.org\/de\/gorby-sarah-1900-1980\/#breadcrumb"},"inLanguage":"de","potentialAction":[{"@type":"ReadAction","target":["https:\/\/www.iemj.org\/de\/gorby-sarah-1900-1980\/"]}]},{"@type":"ImageObject","inLanguage":"de","@id":"https:\/\/www.iemj.org\/de\/gorby-sarah-1900-1980\/#primaryimage","url":"https:\/\/www.iemj.org\/wp-content\/uploads\/2016\/05\/arton1676-e1625040182482.jpg","contentUrl":"https:\/\/www.iemj.org\/wp-content\/uploads\/2016\/05\/arton1676-e1625040182482.jpg","width":172,"height":218},{"@type":"BreadcrumbList","@id":"https:\/\/www.iemj.org\/de\/gorby-sarah-1900-1980\/#breadcrumb","itemListElement":[{"@type":"ListItem","position":1,"name":"Accueil","item":"https:\/\/www.iemj.org\/de\/"},{"@type":"ListItem","position":2,"name":"Gorby, Sarah (ca. 1900-1980)"}]},{"@type":"WebSite","@id":"https:\/\/www.iemj.org\/de\/#website","url":"https:\/\/www.iemj.org\/de\/","name":"Institut Europ\u00e9en des Musiques Juives","description":"Des traditions musicales \u00e0 la port\u00e9e de tous","publisher":{"@id":"https:\/\/www.iemj.org\/de\/#organization"},"potentialAction":[{"@type":"SearchAction","target":{"@type":"EntryPoint","urlTemplate":"https:\/\/www.iemj.org\/de\/?s={search_term_string}"},"query-input":{"@type":"PropertyValueSpecification","valueRequired":true,"valueName":"search_term_string"}}],"inLanguage":"de"},{"@type":"Organization","@id":"https:\/\/www.iemj.org\/de\/#organization","name":"Institut Europ\u00e9en des Musiques Juives","url":"https:\/\/www.iemj.org\/de\/","logo":{"@type":"ImageObject","inLanguage":"de","@id":"https:\/\/www.iemj.org\/de\/#\/schema\/logo\/image\/","url":"https:\/\/www.iemj.org\/wp-content\/uploads\/2021\/09\/Logo-IEMJ-Paypal.jpg","contentUrl":"https:\/\/www.iemj.org\/wp-content\/uploads\/2021\/09\/Logo-IEMJ-Paypal.jpg","width":150,"height":50,"caption":"Institut Europ\u00e9en des Musiques Juives"},"image":{"@id":"https:\/\/www.iemj.org\/de\/#\/schema\/logo\/image\/"},"sameAs":["https:\/\/www.facebook.com\/MusiquesJuives\/","https:\/\/www.instagram.com\/musiquesjuives\/","https:\/\/www.youtube.com\/user\/musiquesjuives"]},{"@type":"Person","@id":"https:\/\/www.iemj.org\/de\/#\/schema\/person\/e2ad57f2c4be119c7ed8ab79036807a9","name":"Lea Couderc","image":{"@type":"ImageObject","inLanguage":"de","@id":"https:\/\/secure.gravatar.com\/avatar\/46ee021475d60aeff17a7e490b79dea5a5684bb392ab7fd1494027411df8ba23?s=96&d=mm&r=g","url":"https:\/\/secure.gravatar.com\/avatar\/46ee021475d60aeff17a7e490b79dea5a5684bb392ab7fd1494027411df8ba23?s=96&d=mm&r=g","contentUrl":"https:\/\/secure.gravatar.com\/avatar\/46ee021475d60aeff17a7e490b79dea5a5684bb392ab7fd1494027411df8ba23?s=96&d=mm&r=g","caption":"Lea Couderc"}}]}},"_links":{"self":[{"href":"https:\/\/www.iemj.org\/de\/wp-json\/wp\/v2\/posts\/55941","targetHints":{"allow":["GET"]}}],"collection":[{"href":"https:\/\/www.iemj.org\/de\/wp-json\/wp\/v2\/posts"}],"about":[{"href":"https:\/\/www.iemj.org\/de\/wp-json\/wp\/v2\/types\/post"}],"author":[{"embeddable":true,"href":"https:\/\/www.iemj.org\/de\/wp-json\/wp\/v2\/users\/1052"}],"replies":[{"embeddable":true,"href":"https:\/\/www.iemj.org\/de\/wp-json\/wp\/v2\/comments?post=55941"}],"version-history":[{"count":0,"href":"https:\/\/www.iemj.org\/de\/wp-json\/wp\/v2\/posts\/55941\/revisions"}],"wp:featuredmedia":[{"embeddable":true,"href":"https:\/\/www.iemj.org\/de\/wp-json\/wp\/v2\/media\/51811"}],"wp:attachment":[{"href":"https:\/\/www.iemj.org\/de\/wp-json\/wp\/v2\/media?parent=55941"}],"wp:term":[{"taxonomy":"category","embeddable":true,"href":"https:\/\/www.iemj.org\/de\/wp-json\/wp\/v2\/categories?post=55941"},{"taxonomy":"post_tag","embeddable":true,"href":"https:\/\/www.iemj.org\/de\/wp-json\/wp\/v2\/tags?post=55941"},{"taxonomy":"technique","embeddable":true,"href":"https:\/\/www.iemj.org\/de\/wp-json\/wp\/v2\/technique?post=55941"},{"taxonomy":"squelettes","embeddable":true,"href":"https:\/\/www.iemj.org\/de\/wp-json\/wp\/v2\/squelettes?post=55941"},{"taxonomy":"sujet","embeddable":true,"href":"https:\/\/www.iemj.org\/de\/wp-json\/wp\/v2\/sujet?post=55941"},{"taxonomy":"formation","embeddable":true,"href":"https:\/\/www.iemj.org\/de\/wp-json\/wp\/v2\/formation?post=55941"},{"taxonomy":"genre","embeddable":true,"href":"https:\/\/www.iemj.org\/de\/wp-json\/wp\/v2\/genre?post=55941"},{"taxonomy":"fonds","embeddable":true,"href":"https:\/\/www.iemj.org\/de\/wp-json\/wp\/v2\/fonds?post=55941"},{"taxonomy":"tradition","embeddable":true,"href":"https:\/\/www.iemj.org\/de\/wp-json\/wp\/v2\/tradition?post=55941"},{"taxonomy":"type-de-contenu","embeddable":true,"href":"https:\/\/www.iemj.org\/de\/wp-json\/wp\/v2\/type-de-contenu?post=55941"},{"taxonomy":"interprete-compositeur","embeddable":true,"href":"https:\/\/www.iemj.org\/de\/wp-json\/wp\/v2\/interprete-compositeur?post=55941"},{"taxonomy":"frise","embeddable":true,"href":"https:\/\/www.iemj.org\/de\/wp-json\/wp\/v2\/frise?post=55941"},{"taxonomy":"type-devenement","embeddable":true,"href":"https:\/\/www.iemj.org\/de\/wp-json\/wp\/v2\/type-devenement?post=55941"},{"taxonomy":"tableaux-liens-externes","embeddable":true,"href":"https:\/\/www.iemj.org\/de\/wp-json\/wp\/v2\/tableaux-liens-externes?post=55941"}],"curies":[{"name":"wp","href":"https:\/\/api.w.org\/{rel}","templated":true}]}}