{"id":56449,"date":"2017-06-26T17:16:29","date_gmt":"2017-06-26T15:16:29","guid":{"rendered":"https:\/\/www.iemj.org\/tresors-du-cinema-yiddish\/"},"modified":"2021-07-20T16:19:25","modified_gmt":"2021-07-20T14:19:25","slug":"tresors-du-cinema-yiddish","status":"publish","type":"post","link":"https:\/\/www.iemj.org\/de\/tresors-du-cinema-yiddish\/","title":{"rendered":"Tr\u00e9sors du cin\u00e9ma yiddish [Sch\u00e4tze des jiddischen Films]"},"content":{"rendered":"<p>Jiddisch ist eine Sprache, eine Musik, eine Melodie, ein Lied, das wir kaum noch h\u00f6ren. Der jiddische Film besteht aus h\u00f6chstens hundert Titeln, die f\u00fcr ein lebendiges j\u00fcdisches Publikum bestimmt sind oder aus Osteuropa stammen. Diese Filme wurden zwischen 1930 und 1950 haupts\u00e4chlich in Polen, Russland und den USA gedreht. Eine verschwundene Welt, die vor mehr als einem halben Jahrhundert zusammen mit den Zuschauern verschwunden ist. Vier Titel sind f\u00fcr den jiddischen Film bezeichnend: <em>Mir Kumen On<\/em>, Nous arrivons [Wir kommen an] (1936), <em>Dibuk <\/em>[Der Dibbuk] (1937), <em>Tevya the Milkman<\/em>\u00a0[Tevye der Milchmann] (1939) und <em>Lang iz der weg <\/em>[Der Weg ist lang] (1949).<\/p>\n<p>Diese Filme sind nun restauriert worden, um die Bilder wieder zum Leben zu erwecken und die Worte, Kl\u00e4nge und Stimmungen einer Welt, die ihre Stimme verloren hat, wieder zu h\u00f6ren. Manche werden in diesen wertvollen Zeitzeugnissen Bilder ihrer Kindheit, Bez\u00fcge zu erz\u00e4hlten Erinnerungen oder auch aufbrausende Lebendigkeit erkennen, wenn diejenigen, die wir nicht kannten, l\u00e4cheln. Die vier Filme sind eine Reise durch die Zeit, oft mit bescheidenen Mitteln und unter schrecklichen Bedingungen produziert&#8230; aber sie sind da. Schlicht. Aufrichtig. Vier gro\u00dfartige Filme, ein paar Kurzfilme und Kinderlachen. Einfach, ein winziger Moment der Ewigkeit.<\/p>\n<hr \/>\n<p>\u2022 DVD 01 &#8211; MIR KUMEN ON<\/p>\n<p>W\u00e4hrend Tausende von Juden unter dem Joch antisemitischer Gesetze stehen, bietet das wenige Kilometer von Warschau entfernt gelegene Sanatorium Medem kleinen j\u00fcdischen Kindern, die von Armut und Krankheit bedroht sind, eine Oase des Friedens, der Unterst\u00fctzung und Bildung. Um die Zukunft vorzubereiten und die Kinder f\u00fcr ein Morgen gewappnet sind, ist <em>Mir Kumen On<\/em> ein Lied der Hoffnung, die gr\u00f6\u00dfer ist als Schreie des Hasses.<\/p>\n<p>\u2022 DVD 02 &amp; 03 DIBUK (lange und kurze Version)<\/p>\n<p>Dibbuk &#8211; der Geist eines Toten, der in den K\u00f6rper eines Lebenden eindringt &#8211; steht im Mittelpunkt der Geschichte einer unm\u00f6glichen Liebe zwischen L\u00e9a und Chanan. Sander und Nissan, ihre V\u00e4ter, versprachen einander in ihrer Jugend, ihre Kinder zu verheiraten, wenn sie diese bekommen w\u00fcrden. Als Sander reich wird, vergisst er seinen Eid. Lieber will er seine Tochter einer guten Party zukommen lassen, als sie Nissans Sohn zu geben, den sie gleichwohl liebt. Als Chanan erf\u00e4hrt, dass L\u00e9a einem anderen versprochen ist, stirbt er und sein Geist bewohnt den K\u00f6rper seiner Geliebten.<\/p>\n<p>\u2022 DVD 04 &#8211; TEVYA<\/p>\n<p>Wir sind in der Ukraine zu Beginn des 20. Jahrhunderts. Tevye, ein frommer und traditionsbewusster Jude, hat sieben T\u00f6chter, darunter Khave, die von Feyda, dem Sohn eines hohen W\u00fcrdentr\u00e4gers in der Region, umworben wird. Khave aber nimmt Abstand von der Religion und entscheidet sich, denjenigen zu heiraten, den sie liebt und der nicht j\u00fcdisch ist. Nach den unn\u00f6tigen Warnungen und Aufforderungen, innerhalb der Gemeinschaft zu heiraten, verschwindet Tevyes Welt und mit ihr eine Identit\u00e4t, Bezugspunkte und der eigentliche Sinn ihrer Existenz. Aber der Antisemitismus ist auf dem Vormarsch, und bald Steht die Situation aller russischen Juden auf dem Spiel\u2026<\/p>\n<p>\u2022 DVD 05 &#8211; LANG IZ DER WEG<\/p>\n<p>Am Ende der 1930er Jahre, das Schicksal einer polnisch-j\u00fcdischen Familie, die die Trag\u00f6die der Geschichte und der Schrecken der Shoah mitrei\u00dft. Dieser halbdokumentarische Film bringt uns mitten in das Herz der Katastrophe und ihrer Nachwirkungen und l\u00e4sst uns den Schmerz und den Alptraum erleben, in dem nur eine fiktive Rekonstruktion die Wahrheit wiederherstellen konnte.<\/p>\n<p><a href=\"https:\/\/shop.lobsterfilms.com\/en\/\" target=\"_blank\" rel=\"noopener\">Bestellen Sie die Kassette auf der Website des Verlags<\/a><\/p>\n<p><a href=\"http:\/\/www.rachelnet.net\/F\/?func=find-c&amp;ccl_term=WTI+%3D+Tr%C3%A9sors+du+cin%C3%A9ma+yiddish&amp;local_base=iemcg\" target=\"_blank\" rel=\"noopener\">Konsultieren Sie die Karteikarte mit einem Auszug aus der 32-seitigen Brosch\u00fcre im Online-Katalog RACHEL<\/a><\/p>\n","protected":false},"excerpt":{"rendered":"<p>Jiddisch ist eine Sprache, eine Musik, eine Melodie, ein Lied, das wir kaum noch h\u00f6ren. Der jiddische Film besteht aus h\u00f6chstens hundert Titeln, die f\u00fcr ein lebendiges j\u00fcdisches Publikum bestimmt<\/p>\n","protected":false},"author":1048,"featured_media":56450,"comment_status":"closed","ping_status":"open","sticky":false,"template":"","format":"standard","meta":{"_acf_changed":false,"footnotes":""},"categories":[1572,1561],"tags":[],"technique":[],"squelettes":[],"sujet":[],"formation":[],"genre":[1864],"fonds":[],"tradition":[],"type-de-contenu":[],"interprete-compositeur":[],"frise":[],"type-devenement":[],"tableaux-liens-externes":[],"class_list":["post-56449","post","type-post","status-publish","format-standard","has-post-thumbnail","hentry","category-dvd-de","category-letzte-neuerwerbungen-de","genre-yiddish-de"],"acf":[],"yoast_head":"<!-- This site is optimized with the Yoast SEO plugin v27.3 - https:\/\/yoast.com\/product\/yoast-seo-wordpress\/ -->\n<title>Tr\u00e9sors du cin\u00e9ma yiddish [Sch\u00e4tze des jiddischen Films] - Institut Europ\u00e9en des Musiques Juives<\/title>\n<meta name=\"robots\" content=\"index, follow, max-snippet:-1, max-image-preview:large, max-video-preview:-1\" \/>\n<link rel=\"canonical\" href=\"https:\/\/www.iemj.org\/de\/tresors-du-cinema-yiddish\/\" \/>\n<meta property=\"og:locale\" content=\"de_DE\" \/>\n<meta property=\"og:type\" content=\"article\" \/>\n<meta property=\"og:title\" content=\"Tr\u00e9sors du cin\u00e9ma yiddish [Sch\u00e4tze des jiddischen Films] - Institut Europ\u00e9en des Musiques Juives\" \/>\n<meta property=\"og:description\" content=\"Jiddisch ist eine Sprache, eine Musik, eine Melodie, ein Lied, das wir kaum noch h\u00f6ren. Der jiddische Film besteht aus h\u00f6chstens hundert Titeln, die f\u00fcr ein lebendiges j\u00fcdisches Publikum bestimmt\" \/>\n<meta property=\"og:url\" content=\"https:\/\/www.iemj.org\/de\/tresors-du-cinema-yiddish\/\" \/>\n<meta property=\"og:site_name\" content=\"Institut Europ\u00e9en des Musiques Juives\" \/>\n<meta property=\"article:publisher\" content=\"https:\/\/www.facebook.com\/MusiquesJuives\/\" \/>\n<meta property=\"article:published_time\" content=\"2017-06-26T15:16:29+00:00\" \/>\n<meta property=\"article:modified_time\" content=\"2021-07-20T14:19:25+00:00\" \/>\n<meta property=\"og:image\" content=\"https:\/\/www.iemj.org\/wp-content\/uploads\/2017\/06\/arton2364.jpg\" \/>\n\t<meta property=\"og:image:width\" content=\"293\" \/>\n\t<meta property=\"og:image:height\" content=\"400\" \/>\n\t<meta property=\"og:image:type\" content=\"image\/jpeg\" \/>\n<meta name=\"author\" content=\"Jean-Gabriel Davis\" \/>\n<meta name=\"twitter:card\" content=\"summary_large_image\" \/>\n<meta name=\"twitter:label1\" content=\"Verfasst von\" \/>\n\t<meta name=\"twitter:data1\" content=\"Jean-Gabriel Davis\" \/>\n\t<meta name=\"twitter:label2\" content=\"Gesch\u00e4tzte Lesezeit\" \/>\n\t<meta name=\"twitter:data2\" content=\"3\u00a0Minuten\" \/>\n<script type=\"application\/ld+json\" class=\"yoast-schema-graph\">{\"@context\":\"https:\\\/\\\/schema.org\",\"@graph\":[{\"@type\":\"Article\",\"@id\":\"https:\\\/\\\/www.iemj.org\\\/de\\\/tresors-du-cinema-yiddish\\\/#article\",\"isPartOf\":{\"@id\":\"https:\\\/\\\/www.iemj.org\\\/de\\\/tresors-du-cinema-yiddish\\\/\"},\"author\":{\"name\":\"Jean-Gabriel Davis\",\"@id\":\"https:\\\/\\\/www.iemj.org\\\/de\\\/#\\\/schema\\\/person\\\/c9bc1c386a3749579a2d675e72a18666\"},\"headline\":\"Tr\u00e9sors du cin\u00e9ma yiddish [Sch\u00e4tze des jiddischen Films]\",\"datePublished\":\"2017-06-26T15:16:29+00:00\",\"dateModified\":\"2021-07-20T14:19:25+00:00\",\"mainEntityOfPage\":{\"@id\":\"https:\\\/\\\/www.iemj.org\\\/de\\\/tresors-du-cinema-yiddish\\\/\"},\"wordCount\":591,\"publisher\":{\"@id\":\"https:\\\/\\\/www.iemj.org\\\/de\\\/#organization\"},\"image\":{\"@id\":\"https:\\\/\\\/www.iemj.org\\\/de\\\/tresors-du-cinema-yiddish\\\/#primaryimage\"},\"thumbnailUrl\":\"https:\\\/\\\/www.iemj.org\\\/wp-content\\\/uploads\\\/2017\\\/06\\\/arton2364.jpg\",\"articleSection\":[\"DVD\",\"Letzte Neuerwerbungen\"],\"inLanguage\":\"de\"},{\"@type\":\"WebPage\",\"@id\":\"https:\\\/\\\/www.iemj.org\\\/de\\\/tresors-du-cinema-yiddish\\\/\",\"url\":\"https:\\\/\\\/www.iemj.org\\\/de\\\/tresors-du-cinema-yiddish\\\/\",\"name\":\"Tr\u00e9sors du cin\u00e9ma yiddish [Sch\u00e4tze des jiddischen Films] - Institut Europ\u00e9en des Musiques Juives\",\"isPartOf\":{\"@id\":\"https:\\\/\\\/www.iemj.org\\\/de\\\/#website\"},\"primaryImageOfPage\":{\"@id\":\"https:\\\/\\\/www.iemj.org\\\/de\\\/tresors-du-cinema-yiddish\\\/#primaryimage\"},\"image\":{\"@id\":\"https:\\\/\\\/www.iemj.org\\\/de\\\/tresors-du-cinema-yiddish\\\/#primaryimage\"},\"thumbnailUrl\":\"https:\\\/\\\/www.iemj.org\\\/wp-content\\\/uploads\\\/2017\\\/06\\\/arton2364.jpg\",\"datePublished\":\"2017-06-26T15:16:29+00:00\",\"dateModified\":\"2021-07-20T14:19:25+00:00\",\"breadcrumb\":{\"@id\":\"https:\\\/\\\/www.iemj.org\\\/de\\\/tresors-du-cinema-yiddish\\\/#breadcrumb\"},\"inLanguage\":\"de\",\"potentialAction\":[{\"@type\":\"ReadAction\",\"target\":[\"https:\\\/\\\/www.iemj.org\\\/de\\\/tresors-du-cinema-yiddish\\\/\"]}]},{\"@type\":\"ImageObject\",\"inLanguage\":\"de\",\"@id\":\"https:\\\/\\\/www.iemj.org\\\/de\\\/tresors-du-cinema-yiddish\\\/#primaryimage\",\"url\":\"https:\\\/\\\/www.iemj.org\\\/wp-content\\\/uploads\\\/2017\\\/06\\\/arton2364.jpg\",\"contentUrl\":\"https:\\\/\\\/www.iemj.org\\\/wp-content\\\/uploads\\\/2017\\\/06\\\/arton2364.jpg\",\"width\":293,\"height\":400},{\"@type\":\"BreadcrumbList\",\"@id\":\"https:\\\/\\\/www.iemj.org\\\/de\\\/tresors-du-cinema-yiddish\\\/#breadcrumb\",\"itemListElement\":[{\"@type\":\"ListItem\",\"position\":1,\"name\":\"Accueil\",\"item\":\"https:\\\/\\\/www.iemj.org\\\/de\\\/\"},{\"@type\":\"ListItem\",\"position\":2,\"name\":\"Tr\u00e9sors du cin\u00e9ma yiddish [Sch\u00e4tze des jiddischen Films]\"}]},{\"@type\":\"WebSite\",\"@id\":\"https:\\\/\\\/www.iemj.org\\\/de\\\/#website\",\"url\":\"https:\\\/\\\/www.iemj.org\\\/de\\\/\",\"name\":\"Institut Europ\u00e9en des Musiques Juives\",\"description\":\"Des traditions musicales \u00e0 la port\u00e9e de tous\",\"publisher\":{\"@id\":\"https:\\\/\\\/www.iemj.org\\\/de\\\/#organization\"},\"potentialAction\":[{\"@type\":\"SearchAction\",\"target\":{\"@type\":\"EntryPoint\",\"urlTemplate\":\"https:\\\/\\\/www.iemj.org\\\/de\\\/?s={search_term_string}\"},\"query-input\":{\"@type\":\"PropertyValueSpecification\",\"valueRequired\":true,\"valueName\":\"search_term_string\"}}],\"inLanguage\":\"de\"},{\"@type\":\"Organization\",\"@id\":\"https:\\\/\\\/www.iemj.org\\\/de\\\/#organization\",\"name\":\"Institut Europ\u00e9en des Musiques Juives\",\"url\":\"https:\\\/\\\/www.iemj.org\\\/de\\\/\",\"logo\":{\"@type\":\"ImageObject\",\"inLanguage\":\"de\",\"@id\":\"https:\\\/\\\/www.iemj.org\\\/de\\\/#\\\/schema\\\/logo\\\/image\\\/\",\"url\":\"https:\\\/\\\/www.iemj.org\\\/wp-content\\\/uploads\\\/2021\\\/09\\\/Logo-IEMJ-Paypal.jpg\",\"contentUrl\":\"https:\\\/\\\/www.iemj.org\\\/wp-content\\\/uploads\\\/2021\\\/09\\\/Logo-IEMJ-Paypal.jpg\",\"width\":150,\"height\":50,\"caption\":\"Institut Europ\u00e9en des Musiques Juives\"},\"image\":{\"@id\":\"https:\\\/\\\/www.iemj.org\\\/de\\\/#\\\/schema\\\/logo\\\/image\\\/\"},\"sameAs\":[\"https:\\\/\\\/www.facebook.com\\\/MusiquesJuives\\\/\",\"https:\\\/\\\/www.instagram.com\\\/musiquesjuives\\\/\",\"https:\\\/\\\/www.youtube.com\\\/user\\\/musiquesjuives\"]},{\"@type\":\"Person\",\"@id\":\"https:\\\/\\\/www.iemj.org\\\/de\\\/#\\\/schema\\\/person\\\/c9bc1c386a3749579a2d675e72a18666\",\"name\":\"Jean-Gabriel Davis\",\"image\":{\"@type\":\"ImageObject\",\"inLanguage\":\"de\",\"@id\":\"https:\\\/\\\/secure.gravatar.com\\\/avatar\\\/2b90d67bdf392c9b3a21fab87c0fa7edaf1fb3a058172a1ffd61033fcec7aec1?s=96&d=mm&r=g\",\"url\":\"https:\\\/\\\/secure.gravatar.com\\\/avatar\\\/2b90d67bdf392c9b3a21fab87c0fa7edaf1fb3a058172a1ffd61033fcec7aec1?s=96&d=mm&r=g\",\"contentUrl\":\"https:\\\/\\\/secure.gravatar.com\\\/avatar\\\/2b90d67bdf392c9b3a21fab87c0fa7edaf1fb3a058172a1ffd61033fcec7aec1?s=96&d=mm&r=g\",\"caption\":\"Jean-Gabriel Davis\"}}]}<\/script>\n<!-- \/ Yoast SEO plugin. -->","yoast_head_json":{"title":"Tr\u00e9sors du cin\u00e9ma yiddish [Sch\u00e4tze des jiddischen Films] - Institut Europ\u00e9en des Musiques Juives","robots":{"index":"index","follow":"follow","max-snippet":"max-snippet:-1","max-image-preview":"max-image-preview:large","max-video-preview":"max-video-preview:-1"},"canonical":"https:\/\/www.iemj.org\/de\/tresors-du-cinema-yiddish\/","og_locale":"de_DE","og_type":"article","og_title":"Tr\u00e9sors du cin\u00e9ma yiddish [Sch\u00e4tze des jiddischen Films] - Institut Europ\u00e9en des Musiques Juives","og_description":"Jiddisch ist eine Sprache, eine Musik, eine Melodie, ein Lied, das wir kaum noch h\u00f6ren. Der jiddische Film besteht aus h\u00f6chstens hundert Titeln, die f\u00fcr ein lebendiges j\u00fcdisches Publikum bestimmt","og_url":"https:\/\/www.iemj.org\/de\/tresors-du-cinema-yiddish\/","og_site_name":"Institut Europ\u00e9en des Musiques Juives","article_publisher":"https:\/\/www.facebook.com\/MusiquesJuives\/","article_published_time":"2017-06-26T15:16:29+00:00","article_modified_time":"2021-07-20T14:19:25+00:00","og_image":[{"width":293,"height":400,"url":"https:\/\/www.iemj.org\/wp-content\/uploads\/2017\/06\/arton2364.jpg","type":"image\/jpeg"}],"author":"Jean-Gabriel Davis","twitter_card":"summary_large_image","twitter_misc":{"Verfasst von":"Jean-Gabriel Davis","Gesch\u00e4tzte Lesezeit":"3\u00a0Minuten"},"schema":{"@context":"https:\/\/schema.org","@graph":[{"@type":"Article","@id":"https:\/\/www.iemj.org\/de\/tresors-du-cinema-yiddish\/#article","isPartOf":{"@id":"https:\/\/www.iemj.org\/de\/tresors-du-cinema-yiddish\/"},"author":{"name":"Jean-Gabriel Davis","@id":"https:\/\/www.iemj.org\/de\/#\/schema\/person\/c9bc1c386a3749579a2d675e72a18666"},"headline":"Tr\u00e9sors du cin\u00e9ma yiddish [Sch\u00e4tze des jiddischen Films]","datePublished":"2017-06-26T15:16:29+00:00","dateModified":"2021-07-20T14:19:25+00:00","mainEntityOfPage":{"@id":"https:\/\/www.iemj.org\/de\/tresors-du-cinema-yiddish\/"},"wordCount":591,"publisher":{"@id":"https:\/\/www.iemj.org\/de\/#organization"},"image":{"@id":"https:\/\/www.iemj.org\/de\/tresors-du-cinema-yiddish\/#primaryimage"},"thumbnailUrl":"https:\/\/www.iemj.org\/wp-content\/uploads\/2017\/06\/arton2364.jpg","articleSection":["DVD","Letzte Neuerwerbungen"],"inLanguage":"de"},{"@type":"WebPage","@id":"https:\/\/www.iemj.org\/de\/tresors-du-cinema-yiddish\/","url":"https:\/\/www.iemj.org\/de\/tresors-du-cinema-yiddish\/","name":"Tr\u00e9sors du cin\u00e9ma yiddish [Sch\u00e4tze des jiddischen Films] - Institut Europ\u00e9en des Musiques Juives","isPartOf":{"@id":"https:\/\/www.iemj.org\/de\/#website"},"primaryImageOfPage":{"@id":"https:\/\/www.iemj.org\/de\/tresors-du-cinema-yiddish\/#primaryimage"},"image":{"@id":"https:\/\/www.iemj.org\/de\/tresors-du-cinema-yiddish\/#primaryimage"},"thumbnailUrl":"https:\/\/www.iemj.org\/wp-content\/uploads\/2017\/06\/arton2364.jpg","datePublished":"2017-06-26T15:16:29+00:00","dateModified":"2021-07-20T14:19:25+00:00","breadcrumb":{"@id":"https:\/\/www.iemj.org\/de\/tresors-du-cinema-yiddish\/#breadcrumb"},"inLanguage":"de","potentialAction":[{"@type":"ReadAction","target":["https:\/\/www.iemj.org\/de\/tresors-du-cinema-yiddish\/"]}]},{"@type":"ImageObject","inLanguage":"de","@id":"https:\/\/www.iemj.org\/de\/tresors-du-cinema-yiddish\/#primaryimage","url":"https:\/\/www.iemj.org\/wp-content\/uploads\/2017\/06\/arton2364.jpg","contentUrl":"https:\/\/www.iemj.org\/wp-content\/uploads\/2017\/06\/arton2364.jpg","width":293,"height":400},{"@type":"BreadcrumbList","@id":"https:\/\/www.iemj.org\/de\/tresors-du-cinema-yiddish\/#breadcrumb","itemListElement":[{"@type":"ListItem","position":1,"name":"Accueil","item":"https:\/\/www.iemj.org\/de\/"},{"@type":"ListItem","position":2,"name":"Tr\u00e9sors du cin\u00e9ma yiddish [Sch\u00e4tze des jiddischen Films]"}]},{"@type":"WebSite","@id":"https:\/\/www.iemj.org\/de\/#website","url":"https:\/\/www.iemj.org\/de\/","name":"Institut Europ\u00e9en des Musiques Juives","description":"Des traditions musicales \u00e0 la port\u00e9e de tous","publisher":{"@id":"https:\/\/www.iemj.org\/de\/#organization"},"potentialAction":[{"@type":"SearchAction","target":{"@type":"EntryPoint","urlTemplate":"https:\/\/www.iemj.org\/de\/?s={search_term_string}"},"query-input":{"@type":"PropertyValueSpecification","valueRequired":true,"valueName":"search_term_string"}}],"inLanguage":"de"},{"@type":"Organization","@id":"https:\/\/www.iemj.org\/de\/#organization","name":"Institut Europ\u00e9en des Musiques Juives","url":"https:\/\/www.iemj.org\/de\/","logo":{"@type":"ImageObject","inLanguage":"de","@id":"https:\/\/www.iemj.org\/de\/#\/schema\/logo\/image\/","url":"https:\/\/www.iemj.org\/wp-content\/uploads\/2021\/09\/Logo-IEMJ-Paypal.jpg","contentUrl":"https:\/\/www.iemj.org\/wp-content\/uploads\/2021\/09\/Logo-IEMJ-Paypal.jpg","width":150,"height":50,"caption":"Institut Europ\u00e9en des Musiques Juives"},"image":{"@id":"https:\/\/www.iemj.org\/de\/#\/schema\/logo\/image\/"},"sameAs":["https:\/\/www.facebook.com\/MusiquesJuives\/","https:\/\/www.instagram.com\/musiquesjuives\/","https:\/\/www.youtube.com\/user\/musiquesjuives"]},{"@type":"Person","@id":"https:\/\/www.iemj.org\/de\/#\/schema\/person\/c9bc1c386a3749579a2d675e72a18666","name":"Jean-Gabriel Davis","image":{"@type":"ImageObject","inLanguage":"de","@id":"https:\/\/secure.gravatar.com\/avatar\/2b90d67bdf392c9b3a21fab87c0fa7edaf1fb3a058172a1ffd61033fcec7aec1?s=96&d=mm&r=g","url":"https:\/\/secure.gravatar.com\/avatar\/2b90d67bdf392c9b3a21fab87c0fa7edaf1fb3a058172a1ffd61033fcec7aec1?s=96&d=mm&r=g","contentUrl":"https:\/\/secure.gravatar.com\/avatar\/2b90d67bdf392c9b3a21fab87c0fa7edaf1fb3a058172a1ffd61033fcec7aec1?s=96&d=mm&r=g","caption":"Jean-Gabriel Davis"}}]}},"_links":{"self":[{"href":"https:\/\/www.iemj.org\/de\/wp-json\/wp\/v2\/posts\/56449","targetHints":{"allow":["GET"]}}],"collection":[{"href":"https:\/\/www.iemj.org\/de\/wp-json\/wp\/v2\/posts"}],"about":[{"href":"https:\/\/www.iemj.org\/de\/wp-json\/wp\/v2\/types\/post"}],"author":[{"embeddable":true,"href":"https:\/\/www.iemj.org\/de\/wp-json\/wp\/v2\/users\/1048"}],"replies":[{"embeddable":true,"href":"https:\/\/www.iemj.org\/de\/wp-json\/wp\/v2\/comments?post=56449"}],"version-history":[{"count":0,"href":"https:\/\/www.iemj.org\/de\/wp-json\/wp\/v2\/posts\/56449\/revisions"}],"wp:featuredmedia":[{"embeddable":true,"href":"https:\/\/www.iemj.org\/de\/wp-json\/wp\/v2\/media\/56450"}],"wp:attachment":[{"href":"https:\/\/www.iemj.org\/de\/wp-json\/wp\/v2\/media?parent=56449"}],"wp:term":[{"taxonomy":"category","embeddable":true,"href":"https:\/\/www.iemj.org\/de\/wp-json\/wp\/v2\/categories?post=56449"},{"taxonomy":"post_tag","embeddable":true,"href":"https:\/\/www.iemj.org\/de\/wp-json\/wp\/v2\/tags?post=56449"},{"taxonomy":"technique","embeddable":true,"href":"https:\/\/www.iemj.org\/de\/wp-json\/wp\/v2\/technique?post=56449"},{"taxonomy":"squelettes","embeddable":true,"href":"https:\/\/www.iemj.org\/de\/wp-json\/wp\/v2\/squelettes?post=56449"},{"taxonomy":"sujet","embeddable":true,"href":"https:\/\/www.iemj.org\/de\/wp-json\/wp\/v2\/sujet?post=56449"},{"taxonomy":"formation","embeddable":true,"href":"https:\/\/www.iemj.org\/de\/wp-json\/wp\/v2\/formation?post=56449"},{"taxonomy":"genre","embeddable":true,"href":"https:\/\/www.iemj.org\/de\/wp-json\/wp\/v2\/genre?post=56449"},{"taxonomy":"fonds","embeddable":true,"href":"https:\/\/www.iemj.org\/de\/wp-json\/wp\/v2\/fonds?post=56449"},{"taxonomy":"tradition","embeddable":true,"href":"https:\/\/www.iemj.org\/de\/wp-json\/wp\/v2\/tradition?post=56449"},{"taxonomy":"type-de-contenu","embeddable":true,"href":"https:\/\/www.iemj.org\/de\/wp-json\/wp\/v2\/type-de-contenu?post=56449"},{"taxonomy":"interprete-compositeur","embeddable":true,"href":"https:\/\/www.iemj.org\/de\/wp-json\/wp\/v2\/interprete-compositeur?post=56449"},{"taxonomy":"frise","embeddable":true,"href":"https:\/\/www.iemj.org\/de\/wp-json\/wp\/v2\/frise?post=56449"},{"taxonomy":"type-devenement","embeddable":true,"href":"https:\/\/www.iemj.org\/de\/wp-json\/wp\/v2\/type-devenement?post=56449"},{"taxonomy":"tableaux-liens-externes","embeddable":true,"href":"https:\/\/www.iemj.org\/de\/wp-json\/wp\/v2\/tableaux-liens-externes?post=56449"}],"curies":[{"name":"wp","href":"https:\/\/api.w.org\/{rel}","templated":true}]}}