{"id":56686,"date":"2016-01-27T09:50:24","date_gmt":"2016-01-27T08:50:24","guid":{"rendered":"https:\/\/www.iemj.org\/matrouz-simon-elbaz\/"},"modified":"2025-09-08T10:39:36","modified_gmt":"2025-09-08T08:39:36","slug":"matrouz-simon-elbaz","status":"publish","type":"post","link":"https:\/\/www.iemj.org\/de\/matrouz-simon-elbaz\/","title":{"rendered":"Matrouz &#8211; K\u00fcnstlerisches Schaffen \u2013 Musik, Sprachen, Theater"},"content":{"rendered":"<p>Matrouz \u2013 auf Arabisch was gestrickt wird \u2013 ist eine m\u00fcndliche Tradition. Simon Elbaz inspirierte sich, instinktiv an das Jud\u00e4o-arabisches Kulturerbe ankn\u00fcpfend, das mit dem hebr\u00e4ischen, muslimischen und christlichen Schmelztiegel des multikulturellen Andalusiens verbunden ist, zun\u00e4chst von dieser Kunstform, die vor allem auf dem Wechsel zwischen dem Arabischen und dem Hebr\u00e4ischen beruht.<\/p>\n<p>Dieses Erbe h\u00e4tte er auch aus nostalgischer Sehnsucht beibehalten k\u00f6nnen; doch er zog es vor sich ihm anzunehmen, um es durch die Assoziierung des Heiligen und des Profanen, sowie durch die Verwendung eines auf der Verflechtung beruhenden, anderen Kompositionsverfahrens, zu erneuern:<br \/>&#8211; Sprachen: insbesondere Hebr\u00e4isch und Arabisch, zusammen mit Franz\u00f6sisch, Latein, Jud\u00e4o-Spanisch\u2026<br \/>&#8211; Musik: maghrebo-andalusisch, jud\u00e4o-spanisch, orientalisch, mittelalterlich\u2026<br \/>&#8211; Verschiedene Ausdrucksweisen: Musik, Gesang, Geschichtenerz\u00e4hlen und Theater, das zum ersten Mal im Matrouz-Repertoire \u201eauftritt\u201c.<\/p>\n<p><a href=\"https:\/\/www.iemj.org\/en\/product\/matrouz-simon-elbaz\/\" target=\"_blank\" rel=\"noopener\">Bestellen sie die Matrouz-Box von Simon Elbaz<\/a><\/p>\n<p><a href=\"https:\/\/www.iemj.org\/en\/the-matrouz-by-simon-elbaz\/\" target=\"_blank\" rel=\"noopener\">H\u00f6ren Sie die Radiosendung des IEMJ \u00fcber den Matrouz von Simon Elbaz<\/a><\/p>\n<p style=\"text-align: left;\"><strong>Die Box umfasst eine CD und eine DVD<\/strong><\/p>\n<p><img fetchpriority=\"high\" decoding=\"async\" class=\"wp-image-9152 aligncenter\" src=\"https:\/\/www.iemj.org\/wp-content\/uploads\/2016\/01\/cd_787_couv4-2.jpg\" alt=\"cd_787_couv4-2.jpg\" width=\"485\" height=\"681\" align=\"center\" srcset=\"https:\/\/www.iemj.org\/wp-content\/uploads\/2016\/01\/cd_787_couv4-2.jpg 510w, https:\/\/www.iemj.org\/wp-content\/uploads\/2016\/01\/cd_787_couv4-2-214x300.jpg 214w\" sizes=\"(max-width: 485px) 100vw, 485px\" \/><\/p>\n\n\n<h2 class=\"wp-block-heading\"><\/h2>\n\n\n<div class=\"wp-block-image\">\n<figure class=\"aligncenter size-large\"><img decoding=\"async\" width=\"1024\" height=\"133\" src=\"https:\/\/www.iemj.org\/wp-content\/uploads\/2024\/03\/AUDIO-PLAYER-1024x133.png\" alt=\"\" class=\"wp-image-110606\" srcset=\"https:\/\/www.iemj.org\/wp-content\/uploads\/2024\/03\/AUDIO-PLAYER-1024x133.png 1024w, https:\/\/www.iemj.org\/wp-content\/uploads\/2024\/03\/AUDIO-PLAYER-300x39.png 300w, https:\/\/www.iemj.org\/wp-content\/uploads\/2024\/03\/AUDIO-PLAYER-768x100.png 768w, https:\/\/www.iemj.org\/wp-content\/uploads\/2024\/03\/AUDIO-PLAYER-600x78.png 600w, https:\/\/www.iemj.org\/wp-content\/uploads\/2024\/03\/AUDIO-PLAYER.png 1210w\" sizes=\"(max-width: 1024px) 100vw, 1024px\" \/><\/figure>\n<\/div>\n\n\n<div class=\"wp-block-file\"><a href=\"https:\/\/www.iemj.org\/wp-content\/uploads\/2016\/01\/cd_787_01.mp3\">Al Andaloussia-Corason, Valse \u00e0 l&#8217;Andalousie<\/a><\/div>\n\n\n\n<div class=\"wp-block-file\"><a href=\"https:\/\/www.iemj.org\/wp-content\/uploads\/2016\/01\/cd_787_02.mp3\">Le Mendiant Aveugle, La m\u00e9lop\u00e9e du clairvoyant<\/a><\/div>\n\n\n\n<div class=\"wp-block-file\"><a href=\"https:\/\/www.iemj.org\/wp-content\/uploads\/2016\/01\/cd_787_03.mp3\">El Adone-Qoum Tara, Viens voir<\/a><\/div>\n\n\n\n<div class=\"wp-block-file\"><a href=\"https:\/\/www.iemj.org\/wp-content\/uploads\/2016\/01\/cd_787_05.mp3\">Avinou-Abouna, Chant d&#8217;Abraham<\/a><\/div>\n\n\n\n<div class=\"wp-block-file\"><a href=\"https:\/\/www.iemj.org\/wp-content\/uploads\/2016\/01\/cd_787_06.mp3\">Chams-Chemech, Hymne au soleil<\/a><\/div>\n","protected":false},"excerpt":{"rendered":"<p>Matrouz \u2013 auf Arabisch was gestrickt wird \u2013 ist eine m\u00fcndliche Tradition. Simon Elbaz inspirierte sich, instinktiv an das Jud\u00e4o-arabisches Kulturerbe ankn\u00fcpfend, das mit dem hebr\u00e4ischen, muslimischen und christlichen Schmelztiegel<\/p>\n","protected":false},"author":1048,"featured_media":56688,"comment_status":"closed","ping_status":"open","sticky":false,"template":"","format":"standard","meta":{"_acf_changed":false,"footnotes":""},"categories":[1571,1572,1561],"tags":[],"technique":[],"squelettes":[],"sujet":[],"formation":[],"genre":[1914],"fonds":[],"tradition":[],"type-de-contenu":[],"interprete-compositeur":[],"frise":[],"type-devenement":[],"tableaux-liens-externes":[],"class_list":["post-56686","post","type-post","status-publish","format-standard","has-post-thumbnail","hentry","category-cd-de","category-dvd-de","category-letzte-neuerwerbungen-de","genre-oriental-de"],"acf":[],"yoast_head":"<!-- This site is optimized with the Yoast SEO plugin v27.3 - https:\/\/yoast.com\/product\/yoast-seo-wordpress\/ -->\n<title>Matrouz - K\u00fcnstlerisches Schaffen \u2013 Musik, Sprachen, Theater - Institut Europ\u00e9en des Musiques Juives<\/title>\n<meta name=\"robots\" content=\"index, follow, max-snippet:-1, max-image-preview:large, max-video-preview:-1\" \/>\n<link rel=\"canonical\" href=\"https:\/\/www.iemj.org\/de\/matrouz-simon-elbaz\/\" \/>\n<meta property=\"og:locale\" content=\"de_DE\" \/>\n<meta property=\"og:type\" content=\"article\" \/>\n<meta property=\"og:title\" content=\"Matrouz - K\u00fcnstlerisches Schaffen \u2013 Musik, Sprachen, Theater - Institut Europ\u00e9en des Musiques Juives\" \/>\n<meta property=\"og:description\" content=\"Matrouz \u2013 auf Arabisch was gestrickt wird \u2013 ist eine m\u00fcndliche Tradition. Simon Elbaz inspirierte sich, instinktiv an das Jud\u00e4o-arabisches Kulturerbe ankn\u00fcpfend, das mit dem hebr\u00e4ischen, muslimischen und christlichen Schmelztiegel\" \/>\n<meta property=\"og:url\" content=\"https:\/\/www.iemj.org\/de\/matrouz-simon-elbaz\/\" \/>\n<meta property=\"og:site_name\" content=\"Institut Europ\u00e9en des Musiques Juives\" \/>\n<meta property=\"article:publisher\" content=\"https:\/\/www.facebook.com\/MusiquesJuives\/\" \/>\n<meta property=\"article:published_time\" content=\"2016-01-27T08:50:24+00:00\" \/>\n<meta property=\"article:modified_time\" content=\"2025-09-08T08:39:36+00:00\" \/>\n<meta property=\"og:image\" content=\"https:\/\/www.iemj.org\/wp-content\/uploads\/2016\/01\/arton1439-e1619431730101.jpg\" \/>\n\t<meta property=\"og:image:width\" content=\"350\" \/>\n\t<meta property=\"og:image:height\" content=\"492\" \/>\n\t<meta property=\"og:image:type\" content=\"image\/jpeg\" \/>\n<meta name=\"author\" content=\"Jean-Gabriel Davis\" \/>\n<meta name=\"twitter:card\" content=\"summary_large_image\" \/>\n<meta name=\"twitter:label1\" content=\"Verfasst von\" \/>\n\t<meta name=\"twitter:data1\" content=\"Jean-Gabriel Davis\" \/>\n\t<meta name=\"twitter:label2\" content=\"Gesch\u00e4tzte Lesezeit\" \/>\n\t<meta name=\"twitter:data2\" content=\"2\u00a0Minuten\" \/>\n<script type=\"application\/ld+json\" class=\"yoast-schema-graph\">{\"@context\":\"https:\\\/\\\/schema.org\",\"@graph\":[{\"@type\":\"Article\",\"@id\":\"https:\\\/\\\/www.iemj.org\\\/de\\\/matrouz-simon-elbaz\\\/#article\",\"isPartOf\":{\"@id\":\"https:\\\/\\\/www.iemj.org\\\/de\\\/matrouz-simon-elbaz\\\/\"},\"author\":{\"name\":\"Jean-Gabriel Davis\",\"@id\":\"https:\\\/\\\/www.iemj.org\\\/de\\\/#\\\/schema\\\/person\\\/c9bc1c386a3749579a2d675e72a18666\"},\"headline\":\"Matrouz &#8211; K\u00fcnstlerisches Schaffen \u2013 Musik, Sprachen, Theater\",\"datePublished\":\"2016-01-27T08:50:24+00:00\",\"dateModified\":\"2025-09-08T08:39:36+00:00\",\"mainEntityOfPage\":{\"@id\":\"https:\\\/\\\/www.iemj.org\\\/de\\\/matrouz-simon-elbaz\\\/\"},\"wordCount\":199,\"publisher\":{\"@id\":\"https:\\\/\\\/www.iemj.org\\\/de\\\/#organization\"},\"image\":{\"@id\":\"https:\\\/\\\/www.iemj.org\\\/de\\\/matrouz-simon-elbaz\\\/#primaryimage\"},\"thumbnailUrl\":\"https:\\\/\\\/www.iemj.org\\\/wp-content\\\/uploads\\\/2016\\\/01\\\/arton1439-e1619431730101.jpg\",\"articleSection\":[\"CD\",\"DVD\",\"Letzte Neuerwerbungen\"],\"inLanguage\":\"de\"},{\"@type\":\"WebPage\",\"@id\":\"https:\\\/\\\/www.iemj.org\\\/de\\\/matrouz-simon-elbaz\\\/\",\"url\":\"https:\\\/\\\/www.iemj.org\\\/de\\\/matrouz-simon-elbaz\\\/\",\"name\":\"Matrouz - K\u00fcnstlerisches Schaffen \u2013 Musik, Sprachen, Theater - Institut Europ\u00e9en des Musiques Juives\",\"isPartOf\":{\"@id\":\"https:\\\/\\\/www.iemj.org\\\/de\\\/#website\"},\"primaryImageOfPage\":{\"@id\":\"https:\\\/\\\/www.iemj.org\\\/de\\\/matrouz-simon-elbaz\\\/#primaryimage\"},\"image\":{\"@id\":\"https:\\\/\\\/www.iemj.org\\\/de\\\/matrouz-simon-elbaz\\\/#primaryimage\"},\"thumbnailUrl\":\"https:\\\/\\\/www.iemj.org\\\/wp-content\\\/uploads\\\/2016\\\/01\\\/arton1439-e1619431730101.jpg\",\"datePublished\":\"2016-01-27T08:50:24+00:00\",\"dateModified\":\"2025-09-08T08:39:36+00:00\",\"breadcrumb\":{\"@id\":\"https:\\\/\\\/www.iemj.org\\\/de\\\/matrouz-simon-elbaz\\\/#breadcrumb\"},\"inLanguage\":\"de\",\"potentialAction\":[{\"@type\":\"ReadAction\",\"target\":[\"https:\\\/\\\/www.iemj.org\\\/de\\\/matrouz-simon-elbaz\\\/\"]}]},{\"@type\":\"ImageObject\",\"inLanguage\":\"de\",\"@id\":\"https:\\\/\\\/www.iemj.org\\\/de\\\/matrouz-simon-elbaz\\\/#primaryimage\",\"url\":\"https:\\\/\\\/www.iemj.org\\\/wp-content\\\/uploads\\\/2016\\\/01\\\/arton1439-e1619431730101.jpg\",\"contentUrl\":\"https:\\\/\\\/www.iemj.org\\\/wp-content\\\/uploads\\\/2016\\\/01\\\/arton1439-e1619431730101.jpg\",\"width\":350,\"height\":492},{\"@type\":\"BreadcrumbList\",\"@id\":\"https:\\\/\\\/www.iemj.org\\\/de\\\/matrouz-simon-elbaz\\\/#breadcrumb\",\"itemListElement\":[{\"@type\":\"ListItem\",\"position\":1,\"name\":\"Accueil\",\"item\":\"https:\\\/\\\/www.iemj.org\\\/de\\\/\"},{\"@type\":\"ListItem\",\"position\":2,\"name\":\"Matrouz &#8211; K\u00fcnstlerisches Schaffen \u2013 Musik, Sprachen, Theater\"}]},{\"@type\":\"WebSite\",\"@id\":\"https:\\\/\\\/www.iemj.org\\\/de\\\/#website\",\"url\":\"https:\\\/\\\/www.iemj.org\\\/de\\\/\",\"name\":\"Institut Europ\u00e9en des Musiques Juives\",\"description\":\"Des traditions musicales \u00e0 la port\u00e9e de tous\",\"publisher\":{\"@id\":\"https:\\\/\\\/www.iemj.org\\\/de\\\/#organization\"},\"potentialAction\":[{\"@type\":\"SearchAction\",\"target\":{\"@type\":\"EntryPoint\",\"urlTemplate\":\"https:\\\/\\\/www.iemj.org\\\/de\\\/?s={search_term_string}\"},\"query-input\":{\"@type\":\"PropertyValueSpecification\",\"valueRequired\":true,\"valueName\":\"search_term_string\"}}],\"inLanguage\":\"de\"},{\"@type\":\"Organization\",\"@id\":\"https:\\\/\\\/www.iemj.org\\\/de\\\/#organization\",\"name\":\"Institut Europ\u00e9en des Musiques Juives\",\"url\":\"https:\\\/\\\/www.iemj.org\\\/de\\\/\",\"logo\":{\"@type\":\"ImageObject\",\"inLanguage\":\"de\",\"@id\":\"https:\\\/\\\/www.iemj.org\\\/de\\\/#\\\/schema\\\/logo\\\/image\\\/\",\"url\":\"https:\\\/\\\/www.iemj.org\\\/wp-content\\\/uploads\\\/2021\\\/09\\\/Logo-IEMJ-Paypal.jpg\",\"contentUrl\":\"https:\\\/\\\/www.iemj.org\\\/wp-content\\\/uploads\\\/2021\\\/09\\\/Logo-IEMJ-Paypal.jpg\",\"width\":150,\"height\":50,\"caption\":\"Institut Europ\u00e9en des Musiques Juives\"},\"image\":{\"@id\":\"https:\\\/\\\/www.iemj.org\\\/de\\\/#\\\/schema\\\/logo\\\/image\\\/\"},\"sameAs\":[\"https:\\\/\\\/www.facebook.com\\\/MusiquesJuives\\\/\",\"https:\\\/\\\/www.instagram.com\\\/musiquesjuives\\\/\",\"https:\\\/\\\/www.youtube.com\\\/user\\\/musiquesjuives\"]},{\"@type\":\"Person\",\"@id\":\"https:\\\/\\\/www.iemj.org\\\/de\\\/#\\\/schema\\\/person\\\/c9bc1c386a3749579a2d675e72a18666\",\"name\":\"Jean-Gabriel Davis\",\"image\":{\"@type\":\"ImageObject\",\"inLanguage\":\"de\",\"@id\":\"https:\\\/\\\/secure.gravatar.com\\\/avatar\\\/2b90d67bdf392c9b3a21fab87c0fa7edaf1fb3a058172a1ffd61033fcec7aec1?s=96&d=mm&r=g\",\"url\":\"https:\\\/\\\/secure.gravatar.com\\\/avatar\\\/2b90d67bdf392c9b3a21fab87c0fa7edaf1fb3a058172a1ffd61033fcec7aec1?s=96&d=mm&r=g\",\"contentUrl\":\"https:\\\/\\\/secure.gravatar.com\\\/avatar\\\/2b90d67bdf392c9b3a21fab87c0fa7edaf1fb3a058172a1ffd61033fcec7aec1?s=96&d=mm&r=g\",\"caption\":\"Jean-Gabriel Davis\"}}]}<\/script>\n<!-- \/ Yoast SEO plugin. -->","yoast_head_json":{"title":"Matrouz - K\u00fcnstlerisches Schaffen \u2013 Musik, Sprachen, Theater - Institut Europ\u00e9en des Musiques Juives","robots":{"index":"index","follow":"follow","max-snippet":"max-snippet:-1","max-image-preview":"max-image-preview:large","max-video-preview":"max-video-preview:-1"},"canonical":"https:\/\/www.iemj.org\/de\/matrouz-simon-elbaz\/","og_locale":"de_DE","og_type":"article","og_title":"Matrouz - K\u00fcnstlerisches Schaffen \u2013 Musik, Sprachen, Theater - Institut Europ\u00e9en des Musiques Juives","og_description":"Matrouz \u2013 auf Arabisch was gestrickt wird \u2013 ist eine m\u00fcndliche Tradition. Simon Elbaz inspirierte sich, instinktiv an das Jud\u00e4o-arabisches Kulturerbe ankn\u00fcpfend, das mit dem hebr\u00e4ischen, muslimischen und christlichen Schmelztiegel","og_url":"https:\/\/www.iemj.org\/de\/matrouz-simon-elbaz\/","og_site_name":"Institut Europ\u00e9en des Musiques Juives","article_publisher":"https:\/\/www.facebook.com\/MusiquesJuives\/","article_published_time":"2016-01-27T08:50:24+00:00","article_modified_time":"2025-09-08T08:39:36+00:00","og_image":[{"width":350,"height":492,"url":"https:\/\/www.iemj.org\/wp-content\/uploads\/2016\/01\/arton1439-e1619431730101.jpg","type":"image\/jpeg"}],"author":"Jean-Gabriel Davis","twitter_card":"summary_large_image","twitter_misc":{"Verfasst von":"Jean-Gabriel Davis","Gesch\u00e4tzte Lesezeit":"2\u00a0Minuten"},"schema":{"@context":"https:\/\/schema.org","@graph":[{"@type":"Article","@id":"https:\/\/www.iemj.org\/de\/matrouz-simon-elbaz\/#article","isPartOf":{"@id":"https:\/\/www.iemj.org\/de\/matrouz-simon-elbaz\/"},"author":{"name":"Jean-Gabriel Davis","@id":"https:\/\/www.iemj.org\/de\/#\/schema\/person\/c9bc1c386a3749579a2d675e72a18666"},"headline":"Matrouz &#8211; K\u00fcnstlerisches Schaffen \u2013 Musik, Sprachen, Theater","datePublished":"2016-01-27T08:50:24+00:00","dateModified":"2025-09-08T08:39:36+00:00","mainEntityOfPage":{"@id":"https:\/\/www.iemj.org\/de\/matrouz-simon-elbaz\/"},"wordCount":199,"publisher":{"@id":"https:\/\/www.iemj.org\/de\/#organization"},"image":{"@id":"https:\/\/www.iemj.org\/de\/matrouz-simon-elbaz\/#primaryimage"},"thumbnailUrl":"https:\/\/www.iemj.org\/wp-content\/uploads\/2016\/01\/arton1439-e1619431730101.jpg","articleSection":["CD","DVD","Letzte Neuerwerbungen"],"inLanguage":"de"},{"@type":"WebPage","@id":"https:\/\/www.iemj.org\/de\/matrouz-simon-elbaz\/","url":"https:\/\/www.iemj.org\/de\/matrouz-simon-elbaz\/","name":"Matrouz - K\u00fcnstlerisches Schaffen \u2013 Musik, Sprachen, Theater - Institut Europ\u00e9en des Musiques Juives","isPartOf":{"@id":"https:\/\/www.iemj.org\/de\/#website"},"primaryImageOfPage":{"@id":"https:\/\/www.iemj.org\/de\/matrouz-simon-elbaz\/#primaryimage"},"image":{"@id":"https:\/\/www.iemj.org\/de\/matrouz-simon-elbaz\/#primaryimage"},"thumbnailUrl":"https:\/\/www.iemj.org\/wp-content\/uploads\/2016\/01\/arton1439-e1619431730101.jpg","datePublished":"2016-01-27T08:50:24+00:00","dateModified":"2025-09-08T08:39:36+00:00","breadcrumb":{"@id":"https:\/\/www.iemj.org\/de\/matrouz-simon-elbaz\/#breadcrumb"},"inLanguage":"de","potentialAction":[{"@type":"ReadAction","target":["https:\/\/www.iemj.org\/de\/matrouz-simon-elbaz\/"]}]},{"@type":"ImageObject","inLanguage":"de","@id":"https:\/\/www.iemj.org\/de\/matrouz-simon-elbaz\/#primaryimage","url":"https:\/\/www.iemj.org\/wp-content\/uploads\/2016\/01\/arton1439-e1619431730101.jpg","contentUrl":"https:\/\/www.iemj.org\/wp-content\/uploads\/2016\/01\/arton1439-e1619431730101.jpg","width":350,"height":492},{"@type":"BreadcrumbList","@id":"https:\/\/www.iemj.org\/de\/matrouz-simon-elbaz\/#breadcrumb","itemListElement":[{"@type":"ListItem","position":1,"name":"Accueil","item":"https:\/\/www.iemj.org\/de\/"},{"@type":"ListItem","position":2,"name":"Matrouz &#8211; K\u00fcnstlerisches Schaffen \u2013 Musik, Sprachen, Theater"}]},{"@type":"WebSite","@id":"https:\/\/www.iemj.org\/de\/#website","url":"https:\/\/www.iemj.org\/de\/","name":"Institut Europ\u00e9en des Musiques Juives","description":"Des traditions musicales \u00e0 la port\u00e9e de tous","publisher":{"@id":"https:\/\/www.iemj.org\/de\/#organization"},"potentialAction":[{"@type":"SearchAction","target":{"@type":"EntryPoint","urlTemplate":"https:\/\/www.iemj.org\/de\/?s={search_term_string}"},"query-input":{"@type":"PropertyValueSpecification","valueRequired":true,"valueName":"search_term_string"}}],"inLanguage":"de"},{"@type":"Organization","@id":"https:\/\/www.iemj.org\/de\/#organization","name":"Institut Europ\u00e9en des Musiques Juives","url":"https:\/\/www.iemj.org\/de\/","logo":{"@type":"ImageObject","inLanguage":"de","@id":"https:\/\/www.iemj.org\/de\/#\/schema\/logo\/image\/","url":"https:\/\/www.iemj.org\/wp-content\/uploads\/2021\/09\/Logo-IEMJ-Paypal.jpg","contentUrl":"https:\/\/www.iemj.org\/wp-content\/uploads\/2021\/09\/Logo-IEMJ-Paypal.jpg","width":150,"height":50,"caption":"Institut Europ\u00e9en des Musiques Juives"},"image":{"@id":"https:\/\/www.iemj.org\/de\/#\/schema\/logo\/image\/"},"sameAs":["https:\/\/www.facebook.com\/MusiquesJuives\/","https:\/\/www.instagram.com\/musiquesjuives\/","https:\/\/www.youtube.com\/user\/musiquesjuives"]},{"@type":"Person","@id":"https:\/\/www.iemj.org\/de\/#\/schema\/person\/c9bc1c386a3749579a2d675e72a18666","name":"Jean-Gabriel Davis","image":{"@type":"ImageObject","inLanguage":"de","@id":"https:\/\/secure.gravatar.com\/avatar\/2b90d67bdf392c9b3a21fab87c0fa7edaf1fb3a058172a1ffd61033fcec7aec1?s=96&d=mm&r=g","url":"https:\/\/secure.gravatar.com\/avatar\/2b90d67bdf392c9b3a21fab87c0fa7edaf1fb3a058172a1ffd61033fcec7aec1?s=96&d=mm&r=g","contentUrl":"https:\/\/secure.gravatar.com\/avatar\/2b90d67bdf392c9b3a21fab87c0fa7edaf1fb3a058172a1ffd61033fcec7aec1?s=96&d=mm&r=g","caption":"Jean-Gabriel Davis"}}]}},"_links":{"self":[{"href":"https:\/\/www.iemj.org\/de\/wp-json\/wp\/v2\/posts\/56686","targetHints":{"allow":["GET"]}}],"collection":[{"href":"https:\/\/www.iemj.org\/de\/wp-json\/wp\/v2\/posts"}],"about":[{"href":"https:\/\/www.iemj.org\/de\/wp-json\/wp\/v2\/types\/post"}],"author":[{"embeddable":true,"href":"https:\/\/www.iemj.org\/de\/wp-json\/wp\/v2\/users\/1048"}],"replies":[{"embeddable":true,"href":"https:\/\/www.iemj.org\/de\/wp-json\/wp\/v2\/comments?post=56686"}],"version-history":[{"count":0,"href":"https:\/\/www.iemj.org\/de\/wp-json\/wp\/v2\/posts\/56686\/revisions"}],"wp:featuredmedia":[{"embeddable":true,"href":"https:\/\/www.iemj.org\/de\/wp-json\/wp\/v2\/media\/56688"}],"wp:attachment":[{"href":"https:\/\/www.iemj.org\/de\/wp-json\/wp\/v2\/media?parent=56686"}],"wp:term":[{"taxonomy":"category","embeddable":true,"href":"https:\/\/www.iemj.org\/de\/wp-json\/wp\/v2\/categories?post=56686"},{"taxonomy":"post_tag","embeddable":true,"href":"https:\/\/www.iemj.org\/de\/wp-json\/wp\/v2\/tags?post=56686"},{"taxonomy":"technique","embeddable":true,"href":"https:\/\/www.iemj.org\/de\/wp-json\/wp\/v2\/technique?post=56686"},{"taxonomy":"squelettes","embeddable":true,"href":"https:\/\/www.iemj.org\/de\/wp-json\/wp\/v2\/squelettes?post=56686"},{"taxonomy":"sujet","embeddable":true,"href":"https:\/\/www.iemj.org\/de\/wp-json\/wp\/v2\/sujet?post=56686"},{"taxonomy":"formation","embeddable":true,"href":"https:\/\/www.iemj.org\/de\/wp-json\/wp\/v2\/formation?post=56686"},{"taxonomy":"genre","embeddable":true,"href":"https:\/\/www.iemj.org\/de\/wp-json\/wp\/v2\/genre?post=56686"},{"taxonomy":"fonds","embeddable":true,"href":"https:\/\/www.iemj.org\/de\/wp-json\/wp\/v2\/fonds?post=56686"},{"taxonomy":"tradition","embeddable":true,"href":"https:\/\/www.iemj.org\/de\/wp-json\/wp\/v2\/tradition?post=56686"},{"taxonomy":"type-de-contenu","embeddable":true,"href":"https:\/\/www.iemj.org\/de\/wp-json\/wp\/v2\/type-de-contenu?post=56686"},{"taxonomy":"interprete-compositeur","embeddable":true,"href":"https:\/\/www.iemj.org\/de\/wp-json\/wp\/v2\/interprete-compositeur?post=56686"},{"taxonomy":"frise","embeddable":true,"href":"https:\/\/www.iemj.org\/de\/wp-json\/wp\/v2\/frise?post=56686"},{"taxonomy":"type-devenement","embeddable":true,"href":"https:\/\/www.iemj.org\/de\/wp-json\/wp\/v2\/type-devenement?post=56686"},{"taxonomy":"tableaux-liens-externes","embeddable":true,"href":"https:\/\/www.iemj.org\/de\/wp-json\/wp\/v2\/tableaux-liens-externes?post=56686"}],"curies":[{"name":"wp","href":"https:\/\/api.w.org\/{rel}","templated":true}]}}