{"id":57312,"date":"2017-03-06T12:50:15","date_gmt":"2017-03-06T11:50:15","guid":{"rendered":"https:\/\/www.iemj.org\/la-meguilla-ditsik\/"},"modified":"2021-07-21T15:43:29","modified_gmt":"2021-07-21T13:43:29","slug":"la-meguilla-ditsik","status":"publish","type":"post","link":"https:\/\/www.iemj.org\/de\/la-meguilla-ditsik\/","title":{"rendered":"Die Meguilla von Itsik"},"content":{"rendered":"<p>Das Centre Medem \u2013 Arbeter Ring ver\u00f6ffentlichte im M\u00e4rz 2015 die Texte und Partituren des ber\u00fchmten Pourim-Shpil (Purimspiel) <em>La Meguilla d\u2019Itsik<\/em>, geschrieben von <strong>Itsik Manger (1901-1969)<\/strong> und vertont von <strong>Dov Seltzer<\/strong>.<\/p>\n<p><!--more-->Wie es f\u00fcr ein <em>Pourim-Shpil<\/em> \u00fcblich ist, basiert auch diese Geschichte auf dem Buch Esther, welches an Purim in der Synagoge gelesen wird. Darin enthalten sind die verschiedenen Hauptfiguren: Mordechai der Kluge, seine Nichte Esther, der K\u00f6nig Ahasveros, sowie dessen intriganter und eitler Berater Haman. Aber da es sich um ein Pourim-Shpil handelt, muss dem biblischen Text nicht wortgetreu gefolgt werden. So tauchen weitere Figuren auf, wie etwa die Hexe Zeyresh, der Chefredakteur Vayezosso und der Schneider Couturosso.<\/p>\n<p><strong>Itsik Manger<\/strong> strebte danach, mit seiner Geschichte die einfachen Leute des j\u00fcdischen Volkes zu adeln, weshalb er sie in die Tradition des biblischen Helden einreihte und somit schlie\u00dflich die Handlung, in die kleiner Welt der osteurop\u00e4ischen Handwerker einf\u00fcgte.<\/p>\n<p>In seiner Einleitung schrieb Isik Manger 1936: <em>\u201eDie Gedichte dieser Sammlung sind nichts anderes als eine neue Art der Possenrei\u00dferei, ganz im Stil der Purim-Unterhalter der anderen Jahrhunderte. [\u2026] <\/em><em>Gewiss, die Geschichte wird hier etwas anders erz\u00e4hlt. So wurden etwa die offiziellen Erz\u00e4hler der Schriftrolle zum Schweigen gebracht und was noch viel wichtiger ist, es wurde die Figur des Schneiderjungen Couturosso hinzugef\u00fcgt. Dieser f\u00fchrt, trotz seiner vergeblichen Liebe f\u00fcr K\u00f6nigin Esther und seinem Mordversuch am K\u00f6nig Ahasveros, dennoch zahlreiche wichtige Geschehnisse herbei. [\u2026] <\/em><em>Die historische Wahrheit wurde so auf jeden Fall verf\u00e4lscht! Der Leser wird protestieren und schlie\u00dflich Recht bekommen.\u201c<\/em><\/p>\n<p>Begleitet von <strong>Bernard Vaisbrots<\/strong> bemerkenswerter franz\u00f6sischer Literaturadaptation und Aquarellen des Dramatikers <strong>Shmuel Bunim<\/strong>, ist diese Partitur-Sammlung mit Texten und Transliterationen, ein absolutes Muss der jiddischen Kultur.<\/p>\n<p><a href=\"https:\/\/www.centre-medem.org\/la-meguilla-ditsik\/\" target=\"_blank\" rel=\"noopener\">Bestellen Sie die Partitur und erfahren Sie mehr<\/a><\/p>\n<p><img fetchpriority=\"high\" decoding=\"async\" class=\" aligncenter size-full wp-image-57359\" src=\"https:\/\/www.iemj.org\/wp-content\/uploads\/2017\/03\/extrait_meguilla.itsik_.jpg\" alt=\"extrait_meguilla.itsik.jpg\" width=\"800\" height=\"520\" align=\"center\" srcset=\"https:\/\/www.iemj.org\/wp-content\/uploads\/2017\/03\/extrait_meguilla.itsik_.jpg 800w, https:\/\/www.iemj.org\/wp-content\/uploads\/2017\/03\/extrait_meguilla.itsik_-300x195.jpg 300w, https:\/\/www.iemj.org\/wp-content\/uploads\/2017\/03\/extrait_meguilla.itsik_-768x499.jpg 768w, https:\/\/www.iemj.org\/wp-content\/uploads\/2017\/03\/extrait_meguilla.itsik_-600x390.jpg 600w\" sizes=\"(max-width: 800px) 100vw, 800px\" \/><\/p>\n","protected":false},"excerpt":{"rendered":"<p>Das Centre Medem \u2013 Arbeter Ring ver\u00f6ffentlichte im M\u00e4rz 2015 die Texte und Partituren des ber\u00fchmten Pourim-Shpil (Purimspiel) La Meguilla d\u2019Itsik, geschrieben von Itsik Manger (1901-1969) und vertont von Dov<\/p>\n","protected":false},"author":1048,"featured_media":57313,"comment_status":"closed","ping_status":"open","sticky":false,"template":"","format":"standard","meta":{"_acf_changed":false,"footnotes":""},"categories":[1561,1581],"tags":[],"technique":[],"squelettes":[],"sujet":[1806],"formation":[],"genre":[1864],"fonds":[],"tradition":[],"type-de-contenu":[],"interprete-compositeur":[],"frise":[],"type-devenement":[],"tableaux-liens-externes":[],"class_list":["post-57312","post","type-post","status-publish","format-standard","has-post-thumbnail","hentry","category-letzte-neuerwerbungen-de","category-partituren-en","sujet-purim-de","genre-yiddish-de"],"acf":[],"yoast_head":"<!-- This site is optimized with the Yoast SEO plugin v27.3 - https:\/\/yoast.com\/product\/yoast-seo-wordpress\/ -->\n<title>Die Meguilla von Itsik - Institut Europ\u00e9en des Musiques Juives<\/title>\n<meta name=\"robots\" content=\"index, follow, max-snippet:-1, max-image-preview:large, max-video-preview:-1\" \/>\n<link rel=\"canonical\" href=\"https:\/\/www.iemj.org\/de\/la-meguilla-ditsik\/\" \/>\n<meta property=\"og:locale\" content=\"de_DE\" \/>\n<meta property=\"og:type\" content=\"article\" \/>\n<meta property=\"og:title\" content=\"Die Meguilla von Itsik - Institut Europ\u00e9en des Musiques Juives\" \/>\n<meta property=\"og:description\" content=\"Das Centre Medem \u2013 Arbeter Ring ver\u00f6ffentlichte im M\u00e4rz 2015 die Texte und Partituren des ber\u00fchmten Pourim-Shpil (Purimspiel) La Meguilla d\u2019Itsik, geschrieben von Itsik Manger (1901-1969) und vertont von Dov\" \/>\n<meta property=\"og:url\" content=\"https:\/\/www.iemj.org\/de\/la-meguilla-ditsik\/\" \/>\n<meta property=\"og:site_name\" content=\"Institut Europ\u00e9en des Musiques Juives\" \/>\n<meta property=\"article:publisher\" content=\"https:\/\/www.facebook.com\/MusiquesJuives\/\" \/>\n<meta property=\"article:published_time\" content=\"2017-03-06T11:50:15+00:00\" \/>\n<meta property=\"article:modified_time\" content=\"2021-07-21T13:43:29+00:00\" \/>\n<meta property=\"og:image\" content=\"https:\/\/www.iemj.org\/wp-content\/uploads\/2017\/03\/arton2158.jpg\" \/>\n\t<meta property=\"og:image:width\" content=\"336\" \/>\n\t<meta property=\"og:image:height\" content=\"437\" \/>\n\t<meta property=\"og:image:type\" content=\"image\/jpeg\" \/>\n<meta name=\"author\" content=\"Jean-Gabriel Davis\" \/>\n<meta name=\"twitter:card\" content=\"summary_large_image\" \/>\n<meta name=\"twitter:label1\" content=\"Verfasst von\" \/>\n\t<meta name=\"twitter:data1\" content=\"Jean-Gabriel Davis\" \/>\n\t<meta name=\"twitter:label2\" content=\"Gesch\u00e4tzte Lesezeit\" \/>\n\t<meta name=\"twitter:data2\" content=\"2\u00a0Minuten\" \/>\n<script type=\"application\/ld+json\" class=\"yoast-schema-graph\">{\"@context\":\"https:\\\/\\\/schema.org\",\"@graph\":[{\"@type\":\"Article\",\"@id\":\"https:\\\/\\\/www.iemj.org\\\/de\\\/la-meguilla-ditsik\\\/#article\",\"isPartOf\":{\"@id\":\"https:\\\/\\\/www.iemj.org\\\/de\\\/la-meguilla-ditsik\\\/\"},\"author\":{\"name\":\"Jean-Gabriel Davis\",\"@id\":\"https:\\\/\\\/www.iemj.org\\\/de\\\/#\\\/schema\\\/person\\\/c9bc1c386a3749579a2d675e72a18666\"},\"headline\":\"Die Meguilla von Itsik\",\"datePublished\":\"2017-03-06T11:50:15+00:00\",\"dateModified\":\"2021-07-21T13:43:29+00:00\",\"mainEntityOfPage\":{\"@id\":\"https:\\\/\\\/www.iemj.org\\\/de\\\/la-meguilla-ditsik\\\/\"},\"wordCount\":301,\"publisher\":{\"@id\":\"https:\\\/\\\/www.iemj.org\\\/de\\\/#organization\"},\"image\":{\"@id\":\"https:\\\/\\\/www.iemj.org\\\/de\\\/la-meguilla-ditsik\\\/#primaryimage\"},\"thumbnailUrl\":\"https:\\\/\\\/www.iemj.org\\\/wp-content\\\/uploads\\\/2017\\\/03\\\/arton2158.jpg\",\"articleSection\":[\"Letzte Neuerwerbungen\",\"Partituren\"],\"inLanguage\":\"de\"},{\"@type\":\"WebPage\",\"@id\":\"https:\\\/\\\/www.iemj.org\\\/de\\\/la-meguilla-ditsik\\\/\",\"url\":\"https:\\\/\\\/www.iemj.org\\\/de\\\/la-meguilla-ditsik\\\/\",\"name\":\"Die Meguilla von Itsik - Institut Europ\u00e9en des Musiques Juives\",\"isPartOf\":{\"@id\":\"https:\\\/\\\/www.iemj.org\\\/de\\\/#website\"},\"primaryImageOfPage\":{\"@id\":\"https:\\\/\\\/www.iemj.org\\\/de\\\/la-meguilla-ditsik\\\/#primaryimage\"},\"image\":{\"@id\":\"https:\\\/\\\/www.iemj.org\\\/de\\\/la-meguilla-ditsik\\\/#primaryimage\"},\"thumbnailUrl\":\"https:\\\/\\\/www.iemj.org\\\/wp-content\\\/uploads\\\/2017\\\/03\\\/arton2158.jpg\",\"datePublished\":\"2017-03-06T11:50:15+00:00\",\"dateModified\":\"2021-07-21T13:43:29+00:00\",\"breadcrumb\":{\"@id\":\"https:\\\/\\\/www.iemj.org\\\/de\\\/la-meguilla-ditsik\\\/#breadcrumb\"},\"inLanguage\":\"de\",\"potentialAction\":[{\"@type\":\"ReadAction\",\"target\":[\"https:\\\/\\\/www.iemj.org\\\/de\\\/la-meguilla-ditsik\\\/\"]}]},{\"@type\":\"ImageObject\",\"inLanguage\":\"de\",\"@id\":\"https:\\\/\\\/www.iemj.org\\\/de\\\/la-meguilla-ditsik\\\/#primaryimage\",\"url\":\"https:\\\/\\\/www.iemj.org\\\/wp-content\\\/uploads\\\/2017\\\/03\\\/arton2158.jpg\",\"contentUrl\":\"https:\\\/\\\/www.iemj.org\\\/wp-content\\\/uploads\\\/2017\\\/03\\\/arton2158.jpg\",\"width\":336,\"height\":437},{\"@type\":\"BreadcrumbList\",\"@id\":\"https:\\\/\\\/www.iemj.org\\\/de\\\/la-meguilla-ditsik\\\/#breadcrumb\",\"itemListElement\":[{\"@type\":\"ListItem\",\"position\":1,\"name\":\"Accueil\",\"item\":\"https:\\\/\\\/www.iemj.org\\\/de\\\/\"},{\"@type\":\"ListItem\",\"position\":2,\"name\":\"Die Meguilla von Itsik\"}]},{\"@type\":\"WebSite\",\"@id\":\"https:\\\/\\\/www.iemj.org\\\/de\\\/#website\",\"url\":\"https:\\\/\\\/www.iemj.org\\\/de\\\/\",\"name\":\"Institut Europ\u00e9en des Musiques Juives\",\"description\":\"Des traditions musicales \u00e0 la port\u00e9e de tous\",\"publisher\":{\"@id\":\"https:\\\/\\\/www.iemj.org\\\/de\\\/#organization\"},\"potentialAction\":[{\"@type\":\"SearchAction\",\"target\":{\"@type\":\"EntryPoint\",\"urlTemplate\":\"https:\\\/\\\/www.iemj.org\\\/de\\\/?s={search_term_string}\"},\"query-input\":{\"@type\":\"PropertyValueSpecification\",\"valueRequired\":true,\"valueName\":\"search_term_string\"}}],\"inLanguage\":\"de\"},{\"@type\":\"Organization\",\"@id\":\"https:\\\/\\\/www.iemj.org\\\/de\\\/#organization\",\"name\":\"Institut Europ\u00e9en des Musiques Juives\",\"url\":\"https:\\\/\\\/www.iemj.org\\\/de\\\/\",\"logo\":{\"@type\":\"ImageObject\",\"inLanguage\":\"de\",\"@id\":\"https:\\\/\\\/www.iemj.org\\\/de\\\/#\\\/schema\\\/logo\\\/image\\\/\",\"url\":\"https:\\\/\\\/www.iemj.org\\\/wp-content\\\/uploads\\\/2021\\\/09\\\/Logo-IEMJ-Paypal.jpg\",\"contentUrl\":\"https:\\\/\\\/www.iemj.org\\\/wp-content\\\/uploads\\\/2021\\\/09\\\/Logo-IEMJ-Paypal.jpg\",\"width\":150,\"height\":50,\"caption\":\"Institut Europ\u00e9en des Musiques Juives\"},\"image\":{\"@id\":\"https:\\\/\\\/www.iemj.org\\\/de\\\/#\\\/schema\\\/logo\\\/image\\\/\"},\"sameAs\":[\"https:\\\/\\\/www.facebook.com\\\/MusiquesJuives\\\/\",\"https:\\\/\\\/www.instagram.com\\\/musiquesjuives\\\/\",\"https:\\\/\\\/www.youtube.com\\\/user\\\/musiquesjuives\"]},{\"@type\":\"Person\",\"@id\":\"https:\\\/\\\/www.iemj.org\\\/de\\\/#\\\/schema\\\/person\\\/c9bc1c386a3749579a2d675e72a18666\",\"name\":\"Jean-Gabriel Davis\",\"image\":{\"@type\":\"ImageObject\",\"inLanguage\":\"de\",\"@id\":\"https:\\\/\\\/secure.gravatar.com\\\/avatar\\\/2b90d67bdf392c9b3a21fab87c0fa7edaf1fb3a058172a1ffd61033fcec7aec1?s=96&d=mm&r=g\",\"url\":\"https:\\\/\\\/secure.gravatar.com\\\/avatar\\\/2b90d67bdf392c9b3a21fab87c0fa7edaf1fb3a058172a1ffd61033fcec7aec1?s=96&d=mm&r=g\",\"contentUrl\":\"https:\\\/\\\/secure.gravatar.com\\\/avatar\\\/2b90d67bdf392c9b3a21fab87c0fa7edaf1fb3a058172a1ffd61033fcec7aec1?s=96&d=mm&r=g\",\"caption\":\"Jean-Gabriel Davis\"}}]}<\/script>\n<!-- \/ Yoast SEO plugin. -->","yoast_head_json":{"title":"Die Meguilla von Itsik - Institut Europ\u00e9en des Musiques Juives","robots":{"index":"index","follow":"follow","max-snippet":"max-snippet:-1","max-image-preview":"max-image-preview:large","max-video-preview":"max-video-preview:-1"},"canonical":"https:\/\/www.iemj.org\/de\/la-meguilla-ditsik\/","og_locale":"de_DE","og_type":"article","og_title":"Die Meguilla von Itsik - Institut Europ\u00e9en des Musiques Juives","og_description":"Das Centre Medem \u2013 Arbeter Ring ver\u00f6ffentlichte im M\u00e4rz 2015 die Texte und Partituren des ber\u00fchmten Pourim-Shpil (Purimspiel) La Meguilla d\u2019Itsik, geschrieben von Itsik Manger (1901-1969) und vertont von Dov","og_url":"https:\/\/www.iemj.org\/de\/la-meguilla-ditsik\/","og_site_name":"Institut Europ\u00e9en des Musiques Juives","article_publisher":"https:\/\/www.facebook.com\/MusiquesJuives\/","article_published_time":"2017-03-06T11:50:15+00:00","article_modified_time":"2021-07-21T13:43:29+00:00","og_image":[{"width":336,"height":437,"url":"https:\/\/www.iemj.org\/wp-content\/uploads\/2017\/03\/arton2158.jpg","type":"image\/jpeg"}],"author":"Jean-Gabriel Davis","twitter_card":"summary_large_image","twitter_misc":{"Verfasst von":"Jean-Gabriel Davis","Gesch\u00e4tzte Lesezeit":"2\u00a0Minuten"},"schema":{"@context":"https:\/\/schema.org","@graph":[{"@type":"Article","@id":"https:\/\/www.iemj.org\/de\/la-meguilla-ditsik\/#article","isPartOf":{"@id":"https:\/\/www.iemj.org\/de\/la-meguilla-ditsik\/"},"author":{"name":"Jean-Gabriel Davis","@id":"https:\/\/www.iemj.org\/de\/#\/schema\/person\/c9bc1c386a3749579a2d675e72a18666"},"headline":"Die Meguilla von Itsik","datePublished":"2017-03-06T11:50:15+00:00","dateModified":"2021-07-21T13:43:29+00:00","mainEntityOfPage":{"@id":"https:\/\/www.iemj.org\/de\/la-meguilla-ditsik\/"},"wordCount":301,"publisher":{"@id":"https:\/\/www.iemj.org\/de\/#organization"},"image":{"@id":"https:\/\/www.iemj.org\/de\/la-meguilla-ditsik\/#primaryimage"},"thumbnailUrl":"https:\/\/www.iemj.org\/wp-content\/uploads\/2017\/03\/arton2158.jpg","articleSection":["Letzte Neuerwerbungen","Partituren"],"inLanguage":"de"},{"@type":"WebPage","@id":"https:\/\/www.iemj.org\/de\/la-meguilla-ditsik\/","url":"https:\/\/www.iemj.org\/de\/la-meguilla-ditsik\/","name":"Die Meguilla von Itsik - Institut Europ\u00e9en des Musiques Juives","isPartOf":{"@id":"https:\/\/www.iemj.org\/de\/#website"},"primaryImageOfPage":{"@id":"https:\/\/www.iemj.org\/de\/la-meguilla-ditsik\/#primaryimage"},"image":{"@id":"https:\/\/www.iemj.org\/de\/la-meguilla-ditsik\/#primaryimage"},"thumbnailUrl":"https:\/\/www.iemj.org\/wp-content\/uploads\/2017\/03\/arton2158.jpg","datePublished":"2017-03-06T11:50:15+00:00","dateModified":"2021-07-21T13:43:29+00:00","breadcrumb":{"@id":"https:\/\/www.iemj.org\/de\/la-meguilla-ditsik\/#breadcrumb"},"inLanguage":"de","potentialAction":[{"@type":"ReadAction","target":["https:\/\/www.iemj.org\/de\/la-meguilla-ditsik\/"]}]},{"@type":"ImageObject","inLanguage":"de","@id":"https:\/\/www.iemj.org\/de\/la-meguilla-ditsik\/#primaryimage","url":"https:\/\/www.iemj.org\/wp-content\/uploads\/2017\/03\/arton2158.jpg","contentUrl":"https:\/\/www.iemj.org\/wp-content\/uploads\/2017\/03\/arton2158.jpg","width":336,"height":437},{"@type":"BreadcrumbList","@id":"https:\/\/www.iemj.org\/de\/la-meguilla-ditsik\/#breadcrumb","itemListElement":[{"@type":"ListItem","position":1,"name":"Accueil","item":"https:\/\/www.iemj.org\/de\/"},{"@type":"ListItem","position":2,"name":"Die Meguilla von Itsik"}]},{"@type":"WebSite","@id":"https:\/\/www.iemj.org\/de\/#website","url":"https:\/\/www.iemj.org\/de\/","name":"Institut Europ\u00e9en des Musiques Juives","description":"Des traditions musicales \u00e0 la port\u00e9e de tous","publisher":{"@id":"https:\/\/www.iemj.org\/de\/#organization"},"potentialAction":[{"@type":"SearchAction","target":{"@type":"EntryPoint","urlTemplate":"https:\/\/www.iemj.org\/de\/?s={search_term_string}"},"query-input":{"@type":"PropertyValueSpecification","valueRequired":true,"valueName":"search_term_string"}}],"inLanguage":"de"},{"@type":"Organization","@id":"https:\/\/www.iemj.org\/de\/#organization","name":"Institut Europ\u00e9en des Musiques Juives","url":"https:\/\/www.iemj.org\/de\/","logo":{"@type":"ImageObject","inLanguage":"de","@id":"https:\/\/www.iemj.org\/de\/#\/schema\/logo\/image\/","url":"https:\/\/www.iemj.org\/wp-content\/uploads\/2021\/09\/Logo-IEMJ-Paypal.jpg","contentUrl":"https:\/\/www.iemj.org\/wp-content\/uploads\/2021\/09\/Logo-IEMJ-Paypal.jpg","width":150,"height":50,"caption":"Institut Europ\u00e9en des Musiques Juives"},"image":{"@id":"https:\/\/www.iemj.org\/de\/#\/schema\/logo\/image\/"},"sameAs":["https:\/\/www.facebook.com\/MusiquesJuives\/","https:\/\/www.instagram.com\/musiquesjuives\/","https:\/\/www.youtube.com\/user\/musiquesjuives"]},{"@type":"Person","@id":"https:\/\/www.iemj.org\/de\/#\/schema\/person\/c9bc1c386a3749579a2d675e72a18666","name":"Jean-Gabriel Davis","image":{"@type":"ImageObject","inLanguage":"de","@id":"https:\/\/secure.gravatar.com\/avatar\/2b90d67bdf392c9b3a21fab87c0fa7edaf1fb3a058172a1ffd61033fcec7aec1?s=96&d=mm&r=g","url":"https:\/\/secure.gravatar.com\/avatar\/2b90d67bdf392c9b3a21fab87c0fa7edaf1fb3a058172a1ffd61033fcec7aec1?s=96&d=mm&r=g","contentUrl":"https:\/\/secure.gravatar.com\/avatar\/2b90d67bdf392c9b3a21fab87c0fa7edaf1fb3a058172a1ffd61033fcec7aec1?s=96&d=mm&r=g","caption":"Jean-Gabriel Davis"}}]}},"_links":{"self":[{"href":"https:\/\/www.iemj.org\/de\/wp-json\/wp\/v2\/posts\/57312","targetHints":{"allow":["GET"]}}],"collection":[{"href":"https:\/\/www.iemj.org\/de\/wp-json\/wp\/v2\/posts"}],"about":[{"href":"https:\/\/www.iemj.org\/de\/wp-json\/wp\/v2\/types\/post"}],"author":[{"embeddable":true,"href":"https:\/\/www.iemj.org\/de\/wp-json\/wp\/v2\/users\/1048"}],"replies":[{"embeddable":true,"href":"https:\/\/www.iemj.org\/de\/wp-json\/wp\/v2\/comments?post=57312"}],"version-history":[{"count":0,"href":"https:\/\/www.iemj.org\/de\/wp-json\/wp\/v2\/posts\/57312\/revisions"}],"wp:featuredmedia":[{"embeddable":true,"href":"https:\/\/www.iemj.org\/de\/wp-json\/wp\/v2\/media\/57313"}],"wp:attachment":[{"href":"https:\/\/www.iemj.org\/de\/wp-json\/wp\/v2\/media?parent=57312"}],"wp:term":[{"taxonomy":"category","embeddable":true,"href":"https:\/\/www.iemj.org\/de\/wp-json\/wp\/v2\/categories?post=57312"},{"taxonomy":"post_tag","embeddable":true,"href":"https:\/\/www.iemj.org\/de\/wp-json\/wp\/v2\/tags?post=57312"},{"taxonomy":"technique","embeddable":true,"href":"https:\/\/www.iemj.org\/de\/wp-json\/wp\/v2\/technique?post=57312"},{"taxonomy":"squelettes","embeddable":true,"href":"https:\/\/www.iemj.org\/de\/wp-json\/wp\/v2\/squelettes?post=57312"},{"taxonomy":"sujet","embeddable":true,"href":"https:\/\/www.iemj.org\/de\/wp-json\/wp\/v2\/sujet?post=57312"},{"taxonomy":"formation","embeddable":true,"href":"https:\/\/www.iemj.org\/de\/wp-json\/wp\/v2\/formation?post=57312"},{"taxonomy":"genre","embeddable":true,"href":"https:\/\/www.iemj.org\/de\/wp-json\/wp\/v2\/genre?post=57312"},{"taxonomy":"fonds","embeddable":true,"href":"https:\/\/www.iemj.org\/de\/wp-json\/wp\/v2\/fonds?post=57312"},{"taxonomy":"tradition","embeddable":true,"href":"https:\/\/www.iemj.org\/de\/wp-json\/wp\/v2\/tradition?post=57312"},{"taxonomy":"type-de-contenu","embeddable":true,"href":"https:\/\/www.iemj.org\/de\/wp-json\/wp\/v2\/type-de-contenu?post=57312"},{"taxonomy":"interprete-compositeur","embeddable":true,"href":"https:\/\/www.iemj.org\/de\/wp-json\/wp\/v2\/interprete-compositeur?post=57312"},{"taxonomy":"frise","embeddable":true,"href":"https:\/\/www.iemj.org\/de\/wp-json\/wp\/v2\/frise?post=57312"},{"taxonomy":"type-devenement","embeddable":true,"href":"https:\/\/www.iemj.org\/de\/wp-json\/wp\/v2\/type-devenement?post=57312"},{"taxonomy":"tableaux-liens-externes","embeddable":true,"href":"https:\/\/www.iemj.org\/de\/wp-json\/wp\/v2\/tableaux-liens-externes?post=57312"}],"curies":[{"name":"wp","href":"https:\/\/api.w.org\/{rel}","templated":true}]}}