{"id":57404,"date":"2016-04-27T17:13:16","date_gmt":"2016-04-27T15:13:16","guid":{"rendered":"https:\/\/www.iemj.org\/mir-zingen-nous-chantons\/"},"modified":"2023-05-23T17:49:34","modified_gmt":"2023-05-23T15:49:34","slug":"mir-zingen-nous-chantons","status":"publish","type":"post","link":"https:\/\/www.iemj.org\/de\/mir-zingen-nous-chantons\/","title":{"rendered":"Mir Zingen (Wir singen)"},"content":{"rendered":"<p>1945, nach dem Ende der Shoah, \u00fcbernahm die j\u00fcdische Gemeinschaft die F\u00fcrsorge f\u00fcr Kinder, von denen etliche die Deportation ihrer Eltern erleben mussten und ihres j\u00fcdischen Glaubens beraubt wurden. Man musste sie ern\u00e4hren, f\u00fcr sie sorgen, aber gleichzeitig auch ihre j\u00fcdische Identit\u00e4t wiederbeleben.<\/p>\n<p>F\u00fcr Vereine wurden Gesang und Ch\u00f6re, zu einem wichtigen p\u00e4dagogischen Instrument. \u00dcber den Verein Mouvement Populaire de l\u2019Enfance brachte der Cercle Amical (Centre MEDEM) das Gesangbuch \u201eMir Zingen\u201c heraus, dessen Erstausgabe im Jahr 1948 erschien. Einige dieser Lieder wurden von bekannten jiddischen Poeten der Vorkriegszeit geschrieben.<\/p>\n<p>2016, 68 Jahre sp\u00e4ter, brachten das Centre MEDEM und der CLEJ eine Neuausgabe dieses Gesangbuchs heraus. Bereichert wird die Neuausgabe etwa durch die Transliteration des Jiddischen, eine franz\u00f6sische \u00dcbersetzung, sowie Partituren mit ihren Melodien und ihren Geschichten.<\/p>\n<p>Die Sammlung verbindet verschiedene Erinnerungen: die an die Arbeiterk\u00e4mpfe der Vorkriegszeit, die an den Widerstand, die an das Jiddisch der bekannten Poeten und der traditionellen Volkslieder, die an die Freundschaft und die Br\u00fcderlichkeit&#8230;<\/p>\n<p><a href=\"https:\/\/www.centre-medem.org\/\" target=\"_blank\" rel=\"noopener\">Besuchen Sie die Internetseite des Centre MEDEM<\/a><br \/>\n<a href=\"http:\/\/www.clej-mpe.fr\/\" target=\"_blank\" rel=\"noopener\">Besuchen Sie die Internetseite des CLEJ<\/a><\/p>\n<p><a href=\"https:\/\/www.centre-medem.org\/boutique\/\" target=\"_blank\" rel=\"noopener\">Bestellen Sie das Gesangbuch<\/a><\/p>\n<p><img fetchpriority=\"high\" decoding=\"async\" class=\"wp-image-10404 alignright\" src=\"https:\/\/www.iemj.org\/wp-content\/uploads\/2016\/04\/p_4829_2_ex.jpg\" alt=\"p_4829_2_ex.jpg\" width=\"335\" height=\"487\" align=\"center\" srcset=\"https:\/\/www.iemj.org\/wp-content\/uploads\/2016\/04\/p_4829_2_ex.jpg 480w, https:\/\/www.iemj.org\/wp-content\/uploads\/2016\/04\/p_4829_2_ex-206x300.jpg 206w\" sizes=\"(max-width: 335px) 100vw, 335px\" \/><\/p>\n<p><img decoding=\"async\" class=\"wp-image-10402 alignleft\" src=\"https:\/\/www.iemj.org\/wp-content\/uploads\/2016\/04\/p_4829_1_ex.jpg\" alt=\"p_4829_1_ex.jpg\" width=\"327\" height=\"486\" align=\"center\" srcset=\"https:\/\/www.iemj.org\/wp-content\/uploads\/2016\/04\/p_4829_1_ex.jpg 468w, https:\/\/www.iemj.org\/wp-content\/uploads\/2016\/04\/p_4829_1_ex-202x300.jpg 202w\" sizes=\"(max-width: 327px) 100vw, 327px\" \/><\/p>\n","protected":false},"excerpt":{"rendered":"<p>1945, nach dem Ende der Shoah, \u00fcbernahm die j\u00fcdische Gemeinschaft die F\u00fcrsorge f\u00fcr Kinder, von denen etliche die Deportation ihrer Eltern erleben mussten und ihres j\u00fcdischen Glaubens beraubt wurden. Man<\/p>\n","protected":false},"author":1048,"featured_media":57405,"comment_status":"closed","ping_status":"open","sticky":false,"template":"","format":"standard","meta":{"_acf_changed":false,"footnotes":""},"categories":[1561,1581],"tags":[],"technique":[],"squelettes":[],"sujet":[],"formation":[1860],"genre":[1864],"fonds":[],"tradition":[],"type-de-contenu":[],"interprete-compositeur":[],"frise":[],"type-devenement":[],"tableaux-liens-externes":[],"class_list":["post-57404","post","type-post","status-publish","format-standard","has-post-thumbnail","hentry","category-letzte-neuerwerbungen-de","category-partituren-en","formation-vokalmusik-de","genre-yiddish-de"],"acf":[],"yoast_head":"<!-- This site is optimized with the Yoast SEO plugin v27.3 - https:\/\/yoast.com\/product\/yoast-seo-wordpress\/ -->\n<title>Mir Zingen (Wir singen) - Institut Europ\u00e9en des Musiques Juives<\/title>\n<meta name=\"robots\" content=\"index, follow, max-snippet:-1, max-image-preview:large, max-video-preview:-1\" \/>\n<link rel=\"canonical\" href=\"https:\/\/www.iemj.org\/de\/mir-zingen-nous-chantons\/\" \/>\n<meta property=\"og:locale\" content=\"de_DE\" \/>\n<meta property=\"og:type\" content=\"article\" \/>\n<meta property=\"og:title\" content=\"Mir Zingen (Wir singen) - Institut Europ\u00e9en des Musiques Juives\" \/>\n<meta property=\"og:description\" content=\"1945, nach dem Ende der Shoah, \u00fcbernahm die j\u00fcdische Gemeinschaft die F\u00fcrsorge f\u00fcr Kinder, von denen etliche die Deportation ihrer Eltern erleben mussten und ihres j\u00fcdischen Glaubens beraubt wurden. Man\" \/>\n<meta property=\"og:url\" content=\"https:\/\/www.iemj.org\/de\/mir-zingen-nous-chantons\/\" \/>\n<meta property=\"og:site_name\" content=\"Institut Europ\u00e9en des Musiques Juives\" \/>\n<meta property=\"article:publisher\" content=\"https:\/\/www.facebook.com\/MusiquesJuives\/\" \/>\n<meta property=\"article:published_time\" content=\"2016-04-27T15:13:16+00:00\" \/>\n<meta property=\"article:modified_time\" content=\"2023-05-23T15:49:34+00:00\" \/>\n<meta property=\"og:image\" content=\"https:\/\/www.iemj.org\/wp-content\/uploads\/2016\/04\/arton1632-e1619354764895.jpg\" \/>\n\t<meta property=\"og:image:width\" content=\"350\" \/>\n\t<meta property=\"og:image:height\" content=\"456\" \/>\n\t<meta property=\"og:image:type\" content=\"image\/jpeg\" \/>\n<meta name=\"author\" content=\"Jean-Gabriel Davis\" \/>\n<meta name=\"twitter:card\" content=\"summary_large_image\" \/>\n<meta name=\"twitter:label1\" content=\"Verfasst von\" \/>\n\t<meta name=\"twitter:data1\" content=\"Jean-Gabriel Davis\" \/>\n\t<meta name=\"twitter:label2\" content=\"Gesch\u00e4tzte Lesezeit\" \/>\n\t<meta name=\"twitter:data2\" content=\"2\u00a0Minuten\" \/>\n<script type=\"application\/ld+json\" class=\"yoast-schema-graph\">{\"@context\":\"https:\\\/\\\/schema.org\",\"@graph\":[{\"@type\":\"Article\",\"@id\":\"https:\\\/\\\/www.iemj.org\\\/de\\\/mir-zingen-nous-chantons\\\/#article\",\"isPartOf\":{\"@id\":\"https:\\\/\\\/www.iemj.org\\\/de\\\/mir-zingen-nous-chantons\\\/\"},\"author\":{\"name\":\"Jean-Gabriel Davis\",\"@id\":\"https:\\\/\\\/www.iemj.org\\\/de\\\/#\\\/schema\\\/person\\\/c9bc1c386a3749579a2d675e72a18666\"},\"headline\":\"Mir Zingen (Wir singen)\",\"datePublished\":\"2016-04-27T15:13:16+00:00\",\"dateModified\":\"2023-05-23T15:49:34+00:00\",\"mainEntityOfPage\":{\"@id\":\"https:\\\/\\\/www.iemj.org\\\/de\\\/mir-zingen-nous-chantons\\\/\"},\"wordCount\":192,\"publisher\":{\"@id\":\"https:\\\/\\\/www.iemj.org\\\/de\\\/#organization\"},\"image\":{\"@id\":\"https:\\\/\\\/www.iemj.org\\\/de\\\/mir-zingen-nous-chantons\\\/#primaryimage\"},\"thumbnailUrl\":\"https:\\\/\\\/www.iemj.org\\\/wp-content\\\/uploads\\\/2016\\\/04\\\/arton1632-e1619354764895.jpg\",\"articleSection\":[\"Letzte Neuerwerbungen\",\"Partituren\"],\"inLanguage\":\"de\"},{\"@type\":\"WebPage\",\"@id\":\"https:\\\/\\\/www.iemj.org\\\/de\\\/mir-zingen-nous-chantons\\\/\",\"url\":\"https:\\\/\\\/www.iemj.org\\\/de\\\/mir-zingen-nous-chantons\\\/\",\"name\":\"Mir Zingen (Wir singen) - Institut Europ\u00e9en des Musiques Juives\",\"isPartOf\":{\"@id\":\"https:\\\/\\\/www.iemj.org\\\/de\\\/#website\"},\"primaryImageOfPage\":{\"@id\":\"https:\\\/\\\/www.iemj.org\\\/de\\\/mir-zingen-nous-chantons\\\/#primaryimage\"},\"image\":{\"@id\":\"https:\\\/\\\/www.iemj.org\\\/de\\\/mir-zingen-nous-chantons\\\/#primaryimage\"},\"thumbnailUrl\":\"https:\\\/\\\/www.iemj.org\\\/wp-content\\\/uploads\\\/2016\\\/04\\\/arton1632-e1619354764895.jpg\",\"datePublished\":\"2016-04-27T15:13:16+00:00\",\"dateModified\":\"2023-05-23T15:49:34+00:00\",\"breadcrumb\":{\"@id\":\"https:\\\/\\\/www.iemj.org\\\/de\\\/mir-zingen-nous-chantons\\\/#breadcrumb\"},\"inLanguage\":\"de\",\"potentialAction\":[{\"@type\":\"ReadAction\",\"target\":[\"https:\\\/\\\/www.iemj.org\\\/de\\\/mir-zingen-nous-chantons\\\/\"]}]},{\"@type\":\"ImageObject\",\"inLanguage\":\"de\",\"@id\":\"https:\\\/\\\/www.iemj.org\\\/de\\\/mir-zingen-nous-chantons\\\/#primaryimage\",\"url\":\"https:\\\/\\\/www.iemj.org\\\/wp-content\\\/uploads\\\/2016\\\/04\\\/arton1632-e1619354764895.jpg\",\"contentUrl\":\"https:\\\/\\\/www.iemj.org\\\/wp-content\\\/uploads\\\/2016\\\/04\\\/arton1632-e1619354764895.jpg\",\"width\":350,\"height\":456},{\"@type\":\"BreadcrumbList\",\"@id\":\"https:\\\/\\\/www.iemj.org\\\/de\\\/mir-zingen-nous-chantons\\\/#breadcrumb\",\"itemListElement\":[{\"@type\":\"ListItem\",\"position\":1,\"name\":\"Accueil\",\"item\":\"https:\\\/\\\/www.iemj.org\\\/de\\\/\"},{\"@type\":\"ListItem\",\"position\":2,\"name\":\"Mir Zingen (Wir singen)\"}]},{\"@type\":\"WebSite\",\"@id\":\"https:\\\/\\\/www.iemj.org\\\/de\\\/#website\",\"url\":\"https:\\\/\\\/www.iemj.org\\\/de\\\/\",\"name\":\"Institut Europ\u00e9en des Musiques Juives\",\"description\":\"Des traditions musicales \u00e0 la port\u00e9e de tous\",\"publisher\":{\"@id\":\"https:\\\/\\\/www.iemj.org\\\/de\\\/#organization\"},\"potentialAction\":[{\"@type\":\"SearchAction\",\"target\":{\"@type\":\"EntryPoint\",\"urlTemplate\":\"https:\\\/\\\/www.iemj.org\\\/de\\\/?s={search_term_string}\"},\"query-input\":{\"@type\":\"PropertyValueSpecification\",\"valueRequired\":true,\"valueName\":\"search_term_string\"}}],\"inLanguage\":\"de\"},{\"@type\":\"Organization\",\"@id\":\"https:\\\/\\\/www.iemj.org\\\/de\\\/#organization\",\"name\":\"Institut Europ\u00e9en des Musiques Juives\",\"url\":\"https:\\\/\\\/www.iemj.org\\\/de\\\/\",\"logo\":{\"@type\":\"ImageObject\",\"inLanguage\":\"de\",\"@id\":\"https:\\\/\\\/www.iemj.org\\\/de\\\/#\\\/schema\\\/logo\\\/image\\\/\",\"url\":\"https:\\\/\\\/www.iemj.org\\\/wp-content\\\/uploads\\\/2021\\\/09\\\/Logo-IEMJ-Paypal.jpg\",\"contentUrl\":\"https:\\\/\\\/www.iemj.org\\\/wp-content\\\/uploads\\\/2021\\\/09\\\/Logo-IEMJ-Paypal.jpg\",\"width\":150,\"height\":50,\"caption\":\"Institut Europ\u00e9en des Musiques Juives\"},\"image\":{\"@id\":\"https:\\\/\\\/www.iemj.org\\\/de\\\/#\\\/schema\\\/logo\\\/image\\\/\"},\"sameAs\":[\"https:\\\/\\\/www.facebook.com\\\/MusiquesJuives\\\/\",\"https:\\\/\\\/www.instagram.com\\\/musiquesjuives\\\/\",\"https:\\\/\\\/www.youtube.com\\\/user\\\/musiquesjuives\"]},{\"@type\":\"Person\",\"@id\":\"https:\\\/\\\/www.iemj.org\\\/de\\\/#\\\/schema\\\/person\\\/c9bc1c386a3749579a2d675e72a18666\",\"name\":\"Jean-Gabriel Davis\",\"image\":{\"@type\":\"ImageObject\",\"inLanguage\":\"de\",\"@id\":\"https:\\\/\\\/secure.gravatar.com\\\/avatar\\\/2b90d67bdf392c9b3a21fab87c0fa7edaf1fb3a058172a1ffd61033fcec7aec1?s=96&d=mm&r=g\",\"url\":\"https:\\\/\\\/secure.gravatar.com\\\/avatar\\\/2b90d67bdf392c9b3a21fab87c0fa7edaf1fb3a058172a1ffd61033fcec7aec1?s=96&d=mm&r=g\",\"contentUrl\":\"https:\\\/\\\/secure.gravatar.com\\\/avatar\\\/2b90d67bdf392c9b3a21fab87c0fa7edaf1fb3a058172a1ffd61033fcec7aec1?s=96&d=mm&r=g\",\"caption\":\"Jean-Gabriel Davis\"}}]}<\/script>\n<!-- \/ Yoast SEO plugin. -->","yoast_head_json":{"title":"Mir Zingen (Wir singen) - Institut Europ\u00e9en des Musiques Juives","robots":{"index":"index","follow":"follow","max-snippet":"max-snippet:-1","max-image-preview":"max-image-preview:large","max-video-preview":"max-video-preview:-1"},"canonical":"https:\/\/www.iemj.org\/de\/mir-zingen-nous-chantons\/","og_locale":"de_DE","og_type":"article","og_title":"Mir Zingen (Wir singen) - Institut Europ\u00e9en des Musiques Juives","og_description":"1945, nach dem Ende der Shoah, \u00fcbernahm die j\u00fcdische Gemeinschaft die F\u00fcrsorge f\u00fcr Kinder, von denen etliche die Deportation ihrer Eltern erleben mussten und ihres j\u00fcdischen Glaubens beraubt wurden. Man","og_url":"https:\/\/www.iemj.org\/de\/mir-zingen-nous-chantons\/","og_site_name":"Institut Europ\u00e9en des Musiques Juives","article_publisher":"https:\/\/www.facebook.com\/MusiquesJuives\/","article_published_time":"2016-04-27T15:13:16+00:00","article_modified_time":"2023-05-23T15:49:34+00:00","og_image":[{"width":350,"height":456,"url":"https:\/\/www.iemj.org\/wp-content\/uploads\/2016\/04\/arton1632-e1619354764895.jpg","type":"image\/jpeg"}],"author":"Jean-Gabriel Davis","twitter_card":"summary_large_image","twitter_misc":{"Verfasst von":"Jean-Gabriel Davis","Gesch\u00e4tzte Lesezeit":"2\u00a0Minuten"},"schema":{"@context":"https:\/\/schema.org","@graph":[{"@type":"Article","@id":"https:\/\/www.iemj.org\/de\/mir-zingen-nous-chantons\/#article","isPartOf":{"@id":"https:\/\/www.iemj.org\/de\/mir-zingen-nous-chantons\/"},"author":{"name":"Jean-Gabriel Davis","@id":"https:\/\/www.iemj.org\/de\/#\/schema\/person\/c9bc1c386a3749579a2d675e72a18666"},"headline":"Mir Zingen (Wir singen)","datePublished":"2016-04-27T15:13:16+00:00","dateModified":"2023-05-23T15:49:34+00:00","mainEntityOfPage":{"@id":"https:\/\/www.iemj.org\/de\/mir-zingen-nous-chantons\/"},"wordCount":192,"publisher":{"@id":"https:\/\/www.iemj.org\/de\/#organization"},"image":{"@id":"https:\/\/www.iemj.org\/de\/mir-zingen-nous-chantons\/#primaryimage"},"thumbnailUrl":"https:\/\/www.iemj.org\/wp-content\/uploads\/2016\/04\/arton1632-e1619354764895.jpg","articleSection":["Letzte Neuerwerbungen","Partituren"],"inLanguage":"de"},{"@type":"WebPage","@id":"https:\/\/www.iemj.org\/de\/mir-zingen-nous-chantons\/","url":"https:\/\/www.iemj.org\/de\/mir-zingen-nous-chantons\/","name":"Mir Zingen (Wir singen) - Institut Europ\u00e9en des Musiques Juives","isPartOf":{"@id":"https:\/\/www.iemj.org\/de\/#website"},"primaryImageOfPage":{"@id":"https:\/\/www.iemj.org\/de\/mir-zingen-nous-chantons\/#primaryimage"},"image":{"@id":"https:\/\/www.iemj.org\/de\/mir-zingen-nous-chantons\/#primaryimage"},"thumbnailUrl":"https:\/\/www.iemj.org\/wp-content\/uploads\/2016\/04\/arton1632-e1619354764895.jpg","datePublished":"2016-04-27T15:13:16+00:00","dateModified":"2023-05-23T15:49:34+00:00","breadcrumb":{"@id":"https:\/\/www.iemj.org\/de\/mir-zingen-nous-chantons\/#breadcrumb"},"inLanguage":"de","potentialAction":[{"@type":"ReadAction","target":["https:\/\/www.iemj.org\/de\/mir-zingen-nous-chantons\/"]}]},{"@type":"ImageObject","inLanguage":"de","@id":"https:\/\/www.iemj.org\/de\/mir-zingen-nous-chantons\/#primaryimage","url":"https:\/\/www.iemj.org\/wp-content\/uploads\/2016\/04\/arton1632-e1619354764895.jpg","contentUrl":"https:\/\/www.iemj.org\/wp-content\/uploads\/2016\/04\/arton1632-e1619354764895.jpg","width":350,"height":456},{"@type":"BreadcrumbList","@id":"https:\/\/www.iemj.org\/de\/mir-zingen-nous-chantons\/#breadcrumb","itemListElement":[{"@type":"ListItem","position":1,"name":"Accueil","item":"https:\/\/www.iemj.org\/de\/"},{"@type":"ListItem","position":2,"name":"Mir Zingen (Wir singen)"}]},{"@type":"WebSite","@id":"https:\/\/www.iemj.org\/de\/#website","url":"https:\/\/www.iemj.org\/de\/","name":"Institut Europ\u00e9en des Musiques Juives","description":"Des traditions musicales \u00e0 la port\u00e9e de tous","publisher":{"@id":"https:\/\/www.iemj.org\/de\/#organization"},"potentialAction":[{"@type":"SearchAction","target":{"@type":"EntryPoint","urlTemplate":"https:\/\/www.iemj.org\/de\/?s={search_term_string}"},"query-input":{"@type":"PropertyValueSpecification","valueRequired":true,"valueName":"search_term_string"}}],"inLanguage":"de"},{"@type":"Organization","@id":"https:\/\/www.iemj.org\/de\/#organization","name":"Institut Europ\u00e9en des Musiques Juives","url":"https:\/\/www.iemj.org\/de\/","logo":{"@type":"ImageObject","inLanguage":"de","@id":"https:\/\/www.iemj.org\/de\/#\/schema\/logo\/image\/","url":"https:\/\/www.iemj.org\/wp-content\/uploads\/2021\/09\/Logo-IEMJ-Paypal.jpg","contentUrl":"https:\/\/www.iemj.org\/wp-content\/uploads\/2021\/09\/Logo-IEMJ-Paypal.jpg","width":150,"height":50,"caption":"Institut Europ\u00e9en des Musiques Juives"},"image":{"@id":"https:\/\/www.iemj.org\/de\/#\/schema\/logo\/image\/"},"sameAs":["https:\/\/www.facebook.com\/MusiquesJuives\/","https:\/\/www.instagram.com\/musiquesjuives\/","https:\/\/www.youtube.com\/user\/musiquesjuives"]},{"@type":"Person","@id":"https:\/\/www.iemj.org\/de\/#\/schema\/person\/c9bc1c386a3749579a2d675e72a18666","name":"Jean-Gabriel Davis","image":{"@type":"ImageObject","inLanguage":"de","@id":"https:\/\/secure.gravatar.com\/avatar\/2b90d67bdf392c9b3a21fab87c0fa7edaf1fb3a058172a1ffd61033fcec7aec1?s=96&d=mm&r=g","url":"https:\/\/secure.gravatar.com\/avatar\/2b90d67bdf392c9b3a21fab87c0fa7edaf1fb3a058172a1ffd61033fcec7aec1?s=96&d=mm&r=g","contentUrl":"https:\/\/secure.gravatar.com\/avatar\/2b90d67bdf392c9b3a21fab87c0fa7edaf1fb3a058172a1ffd61033fcec7aec1?s=96&d=mm&r=g","caption":"Jean-Gabriel Davis"}}]}},"_links":{"self":[{"href":"https:\/\/www.iemj.org\/de\/wp-json\/wp\/v2\/posts\/57404","targetHints":{"allow":["GET"]}}],"collection":[{"href":"https:\/\/www.iemj.org\/de\/wp-json\/wp\/v2\/posts"}],"about":[{"href":"https:\/\/www.iemj.org\/de\/wp-json\/wp\/v2\/types\/post"}],"author":[{"embeddable":true,"href":"https:\/\/www.iemj.org\/de\/wp-json\/wp\/v2\/users\/1048"}],"replies":[{"embeddable":true,"href":"https:\/\/www.iemj.org\/de\/wp-json\/wp\/v2\/comments?post=57404"}],"version-history":[{"count":0,"href":"https:\/\/www.iemj.org\/de\/wp-json\/wp\/v2\/posts\/57404\/revisions"}],"wp:featuredmedia":[{"embeddable":true,"href":"https:\/\/www.iemj.org\/de\/wp-json\/wp\/v2\/media\/57405"}],"wp:attachment":[{"href":"https:\/\/www.iemj.org\/de\/wp-json\/wp\/v2\/media?parent=57404"}],"wp:term":[{"taxonomy":"category","embeddable":true,"href":"https:\/\/www.iemj.org\/de\/wp-json\/wp\/v2\/categories?post=57404"},{"taxonomy":"post_tag","embeddable":true,"href":"https:\/\/www.iemj.org\/de\/wp-json\/wp\/v2\/tags?post=57404"},{"taxonomy":"technique","embeddable":true,"href":"https:\/\/www.iemj.org\/de\/wp-json\/wp\/v2\/technique?post=57404"},{"taxonomy":"squelettes","embeddable":true,"href":"https:\/\/www.iemj.org\/de\/wp-json\/wp\/v2\/squelettes?post=57404"},{"taxonomy":"sujet","embeddable":true,"href":"https:\/\/www.iemj.org\/de\/wp-json\/wp\/v2\/sujet?post=57404"},{"taxonomy":"formation","embeddable":true,"href":"https:\/\/www.iemj.org\/de\/wp-json\/wp\/v2\/formation?post=57404"},{"taxonomy":"genre","embeddable":true,"href":"https:\/\/www.iemj.org\/de\/wp-json\/wp\/v2\/genre?post=57404"},{"taxonomy":"fonds","embeddable":true,"href":"https:\/\/www.iemj.org\/de\/wp-json\/wp\/v2\/fonds?post=57404"},{"taxonomy":"tradition","embeddable":true,"href":"https:\/\/www.iemj.org\/de\/wp-json\/wp\/v2\/tradition?post=57404"},{"taxonomy":"type-de-contenu","embeddable":true,"href":"https:\/\/www.iemj.org\/de\/wp-json\/wp\/v2\/type-de-contenu?post=57404"},{"taxonomy":"interprete-compositeur","embeddable":true,"href":"https:\/\/www.iemj.org\/de\/wp-json\/wp\/v2\/interprete-compositeur?post=57404"},{"taxonomy":"frise","embeddable":true,"href":"https:\/\/www.iemj.org\/de\/wp-json\/wp\/v2\/frise?post=57404"},{"taxonomy":"type-devenement","embeddable":true,"href":"https:\/\/www.iemj.org\/de\/wp-json\/wp\/v2\/type-devenement?post=57404"},{"taxonomy":"tableaux-liens-externes","embeddable":true,"href":"https:\/\/www.iemj.org\/de\/wp-json\/wp\/v2\/tableaux-liens-externes?post=57404"}],"curies":[{"name":"wp","href":"https:\/\/api.w.org\/{rel}","templated":true}]}}