{"id":57936,"date":"2020-05-28T16:52:49","date_gmt":"2020-05-28T14:52:49","guid":{"rendered":"https:\/\/www.iemj.org\/oyfn-veg-en-chemin\/"},"modified":"2025-10-19T18:57:35","modified_gmt":"2025-10-19T16:57:35","slug":"oyfn-veg-en-chemin","status":"publish","type":"post","link":"https:\/\/www.iemj.org\/de\/oyfn-veg-en-chemin\/","title":{"rendered":"Oyfn Veg (auf dem Weg)"},"content":{"rendered":"<p>Dieses Album versammelt 13 jiddische Volkslieder, die vom Frauentrio ISAJOAN (Anne Garcenot, Jo\u00eblle Garcenot und Isabelle Morelli) vorgetragen werden. Die Harmonisierung der Lieder und die Leitung des Chores wurden <a href=\"https:\/\/jean-golgevit.weebly.com\/\" target=\"_blank\" rel=\"noopener\">Jean Golgevit<\/a> anvertraut.<\/p>\n<p><span style=\"font-size: inherit;\">Die Texte der von Betia Baum \u00fcbersetzten Lieder, die auf dieser CD enthalten sind, finden sich in ihrer Gesamtheit <\/span><span style=\"font-size: inherit;\">in der <a href=\"https:\/\/www.iemj.org\/de\/oyfn-veg-en-chemin-chants-populaires-yiddish\/\" target=\"_blank\" rel=\"noopener\">gleichnamigen Sammlung<\/a>, von 38 jiddischen Liedern, <em>Oyfn Veg<\/em>, wieder. Die Sammlung wurde von Jean Golgevit f\u00fcr zwei- bis sechsstimmige Ch\u00f6re harmonisiert und vom Maison de la Culture Yiddish, in Paris ver\u00f6ffentlicht. Der H\u00f6rer kann, auch ohne Jiddisch sprechen zu k\u00f6nnen, den Liedtext verstehen und in seiner urspr\u00fcnglichen Sprache singen.<\/span><\/p>\n<p>Dieser Tontr\u00e4ger bietet durch die dargebotenen Melodien und Chorges\u00e4nge die M\u00f6glichkeit, dieses Repertoire, diese Art der Musik, welche bei Weitem nicht nur ein j\u00fcdisches Publikum anspricht, kennen zu lernen.<\/p>\n<h2><a href=\"https:\/\/www.iemj.org\/de\/produit\/oyfn-veg-en-chemin\/\" target=\"_blank\" rel=\"noopener\">Kaufen Sie das Album im Onlineshop des IEMJ<\/a><\/h2>\n<h2>\u00a0<\/h2>\n<p><img fetchpriority=\"high\" decoding=\"async\" class=\" aligncenter size-full wp-image-28791\" src=\"https:\/\/www.iemj.org\/wp-content\/uploads\/2020\/05\/couv_4_oyfn_veg_pour_site.jpg\" alt=\"couv_4_oyfn_veg_pour_site.jpg\" width=\"600\" height=\"525\" align=\"middle\" srcset=\"https:\/\/www.iemj.org\/wp-content\/uploads\/2020\/05\/couv_4_oyfn_veg_pour_site.jpg 600w, https:\/\/www.iemj.org\/wp-content\/uploads\/2020\/05\/couv_4_oyfn_veg_pour_site-300x263.jpg 300w\" sizes=\"(max-width: 600px) 100vw, 600px\" \/><\/p>\n\n<div class=\"wp-block-image\">\n<figure class=\"aligncenter size-large\"><img decoding=\"async\" width=\"1024\" height=\"133\" src=\"https:\/\/www.iemj.org\/wp-content\/uploads\/2024\/03\/AUDIO-PLAYER-1024x133.png\" alt=\"\" class=\"wp-image-110606\" srcset=\"https:\/\/www.iemj.org\/wp-content\/uploads\/2024\/03\/AUDIO-PLAYER-1024x133.png 1024w, https:\/\/www.iemj.org\/wp-content\/uploads\/2024\/03\/AUDIO-PLAYER-300x39.png 300w, https:\/\/www.iemj.org\/wp-content\/uploads\/2024\/03\/AUDIO-PLAYER-768x100.png 768w, https:\/\/www.iemj.org\/wp-content\/uploads\/2024\/03\/AUDIO-PLAYER-600x78.png 600w, https:\/\/www.iemj.org\/wp-content\/uploads\/2024\/03\/AUDIO-PLAYER.png 1210w\" sizes=\"(max-width: 1024px) 100vw, 1024px\" \/><\/figure>\n<\/div>\n\n\n<div class=\"wp-block-file\"><a id=\"wp-block-file--media-05822e37-6634-46e0-8dcf-4e3e50fa9aa1\" href=\"https:\/\/www.iemj.org\/wp-content\/uploads\/2020\/05\/01._tumba_populaire_.mp3\">Tumba &#8211; populaire (Extrait)<\/a><\/div>\n\n\n\n<div class=\"wp-block-file\"><a id=\"wp-block-file--media-1c6a34e3-1c9b-4283-9ffc-45185e1c792b\" href=\"https:\/\/www.iemj.org\/wp-content\/uploads\/2020\/05\/02._oyfn_veg_shteyt_a_boym.mp3\">Oyfn veg shteyt a boym (Extrait)<\/a><\/div>\n\n\n\n<div class=\"wp-block-file\"><a id=\"wp-block-file--media-da13fb77-275e-4998-9b2c-b280bfec5e71\" href=\"https:\/\/www.iemj.org\/wp-content\/uploads\/2020\/05\/03._nor_a_mame_populaire_-_david_einhorn_.mp3\">Nor a mame &#8211; populaire &#8211; David Einhorn (Extrait)<\/a><\/div>\n\n\n\n<div class=\"wp-block-file\"><a id=\"wp-block-file--media-d60b9654-5964-4481-9544-d5673ac3238a\" href=\"https:\/\/www.iemj.org\/wp-content\/uploads\/2020\/05\/04._du_du_aliza_greeblatt_.mp3\">Du, du &#8211; Aliza Greeblatt (Extrait)<\/a><\/div>\n\n\n\n<div class=\"wp-block-file\"><a id=\"wp-block-file--media-fb2a0de4-7077-455c-a133-0391162e4619\" href=\"https:\/\/www.iemj.org\/wp-content\/uploads\/2020\/05\/05._oyfn_pripetshik_mark_m._warshawski_.mp3\">Oyfn pripetshik &#8211; Mark M. Warshawski (Extrait)<\/a><\/div>\n\n\n\n<div class=\"wp-block-file\"><a id=\"wp-block-file--media-ec92a93f-7a7a-450c-8c2c-88b3701b41c8\" href=\"https:\/\/www.iemj.org\/wp-content\/uploads\/2020\/05\/06._undzer_shtetl_brent_mordekai_gebirtig_.mp3\">Undzer shtetl brent &#8211; Mordeka\u00ef Gebirtig (Extrait)<\/a><\/div>\n\n\n\n<div class=\"wp-block-file\"><a id=\"wp-block-file--media-e0684cf0-0b01-4fc5-9b1f-a91734f5ff07\" href=\"https:\/\/www.iemj.org\/wp-content\/uploads\/2020\/05\/07._ze_dos_kleydl_tateshi_henekh_kohn_-itzik_manger_.mp3\">Ze dos kleydl tateshi &#8211; Henekh Kohn &#8211; Itzik Manger (Extrait)<\/a><\/div>\n\n\n\n<div class=\"wp-block-file\"><a id=\"wp-block-file--media-f619765d-c524-46ee-b945-7e6f91766588\" href=\"https:\/\/www.iemj.org\/wp-content\/uploads\/2020\/05\/08._zol_zayn_yosef_papernikov_.mp3\">Zol zayn &#8211; Yosef Papernikov (Extrait)<\/a><\/div>\n","protected":false},"excerpt":{"rendered":"<p>Dieses Album versammelt 13 jiddische Volkslieder, die vom Frauentrio ISAJOAN (Anne Garcenot, Jo\u00eblle Garcenot und Isabelle Morelli) vorgetragen werden. Die Harmonisierung der Lieder und die Leitung des Chores wurden Jean<\/p>\n","protected":false},"author":5,"featured_media":57937,"comment_status":"closed","ping_status":"closed","sticky":false,"template":"","format":"standard","meta":{"_acf_changed":false,"footnotes":""},"categories":[1571,1561],"tags":[],"technique":[],"squelettes":[],"sujet":[],"formation":[],"genre":[1864],"fonds":[],"tradition":[],"type-de-contenu":[],"interprete-compositeur":[],"frise":[],"type-devenement":[],"tableaux-liens-externes":[],"class_list":["post-57936","post","type-post","status-publish","format-standard","has-post-thumbnail","hentry","category-cd-de","category-letzte-neuerwerbungen-de","genre-yiddish-de"],"acf":[],"yoast_head":"<!-- This site is optimized with the Yoast SEO plugin v27.3 - https:\/\/yoast.com\/product\/yoast-seo-wordpress\/ -->\n<title>Oyfn Veg (auf dem Weg) - Institut Europ\u00e9en des Musiques Juives<\/title>\n<meta name=\"robots\" content=\"index, follow, max-snippet:-1, max-image-preview:large, max-video-preview:-1\" \/>\n<link rel=\"canonical\" href=\"https:\/\/www.iemj.org\/de\/oyfn-veg-en-chemin\/\" \/>\n<meta property=\"og:locale\" content=\"de_DE\" \/>\n<meta property=\"og:type\" content=\"article\" \/>\n<meta property=\"og:title\" content=\"Oyfn Veg (auf dem Weg) - Institut Europ\u00e9en des Musiques Juives\" \/>\n<meta property=\"og:description\" content=\"Dieses Album versammelt 13 jiddische Volkslieder, die vom Frauentrio ISAJOAN (Anne Garcenot, Jo\u00eblle Garcenot und Isabelle Morelli) vorgetragen werden. Die Harmonisierung der Lieder und die Leitung des Chores wurden Jean\" \/>\n<meta property=\"og:url\" content=\"https:\/\/www.iemj.org\/de\/oyfn-veg-en-chemin\/\" \/>\n<meta property=\"og:site_name\" content=\"Institut Europ\u00e9en des Musiques Juives\" \/>\n<meta property=\"article:publisher\" content=\"https:\/\/www.facebook.com\/MusiquesJuives\/\" \/>\n<meta property=\"article:published_time\" content=\"2020-05-28T14:52:49+00:00\" \/>\n<meta property=\"article:modified_time\" content=\"2025-10-19T16:57:35+00:00\" \/>\n<meta property=\"og:image\" content=\"https:\/\/www.iemj.org\/wp-content\/uploads\/2020\/05\/arton4763-e1619018322328.jpg\" \/>\n\t<meta property=\"og:image:width\" content=\"350\" \/>\n\t<meta property=\"og:image:height\" content=\"351\" \/>\n\t<meta property=\"og:image:type\" content=\"image\/jpeg\" \/>\n<meta name=\"author\" content=\"Jacqueline ROTEN\" \/>\n<meta name=\"twitter:card\" content=\"summary_large_image\" \/>\n<meta name=\"twitter:label1\" content=\"Verfasst von\" \/>\n\t<meta name=\"twitter:data1\" content=\"Jacqueline ROTEN\" \/>\n\t<meta name=\"twitter:label2\" content=\"Gesch\u00e4tzte Lesezeit\" \/>\n\t<meta name=\"twitter:data2\" content=\"2\u00a0Minuten\" \/>\n<script type=\"application\/ld+json\" class=\"yoast-schema-graph\">{\"@context\":\"https:\\\/\\\/schema.org\",\"@graph\":[{\"@type\":\"Article\",\"@id\":\"https:\\\/\\\/www.iemj.org\\\/de\\\/oyfn-veg-en-chemin\\\/#article\",\"isPartOf\":{\"@id\":\"https:\\\/\\\/www.iemj.org\\\/de\\\/oyfn-veg-en-chemin\\\/\"},\"author\":{\"name\":\"Jacqueline ROTEN\",\"@id\":\"https:\\\/\\\/www.iemj.org\\\/de\\\/#\\\/schema\\\/person\\\/358e26c18aca017fcc4cc15437f7279c\"},\"headline\":\"Oyfn Veg (auf dem Weg)\",\"datePublished\":\"2020-05-28T14:52:49+00:00\",\"dateModified\":\"2025-10-19T16:57:35+00:00\",\"mainEntityOfPage\":{\"@id\":\"https:\\\/\\\/www.iemj.org\\\/de\\\/oyfn-veg-en-chemin\\\/\"},\"wordCount\":209,\"publisher\":{\"@id\":\"https:\\\/\\\/www.iemj.org\\\/de\\\/#organization\"},\"image\":{\"@id\":\"https:\\\/\\\/www.iemj.org\\\/de\\\/oyfn-veg-en-chemin\\\/#primaryimage\"},\"thumbnailUrl\":\"https:\\\/\\\/www.iemj.org\\\/wp-content\\\/uploads\\\/2020\\\/05\\\/arton4763-e1619018322328.jpg\",\"articleSection\":[\"CD\",\"Letzte Neuerwerbungen\"],\"inLanguage\":\"de\"},{\"@type\":\"WebPage\",\"@id\":\"https:\\\/\\\/www.iemj.org\\\/de\\\/oyfn-veg-en-chemin\\\/\",\"url\":\"https:\\\/\\\/www.iemj.org\\\/de\\\/oyfn-veg-en-chemin\\\/\",\"name\":\"Oyfn Veg (auf dem Weg) - Institut Europ\u00e9en des Musiques Juives\",\"isPartOf\":{\"@id\":\"https:\\\/\\\/www.iemj.org\\\/de\\\/#website\"},\"primaryImageOfPage\":{\"@id\":\"https:\\\/\\\/www.iemj.org\\\/de\\\/oyfn-veg-en-chemin\\\/#primaryimage\"},\"image\":{\"@id\":\"https:\\\/\\\/www.iemj.org\\\/de\\\/oyfn-veg-en-chemin\\\/#primaryimage\"},\"thumbnailUrl\":\"https:\\\/\\\/www.iemj.org\\\/wp-content\\\/uploads\\\/2020\\\/05\\\/arton4763-e1619018322328.jpg\",\"datePublished\":\"2020-05-28T14:52:49+00:00\",\"dateModified\":\"2025-10-19T16:57:35+00:00\",\"breadcrumb\":{\"@id\":\"https:\\\/\\\/www.iemj.org\\\/de\\\/oyfn-veg-en-chemin\\\/#breadcrumb\"},\"inLanguage\":\"de\",\"potentialAction\":[{\"@type\":\"ReadAction\",\"target\":[\"https:\\\/\\\/www.iemj.org\\\/de\\\/oyfn-veg-en-chemin\\\/\"]}]},{\"@type\":\"ImageObject\",\"inLanguage\":\"de\",\"@id\":\"https:\\\/\\\/www.iemj.org\\\/de\\\/oyfn-veg-en-chemin\\\/#primaryimage\",\"url\":\"https:\\\/\\\/www.iemj.org\\\/wp-content\\\/uploads\\\/2020\\\/05\\\/arton4763-e1619018322328.jpg\",\"contentUrl\":\"https:\\\/\\\/www.iemj.org\\\/wp-content\\\/uploads\\\/2020\\\/05\\\/arton4763-e1619018322328.jpg\",\"width\":350,\"height\":351},{\"@type\":\"BreadcrumbList\",\"@id\":\"https:\\\/\\\/www.iemj.org\\\/de\\\/oyfn-veg-en-chemin\\\/#breadcrumb\",\"itemListElement\":[{\"@type\":\"ListItem\",\"position\":1,\"name\":\"Accueil\",\"item\":\"https:\\\/\\\/www.iemj.org\\\/de\\\/\"},{\"@type\":\"ListItem\",\"position\":2,\"name\":\"Oyfn Veg (auf dem Weg)\"}]},{\"@type\":\"WebSite\",\"@id\":\"https:\\\/\\\/www.iemj.org\\\/de\\\/#website\",\"url\":\"https:\\\/\\\/www.iemj.org\\\/de\\\/\",\"name\":\"Institut Europ\u00e9en des Musiques Juives\",\"description\":\"Des traditions musicales \u00e0 la port\u00e9e de tous\",\"publisher\":{\"@id\":\"https:\\\/\\\/www.iemj.org\\\/de\\\/#organization\"},\"potentialAction\":[{\"@type\":\"SearchAction\",\"target\":{\"@type\":\"EntryPoint\",\"urlTemplate\":\"https:\\\/\\\/www.iemj.org\\\/de\\\/?s={search_term_string}\"},\"query-input\":{\"@type\":\"PropertyValueSpecification\",\"valueRequired\":true,\"valueName\":\"search_term_string\"}}],\"inLanguage\":\"de\"},{\"@type\":\"Organization\",\"@id\":\"https:\\\/\\\/www.iemj.org\\\/de\\\/#organization\",\"name\":\"Institut Europ\u00e9en des Musiques Juives\",\"url\":\"https:\\\/\\\/www.iemj.org\\\/de\\\/\",\"logo\":{\"@type\":\"ImageObject\",\"inLanguage\":\"de\",\"@id\":\"https:\\\/\\\/www.iemj.org\\\/de\\\/#\\\/schema\\\/logo\\\/image\\\/\",\"url\":\"https:\\\/\\\/www.iemj.org\\\/wp-content\\\/uploads\\\/2021\\\/09\\\/Logo-IEMJ-Paypal.jpg\",\"contentUrl\":\"https:\\\/\\\/www.iemj.org\\\/wp-content\\\/uploads\\\/2021\\\/09\\\/Logo-IEMJ-Paypal.jpg\",\"width\":150,\"height\":50,\"caption\":\"Institut Europ\u00e9en des Musiques Juives\"},\"image\":{\"@id\":\"https:\\\/\\\/www.iemj.org\\\/de\\\/#\\\/schema\\\/logo\\\/image\\\/\"},\"sameAs\":[\"https:\\\/\\\/www.facebook.com\\\/MusiquesJuives\\\/\",\"https:\\\/\\\/www.instagram.com\\\/musiquesjuives\\\/\",\"https:\\\/\\\/www.youtube.com\\\/user\\\/musiquesjuives\"]},{\"@type\":\"Person\",\"@id\":\"https:\\\/\\\/www.iemj.org\\\/de\\\/#\\\/schema\\\/person\\\/358e26c18aca017fcc4cc15437f7279c\",\"name\":\"Jacqueline ROTEN\",\"image\":{\"@type\":\"ImageObject\",\"inLanguage\":\"de\",\"@id\":\"https:\\\/\\\/secure.gravatar.com\\\/avatar\\\/5964256d6c6957de3a3505278957e0fb2a35119ac47ea41827a65301213c810b?s=96&d=mm&r=g\",\"url\":\"https:\\\/\\\/secure.gravatar.com\\\/avatar\\\/5964256d6c6957de3a3505278957e0fb2a35119ac47ea41827a65301213c810b?s=96&d=mm&r=g\",\"contentUrl\":\"https:\\\/\\\/secure.gravatar.com\\\/avatar\\\/5964256d6c6957de3a3505278957e0fb2a35119ac47ea41827a65301213c810b?s=96&d=mm&r=g\",\"caption\":\"Jacqueline ROTEN\"}}]}<\/script>\n<!-- \/ Yoast SEO plugin. -->","yoast_head_json":{"title":"Oyfn Veg (auf dem Weg) - Institut Europ\u00e9en des Musiques Juives","robots":{"index":"index","follow":"follow","max-snippet":"max-snippet:-1","max-image-preview":"max-image-preview:large","max-video-preview":"max-video-preview:-1"},"canonical":"https:\/\/www.iemj.org\/de\/oyfn-veg-en-chemin\/","og_locale":"de_DE","og_type":"article","og_title":"Oyfn Veg (auf dem Weg) - Institut Europ\u00e9en des Musiques Juives","og_description":"Dieses Album versammelt 13 jiddische Volkslieder, die vom Frauentrio ISAJOAN (Anne Garcenot, Jo\u00eblle Garcenot und Isabelle Morelli) vorgetragen werden. Die Harmonisierung der Lieder und die Leitung des Chores wurden Jean","og_url":"https:\/\/www.iemj.org\/de\/oyfn-veg-en-chemin\/","og_site_name":"Institut Europ\u00e9en des Musiques Juives","article_publisher":"https:\/\/www.facebook.com\/MusiquesJuives\/","article_published_time":"2020-05-28T14:52:49+00:00","article_modified_time":"2025-10-19T16:57:35+00:00","og_image":[{"width":350,"height":351,"url":"https:\/\/www.iemj.org\/wp-content\/uploads\/2020\/05\/arton4763-e1619018322328.jpg","type":"image\/jpeg"}],"author":"Jacqueline ROTEN","twitter_card":"summary_large_image","twitter_misc":{"Verfasst von":"Jacqueline ROTEN","Gesch\u00e4tzte Lesezeit":"2\u00a0Minuten"},"schema":{"@context":"https:\/\/schema.org","@graph":[{"@type":"Article","@id":"https:\/\/www.iemj.org\/de\/oyfn-veg-en-chemin\/#article","isPartOf":{"@id":"https:\/\/www.iemj.org\/de\/oyfn-veg-en-chemin\/"},"author":{"name":"Jacqueline ROTEN","@id":"https:\/\/www.iemj.org\/de\/#\/schema\/person\/358e26c18aca017fcc4cc15437f7279c"},"headline":"Oyfn Veg (auf dem Weg)","datePublished":"2020-05-28T14:52:49+00:00","dateModified":"2025-10-19T16:57:35+00:00","mainEntityOfPage":{"@id":"https:\/\/www.iemj.org\/de\/oyfn-veg-en-chemin\/"},"wordCount":209,"publisher":{"@id":"https:\/\/www.iemj.org\/de\/#organization"},"image":{"@id":"https:\/\/www.iemj.org\/de\/oyfn-veg-en-chemin\/#primaryimage"},"thumbnailUrl":"https:\/\/www.iemj.org\/wp-content\/uploads\/2020\/05\/arton4763-e1619018322328.jpg","articleSection":["CD","Letzte Neuerwerbungen"],"inLanguage":"de"},{"@type":"WebPage","@id":"https:\/\/www.iemj.org\/de\/oyfn-veg-en-chemin\/","url":"https:\/\/www.iemj.org\/de\/oyfn-veg-en-chemin\/","name":"Oyfn Veg (auf dem Weg) - Institut Europ\u00e9en des Musiques Juives","isPartOf":{"@id":"https:\/\/www.iemj.org\/de\/#website"},"primaryImageOfPage":{"@id":"https:\/\/www.iemj.org\/de\/oyfn-veg-en-chemin\/#primaryimage"},"image":{"@id":"https:\/\/www.iemj.org\/de\/oyfn-veg-en-chemin\/#primaryimage"},"thumbnailUrl":"https:\/\/www.iemj.org\/wp-content\/uploads\/2020\/05\/arton4763-e1619018322328.jpg","datePublished":"2020-05-28T14:52:49+00:00","dateModified":"2025-10-19T16:57:35+00:00","breadcrumb":{"@id":"https:\/\/www.iemj.org\/de\/oyfn-veg-en-chemin\/#breadcrumb"},"inLanguage":"de","potentialAction":[{"@type":"ReadAction","target":["https:\/\/www.iemj.org\/de\/oyfn-veg-en-chemin\/"]}]},{"@type":"ImageObject","inLanguage":"de","@id":"https:\/\/www.iemj.org\/de\/oyfn-veg-en-chemin\/#primaryimage","url":"https:\/\/www.iemj.org\/wp-content\/uploads\/2020\/05\/arton4763-e1619018322328.jpg","contentUrl":"https:\/\/www.iemj.org\/wp-content\/uploads\/2020\/05\/arton4763-e1619018322328.jpg","width":350,"height":351},{"@type":"BreadcrumbList","@id":"https:\/\/www.iemj.org\/de\/oyfn-veg-en-chemin\/#breadcrumb","itemListElement":[{"@type":"ListItem","position":1,"name":"Accueil","item":"https:\/\/www.iemj.org\/de\/"},{"@type":"ListItem","position":2,"name":"Oyfn Veg (auf dem Weg)"}]},{"@type":"WebSite","@id":"https:\/\/www.iemj.org\/de\/#website","url":"https:\/\/www.iemj.org\/de\/","name":"Institut Europ\u00e9en des Musiques Juives","description":"Des traditions musicales \u00e0 la port\u00e9e de tous","publisher":{"@id":"https:\/\/www.iemj.org\/de\/#organization"},"potentialAction":[{"@type":"SearchAction","target":{"@type":"EntryPoint","urlTemplate":"https:\/\/www.iemj.org\/de\/?s={search_term_string}"},"query-input":{"@type":"PropertyValueSpecification","valueRequired":true,"valueName":"search_term_string"}}],"inLanguage":"de"},{"@type":"Organization","@id":"https:\/\/www.iemj.org\/de\/#organization","name":"Institut Europ\u00e9en des Musiques Juives","url":"https:\/\/www.iemj.org\/de\/","logo":{"@type":"ImageObject","inLanguage":"de","@id":"https:\/\/www.iemj.org\/de\/#\/schema\/logo\/image\/","url":"https:\/\/www.iemj.org\/wp-content\/uploads\/2021\/09\/Logo-IEMJ-Paypal.jpg","contentUrl":"https:\/\/www.iemj.org\/wp-content\/uploads\/2021\/09\/Logo-IEMJ-Paypal.jpg","width":150,"height":50,"caption":"Institut Europ\u00e9en des Musiques Juives"},"image":{"@id":"https:\/\/www.iemj.org\/de\/#\/schema\/logo\/image\/"},"sameAs":["https:\/\/www.facebook.com\/MusiquesJuives\/","https:\/\/www.instagram.com\/musiquesjuives\/","https:\/\/www.youtube.com\/user\/musiquesjuives"]},{"@type":"Person","@id":"https:\/\/www.iemj.org\/de\/#\/schema\/person\/358e26c18aca017fcc4cc15437f7279c","name":"Jacqueline ROTEN","image":{"@type":"ImageObject","inLanguage":"de","@id":"https:\/\/secure.gravatar.com\/avatar\/5964256d6c6957de3a3505278957e0fb2a35119ac47ea41827a65301213c810b?s=96&d=mm&r=g","url":"https:\/\/secure.gravatar.com\/avatar\/5964256d6c6957de3a3505278957e0fb2a35119ac47ea41827a65301213c810b?s=96&d=mm&r=g","contentUrl":"https:\/\/secure.gravatar.com\/avatar\/5964256d6c6957de3a3505278957e0fb2a35119ac47ea41827a65301213c810b?s=96&d=mm&r=g","caption":"Jacqueline ROTEN"}}]}},"_links":{"self":[{"href":"https:\/\/www.iemj.org\/de\/wp-json\/wp\/v2\/posts\/57936","targetHints":{"allow":["GET"]}}],"collection":[{"href":"https:\/\/www.iemj.org\/de\/wp-json\/wp\/v2\/posts"}],"about":[{"href":"https:\/\/www.iemj.org\/de\/wp-json\/wp\/v2\/types\/post"}],"author":[{"embeddable":true,"href":"https:\/\/www.iemj.org\/de\/wp-json\/wp\/v2\/users\/5"}],"replies":[{"embeddable":true,"href":"https:\/\/www.iemj.org\/de\/wp-json\/wp\/v2\/comments?post=57936"}],"version-history":[{"count":2,"href":"https:\/\/www.iemj.org\/de\/wp-json\/wp\/v2\/posts\/57936\/revisions"}],"predecessor-version":[{"id":127236,"href":"https:\/\/www.iemj.org\/de\/wp-json\/wp\/v2\/posts\/57936\/revisions\/127236"}],"wp:featuredmedia":[{"embeddable":true,"href":"https:\/\/www.iemj.org\/de\/wp-json\/wp\/v2\/media\/57937"}],"wp:attachment":[{"href":"https:\/\/www.iemj.org\/de\/wp-json\/wp\/v2\/media?parent=57936"}],"wp:term":[{"taxonomy":"category","embeddable":true,"href":"https:\/\/www.iemj.org\/de\/wp-json\/wp\/v2\/categories?post=57936"},{"taxonomy":"post_tag","embeddable":true,"href":"https:\/\/www.iemj.org\/de\/wp-json\/wp\/v2\/tags?post=57936"},{"taxonomy":"technique","embeddable":true,"href":"https:\/\/www.iemj.org\/de\/wp-json\/wp\/v2\/technique?post=57936"},{"taxonomy":"squelettes","embeddable":true,"href":"https:\/\/www.iemj.org\/de\/wp-json\/wp\/v2\/squelettes?post=57936"},{"taxonomy":"sujet","embeddable":true,"href":"https:\/\/www.iemj.org\/de\/wp-json\/wp\/v2\/sujet?post=57936"},{"taxonomy":"formation","embeddable":true,"href":"https:\/\/www.iemj.org\/de\/wp-json\/wp\/v2\/formation?post=57936"},{"taxonomy":"genre","embeddable":true,"href":"https:\/\/www.iemj.org\/de\/wp-json\/wp\/v2\/genre?post=57936"},{"taxonomy":"fonds","embeddable":true,"href":"https:\/\/www.iemj.org\/de\/wp-json\/wp\/v2\/fonds?post=57936"},{"taxonomy":"tradition","embeddable":true,"href":"https:\/\/www.iemj.org\/de\/wp-json\/wp\/v2\/tradition?post=57936"},{"taxonomy":"type-de-contenu","embeddable":true,"href":"https:\/\/www.iemj.org\/de\/wp-json\/wp\/v2\/type-de-contenu?post=57936"},{"taxonomy":"interprete-compositeur","embeddable":true,"href":"https:\/\/www.iemj.org\/de\/wp-json\/wp\/v2\/interprete-compositeur?post=57936"},{"taxonomy":"frise","embeddable":true,"href":"https:\/\/www.iemj.org\/de\/wp-json\/wp\/v2\/frise?post=57936"},{"taxonomy":"type-devenement","embeddable":true,"href":"https:\/\/www.iemj.org\/de\/wp-json\/wp\/v2\/type-devenement?post=57936"},{"taxonomy":"tableaux-liens-externes","embeddable":true,"href":"https:\/\/www.iemj.org\/de\/wp-json\/wp\/v2\/tableaux-liens-externes?post=57936"}],"curies":[{"name":"wp","href":"https:\/\/api.w.org\/{rel}","templated":true}]}}