{"id":58014,"date":"2020-03-11T17:10:38","date_gmt":"2020-03-11T16:10:38","guid":{"rendered":"https:\/\/www.iemj.org\/yiddish-glory\/"},"modified":"2025-09-10T12:11:27","modified_gmt":"2025-09-10T10:11:27","slug":"yiddish-glory","status":"publish","type":"post","link":"https:\/\/www.iemj.org\/de\/yiddish-glory\/","title":{"rendered":"Yiddish Glory"},"content":{"rendered":"<p><em>Yiddish Glory: The Lost Songs of World War II<\/em> ist der Albumtitel der neuen CD, welche 2018 in den Vereinigten Staaten ver\u00f6ffentlicht wurde und welches sich auf Liedtexte basiert, welche in der d\u00fcstersten Periode der europ\u00e4ischen j\u00fcdischen Geschichte geschrieben wurden. Mitten im Zweiten Weltkrieg entdeckte eine Gruppe von Forschern, welche von dem Musikethnologen <a href=\"https:\/\/www.iemj.org\/de\/beregovski-moisei-iakovlevich-1892-1961\/\" target=\"_blank\" rel=\"noopener\">Moisei Beregovsky (1892-1961)<\/a> angeleitet wurden, von Soldaten der Roten Armee, von Fl\u00fcchtlingen und Opfern und \u00dcberlebenden der ukrainischen Ghettos geschriebene Lieder. Eins der Lieder wurde von einem Waisenkind geschrieben, das seine Eltern im Ghetto von Tulchin verloren hatte, ein anderes, geschrieben von einem jugendlichen Insassen des Konzentrationslagers von Pechora und noch ein anderes, geschrieben von einem Soldaten der Roten Armee, der bei seiner R\u00fcckkehr feststellen musste, dass seine gesamte Familie, beim Massaker von Babyn Jar, umgekommen war. Die Autoren sind keine Poeten und auch keine Musiker, zeugen aber dennoch von einem der bedeutendsten Geschehen des 20. Jahrhunderts.<\/p>\n<p>Nach Kriegsende verhaftete man die Forscher, im Rahmen der stalinistischen S\u00e4uberungen und beschlagnahmte ihre Arbeiten. Sie starben mit dem Gedanken, dass ihre Sammlungen f\u00fcr immer verloren seien.<\/p>\n<p>In den 1990er Jahren entdeckte man diese Lieder wieder, in einer unbeschrifteten Kiste, im Archiv der Nationalbibliothek Vernadsky der Ukraine.<\/p>\n<p>Anfang der 2000er begab sich <strong>Anna Shternshis<\/strong>, Jiddischlehrerin und Direktorin des Bereichs der J\u00fcdischen Studien an der Universit\u00e4t von Toronto, nach Kiew und erfuhr dort zuf\u00e4llig von der Existenz dieser Lieder. Diese fragilen, schnell verfallenden, meist handschriftlichen Dokumente, sind von gro\u00dfer historischer Bedeutung und enthalten einige der ergreifendsten sowjetischen jiddischen Lieder \u00fcber den Zweiten Weltkrieg. Verzweiflung, Hoffnung, Humor, Tapferkeit, Widerstand und Rache sind Gef\u00fchle, die in jedem dieser Lieder zum Ausdruck kommen.<\/p>\n<p><img fetchpriority=\"high\" decoding=\"async\" class=\" alignleft size-full wp-image-27359\" src=\"https:\/\/www.iemj.org\/wp-content\/uploads\/2020\/03\/psoy_korolenko_and_anna_shternshis_photo_and_design_by_dan_rosenberg__400px.jpg\" alt=\"psoy_korolenko_and_anna_shternshis_photo_and_design_by_dan_rosenberg__400px.jpg\" width=\"400\" height=\"300\" align=\"left\" srcset=\"https:\/\/www.iemj.org\/wp-content\/uploads\/2020\/03\/psoy_korolenko_and_anna_shternshis_photo_and_design_by_dan_rosenberg__400px.jpg 400w, https:\/\/www.iemj.org\/wp-content\/uploads\/2020\/03\/psoy_korolenko_and_anna_shternshis_photo_and_design_by_dan_rosenberg__400px-300x225.jpg 300w\" sizes=\"(max-width: 400px) 100vw, 400px\" \/><\/p>\n<p>Diese CD ist das Ergebnis einer bemerkenswerten Zusammenarbeit zwischen dem K\u00fcnstler <strong>Psoy Korolenko <\/strong>und der Jiddischlehrerin Anna Shternshis, da der Gro\u00dfteil der Lieder auf Papierst\u00fccken notiert wurden, ohne jegliche Angabe von Melodien. Psoy Korolenko musste daher eine wahrhafte \u201emusikarch\u00e4ologische\u201c Forschung betreiben. Er analysierte die Noten, kontextualisierte die Texte und lie\u00df dann seiner Kreativit\u00e4t freien Lauf, um die Musik auf die Texte zu komponieren oder auch, um die Musik an sie anzupassen. Die Arrangements stammen von <strong>Sergei Erdenko<\/strong> (einem Roma-Violinisten aus Russland, der oft mit Yehudi Menuhin spielte), welcher ebenfalls eine neue Musik auf eines der Lieder komponierte (Kasachstan).<\/p>\n<p>Die Entdeckung dieses jahrelang verborgenen Schatzes veranlasste den Produzenten <strong>Dan Rosenberg<\/strong> dazu, ein Ensemble aus S\u00e4ngern und Musikern, unterschiedlichster Einfl\u00fcsse zusammenzustellen. Diese CD, das Ergebnis einer dreij\u00e4hrigen Arbeit, stellt ein unsch\u00e4tzbares historisches Zeugnis dar. Es wird offenbart, wie M\u00e4nner, Frauen und Kinder, in dem Bestreben ihre Familien zu retten, den Faschismus bek\u00e4mpften und sich in einem letzten Impuls daf\u00fcr entschieden, ihre Tr\u00e4ume und Hoffnungen \u00fcber die Musik mitzuteilen. Wir haben nun zum ersten Mal die Gelegenheit, die Stimmen dieser sowjetischen Juden zu h\u00f6ren, die glaubten von Hitler und Stalin f\u00fcr immer zu Schweigen gebracht worden zu sein.<\/p>\n<p>Ein 44-seitiges Begleitheft liegt der CD bei. Darin enthalten sind die Liedtexte auf Englisch und Russisch und ebenso die Geschichte eines jeden Lieds, sowie zahlreiche Illustrationen.<\/p>\n<p><a href=\"https:\/\/www.yiddishglory.com\/\" target=\"_blank\" rel=\"noopener\">Erfahren Sie mehr<\/a><br \/><a href=\"https:\/\/www.sixdegreesrecords.com\/lost-songs-world-war-ii\/\" target=\"_blank\" rel=\"noopener\">Kaufen Sie die CD<\/a><\/p>\n\n\n<h2 class=\"wp-block-heading\"><\/h2>\n\n\n<div class=\"wp-block-image\">\n<figure class=\"aligncenter size-large\"><img decoding=\"async\" width=\"1024\" height=\"133\" src=\"https:\/\/www.iemj.org\/wp-content\/uploads\/2024\/03\/AUDIO-PLAYER-1024x133.png\" alt=\"\" class=\"wp-image-110606\" srcset=\"https:\/\/www.iemj.org\/wp-content\/uploads\/2024\/03\/AUDIO-PLAYER-1024x133.png 1024w, https:\/\/www.iemj.org\/wp-content\/uploads\/2024\/03\/AUDIO-PLAYER-300x39.png 300w, https:\/\/www.iemj.org\/wp-content\/uploads\/2024\/03\/AUDIO-PLAYER-768x100.png 768w, https:\/\/www.iemj.org\/wp-content\/uploads\/2024\/03\/AUDIO-PLAYER-600x78.png 600w, https:\/\/www.iemj.org\/wp-content\/uploads\/2024\/03\/AUDIO-PLAYER.png 1210w\" sizes=\"(max-width: 1024px) 100vw, 1024px\" \/><\/figure>\n<\/div>\n\n\n<div class=\"wp-block-file\"><a id=\"wp-block-file--media-b42afa00-7a49-49b8-8702-927c586dd1dd\" href=\"https:\/\/www.iemj.org\/wp-content\/uploads\/2020\/03\/01_afn_hoykhn_barg_on_the_high_mountain_.mp3\">Afn hoykhn barg (Extrait)<\/a><\/div>\n\n\n\n<div class=\"wp-block-file\"><a id=\"wp-block-file--media-54647e51-e332-4a99-849d-811d625c39cb\" href=\"https:\/\/www.iemj.org\/wp-content\/uploads\/2020\/03\/02_shpatsir_in_vald_a_walk_in_the_forest_.mp3\">Shpatsir in vald (Extrait)<\/a><\/div>\n\n\n\n<div class=\"wp-block-file\"><a id=\"wp-block-file--media-a7f6cf17-e92e-43de-9ba3-f55d4aea41a5\" href=\"https:\/\/www.iemj.org\/wp-content\/uploads\/2020\/03\/03_yoshke_fun_odes_yoshke_from_odessa_.mp3\">Yoshke fun Odes (Extrait)<\/a><\/div>\n\n\n\n<div class=\"wp-block-file\"><a id=\"wp-block-file--media-4ec9c53f-591d-484c-b905-87a42d083b9f\" href=\"https:\/\/www.iemj.org\/wp-content\/uploads\/2020\/03\/09_chuvasher_tekhter_daughters_of_chuvashia_.mp3\">Chuvasher tekhter (Extrait)<\/a><\/div>\n\n\n\n<div class=\"wp-block-file\"><a id=\"wp-block-file--media-bd3e6e4b-f091-474c-b96b-7459a5dbfc77\" href=\"https:\/\/www.iemj.org\/wp-content\/uploads\/2020\/03\/18_tsum_nayem_yor_1944_happy_new_year_1944_.mp3\">Tsum nayem yor 1944 (Extrait)<\/a><\/div>\n\n\n\n<div class=\"wp-block-file\"><a id=\"wp-block-file--media-f8f2407e-0132-4b82-b08f-f978c3079003\" href=\"https:\/\/www.iemj.org\/wp-content\/uploads\/2020\/03\/05_mayn_pulemyot_my_machine_gun_.mp3\">Mayn pulemyot (Extrait)<\/a><\/div>\n","protected":false},"excerpt":{"rendered":"<p>Yiddish Glory: The Lost Songs of World War II ist der Albumtitel der neuen CD, welche 2018 in den Vereinigten Staaten ver\u00f6ffentlicht wurde und welches sich auf Liedtexte basiert, welche<\/p>\n","protected":false},"author":1048,"featured_media":58015,"comment_status":"closed","ping_status":"closed","sticky":false,"template":"","format":"standard","meta":{"_acf_changed":false,"footnotes":""},"categories":[1571,1561],"tags":[],"technique":[],"squelettes":[],"sujet":[],"formation":[],"genre":[1864],"fonds":[],"tradition":[],"type-de-contenu":[],"interprete-compositeur":[],"frise":[],"type-devenement":[],"tableaux-liens-externes":[],"class_list":["post-58014","post","type-post","status-publish","format-standard","has-post-thumbnail","hentry","category-cd-de","category-letzte-neuerwerbungen-de","genre-yiddish-de"],"acf":[],"yoast_head":"<!-- This site is optimized with the Yoast SEO plugin v27.3 - https:\/\/yoast.com\/product\/yoast-seo-wordpress\/ -->\n<title>Yiddish Glory - Institut Europ\u00e9en des Musiques Juives<\/title>\n<meta name=\"robots\" content=\"index, follow, max-snippet:-1, max-image-preview:large, max-video-preview:-1\" \/>\n<link rel=\"canonical\" href=\"https:\/\/www.iemj.org\/de\/yiddish-glory\/\" \/>\n<meta property=\"og:locale\" content=\"de_DE\" \/>\n<meta property=\"og:type\" content=\"article\" \/>\n<meta property=\"og:title\" content=\"Yiddish Glory - Institut Europ\u00e9en des Musiques Juives\" \/>\n<meta property=\"og:description\" content=\"Yiddish Glory: The Lost Songs of World War II ist der Albumtitel der neuen CD, welche 2018 in den Vereinigten Staaten ver\u00f6ffentlicht wurde und welches sich auf Liedtexte basiert, welche\" \/>\n<meta property=\"og:url\" content=\"https:\/\/www.iemj.org\/de\/yiddish-glory\/\" \/>\n<meta property=\"og:site_name\" content=\"Institut Europ\u00e9en des Musiques Juives\" \/>\n<meta property=\"article:publisher\" content=\"https:\/\/www.facebook.com\/MusiquesJuives\/\" \/>\n<meta property=\"article:published_time\" content=\"2020-03-11T16:10:38+00:00\" \/>\n<meta property=\"article:modified_time\" content=\"2025-09-10T10:11:27+00:00\" \/>\n<meta property=\"og:image\" content=\"https:\/\/www.iemj.org\/wp-content\/uploads\/2020\/03\/arton4582-e1619019203881.jpg\" \/>\n\t<meta property=\"og:image:width\" content=\"350\" \/>\n\t<meta property=\"og:image:height\" content=\"350\" \/>\n\t<meta property=\"og:image:type\" content=\"image\/jpeg\" \/>\n<meta name=\"author\" content=\"Jean-Gabriel Davis\" \/>\n<meta name=\"twitter:card\" content=\"summary_large_image\" \/>\n<meta name=\"twitter:label1\" content=\"Verfasst von\" \/>\n\t<meta name=\"twitter:data1\" content=\"Jean-Gabriel Davis\" \/>\n\t<meta name=\"twitter:label2\" content=\"Gesch\u00e4tzte Lesezeit\" \/>\n\t<meta name=\"twitter:data2\" content=\"4\u00a0Minuten\" \/>\n<script type=\"application\/ld+json\" class=\"yoast-schema-graph\">{\"@context\":\"https:\\\/\\\/schema.org\",\"@graph\":[{\"@type\":\"Article\",\"@id\":\"https:\\\/\\\/www.iemj.org\\\/de\\\/yiddish-glory\\\/#article\",\"isPartOf\":{\"@id\":\"https:\\\/\\\/www.iemj.org\\\/de\\\/yiddish-glory\\\/\"},\"author\":{\"name\":\"Jean-Gabriel Davis\",\"@id\":\"https:\\\/\\\/www.iemj.org\\\/de\\\/#\\\/schema\\\/person\\\/c9bc1c386a3749579a2d675e72a18666\"},\"headline\":\"Yiddish Glory\",\"datePublished\":\"2020-03-11T16:10:38+00:00\",\"dateModified\":\"2025-09-10T10:11:27+00:00\",\"mainEntityOfPage\":{\"@id\":\"https:\\\/\\\/www.iemj.org\\\/de\\\/yiddish-glory\\\/\"},\"wordCount\":547,\"publisher\":{\"@id\":\"https:\\\/\\\/www.iemj.org\\\/de\\\/#organization\"},\"image\":{\"@id\":\"https:\\\/\\\/www.iemj.org\\\/de\\\/yiddish-glory\\\/#primaryimage\"},\"thumbnailUrl\":\"https:\\\/\\\/www.iemj.org\\\/wp-content\\\/uploads\\\/2020\\\/03\\\/arton4582-e1619019203881.jpg\",\"articleSection\":[\"CD\",\"Letzte Neuerwerbungen\"],\"inLanguage\":\"de\"},{\"@type\":\"WebPage\",\"@id\":\"https:\\\/\\\/www.iemj.org\\\/de\\\/yiddish-glory\\\/\",\"url\":\"https:\\\/\\\/www.iemj.org\\\/de\\\/yiddish-glory\\\/\",\"name\":\"Yiddish Glory - Institut Europ\u00e9en des Musiques Juives\",\"isPartOf\":{\"@id\":\"https:\\\/\\\/www.iemj.org\\\/de\\\/#website\"},\"primaryImageOfPage\":{\"@id\":\"https:\\\/\\\/www.iemj.org\\\/de\\\/yiddish-glory\\\/#primaryimage\"},\"image\":{\"@id\":\"https:\\\/\\\/www.iemj.org\\\/de\\\/yiddish-glory\\\/#primaryimage\"},\"thumbnailUrl\":\"https:\\\/\\\/www.iemj.org\\\/wp-content\\\/uploads\\\/2020\\\/03\\\/arton4582-e1619019203881.jpg\",\"datePublished\":\"2020-03-11T16:10:38+00:00\",\"dateModified\":\"2025-09-10T10:11:27+00:00\",\"breadcrumb\":{\"@id\":\"https:\\\/\\\/www.iemj.org\\\/de\\\/yiddish-glory\\\/#breadcrumb\"},\"inLanguage\":\"de\",\"potentialAction\":[{\"@type\":\"ReadAction\",\"target\":[\"https:\\\/\\\/www.iemj.org\\\/de\\\/yiddish-glory\\\/\"]}]},{\"@type\":\"ImageObject\",\"inLanguage\":\"de\",\"@id\":\"https:\\\/\\\/www.iemj.org\\\/de\\\/yiddish-glory\\\/#primaryimage\",\"url\":\"https:\\\/\\\/www.iemj.org\\\/wp-content\\\/uploads\\\/2020\\\/03\\\/arton4582-e1619019203881.jpg\",\"contentUrl\":\"https:\\\/\\\/www.iemj.org\\\/wp-content\\\/uploads\\\/2020\\\/03\\\/arton4582-e1619019203881.jpg\",\"width\":350,\"height\":350},{\"@type\":\"BreadcrumbList\",\"@id\":\"https:\\\/\\\/www.iemj.org\\\/de\\\/yiddish-glory\\\/#breadcrumb\",\"itemListElement\":[{\"@type\":\"ListItem\",\"position\":1,\"name\":\"Accueil\",\"item\":\"https:\\\/\\\/www.iemj.org\\\/de\\\/\"},{\"@type\":\"ListItem\",\"position\":2,\"name\":\"Yiddish Glory\"}]},{\"@type\":\"WebSite\",\"@id\":\"https:\\\/\\\/www.iemj.org\\\/de\\\/#website\",\"url\":\"https:\\\/\\\/www.iemj.org\\\/de\\\/\",\"name\":\"Institut Europ\u00e9en des Musiques Juives\",\"description\":\"Des traditions musicales \u00e0 la port\u00e9e de tous\",\"publisher\":{\"@id\":\"https:\\\/\\\/www.iemj.org\\\/de\\\/#organization\"},\"potentialAction\":[{\"@type\":\"SearchAction\",\"target\":{\"@type\":\"EntryPoint\",\"urlTemplate\":\"https:\\\/\\\/www.iemj.org\\\/de\\\/?s={search_term_string}\"},\"query-input\":{\"@type\":\"PropertyValueSpecification\",\"valueRequired\":true,\"valueName\":\"search_term_string\"}}],\"inLanguage\":\"de\"},{\"@type\":\"Organization\",\"@id\":\"https:\\\/\\\/www.iemj.org\\\/de\\\/#organization\",\"name\":\"Institut Europ\u00e9en des Musiques Juives\",\"url\":\"https:\\\/\\\/www.iemj.org\\\/de\\\/\",\"logo\":{\"@type\":\"ImageObject\",\"inLanguage\":\"de\",\"@id\":\"https:\\\/\\\/www.iemj.org\\\/de\\\/#\\\/schema\\\/logo\\\/image\\\/\",\"url\":\"https:\\\/\\\/www.iemj.org\\\/wp-content\\\/uploads\\\/2021\\\/09\\\/Logo-IEMJ-Paypal.jpg\",\"contentUrl\":\"https:\\\/\\\/www.iemj.org\\\/wp-content\\\/uploads\\\/2021\\\/09\\\/Logo-IEMJ-Paypal.jpg\",\"width\":150,\"height\":50,\"caption\":\"Institut Europ\u00e9en des Musiques Juives\"},\"image\":{\"@id\":\"https:\\\/\\\/www.iemj.org\\\/de\\\/#\\\/schema\\\/logo\\\/image\\\/\"},\"sameAs\":[\"https:\\\/\\\/www.facebook.com\\\/MusiquesJuives\\\/\",\"https:\\\/\\\/www.instagram.com\\\/musiquesjuives\\\/\",\"https:\\\/\\\/www.youtube.com\\\/user\\\/musiquesjuives\"]},{\"@type\":\"Person\",\"@id\":\"https:\\\/\\\/www.iemj.org\\\/de\\\/#\\\/schema\\\/person\\\/c9bc1c386a3749579a2d675e72a18666\",\"name\":\"Jean-Gabriel Davis\",\"image\":{\"@type\":\"ImageObject\",\"inLanguage\":\"de\",\"@id\":\"https:\\\/\\\/secure.gravatar.com\\\/avatar\\\/2b90d67bdf392c9b3a21fab87c0fa7edaf1fb3a058172a1ffd61033fcec7aec1?s=96&d=mm&r=g\",\"url\":\"https:\\\/\\\/secure.gravatar.com\\\/avatar\\\/2b90d67bdf392c9b3a21fab87c0fa7edaf1fb3a058172a1ffd61033fcec7aec1?s=96&d=mm&r=g\",\"contentUrl\":\"https:\\\/\\\/secure.gravatar.com\\\/avatar\\\/2b90d67bdf392c9b3a21fab87c0fa7edaf1fb3a058172a1ffd61033fcec7aec1?s=96&d=mm&r=g\",\"caption\":\"Jean-Gabriel Davis\"}}]}<\/script>\n<!-- \/ Yoast SEO plugin. -->","yoast_head_json":{"title":"Yiddish Glory - Institut Europ\u00e9en des Musiques Juives","robots":{"index":"index","follow":"follow","max-snippet":"max-snippet:-1","max-image-preview":"max-image-preview:large","max-video-preview":"max-video-preview:-1"},"canonical":"https:\/\/www.iemj.org\/de\/yiddish-glory\/","og_locale":"de_DE","og_type":"article","og_title":"Yiddish Glory - Institut Europ\u00e9en des Musiques Juives","og_description":"Yiddish Glory: The Lost Songs of World War II ist der Albumtitel der neuen CD, welche 2018 in den Vereinigten Staaten ver\u00f6ffentlicht wurde und welches sich auf Liedtexte basiert, welche","og_url":"https:\/\/www.iemj.org\/de\/yiddish-glory\/","og_site_name":"Institut Europ\u00e9en des Musiques Juives","article_publisher":"https:\/\/www.facebook.com\/MusiquesJuives\/","article_published_time":"2020-03-11T16:10:38+00:00","article_modified_time":"2025-09-10T10:11:27+00:00","og_image":[{"width":350,"height":350,"url":"https:\/\/www.iemj.org\/wp-content\/uploads\/2020\/03\/arton4582-e1619019203881.jpg","type":"image\/jpeg"}],"author":"Jean-Gabriel Davis","twitter_card":"summary_large_image","twitter_misc":{"Verfasst von":"Jean-Gabriel Davis","Gesch\u00e4tzte Lesezeit":"4\u00a0Minuten"},"schema":{"@context":"https:\/\/schema.org","@graph":[{"@type":"Article","@id":"https:\/\/www.iemj.org\/de\/yiddish-glory\/#article","isPartOf":{"@id":"https:\/\/www.iemj.org\/de\/yiddish-glory\/"},"author":{"name":"Jean-Gabriel Davis","@id":"https:\/\/www.iemj.org\/de\/#\/schema\/person\/c9bc1c386a3749579a2d675e72a18666"},"headline":"Yiddish Glory","datePublished":"2020-03-11T16:10:38+00:00","dateModified":"2025-09-10T10:11:27+00:00","mainEntityOfPage":{"@id":"https:\/\/www.iemj.org\/de\/yiddish-glory\/"},"wordCount":547,"publisher":{"@id":"https:\/\/www.iemj.org\/de\/#organization"},"image":{"@id":"https:\/\/www.iemj.org\/de\/yiddish-glory\/#primaryimage"},"thumbnailUrl":"https:\/\/www.iemj.org\/wp-content\/uploads\/2020\/03\/arton4582-e1619019203881.jpg","articleSection":["CD","Letzte Neuerwerbungen"],"inLanguage":"de"},{"@type":"WebPage","@id":"https:\/\/www.iemj.org\/de\/yiddish-glory\/","url":"https:\/\/www.iemj.org\/de\/yiddish-glory\/","name":"Yiddish Glory - Institut Europ\u00e9en des Musiques Juives","isPartOf":{"@id":"https:\/\/www.iemj.org\/de\/#website"},"primaryImageOfPage":{"@id":"https:\/\/www.iemj.org\/de\/yiddish-glory\/#primaryimage"},"image":{"@id":"https:\/\/www.iemj.org\/de\/yiddish-glory\/#primaryimage"},"thumbnailUrl":"https:\/\/www.iemj.org\/wp-content\/uploads\/2020\/03\/arton4582-e1619019203881.jpg","datePublished":"2020-03-11T16:10:38+00:00","dateModified":"2025-09-10T10:11:27+00:00","breadcrumb":{"@id":"https:\/\/www.iemj.org\/de\/yiddish-glory\/#breadcrumb"},"inLanguage":"de","potentialAction":[{"@type":"ReadAction","target":["https:\/\/www.iemj.org\/de\/yiddish-glory\/"]}]},{"@type":"ImageObject","inLanguage":"de","@id":"https:\/\/www.iemj.org\/de\/yiddish-glory\/#primaryimage","url":"https:\/\/www.iemj.org\/wp-content\/uploads\/2020\/03\/arton4582-e1619019203881.jpg","contentUrl":"https:\/\/www.iemj.org\/wp-content\/uploads\/2020\/03\/arton4582-e1619019203881.jpg","width":350,"height":350},{"@type":"BreadcrumbList","@id":"https:\/\/www.iemj.org\/de\/yiddish-glory\/#breadcrumb","itemListElement":[{"@type":"ListItem","position":1,"name":"Accueil","item":"https:\/\/www.iemj.org\/de\/"},{"@type":"ListItem","position":2,"name":"Yiddish Glory"}]},{"@type":"WebSite","@id":"https:\/\/www.iemj.org\/de\/#website","url":"https:\/\/www.iemj.org\/de\/","name":"Institut Europ\u00e9en des Musiques Juives","description":"Des traditions musicales \u00e0 la port\u00e9e de tous","publisher":{"@id":"https:\/\/www.iemj.org\/de\/#organization"},"potentialAction":[{"@type":"SearchAction","target":{"@type":"EntryPoint","urlTemplate":"https:\/\/www.iemj.org\/de\/?s={search_term_string}"},"query-input":{"@type":"PropertyValueSpecification","valueRequired":true,"valueName":"search_term_string"}}],"inLanguage":"de"},{"@type":"Organization","@id":"https:\/\/www.iemj.org\/de\/#organization","name":"Institut Europ\u00e9en des Musiques Juives","url":"https:\/\/www.iemj.org\/de\/","logo":{"@type":"ImageObject","inLanguage":"de","@id":"https:\/\/www.iemj.org\/de\/#\/schema\/logo\/image\/","url":"https:\/\/www.iemj.org\/wp-content\/uploads\/2021\/09\/Logo-IEMJ-Paypal.jpg","contentUrl":"https:\/\/www.iemj.org\/wp-content\/uploads\/2021\/09\/Logo-IEMJ-Paypal.jpg","width":150,"height":50,"caption":"Institut Europ\u00e9en des Musiques Juives"},"image":{"@id":"https:\/\/www.iemj.org\/de\/#\/schema\/logo\/image\/"},"sameAs":["https:\/\/www.facebook.com\/MusiquesJuives\/","https:\/\/www.instagram.com\/musiquesjuives\/","https:\/\/www.youtube.com\/user\/musiquesjuives"]},{"@type":"Person","@id":"https:\/\/www.iemj.org\/de\/#\/schema\/person\/c9bc1c386a3749579a2d675e72a18666","name":"Jean-Gabriel Davis","image":{"@type":"ImageObject","inLanguage":"de","@id":"https:\/\/secure.gravatar.com\/avatar\/2b90d67bdf392c9b3a21fab87c0fa7edaf1fb3a058172a1ffd61033fcec7aec1?s=96&d=mm&r=g","url":"https:\/\/secure.gravatar.com\/avatar\/2b90d67bdf392c9b3a21fab87c0fa7edaf1fb3a058172a1ffd61033fcec7aec1?s=96&d=mm&r=g","contentUrl":"https:\/\/secure.gravatar.com\/avatar\/2b90d67bdf392c9b3a21fab87c0fa7edaf1fb3a058172a1ffd61033fcec7aec1?s=96&d=mm&r=g","caption":"Jean-Gabriel Davis"}}]}},"_links":{"self":[{"href":"https:\/\/www.iemj.org\/de\/wp-json\/wp\/v2\/posts\/58014","targetHints":{"allow":["GET"]}}],"collection":[{"href":"https:\/\/www.iemj.org\/de\/wp-json\/wp\/v2\/posts"}],"about":[{"href":"https:\/\/www.iemj.org\/de\/wp-json\/wp\/v2\/types\/post"}],"author":[{"embeddable":true,"href":"https:\/\/www.iemj.org\/de\/wp-json\/wp\/v2\/users\/1048"}],"replies":[{"embeddable":true,"href":"https:\/\/www.iemj.org\/de\/wp-json\/wp\/v2\/comments?post=58014"}],"version-history":[{"count":0,"href":"https:\/\/www.iemj.org\/de\/wp-json\/wp\/v2\/posts\/58014\/revisions"}],"wp:featuredmedia":[{"embeddable":true,"href":"https:\/\/www.iemj.org\/de\/wp-json\/wp\/v2\/media\/58015"}],"wp:attachment":[{"href":"https:\/\/www.iemj.org\/de\/wp-json\/wp\/v2\/media?parent=58014"}],"wp:term":[{"taxonomy":"category","embeddable":true,"href":"https:\/\/www.iemj.org\/de\/wp-json\/wp\/v2\/categories?post=58014"},{"taxonomy":"post_tag","embeddable":true,"href":"https:\/\/www.iemj.org\/de\/wp-json\/wp\/v2\/tags?post=58014"},{"taxonomy":"technique","embeddable":true,"href":"https:\/\/www.iemj.org\/de\/wp-json\/wp\/v2\/technique?post=58014"},{"taxonomy":"squelettes","embeddable":true,"href":"https:\/\/www.iemj.org\/de\/wp-json\/wp\/v2\/squelettes?post=58014"},{"taxonomy":"sujet","embeddable":true,"href":"https:\/\/www.iemj.org\/de\/wp-json\/wp\/v2\/sujet?post=58014"},{"taxonomy":"formation","embeddable":true,"href":"https:\/\/www.iemj.org\/de\/wp-json\/wp\/v2\/formation?post=58014"},{"taxonomy":"genre","embeddable":true,"href":"https:\/\/www.iemj.org\/de\/wp-json\/wp\/v2\/genre?post=58014"},{"taxonomy":"fonds","embeddable":true,"href":"https:\/\/www.iemj.org\/de\/wp-json\/wp\/v2\/fonds?post=58014"},{"taxonomy":"tradition","embeddable":true,"href":"https:\/\/www.iemj.org\/de\/wp-json\/wp\/v2\/tradition?post=58014"},{"taxonomy":"type-de-contenu","embeddable":true,"href":"https:\/\/www.iemj.org\/de\/wp-json\/wp\/v2\/type-de-contenu?post=58014"},{"taxonomy":"interprete-compositeur","embeddable":true,"href":"https:\/\/www.iemj.org\/de\/wp-json\/wp\/v2\/interprete-compositeur?post=58014"},{"taxonomy":"frise","embeddable":true,"href":"https:\/\/www.iemj.org\/de\/wp-json\/wp\/v2\/frise?post=58014"},{"taxonomy":"type-devenement","embeddable":true,"href":"https:\/\/www.iemj.org\/de\/wp-json\/wp\/v2\/type-devenement?post=58014"},{"taxonomy":"tableaux-liens-externes","embeddable":true,"href":"https:\/\/www.iemj.org\/de\/wp-json\/wp\/v2\/tableaux-liens-externes?post=58014"}],"curies":[{"name":"wp","href":"https:\/\/api.w.org\/{rel}","templated":true}]}}