{"id":58042,"date":"2020-11-24T17:57:48","date_gmt":"2020-11-24T16:57:48","guid":{"rendered":"https:\/\/www.iemj.org\/walter-kaufmann-musique-de-chambre\/"},"modified":"2025-09-10T17:17:33","modified_gmt":"2025-09-10T15:17:33","slug":"walter-kaufmann-musique-de-chambre","status":"publish","type":"post","link":"https:\/\/www.iemj.org\/de\/walter-kaufmann-musique-de-chambre\/","title":{"rendered":"Walter Kaufmann: Kammermusik"},"content":{"rendered":"<p>Die CD <em>Walter Kaufmann: Musique de chambre<\/em> ist die vierte Ausgabe der Serie Music in Exile, erschien am 28. August 2020 bei Chandos und l\u00e4sst uns das zu Unrecht vergessene Werk eines tschechisch-j\u00fcdischen Komponisten entdecken, der 1934 vor den Nazis floh\u2026<\/p>\n<p><!--more--><\/p>\n<p><a href=\"https:\/\/en.wikipedia.org\/wiki\/Walter_Kaufmann_(composer)\">Walter Kaufmann<\/a> ist einer von vielen j\u00fcdischen Komponisten, die in Folge der Machergreifung der Nationalsozialisten und den gesellschaftlichen Umw\u00e4lzungen, die dem Zweiten Weltkrieg folgten, verdr\u00e4ngt wurden und in Vergessenheit gerieten.<\/p>\n<p><img fetchpriority=\"high\" decoding=\"async\" class=\"alignnone\" src=\"https:\/\/www.iemj.org\/wp-content\/uploads\/2020\/11\/arc_ensemble_portrait_shot_by_nation_wong_tronquee_200px_vertic.jpg\" alt=\"arc_ensemble_portrait_shot_by_nation_wong_tronquee_200px_vertic.jpg\" width=\"320\" height=\"205\" align=\"right\" data-description=\"&quot;&lt;strong\" \/><\/p>\n<p>Das Schicksal dieses Komponisten, Dirigenten und Musikwissenschaftlers wird in dem Begleitheft der ausf\u00fchrlich dokumentierten CD von <a href=\"https:\/\/promusicahebraica.org\/about-pro-musica-hebraica\/board-of-advisers\/simon-wynberg\/\">Simon Wynberg<\/a>, Direktor des 2002 in Kanada gegr\u00fcndeten und ans\u00e4ssigen ARC Ensembles (Artists of the Royal Conservatory), beschreiben.<\/p>\n<p>Walter Kaufmann wurde am 1. April 1907 in Karlsbad, einem beliebten Kurbadeort des \u00f6sterreich-ungarischen Reichs, der nach dem Ersten Weltkrieg, Teil der Tschechoslowakei wurde, geboren. Da er besonders musikalisch begabt war, nahm man ihn Ende der Mittelstufe, an der Musikhochschule von Berlin an, wo er unter Franz Schreker Komposition und Musikwissenschaften unter Curt Sachs, dem Pionier dieser Disziplin, studierte. Letzterer war es auch, der ihm die Musik Indiens n\u00e4herbrachte. 1933 entdeckte er, w\u00e4hrend er an der Deutschen Universit\u00e4t von Prag an seiner Dissertation in Musikwissenschaften arbeitete, dass sein Doktorvater eine Gruppe der Hitlerjugend betreute. Er entschied sich daher, Prag zu verlassen und ging im Februar 1934, nachdem er ein Visum f\u00fcr Indien erhalten hatte, nach Bombay. Wenige Monate sp\u00e4ter, folgte ihm seine Frau. Der Rest der Familie, welcher nicht an den Fortbestand der nationalsozialistischen Bewegung glaubte, wurde im Krieg gr\u00f6\u00dftenteils ausgel\u00f6scht.<\/p>\n<p>In Bombay wurde Kaufmann f\u00fcr das All India Radio (AIR), als Leiter der europ\u00e4ischen Musik, engagiert. 1936 komponierte er den Radiojingle des Senders, dessen Melodie noch heute hunderte Millionen Indern kennen, ohne dabei zu ahnen, dass das es sich dabei um das Werk eines jungen tschechoslowakischen j\u00fcdischen Fl\u00fcchtlings handelt. In Indien lernte Kaufmann den Violinisten Mehli Mehta kennen, dessen Sohn Zubin Mehta, sp\u00e4ter einer der bekanntesten Dirigenten der Welt werden sollte und einen Teil seiner Karriere auch in Israel verfolgte. Kaufmann komponierte au\u00dferdem mehrere Filmmusiken f\u00fcr die aufstrebende Filmindustrie in Bombay, dem sp\u00e4teren Bollywood.<\/p>\n<p>Seinem Traum folgend am Broadway oder in Hollywood Karriere zu machen, brach Kaufmann im Dezember 1937, Richtung New York auf. Zwei Jahre sp\u00e4ter kehrte er nach Indien zur\u00fcck, nachdem aus seinem amerikanischen Eldorado, nichts geworden war. Nach Kriegsende, genauer gesagt am 30. August 1946, ging er nach London. Doch da die Anziehungskraft Amerikas weiter bestand, kehrte er am 17. August 1947, erneut nach New York zur\u00fcck. Im September 1948 wurde er in Kanada, Dirigent des Winnipeg Symphony Orchestra. Er machte aus dem Orchester ein Profi-Ensemble und gab viele Konzerte, auf denen auch einige seiner Werke gespielt wurden. Au\u00dferdem interessierte er sich auch f\u00fcr das Unterrichten, besonders von jungen Menschen.<\/p>\n<p>1956 bot man ihm schlie\u00dflich, eine Stelle an der Musikschule der Indiana University Bloomington in den USA, an. Dort ver\u00f6ffentlichte er seine Forschungen \u00fcber die Musik Indiens, insbesondere in dem Werk <em>Musical Notations of the Orient.<\/em> Kaufmann wurde so als Musikwissenschaftler, Lehrer Dirigent und Komponist bekannt.<\/p>\n<p>Er starb am 9. September 1984 im Alter von 77 Jahren an Herzversagen.<\/p>\n<p>Sein gr\u00f6\u00dftenteils an der Universit\u00e4t von Indiana in Bloomington aufbewahrtes Werk, umfasst mehr als einhundert St\u00fccke aller m\u00f6glichen Genres: Symphonien, Opern, Konzertst\u00fccke, Vokal- oder Instrumentalst\u00fccke\u2026\u00a0 Der musikalische Stil der St\u00fccke spiegelt die Pers\u00f6nlichkeit und den Werdegang dieses au\u00dfergew\u00f6hnlichen Mannes wider. Es finden sich in seinem Werk die Einfl\u00fcsse der indischen Musik und ihren Modi (Ragas), vermischt mit Reminiszenzen von Debussy, Bartok, Strawinsky und ebenso mit boh\u00e8me und Klezmer Kl\u00e4ngen!<\/p>\n<p>Zu bemerken ist, dass die CD, Teil der Serie <em>Music in Exile<\/em> (Exilmusik) ist, die am heutigen Tag drei CDs umfasst, welche sich den Werken der Kammermusik von Paul Ben-Haim (Ver\u00f6ffentlichung 2013), Jerzy Fitzelberg (2015) und Szymon Laks (2017) widmen.<\/p>\n<p><img decoding=\"async\" class=\" alignleft size-full wp-image-30097\" src=\"https:\/\/www.iemj.org\/wp-content\/uploads\/2020\/11\/1.cd_laks_couv_redim.jpg\" alt=\"1.cd_laks_couv_redim.jpg\" width=\"209\" height=\"210\" align=\"left\" srcset=\"https:\/\/www.iemj.org\/wp-content\/uploads\/2020\/11\/1.cd_laks_couv_redim.jpg 209w, https:\/\/www.iemj.org\/wp-content\/uploads\/2020\/11\/1.cd_laks_couv_redim-150x150.jpg 150w, https:\/\/www.iemj.org\/wp-content\/uploads\/2020\/11\/1.cd_laks_couv_redim-100x100.jpg 100w\" sizes=\"(max-width: 209px) 100vw, 209px\" \/> <img decoding=\"async\" class=\" alignleft size-full wp-image-30099\" src=\"https:\/\/www.iemj.org\/wp-content\/uploads\/2020\/11\/2.cd_fitelberg_couv_redim.jpg\" alt=\"2.cd_fitelberg_couv_redim.jpg\" width=\"210\" height=\"210\" align=\"left\" srcset=\"https:\/\/www.iemj.org\/wp-content\/uploads\/2020\/11\/2.cd_fitelberg_couv_redim.jpg 210w, https:\/\/www.iemj.org\/wp-content\/uploads\/2020\/11\/2.cd_fitelberg_couv_redim-150x150.jpg 150w, https:\/\/www.iemj.org\/wp-content\/uploads\/2020\/11\/2.cd_fitelberg_couv_redim-100x100.jpg 100w\" sizes=\"(max-width: 210px) 100vw, 210px\" \/> <img loading=\"lazy\" decoding=\"async\" class=\" alignleft size-full wp-image-30101\" src=\"https:\/\/www.iemj.org\/wp-content\/uploads\/2020\/11\/3.cd_laks_couv_redim.jpg\" alt=\"3.cd_laks_couv_redim.jpg\" width=\"210\" height=\"210\" align=\"left\" srcset=\"https:\/\/www.iemj.org\/wp-content\/uploads\/2020\/11\/3.cd_laks_couv_redim.jpg 210w, https:\/\/www.iemj.org\/wp-content\/uploads\/2020\/11\/3.cd_laks_couv_redim-150x150.jpg 150w, https:\/\/www.iemj.org\/wp-content\/uploads\/2020\/11\/3.cd_laks_couv_redim-100x100.jpg 100w\" sizes=\"(max-width: 210px) 100vw, 210px\" \/><\/p>\n<p><!--more--><\/p>\n<p><a href=\"https:\/\/fr.wikipedia.org\/wiki\/Paul_Ben-Haim\">Paul Ben-Haim (1897-1984)<\/a>, geboren unter dem Namen Paul Frankenburger, floh vor dem Nationalsozialismus und emigrierte im Jahr 1933 in das Mandatsgebiet Pal\u00e4stina und wurde zu einem der ber\u00fchmtesten Komponisten Israels. Das ARC Ensemble spielt auf dieser CD das Klavierquartett, op. 4, das seit 1932 nicht mehr aufgef\u00fchrt worden war.<\/p>\n<p>Der in Warschau geborene, <a href=\"https:\/\/fr.wikipedia.org\/wiki\/Jerzy_Fitelberg\">Jerzy Fitelberg (1903-1951)<\/a> zeigte schon fr\u00fch sein unbestreitbares musikalisches Talent. Nach dem Abschluss des Warschauer Konservatoriums setzte er ab 1922, sein Studium der Komposition an der Musikhochschule von Berlin, insbesondere unter Franz Schreker, fort. 1933 floh er aus Nazi-Deutschland und lie\u00df sich in Paris nieder, bevor er 1940 ins amerikanische Exil ging. In New York komponierte er weiter. Da er einen guten Ruf genoss, erhielt er 1947, vier Jahre vor seinem Tod, die amerikanische Staatsb\u00fcrgerschaft. Sein Werk umfasst mehr als 80 St\u00fccke, ist aber heutzutage teilweise in Vergessenheit geraten. Auf der CD werden f\u00fcnf St\u00fccke seiner Kammermusik vorgestellt, die zwischen 1921 und 1943 komponiert wurden.<\/p>\n<p>Nach seinem Musikstudium am Konservatorium von Warschau, besuchte <a href=\"https:\/\/fr.wikipedia.org\/wiki\/Simon_Laks\">Szimon (Simon) Laks (1901-1983)<\/a> Wien, bevor er sich schlie\u00dflich 1926 in Paris nieder. Unter Henri Rabaud und Paul Vidal studierte er Komposition. Im Mai 1941 wurde Laks verhaftet und im Lager Pithiviers in der Region Loiret interniert, bevor er vierzehn Monate sp\u00e4ter nach Auschwitz-Birkenau deportiert wurde.\u00a0 Man ernannte ihn zum Leiter des Lager-Orchesters, was sein \u00dcberleben sichern sollte. Diese traumatische Erlebnis, welches er auch in seinem 1948 erschienen Buch <em>Musiques d\u2019un autre monde<\/em> (die Neuauflage erfolgte anschlie\u00dfend unter dem Titel <em>Musik in Auschwitz<\/em>) thematisierte, pr\u00e4gte sein ganzes Leben. Simon Laks komponierte an die zwanzig St\u00fccke, von denen einige St\u00fccke verloren gingen, in verschiedenen Genres: Filmmusik, Kammermusik und sogar eine Oper (L\u2019Hirondelle inattendue). Nur wenige seiner Werke beziehen sich auf den Holocaust. Eine Ausnahme stellt die <em>El\u00e9gie pour les villages juifs<\/em> (1963)dar, in welcher das Verschwinden des j\u00fcdischen Lebens aus Polen beklagt wird.<\/p>\n<p><a href=\"https:\/\/www.iemj.org\/fr\/contenuen-ligne\/concert\/concert-quatuor-no-11-de-walter-kaufmann.html\" target=\"_blank\" rel=\"noopener\">Bestellen Sie die CD Music in Exile<\/a><\/p>\n<p><a href=\"https:\/\/www.iemj.org\/de\/concert-quatuor-n-11-de-walter-kaufmann\/\" target=\"_blank\" rel=\"noopener\">Schauen Sie sich Ausz\u00fcge eines Konzerts von Walter Kaufmanns St\u00fccken an, das 2018 vom ARC Ensemble gespielt wurde<\/a><\/p>\n<p><a href=\"https:\/\/www.rcmusic.com\/performance\/arc-ensemble\" target=\"_blank\" rel=\"noopener\">Erfahren Sie mehr \u00fcber das ARC Ensemble<\/a><\/p>\n\n\n<h2 class=\"wp-block-heading\"><\/h2>\n\n\n<div class=\"wp-block-image\">\n<figure class=\"aligncenter size-large\"><img loading=\"lazy\" decoding=\"async\" width=\"1024\" height=\"133\" src=\"https:\/\/www.iemj.org\/wp-content\/uploads\/2024\/03\/AUDIO-PLAYER-1024x133.png\" alt=\"\" class=\"wp-image-110606\" srcset=\"https:\/\/www.iemj.org\/wp-content\/uploads\/2024\/03\/AUDIO-PLAYER-1024x133.png 1024w, https:\/\/www.iemj.org\/wp-content\/uploads\/2024\/03\/AUDIO-PLAYER-300x39.png 300w, https:\/\/www.iemj.org\/wp-content\/uploads\/2024\/03\/AUDIO-PLAYER-768x100.png 768w, https:\/\/www.iemj.org\/wp-content\/uploads\/2024\/03\/AUDIO-PLAYER-600x78.png 600w, https:\/\/www.iemj.org\/wp-content\/uploads\/2024\/03\/AUDIO-PLAYER.png 1210w\" sizes=\"(max-width: 1024px) 100vw, 1024px\" \/><\/figure>\n<\/div>\n\n\n<div class=\"wp-block-file\"><a href=\"https:\/\/www.iemj.org\/wp-content\/uploads\/2020\/11\/1_walter_kaufmann_-_string_quartet_n_11_2e_mvt_extrait_.mp3\">Walter Kaufmann &#8211;  String Quartet n\u00b011 (2e mvt) (Extrait)<\/a><\/div>\n\n\n\n<div class=\"wp-block-file\"><a href=\"https:\/\/www.iemj.org\/wp-content\/uploads\/2020\/11\/2_walter_kaufmann_-_string_quartet_n_11_4e_mvt_extrait_.mp3\">Walter Kaufmann &#8211; String Quartet n\u00b011 (4e mvt) (Extrait)<\/a><\/div>\n\n\n\n<div class=\"wp-block-file\"><a href=\"https:\/\/www.iemj.org\/wp-content\/uploads\/2020\/11\/3_walter_kaufmann_-_sonata_n_2_for_violin_and_piano_3e_mvt_extrait_.mp3\">Walter Kaufmann &#8211; Sonata n\u00b02 for Violin and Piano (3e mvt) (Extrait)<\/a><\/div>\n\n\n\n<div class=\"wp-block-file\"><a href=\"https:\/\/www.iemj.org\/wp-content\/uploads\/2020\/11\/4_walter_kaufmann_-_string_quartet_n_7_4e_mvt_extrait_.mp3\">Walter Kaufmann &#8211; String Quartet n\u00b07 (4e mvt) (Extrait)<\/a><\/div>\n\n\n\n<div class=\"wp-block-file\"><a href=\"https:\/\/www.iemj.org\/wp-content\/uploads\/2020\/11\/5_walter_kaufmann_-_string_quartet_n_7_5e_mvt_extrait_.mp3\">Walter Kaufmann &#8211; String Quartet n\u00b07 (5e mvt) (Extrait)<\/a><\/div>\n\n\n\n<div class=\"wp-block-file\"><a href=\"https:\/\/www.iemj.org\/wp-content\/uploads\/2020\/11\/6_walter_kaufmann_-_sonatina_n_12_arr_for_clarinet_and_piano_5e_mvt_extrait_.mp3\">Walter Kaufmann &#8211; Sonatina n\u00b012, arranged for Clarinet and Piano (5e mvt) (Extrait)<\/a><\/div>\n\n\n\n<div class=\"wp-block-file\"><a href=\"https:\/\/www.iemj.org\/wp-content\/uploads\/2020\/11\/7_paul_ben-haim_-_piano_quartet_op._4_1rst_mvt_extrait_.mp3\">Paul Ben-Haim &#8211; Piano Quartet Op. 4 (1rst mvt) (Extrait)<\/a><\/div>\n\n\n\n<div class=\"wp-block-file\"><a href=\"https:\/\/www.iemj.org\/wp-content\/uploads\/2020\/11\/8_jerzy_fitelberg_-_nachtmusik_op._9_extrait_.mp3\">Jerzy Fitelberg &#8211; Nachtmusik, Op. 9 (Extrait)<\/a><\/div>\n\n\n\n<div class=\"wp-block-file\"><a href=\"https:\/\/www.iemj.org\/wp-content\/uploads\/2020\/11\/9_szimon_laks_-_divertimento_for_violin_clarinet_bassoon_and_piano_extrait_.mp3\">Szimon Laks &#8211; Divertimento, for Violin, Clarinet, Bassoon, and Piano (Extrait)<\/a><\/div>\n\n\n\n<p><\/p>\n","protected":false},"excerpt":{"rendered":"<p>Die CD Walter Kaufmann: Musique de chambre ist die vierte Ausgabe der Serie Music in Exile, erschien am 28. August 2020 bei Chandos und l\u00e4sst uns das zu Unrecht vergessene<\/p>\n","protected":false},"author":1045,"featured_media":58043,"comment_status":"closed","ping_status":"closed","sticky":false,"template":"","format":"standard","meta":{"_acf_changed":false,"footnotes":""},"categories":[1571,1561],"tags":[],"technique":[],"squelettes":[],"sujet":[],"formation":[],"genre":[1900],"fonds":[],"tradition":[],"type-de-contenu":[],"interprete-compositeur":[],"frise":[],"type-devenement":[],"tableaux-liens-externes":[],"class_list":["post-58042","post","type-post","status-publish","format-standard","has-post-thumbnail","hentry","category-cd-de","category-letzte-neuerwerbungen-de","genre-klassische-musik-de"],"acf":[],"yoast_head":"<!-- This site is optimized with the Yoast SEO plugin v27.3 - https:\/\/yoast.com\/product\/yoast-seo-wordpress\/ -->\n<title>Walter Kaufmann: Kammermusik - Institut Europ\u00e9en des Musiques Juives<\/title>\n<meta name=\"robots\" content=\"index, follow, max-snippet:-1, max-image-preview:large, max-video-preview:-1\" \/>\n<link rel=\"canonical\" href=\"https:\/\/www.iemj.org\/de\/walter-kaufmann-musique-de-chambre\/\" \/>\n<meta property=\"og:locale\" content=\"de_DE\" \/>\n<meta property=\"og:type\" content=\"article\" \/>\n<meta property=\"og:title\" content=\"Walter Kaufmann: Kammermusik - Institut Europ\u00e9en des Musiques Juives\" \/>\n<meta property=\"og:description\" content=\"Die CD Walter Kaufmann: Musique de chambre ist die vierte Ausgabe der Serie Music in Exile, erschien am 28. August 2020 bei Chandos und l\u00e4sst uns das zu Unrecht vergessene\" \/>\n<meta property=\"og:url\" content=\"https:\/\/www.iemj.org\/de\/walter-kaufmann-musique-de-chambre\/\" \/>\n<meta property=\"og:site_name\" content=\"Institut Europ\u00e9en des Musiques Juives\" \/>\n<meta property=\"article:publisher\" content=\"https:\/\/www.facebook.com\/MusiquesJuives\/\" \/>\n<meta property=\"article:published_time\" content=\"2020-11-24T16:57:48+00:00\" \/>\n<meta property=\"article:modified_time\" content=\"2025-09-10T15:17:33+00:00\" \/>\n<meta property=\"og:image\" content=\"https:\/\/www.iemj.org\/wp-content\/uploads\/2020\/11\/arton4921-e1618938724314.jpg\" \/>\n\t<meta property=\"og:image:width\" content=\"350\" \/>\n\t<meta property=\"og:image:height\" content=\"347\" \/>\n\t<meta property=\"og:image:type\" content=\"image\/jpeg\" \/>\n<meta name=\"author\" content=\"Herv\u00e9 Roten\" \/>\n<meta name=\"twitter:card\" content=\"summary_large_image\" \/>\n<meta name=\"twitter:label1\" content=\"Verfasst von\" \/>\n\t<meta name=\"twitter:data1\" content=\"Herv\u00e9 Roten\" \/>\n\t<meta name=\"twitter:label2\" content=\"Gesch\u00e4tzte Lesezeit\" \/>\n\t<meta name=\"twitter:data2\" content=\"7\u00a0Minuten\" \/>\n<script type=\"application\/ld+json\" class=\"yoast-schema-graph\">{\"@context\":\"https:\\\/\\\/schema.org\",\"@graph\":[{\"@type\":\"Article\",\"@id\":\"https:\\\/\\\/www.iemj.org\\\/de\\\/walter-kaufmann-musique-de-chambre\\\/#article\",\"isPartOf\":{\"@id\":\"https:\\\/\\\/www.iemj.org\\\/de\\\/walter-kaufmann-musique-de-chambre\\\/\"},\"author\":{\"name\":\"Herv\u00e9 Roten\",\"@id\":\"https:\\\/\\\/www.iemj.org\\\/de\\\/#\\\/schema\\\/person\\\/906134402c29d5c76e7b726261dd4bbd\"},\"headline\":\"Walter Kaufmann: Kammermusik\",\"datePublished\":\"2020-11-24T16:57:48+00:00\",\"dateModified\":\"2025-09-10T15:17:33+00:00\",\"mainEntityOfPage\":{\"@id\":\"https:\\\/\\\/www.iemj.org\\\/de\\\/walter-kaufmann-musique-de-chambre\\\/\"},\"wordCount\":1075,\"publisher\":{\"@id\":\"https:\\\/\\\/www.iemj.org\\\/de\\\/#organization\"},\"image\":{\"@id\":\"https:\\\/\\\/www.iemj.org\\\/de\\\/walter-kaufmann-musique-de-chambre\\\/#primaryimage\"},\"thumbnailUrl\":\"https:\\\/\\\/www.iemj.org\\\/wp-content\\\/uploads\\\/2020\\\/11\\\/arton4921-e1618938724314.jpg\",\"articleSection\":[\"CD\",\"Letzte Neuerwerbungen\"],\"inLanguage\":\"de\"},{\"@type\":\"WebPage\",\"@id\":\"https:\\\/\\\/www.iemj.org\\\/de\\\/walter-kaufmann-musique-de-chambre\\\/\",\"url\":\"https:\\\/\\\/www.iemj.org\\\/de\\\/walter-kaufmann-musique-de-chambre\\\/\",\"name\":\"Walter Kaufmann: Kammermusik - Institut Europ\u00e9en des Musiques Juives\",\"isPartOf\":{\"@id\":\"https:\\\/\\\/www.iemj.org\\\/de\\\/#website\"},\"primaryImageOfPage\":{\"@id\":\"https:\\\/\\\/www.iemj.org\\\/de\\\/walter-kaufmann-musique-de-chambre\\\/#primaryimage\"},\"image\":{\"@id\":\"https:\\\/\\\/www.iemj.org\\\/de\\\/walter-kaufmann-musique-de-chambre\\\/#primaryimage\"},\"thumbnailUrl\":\"https:\\\/\\\/www.iemj.org\\\/wp-content\\\/uploads\\\/2020\\\/11\\\/arton4921-e1618938724314.jpg\",\"datePublished\":\"2020-11-24T16:57:48+00:00\",\"dateModified\":\"2025-09-10T15:17:33+00:00\",\"breadcrumb\":{\"@id\":\"https:\\\/\\\/www.iemj.org\\\/de\\\/walter-kaufmann-musique-de-chambre\\\/#breadcrumb\"},\"inLanguage\":\"de\",\"potentialAction\":[{\"@type\":\"ReadAction\",\"target\":[\"https:\\\/\\\/www.iemj.org\\\/de\\\/walter-kaufmann-musique-de-chambre\\\/\"]}]},{\"@type\":\"ImageObject\",\"inLanguage\":\"de\",\"@id\":\"https:\\\/\\\/www.iemj.org\\\/de\\\/walter-kaufmann-musique-de-chambre\\\/#primaryimage\",\"url\":\"https:\\\/\\\/www.iemj.org\\\/wp-content\\\/uploads\\\/2020\\\/11\\\/arton4921-e1618938724314.jpg\",\"contentUrl\":\"https:\\\/\\\/www.iemj.org\\\/wp-content\\\/uploads\\\/2020\\\/11\\\/arton4921-e1618938724314.jpg\",\"width\":350,\"height\":347},{\"@type\":\"BreadcrumbList\",\"@id\":\"https:\\\/\\\/www.iemj.org\\\/de\\\/walter-kaufmann-musique-de-chambre\\\/#breadcrumb\",\"itemListElement\":[{\"@type\":\"ListItem\",\"position\":1,\"name\":\"Accueil\",\"item\":\"https:\\\/\\\/www.iemj.org\\\/de\\\/\"},{\"@type\":\"ListItem\",\"position\":2,\"name\":\"Walter Kaufmann: Kammermusik\"}]},{\"@type\":\"WebSite\",\"@id\":\"https:\\\/\\\/www.iemj.org\\\/de\\\/#website\",\"url\":\"https:\\\/\\\/www.iemj.org\\\/de\\\/\",\"name\":\"Institut Europ\u00e9en des Musiques Juives\",\"description\":\"Des traditions musicales \u00e0 la port\u00e9e de tous\",\"publisher\":{\"@id\":\"https:\\\/\\\/www.iemj.org\\\/de\\\/#organization\"},\"potentialAction\":[{\"@type\":\"SearchAction\",\"target\":{\"@type\":\"EntryPoint\",\"urlTemplate\":\"https:\\\/\\\/www.iemj.org\\\/de\\\/?s={search_term_string}\"},\"query-input\":{\"@type\":\"PropertyValueSpecification\",\"valueRequired\":true,\"valueName\":\"search_term_string\"}}],\"inLanguage\":\"de\"},{\"@type\":\"Organization\",\"@id\":\"https:\\\/\\\/www.iemj.org\\\/de\\\/#organization\",\"name\":\"Institut Europ\u00e9en des Musiques Juives\",\"url\":\"https:\\\/\\\/www.iemj.org\\\/de\\\/\",\"logo\":{\"@type\":\"ImageObject\",\"inLanguage\":\"de\",\"@id\":\"https:\\\/\\\/www.iemj.org\\\/de\\\/#\\\/schema\\\/logo\\\/image\\\/\",\"url\":\"https:\\\/\\\/www.iemj.org\\\/wp-content\\\/uploads\\\/2021\\\/09\\\/Logo-IEMJ-Paypal.jpg\",\"contentUrl\":\"https:\\\/\\\/www.iemj.org\\\/wp-content\\\/uploads\\\/2021\\\/09\\\/Logo-IEMJ-Paypal.jpg\",\"width\":150,\"height\":50,\"caption\":\"Institut Europ\u00e9en des Musiques Juives\"},\"image\":{\"@id\":\"https:\\\/\\\/www.iemj.org\\\/de\\\/#\\\/schema\\\/logo\\\/image\\\/\"},\"sameAs\":[\"https:\\\/\\\/www.facebook.com\\\/MusiquesJuives\\\/\",\"https:\\\/\\\/www.instagram.com\\\/musiquesjuives\\\/\",\"https:\\\/\\\/www.youtube.com\\\/user\\\/musiquesjuives\"]},{\"@type\":\"Person\",\"@id\":\"https:\\\/\\\/www.iemj.org\\\/de\\\/#\\\/schema\\\/person\\\/906134402c29d5c76e7b726261dd4bbd\",\"name\":\"Herv\u00e9 Roten\",\"image\":{\"@type\":\"ImageObject\",\"inLanguage\":\"de\",\"@id\":\"https:\\\/\\\/secure.gravatar.com\\\/avatar\\\/f96ad2db538a26481f18384936b5cd0610c92d390c4dc382209216d455f685ff?s=96&d=mm&r=g\",\"url\":\"https:\\\/\\\/secure.gravatar.com\\\/avatar\\\/f96ad2db538a26481f18384936b5cd0610c92d390c4dc382209216d455f685ff?s=96&d=mm&r=g\",\"contentUrl\":\"https:\\\/\\\/secure.gravatar.com\\\/avatar\\\/f96ad2db538a26481f18384936b5cd0610c92d390c4dc382209216d455f685ff?s=96&d=mm&r=g\",\"caption\":\"Herv\u00e9 Roten\"}}]}<\/script>\n<!-- \/ Yoast SEO plugin. -->","yoast_head_json":{"title":"Walter Kaufmann: Kammermusik - Institut Europ\u00e9en des Musiques Juives","robots":{"index":"index","follow":"follow","max-snippet":"max-snippet:-1","max-image-preview":"max-image-preview:large","max-video-preview":"max-video-preview:-1"},"canonical":"https:\/\/www.iemj.org\/de\/walter-kaufmann-musique-de-chambre\/","og_locale":"de_DE","og_type":"article","og_title":"Walter Kaufmann: Kammermusik - Institut Europ\u00e9en des Musiques Juives","og_description":"Die CD Walter Kaufmann: Musique de chambre ist die vierte Ausgabe der Serie Music in Exile, erschien am 28. August 2020 bei Chandos und l\u00e4sst uns das zu Unrecht vergessene","og_url":"https:\/\/www.iemj.org\/de\/walter-kaufmann-musique-de-chambre\/","og_site_name":"Institut Europ\u00e9en des Musiques Juives","article_publisher":"https:\/\/www.facebook.com\/MusiquesJuives\/","article_published_time":"2020-11-24T16:57:48+00:00","article_modified_time":"2025-09-10T15:17:33+00:00","og_image":[{"width":350,"height":347,"url":"https:\/\/www.iemj.org\/wp-content\/uploads\/2020\/11\/arton4921-e1618938724314.jpg","type":"image\/jpeg"}],"author":"Herv\u00e9 Roten","twitter_card":"summary_large_image","twitter_misc":{"Verfasst von":"Herv\u00e9 Roten","Gesch\u00e4tzte Lesezeit":"7\u00a0Minuten"},"schema":{"@context":"https:\/\/schema.org","@graph":[{"@type":"Article","@id":"https:\/\/www.iemj.org\/de\/walter-kaufmann-musique-de-chambre\/#article","isPartOf":{"@id":"https:\/\/www.iemj.org\/de\/walter-kaufmann-musique-de-chambre\/"},"author":{"name":"Herv\u00e9 Roten","@id":"https:\/\/www.iemj.org\/de\/#\/schema\/person\/906134402c29d5c76e7b726261dd4bbd"},"headline":"Walter Kaufmann: Kammermusik","datePublished":"2020-11-24T16:57:48+00:00","dateModified":"2025-09-10T15:17:33+00:00","mainEntityOfPage":{"@id":"https:\/\/www.iemj.org\/de\/walter-kaufmann-musique-de-chambre\/"},"wordCount":1075,"publisher":{"@id":"https:\/\/www.iemj.org\/de\/#organization"},"image":{"@id":"https:\/\/www.iemj.org\/de\/walter-kaufmann-musique-de-chambre\/#primaryimage"},"thumbnailUrl":"https:\/\/www.iemj.org\/wp-content\/uploads\/2020\/11\/arton4921-e1618938724314.jpg","articleSection":["CD","Letzte Neuerwerbungen"],"inLanguage":"de"},{"@type":"WebPage","@id":"https:\/\/www.iemj.org\/de\/walter-kaufmann-musique-de-chambre\/","url":"https:\/\/www.iemj.org\/de\/walter-kaufmann-musique-de-chambre\/","name":"Walter Kaufmann: Kammermusik - Institut Europ\u00e9en des Musiques Juives","isPartOf":{"@id":"https:\/\/www.iemj.org\/de\/#website"},"primaryImageOfPage":{"@id":"https:\/\/www.iemj.org\/de\/walter-kaufmann-musique-de-chambre\/#primaryimage"},"image":{"@id":"https:\/\/www.iemj.org\/de\/walter-kaufmann-musique-de-chambre\/#primaryimage"},"thumbnailUrl":"https:\/\/www.iemj.org\/wp-content\/uploads\/2020\/11\/arton4921-e1618938724314.jpg","datePublished":"2020-11-24T16:57:48+00:00","dateModified":"2025-09-10T15:17:33+00:00","breadcrumb":{"@id":"https:\/\/www.iemj.org\/de\/walter-kaufmann-musique-de-chambre\/#breadcrumb"},"inLanguage":"de","potentialAction":[{"@type":"ReadAction","target":["https:\/\/www.iemj.org\/de\/walter-kaufmann-musique-de-chambre\/"]}]},{"@type":"ImageObject","inLanguage":"de","@id":"https:\/\/www.iemj.org\/de\/walter-kaufmann-musique-de-chambre\/#primaryimage","url":"https:\/\/www.iemj.org\/wp-content\/uploads\/2020\/11\/arton4921-e1618938724314.jpg","contentUrl":"https:\/\/www.iemj.org\/wp-content\/uploads\/2020\/11\/arton4921-e1618938724314.jpg","width":350,"height":347},{"@type":"BreadcrumbList","@id":"https:\/\/www.iemj.org\/de\/walter-kaufmann-musique-de-chambre\/#breadcrumb","itemListElement":[{"@type":"ListItem","position":1,"name":"Accueil","item":"https:\/\/www.iemj.org\/de\/"},{"@type":"ListItem","position":2,"name":"Walter Kaufmann: Kammermusik"}]},{"@type":"WebSite","@id":"https:\/\/www.iemj.org\/de\/#website","url":"https:\/\/www.iemj.org\/de\/","name":"Institut Europ\u00e9en des Musiques Juives","description":"Des traditions musicales \u00e0 la port\u00e9e de tous","publisher":{"@id":"https:\/\/www.iemj.org\/de\/#organization"},"potentialAction":[{"@type":"SearchAction","target":{"@type":"EntryPoint","urlTemplate":"https:\/\/www.iemj.org\/de\/?s={search_term_string}"},"query-input":{"@type":"PropertyValueSpecification","valueRequired":true,"valueName":"search_term_string"}}],"inLanguage":"de"},{"@type":"Organization","@id":"https:\/\/www.iemj.org\/de\/#organization","name":"Institut Europ\u00e9en des Musiques Juives","url":"https:\/\/www.iemj.org\/de\/","logo":{"@type":"ImageObject","inLanguage":"de","@id":"https:\/\/www.iemj.org\/de\/#\/schema\/logo\/image\/","url":"https:\/\/www.iemj.org\/wp-content\/uploads\/2021\/09\/Logo-IEMJ-Paypal.jpg","contentUrl":"https:\/\/www.iemj.org\/wp-content\/uploads\/2021\/09\/Logo-IEMJ-Paypal.jpg","width":150,"height":50,"caption":"Institut Europ\u00e9en des Musiques Juives"},"image":{"@id":"https:\/\/www.iemj.org\/de\/#\/schema\/logo\/image\/"},"sameAs":["https:\/\/www.facebook.com\/MusiquesJuives\/","https:\/\/www.instagram.com\/musiquesjuives\/","https:\/\/www.youtube.com\/user\/musiquesjuives"]},{"@type":"Person","@id":"https:\/\/www.iemj.org\/de\/#\/schema\/person\/906134402c29d5c76e7b726261dd4bbd","name":"Herv\u00e9 Roten","image":{"@type":"ImageObject","inLanguage":"de","@id":"https:\/\/secure.gravatar.com\/avatar\/f96ad2db538a26481f18384936b5cd0610c92d390c4dc382209216d455f685ff?s=96&d=mm&r=g","url":"https:\/\/secure.gravatar.com\/avatar\/f96ad2db538a26481f18384936b5cd0610c92d390c4dc382209216d455f685ff?s=96&d=mm&r=g","contentUrl":"https:\/\/secure.gravatar.com\/avatar\/f96ad2db538a26481f18384936b5cd0610c92d390c4dc382209216d455f685ff?s=96&d=mm&r=g","caption":"Herv\u00e9 Roten"}}]}},"_links":{"self":[{"href":"https:\/\/www.iemj.org\/de\/wp-json\/wp\/v2\/posts\/58042","targetHints":{"allow":["GET"]}}],"collection":[{"href":"https:\/\/www.iemj.org\/de\/wp-json\/wp\/v2\/posts"}],"about":[{"href":"https:\/\/www.iemj.org\/de\/wp-json\/wp\/v2\/types\/post"}],"author":[{"embeddable":true,"href":"https:\/\/www.iemj.org\/de\/wp-json\/wp\/v2\/users\/1045"}],"replies":[{"embeddable":true,"href":"https:\/\/www.iemj.org\/de\/wp-json\/wp\/v2\/comments?post=58042"}],"version-history":[{"count":0,"href":"https:\/\/www.iemj.org\/de\/wp-json\/wp\/v2\/posts\/58042\/revisions"}],"wp:featuredmedia":[{"embeddable":true,"href":"https:\/\/www.iemj.org\/de\/wp-json\/wp\/v2\/media\/58043"}],"wp:attachment":[{"href":"https:\/\/www.iemj.org\/de\/wp-json\/wp\/v2\/media?parent=58042"}],"wp:term":[{"taxonomy":"category","embeddable":true,"href":"https:\/\/www.iemj.org\/de\/wp-json\/wp\/v2\/categories?post=58042"},{"taxonomy":"post_tag","embeddable":true,"href":"https:\/\/www.iemj.org\/de\/wp-json\/wp\/v2\/tags?post=58042"},{"taxonomy":"technique","embeddable":true,"href":"https:\/\/www.iemj.org\/de\/wp-json\/wp\/v2\/technique?post=58042"},{"taxonomy":"squelettes","embeddable":true,"href":"https:\/\/www.iemj.org\/de\/wp-json\/wp\/v2\/squelettes?post=58042"},{"taxonomy":"sujet","embeddable":true,"href":"https:\/\/www.iemj.org\/de\/wp-json\/wp\/v2\/sujet?post=58042"},{"taxonomy":"formation","embeddable":true,"href":"https:\/\/www.iemj.org\/de\/wp-json\/wp\/v2\/formation?post=58042"},{"taxonomy":"genre","embeddable":true,"href":"https:\/\/www.iemj.org\/de\/wp-json\/wp\/v2\/genre?post=58042"},{"taxonomy":"fonds","embeddable":true,"href":"https:\/\/www.iemj.org\/de\/wp-json\/wp\/v2\/fonds?post=58042"},{"taxonomy":"tradition","embeddable":true,"href":"https:\/\/www.iemj.org\/de\/wp-json\/wp\/v2\/tradition?post=58042"},{"taxonomy":"type-de-contenu","embeddable":true,"href":"https:\/\/www.iemj.org\/de\/wp-json\/wp\/v2\/type-de-contenu?post=58042"},{"taxonomy":"interprete-compositeur","embeddable":true,"href":"https:\/\/www.iemj.org\/de\/wp-json\/wp\/v2\/interprete-compositeur?post=58042"},{"taxonomy":"frise","embeddable":true,"href":"https:\/\/www.iemj.org\/de\/wp-json\/wp\/v2\/frise?post=58042"},{"taxonomy":"type-devenement","embeddable":true,"href":"https:\/\/www.iemj.org\/de\/wp-json\/wp\/v2\/type-devenement?post=58042"},{"taxonomy":"tableaux-liens-externes","embeddable":true,"href":"https:\/\/www.iemj.org\/de\/wp-json\/wp\/v2\/tableaux-liens-externes?post=58042"}],"curies":[{"name":"wp","href":"https:\/\/api.w.org\/{rel}","templated":true}]}}