{"id":58587,"date":"2020-01-21T15:19:51","date_gmt":"2020-01-21T14:19:51","guid":{"rendered":"https:\/\/www.iemj.org\/commando-musik\/"},"modified":"2021-08-24T12:23:22","modified_gmt":"2021-08-24T10:23:22","slug":"commando-musik","status":"publish","type":"post","link":"https:\/\/www.iemj.org\/de\/commando-musik\/","title":{"rendered":"Commando Musik"},"content":{"rendered":"<p>\u00c9ditions Buchet-Chastel, Oktober 2019, 413 S.<\/p>\n<p><!--more--><\/p>\n<p><em><strong>Willem de Vries<\/strong> wurde 1939 in Amsterdam geboren und hat in Musikwissenschaft promoviert. W\u00e4hrend der Abfassung seiner Dissertation, zwischen 1984 und 1991, \u00fcber das Thema &#8222;Darius Milhaud und der Jazz&#8220; entdeckte er die Existenz des Kommandos &#8222;Musik&#8220;, dem er dann seine Forschungen widmete.<\/em><\/p>\n<p>Der Raub j\u00fcdischen Eigentum durch die Nationalsozialisten betraf sowohl Immobilien als auch Unternehmen, Kunstwerke, B\u00fccher usw. Die kulturelle Dimension von Pl\u00fcnderungen und Enteignungen wurde von der Rosenberg-Organisation (ERR) eingef\u00fchrt, die 1940 mit dem Ziel gegr\u00fcndet wurde, das j\u00fcdische Kulturleben in ganz Europa zu beseitigen.<\/p>\n<p>Die am wenigsten bekannte Dimension dieser Enteignungen betrifft die Musik: In der Tat wurde ein Sonderstab Musik, bestehend aus bedeutenden deutschen Musikwissenschaftlern, geschaffen, um Instrumente, Partituren und Manuskripte ausfindig zu machen und ihren Besitzern zu entziehen.<\/p>\n<p>Dies ist das Thema dieser Arbeit von Willem de Vries, die mehr als zehn Jahre Forschung erforderte. Sie enth\u00fcllt zum ersten Mal die Organisation dieses Kommandos, das zwischen 1940 und 1944 mehrere hunderttausend Werke und mehrere zehntausend Instrumente und Partituren nach Deutschland &#8222;\u00fcberf\u00fchrte&#8220;.<\/p>\n<p>Der Komponist Darius Milhaud, die Pianisten Wanda Landowska und Arthur Rubinstein, der Musikkritiker Arno Pold\u00e8s und der Cellist Gregor Piatigorsky geh\u00f6rten zu den Opfern dieser massiven r\u00e4uberischen Enteignungen, deren Akteure, Funktionsweise und Umfang endlich ans Licht gebracht werden.<\/p>\n<p>\u00dcbersetzung von Laurent Slaars<br>Vorwort von Sonia Wieder-Atherton<br>Vorbemerkung von Corinne Hershkovitch<\/p>\n<p>Die franz\u00f6sische \u00dcbersetzung dieses Buches wurde von der Stiftung zur Erinnerung an die Shoah unterst\u00fctzt.<\/p>\n<p><a href=\"https:\/\/www.iemj.org\/commando-musik-journee-detude-sur-la-musique-spoliee\/\" target=\"_blank\" rel=\"noopener\">Am 31. Januar 2020 findet in Sciences-Po in Paris (75007) ein Studientag zum Thema &#8222;Raubmusik&#8220; oder &#8222;Wie die Nazis das musikalische Europa pl\u00fcnderten&#8220;, statt.<\/a><\/p>\n<p><a href=\"http:\/\/www.buchetchastel.fr\/commando-musik-willem-de-vries-9782283033593\" target=\"_blank\" rel=\"noopener\">Weiter lesen<\/a><br><a href=\"http:\/\/www.pageetplume.fr\/produits\/fiche\/de-vries-willem-commando-musik--comment-les-nazis-ont-spolie-leurope-musicale-9782283031988-v.html\" target=\"_blank\" rel=\"noopener\">Kaufen Sie das Buch<\/a><\/p>\n<p><a href=\"https:\/\/www.iemj.org\/wp-content\/uploads\/2020\/01\/chronique_de_philippe_velay_-_livre_commando_musik_de_willem_de_vries_en_1996_edit._buchet_chastel_trad._2019.pdf\" target=\"_blank\" rel=\"noopener\">Lesen Sie die Rezension von Philippe Velay \u00fcber das Buch &#8222;Commando Musik&#8220; von Willem De Vries<\/a><\/p>\n\n\n<p><\/p>\n","protected":false},"excerpt":{"rendered":"<p>\u00c9ditions Buchet-Chastel, Oktober 2019, 413 S.<\/p>\n","protected":false},"author":5,"featured_media":58588,"comment_status":"closed","ping_status":"closed","sticky":false,"template":"","format":"standard","meta":{"_acf_changed":false,"footnotes":""},"categories":[1578],"tags":[],"technique":[],"squelettes":[],"sujet":[],"formation":[],"genre":[],"fonds":[],"tradition":[],"type-de-contenu":[],"interprete-compositeur":[],"frise":[],"type-devenement":[],"tableaux-liens-externes":[],"class_list":["post-58587","post","type-post","status-publish","format-standard","has-post-thumbnail","hentry","category-bucher-artikel-de"],"acf":[],"yoast_head":"<!-- This site is optimized with the Yoast SEO plugin v27.3 - https:\/\/yoast.com\/product\/yoast-seo-wordpress\/ -->\n<title>Commando Musik - Institut Europ\u00e9en des Musiques Juives<\/title>\n<meta name=\"robots\" content=\"index, follow, max-snippet:-1, max-image-preview:large, max-video-preview:-1\" \/>\n<link rel=\"canonical\" href=\"https:\/\/www.iemj.org\/de\/commando-musik\/\" \/>\n<meta property=\"og:locale\" content=\"de_DE\" \/>\n<meta property=\"og:type\" content=\"article\" \/>\n<meta property=\"og:title\" content=\"Commando Musik - Institut Europ\u00e9en des Musiques Juives\" \/>\n<meta property=\"og:description\" content=\"\u00c9ditions Buchet-Chastel, Oktober 2019, 413 S.\" \/>\n<meta property=\"og:url\" content=\"https:\/\/www.iemj.org\/de\/commando-musik\/\" \/>\n<meta property=\"og:site_name\" content=\"Institut Europ\u00e9en des Musiques Juives\" \/>\n<meta property=\"article:publisher\" content=\"https:\/\/www.facebook.com\/MusiquesJuives\/\" \/>\n<meta property=\"article:published_time\" content=\"2020-01-21T14:19:51+00:00\" \/>\n<meta property=\"article:modified_time\" content=\"2021-08-24T10:23:22+00:00\" \/>\n<meta property=\"og:image\" content=\"https:\/\/www.iemj.org\/wp-content\/uploads\/2020\/01\/arton4487-e1619022710931.jpg\" \/>\n\t<meta property=\"og:image:width\" content=\"350\" \/>\n\t<meta property=\"og:image:height\" content=\"539\" \/>\n\t<meta property=\"og:image:type\" content=\"image\/jpeg\" \/>\n<meta name=\"author\" content=\"Jacqueline ROTEN\" \/>\n<meta name=\"twitter:card\" content=\"summary_large_image\" \/>\n<meta name=\"twitter:label1\" content=\"Verfasst von\" \/>\n\t<meta name=\"twitter:data1\" content=\"Jacqueline ROTEN\" \/>\n\t<meta name=\"twitter:label2\" content=\"Gesch\u00e4tzte Lesezeit\" \/>\n\t<meta name=\"twitter:data2\" content=\"2\u00a0Minuten\" \/>\n<script type=\"application\/ld+json\" class=\"yoast-schema-graph\">{\"@context\":\"https:\\\/\\\/schema.org\",\"@graph\":[{\"@type\":\"Article\",\"@id\":\"https:\\\/\\\/www.iemj.org\\\/de\\\/commando-musik\\\/#article\",\"isPartOf\":{\"@id\":\"https:\\\/\\\/www.iemj.org\\\/de\\\/commando-musik\\\/\"},\"author\":{\"name\":\"Jacqueline ROTEN\",\"@id\":\"https:\\\/\\\/www.iemj.org\\\/de\\\/#\\\/schema\\\/person\\\/358e26c18aca017fcc4cc15437f7279c\"},\"headline\":\"Commando Musik\",\"datePublished\":\"2020-01-21T14:19:51+00:00\",\"dateModified\":\"2021-08-24T10:23:22+00:00\",\"mainEntityOfPage\":{\"@id\":\"https:\\\/\\\/www.iemj.org\\\/de\\\/commando-musik\\\/\"},\"wordCount\":287,\"publisher\":{\"@id\":\"https:\\\/\\\/www.iemj.org\\\/de\\\/#organization\"},\"image\":{\"@id\":\"https:\\\/\\\/www.iemj.org\\\/de\\\/commando-musik\\\/#primaryimage\"},\"thumbnailUrl\":\"https:\\\/\\\/www.iemj.org\\\/wp-content\\\/uploads\\\/2020\\\/01\\\/arton4487-e1619022710931.jpg\",\"articleSection\":[\"B\u00fccher, Artikel\"],\"inLanguage\":\"de\"},{\"@type\":\"WebPage\",\"@id\":\"https:\\\/\\\/www.iemj.org\\\/de\\\/commando-musik\\\/\",\"url\":\"https:\\\/\\\/www.iemj.org\\\/de\\\/commando-musik\\\/\",\"name\":\"Commando Musik - Institut Europ\u00e9en des Musiques Juives\",\"isPartOf\":{\"@id\":\"https:\\\/\\\/www.iemj.org\\\/de\\\/#website\"},\"primaryImageOfPage\":{\"@id\":\"https:\\\/\\\/www.iemj.org\\\/de\\\/commando-musik\\\/#primaryimage\"},\"image\":{\"@id\":\"https:\\\/\\\/www.iemj.org\\\/de\\\/commando-musik\\\/#primaryimage\"},\"thumbnailUrl\":\"https:\\\/\\\/www.iemj.org\\\/wp-content\\\/uploads\\\/2020\\\/01\\\/arton4487-e1619022710931.jpg\",\"datePublished\":\"2020-01-21T14:19:51+00:00\",\"dateModified\":\"2021-08-24T10:23:22+00:00\",\"breadcrumb\":{\"@id\":\"https:\\\/\\\/www.iemj.org\\\/de\\\/commando-musik\\\/#breadcrumb\"},\"inLanguage\":\"de\",\"potentialAction\":[{\"@type\":\"ReadAction\",\"target\":[\"https:\\\/\\\/www.iemj.org\\\/de\\\/commando-musik\\\/\"]}]},{\"@type\":\"ImageObject\",\"inLanguage\":\"de\",\"@id\":\"https:\\\/\\\/www.iemj.org\\\/de\\\/commando-musik\\\/#primaryimage\",\"url\":\"https:\\\/\\\/www.iemj.org\\\/wp-content\\\/uploads\\\/2020\\\/01\\\/arton4487-e1619022710931.jpg\",\"contentUrl\":\"https:\\\/\\\/www.iemj.org\\\/wp-content\\\/uploads\\\/2020\\\/01\\\/arton4487-e1619022710931.jpg\",\"width\":350,\"height\":539},{\"@type\":\"BreadcrumbList\",\"@id\":\"https:\\\/\\\/www.iemj.org\\\/de\\\/commando-musik\\\/#breadcrumb\",\"itemListElement\":[{\"@type\":\"ListItem\",\"position\":1,\"name\":\"Accueil\",\"item\":\"https:\\\/\\\/www.iemj.org\\\/de\\\/\"},{\"@type\":\"ListItem\",\"position\":2,\"name\":\"Commando Musik\"}]},{\"@type\":\"WebSite\",\"@id\":\"https:\\\/\\\/www.iemj.org\\\/de\\\/#website\",\"url\":\"https:\\\/\\\/www.iemj.org\\\/de\\\/\",\"name\":\"Institut Europ\u00e9en des Musiques Juives\",\"description\":\"Des traditions musicales \u00e0 la port\u00e9e de tous\",\"publisher\":{\"@id\":\"https:\\\/\\\/www.iemj.org\\\/de\\\/#organization\"},\"potentialAction\":[{\"@type\":\"SearchAction\",\"target\":{\"@type\":\"EntryPoint\",\"urlTemplate\":\"https:\\\/\\\/www.iemj.org\\\/de\\\/?s={search_term_string}\"},\"query-input\":{\"@type\":\"PropertyValueSpecification\",\"valueRequired\":true,\"valueName\":\"search_term_string\"}}],\"inLanguage\":\"de\"},{\"@type\":\"Organization\",\"@id\":\"https:\\\/\\\/www.iemj.org\\\/de\\\/#organization\",\"name\":\"Institut Europ\u00e9en des Musiques Juives\",\"url\":\"https:\\\/\\\/www.iemj.org\\\/de\\\/\",\"logo\":{\"@type\":\"ImageObject\",\"inLanguage\":\"de\",\"@id\":\"https:\\\/\\\/www.iemj.org\\\/de\\\/#\\\/schema\\\/logo\\\/image\\\/\",\"url\":\"https:\\\/\\\/www.iemj.org\\\/wp-content\\\/uploads\\\/2021\\\/09\\\/Logo-IEMJ-Paypal.jpg\",\"contentUrl\":\"https:\\\/\\\/www.iemj.org\\\/wp-content\\\/uploads\\\/2021\\\/09\\\/Logo-IEMJ-Paypal.jpg\",\"width\":150,\"height\":50,\"caption\":\"Institut Europ\u00e9en des Musiques Juives\"},\"image\":{\"@id\":\"https:\\\/\\\/www.iemj.org\\\/de\\\/#\\\/schema\\\/logo\\\/image\\\/\"},\"sameAs\":[\"https:\\\/\\\/www.facebook.com\\\/MusiquesJuives\\\/\",\"https:\\\/\\\/www.instagram.com\\\/musiquesjuives\\\/\",\"https:\\\/\\\/www.youtube.com\\\/user\\\/musiquesjuives\"]},{\"@type\":\"Person\",\"@id\":\"https:\\\/\\\/www.iemj.org\\\/de\\\/#\\\/schema\\\/person\\\/358e26c18aca017fcc4cc15437f7279c\",\"name\":\"Jacqueline ROTEN\",\"image\":{\"@type\":\"ImageObject\",\"inLanguage\":\"de\",\"@id\":\"https:\\\/\\\/secure.gravatar.com\\\/avatar\\\/5964256d6c6957de3a3505278957e0fb2a35119ac47ea41827a65301213c810b?s=96&d=mm&r=g\",\"url\":\"https:\\\/\\\/secure.gravatar.com\\\/avatar\\\/5964256d6c6957de3a3505278957e0fb2a35119ac47ea41827a65301213c810b?s=96&d=mm&r=g\",\"contentUrl\":\"https:\\\/\\\/secure.gravatar.com\\\/avatar\\\/5964256d6c6957de3a3505278957e0fb2a35119ac47ea41827a65301213c810b?s=96&d=mm&r=g\",\"caption\":\"Jacqueline ROTEN\"}}]}<\/script>\n<!-- \/ Yoast SEO plugin. -->","yoast_head_json":{"title":"Commando Musik - Institut Europ\u00e9en des Musiques Juives","robots":{"index":"index","follow":"follow","max-snippet":"max-snippet:-1","max-image-preview":"max-image-preview:large","max-video-preview":"max-video-preview:-1"},"canonical":"https:\/\/www.iemj.org\/de\/commando-musik\/","og_locale":"de_DE","og_type":"article","og_title":"Commando Musik - Institut Europ\u00e9en des Musiques Juives","og_description":"\u00c9ditions Buchet-Chastel, Oktober 2019, 413 S.","og_url":"https:\/\/www.iemj.org\/de\/commando-musik\/","og_site_name":"Institut Europ\u00e9en des Musiques Juives","article_publisher":"https:\/\/www.facebook.com\/MusiquesJuives\/","article_published_time":"2020-01-21T14:19:51+00:00","article_modified_time":"2021-08-24T10:23:22+00:00","og_image":[{"width":350,"height":539,"url":"https:\/\/www.iemj.org\/wp-content\/uploads\/2020\/01\/arton4487-e1619022710931.jpg","type":"image\/jpeg"}],"author":"Jacqueline ROTEN","twitter_card":"summary_large_image","twitter_misc":{"Verfasst von":"Jacqueline ROTEN","Gesch\u00e4tzte Lesezeit":"2\u00a0Minuten"},"schema":{"@context":"https:\/\/schema.org","@graph":[{"@type":"Article","@id":"https:\/\/www.iemj.org\/de\/commando-musik\/#article","isPartOf":{"@id":"https:\/\/www.iemj.org\/de\/commando-musik\/"},"author":{"name":"Jacqueline ROTEN","@id":"https:\/\/www.iemj.org\/de\/#\/schema\/person\/358e26c18aca017fcc4cc15437f7279c"},"headline":"Commando Musik","datePublished":"2020-01-21T14:19:51+00:00","dateModified":"2021-08-24T10:23:22+00:00","mainEntityOfPage":{"@id":"https:\/\/www.iemj.org\/de\/commando-musik\/"},"wordCount":287,"publisher":{"@id":"https:\/\/www.iemj.org\/de\/#organization"},"image":{"@id":"https:\/\/www.iemj.org\/de\/commando-musik\/#primaryimage"},"thumbnailUrl":"https:\/\/www.iemj.org\/wp-content\/uploads\/2020\/01\/arton4487-e1619022710931.jpg","articleSection":["B\u00fccher, Artikel"],"inLanguage":"de"},{"@type":"WebPage","@id":"https:\/\/www.iemj.org\/de\/commando-musik\/","url":"https:\/\/www.iemj.org\/de\/commando-musik\/","name":"Commando Musik - Institut Europ\u00e9en des Musiques Juives","isPartOf":{"@id":"https:\/\/www.iemj.org\/de\/#website"},"primaryImageOfPage":{"@id":"https:\/\/www.iemj.org\/de\/commando-musik\/#primaryimage"},"image":{"@id":"https:\/\/www.iemj.org\/de\/commando-musik\/#primaryimage"},"thumbnailUrl":"https:\/\/www.iemj.org\/wp-content\/uploads\/2020\/01\/arton4487-e1619022710931.jpg","datePublished":"2020-01-21T14:19:51+00:00","dateModified":"2021-08-24T10:23:22+00:00","breadcrumb":{"@id":"https:\/\/www.iemj.org\/de\/commando-musik\/#breadcrumb"},"inLanguage":"de","potentialAction":[{"@type":"ReadAction","target":["https:\/\/www.iemj.org\/de\/commando-musik\/"]}]},{"@type":"ImageObject","inLanguage":"de","@id":"https:\/\/www.iemj.org\/de\/commando-musik\/#primaryimage","url":"https:\/\/www.iemj.org\/wp-content\/uploads\/2020\/01\/arton4487-e1619022710931.jpg","contentUrl":"https:\/\/www.iemj.org\/wp-content\/uploads\/2020\/01\/arton4487-e1619022710931.jpg","width":350,"height":539},{"@type":"BreadcrumbList","@id":"https:\/\/www.iemj.org\/de\/commando-musik\/#breadcrumb","itemListElement":[{"@type":"ListItem","position":1,"name":"Accueil","item":"https:\/\/www.iemj.org\/de\/"},{"@type":"ListItem","position":2,"name":"Commando Musik"}]},{"@type":"WebSite","@id":"https:\/\/www.iemj.org\/de\/#website","url":"https:\/\/www.iemj.org\/de\/","name":"Institut Europ\u00e9en des Musiques Juives","description":"Des traditions musicales \u00e0 la port\u00e9e de tous","publisher":{"@id":"https:\/\/www.iemj.org\/de\/#organization"},"potentialAction":[{"@type":"SearchAction","target":{"@type":"EntryPoint","urlTemplate":"https:\/\/www.iemj.org\/de\/?s={search_term_string}"},"query-input":{"@type":"PropertyValueSpecification","valueRequired":true,"valueName":"search_term_string"}}],"inLanguage":"de"},{"@type":"Organization","@id":"https:\/\/www.iemj.org\/de\/#organization","name":"Institut Europ\u00e9en des Musiques Juives","url":"https:\/\/www.iemj.org\/de\/","logo":{"@type":"ImageObject","inLanguage":"de","@id":"https:\/\/www.iemj.org\/de\/#\/schema\/logo\/image\/","url":"https:\/\/www.iemj.org\/wp-content\/uploads\/2021\/09\/Logo-IEMJ-Paypal.jpg","contentUrl":"https:\/\/www.iemj.org\/wp-content\/uploads\/2021\/09\/Logo-IEMJ-Paypal.jpg","width":150,"height":50,"caption":"Institut Europ\u00e9en des Musiques Juives"},"image":{"@id":"https:\/\/www.iemj.org\/de\/#\/schema\/logo\/image\/"},"sameAs":["https:\/\/www.facebook.com\/MusiquesJuives\/","https:\/\/www.instagram.com\/musiquesjuives\/","https:\/\/www.youtube.com\/user\/musiquesjuives"]},{"@type":"Person","@id":"https:\/\/www.iemj.org\/de\/#\/schema\/person\/358e26c18aca017fcc4cc15437f7279c","name":"Jacqueline ROTEN","image":{"@type":"ImageObject","inLanguage":"de","@id":"https:\/\/secure.gravatar.com\/avatar\/5964256d6c6957de3a3505278957e0fb2a35119ac47ea41827a65301213c810b?s=96&d=mm&r=g","url":"https:\/\/secure.gravatar.com\/avatar\/5964256d6c6957de3a3505278957e0fb2a35119ac47ea41827a65301213c810b?s=96&d=mm&r=g","contentUrl":"https:\/\/secure.gravatar.com\/avatar\/5964256d6c6957de3a3505278957e0fb2a35119ac47ea41827a65301213c810b?s=96&d=mm&r=g","caption":"Jacqueline ROTEN"}}]}},"_links":{"self":[{"href":"https:\/\/www.iemj.org\/de\/wp-json\/wp\/v2\/posts\/58587","targetHints":{"allow":["GET"]}}],"collection":[{"href":"https:\/\/www.iemj.org\/de\/wp-json\/wp\/v2\/posts"}],"about":[{"href":"https:\/\/www.iemj.org\/de\/wp-json\/wp\/v2\/types\/post"}],"author":[{"embeddable":true,"href":"https:\/\/www.iemj.org\/de\/wp-json\/wp\/v2\/users\/5"}],"replies":[{"embeddable":true,"href":"https:\/\/www.iemj.org\/de\/wp-json\/wp\/v2\/comments?post=58587"}],"version-history":[{"count":0,"href":"https:\/\/www.iemj.org\/de\/wp-json\/wp\/v2\/posts\/58587\/revisions"}],"wp:featuredmedia":[{"embeddable":true,"href":"https:\/\/www.iemj.org\/de\/wp-json\/wp\/v2\/media\/58588"}],"wp:attachment":[{"href":"https:\/\/www.iemj.org\/de\/wp-json\/wp\/v2\/media?parent=58587"}],"wp:term":[{"taxonomy":"category","embeddable":true,"href":"https:\/\/www.iemj.org\/de\/wp-json\/wp\/v2\/categories?post=58587"},{"taxonomy":"post_tag","embeddable":true,"href":"https:\/\/www.iemj.org\/de\/wp-json\/wp\/v2\/tags?post=58587"},{"taxonomy":"technique","embeddable":true,"href":"https:\/\/www.iemj.org\/de\/wp-json\/wp\/v2\/technique?post=58587"},{"taxonomy":"squelettes","embeddable":true,"href":"https:\/\/www.iemj.org\/de\/wp-json\/wp\/v2\/squelettes?post=58587"},{"taxonomy":"sujet","embeddable":true,"href":"https:\/\/www.iemj.org\/de\/wp-json\/wp\/v2\/sujet?post=58587"},{"taxonomy":"formation","embeddable":true,"href":"https:\/\/www.iemj.org\/de\/wp-json\/wp\/v2\/formation?post=58587"},{"taxonomy":"genre","embeddable":true,"href":"https:\/\/www.iemj.org\/de\/wp-json\/wp\/v2\/genre?post=58587"},{"taxonomy":"fonds","embeddable":true,"href":"https:\/\/www.iemj.org\/de\/wp-json\/wp\/v2\/fonds?post=58587"},{"taxonomy":"tradition","embeddable":true,"href":"https:\/\/www.iemj.org\/de\/wp-json\/wp\/v2\/tradition?post=58587"},{"taxonomy":"type-de-contenu","embeddable":true,"href":"https:\/\/www.iemj.org\/de\/wp-json\/wp\/v2\/type-de-contenu?post=58587"},{"taxonomy":"interprete-compositeur","embeddable":true,"href":"https:\/\/www.iemj.org\/de\/wp-json\/wp\/v2\/interprete-compositeur?post=58587"},{"taxonomy":"frise","embeddable":true,"href":"https:\/\/www.iemj.org\/de\/wp-json\/wp\/v2\/frise?post=58587"},{"taxonomy":"type-devenement","embeddable":true,"href":"https:\/\/www.iemj.org\/de\/wp-json\/wp\/v2\/type-devenement?post=58587"},{"taxonomy":"tableaux-liens-externes","embeddable":true,"href":"https:\/\/www.iemj.org\/de\/wp-json\/wp\/v2\/tableaux-liens-externes?post=58587"}],"curies":[{"name":"wp","href":"https:\/\/api.w.org\/{rel}","templated":true}]}}