{"id":58686,"date":"2021-02-03T15:36:57","date_gmt":"2021-02-03T14:36:57","guid":{"rendered":"https:\/\/www.iemj.org\/fromental-halevy-1799-1862-sa-vie-sa-musique\/"},"modified":"2021-08-24T15:24:01","modified_gmt":"2021-08-24T13:24:01","slug":"fromental-halevy-1799-1862-sa-vie-sa-musique","status":"publish","type":"post","link":"https:\/\/www.iemj.org\/de\/fromental-halevy-1799-1862-sa-vie-sa-musique\/","title":{"rendered":"Fromental Hal\u00e9vy (1799 \u2013 1862) &#8211; Sa vie, sa musique"},"content":{"rendered":"<p>Seit den 1980er Jahren arbeitet der Musikwissenschaftler Karl Leich-Galland an der Wiederentdeckung der franz\u00f6sischen Musik der Romantik des 19. Jahrhunderts, \u00fcber den Umweg der Ver\u00f6ffentlichung von Partituren, Booklets, vergriffenen Werken und Pressemappen. Er ist auch der Initiator eines <a href=\"https:\/\/www.iemj.org\/halevy-jacques-francois-fromental-elie-1799-1862\/\">Fromental Hal\u00e9vy (1799 &#8211; 1862)<\/a>&nbsp;gewidmeten Symposiums, anl\u00e4sslich der Wiederaufnahme seiner ber\u00fchmte Oper <em>La Juive<\/em> in den Spielplan der Op\u00e9ra Bastille, im Februar 2007. Das hier vorgestellte Buch <em>Fromental Hal\u00e9vy (1799 \u2013 1862) \u2013 Sa vie, sa musique,<\/em> wurde 2020, im Verlag Musik-Edition Lucie Galland ver\u00f6ffentlicht und bietet eine ausf\u00fchrliche Zusammenfassung, seiner Recherchen, \u00fcber Leben und Werk von Fromental Hal\u00e9vy, einem israelitischen Komponisten, der seiner Zeit, ebenso wie Daniel-Fran\u00e7ois-Esprit Auber (1842-1871), als einer der Meister der Schule der franz\u00f6sischen Musik galt.<\/p>\n<p><img fetchpriority=\"high\" decoding=\"async\" class=\" alignright  wp-image-30889\" src=\"https:\/\/www.iemj.org\/wp-content\/uploads\/2021\/02\/portrait_280px_vertic.jpg\" alt=\"portrait_280px_vertic.jpg\" width=\"209\" height=\"264\" align=\"right\">Als Mitglied einer j\u00fcdischen Familie, die v\u00e4terlicherseits aus Bayern und m\u00fctterlicherseits aus Lothringen stammte<span class=\"footnote_referrer\"><a role=\"button\" tabindex=\"0\" onclick=\"footnote_moveToReference_58686_1('footnote_plugin_reference_58686_1_1');\" onkeypress=\"footnote_moveToReference_58686_1('footnote_plugin_reference_58686_1_1');\" ><sup id=\"footnote_plugin_tooltip_58686_1_1\" class=\"footnote_plugin_tooltip_text\">[1]<\/sup><\/a><span id=\"footnote_plugin_tooltip_text_58686_1_1\" class=\"footnote_tooltip\">\u00c9lie Halphen Levy, Sohn eines Rabbiners, stammte urspr\u00fcnglich aus F\u00fcrth, in Bayern. Zu Zeiten der Revolution kam er nach Frankreich, um die B\u00fcrgerrechte zu erhalten. Um 1790 lie\u00df er sich in&nbsp;&#x2026; <span class=\"footnote_tooltip_continue\"  onclick=\"footnote_moveToReference_58686_1('footnote_plugin_reference_58686_1_1');\">Lire la suite<\/span><\/span><\/span><script type=\"text\/javascript\"> jQuery('#footnote_plugin_tooltip_58686_1_1').tooltip({ tip: '#footnote_plugin_tooltip_text_58686_1_1', tipClass: 'footnote_tooltip', effect: 'fade', predelay: 0, fadeInSpeed: 200, delay: 400, fadeOutSpeed: 200, position: 'top center', relative: true, offset: [-7, 0], });<\/script>, bewies Fromental Hal\u00e9vy genau das Profil eines franz\u00f6sischen israelitischen Musikers, mit dem Erbe der Ideale der Revolution, dankbar gegen\u00fcber Frankreich f\u00fcr die Emanzipation seines Volkes und treu dem Glauben seiner V\u00e4ter. Auch wenn sein Vater \u00c9lie Hal\u00e9vy, der Sohn eines Rabbiners, Chorist in verschiedenen Synagogen und sp\u00e4ter auch Sekret\u00e4r am israelitischen Konsistoriums von Paris war, war Fromental Hal\u00e9vy nicht religi\u00f6s praktizierend\u2026 was ihn nicht daran hinderte, 1842 L\u00e9onie Rodrigues-Henriques, die Tochter einer frommen israelitischen Familie aus Bordeaux, zu heiraten.<\/p>\n<p><img decoding=\"async\" class=\" alignleft size-full wp-image-30891\" src=\"https:\/\/www.iemj.org\/wp-content\/uploads\/2021\/02\/p_933_couv_la_juive_halevy_300px_vertic.jpg\" alt=\"p_933_couv_la_juive_halevy_300px_vertic.jpg\" width=\"197\" height=\"300\" align=\"left\">Ein Gro\u00dfteil des Buchs von Karl Leich-Galland, widmet sich der Analyse der Opern von Fromental Hal\u00e9vy, ihre Konzeption, ihre zeitgen\u00f6ssische Rezeption des Publikums und der Kritiker. Fromental Hal\u00e9vy komponierte nicht weniger als 36 Opern, darunter <em>La Juive<\/em> (1835), welche bis zum Ende des 19. Jahrhunderts mehr als 500-mal aufgef\u00fchrt wurde, <em>La reine de Chypre<\/em> (1841), <em>La dame de Pique<\/em> (1850), <em>Le Juif errant<\/em> (1852) oder auch <em>No\u00e9<\/em>, eine posthum ver\u00f6ffentlichte unvollendete Oper, die 1868-69 von Georges Bizet (dem Schwiegersohn von Fromental Hal\u00e9vy) und sp\u00e4ter dann von einem unbekannten Komponisten, vollendet wurde, bevor sie schlie\u00dflich 1885 in Karlsruhe (Deutschland) aufgef\u00fchrt wurde.<\/p>\n<p>Dieses ausf\u00fchrlich dokumentierte Buch gibt aufschlussreiche Auskunft \u00fcber das Leben des Komponisten und \u2013 was besonders interessant ist \u2013 sein Verh\u00e4ltnis zum Judaismus. Man erf\u00e4hrt au\u00dferdem, im Laufe des Buchs, dass Fromental Hal\u00e9vy mit nicht mal 10 Jahren, am Conservatoire von Paris in die Kompositions-Klasse von Luigi Cherubini aufgenommen wurde. Im Alter von 15 Jahren war er Tutor der Musiktheorie am Conservatoire. Mit 17 und 18 Jahren, erhielt er jeweils den zweiten Preis des Grand Prix de Rome, bevor er schlie\u00dflich 1819, im Alter von 20 Jahren, den ersten Preis erhielt. Nach der Ermordung des Herzogs von Berry in der Nacht vom 13. zum 14. Februar 1820, komponierte er, auf Bitten der Pariser Konsistorialbeh\u00f6rden und Luigi Cherubinis, ein <em>De profundis en h\u00e9breu<\/em> (Psalm 130 Mimaamakim), welches am 24. M\u00e4rz 1820 im Pariser Tempel der Rue Saint-Avoie aufgef\u00fchrt wurde. Das stattliche Werk, mit einer L\u00e4nge von rund 25 Minuten wurde f\u00fcr den dreistimmigen M\u00e4nnerchor und das gro\u00dfe Orchester komponiert. <a href=\"https:\/\/www.iemj.org\/lovy-israel-1773-1832\/\">Isra\u00ebl Lovy (1773-1832)<\/a>, der erste Kantor des israelitischen Tempels war f\u00fcr die Soli verantwortlich. Bemerkenswert ist, dass das St\u00fcck geschrieben wurde, kurz bevor Fromental Hal\u00e9vys nach Rom aufbrach, wo er 5 Jahre lang, in der Villa Medici bleiben sollte. Karl Leich-Galland zufolge (S.10), bekam Fromental Hal\u00e9vy eine einj\u00e4hrige Befreiung, um zu bleiben und seinen Vater zu unterst\u00fctzen, der kurz zuvor seine Frau verloren hatte. Hal\u00e9vy konnte also erst im Fr\u00fchjahr 1820, Rom f\u00fcr sich gewinnen.<\/p>\n<p><img decoding=\"async\" class=\" alignright size-full wp-image-30893\" src=\"https:\/\/www.iemj.org\/wp-content\/uploads\/2021\/02\/capture_partition.jpg\" alt=\"capture_partition.jpg\" width=\"400\" height=\"210\" align=\"right\" srcset=\"https:\/\/www.iemj.org\/wp-content\/uploads\/2021\/02\/capture_partition.jpg 400w, https:\/\/www.iemj.org\/wp-content\/uploads\/2021\/02\/capture_partition-300x158.jpg 300w\" sizes=\"(max-width: 400px) 100vw, 400px\" \/>Abseits seines lyrischen Werks, welches den Gro\u00dfteil seines Schaffens darstellte, komponierte Fromental Hal\u00e9vy eine gro\u00dfe Zahl an Melodien, Romanzen und Duette, sowie sieben Psalmen f\u00fcr die israelitische Religionsgemeinschaft (darunter der Psalm 100: <em>Mizmor lessodo<\/em>, der Psalm 115: <em>Adonai Zehonorou<\/em> und der Psalm 118: <em>Min hametsar<\/em> der den <em>Hallel <\/em>abschlie\u00dft) und drei Gebete (<em>Schema Israel,&nbsp;Vajehi binsoa hooron,&nbsp;Jigdal<\/em>)<span class=\"footnote_referrer\"><a role=\"button\" tabindex=\"0\" onclick=\"footnote_moveToReference_58686_1('footnote_plugin_reference_58686_1_2');\" onkeypress=\"footnote_moveToReference_58686_1('footnote_plugin_reference_58686_1_2');\" ><sup id=\"footnote_plugin_tooltip_58686_1_2\" class=\"footnote_plugin_tooltip_text\">[2]<\/sup><\/a><span id=\"footnote_plugin_tooltip_text_58686_1_2\" class=\"footnote_tooltip\">Siehe Ruth Jordan, Fromental Hal\u00e9vy, His Life &amp; Music, London 1994, p. 177.<\/span><\/span><script type=\"text\/javascript\"> jQuery('#footnote_plugin_tooltip_58686_1_2').tooltip({ tip: '#footnote_plugin_tooltip_text_58686_1_2', tipClass: 'footnote_tooltip', effect: 'fade', predelay: 0, fadeInSpeed: 200, delay: 400, fadeOutSpeed: 200, position: 'top center', relative: true, offset: [-7, 0], });<\/script>. Au\u00dferdem hat er auch katholische Musik komponiert: ein <em>Agnus Dei<\/em>, ein <em>Gloria in excelsis Deo<\/em>, aber, wie er selbst schelmisch bemerkte, niemals ein <em>Credo<\/em> (S.75).<\/p>\n<p>Zu den israelitischen Konsistorialbeh\u00f6rden unterhielt Fromental Hal\u00e9vy, ein h\u00f6fliches, doch distanziertes Verh\u00e4ltnis. 1851 erkl\u00e4rte sich Hal\u00e9vy dazu bereit, sich innerhalb der ersten Gesangskommission, an der Umstrukturierung der Musik der israelitischen Religionsgemeinschaft zu beteiligen. Die 1852 aufgel\u00f6ste Kommission wurde erst 1855, dann 1858 reaktiviert. Fromental Hal\u00e9vy hatte das ehrenvolle Amt des Pr\u00e4sidenten inne und half vor seinem Tod im Jahr 1862, die Melodien von Israel Lovy zu ver\u00f6ffentlichen <span class=\"footnote_referrer\"><a role=\"button\" tabindex=\"0\" onclick=\"footnote_moveToReference_58686_1('footnote_plugin_reference_58686_1_3');\" onkeypress=\"footnote_moveToReference_58686_1('footnote_plugin_reference_58686_1_3');\" ><sup id=\"footnote_plugin_tooltip_58686_1_3\" class=\"footnote_plugin_tooltip_text\">[3]<\/sup><\/a><span id=\"footnote_plugin_tooltip_text_58686_1_3\" class=\"footnote_tooltip\">Siehe Artikel von Herv\u00e9 Roten, \u00ab Le patrimoine musical de la Grande Synagogue de la Victoire \u00bb, <a href=\"https:\/\/www.iemj.org\/la-synagogue-de-la-victoire-150-ans-du-judaisme-francais\/\">La synagogue de la Victoire, 150 ans du juda\u00efsme fran\u00e7ais<\/a>, \u00e9ditions Porte-plume, 2017<\/span><\/span><script type=\"text\/javascript\"> jQuery('#footnote_plugin_tooltip_58686_1_3').tooltip({ tip: '#footnote_plugin_tooltip_text_58686_1_3', tipClass: 'footnote_tooltip', effect: 'fade', predelay: 0, fadeInSpeed: 200, delay: 400, fadeOutSpeed: 200, position: 'top center', relative: true, offset: [-7, 0], });<\/script>.<\/p>\n<p>Gegen Ende des Buchs fasst Karl Leich-Galland recht treffend, das Verh\u00e4ltnis von Fromental Hal\u00e9vy zu seinem J\u00fcdischsein, zusammen: \u201eNach 16 Jahren Ehe, war er \u00fcberaus erstaunt angesichts der strengen Einhaltung des j\u00fcdischen Osterfests in der Familie seiner Frau, 1859 brachte er im pers\u00f6nlichen Gespr\u00e4ch seine Unverst\u00e4ndnis f\u00fcr \u201adie Frommen, die Gl\u00e4ubigen, die Reinen\u2018 des Judaismus, zum Ausdruck. Doch das bedeutete keinesfalls einen Bruch mit dem \u201aGott seiner V\u00e4ter\u2018 (<em>La Juive<\/em>, no. 8) und den j\u00fcdischen Institutionen. Hal\u00e9vy war Mitglied des Konsistoriums, komponierte f\u00fcr die Synagoge und sagte 1848 \u00f6ffentlich, bei der Benennung der Kandidaten f\u00fcr die Wahlen zur Nationalversammlung, zum Priester Deguerry, mit einer br\u00fcderlichen Umarmung, dass <br>\u201awir zwar denselben Gott lieben, aber doch nicht derselben Religion folgen\u2018. Im Gegenteil zu anderen K\u00fcnstlern mit j\u00fcdischen Eltern, versuchte Hal\u00e9vy nicht seine religi\u00f6se Zugeh\u00f6rigkeit zu verbergen. Es ist daher verst\u00e4ndlich, dass der ber\u00fchmte Komponist der Stolz seiner Glaubensgenossen war.&#8220; <span style=\"font-size: revert; color: initial;\">(p. 128).<\/span><\/p>\n<p><a href=\"http:\/\/www.musik-editionluciegalland.net\/\">Bestellen Sie das Buch von Karl Leich-Galland, Fromental Hal\u00e9vy (1799 \u2013 1862) \u2013 Sa vie, sa musique<\/a><\/p>\n<p><a href=\"https:\/\/www.iemj.org\/de\/produit\/jacques-offenbach-and-friends-from-the-synagogue-to-the-opera\/\" target=\"_blank\" rel=\"noopener\">Bestellen Sie die CD auf der die Psalmen 100, 118 und 130 von Fromental Hal\u00e9vy zu h\u00f6ren sind<\/a><\/p>\n<p><a href=\"https:\/\/www.iemj.org\/fromental-halevy-airs-dopera-et-chants-synagogaux\/\" target=\"_blank\" rel=\"noopener\">H\u00f6ren Sie sich die Playlist an: Fromental Halevy, compositeur d\u2019op\u00e9ra et de chants synagogaux<\/a><\/p>\n<p><a href=\"https:\/\/www.iemj.org\/halevy-jacques-francois-fromental-elie-1799-1862\/\" target=\"_blank\" rel=\"noopener\">Lesen Sie die Biografie von Fromental Hal\u00e9vy<\/a><\/p>\n\n\n<p><\/p>\n<div class=\"speaker-mute footnotes_reference_container\"> <div class=\"footnote_container_prepare\"><p><span role=\"button\" tabindex=\"0\" class=\"footnote_reference_container_label pointer\" onclick=\"footnote_expand_collapse_reference_container_58686_1();\">&#x202F;<\/span><span role=\"button\" tabindex=\"0\" class=\"footnote_reference_container_collapse_button\" style=\"display: none;\" onclick=\"footnote_expand_collapse_reference_container_58686_1();\">[<a id=\"footnote_reference_container_collapse_button_58686_1\">+<\/a>]<\/span><\/p><\/div> <div id=\"footnote_references_container_58686_1\" style=\"\"><table class=\"footnotes_table footnote-reference-container\"><caption class=\"accessibility\">References<\/caption> <tbody> \r\n\r\n<tr class=\"footnotes_plugin_reference_row\"> <th scope=\"row\" class=\"footnote_plugin_index_combi pointer\"  onclick=\"footnote_moveToAnchor_58686_1('footnote_plugin_tooltip_58686_1_1');\"><a id=\"footnote_plugin_reference_58686_1_1\" class=\"footnote_backlink\">1<\/a><\/th> <td class=\"footnote_plugin_text\">\u00c9lie Halphen Levy, Sohn eines Rabbiners, stammte urspr\u00fcnglich aus F\u00fcrth, in Bayern. Zu Zeiten der Revolution kam er nach Frankreich, um die B\u00fcrgerrechte zu erhalten. Um 1790 lie\u00df er sich in Paris nieder und wurde Chorist in mehreren Synagogen und heiratete Julie Meyer, eine aus Lothringen stammende J\u00fcdin. 1807 wurde der Vater von Fromental, zu \u00c9lie Hal\u00e9vy \u2013 ein Name mit revolution\u00e4ren Untert\u00f6nen \u2013 und ern\u00e4hrte seine Familie durch den Posten als Sekret\u00e4r am israelitischen Konsistorium von Paris. 1820 ver\u00f6ffentlichte \u00c9lie Hal\u00e9vy in Metz eine moralische und religi\u00f6se Anweisung f\u00fcr die israelitische Jugend.&nbsp; Auszug eines Artikels von Olivier Bara, der auf Cairn Info ver\u00f6ffentlicht wurde (<a href=\"https:\/\/www.cairn.info\/revue-romantisme-2004-3-page-75.htm\"><span class=\"footnote_url_wrap\">https:\/\/www.cairn.info\/revue-romantisme-2004-3-page-75.htm<\/span><\/a>)<\/td><\/tr>\r\n\r\n<tr class=\"footnotes_plugin_reference_row\"> <th scope=\"row\" class=\"footnote_plugin_index_combi pointer\"  onclick=\"footnote_moveToAnchor_58686_1('footnote_plugin_tooltip_58686_1_2');\"><a id=\"footnote_plugin_reference_58686_1_2\" class=\"footnote_backlink\">2<\/a><\/th> <td class=\"footnote_plugin_text\">Siehe Ruth Jordan, Fromental Hal\u00e9vy, His Life &amp; Music, London 1994, p. 177.<\/td><\/tr>\r\n\r\n<tr class=\"footnotes_plugin_reference_row\"> <th scope=\"row\" class=\"footnote_plugin_index_combi pointer\"  onclick=\"footnote_moveToAnchor_58686_1('footnote_plugin_tooltip_58686_1_3');\"><a id=\"footnote_plugin_reference_58686_1_3\" class=\"footnote_backlink\">3<\/a><\/th> <td class=\"footnote_plugin_text\">Siehe Artikel von Herv\u00e9 Roten, \u00ab Le patrimoine musical de la Grande Synagogue de la Victoire \u00bb, <a href=\"https:\/\/www.iemj.org\/la-synagogue-de-la-victoire-150-ans-du-judaisme-francais\/\">La synagogue de la Victoire, 150 ans du juda\u00efsme fran\u00e7ais<\/a>, \u00e9ditions Porte-plume, 2017<\/td><\/tr>\r\n\r\n <\/tbody> <\/table> <\/div><\/div><script type=\"text\/javascript\"> function footnote_expand_reference_container_58686_1() { jQuery('#footnote_references_container_58686_1').show(); jQuery('#footnote_reference_container_collapse_button_58686_1').text('\u2212'); } function footnote_collapse_reference_container_58686_1() { jQuery('#footnote_references_container_58686_1').hide(); jQuery('#footnote_reference_container_collapse_button_58686_1').text('+'); } function footnote_expand_collapse_reference_container_58686_1() { if (jQuery('#footnote_references_container_58686_1').is(':hidden')) { footnote_expand_reference_container_58686_1(); } else { footnote_collapse_reference_container_58686_1(); } } function footnote_moveToReference_58686_1(p_str_TargetID) { footnote_expand_reference_container_58686_1(); var l_obj_Target = jQuery('#' + p_str_TargetID); if (l_obj_Target.length) { jQuery( 'html, body' ).delay( 0 ); jQuery('html, body').animate({ scrollTop: l_obj_Target.offset().top - window.innerHeight * 0.2 }, 380); } } function footnote_moveToAnchor_58686_1(p_str_TargetID) { footnote_expand_reference_container_58686_1(); var l_obj_Target = jQuery('#' + p_str_TargetID); if (l_obj_Target.length) { jQuery( 'html, body' ).delay( 0 ); jQuery('html, body').animate({ scrollTop: l_obj_Target.offset().top - window.innerHeight * 0.2 }, 380); } }<\/script>","protected":false},"excerpt":{"rendered":"<p>Seit den 1980er Jahren arbeitet der Musikwissenschaftler Karl Leich-Galland an der Wiederentdeckung der franz\u00f6sischen Musik der Romantik des 19. Jahrhunderts, \u00fcber den Umweg der Ver\u00f6ffentlichung von Partituren, Booklets, vergriffenen Werken<\/p>\n","protected":false},"author":1045,"featured_media":58687,"comment_status":"closed","ping_status":"closed","sticky":false,"template":"","format":"standard","meta":{"_acf_changed":false,"footnotes":""},"categories":[1578,1561],"tags":[],"technique":[],"squelettes":[],"sujet":[],"formation":[],"genre":[],"fonds":[],"tradition":[],"type-de-contenu":[],"interprete-compositeur":[],"frise":[],"type-devenement":[],"tableaux-liens-externes":[],"class_list":["post-58686","post","type-post","status-publish","format-standard","has-post-thumbnail","hentry","category-bucher-artikel-de","category-letzte-neuerwerbungen-de"],"acf":[],"yoast_head":"<!-- This site is optimized with the Yoast SEO plugin v27.3 - https:\/\/yoast.com\/product\/yoast-seo-wordpress\/ -->\n<title>Fromental Hal\u00e9vy (1799 \u2013 1862) - Sa vie, sa musique - Institut Europ\u00e9en des Musiques Juives<\/title>\n<meta name=\"robots\" content=\"index, follow, max-snippet:-1, max-image-preview:large, max-video-preview:-1\" \/>\n<link rel=\"canonical\" href=\"https:\/\/www.iemj.org\/de\/fromental-halevy-1799-1862-sa-vie-sa-musique\/\" \/>\n<meta property=\"og:locale\" content=\"de_DE\" \/>\n<meta property=\"og:type\" content=\"article\" \/>\n<meta property=\"og:title\" content=\"Fromental Hal\u00e9vy (1799 \u2013 1862) - Sa vie, sa musique - Institut Europ\u00e9en des Musiques Juives\" \/>\n<meta property=\"og:description\" content=\"Seit den 1980er Jahren arbeitet der Musikwissenschaftler Karl Leich-Galland an der Wiederentdeckung der franz\u00f6sischen Musik der Romantik des 19. Jahrhunderts, \u00fcber den Umweg der Ver\u00f6ffentlichung von Partituren, Booklets, vergriffenen Werken\" \/>\n<meta property=\"og:url\" content=\"https:\/\/www.iemj.org\/de\/fromental-halevy-1799-1862-sa-vie-sa-musique\/\" \/>\n<meta property=\"og:site_name\" content=\"Institut Europ\u00e9en des Musiques Juives\" \/>\n<meta property=\"article:publisher\" content=\"https:\/\/www.facebook.com\/MusiquesJuives\/\" \/>\n<meta property=\"article:published_time\" content=\"2021-02-03T14:36:57+00:00\" \/>\n<meta property=\"article:modified_time\" content=\"2021-08-24T13:24:01+00:00\" \/>\n<meta property=\"og:image\" content=\"https:\/\/www.iemj.org\/wp-content\/uploads\/2021\/02\/arton5002-e1618939548647.jpg\" \/>\n\t<meta property=\"og:image:width\" content=\"350\" \/>\n\t<meta property=\"og:image:height\" content=\"350\" \/>\n\t<meta property=\"og:image:type\" content=\"image\/jpeg\" \/>\n<meta name=\"author\" content=\"Herv\u00e9 Roten\" \/>\n<meta name=\"twitter:card\" content=\"summary_large_image\" \/>\n<meta name=\"twitter:label1\" content=\"Verfasst von\" \/>\n\t<meta name=\"twitter:data1\" content=\"Herv\u00e9 Roten\" \/>\n\t<meta name=\"twitter:label2\" content=\"Gesch\u00e4tzte Lesezeit\" \/>\n\t<meta name=\"twitter:data2\" content=\"6\u00a0Minuten\" \/>\n<script type=\"application\/ld+json\" class=\"yoast-schema-graph\">{\"@context\":\"https:\\\/\\\/schema.org\",\"@graph\":[{\"@type\":\"Article\",\"@id\":\"https:\\\/\\\/www.iemj.org\\\/de\\\/fromental-halevy-1799-1862-sa-vie-sa-musique\\\/#article\",\"isPartOf\":{\"@id\":\"https:\\\/\\\/www.iemj.org\\\/de\\\/fromental-halevy-1799-1862-sa-vie-sa-musique\\\/\"},\"author\":{\"name\":\"Herv\u00e9 Roten\",\"@id\":\"https:\\\/\\\/www.iemj.org\\\/de\\\/#\\\/schema\\\/person\\\/906134402c29d5c76e7b726261dd4bbd\"},\"headline\":\"Fromental Hal\u00e9vy (1799 \u2013 1862) &#8211; Sa vie, sa musique\",\"datePublished\":\"2021-02-03T14:36:57+00:00\",\"dateModified\":\"2021-08-24T13:24:01+00:00\",\"mainEntityOfPage\":{\"@id\":\"https:\\\/\\\/www.iemj.org\\\/de\\\/fromental-halevy-1799-1862-sa-vie-sa-musique\\\/\"},\"wordCount\":1125,\"publisher\":{\"@id\":\"https:\\\/\\\/www.iemj.org\\\/de\\\/#organization\"},\"image\":{\"@id\":\"https:\\\/\\\/www.iemj.org\\\/de\\\/fromental-halevy-1799-1862-sa-vie-sa-musique\\\/#primaryimage\"},\"thumbnailUrl\":\"https:\\\/\\\/www.iemj.org\\\/wp-content\\\/uploads\\\/2021\\\/02\\\/arton5002-e1618939548647.jpg\",\"articleSection\":[\"B\u00fccher, Artikel\",\"Letzte Neuerwerbungen\"],\"inLanguage\":\"de\"},{\"@type\":\"WebPage\",\"@id\":\"https:\\\/\\\/www.iemj.org\\\/de\\\/fromental-halevy-1799-1862-sa-vie-sa-musique\\\/\",\"url\":\"https:\\\/\\\/www.iemj.org\\\/de\\\/fromental-halevy-1799-1862-sa-vie-sa-musique\\\/\",\"name\":\"Fromental Hal\u00e9vy (1799 \u2013 1862) - Sa vie, sa musique - Institut Europ\u00e9en des Musiques Juives\",\"isPartOf\":{\"@id\":\"https:\\\/\\\/www.iemj.org\\\/de\\\/#website\"},\"primaryImageOfPage\":{\"@id\":\"https:\\\/\\\/www.iemj.org\\\/de\\\/fromental-halevy-1799-1862-sa-vie-sa-musique\\\/#primaryimage\"},\"image\":{\"@id\":\"https:\\\/\\\/www.iemj.org\\\/de\\\/fromental-halevy-1799-1862-sa-vie-sa-musique\\\/#primaryimage\"},\"thumbnailUrl\":\"https:\\\/\\\/www.iemj.org\\\/wp-content\\\/uploads\\\/2021\\\/02\\\/arton5002-e1618939548647.jpg\",\"datePublished\":\"2021-02-03T14:36:57+00:00\",\"dateModified\":\"2021-08-24T13:24:01+00:00\",\"breadcrumb\":{\"@id\":\"https:\\\/\\\/www.iemj.org\\\/de\\\/fromental-halevy-1799-1862-sa-vie-sa-musique\\\/#breadcrumb\"},\"inLanguage\":\"de\",\"potentialAction\":[{\"@type\":\"ReadAction\",\"target\":[\"https:\\\/\\\/www.iemj.org\\\/de\\\/fromental-halevy-1799-1862-sa-vie-sa-musique\\\/\"]}]},{\"@type\":\"ImageObject\",\"inLanguage\":\"de\",\"@id\":\"https:\\\/\\\/www.iemj.org\\\/de\\\/fromental-halevy-1799-1862-sa-vie-sa-musique\\\/#primaryimage\",\"url\":\"https:\\\/\\\/www.iemj.org\\\/wp-content\\\/uploads\\\/2021\\\/02\\\/arton5002-e1618939548647.jpg\",\"contentUrl\":\"https:\\\/\\\/www.iemj.org\\\/wp-content\\\/uploads\\\/2021\\\/02\\\/arton5002-e1618939548647.jpg\",\"width\":350,\"height\":350},{\"@type\":\"BreadcrumbList\",\"@id\":\"https:\\\/\\\/www.iemj.org\\\/de\\\/fromental-halevy-1799-1862-sa-vie-sa-musique\\\/#breadcrumb\",\"itemListElement\":[{\"@type\":\"ListItem\",\"position\":1,\"name\":\"Accueil\",\"item\":\"https:\\\/\\\/www.iemj.org\\\/de\\\/\"},{\"@type\":\"ListItem\",\"position\":2,\"name\":\"Fromental Hal\u00e9vy (1799 \u2013 1862) &#8211; Sa vie, sa musique\"}]},{\"@type\":\"WebSite\",\"@id\":\"https:\\\/\\\/www.iemj.org\\\/de\\\/#website\",\"url\":\"https:\\\/\\\/www.iemj.org\\\/de\\\/\",\"name\":\"Institut Europ\u00e9en des Musiques Juives\",\"description\":\"Des traditions musicales \u00e0 la port\u00e9e de tous\",\"publisher\":{\"@id\":\"https:\\\/\\\/www.iemj.org\\\/de\\\/#organization\"},\"potentialAction\":[{\"@type\":\"SearchAction\",\"target\":{\"@type\":\"EntryPoint\",\"urlTemplate\":\"https:\\\/\\\/www.iemj.org\\\/de\\\/?s={search_term_string}\"},\"query-input\":{\"@type\":\"PropertyValueSpecification\",\"valueRequired\":true,\"valueName\":\"search_term_string\"}}],\"inLanguage\":\"de\"},{\"@type\":\"Organization\",\"@id\":\"https:\\\/\\\/www.iemj.org\\\/de\\\/#organization\",\"name\":\"Institut Europ\u00e9en des Musiques Juives\",\"url\":\"https:\\\/\\\/www.iemj.org\\\/de\\\/\",\"logo\":{\"@type\":\"ImageObject\",\"inLanguage\":\"de\",\"@id\":\"https:\\\/\\\/www.iemj.org\\\/de\\\/#\\\/schema\\\/logo\\\/image\\\/\",\"url\":\"https:\\\/\\\/www.iemj.org\\\/wp-content\\\/uploads\\\/2021\\\/09\\\/Logo-IEMJ-Paypal.jpg\",\"contentUrl\":\"https:\\\/\\\/www.iemj.org\\\/wp-content\\\/uploads\\\/2021\\\/09\\\/Logo-IEMJ-Paypal.jpg\",\"width\":150,\"height\":50,\"caption\":\"Institut Europ\u00e9en des Musiques Juives\"},\"image\":{\"@id\":\"https:\\\/\\\/www.iemj.org\\\/de\\\/#\\\/schema\\\/logo\\\/image\\\/\"},\"sameAs\":[\"https:\\\/\\\/www.facebook.com\\\/MusiquesJuives\\\/\",\"https:\\\/\\\/www.instagram.com\\\/musiquesjuives\\\/\",\"https:\\\/\\\/www.youtube.com\\\/user\\\/musiquesjuives\"]},{\"@type\":\"Person\",\"@id\":\"https:\\\/\\\/www.iemj.org\\\/de\\\/#\\\/schema\\\/person\\\/906134402c29d5c76e7b726261dd4bbd\",\"name\":\"Herv\u00e9 Roten\",\"image\":{\"@type\":\"ImageObject\",\"inLanguage\":\"de\",\"@id\":\"https:\\\/\\\/secure.gravatar.com\\\/avatar\\\/f96ad2db538a26481f18384936b5cd0610c92d390c4dc382209216d455f685ff?s=96&d=mm&r=g\",\"url\":\"https:\\\/\\\/secure.gravatar.com\\\/avatar\\\/f96ad2db538a26481f18384936b5cd0610c92d390c4dc382209216d455f685ff?s=96&d=mm&r=g\",\"contentUrl\":\"https:\\\/\\\/secure.gravatar.com\\\/avatar\\\/f96ad2db538a26481f18384936b5cd0610c92d390c4dc382209216d455f685ff?s=96&d=mm&r=g\",\"caption\":\"Herv\u00e9 Roten\"}}]}<\/script>\n<!-- \/ Yoast SEO plugin. -->","yoast_head_json":{"title":"Fromental Hal\u00e9vy (1799 \u2013 1862) - Sa vie, sa musique - Institut Europ\u00e9en des Musiques Juives","robots":{"index":"index","follow":"follow","max-snippet":"max-snippet:-1","max-image-preview":"max-image-preview:large","max-video-preview":"max-video-preview:-1"},"canonical":"https:\/\/www.iemj.org\/de\/fromental-halevy-1799-1862-sa-vie-sa-musique\/","og_locale":"de_DE","og_type":"article","og_title":"Fromental Hal\u00e9vy (1799 \u2013 1862) - Sa vie, sa musique - Institut Europ\u00e9en des Musiques Juives","og_description":"Seit den 1980er Jahren arbeitet der Musikwissenschaftler Karl Leich-Galland an der Wiederentdeckung der franz\u00f6sischen Musik der Romantik des 19. Jahrhunderts, \u00fcber den Umweg der Ver\u00f6ffentlichung von Partituren, Booklets, vergriffenen Werken","og_url":"https:\/\/www.iemj.org\/de\/fromental-halevy-1799-1862-sa-vie-sa-musique\/","og_site_name":"Institut Europ\u00e9en des Musiques Juives","article_publisher":"https:\/\/www.facebook.com\/MusiquesJuives\/","article_published_time":"2021-02-03T14:36:57+00:00","article_modified_time":"2021-08-24T13:24:01+00:00","og_image":[{"width":350,"height":350,"url":"https:\/\/www.iemj.org\/wp-content\/uploads\/2021\/02\/arton5002-e1618939548647.jpg","type":"image\/jpeg"}],"author":"Herv\u00e9 Roten","twitter_card":"summary_large_image","twitter_misc":{"Verfasst von":"Herv\u00e9 Roten","Gesch\u00e4tzte Lesezeit":"6\u00a0Minuten"},"schema":{"@context":"https:\/\/schema.org","@graph":[{"@type":"Article","@id":"https:\/\/www.iemj.org\/de\/fromental-halevy-1799-1862-sa-vie-sa-musique\/#article","isPartOf":{"@id":"https:\/\/www.iemj.org\/de\/fromental-halevy-1799-1862-sa-vie-sa-musique\/"},"author":{"name":"Herv\u00e9 Roten","@id":"https:\/\/www.iemj.org\/de\/#\/schema\/person\/906134402c29d5c76e7b726261dd4bbd"},"headline":"Fromental Hal\u00e9vy (1799 \u2013 1862) &#8211; Sa vie, sa musique","datePublished":"2021-02-03T14:36:57+00:00","dateModified":"2021-08-24T13:24:01+00:00","mainEntityOfPage":{"@id":"https:\/\/www.iemj.org\/de\/fromental-halevy-1799-1862-sa-vie-sa-musique\/"},"wordCount":1125,"publisher":{"@id":"https:\/\/www.iemj.org\/de\/#organization"},"image":{"@id":"https:\/\/www.iemj.org\/de\/fromental-halevy-1799-1862-sa-vie-sa-musique\/#primaryimage"},"thumbnailUrl":"https:\/\/www.iemj.org\/wp-content\/uploads\/2021\/02\/arton5002-e1618939548647.jpg","articleSection":["B\u00fccher, Artikel","Letzte Neuerwerbungen"],"inLanguage":"de"},{"@type":"WebPage","@id":"https:\/\/www.iemj.org\/de\/fromental-halevy-1799-1862-sa-vie-sa-musique\/","url":"https:\/\/www.iemj.org\/de\/fromental-halevy-1799-1862-sa-vie-sa-musique\/","name":"Fromental Hal\u00e9vy (1799 \u2013 1862) - Sa vie, sa musique - Institut Europ\u00e9en des Musiques Juives","isPartOf":{"@id":"https:\/\/www.iemj.org\/de\/#website"},"primaryImageOfPage":{"@id":"https:\/\/www.iemj.org\/de\/fromental-halevy-1799-1862-sa-vie-sa-musique\/#primaryimage"},"image":{"@id":"https:\/\/www.iemj.org\/de\/fromental-halevy-1799-1862-sa-vie-sa-musique\/#primaryimage"},"thumbnailUrl":"https:\/\/www.iemj.org\/wp-content\/uploads\/2021\/02\/arton5002-e1618939548647.jpg","datePublished":"2021-02-03T14:36:57+00:00","dateModified":"2021-08-24T13:24:01+00:00","breadcrumb":{"@id":"https:\/\/www.iemj.org\/de\/fromental-halevy-1799-1862-sa-vie-sa-musique\/#breadcrumb"},"inLanguage":"de","potentialAction":[{"@type":"ReadAction","target":["https:\/\/www.iemj.org\/de\/fromental-halevy-1799-1862-sa-vie-sa-musique\/"]}]},{"@type":"ImageObject","inLanguage":"de","@id":"https:\/\/www.iemj.org\/de\/fromental-halevy-1799-1862-sa-vie-sa-musique\/#primaryimage","url":"https:\/\/www.iemj.org\/wp-content\/uploads\/2021\/02\/arton5002-e1618939548647.jpg","contentUrl":"https:\/\/www.iemj.org\/wp-content\/uploads\/2021\/02\/arton5002-e1618939548647.jpg","width":350,"height":350},{"@type":"BreadcrumbList","@id":"https:\/\/www.iemj.org\/de\/fromental-halevy-1799-1862-sa-vie-sa-musique\/#breadcrumb","itemListElement":[{"@type":"ListItem","position":1,"name":"Accueil","item":"https:\/\/www.iemj.org\/de\/"},{"@type":"ListItem","position":2,"name":"Fromental Hal\u00e9vy (1799 \u2013 1862) &#8211; Sa vie, sa musique"}]},{"@type":"WebSite","@id":"https:\/\/www.iemj.org\/de\/#website","url":"https:\/\/www.iemj.org\/de\/","name":"Institut Europ\u00e9en des Musiques Juives","description":"Des traditions musicales \u00e0 la port\u00e9e de tous","publisher":{"@id":"https:\/\/www.iemj.org\/de\/#organization"},"potentialAction":[{"@type":"SearchAction","target":{"@type":"EntryPoint","urlTemplate":"https:\/\/www.iemj.org\/de\/?s={search_term_string}"},"query-input":{"@type":"PropertyValueSpecification","valueRequired":true,"valueName":"search_term_string"}}],"inLanguage":"de"},{"@type":"Organization","@id":"https:\/\/www.iemj.org\/de\/#organization","name":"Institut Europ\u00e9en des Musiques Juives","url":"https:\/\/www.iemj.org\/de\/","logo":{"@type":"ImageObject","inLanguage":"de","@id":"https:\/\/www.iemj.org\/de\/#\/schema\/logo\/image\/","url":"https:\/\/www.iemj.org\/wp-content\/uploads\/2021\/09\/Logo-IEMJ-Paypal.jpg","contentUrl":"https:\/\/www.iemj.org\/wp-content\/uploads\/2021\/09\/Logo-IEMJ-Paypal.jpg","width":150,"height":50,"caption":"Institut Europ\u00e9en des Musiques Juives"},"image":{"@id":"https:\/\/www.iemj.org\/de\/#\/schema\/logo\/image\/"},"sameAs":["https:\/\/www.facebook.com\/MusiquesJuives\/","https:\/\/www.instagram.com\/musiquesjuives\/","https:\/\/www.youtube.com\/user\/musiquesjuives"]},{"@type":"Person","@id":"https:\/\/www.iemj.org\/de\/#\/schema\/person\/906134402c29d5c76e7b726261dd4bbd","name":"Herv\u00e9 Roten","image":{"@type":"ImageObject","inLanguage":"de","@id":"https:\/\/secure.gravatar.com\/avatar\/f96ad2db538a26481f18384936b5cd0610c92d390c4dc382209216d455f685ff?s=96&d=mm&r=g","url":"https:\/\/secure.gravatar.com\/avatar\/f96ad2db538a26481f18384936b5cd0610c92d390c4dc382209216d455f685ff?s=96&d=mm&r=g","contentUrl":"https:\/\/secure.gravatar.com\/avatar\/f96ad2db538a26481f18384936b5cd0610c92d390c4dc382209216d455f685ff?s=96&d=mm&r=g","caption":"Herv\u00e9 Roten"}}]}},"_links":{"self":[{"href":"https:\/\/www.iemj.org\/de\/wp-json\/wp\/v2\/posts\/58686","targetHints":{"allow":["GET"]}}],"collection":[{"href":"https:\/\/www.iemj.org\/de\/wp-json\/wp\/v2\/posts"}],"about":[{"href":"https:\/\/www.iemj.org\/de\/wp-json\/wp\/v2\/types\/post"}],"author":[{"embeddable":true,"href":"https:\/\/www.iemj.org\/de\/wp-json\/wp\/v2\/users\/1045"}],"replies":[{"embeddable":true,"href":"https:\/\/www.iemj.org\/de\/wp-json\/wp\/v2\/comments?post=58686"}],"version-history":[{"count":0,"href":"https:\/\/www.iemj.org\/de\/wp-json\/wp\/v2\/posts\/58686\/revisions"}],"wp:featuredmedia":[{"embeddable":true,"href":"https:\/\/www.iemj.org\/de\/wp-json\/wp\/v2\/media\/58687"}],"wp:attachment":[{"href":"https:\/\/www.iemj.org\/de\/wp-json\/wp\/v2\/media?parent=58686"}],"wp:term":[{"taxonomy":"category","embeddable":true,"href":"https:\/\/www.iemj.org\/de\/wp-json\/wp\/v2\/categories?post=58686"},{"taxonomy":"post_tag","embeddable":true,"href":"https:\/\/www.iemj.org\/de\/wp-json\/wp\/v2\/tags?post=58686"},{"taxonomy":"technique","embeddable":true,"href":"https:\/\/www.iemj.org\/de\/wp-json\/wp\/v2\/technique?post=58686"},{"taxonomy":"squelettes","embeddable":true,"href":"https:\/\/www.iemj.org\/de\/wp-json\/wp\/v2\/squelettes?post=58686"},{"taxonomy":"sujet","embeddable":true,"href":"https:\/\/www.iemj.org\/de\/wp-json\/wp\/v2\/sujet?post=58686"},{"taxonomy":"formation","embeddable":true,"href":"https:\/\/www.iemj.org\/de\/wp-json\/wp\/v2\/formation?post=58686"},{"taxonomy":"genre","embeddable":true,"href":"https:\/\/www.iemj.org\/de\/wp-json\/wp\/v2\/genre?post=58686"},{"taxonomy":"fonds","embeddable":true,"href":"https:\/\/www.iemj.org\/de\/wp-json\/wp\/v2\/fonds?post=58686"},{"taxonomy":"tradition","embeddable":true,"href":"https:\/\/www.iemj.org\/de\/wp-json\/wp\/v2\/tradition?post=58686"},{"taxonomy":"type-de-contenu","embeddable":true,"href":"https:\/\/www.iemj.org\/de\/wp-json\/wp\/v2\/type-de-contenu?post=58686"},{"taxonomy":"interprete-compositeur","embeddable":true,"href":"https:\/\/www.iemj.org\/de\/wp-json\/wp\/v2\/interprete-compositeur?post=58686"},{"taxonomy":"frise","embeddable":true,"href":"https:\/\/www.iemj.org\/de\/wp-json\/wp\/v2\/frise?post=58686"},{"taxonomy":"type-devenement","embeddable":true,"href":"https:\/\/www.iemj.org\/de\/wp-json\/wp\/v2\/type-devenement?post=58686"},{"taxonomy":"tableaux-liens-externes","embeddable":true,"href":"https:\/\/www.iemj.org\/de\/wp-json\/wp\/v2\/tableaux-liens-externes?post=58686"}],"curies":[{"name":"wp","href":"https:\/\/api.w.org\/{rel}","templated":true}]}}