{"id":58768,"date":"2020-11-17T16:29:17","date_gmt":"2020-11-17T15:29:17","guid":{"rendered":"https:\/\/www.iemj.org\/voix-hebraiques-un-voyage-dans-la-musique-juive-doccident-accompagne-danalyses-et-dexemples-musicaux\/"},"modified":"2025-02-24T11:22:09","modified_gmt":"2025-02-24T10:22:09","slug":"voix-hebraiques-un-voyage-dans-la-musique-juive-doccident-accompagne-danalyses-et-dexemples-musicaux","status":"publish","type":"post","link":"https:\/\/www.iemj.org\/de\/voix-hebraiques-un-voyage-dans-la-musique-juive-doccident-accompagne-danalyses-et-dexemples-musicaux\/","title":{"rendered":"Hebr\u00e4ische Stimmen: Eine Reise in die westliche j\u00fcdische Musik, begleitet von Analysen und musikalischen Beispielen (Auf Franz\u00f6sisch)"},"content":{"rendered":"<p>Basierend auf seinen Erfahrungen als Chorleiter der Gro\u00dfen Synagoge von Stra\u00dfburg und des <a href=\"https:\/\/www.iemj.org\/chants-liturgiques-des-juifs-ashkenazes-le-choeur-juif-de-france\/\">Ch\u0153ur juif de France<\/a>, als Gr\u00fcnder der <a href=\"https:\/\/www.iemj.org\/polyphonies-hebraiques-de-strasbourg\/\">Polyphonies h\u00e9bra\u00efques de Strasbourg<\/a> und des <a href=\"https:\/\/www.facebook.com\/EVHebraica\/\">Ensemble Vocal H\u00e9bra\u00efca<\/a>, ver\u00f6ffentlichte <a href=\"https:\/\/www.iemj.org\/sabo-hector\/\">Hector Sabo<\/a> im M\u00e4rz 2020, in dem Pariser Verlagshaus Editions Beauchesne, ein Buch mit dem Titel\u00a0<em>Voix h\u00e9bra\u00efques\u00a0: Un voyage dans la musique juive d\u2019Occident, accompagn\u00e9 d\u2019analyses et d\u2019exemples musicaux<\/em>.<\/p>\n<p>Das 352 Seiten umfassende Buch gibt einen chronologischen \u00dcberblick \u00fcber drei\u00dfig Werke der j\u00fcdischen Musik, vom Mittelalter bis heute, von Ovadia, dem normannischen Proselyten bis Arnold Schoenberg oder auch Micha\u00ebl Levinas. Die Besonderheit des Werks besteht darin, eine umfassende Analyse der St\u00fccke, innerhalb ihres historischen Kontexts, zu bieten. Es handelt sich dabei um ein umfangreiches Werk, das nur von einer Person stammen kann, welche selbst die hebr\u00e4ische Musik praktiziert und \u00fcber gute Kenntnisse der musikalischen Analyse verf\u00fcgt.<\/p>\n<p><span style=\"font-size: revert; color: initial;\">In dieser Hinsicht ist die Wette weitgehend gewonnen: Die Analysen der St\u00fccke (auf rund 200 Seiten) bezeugen die ausgezeichnete Kenntnis des Autoren, \u00fcber die musikalische Sprache eines jeden St\u00fccks. Ein Nachtteil ist jedoch, dass der Analyse, jeweils nur eine Seite der Partitur beigef\u00fcgt ist. Um die Gesamtheit der Partituren einsehen zu k\u00f6nnen, m\u00fcssen diese, auf der Internetseite des Verlags <\/span><a style=\"font-size: revert;\" href=\"https:\/\/www.editions-beauchesne.com\/recherche.php\">Editions Beauchesne<\/a><span style=\"font-size: revert; color: initial;\">, bestellt werden\u2026 sobald sie denn verf\u00fcgbar sind. Was die Musik betrifft, ist der Gro\u00dfteil, auf der Internetseite des Institut Europ\u00e9en des Musiques Juives zug\u00e4nglich, insbesondere die Serie von <\/span><span style=\"font-size: revert; color: initial;\"><a href=\"https:\/\/www.iemj.org\/categorie\/ecouter-voir\/emissions-de-radio\/emissions-hector-sabo\/\" target=\"_blank\" rel=\"noopener\"> 39 franz\u00f6sischer Radiosendungen<\/a>, die von Hector Sabo auf dem Radiosender Radio Juda\u00efca Strasbourg, zwischen 2017 und 2017, produziert wurde.<\/span><\/p>\n<p>Die St\u00e4rken dieses Buchs, sind gleichzeitig auch seine Schw\u00e4chen. In dem Versuch, ein Thema eines solchen Umfangs zu behandeln, l\u00e4sst der Autor den Leser, mit dem Wunsch nach mehr, zur\u00fcck. Einige Aspekte der j\u00fcdischen Musik werden nur schnell gestreift oder sogar \u00fcberflogen. Es ist in dieser Hinsicht bedauerlich, dass der historische Teil des Buches, nur etwa hundert Seiten lang ist (im Vergleich zu den 200 Seiten, welche der Analyse gewidmet werden) und au\u00dferdem auch einige Ungenauigkeiten oder Undeutlichkeiten enth\u00e4lt. Andererseits zwingt die Struktur des aus einem historischen und einem analytischen Teil bestehenden Buchs, den Leser dazu, st\u00e4ndig zwischen den beiden Teilen hin und her zu bl\u00e4ttern. Diese einer Internetseite anmutende \u201eNavigation\u201c, wird hier zum Fallstrick f\u00fcr das Medium Buch. Auch wenn es man ihm zugutehalten k\u00f6nnte, dass so jeder Leser, entsprechend seines Wissensstands die passenden Inhalte ausw\u00e4hlen k\u00f6nne, wird das Buch so doch zu einer Mischform. Somit erscheint das Buch, letztendlich als das genaue Gegenteil, des auf dem Umschlag versprochenen Werks der Musikanalyse, begleitet von Musikbeispielen, welches eine Reise in die westliche j\u00fcdische Musik bieten m\u00f6chte.<\/p>\n<p>Zusammenfassend l\u00e4sst sich sagen, dass Hectors Sabos Buch <em>Voix h\u00e9bra\u00efques<\/em>\u00a0stark mit dem Leben seines Autors und seiner unbestreitbaren Erfahrung der gro\u00dfen Werken des hebr\u00e4ischen Repertoires verbunden ist. Geboten werden in dem Buch eine anregende Vorstellung der Werke und Komponisten, gr\u00f6\u00dftenteils aus der Zeit vom 19. Jahrhundert bis heute. Der Leser wird aber, je nachdem wonach man auf der Suche ist, entweder bestimmte technische Passagen \u00fcberspringen m\u00fcssen, oder aber auch durch die Lekt\u00fcre von Fachliteratur erg\u00e4nzen m\u00fcssen.<\/p>\n<p><a href=\"https:\/\/www.iemj.org\/categorie\/ecouter-voir\/emissions-de-radio\/emissions-hector-sabo\/\" target=\"_blank\" rel=\"noopener\">H\u00f6ren Sie sich die franz\u00f6sische Radiosendung Ledor vador von Hector Sabo an<\/a><\/p>\n<p><a href=\"https:\/\/www.iemj.org\/musiques-juives-et-hebraiques-sacrees-et-profanes-au-moyen-age-xix-et-xx-siecles\/\" target=\"_blank\" rel=\"noopener\">Schauen Sie sich die CD an &#8211; Musiques juives h\u00e9bra\u00efques et sacr\u00e9es et profanes au Moyen Age, XIX et XXe si\u00e8cles<\/a><\/p>\n<p><a href=\"https:\/\/www.iemj.org\/chants-et-emotions\/\" target=\"_blank\" rel=\"noopener\">Schauen Sie sich die CD an \u2013 Chants et Emotions<\/a><\/p>\n<p>Bestellen Sie das Buch auf der Seite des Verlags (vergriffen)<\/p>\n\n\n<p><\/p>\n","protected":false},"excerpt":{"rendered":"<p>Basierend auf seinen Erfahrungen als Chorleiter der Gro\u00dfen Synagoge von Stra\u00dfburg und des Ch\u0153ur juif de France, als Gr\u00fcnder der Polyphonies h\u00e9bra\u00efques de Strasbourg und des Ensemble Vocal H\u00e9bra\u00efca, ver\u00f6ffentlichte<\/p>\n","protected":false},"author":1045,"featured_media":58769,"comment_status":"closed","ping_status":"closed","sticky":false,"template":"","format":"standard","meta":{"_acf_changed":false,"footnotes":""},"categories":[1578,1561],"tags":[],"technique":[],"squelettes":[],"sujet":[],"formation":[],"genre":[1891],"fonds":[],"tradition":[],"type-de-contenu":[],"interprete-compositeur":[],"frise":[],"type-devenement":[],"tableaux-liens-externes":[],"class_list":["post-58768","post","type-post","status-publish","format-standard","has-post-thumbnail","hentry","category-bucher-artikel-de","category-letzte-neuerwerbungen-de","genre-liturgie-de"],"acf":[],"yoast_head":"<!-- This site is optimized with the Yoast SEO plugin v27.3 - https:\/\/yoast.com\/product\/yoast-seo-wordpress\/ -->\n<title>Hebr\u00e4ische Stimmen: Eine Reise in die westliche j\u00fcdische Musik, begleitet von Analysen und musikalischen Beispielen (Auf Franz\u00f6sisch) - Institut Europ\u00e9en des Musiques Juives<\/title>\n<meta name=\"robots\" content=\"index, follow, max-snippet:-1, max-image-preview:large, max-video-preview:-1\" \/>\n<link rel=\"canonical\" href=\"https:\/\/www.iemj.org\/de\/voix-hebraiques-un-voyage-dans-la-musique-juive-doccident-accompagne-danalyses-et-dexemples-musicaux\/\" \/>\n<meta property=\"og:locale\" content=\"de_DE\" \/>\n<meta property=\"og:type\" content=\"article\" \/>\n<meta property=\"og:title\" content=\"Hebr\u00e4ische Stimmen: Eine Reise in die westliche j\u00fcdische Musik, begleitet von Analysen und musikalischen Beispielen (Auf Franz\u00f6sisch) - Institut Europ\u00e9en des Musiques Juives\" \/>\n<meta property=\"og:description\" content=\"Basierend auf seinen Erfahrungen als Chorleiter der Gro\u00dfen Synagoge von Stra\u00dfburg und des Ch\u0153ur juif de France, als Gr\u00fcnder der Polyphonies h\u00e9bra\u00efques de Strasbourg und des Ensemble Vocal H\u00e9bra\u00efca, ver\u00f6ffentlichte\" \/>\n<meta property=\"og:url\" content=\"https:\/\/www.iemj.org\/de\/voix-hebraiques-un-voyage-dans-la-musique-juive-doccident-accompagne-danalyses-et-dexemples-musicaux\/\" \/>\n<meta property=\"og:site_name\" content=\"Institut Europ\u00e9en des Musiques Juives\" \/>\n<meta property=\"article:publisher\" content=\"https:\/\/www.facebook.com\/MusiquesJuives\/\" \/>\n<meta property=\"article:published_time\" content=\"2020-11-17T15:29:17+00:00\" \/>\n<meta property=\"article:modified_time\" content=\"2025-02-24T10:22:09+00:00\" \/>\n<meta property=\"og:image\" content=\"https:\/\/www.iemj.org\/wp-content\/uploads\/2020\/11\/arton4907.jpg\" \/>\n\t<meta property=\"og:image:width\" content=\"261\" \/>\n\t<meta property=\"og:image:height\" content=\"397\" \/>\n\t<meta property=\"og:image:type\" content=\"image\/jpeg\" \/>\n<meta name=\"author\" content=\"Herv\u00e9 Roten\" \/>\n<meta name=\"twitter:card\" content=\"summary_large_image\" \/>\n<meta name=\"twitter:label1\" content=\"Verfasst von\" \/>\n\t<meta name=\"twitter:data1\" content=\"Herv\u00e9 Roten\" \/>\n\t<meta name=\"twitter:label2\" content=\"Gesch\u00e4tzte Lesezeit\" \/>\n\t<meta name=\"twitter:data2\" content=\"4\u00a0Minuten\" \/>\n<script type=\"application\/ld+json\" class=\"yoast-schema-graph\">{\"@context\":\"https:\\\/\\\/schema.org\",\"@graph\":[{\"@type\":\"Article\",\"@id\":\"https:\\\/\\\/www.iemj.org\\\/de\\\/voix-hebraiques-un-voyage-dans-la-musique-juive-doccident-accompagne-danalyses-et-dexemples-musicaux\\\/#article\",\"isPartOf\":{\"@id\":\"https:\\\/\\\/www.iemj.org\\\/de\\\/voix-hebraiques-un-voyage-dans-la-musique-juive-doccident-accompagne-danalyses-et-dexemples-musicaux\\\/\"},\"author\":{\"name\":\"Herv\u00e9 Roten\",\"@id\":\"https:\\\/\\\/www.iemj.org\\\/de\\\/#\\\/schema\\\/person\\\/906134402c29d5c76e7b726261dd4bbd\"},\"headline\":\"Hebr\u00e4ische Stimmen: Eine Reise in die westliche j\u00fcdische Musik, begleitet von Analysen und musikalischen Beispielen (Auf Franz\u00f6sisch)\",\"datePublished\":\"2020-11-17T15:29:17+00:00\",\"dateModified\":\"2025-02-24T10:22:09+00:00\",\"mainEntityOfPage\":{\"@id\":\"https:\\\/\\\/www.iemj.org\\\/de\\\/voix-hebraiques-un-voyage-dans-la-musique-juive-doccident-accompagne-danalyses-et-dexemples-musicaux\\\/\"},\"wordCount\":625,\"publisher\":{\"@id\":\"https:\\\/\\\/www.iemj.org\\\/de\\\/#organization\"},\"image\":{\"@id\":\"https:\\\/\\\/www.iemj.org\\\/de\\\/voix-hebraiques-un-voyage-dans-la-musique-juive-doccident-accompagne-danalyses-et-dexemples-musicaux\\\/#primaryimage\"},\"thumbnailUrl\":\"https:\\\/\\\/www.iemj.org\\\/wp-content\\\/uploads\\\/2020\\\/11\\\/arton4907.jpg\",\"articleSection\":[\"B\u00fccher, Artikel\",\"Letzte Neuerwerbungen\"],\"inLanguage\":\"de\"},{\"@type\":\"WebPage\",\"@id\":\"https:\\\/\\\/www.iemj.org\\\/de\\\/voix-hebraiques-un-voyage-dans-la-musique-juive-doccident-accompagne-danalyses-et-dexemples-musicaux\\\/\",\"url\":\"https:\\\/\\\/www.iemj.org\\\/de\\\/voix-hebraiques-un-voyage-dans-la-musique-juive-doccident-accompagne-danalyses-et-dexemples-musicaux\\\/\",\"name\":\"Hebr\u00e4ische Stimmen: Eine Reise in die westliche j\u00fcdische Musik, begleitet von Analysen und musikalischen Beispielen (Auf Franz\u00f6sisch) - Institut Europ\u00e9en des Musiques Juives\",\"isPartOf\":{\"@id\":\"https:\\\/\\\/www.iemj.org\\\/de\\\/#website\"},\"primaryImageOfPage\":{\"@id\":\"https:\\\/\\\/www.iemj.org\\\/de\\\/voix-hebraiques-un-voyage-dans-la-musique-juive-doccident-accompagne-danalyses-et-dexemples-musicaux\\\/#primaryimage\"},\"image\":{\"@id\":\"https:\\\/\\\/www.iemj.org\\\/de\\\/voix-hebraiques-un-voyage-dans-la-musique-juive-doccident-accompagne-danalyses-et-dexemples-musicaux\\\/#primaryimage\"},\"thumbnailUrl\":\"https:\\\/\\\/www.iemj.org\\\/wp-content\\\/uploads\\\/2020\\\/11\\\/arton4907.jpg\",\"datePublished\":\"2020-11-17T15:29:17+00:00\",\"dateModified\":\"2025-02-24T10:22:09+00:00\",\"breadcrumb\":{\"@id\":\"https:\\\/\\\/www.iemj.org\\\/de\\\/voix-hebraiques-un-voyage-dans-la-musique-juive-doccident-accompagne-danalyses-et-dexemples-musicaux\\\/#breadcrumb\"},\"inLanguage\":\"de\",\"potentialAction\":[{\"@type\":\"ReadAction\",\"target\":[\"https:\\\/\\\/www.iemj.org\\\/de\\\/voix-hebraiques-un-voyage-dans-la-musique-juive-doccident-accompagne-danalyses-et-dexemples-musicaux\\\/\"]}]},{\"@type\":\"ImageObject\",\"inLanguage\":\"de\",\"@id\":\"https:\\\/\\\/www.iemj.org\\\/de\\\/voix-hebraiques-un-voyage-dans-la-musique-juive-doccident-accompagne-danalyses-et-dexemples-musicaux\\\/#primaryimage\",\"url\":\"https:\\\/\\\/www.iemj.org\\\/wp-content\\\/uploads\\\/2020\\\/11\\\/arton4907.jpg\",\"contentUrl\":\"https:\\\/\\\/www.iemj.org\\\/wp-content\\\/uploads\\\/2020\\\/11\\\/arton4907.jpg\",\"width\":261,\"height\":397},{\"@type\":\"BreadcrumbList\",\"@id\":\"https:\\\/\\\/www.iemj.org\\\/de\\\/voix-hebraiques-un-voyage-dans-la-musique-juive-doccident-accompagne-danalyses-et-dexemples-musicaux\\\/#breadcrumb\",\"itemListElement\":[{\"@type\":\"ListItem\",\"position\":1,\"name\":\"Accueil\",\"item\":\"https:\\\/\\\/www.iemj.org\\\/de\\\/\"},{\"@type\":\"ListItem\",\"position\":2,\"name\":\"Hebr\u00e4ische Stimmen: Eine Reise in die westliche j\u00fcdische Musik, begleitet von Analysen und musikalischen Beispielen (Auf Franz\u00f6sisch)\"}]},{\"@type\":\"WebSite\",\"@id\":\"https:\\\/\\\/www.iemj.org\\\/de\\\/#website\",\"url\":\"https:\\\/\\\/www.iemj.org\\\/de\\\/\",\"name\":\"Institut Europ\u00e9en des Musiques Juives\",\"description\":\"Des traditions musicales \u00e0 la port\u00e9e de tous\",\"publisher\":{\"@id\":\"https:\\\/\\\/www.iemj.org\\\/de\\\/#organization\"},\"potentialAction\":[{\"@type\":\"SearchAction\",\"target\":{\"@type\":\"EntryPoint\",\"urlTemplate\":\"https:\\\/\\\/www.iemj.org\\\/de\\\/?s={search_term_string}\"},\"query-input\":{\"@type\":\"PropertyValueSpecification\",\"valueRequired\":true,\"valueName\":\"search_term_string\"}}],\"inLanguage\":\"de\"},{\"@type\":\"Organization\",\"@id\":\"https:\\\/\\\/www.iemj.org\\\/de\\\/#organization\",\"name\":\"Institut Europ\u00e9en des Musiques Juives\",\"url\":\"https:\\\/\\\/www.iemj.org\\\/de\\\/\",\"logo\":{\"@type\":\"ImageObject\",\"inLanguage\":\"de\",\"@id\":\"https:\\\/\\\/www.iemj.org\\\/de\\\/#\\\/schema\\\/logo\\\/image\\\/\",\"url\":\"https:\\\/\\\/www.iemj.org\\\/wp-content\\\/uploads\\\/2021\\\/09\\\/Logo-IEMJ-Paypal.jpg\",\"contentUrl\":\"https:\\\/\\\/www.iemj.org\\\/wp-content\\\/uploads\\\/2021\\\/09\\\/Logo-IEMJ-Paypal.jpg\",\"width\":150,\"height\":50,\"caption\":\"Institut Europ\u00e9en des Musiques Juives\"},\"image\":{\"@id\":\"https:\\\/\\\/www.iemj.org\\\/de\\\/#\\\/schema\\\/logo\\\/image\\\/\"},\"sameAs\":[\"https:\\\/\\\/www.facebook.com\\\/MusiquesJuives\\\/\",\"https:\\\/\\\/www.instagram.com\\\/musiquesjuives\\\/\",\"https:\\\/\\\/www.youtube.com\\\/user\\\/musiquesjuives\"]},{\"@type\":\"Person\",\"@id\":\"https:\\\/\\\/www.iemj.org\\\/de\\\/#\\\/schema\\\/person\\\/906134402c29d5c76e7b726261dd4bbd\",\"name\":\"Herv\u00e9 Roten\",\"image\":{\"@type\":\"ImageObject\",\"inLanguage\":\"de\",\"@id\":\"https:\\\/\\\/secure.gravatar.com\\\/avatar\\\/f96ad2db538a26481f18384936b5cd0610c92d390c4dc382209216d455f685ff?s=96&d=mm&r=g\",\"url\":\"https:\\\/\\\/secure.gravatar.com\\\/avatar\\\/f96ad2db538a26481f18384936b5cd0610c92d390c4dc382209216d455f685ff?s=96&d=mm&r=g\",\"contentUrl\":\"https:\\\/\\\/secure.gravatar.com\\\/avatar\\\/f96ad2db538a26481f18384936b5cd0610c92d390c4dc382209216d455f685ff?s=96&d=mm&r=g\",\"caption\":\"Herv\u00e9 Roten\"}}]}<\/script>\n<!-- \/ Yoast SEO plugin. -->","yoast_head_json":{"title":"Hebr\u00e4ische Stimmen: Eine Reise in die westliche j\u00fcdische Musik, begleitet von Analysen und musikalischen Beispielen (Auf Franz\u00f6sisch) - Institut Europ\u00e9en des Musiques Juives","robots":{"index":"index","follow":"follow","max-snippet":"max-snippet:-1","max-image-preview":"max-image-preview:large","max-video-preview":"max-video-preview:-1"},"canonical":"https:\/\/www.iemj.org\/de\/voix-hebraiques-un-voyage-dans-la-musique-juive-doccident-accompagne-danalyses-et-dexemples-musicaux\/","og_locale":"de_DE","og_type":"article","og_title":"Hebr\u00e4ische Stimmen: Eine Reise in die westliche j\u00fcdische Musik, begleitet von Analysen und musikalischen Beispielen (Auf Franz\u00f6sisch) - Institut Europ\u00e9en des Musiques Juives","og_description":"Basierend auf seinen Erfahrungen als Chorleiter der Gro\u00dfen Synagoge von Stra\u00dfburg und des Ch\u0153ur juif de France, als Gr\u00fcnder der Polyphonies h\u00e9bra\u00efques de Strasbourg und des Ensemble Vocal H\u00e9bra\u00efca, ver\u00f6ffentlichte","og_url":"https:\/\/www.iemj.org\/de\/voix-hebraiques-un-voyage-dans-la-musique-juive-doccident-accompagne-danalyses-et-dexemples-musicaux\/","og_site_name":"Institut Europ\u00e9en des Musiques Juives","article_publisher":"https:\/\/www.facebook.com\/MusiquesJuives\/","article_published_time":"2020-11-17T15:29:17+00:00","article_modified_time":"2025-02-24T10:22:09+00:00","og_image":[{"width":261,"height":397,"url":"https:\/\/www.iemj.org\/wp-content\/uploads\/2020\/11\/arton4907.jpg","type":"image\/jpeg"}],"author":"Herv\u00e9 Roten","twitter_card":"summary_large_image","twitter_misc":{"Verfasst von":"Herv\u00e9 Roten","Gesch\u00e4tzte Lesezeit":"4\u00a0Minuten"},"schema":{"@context":"https:\/\/schema.org","@graph":[{"@type":"Article","@id":"https:\/\/www.iemj.org\/de\/voix-hebraiques-un-voyage-dans-la-musique-juive-doccident-accompagne-danalyses-et-dexemples-musicaux\/#article","isPartOf":{"@id":"https:\/\/www.iemj.org\/de\/voix-hebraiques-un-voyage-dans-la-musique-juive-doccident-accompagne-danalyses-et-dexemples-musicaux\/"},"author":{"name":"Herv\u00e9 Roten","@id":"https:\/\/www.iemj.org\/de\/#\/schema\/person\/906134402c29d5c76e7b726261dd4bbd"},"headline":"Hebr\u00e4ische Stimmen: Eine Reise in die westliche j\u00fcdische Musik, begleitet von Analysen und musikalischen Beispielen (Auf Franz\u00f6sisch)","datePublished":"2020-11-17T15:29:17+00:00","dateModified":"2025-02-24T10:22:09+00:00","mainEntityOfPage":{"@id":"https:\/\/www.iemj.org\/de\/voix-hebraiques-un-voyage-dans-la-musique-juive-doccident-accompagne-danalyses-et-dexemples-musicaux\/"},"wordCount":625,"publisher":{"@id":"https:\/\/www.iemj.org\/de\/#organization"},"image":{"@id":"https:\/\/www.iemj.org\/de\/voix-hebraiques-un-voyage-dans-la-musique-juive-doccident-accompagne-danalyses-et-dexemples-musicaux\/#primaryimage"},"thumbnailUrl":"https:\/\/www.iemj.org\/wp-content\/uploads\/2020\/11\/arton4907.jpg","articleSection":["B\u00fccher, Artikel","Letzte Neuerwerbungen"],"inLanguage":"de"},{"@type":"WebPage","@id":"https:\/\/www.iemj.org\/de\/voix-hebraiques-un-voyage-dans-la-musique-juive-doccident-accompagne-danalyses-et-dexemples-musicaux\/","url":"https:\/\/www.iemj.org\/de\/voix-hebraiques-un-voyage-dans-la-musique-juive-doccident-accompagne-danalyses-et-dexemples-musicaux\/","name":"Hebr\u00e4ische Stimmen: Eine Reise in die westliche j\u00fcdische Musik, begleitet von Analysen und musikalischen Beispielen (Auf Franz\u00f6sisch) - Institut Europ\u00e9en des Musiques Juives","isPartOf":{"@id":"https:\/\/www.iemj.org\/de\/#website"},"primaryImageOfPage":{"@id":"https:\/\/www.iemj.org\/de\/voix-hebraiques-un-voyage-dans-la-musique-juive-doccident-accompagne-danalyses-et-dexemples-musicaux\/#primaryimage"},"image":{"@id":"https:\/\/www.iemj.org\/de\/voix-hebraiques-un-voyage-dans-la-musique-juive-doccident-accompagne-danalyses-et-dexemples-musicaux\/#primaryimage"},"thumbnailUrl":"https:\/\/www.iemj.org\/wp-content\/uploads\/2020\/11\/arton4907.jpg","datePublished":"2020-11-17T15:29:17+00:00","dateModified":"2025-02-24T10:22:09+00:00","breadcrumb":{"@id":"https:\/\/www.iemj.org\/de\/voix-hebraiques-un-voyage-dans-la-musique-juive-doccident-accompagne-danalyses-et-dexemples-musicaux\/#breadcrumb"},"inLanguage":"de","potentialAction":[{"@type":"ReadAction","target":["https:\/\/www.iemj.org\/de\/voix-hebraiques-un-voyage-dans-la-musique-juive-doccident-accompagne-danalyses-et-dexemples-musicaux\/"]}]},{"@type":"ImageObject","inLanguage":"de","@id":"https:\/\/www.iemj.org\/de\/voix-hebraiques-un-voyage-dans-la-musique-juive-doccident-accompagne-danalyses-et-dexemples-musicaux\/#primaryimage","url":"https:\/\/www.iemj.org\/wp-content\/uploads\/2020\/11\/arton4907.jpg","contentUrl":"https:\/\/www.iemj.org\/wp-content\/uploads\/2020\/11\/arton4907.jpg","width":261,"height":397},{"@type":"BreadcrumbList","@id":"https:\/\/www.iemj.org\/de\/voix-hebraiques-un-voyage-dans-la-musique-juive-doccident-accompagne-danalyses-et-dexemples-musicaux\/#breadcrumb","itemListElement":[{"@type":"ListItem","position":1,"name":"Accueil","item":"https:\/\/www.iemj.org\/de\/"},{"@type":"ListItem","position":2,"name":"Hebr\u00e4ische Stimmen: Eine Reise in die westliche j\u00fcdische Musik, begleitet von Analysen und musikalischen Beispielen (Auf Franz\u00f6sisch)"}]},{"@type":"WebSite","@id":"https:\/\/www.iemj.org\/de\/#website","url":"https:\/\/www.iemj.org\/de\/","name":"Institut Europ\u00e9en des Musiques Juives","description":"Des traditions musicales \u00e0 la port\u00e9e de tous","publisher":{"@id":"https:\/\/www.iemj.org\/de\/#organization"},"potentialAction":[{"@type":"SearchAction","target":{"@type":"EntryPoint","urlTemplate":"https:\/\/www.iemj.org\/de\/?s={search_term_string}"},"query-input":{"@type":"PropertyValueSpecification","valueRequired":true,"valueName":"search_term_string"}}],"inLanguage":"de"},{"@type":"Organization","@id":"https:\/\/www.iemj.org\/de\/#organization","name":"Institut Europ\u00e9en des Musiques Juives","url":"https:\/\/www.iemj.org\/de\/","logo":{"@type":"ImageObject","inLanguage":"de","@id":"https:\/\/www.iemj.org\/de\/#\/schema\/logo\/image\/","url":"https:\/\/www.iemj.org\/wp-content\/uploads\/2021\/09\/Logo-IEMJ-Paypal.jpg","contentUrl":"https:\/\/www.iemj.org\/wp-content\/uploads\/2021\/09\/Logo-IEMJ-Paypal.jpg","width":150,"height":50,"caption":"Institut Europ\u00e9en des Musiques Juives"},"image":{"@id":"https:\/\/www.iemj.org\/de\/#\/schema\/logo\/image\/"},"sameAs":["https:\/\/www.facebook.com\/MusiquesJuives\/","https:\/\/www.instagram.com\/musiquesjuives\/","https:\/\/www.youtube.com\/user\/musiquesjuives"]},{"@type":"Person","@id":"https:\/\/www.iemj.org\/de\/#\/schema\/person\/906134402c29d5c76e7b726261dd4bbd","name":"Herv\u00e9 Roten","image":{"@type":"ImageObject","inLanguage":"de","@id":"https:\/\/secure.gravatar.com\/avatar\/f96ad2db538a26481f18384936b5cd0610c92d390c4dc382209216d455f685ff?s=96&d=mm&r=g","url":"https:\/\/secure.gravatar.com\/avatar\/f96ad2db538a26481f18384936b5cd0610c92d390c4dc382209216d455f685ff?s=96&d=mm&r=g","contentUrl":"https:\/\/secure.gravatar.com\/avatar\/f96ad2db538a26481f18384936b5cd0610c92d390c4dc382209216d455f685ff?s=96&d=mm&r=g","caption":"Herv\u00e9 Roten"}}]}},"_links":{"self":[{"href":"https:\/\/www.iemj.org\/de\/wp-json\/wp\/v2\/posts\/58768","targetHints":{"allow":["GET"]}}],"collection":[{"href":"https:\/\/www.iemj.org\/de\/wp-json\/wp\/v2\/posts"}],"about":[{"href":"https:\/\/www.iemj.org\/de\/wp-json\/wp\/v2\/types\/post"}],"author":[{"embeddable":true,"href":"https:\/\/www.iemj.org\/de\/wp-json\/wp\/v2\/users\/1045"}],"replies":[{"embeddable":true,"href":"https:\/\/www.iemj.org\/de\/wp-json\/wp\/v2\/comments?post=58768"}],"version-history":[{"count":0,"href":"https:\/\/www.iemj.org\/de\/wp-json\/wp\/v2\/posts\/58768\/revisions"}],"wp:featuredmedia":[{"embeddable":true,"href":"https:\/\/www.iemj.org\/de\/wp-json\/wp\/v2\/media\/58769"}],"wp:attachment":[{"href":"https:\/\/www.iemj.org\/de\/wp-json\/wp\/v2\/media?parent=58768"}],"wp:term":[{"taxonomy":"category","embeddable":true,"href":"https:\/\/www.iemj.org\/de\/wp-json\/wp\/v2\/categories?post=58768"},{"taxonomy":"post_tag","embeddable":true,"href":"https:\/\/www.iemj.org\/de\/wp-json\/wp\/v2\/tags?post=58768"},{"taxonomy":"technique","embeddable":true,"href":"https:\/\/www.iemj.org\/de\/wp-json\/wp\/v2\/technique?post=58768"},{"taxonomy":"squelettes","embeddable":true,"href":"https:\/\/www.iemj.org\/de\/wp-json\/wp\/v2\/squelettes?post=58768"},{"taxonomy":"sujet","embeddable":true,"href":"https:\/\/www.iemj.org\/de\/wp-json\/wp\/v2\/sujet?post=58768"},{"taxonomy":"formation","embeddable":true,"href":"https:\/\/www.iemj.org\/de\/wp-json\/wp\/v2\/formation?post=58768"},{"taxonomy":"genre","embeddable":true,"href":"https:\/\/www.iemj.org\/de\/wp-json\/wp\/v2\/genre?post=58768"},{"taxonomy":"fonds","embeddable":true,"href":"https:\/\/www.iemj.org\/de\/wp-json\/wp\/v2\/fonds?post=58768"},{"taxonomy":"tradition","embeddable":true,"href":"https:\/\/www.iemj.org\/de\/wp-json\/wp\/v2\/tradition?post=58768"},{"taxonomy":"type-de-contenu","embeddable":true,"href":"https:\/\/www.iemj.org\/de\/wp-json\/wp\/v2\/type-de-contenu?post=58768"},{"taxonomy":"interprete-compositeur","embeddable":true,"href":"https:\/\/www.iemj.org\/de\/wp-json\/wp\/v2\/interprete-compositeur?post=58768"},{"taxonomy":"frise","embeddable":true,"href":"https:\/\/www.iemj.org\/de\/wp-json\/wp\/v2\/frise?post=58768"},{"taxonomy":"type-devenement","embeddable":true,"href":"https:\/\/www.iemj.org\/de\/wp-json\/wp\/v2\/type-devenement?post=58768"},{"taxonomy":"tableaux-liens-externes","embeddable":true,"href":"https:\/\/www.iemj.org\/de\/wp-json\/wp\/v2\/tableaux-liens-externes?post=58768"}],"curies":[{"name":"wp","href":"https:\/\/api.w.org\/{rel}","templated":true}]}}