{"id":58962,"date":"2016-09-27T12:36:05","date_gmt":"2016-09-27T10:36:05","guid":{"rendered":"https:\/\/www.iemj.org\/roch-hachana-1\/"},"modified":"2024-09-24T12:18:13","modified_gmt":"2024-09-24T10:18:13","slug":"roch-hachana-1","status":"publish","type":"post","link":"https:\/\/www.iemj.org\/de\/roch-hachana-1\/","title":{"rendered":"Rosch Ha-Schana 1"},"content":{"rendered":"<p><strong>Hier bekommen Sie eine Auswahl der sch\u00f6nsten Lieder von Rosch Ha-Schana zu h\u00f6ren, welche von Albert Kirch, Marcel Lorand, Jan Peerce, dem Ensemble Alla Francesca dargeboten werden.<\/strong><\/p>\n<p><!--more--><\/p>\n<p>Rosch Ha-Schana bedeutet \u201eKopf des Jahres\u201c und entspricht dem j\u00fcdischen Neujahrstag. Auch wenn der Tora zufolge das Jahr mit Nissan (dem Pessach-Monat) beginnt, hat der Brauch dennoch diesen Tag, als den ersten Tag des neuen Jahres etabliert.<\/p>\n<p>Rosch Ha-Schana wird auch Jom Hadin, \u201eder Gerichtstag\u201c, genannt und versinnbildlicht den Tag der Sch\u00f6pfung des Menschen. Es handelt sich dabei, um einen Tag des tiefen Gebets, mit welchem die Barmherzigkeit Gottes erbeten wird. Gleichzeitig handelt es sich aber auch um einen Freudentag, da auf Gottes Urteil vertraut wird.<\/p>\n<p><img fetchpriority=\"high\" decoding=\"async\" class=\" alignright  wp-image-11742\" src=\"https:\/\/www.iemj.org\/wp-content\/uploads\/2016\/09\/doc_2_roch_hachana_500px_75.jpg\" alt=\"doc_2_roch_hachana_500px_75.jpg\" width=\"307\" height=\"395\" align=\"right\" srcset=\"https:\/\/www.iemj.org\/wp-content\/uploads\/2016\/09\/doc_2_roch_hachana_500px_75.jpg 375w, https:\/\/www.iemj.org\/wp-content\/uploads\/2016\/09\/doc_2_roch_hachana_500px_75-233x300.jpg 233w\" sizes=\"(max-width: 307px) 100vw, 307px\" \/>Im Morgengebet der beiden Tage, wird gew\u00f6hnlich das Schofar geblasen, um an die Opferung Isaaks und die Barmherzigkeit, mit welche Gott ihn bedachte, zu erinnern.<\/p>\n<p>Einer anderen Tradition nach, sollen die Menschen w\u00e4hrend dieser Festtage nur \u201epositive\u201c Gedanken haben und weder Wut noch Hass gegen\u00fcber anderer Menschen versp\u00fcren. Damit soll der erste Tag des neuen Jahres als Beispiel und Referenz f\u00fcr die anderen Tage dienen, welche noch folgen werden.<\/p>\n<p>Mit Rosch Ha-Schana beginnt die Zeit der Zehn Tage der Bu\u00dfe, welche mit Jom Kippur, dem Tag der Vers\u00f6hnung, enden.<\/p>\n<p><b><strong><span style=\"font-size: xx-large;\">SHANA TOVA!!!<\/span><\/strong><\/b><\/p>\n<p><a href=\"https:\/\/www.iemj.org\/de\/roch-hachana-2\/\" target=\"_blank\" rel=\"noopener\">H\u00f6ren Sie sich die Playlist an: Rosch Ha-Schana 2<\/a><\/p>\n<p><img decoding=\"async\" class=\" aligncenter size-full wp-image-11744\" src=\"https:\/\/www.iemj.org\/wp-content\/uploads\/2016\/09\/doc_1_roch_hachana_500px_85.jpg\" alt=\"doc_1_roch_hachana_500px_85.jpg\" width=\"425\" height=\"272\" align=\"middle\" srcset=\"https:\/\/www.iemj.org\/wp-content\/uploads\/2016\/09\/doc_1_roch_hachana_500px_85.jpg 425w, https:\/\/www.iemj.org\/wp-content\/uploads\/2016\/09\/doc_1_roch_hachana_500px_85-300x192.jpg 300w\" sizes=\"(max-width: 425px) 100vw, 425px\" \/><\/p>\n\n\n<figure class=\"wp-block-image alignwide size-large\"><img decoding=\"async\" width=\"1024\" height=\"133\" src=\"https:\/\/www.iemj.org\/wp-content\/uploads\/2024\/03\/AUDIO-PLAYER-1024x133.png\" alt=\"\" class=\"wp-image-110606\" srcset=\"https:\/\/www.iemj.org\/wp-content\/uploads\/2024\/03\/AUDIO-PLAYER-1024x133.png 1024w, https:\/\/www.iemj.org\/wp-content\/uploads\/2024\/03\/AUDIO-PLAYER-300x39.png 300w, https:\/\/www.iemj.org\/wp-content\/uploads\/2024\/03\/AUDIO-PLAYER-768x100.png 768w, https:\/\/www.iemj.org\/wp-content\/uploads\/2024\/03\/AUDIO-PLAYER-600x78.png 600w, https:\/\/www.iemj.org\/wp-content\/uploads\/2024\/03\/AUDIO-PLAYER.png 1210w\" sizes=\"(max-width: 1024px) 100vw, 1024px\" \/><\/figure>\n\n\n\n<div class=\"wp-block-file\"><a href=\"https:\/\/www.iemj.org\/wp-content\/uploads\/2016\/09\/a_story_for_a_new_year_extrait_-_tamar_bornstein-laxar.mp3\">A Story for a new year (EXTRAIT) &#8211; Tamar BORNSTEIN-LAXAR<\/a><\/div>\n\n\n\n<div class=\"wp-block-file\"><a href=\"https:\/\/www.iemj.org\/wp-content\/uploads\/2016\/09\/ayom_arat_olam_extrait_-_philippe_darmon.mp3\">Ayom Arat Olam (EXTRAIT) &#8211; Philippe DARMON<\/a><\/div>\n\n\n\n<div class=\"wp-block-file\"><a href=\"https:\/\/www.iemj.org\/wp-content\/uploads\/2016\/09\/beroch_hachono_-_marcel_lorand.mp3\">Beroch Hachono &#8211; Marcel LORAND<\/a><\/div>\n\n\n\n<div class=\"wp-block-file\"><a href=\"https:\/\/www.iemj.org\/wp-content\/uploads\/2016\/09\/kiddouch_des_trois_fetes_extrait_-_albert_kirch.mp3\">Kiddouch des trois f\u00eates (EXTRAIT) &#8211; Albert KIRCH<\/a><\/div>\n\n\n\n<div class=\"wp-block-file\"><a href=\"https:\/\/www.iemj.org\/wp-content\/uploads\/2016\/09\/kiddoush_nazareth_extrait_-_albert_kirch.mp3\">Kiddoush (Nazareth) (EXTRAIT) &#8211; Albert KIRCH<\/a><\/div>\n\n\n\n<div class=\"wp-block-file\"><a href=\"https:\/\/www.iemj.org\/wp-content\/uploads\/2016\/09\/les_anfanz_des_avot_-_ensemble_alla_francesca.mp3\">Les anfanz des avot &#8211; Ensemble Alla Francesca<\/a><\/div>\n\n\n\n<div class=\"wp-block-file\"><a href=\"https:\/\/www.iemj.org\/wp-content\/uploads\/2016\/09\/olenu_-_jan_peerce.mp3\">Olenu &#8211; Jan PEERCE<\/a><\/div>\n\n\n\n<div class=\"wp-block-file\"><a href=\"https:\/\/www.iemj.org\/wp-content\/uploads\/2016\/09\/roi_de_poer_-_ensemble_alla_francesca.mp3\">Roi de poer &#8211; Ensemble Alla Francesca<\/a><\/div>\n\n\n\n<div class=\"wp-block-file\"><a href=\"https:\/\/www.iemj.org\/wp-content\/uploads\/2016\/09\/shana_tova_-_chag_lataf_30_holiday_songs_for_tots.mp3\">Shana Tova &#8211; Chag Lataf  30 Holiday Songs for Tots<\/a><\/div>\n\n\n\n<div class=\"wp-block-file\"><a href=\"https:\/\/www.iemj.org\/wp-content\/uploads\/2016\/09\/shana_tova_-_tamar_bornstein-laxar.mp3\">Shana Tova &#8211; Tamar BORNSTEIN-LAXAR<\/a><\/div>\n\n\n\n<div class=\"wp-block-file\"><a href=\"https:\/\/www.iemj.org\/wp-content\/uploads\/2016\/09\/uvashofor_godol_-_jan_peerce.mp3\">Uvashofor Godol &#8211; Jan PEERCE<\/a><\/div>\n\n\n\n<div class=\"wp-block-file\"><a href=\"https:\/\/www.iemj.org\/wp-content\/uploads\/2016\/09\/00_00_ahot_k_tanna_tradition_des_juifs_hispano-portugais_de_londres_01_18_a_hot_ketana_dans_le_rite_de_tlemcen_04_18_ahut_ghatano_rite_des_juifs_des_montagnes_.mp3\">Ahot K&#8217;Tanna (tradition des juifs hispano-portugais de Londres) 00&#8217;00 ; A&#8217;hot ketana (dans le rite de Tlemcen)  01&#8217;18 ; Ah\u00fct gh\u00e4tano (rite des Juifs des montagnes) 04&#8217;18<\/a><\/div>\n","protected":false},"excerpt":{"rendered":"<p>Hier bekommen Sie eine Auswahl der sch\u00f6nsten Lieder von Rosch Ha-Schana zu h\u00f6ren, welche von Albert Kirch, Marcel Lorand, Jan Peerce, dem Ensemble Alla Francesca dargeboten werden.<\/p>\n","protected":false},"author":1052,"featured_media":58963,"comment_status":"closed","ping_status":"open","sticky":false,"template":"","format":"standard","meta":{"_acf_changed":false,"footnotes":""},"categories":[1534],"tags":[],"technique":[],"squelettes":[],"sujet":[1850],"formation":[],"genre":[],"fonds":[],"tradition":[],"type-de-contenu":[],"interprete-compositeur":[],"frise":[],"type-devenement":[],"tableaux-liens-externes":[],"class_list":["post-58962","post","type-post","status-publish","format-standard","has-post-thumbnail","hentry","category-playlists-de","sujet-rosch-haschana-de"],"acf":[],"yoast_head":"<!-- This site is optimized with the Yoast SEO plugin v27.3 - https:\/\/yoast.com\/product\/yoast-seo-wordpress\/ -->\n<title>Rosch Ha-Schana 1 - Institut Europ\u00e9en des Musiques Juives<\/title>\n<meta name=\"robots\" content=\"index, follow, max-snippet:-1, max-image-preview:large, max-video-preview:-1\" \/>\n<link rel=\"canonical\" href=\"https:\/\/www.iemj.org\/de\/roch-hachana-1\/\" \/>\n<meta property=\"og:locale\" content=\"de_DE\" \/>\n<meta property=\"og:type\" content=\"article\" \/>\n<meta property=\"og:title\" content=\"Rosch Ha-Schana 1 - Institut Europ\u00e9en des Musiques Juives\" \/>\n<meta property=\"og:description\" content=\"Hier bekommen Sie eine Auswahl der sch\u00f6nsten Lieder von Rosch Ha-Schana zu h\u00f6ren, welche von Albert Kirch, Marcel Lorand, Jan Peerce, dem Ensemble Alla Francesca dargeboten werden.\" \/>\n<meta property=\"og:url\" content=\"https:\/\/www.iemj.org\/de\/roch-hachana-1\/\" \/>\n<meta property=\"og:site_name\" content=\"Institut Europ\u00e9en des Musiques Juives\" \/>\n<meta property=\"article:publisher\" content=\"https:\/\/www.facebook.com\/MusiquesJuives\/\" \/>\n<meta property=\"article:published_time\" content=\"2016-09-27T10:36:05+00:00\" \/>\n<meta property=\"article:modified_time\" content=\"2024-09-24T10:18:13+00:00\" \/>\n<meta property=\"og:image\" content=\"https:\/\/www.iemj.org\/wp-content\/uploads\/2016\/09\/arton1866-e1629818839940.jpg\" \/>\n\t<meta property=\"og:image:width\" content=\"350\" \/>\n\t<meta property=\"og:image:height\" content=\"323\" \/>\n\t<meta property=\"og:image:type\" content=\"image\/jpeg\" \/>\n<meta name=\"author\" content=\"Lea Couderc\" \/>\n<meta name=\"twitter:card\" content=\"summary_large_image\" \/>\n<meta name=\"twitter:label1\" content=\"Verfasst von\" \/>\n\t<meta name=\"twitter:data1\" content=\"Lea Couderc\" \/>\n\t<meta name=\"twitter:label2\" content=\"Gesch\u00e4tzte Lesezeit\" \/>\n\t<meta name=\"twitter:data2\" content=\"3\u00a0Minuten\" \/>\n<script type=\"application\/ld+json\" class=\"yoast-schema-graph\">{\"@context\":\"https:\\\/\\\/schema.org\",\"@graph\":[{\"@type\":\"Article\",\"@id\":\"https:\\\/\\\/www.iemj.org\\\/de\\\/roch-hachana-1\\\/#article\",\"isPartOf\":{\"@id\":\"https:\\\/\\\/www.iemj.org\\\/de\\\/roch-hachana-1\\\/\"},\"author\":{\"name\":\"Lea Couderc\",\"@id\":\"https:\\\/\\\/www.iemj.org\\\/de\\\/#\\\/schema\\\/person\\\/e2ad57f2c4be119c7ed8ab79036807a9\"},\"headline\":\"Rosch Ha-Schana 1\",\"datePublished\":\"2016-09-27T10:36:05+00:00\",\"dateModified\":\"2024-09-24T10:18:13+00:00\",\"mainEntityOfPage\":{\"@id\":\"https:\\\/\\\/www.iemj.org\\\/de\\\/roch-hachana-1\\\/\"},\"wordCount\":327,\"publisher\":{\"@id\":\"https:\\\/\\\/www.iemj.org\\\/de\\\/#organization\"},\"image\":{\"@id\":\"https:\\\/\\\/www.iemj.org\\\/de\\\/roch-hachana-1\\\/#primaryimage\"},\"thumbnailUrl\":\"https:\\\/\\\/www.iemj.org\\\/wp-content\\\/uploads\\\/2016\\\/09\\\/arton1866-e1629818839940.jpg\",\"articleSection\":[\"Playlists\"],\"inLanguage\":\"de\"},{\"@type\":\"WebPage\",\"@id\":\"https:\\\/\\\/www.iemj.org\\\/de\\\/roch-hachana-1\\\/\",\"url\":\"https:\\\/\\\/www.iemj.org\\\/de\\\/roch-hachana-1\\\/\",\"name\":\"Rosch Ha-Schana 1 - Institut Europ\u00e9en des Musiques Juives\",\"isPartOf\":{\"@id\":\"https:\\\/\\\/www.iemj.org\\\/de\\\/#website\"},\"primaryImageOfPage\":{\"@id\":\"https:\\\/\\\/www.iemj.org\\\/de\\\/roch-hachana-1\\\/#primaryimage\"},\"image\":{\"@id\":\"https:\\\/\\\/www.iemj.org\\\/de\\\/roch-hachana-1\\\/#primaryimage\"},\"thumbnailUrl\":\"https:\\\/\\\/www.iemj.org\\\/wp-content\\\/uploads\\\/2016\\\/09\\\/arton1866-e1629818839940.jpg\",\"datePublished\":\"2016-09-27T10:36:05+00:00\",\"dateModified\":\"2024-09-24T10:18:13+00:00\",\"breadcrumb\":{\"@id\":\"https:\\\/\\\/www.iemj.org\\\/de\\\/roch-hachana-1\\\/#breadcrumb\"},\"inLanguage\":\"de\",\"potentialAction\":[{\"@type\":\"ReadAction\",\"target\":[\"https:\\\/\\\/www.iemj.org\\\/de\\\/roch-hachana-1\\\/\"]}]},{\"@type\":\"ImageObject\",\"inLanguage\":\"de\",\"@id\":\"https:\\\/\\\/www.iemj.org\\\/de\\\/roch-hachana-1\\\/#primaryimage\",\"url\":\"https:\\\/\\\/www.iemj.org\\\/wp-content\\\/uploads\\\/2016\\\/09\\\/arton1866-e1629818839940.jpg\",\"contentUrl\":\"https:\\\/\\\/www.iemj.org\\\/wp-content\\\/uploads\\\/2016\\\/09\\\/arton1866-e1629818839940.jpg\",\"width\":350,\"height\":323},{\"@type\":\"BreadcrumbList\",\"@id\":\"https:\\\/\\\/www.iemj.org\\\/de\\\/roch-hachana-1\\\/#breadcrumb\",\"itemListElement\":[{\"@type\":\"ListItem\",\"position\":1,\"name\":\"Accueil\",\"item\":\"https:\\\/\\\/www.iemj.org\\\/de\\\/\"},{\"@type\":\"ListItem\",\"position\":2,\"name\":\"Rosch Ha-Schana 1\"}]},{\"@type\":\"WebSite\",\"@id\":\"https:\\\/\\\/www.iemj.org\\\/de\\\/#website\",\"url\":\"https:\\\/\\\/www.iemj.org\\\/de\\\/\",\"name\":\"Institut Europ\u00e9en des Musiques Juives\",\"description\":\"Des traditions musicales \u00e0 la port\u00e9e de tous\",\"publisher\":{\"@id\":\"https:\\\/\\\/www.iemj.org\\\/de\\\/#organization\"},\"potentialAction\":[{\"@type\":\"SearchAction\",\"target\":{\"@type\":\"EntryPoint\",\"urlTemplate\":\"https:\\\/\\\/www.iemj.org\\\/de\\\/?s={search_term_string}\"},\"query-input\":{\"@type\":\"PropertyValueSpecification\",\"valueRequired\":true,\"valueName\":\"search_term_string\"}}],\"inLanguage\":\"de\"},{\"@type\":\"Organization\",\"@id\":\"https:\\\/\\\/www.iemj.org\\\/de\\\/#organization\",\"name\":\"Institut Europ\u00e9en des Musiques Juives\",\"url\":\"https:\\\/\\\/www.iemj.org\\\/de\\\/\",\"logo\":{\"@type\":\"ImageObject\",\"inLanguage\":\"de\",\"@id\":\"https:\\\/\\\/www.iemj.org\\\/de\\\/#\\\/schema\\\/logo\\\/image\\\/\",\"url\":\"https:\\\/\\\/www.iemj.org\\\/wp-content\\\/uploads\\\/2021\\\/09\\\/Logo-IEMJ-Paypal.jpg\",\"contentUrl\":\"https:\\\/\\\/www.iemj.org\\\/wp-content\\\/uploads\\\/2021\\\/09\\\/Logo-IEMJ-Paypal.jpg\",\"width\":150,\"height\":50,\"caption\":\"Institut Europ\u00e9en des Musiques Juives\"},\"image\":{\"@id\":\"https:\\\/\\\/www.iemj.org\\\/de\\\/#\\\/schema\\\/logo\\\/image\\\/\"},\"sameAs\":[\"https:\\\/\\\/www.facebook.com\\\/MusiquesJuives\\\/\",\"https:\\\/\\\/www.instagram.com\\\/musiquesjuives\\\/\",\"https:\\\/\\\/www.youtube.com\\\/user\\\/musiquesjuives\"]},{\"@type\":\"Person\",\"@id\":\"https:\\\/\\\/www.iemj.org\\\/de\\\/#\\\/schema\\\/person\\\/e2ad57f2c4be119c7ed8ab79036807a9\",\"name\":\"Lea Couderc\",\"image\":{\"@type\":\"ImageObject\",\"inLanguage\":\"de\",\"@id\":\"https:\\\/\\\/secure.gravatar.com\\\/avatar\\\/46ee021475d60aeff17a7e490b79dea5a5684bb392ab7fd1494027411df8ba23?s=96&d=mm&r=g\",\"url\":\"https:\\\/\\\/secure.gravatar.com\\\/avatar\\\/46ee021475d60aeff17a7e490b79dea5a5684bb392ab7fd1494027411df8ba23?s=96&d=mm&r=g\",\"contentUrl\":\"https:\\\/\\\/secure.gravatar.com\\\/avatar\\\/46ee021475d60aeff17a7e490b79dea5a5684bb392ab7fd1494027411df8ba23?s=96&d=mm&r=g\",\"caption\":\"Lea Couderc\"}}]}<\/script>\n<!-- \/ Yoast SEO plugin. -->","yoast_head_json":{"title":"Rosch Ha-Schana 1 - Institut Europ\u00e9en des Musiques Juives","robots":{"index":"index","follow":"follow","max-snippet":"max-snippet:-1","max-image-preview":"max-image-preview:large","max-video-preview":"max-video-preview:-1"},"canonical":"https:\/\/www.iemj.org\/de\/roch-hachana-1\/","og_locale":"de_DE","og_type":"article","og_title":"Rosch Ha-Schana 1 - Institut Europ\u00e9en des Musiques Juives","og_description":"Hier bekommen Sie eine Auswahl der sch\u00f6nsten Lieder von Rosch Ha-Schana zu h\u00f6ren, welche von Albert Kirch, Marcel Lorand, Jan Peerce, dem Ensemble Alla Francesca dargeboten werden.","og_url":"https:\/\/www.iemj.org\/de\/roch-hachana-1\/","og_site_name":"Institut Europ\u00e9en des Musiques Juives","article_publisher":"https:\/\/www.facebook.com\/MusiquesJuives\/","article_published_time":"2016-09-27T10:36:05+00:00","article_modified_time":"2024-09-24T10:18:13+00:00","og_image":[{"width":350,"height":323,"url":"https:\/\/www.iemj.org\/wp-content\/uploads\/2016\/09\/arton1866-e1629818839940.jpg","type":"image\/jpeg"}],"author":"Lea Couderc","twitter_card":"summary_large_image","twitter_misc":{"Verfasst von":"Lea Couderc","Gesch\u00e4tzte Lesezeit":"3\u00a0Minuten"},"schema":{"@context":"https:\/\/schema.org","@graph":[{"@type":"Article","@id":"https:\/\/www.iemj.org\/de\/roch-hachana-1\/#article","isPartOf":{"@id":"https:\/\/www.iemj.org\/de\/roch-hachana-1\/"},"author":{"name":"Lea Couderc","@id":"https:\/\/www.iemj.org\/de\/#\/schema\/person\/e2ad57f2c4be119c7ed8ab79036807a9"},"headline":"Rosch Ha-Schana 1","datePublished":"2016-09-27T10:36:05+00:00","dateModified":"2024-09-24T10:18:13+00:00","mainEntityOfPage":{"@id":"https:\/\/www.iemj.org\/de\/roch-hachana-1\/"},"wordCount":327,"publisher":{"@id":"https:\/\/www.iemj.org\/de\/#organization"},"image":{"@id":"https:\/\/www.iemj.org\/de\/roch-hachana-1\/#primaryimage"},"thumbnailUrl":"https:\/\/www.iemj.org\/wp-content\/uploads\/2016\/09\/arton1866-e1629818839940.jpg","articleSection":["Playlists"],"inLanguage":"de"},{"@type":"WebPage","@id":"https:\/\/www.iemj.org\/de\/roch-hachana-1\/","url":"https:\/\/www.iemj.org\/de\/roch-hachana-1\/","name":"Rosch Ha-Schana 1 - Institut Europ\u00e9en des Musiques Juives","isPartOf":{"@id":"https:\/\/www.iemj.org\/de\/#website"},"primaryImageOfPage":{"@id":"https:\/\/www.iemj.org\/de\/roch-hachana-1\/#primaryimage"},"image":{"@id":"https:\/\/www.iemj.org\/de\/roch-hachana-1\/#primaryimage"},"thumbnailUrl":"https:\/\/www.iemj.org\/wp-content\/uploads\/2016\/09\/arton1866-e1629818839940.jpg","datePublished":"2016-09-27T10:36:05+00:00","dateModified":"2024-09-24T10:18:13+00:00","breadcrumb":{"@id":"https:\/\/www.iemj.org\/de\/roch-hachana-1\/#breadcrumb"},"inLanguage":"de","potentialAction":[{"@type":"ReadAction","target":["https:\/\/www.iemj.org\/de\/roch-hachana-1\/"]}]},{"@type":"ImageObject","inLanguage":"de","@id":"https:\/\/www.iemj.org\/de\/roch-hachana-1\/#primaryimage","url":"https:\/\/www.iemj.org\/wp-content\/uploads\/2016\/09\/arton1866-e1629818839940.jpg","contentUrl":"https:\/\/www.iemj.org\/wp-content\/uploads\/2016\/09\/arton1866-e1629818839940.jpg","width":350,"height":323},{"@type":"BreadcrumbList","@id":"https:\/\/www.iemj.org\/de\/roch-hachana-1\/#breadcrumb","itemListElement":[{"@type":"ListItem","position":1,"name":"Accueil","item":"https:\/\/www.iemj.org\/de\/"},{"@type":"ListItem","position":2,"name":"Rosch Ha-Schana 1"}]},{"@type":"WebSite","@id":"https:\/\/www.iemj.org\/de\/#website","url":"https:\/\/www.iemj.org\/de\/","name":"Institut Europ\u00e9en des Musiques Juives","description":"Des traditions musicales \u00e0 la port\u00e9e de tous","publisher":{"@id":"https:\/\/www.iemj.org\/de\/#organization"},"potentialAction":[{"@type":"SearchAction","target":{"@type":"EntryPoint","urlTemplate":"https:\/\/www.iemj.org\/de\/?s={search_term_string}"},"query-input":{"@type":"PropertyValueSpecification","valueRequired":true,"valueName":"search_term_string"}}],"inLanguage":"de"},{"@type":"Organization","@id":"https:\/\/www.iemj.org\/de\/#organization","name":"Institut Europ\u00e9en des Musiques Juives","url":"https:\/\/www.iemj.org\/de\/","logo":{"@type":"ImageObject","inLanguage":"de","@id":"https:\/\/www.iemj.org\/de\/#\/schema\/logo\/image\/","url":"https:\/\/www.iemj.org\/wp-content\/uploads\/2021\/09\/Logo-IEMJ-Paypal.jpg","contentUrl":"https:\/\/www.iemj.org\/wp-content\/uploads\/2021\/09\/Logo-IEMJ-Paypal.jpg","width":150,"height":50,"caption":"Institut Europ\u00e9en des Musiques Juives"},"image":{"@id":"https:\/\/www.iemj.org\/de\/#\/schema\/logo\/image\/"},"sameAs":["https:\/\/www.facebook.com\/MusiquesJuives\/","https:\/\/www.instagram.com\/musiquesjuives\/","https:\/\/www.youtube.com\/user\/musiquesjuives"]},{"@type":"Person","@id":"https:\/\/www.iemj.org\/de\/#\/schema\/person\/e2ad57f2c4be119c7ed8ab79036807a9","name":"Lea Couderc","image":{"@type":"ImageObject","inLanguage":"de","@id":"https:\/\/secure.gravatar.com\/avatar\/46ee021475d60aeff17a7e490b79dea5a5684bb392ab7fd1494027411df8ba23?s=96&d=mm&r=g","url":"https:\/\/secure.gravatar.com\/avatar\/46ee021475d60aeff17a7e490b79dea5a5684bb392ab7fd1494027411df8ba23?s=96&d=mm&r=g","contentUrl":"https:\/\/secure.gravatar.com\/avatar\/46ee021475d60aeff17a7e490b79dea5a5684bb392ab7fd1494027411df8ba23?s=96&d=mm&r=g","caption":"Lea Couderc"}}]}},"_links":{"self":[{"href":"https:\/\/www.iemj.org\/de\/wp-json\/wp\/v2\/posts\/58962","targetHints":{"allow":["GET"]}}],"collection":[{"href":"https:\/\/www.iemj.org\/de\/wp-json\/wp\/v2\/posts"}],"about":[{"href":"https:\/\/www.iemj.org\/de\/wp-json\/wp\/v2\/types\/post"}],"author":[{"embeddable":true,"href":"https:\/\/www.iemj.org\/de\/wp-json\/wp\/v2\/users\/1052"}],"replies":[{"embeddable":true,"href":"https:\/\/www.iemj.org\/de\/wp-json\/wp\/v2\/comments?post=58962"}],"version-history":[{"count":0,"href":"https:\/\/www.iemj.org\/de\/wp-json\/wp\/v2\/posts\/58962\/revisions"}],"wp:featuredmedia":[{"embeddable":true,"href":"https:\/\/www.iemj.org\/de\/wp-json\/wp\/v2\/media\/58963"}],"wp:attachment":[{"href":"https:\/\/www.iemj.org\/de\/wp-json\/wp\/v2\/media?parent=58962"}],"wp:term":[{"taxonomy":"category","embeddable":true,"href":"https:\/\/www.iemj.org\/de\/wp-json\/wp\/v2\/categories?post=58962"},{"taxonomy":"post_tag","embeddable":true,"href":"https:\/\/www.iemj.org\/de\/wp-json\/wp\/v2\/tags?post=58962"},{"taxonomy":"technique","embeddable":true,"href":"https:\/\/www.iemj.org\/de\/wp-json\/wp\/v2\/technique?post=58962"},{"taxonomy":"squelettes","embeddable":true,"href":"https:\/\/www.iemj.org\/de\/wp-json\/wp\/v2\/squelettes?post=58962"},{"taxonomy":"sujet","embeddable":true,"href":"https:\/\/www.iemj.org\/de\/wp-json\/wp\/v2\/sujet?post=58962"},{"taxonomy":"formation","embeddable":true,"href":"https:\/\/www.iemj.org\/de\/wp-json\/wp\/v2\/formation?post=58962"},{"taxonomy":"genre","embeddable":true,"href":"https:\/\/www.iemj.org\/de\/wp-json\/wp\/v2\/genre?post=58962"},{"taxonomy":"fonds","embeddable":true,"href":"https:\/\/www.iemj.org\/de\/wp-json\/wp\/v2\/fonds?post=58962"},{"taxonomy":"tradition","embeddable":true,"href":"https:\/\/www.iemj.org\/de\/wp-json\/wp\/v2\/tradition?post=58962"},{"taxonomy":"type-de-contenu","embeddable":true,"href":"https:\/\/www.iemj.org\/de\/wp-json\/wp\/v2\/type-de-contenu?post=58962"},{"taxonomy":"interprete-compositeur","embeddable":true,"href":"https:\/\/www.iemj.org\/de\/wp-json\/wp\/v2\/interprete-compositeur?post=58962"},{"taxonomy":"frise","embeddable":true,"href":"https:\/\/www.iemj.org\/de\/wp-json\/wp\/v2\/frise?post=58962"},{"taxonomy":"type-devenement","embeddable":true,"href":"https:\/\/www.iemj.org\/de\/wp-json\/wp\/v2\/type-devenement?post=58962"},{"taxonomy":"tableaux-liens-externes","embeddable":true,"href":"https:\/\/www.iemj.org\/de\/wp-json\/wp\/v2\/tableaux-liens-externes?post=58962"}],"curies":[{"name":"wp","href":"https:\/\/api.w.org\/{rel}","templated":true}]}}