{"id":59175,"date":"2016-10-05T14:32:30","date_gmt":"2016-10-05T12:32:30","guid":{"rendered":"https:\/\/www.iemj.org\/yom-kippour-1\/"},"modified":"2024-10-09T15:33:44","modified_gmt":"2024-10-09T13:33:44","slug":"yom-kippour-1","status":"publish","type":"post","link":"https:\/\/www.iemj.org\/de\/yom-kippour-1\/","title":{"rendered":"Yom Kippur 1"},"content":{"rendered":"<p>Jom Kippur, im Volksmund auch \u201eVers\u00f6hnungstag\u201c genannt, ist einer der h\u00f6chsten j\u00fcdischen Feiertage\u2026<\/p>\n<p>Die Feierlichkeiten beginnen bei Einbruch der D\u00e4mmerung, mit dem symbolischen Gebet Kol Nidre, in welchem die Gl\u00e4ubigen Gott darum bitten, alle Gel\u00fcbde, Schw\u00fcre, Verpflichtungen und Versprechen, welche vor Jom Kippur gegeben wurden und nicht eingehalten wurden, zu widerrufen.<\/p>\n<p>Die traditionelle Melodie dieses Gebets war schon immer eine Quelle der Faszination und hat nicht nur die aschkenasische Welt \u2013 in welcher dieses Gebet ungew\u00f6hnlicherweise in allen Gemeinschaften auf dieselbe Melodie gesungen wird \u2013 in ihren Bann gezogen, sondern auch viele j\u00fcdische wie auch nicht-j\u00fcdische Komponisten zur Komposition von wundersch\u00f6nen St\u00fccken inspiriert.<\/p>\n<p><img fetchpriority=\"high\" decoding=\"async\" class=\" alignright  wp-image-11854\" src=\"https:\/\/www.iemj.org\/wp-content\/uploads\/2016\/10\/doc_1_shoffar_kippour_500px.jpg\" alt=\"doc_1_shoffar_kippour_500px.jpg\" width=\"252\" height=\"340\" align=\"right\" srcset=\"https:\/\/www.iemj.org\/wp-content\/uploads\/2016\/10\/doc_1_shoffar_kippour_500px.jpg 325w, https:\/\/www.iemj.org\/wp-content\/uploads\/2016\/10\/doc_1_shoffar_kippour_500px-223x300.jpg 223w\" sizes=\"(max-width: 252px) 100vw, 252px\" \/>W\u00e4hrend der f\u00fcnf Gottesdienste von Kippur (Kol Nidr\u00e9, Chaharit, Minha, Ne\u00efla und Arvit) fasten und beten die Gl\u00e4ubigen in der Synagoge bis zum Erklingen des Chofar, welches symbolisch das Ende des Feiertags und der Periode der zehn \u201eschrecklichen Tage\u201c (<em>Yamim Noraim<\/em>) zwischen Rosch Haschana und Kippur kennzeichnet, an denen das Schicksal eines jeden Menschen vom dem Ewigen besiegelt wird.<\/p>\n<ul>\n<li><a href=\"https:\/\/www.iemj.org\/de\/yom-kippour-2\/\" target=\"_blank\" rel=\"noopener\">H\u00f6ren Sie sich die Playlist an: Kippur 2<\/a><\/li>\n<li><a href=\"https:\/\/www.iemj.org\/de\/loffice-de-moussaf-de-yom-kippour\/\" target=\"_blank\" rel=\"noopener\">H\u00f6ren Sie sich die von Herv\u00e9 Roten pr\u00e4sentierte Radiosendung an: L\u2019office de Moussaf de Yom Kippour<\/a><\/li>\n<li><a href=\"https:\/\/www.iemj.org\/de\/la-priere-du-kol-nidre\/\" target=\"_blank\" rel=\"noopener\">H\u00f6ren Sie sich die von Herv\u00e9 Roten pr\u00e4sentierte Radiosendung an: La pri\u00e8re du Kol nidr\u00e9<\/a><\/li>\n<li><a href=\"https:\/\/www.iemj.org\/de\/produit\/serge-kaufmann-kol-nidre-pour-choeur-quintette-a-cordes-piano-et-clarinette-partition-imprimee\/\" target=\"_blank\" rel=\"noopener\">Bestellen Sie die Partituren von du Kol Nidr\u00e9 von Serge Kaufmann<\/a><\/li>\n<li><a href=\"https:\/\/www.iemj.org\/de\/produit\/kol-nidre-huit-visions\/\" target=\"_blank\" rel=\"noopener\">Bestellen Sie unsere CD: 8 visions du Kol Nidr\u00e9<\/a><\/li>\n<li><a href=\"https:\/\/www.iemj.org\/de\/produit\/kol-nidre-new-visions\/\" target=\"_blank\" rel=\"noopener\">Bestellen Sie unsere CD: Kol Nidr\u00e9 &#8211; Nouvelles visions<\/a><\/li>\n<\/ul>\n<div style=\"text-align: center;\">\n<div style=\"margin: 8px 0px 4px;\"><a href=\"http:\/\/www.calameo.com\/books\/0046127491a1666edc90a\" target=\"_blank\" rel=\"noopener noreferrer\">Col Nidr\u00e9 &#8211; L\u00e9on ALGAZI<\/a><\/div>\n<p><iframe style=\"margin: 0 auto;\" src=\"\/\/v.calameo.com\/?bkcode=0046127491a1666edc90a&amp;mode=mini\" width=\"480\" height=\"300\" frameborder=\"0\" scrolling=\"no\" allowfullscreen=\"allowfullscreen\"><\/iframe><\/p>\n<div style=\"margin: 4px 0px 8px;\">\u00a0<\/div>\n<\/div>\n\n\n<figure class=\"wp-block-image alignwide size-large\"><img decoding=\"async\" width=\"1024\" height=\"133\" src=\"https:\/\/www.iemj.org\/wp-content\/uploads\/2024\/03\/AUDIO-PLAYER-1024x133.png\" alt=\"\" class=\"wp-image-110606\" srcset=\"https:\/\/www.iemj.org\/wp-content\/uploads\/2024\/03\/AUDIO-PLAYER-1024x133.png 1024w, https:\/\/www.iemj.org\/wp-content\/uploads\/2024\/03\/AUDIO-PLAYER-300x39.png 300w, https:\/\/www.iemj.org\/wp-content\/uploads\/2024\/03\/AUDIO-PLAYER-768x100.png 768w, https:\/\/www.iemj.org\/wp-content\/uploads\/2024\/03\/AUDIO-PLAYER-600x78.png 600w, https:\/\/www.iemj.org\/wp-content\/uploads\/2024\/03\/AUDIO-PLAYER.png 1210w\" sizes=\"(max-width: 1024px) 100vw, 1024px\" \/><\/figure>\n\n\n\n<div class=\"wp-block-file\"><a id=\"wp-block-file--media-05a99b0e-7d71-4325-9c21-347cdeaf96f4\" href=\"https:\/\/www.iemj.org\/wp-content\/uploads\/2016\/10\/kol_nidre_in_moscow_extrait_-_yehudi_menuhin.mp3\">Kol Nidre in Moscow (EXTRAIT) <\/a><\/div>\n\n\n\n<div class=\"wp-block-file\"><a id=\"wp-block-file--media-628606f1-0fa8-48ff-9366-466c62a8295c\" href=\"https:\/\/www.iemj.org\/wp-content\/uploads\/2016\/10\/kol_nidre_sonata_for_solo_violin_kol_nidre_8_visions_-_florin_szigeti.mp3\">Kol Nidre Sonata for Solo Violin (Kol Nidre, 8 visions) &#8211; Florin SZIGETI<\/a><\/div>\n\n\n\n<div class=\"wp-block-file\"><a id=\"wp-block-file--media-5be781be-b31e-4dad-8ab9-767fbbf0cc3a\" href=\"https:\/\/www.iemj.org\/wp-content\/uploads\/2016\/10\/oleinou_-_shalom_berlinski.mp3\">Oleinou &#8211; Shalom BERLINSKI<\/a><\/div>\n\n\n\n<div class=\"wp-block-file\"><a id=\"wp-block-file--media-fbe421d0-0aa5-4d4d-a1a8-6f0d40831c20\" href=\"https:\/\/www.iemj.org\/wp-content\/uploads\/2016\/10\/ono_tovo_oschamnou_-_emile_kacmann.mp3\">Ono Tovo Oschamnou &#8211; Emile KACMANN<\/a><\/div>\n\n\n\n<div class=\"wp-block-file\"><a id=\"wp-block-file--media-878c87e8-f5b2-46e1-a615-93793c1e9516\" href=\"https:\/\/www.iemj.org\/wp-content\/uploads\/2016\/10\/ovinou_malkrenou_-_emile_kacmann.mp3\">Ovinou Malk\u00e9nou &#8211; Emile KACMANN<\/a><\/div>\n\n\n\n<div class=\"wp-block-file\"><a id=\"wp-block-file--media-f785a92c-c3be-4adf-aa47-0e0cfc2429fe\" href=\"https:\/\/www.iemj.org\/wp-content\/uploads\/2016\/10\/rahmanah_-_israel_traditions_liturgiques_des_communautes_juives_les_jours_de_kippour_.mp3\">Rahmanah &#8211; Isra\u00ebl Traditions Liturgiques des Communaut\u00e9s Juives (les jours de Kippour) <\/a><\/div>\n\n\n\n<div class=\"wp-block-file\"><a id=\"wp-block-file--media-73bf5334-6a4f-49dc-9ca3-b7d18635d002\" href=\"https:\/\/www.iemj.org\/wp-content\/uploads\/2016\/10\/schema_-_shalom_berlinski.mp3\">Schema &#8211; Shalom BERLINSKI<\/a><\/div>\n\n\n\n<div class=\"wp-block-file\"><a id=\"wp-block-file--media-cfb3e7c2-c6f1-49d2-8f0b-996551cb4e27\" href=\"https:\/\/www.iemj.org\/wp-content\/uploads\/2016\/10\/yom_kippur_yom_hadin_-_m._eldidawi.mp3\">Yom Kippur yom hadin &#8211; M. ELDIDAWI<\/a><\/div>\n","protected":false},"excerpt":{"rendered":"<p>Jom Kippur, im Volksmund auch \u201eVers\u00f6hnungstag\u201c genannt, ist einer der h\u00f6chsten j\u00fcdischen Feiertage\u2026 Die Feierlichkeiten beginnen bei Einbruch der D\u00e4mmerung, mit dem symbolischen Gebet Kol Nidre, in welchem die Gl\u00e4ubigen<\/p>\n","protected":false},"author":1052,"featured_media":59177,"comment_status":"closed","ping_status":"open","sticky":false,"template":"","format":"standard","meta":{"_acf_changed":false,"footnotes":""},"categories":[1534],"tags":[],"technique":[],"squelettes":[],"sujet":[1760],"formation":[],"genre":[],"fonds":[],"tradition":[],"type-de-contenu":[],"interprete-compositeur":[],"frise":[],"type-devenement":[],"tableaux-liens-externes":[],"class_list":["post-59175","post","type-post","status-publish","format-standard","has-post-thumbnail","hentry","category-playlists-de","sujet-yom-kippur-de"],"acf":[],"yoast_head":"<!-- This site is optimized with the Yoast SEO plugin v27.3 - https:\/\/yoast.com\/product\/yoast-seo-wordpress\/ -->\n<title>Yom Kippur 1 - Institut Europ\u00e9en des Musiques Juives<\/title>\n<meta name=\"robots\" content=\"index, follow, max-snippet:-1, max-image-preview:large, max-video-preview:-1\" \/>\n<link rel=\"canonical\" href=\"https:\/\/www.iemj.org\/de\/yom-kippour-1\/\" \/>\n<meta property=\"og:locale\" content=\"de_DE\" \/>\n<meta property=\"og:type\" content=\"article\" \/>\n<meta property=\"og:title\" content=\"Yom Kippur 1 - Institut Europ\u00e9en des Musiques Juives\" \/>\n<meta property=\"og:description\" content=\"Jom Kippur, im Volksmund auch \u201eVers\u00f6hnungstag\u201c genannt, ist einer der h\u00f6chsten j\u00fcdischen Feiertage\u2026 Die Feierlichkeiten beginnen bei Einbruch der D\u00e4mmerung, mit dem symbolischen Gebet Kol Nidre, in welchem die Gl\u00e4ubigen\" \/>\n<meta property=\"og:url\" content=\"https:\/\/www.iemj.org\/de\/yom-kippour-1\/\" \/>\n<meta property=\"og:site_name\" content=\"Institut Europ\u00e9en des Musiques Juives\" \/>\n<meta property=\"article:publisher\" content=\"https:\/\/www.facebook.com\/MusiquesJuives\/\" \/>\n<meta property=\"article:published_time\" content=\"2016-10-05T12:32:30+00:00\" \/>\n<meta property=\"article:modified_time\" content=\"2024-10-09T13:33:44+00:00\" \/>\n<meta property=\"og:image\" content=\"https:\/\/www.iemj.org\/wp-content\/uploads\/2025\/04\/Playlist-Kippour-1-1.jpg\" \/>\n\t<meta property=\"og:image:width\" content=\"350\" \/>\n\t<meta property=\"og:image:height\" content=\"434\" \/>\n\t<meta property=\"og:image:type\" content=\"image\/jpeg\" \/>\n<meta name=\"author\" content=\"Lea Couderc\" \/>\n<meta name=\"twitter:card\" content=\"summary_large_image\" \/>\n<meta name=\"twitter:label1\" content=\"Verfasst von\" \/>\n\t<meta name=\"twitter:data1\" content=\"Lea Couderc\" \/>\n\t<meta name=\"twitter:label2\" content=\"Gesch\u00e4tzte Lesezeit\" \/>\n\t<meta name=\"twitter:data2\" content=\"2\u00a0Minuten\" \/>\n<script type=\"application\/ld+json\" class=\"yoast-schema-graph\">{\"@context\":\"https:\\\/\\\/schema.org\",\"@graph\":[{\"@type\":\"Article\",\"@id\":\"https:\\\/\\\/www.iemj.org\\\/de\\\/yom-kippour-1\\\/#article\",\"isPartOf\":{\"@id\":\"https:\\\/\\\/www.iemj.org\\\/de\\\/yom-kippour-1\\\/\"},\"author\":{\"name\":\"Lea Couderc\",\"@id\":\"https:\\\/\\\/www.iemj.org\\\/de\\\/#\\\/schema\\\/person\\\/e2ad57f2c4be119c7ed8ab79036807a9\"},\"headline\":\"Yom Kippur 1\",\"datePublished\":\"2016-10-05T12:32:30+00:00\",\"dateModified\":\"2024-10-09T13:33:44+00:00\",\"mainEntityOfPage\":{\"@id\":\"https:\\\/\\\/www.iemj.org\\\/de\\\/yom-kippour-1\\\/\"},\"wordCount\":315,\"publisher\":{\"@id\":\"https:\\\/\\\/www.iemj.org\\\/de\\\/#organization\"},\"image\":{\"@id\":\"https:\\\/\\\/www.iemj.org\\\/de\\\/yom-kippour-1\\\/#primaryimage\"},\"thumbnailUrl\":\"https:\\\/\\\/www.iemj.org\\\/wp-content\\\/uploads\\\/2025\\\/04\\\/Playlist-Kippour-1-1.jpg\",\"articleSection\":[\"Playlists\"],\"inLanguage\":\"de\"},{\"@type\":\"WebPage\",\"@id\":\"https:\\\/\\\/www.iemj.org\\\/de\\\/yom-kippour-1\\\/\",\"url\":\"https:\\\/\\\/www.iemj.org\\\/de\\\/yom-kippour-1\\\/\",\"name\":\"Yom Kippur 1 - Institut Europ\u00e9en des Musiques Juives\",\"isPartOf\":{\"@id\":\"https:\\\/\\\/www.iemj.org\\\/de\\\/#website\"},\"primaryImageOfPage\":{\"@id\":\"https:\\\/\\\/www.iemj.org\\\/de\\\/yom-kippour-1\\\/#primaryimage\"},\"image\":{\"@id\":\"https:\\\/\\\/www.iemj.org\\\/de\\\/yom-kippour-1\\\/#primaryimage\"},\"thumbnailUrl\":\"https:\\\/\\\/www.iemj.org\\\/wp-content\\\/uploads\\\/2025\\\/04\\\/Playlist-Kippour-1-1.jpg\",\"datePublished\":\"2016-10-05T12:32:30+00:00\",\"dateModified\":\"2024-10-09T13:33:44+00:00\",\"breadcrumb\":{\"@id\":\"https:\\\/\\\/www.iemj.org\\\/de\\\/yom-kippour-1\\\/#breadcrumb\"},\"inLanguage\":\"de\",\"potentialAction\":[{\"@type\":\"ReadAction\",\"target\":[\"https:\\\/\\\/www.iemj.org\\\/de\\\/yom-kippour-1\\\/\"]}]},{\"@type\":\"ImageObject\",\"inLanguage\":\"de\",\"@id\":\"https:\\\/\\\/www.iemj.org\\\/de\\\/yom-kippour-1\\\/#primaryimage\",\"url\":\"https:\\\/\\\/www.iemj.org\\\/wp-content\\\/uploads\\\/2025\\\/04\\\/Playlist-Kippour-1-1.jpg\",\"contentUrl\":\"https:\\\/\\\/www.iemj.org\\\/wp-content\\\/uploads\\\/2025\\\/04\\\/Playlist-Kippour-1-1.jpg\",\"width\":350,\"height\":434},{\"@type\":\"BreadcrumbList\",\"@id\":\"https:\\\/\\\/www.iemj.org\\\/de\\\/yom-kippour-1\\\/#breadcrumb\",\"itemListElement\":[{\"@type\":\"ListItem\",\"position\":1,\"name\":\"Accueil\",\"item\":\"https:\\\/\\\/www.iemj.org\\\/de\\\/\"},{\"@type\":\"ListItem\",\"position\":2,\"name\":\"Yom Kippur 1\"}]},{\"@type\":\"WebSite\",\"@id\":\"https:\\\/\\\/www.iemj.org\\\/de\\\/#website\",\"url\":\"https:\\\/\\\/www.iemj.org\\\/de\\\/\",\"name\":\"Institut Europ\u00e9en des Musiques Juives\",\"description\":\"Des traditions musicales \u00e0 la port\u00e9e de tous\",\"publisher\":{\"@id\":\"https:\\\/\\\/www.iemj.org\\\/de\\\/#organization\"},\"potentialAction\":[{\"@type\":\"SearchAction\",\"target\":{\"@type\":\"EntryPoint\",\"urlTemplate\":\"https:\\\/\\\/www.iemj.org\\\/de\\\/?s={search_term_string}\"},\"query-input\":{\"@type\":\"PropertyValueSpecification\",\"valueRequired\":true,\"valueName\":\"search_term_string\"}}],\"inLanguage\":\"de\"},{\"@type\":\"Organization\",\"@id\":\"https:\\\/\\\/www.iemj.org\\\/de\\\/#organization\",\"name\":\"Institut Europ\u00e9en des Musiques Juives\",\"url\":\"https:\\\/\\\/www.iemj.org\\\/de\\\/\",\"logo\":{\"@type\":\"ImageObject\",\"inLanguage\":\"de\",\"@id\":\"https:\\\/\\\/www.iemj.org\\\/de\\\/#\\\/schema\\\/logo\\\/image\\\/\",\"url\":\"https:\\\/\\\/www.iemj.org\\\/wp-content\\\/uploads\\\/2021\\\/09\\\/Logo-IEMJ-Paypal.jpg\",\"contentUrl\":\"https:\\\/\\\/www.iemj.org\\\/wp-content\\\/uploads\\\/2021\\\/09\\\/Logo-IEMJ-Paypal.jpg\",\"width\":150,\"height\":50,\"caption\":\"Institut Europ\u00e9en des Musiques Juives\"},\"image\":{\"@id\":\"https:\\\/\\\/www.iemj.org\\\/de\\\/#\\\/schema\\\/logo\\\/image\\\/\"},\"sameAs\":[\"https:\\\/\\\/www.facebook.com\\\/MusiquesJuives\\\/\",\"https:\\\/\\\/www.instagram.com\\\/musiquesjuives\\\/\",\"https:\\\/\\\/www.youtube.com\\\/user\\\/musiquesjuives\"]},{\"@type\":\"Person\",\"@id\":\"https:\\\/\\\/www.iemj.org\\\/de\\\/#\\\/schema\\\/person\\\/e2ad57f2c4be119c7ed8ab79036807a9\",\"name\":\"Lea Couderc\",\"image\":{\"@type\":\"ImageObject\",\"inLanguage\":\"de\",\"@id\":\"https:\\\/\\\/secure.gravatar.com\\\/avatar\\\/46ee021475d60aeff17a7e490b79dea5a5684bb392ab7fd1494027411df8ba23?s=96&d=mm&r=g\",\"url\":\"https:\\\/\\\/secure.gravatar.com\\\/avatar\\\/46ee021475d60aeff17a7e490b79dea5a5684bb392ab7fd1494027411df8ba23?s=96&d=mm&r=g\",\"contentUrl\":\"https:\\\/\\\/secure.gravatar.com\\\/avatar\\\/46ee021475d60aeff17a7e490b79dea5a5684bb392ab7fd1494027411df8ba23?s=96&d=mm&r=g\",\"caption\":\"Lea Couderc\"}}]}<\/script>\n<!-- \/ Yoast SEO plugin. -->","yoast_head_json":{"title":"Yom Kippur 1 - Institut Europ\u00e9en des Musiques Juives","robots":{"index":"index","follow":"follow","max-snippet":"max-snippet:-1","max-image-preview":"max-image-preview:large","max-video-preview":"max-video-preview:-1"},"canonical":"https:\/\/www.iemj.org\/de\/yom-kippour-1\/","og_locale":"de_DE","og_type":"article","og_title":"Yom Kippur 1 - Institut Europ\u00e9en des Musiques Juives","og_description":"Jom Kippur, im Volksmund auch \u201eVers\u00f6hnungstag\u201c genannt, ist einer der h\u00f6chsten j\u00fcdischen Feiertage\u2026 Die Feierlichkeiten beginnen bei Einbruch der D\u00e4mmerung, mit dem symbolischen Gebet Kol Nidre, in welchem die Gl\u00e4ubigen","og_url":"https:\/\/www.iemj.org\/de\/yom-kippour-1\/","og_site_name":"Institut Europ\u00e9en des Musiques Juives","article_publisher":"https:\/\/www.facebook.com\/MusiquesJuives\/","article_published_time":"2016-10-05T12:32:30+00:00","article_modified_time":"2024-10-09T13:33:44+00:00","og_image":[{"width":350,"height":434,"url":"https:\/\/www.iemj.org\/wp-content\/uploads\/2025\/04\/Playlist-Kippour-1-1.jpg","type":"image\/jpeg"}],"author":"Lea Couderc","twitter_card":"summary_large_image","twitter_misc":{"Verfasst von":"Lea Couderc","Gesch\u00e4tzte Lesezeit":"2\u00a0Minuten"},"schema":{"@context":"https:\/\/schema.org","@graph":[{"@type":"Article","@id":"https:\/\/www.iemj.org\/de\/yom-kippour-1\/#article","isPartOf":{"@id":"https:\/\/www.iemj.org\/de\/yom-kippour-1\/"},"author":{"name":"Lea Couderc","@id":"https:\/\/www.iemj.org\/de\/#\/schema\/person\/e2ad57f2c4be119c7ed8ab79036807a9"},"headline":"Yom Kippur 1","datePublished":"2016-10-05T12:32:30+00:00","dateModified":"2024-10-09T13:33:44+00:00","mainEntityOfPage":{"@id":"https:\/\/www.iemj.org\/de\/yom-kippour-1\/"},"wordCount":315,"publisher":{"@id":"https:\/\/www.iemj.org\/de\/#organization"},"image":{"@id":"https:\/\/www.iemj.org\/de\/yom-kippour-1\/#primaryimage"},"thumbnailUrl":"https:\/\/www.iemj.org\/wp-content\/uploads\/2025\/04\/Playlist-Kippour-1-1.jpg","articleSection":["Playlists"],"inLanguage":"de"},{"@type":"WebPage","@id":"https:\/\/www.iemj.org\/de\/yom-kippour-1\/","url":"https:\/\/www.iemj.org\/de\/yom-kippour-1\/","name":"Yom Kippur 1 - Institut Europ\u00e9en des Musiques Juives","isPartOf":{"@id":"https:\/\/www.iemj.org\/de\/#website"},"primaryImageOfPage":{"@id":"https:\/\/www.iemj.org\/de\/yom-kippour-1\/#primaryimage"},"image":{"@id":"https:\/\/www.iemj.org\/de\/yom-kippour-1\/#primaryimage"},"thumbnailUrl":"https:\/\/www.iemj.org\/wp-content\/uploads\/2025\/04\/Playlist-Kippour-1-1.jpg","datePublished":"2016-10-05T12:32:30+00:00","dateModified":"2024-10-09T13:33:44+00:00","breadcrumb":{"@id":"https:\/\/www.iemj.org\/de\/yom-kippour-1\/#breadcrumb"},"inLanguage":"de","potentialAction":[{"@type":"ReadAction","target":["https:\/\/www.iemj.org\/de\/yom-kippour-1\/"]}]},{"@type":"ImageObject","inLanguage":"de","@id":"https:\/\/www.iemj.org\/de\/yom-kippour-1\/#primaryimage","url":"https:\/\/www.iemj.org\/wp-content\/uploads\/2025\/04\/Playlist-Kippour-1-1.jpg","contentUrl":"https:\/\/www.iemj.org\/wp-content\/uploads\/2025\/04\/Playlist-Kippour-1-1.jpg","width":350,"height":434},{"@type":"BreadcrumbList","@id":"https:\/\/www.iemj.org\/de\/yom-kippour-1\/#breadcrumb","itemListElement":[{"@type":"ListItem","position":1,"name":"Accueil","item":"https:\/\/www.iemj.org\/de\/"},{"@type":"ListItem","position":2,"name":"Yom Kippur 1"}]},{"@type":"WebSite","@id":"https:\/\/www.iemj.org\/de\/#website","url":"https:\/\/www.iemj.org\/de\/","name":"Institut Europ\u00e9en des Musiques Juives","description":"Des traditions musicales \u00e0 la port\u00e9e de tous","publisher":{"@id":"https:\/\/www.iemj.org\/de\/#organization"},"potentialAction":[{"@type":"SearchAction","target":{"@type":"EntryPoint","urlTemplate":"https:\/\/www.iemj.org\/de\/?s={search_term_string}"},"query-input":{"@type":"PropertyValueSpecification","valueRequired":true,"valueName":"search_term_string"}}],"inLanguage":"de"},{"@type":"Organization","@id":"https:\/\/www.iemj.org\/de\/#organization","name":"Institut Europ\u00e9en des Musiques Juives","url":"https:\/\/www.iemj.org\/de\/","logo":{"@type":"ImageObject","inLanguage":"de","@id":"https:\/\/www.iemj.org\/de\/#\/schema\/logo\/image\/","url":"https:\/\/www.iemj.org\/wp-content\/uploads\/2021\/09\/Logo-IEMJ-Paypal.jpg","contentUrl":"https:\/\/www.iemj.org\/wp-content\/uploads\/2021\/09\/Logo-IEMJ-Paypal.jpg","width":150,"height":50,"caption":"Institut Europ\u00e9en des Musiques Juives"},"image":{"@id":"https:\/\/www.iemj.org\/de\/#\/schema\/logo\/image\/"},"sameAs":["https:\/\/www.facebook.com\/MusiquesJuives\/","https:\/\/www.instagram.com\/musiquesjuives\/","https:\/\/www.youtube.com\/user\/musiquesjuives"]},{"@type":"Person","@id":"https:\/\/www.iemj.org\/de\/#\/schema\/person\/e2ad57f2c4be119c7ed8ab79036807a9","name":"Lea Couderc","image":{"@type":"ImageObject","inLanguage":"de","@id":"https:\/\/secure.gravatar.com\/avatar\/46ee021475d60aeff17a7e490b79dea5a5684bb392ab7fd1494027411df8ba23?s=96&d=mm&r=g","url":"https:\/\/secure.gravatar.com\/avatar\/46ee021475d60aeff17a7e490b79dea5a5684bb392ab7fd1494027411df8ba23?s=96&d=mm&r=g","contentUrl":"https:\/\/secure.gravatar.com\/avatar\/46ee021475d60aeff17a7e490b79dea5a5684bb392ab7fd1494027411df8ba23?s=96&d=mm&r=g","caption":"Lea Couderc"}}]}},"_links":{"self":[{"href":"https:\/\/www.iemj.org\/de\/wp-json\/wp\/v2\/posts\/59175","targetHints":{"allow":["GET"]}}],"collection":[{"href":"https:\/\/www.iemj.org\/de\/wp-json\/wp\/v2\/posts"}],"about":[{"href":"https:\/\/www.iemj.org\/de\/wp-json\/wp\/v2\/types\/post"}],"author":[{"embeddable":true,"href":"https:\/\/www.iemj.org\/de\/wp-json\/wp\/v2\/users\/1052"}],"replies":[{"embeddable":true,"href":"https:\/\/www.iemj.org\/de\/wp-json\/wp\/v2\/comments?post=59175"}],"version-history":[{"count":0,"href":"https:\/\/www.iemj.org\/de\/wp-json\/wp\/v2\/posts\/59175\/revisions"}],"wp:featuredmedia":[{"embeddable":true,"href":"https:\/\/www.iemj.org\/de\/wp-json\/wp\/v2\/media\/59177"}],"wp:attachment":[{"href":"https:\/\/www.iemj.org\/de\/wp-json\/wp\/v2\/media?parent=59175"}],"wp:term":[{"taxonomy":"category","embeddable":true,"href":"https:\/\/www.iemj.org\/de\/wp-json\/wp\/v2\/categories?post=59175"},{"taxonomy":"post_tag","embeddable":true,"href":"https:\/\/www.iemj.org\/de\/wp-json\/wp\/v2\/tags?post=59175"},{"taxonomy":"technique","embeddable":true,"href":"https:\/\/www.iemj.org\/de\/wp-json\/wp\/v2\/technique?post=59175"},{"taxonomy":"squelettes","embeddable":true,"href":"https:\/\/www.iemj.org\/de\/wp-json\/wp\/v2\/squelettes?post=59175"},{"taxonomy":"sujet","embeddable":true,"href":"https:\/\/www.iemj.org\/de\/wp-json\/wp\/v2\/sujet?post=59175"},{"taxonomy":"formation","embeddable":true,"href":"https:\/\/www.iemj.org\/de\/wp-json\/wp\/v2\/formation?post=59175"},{"taxonomy":"genre","embeddable":true,"href":"https:\/\/www.iemj.org\/de\/wp-json\/wp\/v2\/genre?post=59175"},{"taxonomy":"fonds","embeddable":true,"href":"https:\/\/www.iemj.org\/de\/wp-json\/wp\/v2\/fonds?post=59175"},{"taxonomy":"tradition","embeddable":true,"href":"https:\/\/www.iemj.org\/de\/wp-json\/wp\/v2\/tradition?post=59175"},{"taxonomy":"type-de-contenu","embeddable":true,"href":"https:\/\/www.iemj.org\/de\/wp-json\/wp\/v2\/type-de-contenu?post=59175"},{"taxonomy":"interprete-compositeur","embeddable":true,"href":"https:\/\/www.iemj.org\/de\/wp-json\/wp\/v2\/interprete-compositeur?post=59175"},{"taxonomy":"frise","embeddable":true,"href":"https:\/\/www.iemj.org\/de\/wp-json\/wp\/v2\/frise?post=59175"},{"taxonomy":"type-devenement","embeddable":true,"href":"https:\/\/www.iemj.org\/de\/wp-json\/wp\/v2\/type-devenement?post=59175"},{"taxonomy":"tableaux-liens-externes","embeddable":true,"href":"https:\/\/www.iemj.org\/de\/wp-json\/wp\/v2\/tableaux-liens-externes?post=59175"}],"curies":[{"name":"wp","href":"https:\/\/api.w.org\/{rel}","templated":true}]}}