{"id":59299,"date":"2017-09-27T09:47:23","date_gmt":"2017-09-27T07:47:23","guid":{"rendered":"https:\/\/www.iemj.org\/yom-kippour-2\/"},"modified":"2024-10-09T15:26:56","modified_gmt":"2024-10-09T13:26:56","slug":"yom-kippour-2","status":"publish","type":"post","link":"https:\/\/www.iemj.org\/de\/yom-kippour-2\/","title":{"rendered":"Yom Kippur 2"},"content":{"rendered":"<p>Jom Kippur, im Volksmund auch \u201eVers\u00f6hnungstag\u201c genannt, ist einer der h\u00f6chsten j\u00fcdischen Feiertage\u2026<\/p>\n<p>Die Feierlichkeiten beginnen bei Einbruch der D\u00e4mmerung mit dem symbolischen Gebet Kol Nidre, bei welchem die Gl\u00e4ubigen Gott darum bitten, alle Gel\u00fcbde, Schw\u00fcre, Verpflichtungen und Versprechen, welche vor Jom Kippur gegeben wurden und nicht eingehalten wurden, zu widerrufen.<\/p>\n<p>Die traditionelle Melodie dieses Gebets war schon immer eine Quelle der Faszination und hat nicht nur die aschkenasische Welt \u2013 wo dieses Gebet ungew\u00f6hnlicherweise in allen Gemeinschaften auf dieselbe Melodie gesungen wird \u2013 in ihren Bann gezogen, sondern auch viele j\u00fcdische wie auch nicht-j\u00fcdische Komponisten zur Komposition von wundersch\u00f6nen St\u00fccken inspiriert.<\/p>\n<p><img fetchpriority=\"high\" decoding=\"async\" class=\" wp-image-15336 alignright\" src=\"https:\/\/www.iemj.org\/wp-content\/uploads\/2017\/09\/doc_1_kippour_2_500px65.jpg\" alt=\"doc_1_kippour_2_500px65.jpg\" width=\"256\" height=\"334\" align=\"middle\" srcset=\"https:\/\/www.iemj.org\/wp-content\/uploads\/2017\/09\/doc_1_kippour_2_500px65.jpg 325w, https:\/\/www.iemj.org\/wp-content\/uploads\/2017\/09\/doc_1_kippour_2_500px65-230x300.jpg 230w\" sizes=\"(max-width: 256px) 100vw, 256px\" \/>W\u00e4hrend der f\u00fcnf Gottesdienste von Kippur (Kol Nidr\u00e9, Chaharit, Minha, Ne\u00efla und Arvit) fasten und beten die Gl\u00e4ubigen in der Synagoge bis zum Erklingen des Chofar, welches symbolisch das Ende des Feiertags und der Periode der zehn \u201eschrecklichen Tage\u201c (<em>Yamim Noraim<\/em>) zwischen Rosch Haschana und Kippur kennzeichnet, an denen das Schicksal eines jeden Menschen vom dem Ewigen besiegelt wird.<\/p>\n<ul>\n<li><a href=\"https:\/\/www.iemj.org\/de\/yom-kippour-1\/\" target=\"_blank\" rel=\"noopener\">H\u00f6ren Sie sich die Playlist an: Kippur 1<\/a><\/li>\n<li><a href=\"https:\/\/www.iemj.org\/de\/loffice-de-moussaf-de-yom-kippour\/\" target=\"_blank\" rel=\"noopener\">H\u00f6ren Sie sich die von Herv\u00e9 Roten pr\u00e4sentierte Radiosendung an: L\u2019office de Moussaf de Yom Kippour<\/a><\/li>\n<li><a href=\"https:\/\/www.iemj.org\/de\/la-priere-du-kol-nidre\/\" target=\"_blank\" rel=\"noopener\">H\u00f6ren Sie sich die von Herv\u00e9 Roten pr\u00e4sentierte Radiosendung an: La pri\u00e8re du Kol nidr\u00e9<\/a><\/li>\n<li><a href=\"https:\/\/www.iemj.org\/de\/produit\/serge-kaufmann-kol-nidre-pour-choeur-quintette-a-cordes-piano-et-clarinette-partition-imprimee\/\" target=\"_blank\" rel=\"noopener\">Bestellen Sie die Partituren von du Kol Nidr\u00e9 von Serge Kaufmann<\/a><\/li>\n<li><a href=\"https:\/\/www.iemj.org\/de\/produit\/kol-nidre-huit-visions\/\" target=\"_blank\" rel=\"noopener\">Bestellen Sie unsere CD: 8 visions du Kol Nidr\u00e9<\/a><\/li>\n<li><a href=\"https:\/\/www.iemj.org\/de\/produit\/kol-nidre-new-visions\/\" target=\"_blank\" rel=\"noopener\">Bestellen Sie unsere CD: Kol Nidr\u00e9 \u2013 Nouvelles visions<\/a><\/li>\n<\/ul>\n<div style=\"text-align: center;\">\n<div style=\"margin: 8px 0px 4px;\"><a href=\"http:\/\/www.calameo.com\/books\/004612749c989e3c17b37\" target=\"_blank\" rel=\"noopener noreferrer\">Kippur im algerischen Ritus &#8211; notation : Jean Becache<\/a><\/div>\n<p><iframe style=\"margin: 0 auto;\" src=\"\/\/v.calameo.com\/?bkcode=004612749c989e3c17b37&amp;mode=mini\" width=\"480\" height=\"300\" frameborder=\"0\" scrolling=\"no\" allowfullscreen=\"allowfullscreen\"><\/iframe><\/p>\n<div style=\"margin: 4px 0px 8px;\">\u00a0<\/div>\n<\/div>\n\n\n<figure class=\"wp-block-image alignwide size-large\"><img decoding=\"async\" width=\"1024\" height=\"133\" src=\"https:\/\/www.iemj.org\/wp-content\/uploads\/2024\/03\/AUDIO-PLAYER-1024x133.png\" alt=\"\" class=\"wp-image-110606\" srcset=\"https:\/\/www.iemj.org\/wp-content\/uploads\/2024\/03\/AUDIO-PLAYER-1024x133.png 1024w, https:\/\/www.iemj.org\/wp-content\/uploads\/2024\/03\/AUDIO-PLAYER-300x39.png 300w, https:\/\/www.iemj.org\/wp-content\/uploads\/2024\/03\/AUDIO-PLAYER-768x100.png 768w, https:\/\/www.iemj.org\/wp-content\/uploads\/2024\/03\/AUDIO-PLAYER-600x78.png 600w, https:\/\/www.iemj.org\/wp-content\/uploads\/2024\/03\/AUDIO-PLAYER.png 1210w\" sizes=\"(max-width: 1024px) 100vw, 1024px\" \/><\/figure>\n\n\n\n<div class=\"wp-block-file\"><a id=\"wp-block-file--media-09314016-2472-487b-85f9-f3d0630b537a\" href=\"https:\/\/www.iemj.org\/wp-content\/uploads\/2017\/09\/adir_vena_or_extrait_-_abraham_dahan.mp3\">Adir Vena&#8217;or (EXTRAIT) &#8211; Abraham Dahan<\/a><\/div>\n\n\n\n<div class=\"wp-block-file\"><a id=\"wp-block-file--media-7f59fd4e-b83b-4bf0-99a4-8ed25eab5023\" href=\"https:\/\/www.iemj.org\/wp-content\/uploads\/2017\/09\/adone_asselih_ote_-_robert_joseph_bahr.mp3\">Adone Asselih&#8217;ote &#8211; Robert Joseph Bahr<\/a><\/div>\n\n\n\n<div class=\"wp-block-file\"><a id=\"wp-block-file--media-4716c1c4-6671-434c-bcdc-38aaf315926f\" href=\"https:\/\/www.iemj.org\/wp-content\/uploads\/2017\/09\/b_ain_mailitz_-_choir_of_the_london_school_of_jewish_song.mp3\">B\u2019ain Mailitz &#8211; Choir of the London school of Jewish Song<\/a><\/div>\n\n\n\n<div class=\"wp-block-file\"><a id=\"wp-block-file--media-a29e7cff-1256-4fe9-b862-7d65bda9da56\" href=\"https:\/\/www.iemj.org\/wp-content\/uploads\/2017\/09\/hamilchama_ha_achronah_-_robert_joseph_bahr.mp3\">Hamilchama Ha&#8217;Achronah &#8211; Robert Joseph Bahr<\/a><\/div>\n\n\n\n<div class=\"wp-block-file\"><a id=\"wp-block-file--media-d5834634-ef33-4cf3-b5c4-fe36e1d55743\" href=\"https:\/\/www.iemj.org\/wp-content\/uploads\/2017\/09\/kol_nidre_-_zoltan_berkovits.mp3\">Kol Nidre &#8211; Zoltan Berkovits<\/a><\/div>\n\n\n\n<div class=\"wp-block-file\"><a id=\"wp-block-file--media-d6ec01dc-9ca8-487a-b092-678f601e8f3f\" href=\"https:\/\/www.iemj.org\/wp-content\/uploads\/2017\/09\/kol_nidrei_-_jo_amar.mp3\">Kol Nidrei &#8211; Jo Amar<\/a><\/div>\n\n\n\n<div class=\"wp-block-file\"><a id=\"wp-block-file--media-6297fd5f-788d-4e1c-bc1c-06f7059e3661\" href=\"https:\/\/www.iemj.org\/wp-content\/uploads\/2017\/09\/mi_el_kamokha_extrait_-_philippe_darmon.mp3\">Mi El Kamokha (EXTRAIT) &#8211; Philippe Darmon<\/a><\/div>\n\n\n\n<div class=\"wp-block-file\"><a id=\"wp-block-file--media-bd273147-a0c8-46d3-9289-8441cdff87e5\" href=\"https:\/\/www.iemj.org\/wp-content\/uploads\/2017\/09\/rahmanah_communaute_yemenite_-_traditions_liturgiques_des_communautes_juives.mp3\">Rahmanah (Communaut\u00e9 y\u00e9m\u00e9nite) &#8211; Traditions liturgiques des communaut\u00e9s juives<\/a><\/div>\n\n\n\n<div class=\"wp-block-file\"><a id=\"wp-block-file--media-8c5c0aa0-b331-4acc-8906-093e28d275da\" href=\"https:\/\/www.iemj.org\/wp-content\/uploads\/2017\/09\/schema_-_shalom_berlinski-2.mp3\">Schema &#8211; Shalom Berlinski<\/a><\/div>\n\n\n\n<div class=\"wp-block-file\"><a id=\"wp-block-file--media-fd547462-3f2d-41e6-83c2-5d1dab131118\" href=\"https:\/\/www.iemj.org\/wp-content\/uploads\/2017\/09\/vehakohanim_-_shalom_berlinski.mp3\">Vehakohanim &#8211; Shalom Berlinski<\/a><\/div>\n","protected":false},"excerpt":{"rendered":"<p>Jom Kippur, im Volksmund auch \u201eVers\u00f6hnungstag\u201c genannt, ist einer der h\u00f6chsten j\u00fcdischen Feiertage\u2026 Die Feierlichkeiten beginnen bei Einbruch der D\u00e4mmerung mit dem symbolischen Gebet Kol Nidre, bei welchem die Gl\u00e4ubigen<\/p>\n","protected":false},"author":1052,"featured_media":59300,"comment_status":"closed","ping_status":"open","sticky":false,"template":"","format":"standard","meta":{"_acf_changed":false,"footnotes":""},"categories":[1534],"tags":[],"technique":[],"squelettes":[],"sujet":[1760],"formation":[],"genre":[],"fonds":[],"tradition":[],"type-de-contenu":[],"interprete-compositeur":[],"frise":[],"type-devenement":[],"tableaux-liens-externes":[],"class_list":["post-59299","post","type-post","status-publish","format-standard","has-post-thumbnail","hentry","category-playlists-de","sujet-yom-kippur-de"],"acf":[],"yoast_head":"<!-- This site is optimized with the Yoast SEO plugin v27.3 - https:\/\/yoast.com\/product\/yoast-seo-wordpress\/ -->\n<title>Yom Kippur 2 - Institut Europ\u00e9en des Musiques Juives<\/title>\n<meta name=\"robots\" content=\"index, follow, max-snippet:-1, max-image-preview:large, max-video-preview:-1\" \/>\n<link rel=\"canonical\" href=\"https:\/\/www.iemj.org\/de\/yom-kippour-2\/\" \/>\n<meta property=\"og:locale\" content=\"de_DE\" \/>\n<meta property=\"og:type\" content=\"article\" \/>\n<meta property=\"og:title\" content=\"Yom Kippur 2 - Institut Europ\u00e9en des Musiques Juives\" \/>\n<meta property=\"og:description\" content=\"Jom Kippur, im Volksmund auch \u201eVers\u00f6hnungstag\u201c genannt, ist einer der h\u00f6chsten j\u00fcdischen Feiertage\u2026 Die Feierlichkeiten beginnen bei Einbruch der D\u00e4mmerung mit dem symbolischen Gebet Kol Nidre, bei welchem die Gl\u00e4ubigen\" \/>\n<meta property=\"og:url\" content=\"https:\/\/www.iemj.org\/de\/yom-kippour-2\/\" \/>\n<meta property=\"og:site_name\" content=\"Institut Europ\u00e9en des Musiques Juives\" \/>\n<meta property=\"article:publisher\" content=\"https:\/\/www.facebook.com\/MusiquesJuives\/\" \/>\n<meta property=\"article:published_time\" content=\"2017-09-27T07:47:23+00:00\" \/>\n<meta property=\"article:modified_time\" content=\"2024-10-09T13:26:56+00:00\" \/>\n<meta property=\"og:image\" content=\"https:\/\/www.iemj.org\/wp-content\/uploads\/2025\/04\/Playlist-Kippour-2-1.jpg\" \/>\n\t<meta property=\"og:image:width\" content=\"350\" \/>\n\t<meta property=\"og:image:height\" content=\"434\" \/>\n\t<meta property=\"og:image:type\" content=\"image\/jpeg\" \/>\n<meta name=\"author\" content=\"Lea Couderc\" \/>\n<meta name=\"twitter:card\" content=\"summary_large_image\" \/>\n<meta name=\"twitter:label1\" content=\"Verfasst von\" \/>\n\t<meta name=\"twitter:data1\" content=\"Lea Couderc\" \/>\n\t<meta name=\"twitter:label2\" content=\"Gesch\u00e4tzte Lesezeit\" \/>\n\t<meta name=\"twitter:data2\" content=\"3\u00a0Minuten\" \/>\n<script type=\"application\/ld+json\" class=\"yoast-schema-graph\">{\"@context\":\"https:\\\/\\\/schema.org\",\"@graph\":[{\"@type\":\"Article\",\"@id\":\"https:\\\/\\\/www.iemj.org\\\/de\\\/yom-kippour-2\\\/#article\",\"isPartOf\":{\"@id\":\"https:\\\/\\\/www.iemj.org\\\/de\\\/yom-kippour-2\\\/\"},\"author\":{\"name\":\"Lea Couderc\",\"@id\":\"https:\\\/\\\/www.iemj.org\\\/de\\\/#\\\/schema\\\/person\\\/e2ad57f2c4be119c7ed8ab79036807a9\"},\"headline\":\"Yom Kippur 2\",\"datePublished\":\"2017-09-27T07:47:23+00:00\",\"dateModified\":\"2024-10-09T13:26:56+00:00\",\"mainEntityOfPage\":{\"@id\":\"https:\\\/\\\/www.iemj.org\\\/de\\\/yom-kippour-2\\\/\"},\"wordCount\":327,\"publisher\":{\"@id\":\"https:\\\/\\\/www.iemj.org\\\/de\\\/#organization\"},\"image\":{\"@id\":\"https:\\\/\\\/www.iemj.org\\\/de\\\/yom-kippour-2\\\/#primaryimage\"},\"thumbnailUrl\":\"https:\\\/\\\/www.iemj.org\\\/wp-content\\\/uploads\\\/2025\\\/04\\\/Playlist-Kippour-2-1.jpg\",\"articleSection\":[\"Playlists\"],\"inLanguage\":\"de\"},{\"@type\":\"WebPage\",\"@id\":\"https:\\\/\\\/www.iemj.org\\\/de\\\/yom-kippour-2\\\/\",\"url\":\"https:\\\/\\\/www.iemj.org\\\/de\\\/yom-kippour-2\\\/\",\"name\":\"Yom Kippur 2 - Institut Europ\u00e9en des Musiques Juives\",\"isPartOf\":{\"@id\":\"https:\\\/\\\/www.iemj.org\\\/de\\\/#website\"},\"primaryImageOfPage\":{\"@id\":\"https:\\\/\\\/www.iemj.org\\\/de\\\/yom-kippour-2\\\/#primaryimage\"},\"image\":{\"@id\":\"https:\\\/\\\/www.iemj.org\\\/de\\\/yom-kippour-2\\\/#primaryimage\"},\"thumbnailUrl\":\"https:\\\/\\\/www.iemj.org\\\/wp-content\\\/uploads\\\/2025\\\/04\\\/Playlist-Kippour-2-1.jpg\",\"datePublished\":\"2017-09-27T07:47:23+00:00\",\"dateModified\":\"2024-10-09T13:26:56+00:00\",\"breadcrumb\":{\"@id\":\"https:\\\/\\\/www.iemj.org\\\/de\\\/yom-kippour-2\\\/#breadcrumb\"},\"inLanguage\":\"de\",\"potentialAction\":[{\"@type\":\"ReadAction\",\"target\":[\"https:\\\/\\\/www.iemj.org\\\/de\\\/yom-kippour-2\\\/\"]}]},{\"@type\":\"ImageObject\",\"inLanguage\":\"de\",\"@id\":\"https:\\\/\\\/www.iemj.org\\\/de\\\/yom-kippour-2\\\/#primaryimage\",\"url\":\"https:\\\/\\\/www.iemj.org\\\/wp-content\\\/uploads\\\/2025\\\/04\\\/Playlist-Kippour-2-1.jpg\",\"contentUrl\":\"https:\\\/\\\/www.iemj.org\\\/wp-content\\\/uploads\\\/2025\\\/04\\\/Playlist-Kippour-2-1.jpg\",\"width\":350,\"height\":434},{\"@type\":\"BreadcrumbList\",\"@id\":\"https:\\\/\\\/www.iemj.org\\\/de\\\/yom-kippour-2\\\/#breadcrumb\",\"itemListElement\":[{\"@type\":\"ListItem\",\"position\":1,\"name\":\"Accueil\",\"item\":\"https:\\\/\\\/www.iemj.org\\\/de\\\/\"},{\"@type\":\"ListItem\",\"position\":2,\"name\":\"Yom Kippur 2\"}]},{\"@type\":\"WebSite\",\"@id\":\"https:\\\/\\\/www.iemj.org\\\/de\\\/#website\",\"url\":\"https:\\\/\\\/www.iemj.org\\\/de\\\/\",\"name\":\"Institut Europ\u00e9en des Musiques Juives\",\"description\":\"Des traditions musicales \u00e0 la port\u00e9e de tous\",\"publisher\":{\"@id\":\"https:\\\/\\\/www.iemj.org\\\/de\\\/#organization\"},\"potentialAction\":[{\"@type\":\"SearchAction\",\"target\":{\"@type\":\"EntryPoint\",\"urlTemplate\":\"https:\\\/\\\/www.iemj.org\\\/de\\\/?s={search_term_string}\"},\"query-input\":{\"@type\":\"PropertyValueSpecification\",\"valueRequired\":true,\"valueName\":\"search_term_string\"}}],\"inLanguage\":\"de\"},{\"@type\":\"Organization\",\"@id\":\"https:\\\/\\\/www.iemj.org\\\/de\\\/#organization\",\"name\":\"Institut Europ\u00e9en des Musiques Juives\",\"url\":\"https:\\\/\\\/www.iemj.org\\\/de\\\/\",\"logo\":{\"@type\":\"ImageObject\",\"inLanguage\":\"de\",\"@id\":\"https:\\\/\\\/www.iemj.org\\\/de\\\/#\\\/schema\\\/logo\\\/image\\\/\",\"url\":\"https:\\\/\\\/www.iemj.org\\\/wp-content\\\/uploads\\\/2021\\\/09\\\/Logo-IEMJ-Paypal.jpg\",\"contentUrl\":\"https:\\\/\\\/www.iemj.org\\\/wp-content\\\/uploads\\\/2021\\\/09\\\/Logo-IEMJ-Paypal.jpg\",\"width\":150,\"height\":50,\"caption\":\"Institut Europ\u00e9en des Musiques Juives\"},\"image\":{\"@id\":\"https:\\\/\\\/www.iemj.org\\\/de\\\/#\\\/schema\\\/logo\\\/image\\\/\"},\"sameAs\":[\"https:\\\/\\\/www.facebook.com\\\/MusiquesJuives\\\/\",\"https:\\\/\\\/www.instagram.com\\\/musiquesjuives\\\/\",\"https:\\\/\\\/www.youtube.com\\\/user\\\/musiquesjuives\"]},{\"@type\":\"Person\",\"@id\":\"https:\\\/\\\/www.iemj.org\\\/de\\\/#\\\/schema\\\/person\\\/e2ad57f2c4be119c7ed8ab79036807a9\",\"name\":\"Lea Couderc\",\"image\":{\"@type\":\"ImageObject\",\"inLanguage\":\"de\",\"@id\":\"https:\\\/\\\/secure.gravatar.com\\\/avatar\\\/46ee021475d60aeff17a7e490b79dea5a5684bb392ab7fd1494027411df8ba23?s=96&d=mm&r=g\",\"url\":\"https:\\\/\\\/secure.gravatar.com\\\/avatar\\\/46ee021475d60aeff17a7e490b79dea5a5684bb392ab7fd1494027411df8ba23?s=96&d=mm&r=g\",\"contentUrl\":\"https:\\\/\\\/secure.gravatar.com\\\/avatar\\\/46ee021475d60aeff17a7e490b79dea5a5684bb392ab7fd1494027411df8ba23?s=96&d=mm&r=g\",\"caption\":\"Lea Couderc\"}}]}<\/script>\n<!-- \/ Yoast SEO plugin. -->","yoast_head_json":{"title":"Yom Kippur 2 - Institut Europ\u00e9en des Musiques Juives","robots":{"index":"index","follow":"follow","max-snippet":"max-snippet:-1","max-image-preview":"max-image-preview:large","max-video-preview":"max-video-preview:-1"},"canonical":"https:\/\/www.iemj.org\/de\/yom-kippour-2\/","og_locale":"de_DE","og_type":"article","og_title":"Yom Kippur 2 - Institut Europ\u00e9en des Musiques Juives","og_description":"Jom Kippur, im Volksmund auch \u201eVers\u00f6hnungstag\u201c genannt, ist einer der h\u00f6chsten j\u00fcdischen Feiertage\u2026 Die Feierlichkeiten beginnen bei Einbruch der D\u00e4mmerung mit dem symbolischen Gebet Kol Nidre, bei welchem die Gl\u00e4ubigen","og_url":"https:\/\/www.iemj.org\/de\/yom-kippour-2\/","og_site_name":"Institut Europ\u00e9en des Musiques Juives","article_publisher":"https:\/\/www.facebook.com\/MusiquesJuives\/","article_published_time":"2017-09-27T07:47:23+00:00","article_modified_time":"2024-10-09T13:26:56+00:00","og_image":[{"width":350,"height":434,"url":"https:\/\/www.iemj.org\/wp-content\/uploads\/2025\/04\/Playlist-Kippour-2-1.jpg","type":"image\/jpeg"}],"author":"Lea Couderc","twitter_card":"summary_large_image","twitter_misc":{"Verfasst von":"Lea Couderc","Gesch\u00e4tzte Lesezeit":"3\u00a0Minuten"},"schema":{"@context":"https:\/\/schema.org","@graph":[{"@type":"Article","@id":"https:\/\/www.iemj.org\/de\/yom-kippour-2\/#article","isPartOf":{"@id":"https:\/\/www.iemj.org\/de\/yom-kippour-2\/"},"author":{"name":"Lea Couderc","@id":"https:\/\/www.iemj.org\/de\/#\/schema\/person\/e2ad57f2c4be119c7ed8ab79036807a9"},"headline":"Yom Kippur 2","datePublished":"2017-09-27T07:47:23+00:00","dateModified":"2024-10-09T13:26:56+00:00","mainEntityOfPage":{"@id":"https:\/\/www.iemj.org\/de\/yom-kippour-2\/"},"wordCount":327,"publisher":{"@id":"https:\/\/www.iemj.org\/de\/#organization"},"image":{"@id":"https:\/\/www.iemj.org\/de\/yom-kippour-2\/#primaryimage"},"thumbnailUrl":"https:\/\/www.iemj.org\/wp-content\/uploads\/2025\/04\/Playlist-Kippour-2-1.jpg","articleSection":["Playlists"],"inLanguage":"de"},{"@type":"WebPage","@id":"https:\/\/www.iemj.org\/de\/yom-kippour-2\/","url":"https:\/\/www.iemj.org\/de\/yom-kippour-2\/","name":"Yom Kippur 2 - Institut Europ\u00e9en des Musiques Juives","isPartOf":{"@id":"https:\/\/www.iemj.org\/de\/#website"},"primaryImageOfPage":{"@id":"https:\/\/www.iemj.org\/de\/yom-kippour-2\/#primaryimage"},"image":{"@id":"https:\/\/www.iemj.org\/de\/yom-kippour-2\/#primaryimage"},"thumbnailUrl":"https:\/\/www.iemj.org\/wp-content\/uploads\/2025\/04\/Playlist-Kippour-2-1.jpg","datePublished":"2017-09-27T07:47:23+00:00","dateModified":"2024-10-09T13:26:56+00:00","breadcrumb":{"@id":"https:\/\/www.iemj.org\/de\/yom-kippour-2\/#breadcrumb"},"inLanguage":"de","potentialAction":[{"@type":"ReadAction","target":["https:\/\/www.iemj.org\/de\/yom-kippour-2\/"]}]},{"@type":"ImageObject","inLanguage":"de","@id":"https:\/\/www.iemj.org\/de\/yom-kippour-2\/#primaryimage","url":"https:\/\/www.iemj.org\/wp-content\/uploads\/2025\/04\/Playlist-Kippour-2-1.jpg","contentUrl":"https:\/\/www.iemj.org\/wp-content\/uploads\/2025\/04\/Playlist-Kippour-2-1.jpg","width":350,"height":434},{"@type":"BreadcrumbList","@id":"https:\/\/www.iemj.org\/de\/yom-kippour-2\/#breadcrumb","itemListElement":[{"@type":"ListItem","position":1,"name":"Accueil","item":"https:\/\/www.iemj.org\/de\/"},{"@type":"ListItem","position":2,"name":"Yom Kippur 2"}]},{"@type":"WebSite","@id":"https:\/\/www.iemj.org\/de\/#website","url":"https:\/\/www.iemj.org\/de\/","name":"Institut Europ\u00e9en des Musiques Juives","description":"Des traditions musicales \u00e0 la port\u00e9e de tous","publisher":{"@id":"https:\/\/www.iemj.org\/de\/#organization"},"potentialAction":[{"@type":"SearchAction","target":{"@type":"EntryPoint","urlTemplate":"https:\/\/www.iemj.org\/de\/?s={search_term_string}"},"query-input":{"@type":"PropertyValueSpecification","valueRequired":true,"valueName":"search_term_string"}}],"inLanguage":"de"},{"@type":"Organization","@id":"https:\/\/www.iemj.org\/de\/#organization","name":"Institut Europ\u00e9en des Musiques Juives","url":"https:\/\/www.iemj.org\/de\/","logo":{"@type":"ImageObject","inLanguage":"de","@id":"https:\/\/www.iemj.org\/de\/#\/schema\/logo\/image\/","url":"https:\/\/www.iemj.org\/wp-content\/uploads\/2021\/09\/Logo-IEMJ-Paypal.jpg","contentUrl":"https:\/\/www.iemj.org\/wp-content\/uploads\/2021\/09\/Logo-IEMJ-Paypal.jpg","width":150,"height":50,"caption":"Institut Europ\u00e9en des Musiques Juives"},"image":{"@id":"https:\/\/www.iemj.org\/de\/#\/schema\/logo\/image\/"},"sameAs":["https:\/\/www.facebook.com\/MusiquesJuives\/","https:\/\/www.instagram.com\/musiquesjuives\/","https:\/\/www.youtube.com\/user\/musiquesjuives"]},{"@type":"Person","@id":"https:\/\/www.iemj.org\/de\/#\/schema\/person\/e2ad57f2c4be119c7ed8ab79036807a9","name":"Lea Couderc","image":{"@type":"ImageObject","inLanguage":"de","@id":"https:\/\/secure.gravatar.com\/avatar\/46ee021475d60aeff17a7e490b79dea5a5684bb392ab7fd1494027411df8ba23?s=96&d=mm&r=g","url":"https:\/\/secure.gravatar.com\/avatar\/46ee021475d60aeff17a7e490b79dea5a5684bb392ab7fd1494027411df8ba23?s=96&d=mm&r=g","contentUrl":"https:\/\/secure.gravatar.com\/avatar\/46ee021475d60aeff17a7e490b79dea5a5684bb392ab7fd1494027411df8ba23?s=96&d=mm&r=g","caption":"Lea Couderc"}}]}},"_links":{"self":[{"href":"https:\/\/www.iemj.org\/de\/wp-json\/wp\/v2\/posts\/59299","targetHints":{"allow":["GET"]}}],"collection":[{"href":"https:\/\/www.iemj.org\/de\/wp-json\/wp\/v2\/posts"}],"about":[{"href":"https:\/\/www.iemj.org\/de\/wp-json\/wp\/v2\/types\/post"}],"author":[{"embeddable":true,"href":"https:\/\/www.iemj.org\/de\/wp-json\/wp\/v2\/users\/1052"}],"replies":[{"embeddable":true,"href":"https:\/\/www.iemj.org\/de\/wp-json\/wp\/v2\/comments?post=59299"}],"version-history":[{"count":0,"href":"https:\/\/www.iemj.org\/de\/wp-json\/wp\/v2\/posts\/59299\/revisions"}],"wp:featuredmedia":[{"embeddable":true,"href":"https:\/\/www.iemj.org\/de\/wp-json\/wp\/v2\/media\/59300"}],"wp:attachment":[{"href":"https:\/\/www.iemj.org\/de\/wp-json\/wp\/v2\/media?parent=59299"}],"wp:term":[{"taxonomy":"category","embeddable":true,"href":"https:\/\/www.iemj.org\/de\/wp-json\/wp\/v2\/categories?post=59299"},{"taxonomy":"post_tag","embeddable":true,"href":"https:\/\/www.iemj.org\/de\/wp-json\/wp\/v2\/tags?post=59299"},{"taxonomy":"technique","embeddable":true,"href":"https:\/\/www.iemj.org\/de\/wp-json\/wp\/v2\/technique?post=59299"},{"taxonomy":"squelettes","embeddable":true,"href":"https:\/\/www.iemj.org\/de\/wp-json\/wp\/v2\/squelettes?post=59299"},{"taxonomy":"sujet","embeddable":true,"href":"https:\/\/www.iemj.org\/de\/wp-json\/wp\/v2\/sujet?post=59299"},{"taxonomy":"formation","embeddable":true,"href":"https:\/\/www.iemj.org\/de\/wp-json\/wp\/v2\/formation?post=59299"},{"taxonomy":"genre","embeddable":true,"href":"https:\/\/www.iemj.org\/de\/wp-json\/wp\/v2\/genre?post=59299"},{"taxonomy":"fonds","embeddable":true,"href":"https:\/\/www.iemj.org\/de\/wp-json\/wp\/v2\/fonds?post=59299"},{"taxonomy":"tradition","embeddable":true,"href":"https:\/\/www.iemj.org\/de\/wp-json\/wp\/v2\/tradition?post=59299"},{"taxonomy":"type-de-contenu","embeddable":true,"href":"https:\/\/www.iemj.org\/de\/wp-json\/wp\/v2\/type-de-contenu?post=59299"},{"taxonomy":"interprete-compositeur","embeddable":true,"href":"https:\/\/www.iemj.org\/de\/wp-json\/wp\/v2\/interprete-compositeur?post=59299"},{"taxonomy":"frise","embeddable":true,"href":"https:\/\/www.iemj.org\/de\/wp-json\/wp\/v2\/frise?post=59299"},{"taxonomy":"type-devenement","embeddable":true,"href":"https:\/\/www.iemj.org\/de\/wp-json\/wp\/v2\/type-devenement?post=59299"},{"taxonomy":"tableaux-liens-externes","embeddable":true,"href":"https:\/\/www.iemj.org\/de\/wp-json\/wp\/v2\/tableaux-liens-externes?post=59299"}],"curies":[{"name":"wp","href":"https:\/\/api.w.org\/{rel}","templated":true}]}}