{"id":59701,"date":"2020-09-08T16:06:19","date_gmt":"2020-09-08T14:06:19","guid":{"rendered":"https:\/\/www.iemj.org\/les-selihot-%d7%a1%d7%9c%d7%99%d7%97%d7%95%d7%aa\/"},"modified":"2021-09-01T11:23:48","modified_gmt":"2021-09-01T09:23:48","slug":"les-selihot-%d7%a1%d7%9c%d7%99%d7%97%d7%95%d7%aa","status":"publish","type":"post","link":"https:\/\/www.iemj.org\/de\/les-selihot-%d7%a1%d7%9c%d7%99%d7%97%d7%95%d7%aa\/","title":{"rendered":"Die Slichot &#8211; \u05e1\u05dc\u05d9\u05d7\u05d5\u05ea"},"content":{"rendered":"<p>Die <em>Slichot <\/em>sind Gebete der Bu\u00dfe und Reue, mit denen der Gl\u00e4ubige bei Gott, f\u00fcr die begangenen S\u00fcnden, um Vergebung bittet. Dieser Brauch basiert auf den <a href=\"https:\/\/en.wikipedia.org\/wiki\/Thirteen_Attributes_of_Mercy\" target=\"_blank\" rel=\"noopener\">13 g\u00f6ttlichen Attributen der Barmherzigkeit<\/a>, die der \u00dcberlieferung nach, Moses von Gott \u00fcbergeben wurden. Bei den 13 Attributen handelt es sich um die folgenden: \u201eDer HERR ist der HERR, ein barmherziger und gn\u00e4diger Gott, langm\u00fctig und reich an Huld und Treue: Er bewahrt tausend Generationen Huld, nimmt Schuld, Frevel und S\u00fcnde weg, aber er spricht nicht einfach frei, er sucht die Schuld der V\u00e4ter bei den S\u00f6hnen und Enkeln heim, bis zur dritten und vierten Generation.\u201c (Exodus 34, 6-7)<\/p>\n<p>Ein Gro\u00dfteil der liturgischen Poesien (<em>Pijjut<\/em>) wurde \u00fcber die Jahrhunderte hinweg, zur Veranschaulichung der Verk\u00fcndigung dieser dreizehn Attribute, verfasst. Diese auf dem Gedanken der Vergebung basierten Gedichte werden <em>Slichot<\/em> genannt.<\/p>\n<p>Urspr\u00fcnglich wurden die <em>Slichot<\/em> w\u00e4hrend der Jom-Kippur und zu Fastengottesdiensten gelesen. Dann weitete sich der Brauch, auf die 10 Tage (<em>Jamim Noraim<\/em>), zwischen Rosch ha-Schana und Kippur, aus. Ab der Epoche der Geonim (6. Bis 9. Jahrhundert) ging man dazu \u00fcber, sie montags und donnerstags, nach dem <em>Amida<\/em> des Morgengebets, zu sprechen.<\/p>\n<figure id=\"attachment_29351\" aria-describedby=\"caption-attachment-29351\" style=\"width: 318px\" class=\"wp-caption alignright\"><img fetchpriority=\"high\" decoding=\"async\" class=\"wp-image-29351\" src=\"https:\/\/www.iemj.org\/wp-content\/uploads\/2020\/09\/seli_hot_a_la_synagogue_des_hassidim_de_belz_redim_350_px_larg-300x225.jpg\" alt=\"seli_hot_a_la_synagogue_des_hassidim_de_belz_redim_350_px_larg.jpg\" width=\"318\" height=\"239\" srcset=\"https:\/\/www.iemj.org\/wp-content\/uploads\/2020\/09\/seli_hot_a_la_synagogue_des_hassidim_de_belz_redim_350_px_larg-300x225.jpg 300w, https:\/\/www.iemj.org\/wp-content\/uploads\/2020\/09\/seli_hot_a_la_synagogue_des_hassidim_de_belz_redim_350_px_larg.jpg 350w\" sizes=\"(max-width: 318px) 100vw, 318px\" \/><figcaption id=\"caption-attachment-29351\" class=\"wp-caption-text\"><strong>Slichot, chassidische Belz Synagoge \u2013 Jerusalem<\/strong><\/figcaption><\/figure>\n<p style=\"text-align: left;\">In den aschkenasischen und chassidischen Gemeinschaften werden die <em>Slichot <\/em>an dem Samstag, welcher dem Fest Rosch ha-Schana (um mindestens vier Tage) vorausgeht, gesprochen. In den sephardischen Gemeinschaften wiederum, werden sie, ab dem 1. Elul, vierzig Tage lang bei Sonnenaufgang und vor dem Morgengebet, gelesen. In Israel wiederum, herrscht der Brauch, sie mitten in der Nacht zu rezitieren. Nach der Zerst\u00f6rung des zweiten Tempels von Jerusalem wurden die <em>Slichot<\/em> in besonderen Situationen gelesen, besonders in Zeiten der Regenknappheit. Man spricht sie \u00fcberdies auch in bestimmten Fastenzeiten.<\/p>\n<p>Die unterschiedlichen Riten haben jeweils eigene Texte und Br\u00e4uche. Der Stil der <em>Slichot<\/em> entwickelte sich \u00fcber die Zeit hinweg. Somit ist das Auftreten von Strophen und Reimen mit dem byzantinischen, syrischen und arabischen \u00e4sthetischen Kanon verbunden. Daraus entstanden Poesien mit Strophen, bestehend aus zwei Versen (<em>Shniyot<\/em>), drei Versen (<em>Shlishiyot<\/em>) und vier Versen (<em>Shalmoniyot<\/em>).<\/p>\n<p>Bestimmte <em>Slichot<\/em> \u2013 wie <em>Adon haselihot, Atanou lehalot, Ben Adam, El erekh apayim, El melekh yoshev <\/em>\u2013 sind in vielen Gemeinschaften verbreitet. Dabei blieben die Autoren der Gedichte gr\u00f6\u00dftenteils unbekannt. Dennoch wurden die Namen einiger weniger \u00fcberliefert, wie etwa der des ber\u00fchmten Mo\u00efse Ibn Ezra (1055 \u2013 nach 1135) mit dem Beinamen\u00a0<em>ha-Sallah<\/em>\u00a0(\u201eAutor der <em>Slichot<\/em>\u201c). Schlie\u00dflich sind eine bestimmte Anzahl an <em>Slichot<\/em> auch als Akrostichon verfasst (Anfangsbuchstaben der Verszeilen folgen in alphabetischer Reihenfolge, ein Beispiel hierf\u00fcr ist das <em>Selicha Ashamnou mikol \u2019am<\/em>); nicht selten erscheint der Name des Autors als Akrostichon, nach der alphabetischen Reihenfolge.<\/p>\n<p>Quellen:<br \/>&#8211; Dictionnaire encyclop\u00e9dique du juda\u00efsme, coll. Bouquin, Ed. Cerf \/ Robert Laffont, pp 939-940<br \/>&#8211; <a href=\"https:\/\/de.wikipedia.org\/wiki\/Slichot\" target=\"_blank\" rel=\"noopener\">Slichot, Wikipedia<\/a><\/p>\n<p><strong>Anh\u00f6ren:<\/strong><br \/><a href=\"https:\/\/www.iemj.org\/de\/les-selihot-dans-le-rite-ashkenaze-de-louest\/\" target=\"_blank\" rel=\"noopener\"><br \/>Die Slichot im aschkenasischen Ritus Westeuropas<\/a><br \/><a href=\"https:\/\/www.iemj.org\/de\/les-selihot-dans-le-rite-ashkenaze-de-lest\/\" target=\"_blank\" rel=\"noopener\">Die Slichot im aschkenasischen Ritus Osteuropas<\/a><br \/><a href=\"https:\/\/www.iemj.org\/de\/les-selihot-dans-le-rite-hispano-portugais\/\" target=\"_blank\" rel=\"noopener\">Die Slichot im hispanisch-portugiesischen Ritus<\/a><br \/><a href=\"https:\/\/www.iemj.org\/de\/les-selihot-dans-les-rites-italiens\/\">Die Slichot im italienischen Ritus<\/a><br \/><a href=\"https:\/\/www.iemj.org\/de\/les-selihot-dans-le-rite-marocain\/\">Die Slichot im marokkanischen Ritus<\/a><br \/><a href=\"https:\/\/www.iemj.org\/de\/les-selihot-dans-le-rite-tunisien\/\">Die Slichot im tunesischen Ritus<\/a><br \/><a href=\"https:\/\/www.iemj.org\/de\/les-selihot-dans-le-rite-algerien\/\">Die Slichot im algerischen Ritus<\/a><br \/><a href=\"https:\/\/www.iemj.org\/de\/les-selihot-dans-le-rite-turc\/\">Die Slichot im t\u00fcrkischen Ritus<\/a><\/p>\n\n\n<p><\/p>\n","protected":false},"excerpt":{"rendered":"<p>Die Slichot sind Gebete der Bu\u00dfe und Reue, mit denen der Gl\u00e4ubige bei Gott, f\u00fcr die begangenen S\u00fcnden, um Vergebung bittet. Dieser Brauch basiert auf den 13 g\u00f6ttlichen Attributen der<\/p>\n","protected":false},"author":5,"featured_media":59702,"comment_status":"closed","ping_status":"closed","sticky":false,"template":"","format":"standard","meta":{"_acf_changed":false,"footnotes":""},"categories":[1406],"tags":[],"technique":[],"squelettes":[],"sujet":[2118,1850,1760],"formation":[],"genre":[1891],"fonds":[],"tradition":[],"type-de-contenu":[],"interprete-compositeur":[],"frise":[],"type-devenement":[],"tableaux-liens-externes":[],"class_list":["post-59701","post","type-post","status-publish","format-standard","has-post-thumbnail","hentry","category-hintergrundartikel-de","sujet-religiose-poesie-piyyutim-de","sujet-rosch-haschana-de","sujet-yom-kippur-de","genre-liturgie-de"],"acf":[],"yoast_head":"<!-- This site is optimized with the Yoast SEO plugin v27.3 - https:\/\/yoast.com\/product\/yoast-seo-wordpress\/ -->\n<title>Die Slichot - \u05e1\u05dc\u05d9\u05d7\u05d5\u05ea - Institut Europ\u00e9en des Musiques Juives<\/title>\n<meta name=\"robots\" content=\"index, follow, max-snippet:-1, max-image-preview:large, max-video-preview:-1\" \/>\n<link rel=\"canonical\" href=\"https:\/\/www.iemj.org\/de\/les-selihot-%d7%a1%d7%9c%d7%99%d7%97%d7%95%d7%aa\/\" \/>\n<meta property=\"og:locale\" content=\"de_DE\" \/>\n<meta property=\"og:type\" content=\"article\" \/>\n<meta property=\"og:title\" content=\"Die Slichot - \u05e1\u05dc\u05d9\u05d7\u05d5\u05ea - Institut Europ\u00e9en des Musiques Juives\" \/>\n<meta property=\"og:description\" content=\"Die Slichot sind Gebete der Bu\u00dfe und Reue, mit denen der Gl\u00e4ubige bei Gott, f\u00fcr die begangenen S\u00fcnden, um Vergebung bittet. Dieser Brauch basiert auf den 13 g\u00f6ttlichen Attributen der\" \/>\n<meta property=\"og:url\" content=\"https:\/\/www.iemj.org\/de\/les-selihot-%d7%a1%d7%9c%d7%99%d7%97%d7%95%d7%aa\/\" \/>\n<meta property=\"og:site_name\" content=\"Institut Europ\u00e9en des Musiques Juives\" \/>\n<meta property=\"article:publisher\" content=\"https:\/\/www.facebook.com\/MusiquesJuives\/\" \/>\n<meta property=\"article:published_time\" content=\"2020-09-08T14:06:19+00:00\" \/>\n<meta property=\"article:modified_time\" content=\"2021-09-01T09:23:48+00:00\" \/>\n<meta property=\"og:image\" content=\"https:\/\/www.iemj.org\/wp-content\/uploads\/2020\/09\/arton4824.jpg\" \/>\n\t<meta property=\"og:image:width\" content=\"336\" \/>\n\t<meta property=\"og:image:height\" content=\"336\" \/>\n\t<meta property=\"og:image:type\" content=\"image\/jpeg\" \/>\n<meta name=\"author\" content=\"Jacqueline ROTEN\" \/>\n<meta name=\"twitter:card\" content=\"summary_large_image\" \/>\n<meta name=\"twitter:label1\" content=\"Verfasst von\" \/>\n\t<meta name=\"twitter:data1\" content=\"Jacqueline ROTEN\" \/>\n\t<meta name=\"twitter:label2\" content=\"Gesch\u00e4tzte Lesezeit\" \/>\n\t<meta name=\"twitter:data2\" content=\"3\u00a0Minuten\" \/>\n<script type=\"application\/ld+json\" class=\"yoast-schema-graph\">{\"@context\":\"https:\\\/\\\/schema.org\",\"@graph\":[{\"@type\":\"Article\",\"@id\":\"https:\\\/\\\/www.iemj.org\\\/de\\\/les-selihot-%d7%a1%d7%9c%d7%99%d7%97%d7%95%d7%aa\\\/#article\",\"isPartOf\":{\"@id\":\"https:\\\/\\\/www.iemj.org\\\/de\\\/les-selihot-%d7%a1%d7%9c%d7%99%d7%97%d7%95%d7%aa\\\/\"},\"author\":{\"name\":\"Jacqueline ROTEN\",\"@id\":\"https:\\\/\\\/www.iemj.org\\\/de\\\/#\\\/schema\\\/person\\\/358e26c18aca017fcc4cc15437f7279c\"},\"headline\":\"Die Slichot &#8211; \u05e1\u05dc\u05d9\u05d7\u05d5\u05ea\",\"datePublished\":\"2020-09-08T14:06:19+00:00\",\"dateModified\":\"2021-09-01T09:23:48+00:00\",\"mainEntityOfPage\":{\"@id\":\"https:\\\/\\\/www.iemj.org\\\/de\\\/les-selihot-%d7%a1%d7%9c%d7%99%d7%97%d7%95%d7%aa\\\/\"},\"wordCount\":509,\"publisher\":{\"@id\":\"https:\\\/\\\/www.iemj.org\\\/de\\\/#organization\"},\"image\":{\"@id\":\"https:\\\/\\\/www.iemj.org\\\/de\\\/les-selihot-%d7%a1%d7%9c%d7%99%d7%97%d7%95%d7%aa\\\/#primaryimage\"},\"thumbnailUrl\":\"https:\\\/\\\/www.iemj.org\\\/wp-content\\\/uploads\\\/2020\\\/09\\\/arton4824.jpg\",\"articleSection\":[\"Hintergrundartikel\"],\"inLanguage\":\"de\"},{\"@type\":\"WebPage\",\"@id\":\"https:\\\/\\\/www.iemj.org\\\/de\\\/les-selihot-%d7%a1%d7%9c%d7%99%d7%97%d7%95%d7%aa\\\/\",\"url\":\"https:\\\/\\\/www.iemj.org\\\/de\\\/les-selihot-%d7%a1%d7%9c%d7%99%d7%97%d7%95%d7%aa\\\/\",\"name\":\"Die Slichot - \u05e1\u05dc\u05d9\u05d7\u05d5\u05ea - Institut Europ\u00e9en des Musiques Juives\",\"isPartOf\":{\"@id\":\"https:\\\/\\\/www.iemj.org\\\/de\\\/#website\"},\"primaryImageOfPage\":{\"@id\":\"https:\\\/\\\/www.iemj.org\\\/de\\\/les-selihot-%d7%a1%d7%9c%d7%99%d7%97%d7%95%d7%aa\\\/#primaryimage\"},\"image\":{\"@id\":\"https:\\\/\\\/www.iemj.org\\\/de\\\/les-selihot-%d7%a1%d7%9c%d7%99%d7%97%d7%95%d7%aa\\\/#primaryimage\"},\"thumbnailUrl\":\"https:\\\/\\\/www.iemj.org\\\/wp-content\\\/uploads\\\/2020\\\/09\\\/arton4824.jpg\",\"datePublished\":\"2020-09-08T14:06:19+00:00\",\"dateModified\":\"2021-09-01T09:23:48+00:00\",\"breadcrumb\":{\"@id\":\"https:\\\/\\\/www.iemj.org\\\/de\\\/les-selihot-%d7%a1%d7%9c%d7%99%d7%97%d7%95%d7%aa\\\/#breadcrumb\"},\"inLanguage\":\"de\",\"potentialAction\":[{\"@type\":\"ReadAction\",\"target\":[\"https:\\\/\\\/www.iemj.org\\\/de\\\/les-selihot-%d7%a1%d7%9c%d7%99%d7%97%d7%95%d7%aa\\\/\"]}]},{\"@type\":\"ImageObject\",\"inLanguage\":\"de\",\"@id\":\"https:\\\/\\\/www.iemj.org\\\/de\\\/les-selihot-%d7%a1%d7%9c%d7%99%d7%97%d7%95%d7%aa\\\/#primaryimage\",\"url\":\"https:\\\/\\\/www.iemj.org\\\/wp-content\\\/uploads\\\/2020\\\/09\\\/arton4824.jpg\",\"contentUrl\":\"https:\\\/\\\/www.iemj.org\\\/wp-content\\\/uploads\\\/2020\\\/09\\\/arton4824.jpg\",\"width\":336,\"height\":336},{\"@type\":\"BreadcrumbList\",\"@id\":\"https:\\\/\\\/www.iemj.org\\\/de\\\/les-selihot-%d7%a1%d7%9c%d7%99%d7%97%d7%95%d7%aa\\\/#breadcrumb\",\"itemListElement\":[{\"@type\":\"ListItem\",\"position\":1,\"name\":\"Accueil\",\"item\":\"https:\\\/\\\/www.iemj.org\\\/de\\\/\"},{\"@type\":\"ListItem\",\"position\":2,\"name\":\"Die Slichot &#8211; \u05e1\u05dc\u05d9\u05d7\u05d5\u05ea\"}]},{\"@type\":\"WebSite\",\"@id\":\"https:\\\/\\\/www.iemj.org\\\/de\\\/#website\",\"url\":\"https:\\\/\\\/www.iemj.org\\\/de\\\/\",\"name\":\"Institut Europ\u00e9en des Musiques Juives\",\"description\":\"Des traditions musicales \u00e0 la port\u00e9e de tous\",\"publisher\":{\"@id\":\"https:\\\/\\\/www.iemj.org\\\/de\\\/#organization\"},\"potentialAction\":[{\"@type\":\"SearchAction\",\"target\":{\"@type\":\"EntryPoint\",\"urlTemplate\":\"https:\\\/\\\/www.iemj.org\\\/de\\\/?s={search_term_string}\"},\"query-input\":{\"@type\":\"PropertyValueSpecification\",\"valueRequired\":true,\"valueName\":\"search_term_string\"}}],\"inLanguage\":\"de\"},{\"@type\":\"Organization\",\"@id\":\"https:\\\/\\\/www.iemj.org\\\/de\\\/#organization\",\"name\":\"Institut Europ\u00e9en des Musiques Juives\",\"url\":\"https:\\\/\\\/www.iemj.org\\\/de\\\/\",\"logo\":{\"@type\":\"ImageObject\",\"inLanguage\":\"de\",\"@id\":\"https:\\\/\\\/www.iemj.org\\\/de\\\/#\\\/schema\\\/logo\\\/image\\\/\",\"url\":\"https:\\\/\\\/www.iemj.org\\\/wp-content\\\/uploads\\\/2021\\\/09\\\/Logo-IEMJ-Paypal.jpg\",\"contentUrl\":\"https:\\\/\\\/www.iemj.org\\\/wp-content\\\/uploads\\\/2021\\\/09\\\/Logo-IEMJ-Paypal.jpg\",\"width\":150,\"height\":50,\"caption\":\"Institut Europ\u00e9en des Musiques Juives\"},\"image\":{\"@id\":\"https:\\\/\\\/www.iemj.org\\\/de\\\/#\\\/schema\\\/logo\\\/image\\\/\"},\"sameAs\":[\"https:\\\/\\\/www.facebook.com\\\/MusiquesJuives\\\/\",\"https:\\\/\\\/www.instagram.com\\\/musiquesjuives\\\/\",\"https:\\\/\\\/www.youtube.com\\\/user\\\/musiquesjuives\"]},{\"@type\":\"Person\",\"@id\":\"https:\\\/\\\/www.iemj.org\\\/de\\\/#\\\/schema\\\/person\\\/358e26c18aca017fcc4cc15437f7279c\",\"name\":\"Jacqueline ROTEN\",\"image\":{\"@type\":\"ImageObject\",\"inLanguage\":\"de\",\"@id\":\"https:\\\/\\\/secure.gravatar.com\\\/avatar\\\/5964256d6c6957de3a3505278957e0fb2a35119ac47ea41827a65301213c810b?s=96&d=mm&r=g\",\"url\":\"https:\\\/\\\/secure.gravatar.com\\\/avatar\\\/5964256d6c6957de3a3505278957e0fb2a35119ac47ea41827a65301213c810b?s=96&d=mm&r=g\",\"contentUrl\":\"https:\\\/\\\/secure.gravatar.com\\\/avatar\\\/5964256d6c6957de3a3505278957e0fb2a35119ac47ea41827a65301213c810b?s=96&d=mm&r=g\",\"caption\":\"Jacqueline ROTEN\"}}]}<\/script>\n<!-- \/ Yoast SEO plugin. -->","yoast_head_json":{"title":"Die Slichot - \u05e1\u05dc\u05d9\u05d7\u05d5\u05ea - Institut Europ\u00e9en des Musiques Juives","robots":{"index":"index","follow":"follow","max-snippet":"max-snippet:-1","max-image-preview":"max-image-preview:large","max-video-preview":"max-video-preview:-1"},"canonical":"https:\/\/www.iemj.org\/de\/les-selihot-%d7%a1%d7%9c%d7%99%d7%97%d7%95%d7%aa\/","og_locale":"de_DE","og_type":"article","og_title":"Die Slichot - \u05e1\u05dc\u05d9\u05d7\u05d5\u05ea - Institut Europ\u00e9en des Musiques Juives","og_description":"Die Slichot sind Gebete der Bu\u00dfe und Reue, mit denen der Gl\u00e4ubige bei Gott, f\u00fcr die begangenen S\u00fcnden, um Vergebung bittet. Dieser Brauch basiert auf den 13 g\u00f6ttlichen Attributen der","og_url":"https:\/\/www.iemj.org\/de\/les-selihot-%d7%a1%d7%9c%d7%99%d7%97%d7%95%d7%aa\/","og_site_name":"Institut Europ\u00e9en des Musiques Juives","article_publisher":"https:\/\/www.facebook.com\/MusiquesJuives\/","article_published_time":"2020-09-08T14:06:19+00:00","article_modified_time":"2021-09-01T09:23:48+00:00","og_image":[{"width":336,"height":336,"url":"https:\/\/www.iemj.org\/wp-content\/uploads\/2020\/09\/arton4824.jpg","type":"image\/jpeg"}],"author":"Jacqueline ROTEN","twitter_card":"summary_large_image","twitter_misc":{"Verfasst von":"Jacqueline ROTEN","Gesch\u00e4tzte Lesezeit":"3\u00a0Minuten"},"schema":{"@context":"https:\/\/schema.org","@graph":[{"@type":"Article","@id":"https:\/\/www.iemj.org\/de\/les-selihot-%d7%a1%d7%9c%d7%99%d7%97%d7%95%d7%aa\/#article","isPartOf":{"@id":"https:\/\/www.iemj.org\/de\/les-selihot-%d7%a1%d7%9c%d7%99%d7%97%d7%95%d7%aa\/"},"author":{"name":"Jacqueline ROTEN","@id":"https:\/\/www.iemj.org\/de\/#\/schema\/person\/358e26c18aca017fcc4cc15437f7279c"},"headline":"Die Slichot &#8211; \u05e1\u05dc\u05d9\u05d7\u05d5\u05ea","datePublished":"2020-09-08T14:06:19+00:00","dateModified":"2021-09-01T09:23:48+00:00","mainEntityOfPage":{"@id":"https:\/\/www.iemj.org\/de\/les-selihot-%d7%a1%d7%9c%d7%99%d7%97%d7%95%d7%aa\/"},"wordCount":509,"publisher":{"@id":"https:\/\/www.iemj.org\/de\/#organization"},"image":{"@id":"https:\/\/www.iemj.org\/de\/les-selihot-%d7%a1%d7%9c%d7%99%d7%97%d7%95%d7%aa\/#primaryimage"},"thumbnailUrl":"https:\/\/www.iemj.org\/wp-content\/uploads\/2020\/09\/arton4824.jpg","articleSection":["Hintergrundartikel"],"inLanguage":"de"},{"@type":"WebPage","@id":"https:\/\/www.iemj.org\/de\/les-selihot-%d7%a1%d7%9c%d7%99%d7%97%d7%95%d7%aa\/","url":"https:\/\/www.iemj.org\/de\/les-selihot-%d7%a1%d7%9c%d7%99%d7%97%d7%95%d7%aa\/","name":"Die Slichot - \u05e1\u05dc\u05d9\u05d7\u05d5\u05ea - Institut Europ\u00e9en des Musiques Juives","isPartOf":{"@id":"https:\/\/www.iemj.org\/de\/#website"},"primaryImageOfPage":{"@id":"https:\/\/www.iemj.org\/de\/les-selihot-%d7%a1%d7%9c%d7%99%d7%97%d7%95%d7%aa\/#primaryimage"},"image":{"@id":"https:\/\/www.iemj.org\/de\/les-selihot-%d7%a1%d7%9c%d7%99%d7%97%d7%95%d7%aa\/#primaryimage"},"thumbnailUrl":"https:\/\/www.iemj.org\/wp-content\/uploads\/2020\/09\/arton4824.jpg","datePublished":"2020-09-08T14:06:19+00:00","dateModified":"2021-09-01T09:23:48+00:00","breadcrumb":{"@id":"https:\/\/www.iemj.org\/de\/les-selihot-%d7%a1%d7%9c%d7%99%d7%97%d7%95%d7%aa\/#breadcrumb"},"inLanguage":"de","potentialAction":[{"@type":"ReadAction","target":["https:\/\/www.iemj.org\/de\/les-selihot-%d7%a1%d7%9c%d7%99%d7%97%d7%95%d7%aa\/"]}]},{"@type":"ImageObject","inLanguage":"de","@id":"https:\/\/www.iemj.org\/de\/les-selihot-%d7%a1%d7%9c%d7%99%d7%97%d7%95%d7%aa\/#primaryimage","url":"https:\/\/www.iemj.org\/wp-content\/uploads\/2020\/09\/arton4824.jpg","contentUrl":"https:\/\/www.iemj.org\/wp-content\/uploads\/2020\/09\/arton4824.jpg","width":336,"height":336},{"@type":"BreadcrumbList","@id":"https:\/\/www.iemj.org\/de\/les-selihot-%d7%a1%d7%9c%d7%99%d7%97%d7%95%d7%aa\/#breadcrumb","itemListElement":[{"@type":"ListItem","position":1,"name":"Accueil","item":"https:\/\/www.iemj.org\/de\/"},{"@type":"ListItem","position":2,"name":"Die Slichot &#8211; \u05e1\u05dc\u05d9\u05d7\u05d5\u05ea"}]},{"@type":"WebSite","@id":"https:\/\/www.iemj.org\/de\/#website","url":"https:\/\/www.iemj.org\/de\/","name":"Institut Europ\u00e9en des Musiques Juives","description":"Des traditions musicales \u00e0 la port\u00e9e de tous","publisher":{"@id":"https:\/\/www.iemj.org\/de\/#organization"},"potentialAction":[{"@type":"SearchAction","target":{"@type":"EntryPoint","urlTemplate":"https:\/\/www.iemj.org\/de\/?s={search_term_string}"},"query-input":{"@type":"PropertyValueSpecification","valueRequired":true,"valueName":"search_term_string"}}],"inLanguage":"de"},{"@type":"Organization","@id":"https:\/\/www.iemj.org\/de\/#organization","name":"Institut Europ\u00e9en des Musiques Juives","url":"https:\/\/www.iemj.org\/de\/","logo":{"@type":"ImageObject","inLanguage":"de","@id":"https:\/\/www.iemj.org\/de\/#\/schema\/logo\/image\/","url":"https:\/\/www.iemj.org\/wp-content\/uploads\/2021\/09\/Logo-IEMJ-Paypal.jpg","contentUrl":"https:\/\/www.iemj.org\/wp-content\/uploads\/2021\/09\/Logo-IEMJ-Paypal.jpg","width":150,"height":50,"caption":"Institut Europ\u00e9en des Musiques Juives"},"image":{"@id":"https:\/\/www.iemj.org\/de\/#\/schema\/logo\/image\/"},"sameAs":["https:\/\/www.facebook.com\/MusiquesJuives\/","https:\/\/www.instagram.com\/musiquesjuives\/","https:\/\/www.youtube.com\/user\/musiquesjuives"]},{"@type":"Person","@id":"https:\/\/www.iemj.org\/de\/#\/schema\/person\/358e26c18aca017fcc4cc15437f7279c","name":"Jacqueline ROTEN","image":{"@type":"ImageObject","inLanguage":"de","@id":"https:\/\/secure.gravatar.com\/avatar\/5964256d6c6957de3a3505278957e0fb2a35119ac47ea41827a65301213c810b?s=96&d=mm&r=g","url":"https:\/\/secure.gravatar.com\/avatar\/5964256d6c6957de3a3505278957e0fb2a35119ac47ea41827a65301213c810b?s=96&d=mm&r=g","contentUrl":"https:\/\/secure.gravatar.com\/avatar\/5964256d6c6957de3a3505278957e0fb2a35119ac47ea41827a65301213c810b?s=96&d=mm&r=g","caption":"Jacqueline ROTEN"}}]}},"_links":{"self":[{"href":"https:\/\/www.iemj.org\/de\/wp-json\/wp\/v2\/posts\/59701","targetHints":{"allow":["GET"]}}],"collection":[{"href":"https:\/\/www.iemj.org\/de\/wp-json\/wp\/v2\/posts"}],"about":[{"href":"https:\/\/www.iemj.org\/de\/wp-json\/wp\/v2\/types\/post"}],"author":[{"embeddable":true,"href":"https:\/\/www.iemj.org\/de\/wp-json\/wp\/v2\/users\/5"}],"replies":[{"embeddable":true,"href":"https:\/\/www.iemj.org\/de\/wp-json\/wp\/v2\/comments?post=59701"}],"version-history":[{"count":0,"href":"https:\/\/www.iemj.org\/de\/wp-json\/wp\/v2\/posts\/59701\/revisions"}],"wp:featuredmedia":[{"embeddable":true,"href":"https:\/\/www.iemj.org\/de\/wp-json\/wp\/v2\/media\/59702"}],"wp:attachment":[{"href":"https:\/\/www.iemj.org\/de\/wp-json\/wp\/v2\/media?parent=59701"}],"wp:term":[{"taxonomy":"category","embeddable":true,"href":"https:\/\/www.iemj.org\/de\/wp-json\/wp\/v2\/categories?post=59701"},{"taxonomy":"post_tag","embeddable":true,"href":"https:\/\/www.iemj.org\/de\/wp-json\/wp\/v2\/tags?post=59701"},{"taxonomy":"technique","embeddable":true,"href":"https:\/\/www.iemj.org\/de\/wp-json\/wp\/v2\/technique?post=59701"},{"taxonomy":"squelettes","embeddable":true,"href":"https:\/\/www.iemj.org\/de\/wp-json\/wp\/v2\/squelettes?post=59701"},{"taxonomy":"sujet","embeddable":true,"href":"https:\/\/www.iemj.org\/de\/wp-json\/wp\/v2\/sujet?post=59701"},{"taxonomy":"formation","embeddable":true,"href":"https:\/\/www.iemj.org\/de\/wp-json\/wp\/v2\/formation?post=59701"},{"taxonomy":"genre","embeddable":true,"href":"https:\/\/www.iemj.org\/de\/wp-json\/wp\/v2\/genre?post=59701"},{"taxonomy":"fonds","embeddable":true,"href":"https:\/\/www.iemj.org\/de\/wp-json\/wp\/v2\/fonds?post=59701"},{"taxonomy":"tradition","embeddable":true,"href":"https:\/\/www.iemj.org\/de\/wp-json\/wp\/v2\/tradition?post=59701"},{"taxonomy":"type-de-contenu","embeddable":true,"href":"https:\/\/www.iemj.org\/de\/wp-json\/wp\/v2\/type-de-contenu?post=59701"},{"taxonomy":"interprete-compositeur","embeddable":true,"href":"https:\/\/www.iemj.org\/de\/wp-json\/wp\/v2\/interprete-compositeur?post=59701"},{"taxonomy":"frise","embeddable":true,"href":"https:\/\/www.iemj.org\/de\/wp-json\/wp\/v2\/frise?post=59701"},{"taxonomy":"type-devenement","embeddable":true,"href":"https:\/\/www.iemj.org\/de\/wp-json\/wp\/v2\/type-devenement?post=59701"},{"taxonomy":"tableaux-liens-externes","embeddable":true,"href":"https:\/\/www.iemj.org\/de\/wp-json\/wp\/v2\/tableaux-liens-externes?post=59701"}],"curies":[{"name":"wp","href":"https:\/\/api.w.org\/{rel}","templated":true}]}}