{"id":59778,"date":"2017-01-18T16:40:27","date_gmt":"2017-01-18T15:40:27","guid":{"rendered":"https:\/\/www.iemj.org\/fonds-des-archives-musicales-de-la-grande-synagogue-de-la-victoire-paris\/"},"modified":"2023-12-19T15:43:52","modified_gmt":"2023-12-19T14:43:52","slug":"fonds-des-archives-musicales-de-la-grande-synagogue-de-la-victoire-paris","status":"publish","type":"post","link":"https:\/\/www.iemj.org\/de\/fonds-des-archives-musicales-de-la-grande-synagogue-de-la-victoire-paris\/","title":{"rendered":"Musikalische Archivfonds der Gro\u00dfen Synagoge von Paris"},"content":{"rendered":"<p>Das Musikarchiv der Gro\u00dfen Synagoge von Paris, welches mehr als 30 laufende Meter an Dokumenten umfasst, stellt heutzutage die bedeutendste Sammlung der aschkenasischen Musik Frankreichs dar.<\/p>\n<p>Im August 2011 drohten die unter prek\u00e4ren Bedingungen aufgebwahrten Archive zu verschwinden, als gegen Sp\u00e4tnachmittag ein Brand im vierten Stock der Synagoge, in einem an die Orgel angrenzenden Bereich ausbrach. Gl\u00fccklicherweise konnte die Feuerwehr schnell eingreifen und das Feuer l\u00f6schen, welches das Musikarchive, nur um weniger als f\u00fcnfzig Zentimeter, verfehlte.<\/p>\n<p><img fetchpriority=\"high\" decoding=\"async\" class=\" alignright  wp-image-12761\" src=\"https:\/\/www.iemj.org\/wp-content\/uploads\/2017\/01\/archives.jpg\" alt=\"archives.jpg\" width=\"299\" height=\"224\" align=\"right\"><span style=\"font-size: revert; color: initial;\">Auf der Internetseite der <\/span><a style=\"font-size: revert;\" href=\"http:\/\/www.lavictoire.org\/English\/index.html\" target=\"_blank\" rel=\"noopener\">Gro\u00dfen Synagoge von Paris<\/a><span style=\"font-size: revert; color: initial;\"> wird erkl\u00e4rt:<\/span><span style=\"font-size: revert; color: initial;\">\u201eIn diesen Archiven werden mehr als zwei Jahrhunderte an Musikgeschichte des Konsistoriums und der Synagoge aufgebwahrt:<\/span><\/p>\n<p><span style=\"font-size: revert; color: initial;\">\u2022 Zwei Jahrhunderte an Partituren, komponiert f\u00fcr die besonderen Anl\u00e4sse des synagogalen Gottesdienest oder eigens an diese angepasst.<\/span><\/p>\n<p><span style=\"font-size: revert; color: initial;\">\u2022 Zwei Jahrhunderte an Partituren, welche oft auch versehen sind, mit Notizen der Komponisten selbst oder der zeitgen\u00f6ssischen Musikdirektoren.<\/span><\/p>\n<p><span style=\"font-size: revert; color: initial;\">\u2022 Zwei Jahrhunderte an Musikprogrammen von den wichtigsten Zeremonien in der Synagoge, von der Einweihung der Synagoge, von der Inthronisierung der Oberrabbiner, von offiziellen Zeremonien oder auch von k\u00fcrzlich gespielten Konzerten.<\/span><\/p>\n<p><span style=\"font-size: revert; color: initial;\">Wir haben uns aus diesem Grund entschieden, den Schutz dieses Schatzes zu gew\u00e4hrleisten und seine Klassifizierung und digitale Archivierung, Spezialisten anzuvertrauen, dem Institut Europ\u00e9en des Musiques Juives, welches sowohl \u00fcber sichere R\u00e4umlichkeiten als auch \u00fcber leistungsf\u00e4hige Digitalisierungsger\u00e4te verf\u00fcgt.\u201c<\/span><\/p>\n<p>Nachdem das Institut Europ\u00e9en des Musiques Juives von dem Pr\u00e4sidenten der Synagoge MM. Jacques Canet und dessen Vizepr\u00e4sident F\u00e9lix Loeb kontaktiert wurde, startete das Institut ein Projekt zum Erhalt und zur Ver\u00f6ffentlichung dieser Musikarchive. Das Projekt konnte dank der Unterst\u00fctzung der <strong>Fondation du Juda\u00efsme Fran\u00e7ais<\/strong>, von <strong>Yuval<\/strong>, der&nbsp;<strong>DRAC Ile-de France<\/strong>, des <strong>Institut Alain de Rothschild<\/strong>, der <strong>Fondation pour la M\u00e9moire de la Shoah<\/strong>, sowie der <strong>Familie Halphen<\/strong>, durchgef\u00fchrt werden.<\/p>\n<figure id=\"attachment_12763\" aria-describedby=\"caption-attachment-12763\" style=\"width: 253px\" class=\"wp-caption alignleft\"><img decoding=\"async\" class=\" alignleft size-full wp-image-12763\" title=\"Martha Stellmacher\" src=\"https:\/\/www.iemj.org\/wp-content\/uploads\/2017\/01\/martha.jpg\" alt=\"Martha Stellmacher\" width=\"253\" height=\"168\" align=\"left\" data-description=\"Martha Stellmacher\"><figcaption id=\"caption-attachment-12763\" class=\"wp-caption-text\"><strong>Martha Stellmacher<\/strong><\/figcaption><\/figure>\n<p>Zun\u00e4chst wurde vor Ort eine Bestandsaufnahme der Archive, von der jungen und begabten deutschen Musikwissenschaftlerin, Martha Stellmacher, im Rahmen der Europ\u00e4ischen Leonardo-Programms, gemacht. Nach einer kurzen Einarbeitungszeit im September 2011, begann Martha Stellmacher, unter der Leitung von Herv\u00e9 Roten, mit der Inventarisierung, der umfassenden Reinigung und der Vorkatalogisierung der Musiksammlungen.<\/p>\n<p>In einem zweiten Schritt wurden von einem Scanner-Techniker die rund 90 000 Seiten, aus denen die Sammlung besteht, digitalisiert. Dieser Digitalisierungsarbeit gingen musikwissenschaftliche Recherchen voraus, um die fehlenden Seiten bestimmter Partituren zu rekonstituierten oder wieder zu finden.<\/p>\n<p>In einem dritten und letzten Schritt k\u00fcmmerten sich Yaffa Ellenberger und Rosette Azoulay um die Katalogisierung der Dokumente, sowie deren Ver\u00f6ffentlichung im Internet.<\/p>\n<p><img decoding=\"async\" class=\" alignright  wp-image-12765\" src=\"https:\/\/www.iemj.org\/wp-content\/uploads\/2017\/01\/archives_sous_corde.jpg\" alt=\"archives_sous_corde.jpg\" width=\"251\" height=\"188\" align=\"right\">Urspr\u00fcnglich f\u00fcr eine Dauer von 24 Monaten geplant, erforderte dieses Projekt der Sicherung des Musikarchivs der Gro\u00dfen Synagoge von Paris, schlie\u00dflich fast 5 Jahre harter Arbeit, die den Zugang \u00fcber den <a href=\"http:\/\/www.rachelnet.net\/F\/?func=file&amp;file_name=find-b&amp;local_base=rebie&amp;con_lng=eng\" target=\"_blank\" rel=\"noopener\">Rachel-Katalog<\/a>, auf fast 2300 Partituren, Register, Musikprogramme und noch viel mehr, m\u00f6glich gemacht hat. Enthalten sind insbesondere handschriftliche Partituren, signiert von bekannten Komponisten wie&nbsp;<a href=\"https:\/\/www.iemj.org\/de\/halphen-fernand-1872-1917\/\" target=\"_blank\" rel=\"noopener\">Fernand Halphen<\/a> (Widmung dem Oberrabbiner Zadoc-Kahn), Henry Deutsche de la Meurthe, <a href=\"https:\/\/www.iemj.org\/de\/algazi-leon-1890-1971\/\">L\u00e9on Algazi<\/a>, oder Vladimir Dick.<\/p>\n<p>Diese Archive geben getreue Einblicke in die Entwicklung des franz\u00f6sischen Synagogengottesdiensts seit der Emanzipation von 1790-91 und der Einrichtung der Konsistorien in den Jahren 1806-1808.<\/p>\n<p>Die Archive sind ab sofort im Katalog unserer Sammlungen (<a href=\"http:\/\/www.rachelnet.net\/F\/?func=find-c&amp;ccl_term=WHOC%3DVictoire&amp;local_base=iemcg&amp;x=12&amp;y=14\">Zugriff auf die Archivfonds der <strong>Gro\u00dfen Synagoge von Paris<\/strong><\/a>) oder auf Terminanfrage am Institut Europ\u00e9en des Musiques Juives (<a href=\"mailto:contact@iemj.org\">contact@iemj.org<\/a>) einsehbar<\/p>\n<p><a href=\"http:\/\/www.lavictoire.org\/English\/index.html\">Erfahren Sie mehr \u00fcber die Gro\u00dfe Synagoge<\/a><\/p>\n<p><a href=\"https:\/\/www.iemj.org\/sauvegarde-et-numerisation-des-archives-musicales-synagogales\/\">Lesen Sie mehr \u00fcber die Rettungsmission der Archive der Gro\u00dfen Synagoge und der Synagoge von Neuilly<\/a><\/p>\n","protected":false},"excerpt":{"rendered":"<p>Das Musikarchiv der Gro\u00dfen Synagoge von Paris, welches mehr als 30 laufende Meter an Dokumenten umfasst, stellt heutzutage die bedeutendste Sammlung der aschkenasischen Musik Frankreichs dar. Im August 2011 drohten<\/p>\n","protected":false},"author":5,"featured_media":59779,"comment_status":"closed","ping_status":"open","sticky":false,"template":"","format":"standard","meta":{"_acf_changed":false,"footnotes":""},"categories":[1585],"tags":[],"technique":[],"squelettes":[],"sujet":[],"formation":[],"genre":[],"fonds":[],"tradition":[],"type-de-contenu":[],"interprete-compositeur":[],"frise":[],"type-devenement":[],"tableaux-liens-externes":[],"class_list":["post-59778","post","type-post","status-publish","format-standard","has-post-thumbnail","hentry","category-fonds-de"],"acf":[],"yoast_head":"<!-- This site is optimized with the Yoast SEO plugin v27.3 - https:\/\/yoast.com\/product\/yoast-seo-wordpress\/ -->\n<title>Musikalische Archivfonds der Gro\u00dfen Synagoge von Paris - Institut Europ\u00e9en des Musiques Juives<\/title>\n<meta name=\"robots\" content=\"index, follow, max-snippet:-1, max-image-preview:large, max-video-preview:-1\" \/>\n<link rel=\"canonical\" href=\"https:\/\/www.iemj.org\/de\/fonds-des-archives-musicales-de-la-grande-synagogue-de-la-victoire-paris\/\" \/>\n<meta property=\"og:locale\" content=\"de_DE\" \/>\n<meta property=\"og:type\" content=\"article\" \/>\n<meta property=\"og:title\" content=\"Musikalische Archivfonds der Gro\u00dfen Synagoge von Paris - Institut Europ\u00e9en des Musiques Juives\" \/>\n<meta property=\"og:description\" content=\"Das Musikarchiv der Gro\u00dfen Synagoge von Paris, welches mehr als 30 laufende Meter an Dokumenten umfasst, stellt heutzutage die bedeutendste Sammlung der aschkenasischen Musik Frankreichs dar. Im August 2011 drohten\" \/>\n<meta property=\"og:url\" content=\"https:\/\/www.iemj.org\/de\/fonds-des-archives-musicales-de-la-grande-synagogue-de-la-victoire-paris\/\" \/>\n<meta property=\"og:site_name\" content=\"Institut Europ\u00e9en des Musiques Juives\" \/>\n<meta property=\"article:publisher\" content=\"https:\/\/www.facebook.com\/MusiquesJuives\/\" \/>\n<meta property=\"article:published_time\" content=\"2017-01-18T15:40:27+00:00\" \/>\n<meta property=\"article:modified_time\" content=\"2023-12-19T14:43:52+00:00\" \/>\n<meta property=\"og:image\" content=\"https:\/\/www.iemj.org\/wp-content\/uploads\/2017\/01\/arton2047.jpg\" \/>\n\t<meta property=\"og:image:width\" content=\"278\" \/>\n\t<meta property=\"og:image:height\" content=\"181\" \/>\n\t<meta property=\"og:image:type\" content=\"image\/jpeg\" \/>\n<meta name=\"author\" content=\"Jacqueline ROTEN\" \/>\n<meta name=\"twitter:card\" content=\"summary_large_image\" \/>\n<meta name=\"twitter:label1\" content=\"Verfasst von\" \/>\n\t<meta name=\"twitter:data1\" content=\"Jacqueline ROTEN\" \/>\n\t<meta name=\"twitter:label2\" content=\"Gesch\u00e4tzte Lesezeit\" \/>\n\t<meta name=\"twitter:data2\" content=\"4\u00a0Minuten\" \/>\n<script type=\"application\/ld+json\" class=\"yoast-schema-graph\">{\"@context\":\"https:\\\/\\\/schema.org\",\"@graph\":[{\"@type\":\"Article\",\"@id\":\"https:\\\/\\\/www.iemj.org\\\/de\\\/fonds-des-archives-musicales-de-la-grande-synagogue-de-la-victoire-paris\\\/#article\",\"isPartOf\":{\"@id\":\"https:\\\/\\\/www.iemj.org\\\/de\\\/fonds-des-archives-musicales-de-la-grande-synagogue-de-la-victoire-paris\\\/\"},\"author\":{\"name\":\"Jacqueline ROTEN\",\"@id\":\"https:\\\/\\\/www.iemj.org\\\/de\\\/#\\\/schema\\\/person\\\/358e26c18aca017fcc4cc15437f7279c\"},\"headline\":\"Musikalische Archivfonds der Gro\u00dfen Synagoge von Paris\",\"datePublished\":\"2017-01-18T15:40:27+00:00\",\"dateModified\":\"2023-12-19T14:43:52+00:00\",\"mainEntityOfPage\":{\"@id\":\"https:\\\/\\\/www.iemj.org\\\/de\\\/fonds-des-archives-musicales-de-la-grande-synagogue-de-la-victoire-paris\\\/\"},\"wordCount\":589,\"publisher\":{\"@id\":\"https:\\\/\\\/www.iemj.org\\\/de\\\/#organization\"},\"image\":{\"@id\":\"https:\\\/\\\/www.iemj.org\\\/de\\\/fonds-des-archives-musicales-de-la-grande-synagogue-de-la-victoire-paris\\\/#primaryimage\"},\"thumbnailUrl\":\"https:\\\/\\\/www.iemj.org\\\/wp-content\\\/uploads\\\/2017\\\/01\\\/arton2047.jpg\",\"articleSection\":[\"Fonds\"],\"inLanguage\":\"de\"},{\"@type\":\"WebPage\",\"@id\":\"https:\\\/\\\/www.iemj.org\\\/de\\\/fonds-des-archives-musicales-de-la-grande-synagogue-de-la-victoire-paris\\\/\",\"url\":\"https:\\\/\\\/www.iemj.org\\\/de\\\/fonds-des-archives-musicales-de-la-grande-synagogue-de-la-victoire-paris\\\/\",\"name\":\"Musikalische Archivfonds der Gro\u00dfen Synagoge von Paris - Institut Europ\u00e9en des Musiques Juives\",\"isPartOf\":{\"@id\":\"https:\\\/\\\/www.iemj.org\\\/de\\\/#website\"},\"primaryImageOfPage\":{\"@id\":\"https:\\\/\\\/www.iemj.org\\\/de\\\/fonds-des-archives-musicales-de-la-grande-synagogue-de-la-victoire-paris\\\/#primaryimage\"},\"image\":{\"@id\":\"https:\\\/\\\/www.iemj.org\\\/de\\\/fonds-des-archives-musicales-de-la-grande-synagogue-de-la-victoire-paris\\\/#primaryimage\"},\"thumbnailUrl\":\"https:\\\/\\\/www.iemj.org\\\/wp-content\\\/uploads\\\/2017\\\/01\\\/arton2047.jpg\",\"datePublished\":\"2017-01-18T15:40:27+00:00\",\"dateModified\":\"2023-12-19T14:43:52+00:00\",\"breadcrumb\":{\"@id\":\"https:\\\/\\\/www.iemj.org\\\/de\\\/fonds-des-archives-musicales-de-la-grande-synagogue-de-la-victoire-paris\\\/#breadcrumb\"},\"inLanguage\":\"de\",\"potentialAction\":[{\"@type\":\"ReadAction\",\"target\":[\"https:\\\/\\\/www.iemj.org\\\/de\\\/fonds-des-archives-musicales-de-la-grande-synagogue-de-la-victoire-paris\\\/\"]}]},{\"@type\":\"ImageObject\",\"inLanguage\":\"de\",\"@id\":\"https:\\\/\\\/www.iemj.org\\\/de\\\/fonds-des-archives-musicales-de-la-grande-synagogue-de-la-victoire-paris\\\/#primaryimage\",\"url\":\"https:\\\/\\\/www.iemj.org\\\/wp-content\\\/uploads\\\/2017\\\/01\\\/arton2047.jpg\",\"contentUrl\":\"https:\\\/\\\/www.iemj.org\\\/wp-content\\\/uploads\\\/2017\\\/01\\\/arton2047.jpg\",\"width\":278,\"height\":181},{\"@type\":\"BreadcrumbList\",\"@id\":\"https:\\\/\\\/www.iemj.org\\\/de\\\/fonds-des-archives-musicales-de-la-grande-synagogue-de-la-victoire-paris\\\/#breadcrumb\",\"itemListElement\":[{\"@type\":\"ListItem\",\"position\":1,\"name\":\"Accueil\",\"item\":\"https:\\\/\\\/www.iemj.org\\\/de\\\/\"},{\"@type\":\"ListItem\",\"position\":2,\"name\":\"Musikalische Archivfonds der Gro\u00dfen Synagoge von Paris\"}]},{\"@type\":\"WebSite\",\"@id\":\"https:\\\/\\\/www.iemj.org\\\/de\\\/#website\",\"url\":\"https:\\\/\\\/www.iemj.org\\\/de\\\/\",\"name\":\"Institut Europ\u00e9en des Musiques Juives\",\"description\":\"Des traditions musicales \u00e0 la port\u00e9e de tous\",\"publisher\":{\"@id\":\"https:\\\/\\\/www.iemj.org\\\/de\\\/#organization\"},\"potentialAction\":[{\"@type\":\"SearchAction\",\"target\":{\"@type\":\"EntryPoint\",\"urlTemplate\":\"https:\\\/\\\/www.iemj.org\\\/de\\\/?s={search_term_string}\"},\"query-input\":{\"@type\":\"PropertyValueSpecification\",\"valueRequired\":true,\"valueName\":\"search_term_string\"}}],\"inLanguage\":\"de\"},{\"@type\":\"Organization\",\"@id\":\"https:\\\/\\\/www.iemj.org\\\/de\\\/#organization\",\"name\":\"Institut Europ\u00e9en des Musiques Juives\",\"url\":\"https:\\\/\\\/www.iemj.org\\\/de\\\/\",\"logo\":{\"@type\":\"ImageObject\",\"inLanguage\":\"de\",\"@id\":\"https:\\\/\\\/www.iemj.org\\\/de\\\/#\\\/schema\\\/logo\\\/image\\\/\",\"url\":\"https:\\\/\\\/www.iemj.org\\\/wp-content\\\/uploads\\\/2021\\\/09\\\/Logo-IEMJ-Paypal.jpg\",\"contentUrl\":\"https:\\\/\\\/www.iemj.org\\\/wp-content\\\/uploads\\\/2021\\\/09\\\/Logo-IEMJ-Paypal.jpg\",\"width\":150,\"height\":50,\"caption\":\"Institut Europ\u00e9en des Musiques Juives\"},\"image\":{\"@id\":\"https:\\\/\\\/www.iemj.org\\\/de\\\/#\\\/schema\\\/logo\\\/image\\\/\"},\"sameAs\":[\"https:\\\/\\\/www.facebook.com\\\/MusiquesJuives\\\/\",\"https:\\\/\\\/www.instagram.com\\\/musiquesjuives\\\/\",\"https:\\\/\\\/www.youtube.com\\\/user\\\/musiquesjuives\"]},{\"@type\":\"Person\",\"@id\":\"https:\\\/\\\/www.iemj.org\\\/de\\\/#\\\/schema\\\/person\\\/358e26c18aca017fcc4cc15437f7279c\",\"name\":\"Jacqueline ROTEN\",\"image\":{\"@type\":\"ImageObject\",\"inLanguage\":\"de\",\"@id\":\"https:\\\/\\\/secure.gravatar.com\\\/avatar\\\/5964256d6c6957de3a3505278957e0fb2a35119ac47ea41827a65301213c810b?s=96&d=mm&r=g\",\"url\":\"https:\\\/\\\/secure.gravatar.com\\\/avatar\\\/5964256d6c6957de3a3505278957e0fb2a35119ac47ea41827a65301213c810b?s=96&d=mm&r=g\",\"contentUrl\":\"https:\\\/\\\/secure.gravatar.com\\\/avatar\\\/5964256d6c6957de3a3505278957e0fb2a35119ac47ea41827a65301213c810b?s=96&d=mm&r=g\",\"caption\":\"Jacqueline ROTEN\"}}]}<\/script>\n<!-- \/ Yoast SEO plugin. -->","yoast_head_json":{"title":"Musikalische Archivfonds der Gro\u00dfen Synagoge von Paris - Institut Europ\u00e9en des Musiques Juives","robots":{"index":"index","follow":"follow","max-snippet":"max-snippet:-1","max-image-preview":"max-image-preview:large","max-video-preview":"max-video-preview:-1"},"canonical":"https:\/\/www.iemj.org\/de\/fonds-des-archives-musicales-de-la-grande-synagogue-de-la-victoire-paris\/","og_locale":"de_DE","og_type":"article","og_title":"Musikalische Archivfonds der Gro\u00dfen Synagoge von Paris - Institut Europ\u00e9en des Musiques Juives","og_description":"Das Musikarchiv der Gro\u00dfen Synagoge von Paris, welches mehr als 30 laufende Meter an Dokumenten umfasst, stellt heutzutage die bedeutendste Sammlung der aschkenasischen Musik Frankreichs dar. Im August 2011 drohten","og_url":"https:\/\/www.iemj.org\/de\/fonds-des-archives-musicales-de-la-grande-synagogue-de-la-victoire-paris\/","og_site_name":"Institut Europ\u00e9en des Musiques Juives","article_publisher":"https:\/\/www.facebook.com\/MusiquesJuives\/","article_published_time":"2017-01-18T15:40:27+00:00","article_modified_time":"2023-12-19T14:43:52+00:00","og_image":[{"width":278,"height":181,"url":"https:\/\/www.iemj.org\/wp-content\/uploads\/2017\/01\/arton2047.jpg","type":"image\/jpeg"}],"author":"Jacqueline ROTEN","twitter_card":"summary_large_image","twitter_misc":{"Verfasst von":"Jacqueline ROTEN","Gesch\u00e4tzte Lesezeit":"4\u00a0Minuten"},"schema":{"@context":"https:\/\/schema.org","@graph":[{"@type":"Article","@id":"https:\/\/www.iemj.org\/de\/fonds-des-archives-musicales-de-la-grande-synagogue-de-la-victoire-paris\/#article","isPartOf":{"@id":"https:\/\/www.iemj.org\/de\/fonds-des-archives-musicales-de-la-grande-synagogue-de-la-victoire-paris\/"},"author":{"name":"Jacqueline ROTEN","@id":"https:\/\/www.iemj.org\/de\/#\/schema\/person\/358e26c18aca017fcc4cc15437f7279c"},"headline":"Musikalische Archivfonds der Gro\u00dfen Synagoge von Paris","datePublished":"2017-01-18T15:40:27+00:00","dateModified":"2023-12-19T14:43:52+00:00","mainEntityOfPage":{"@id":"https:\/\/www.iemj.org\/de\/fonds-des-archives-musicales-de-la-grande-synagogue-de-la-victoire-paris\/"},"wordCount":589,"publisher":{"@id":"https:\/\/www.iemj.org\/de\/#organization"},"image":{"@id":"https:\/\/www.iemj.org\/de\/fonds-des-archives-musicales-de-la-grande-synagogue-de-la-victoire-paris\/#primaryimage"},"thumbnailUrl":"https:\/\/www.iemj.org\/wp-content\/uploads\/2017\/01\/arton2047.jpg","articleSection":["Fonds"],"inLanguage":"de"},{"@type":"WebPage","@id":"https:\/\/www.iemj.org\/de\/fonds-des-archives-musicales-de-la-grande-synagogue-de-la-victoire-paris\/","url":"https:\/\/www.iemj.org\/de\/fonds-des-archives-musicales-de-la-grande-synagogue-de-la-victoire-paris\/","name":"Musikalische Archivfonds der Gro\u00dfen Synagoge von Paris - Institut Europ\u00e9en des Musiques Juives","isPartOf":{"@id":"https:\/\/www.iemj.org\/de\/#website"},"primaryImageOfPage":{"@id":"https:\/\/www.iemj.org\/de\/fonds-des-archives-musicales-de-la-grande-synagogue-de-la-victoire-paris\/#primaryimage"},"image":{"@id":"https:\/\/www.iemj.org\/de\/fonds-des-archives-musicales-de-la-grande-synagogue-de-la-victoire-paris\/#primaryimage"},"thumbnailUrl":"https:\/\/www.iemj.org\/wp-content\/uploads\/2017\/01\/arton2047.jpg","datePublished":"2017-01-18T15:40:27+00:00","dateModified":"2023-12-19T14:43:52+00:00","breadcrumb":{"@id":"https:\/\/www.iemj.org\/de\/fonds-des-archives-musicales-de-la-grande-synagogue-de-la-victoire-paris\/#breadcrumb"},"inLanguage":"de","potentialAction":[{"@type":"ReadAction","target":["https:\/\/www.iemj.org\/de\/fonds-des-archives-musicales-de-la-grande-synagogue-de-la-victoire-paris\/"]}]},{"@type":"ImageObject","inLanguage":"de","@id":"https:\/\/www.iemj.org\/de\/fonds-des-archives-musicales-de-la-grande-synagogue-de-la-victoire-paris\/#primaryimage","url":"https:\/\/www.iemj.org\/wp-content\/uploads\/2017\/01\/arton2047.jpg","contentUrl":"https:\/\/www.iemj.org\/wp-content\/uploads\/2017\/01\/arton2047.jpg","width":278,"height":181},{"@type":"BreadcrumbList","@id":"https:\/\/www.iemj.org\/de\/fonds-des-archives-musicales-de-la-grande-synagogue-de-la-victoire-paris\/#breadcrumb","itemListElement":[{"@type":"ListItem","position":1,"name":"Accueil","item":"https:\/\/www.iemj.org\/de\/"},{"@type":"ListItem","position":2,"name":"Musikalische Archivfonds der Gro\u00dfen Synagoge von Paris"}]},{"@type":"WebSite","@id":"https:\/\/www.iemj.org\/de\/#website","url":"https:\/\/www.iemj.org\/de\/","name":"Institut Europ\u00e9en des Musiques Juives","description":"Des traditions musicales \u00e0 la port\u00e9e de tous","publisher":{"@id":"https:\/\/www.iemj.org\/de\/#organization"},"potentialAction":[{"@type":"SearchAction","target":{"@type":"EntryPoint","urlTemplate":"https:\/\/www.iemj.org\/de\/?s={search_term_string}"},"query-input":{"@type":"PropertyValueSpecification","valueRequired":true,"valueName":"search_term_string"}}],"inLanguage":"de"},{"@type":"Organization","@id":"https:\/\/www.iemj.org\/de\/#organization","name":"Institut Europ\u00e9en des Musiques Juives","url":"https:\/\/www.iemj.org\/de\/","logo":{"@type":"ImageObject","inLanguage":"de","@id":"https:\/\/www.iemj.org\/de\/#\/schema\/logo\/image\/","url":"https:\/\/www.iemj.org\/wp-content\/uploads\/2021\/09\/Logo-IEMJ-Paypal.jpg","contentUrl":"https:\/\/www.iemj.org\/wp-content\/uploads\/2021\/09\/Logo-IEMJ-Paypal.jpg","width":150,"height":50,"caption":"Institut Europ\u00e9en des Musiques Juives"},"image":{"@id":"https:\/\/www.iemj.org\/de\/#\/schema\/logo\/image\/"},"sameAs":["https:\/\/www.facebook.com\/MusiquesJuives\/","https:\/\/www.instagram.com\/musiquesjuives\/","https:\/\/www.youtube.com\/user\/musiquesjuives"]},{"@type":"Person","@id":"https:\/\/www.iemj.org\/de\/#\/schema\/person\/358e26c18aca017fcc4cc15437f7279c","name":"Jacqueline ROTEN","image":{"@type":"ImageObject","inLanguage":"de","@id":"https:\/\/secure.gravatar.com\/avatar\/5964256d6c6957de3a3505278957e0fb2a35119ac47ea41827a65301213c810b?s=96&d=mm&r=g","url":"https:\/\/secure.gravatar.com\/avatar\/5964256d6c6957de3a3505278957e0fb2a35119ac47ea41827a65301213c810b?s=96&d=mm&r=g","contentUrl":"https:\/\/secure.gravatar.com\/avatar\/5964256d6c6957de3a3505278957e0fb2a35119ac47ea41827a65301213c810b?s=96&d=mm&r=g","caption":"Jacqueline ROTEN"}}]}},"_links":{"self":[{"href":"https:\/\/www.iemj.org\/de\/wp-json\/wp\/v2\/posts\/59778","targetHints":{"allow":["GET"]}}],"collection":[{"href":"https:\/\/www.iemj.org\/de\/wp-json\/wp\/v2\/posts"}],"about":[{"href":"https:\/\/www.iemj.org\/de\/wp-json\/wp\/v2\/types\/post"}],"author":[{"embeddable":true,"href":"https:\/\/www.iemj.org\/de\/wp-json\/wp\/v2\/users\/5"}],"replies":[{"embeddable":true,"href":"https:\/\/www.iemj.org\/de\/wp-json\/wp\/v2\/comments?post=59778"}],"version-history":[{"count":0,"href":"https:\/\/www.iemj.org\/de\/wp-json\/wp\/v2\/posts\/59778\/revisions"}],"wp:featuredmedia":[{"embeddable":true,"href":"https:\/\/www.iemj.org\/de\/wp-json\/wp\/v2\/media\/59779"}],"wp:attachment":[{"href":"https:\/\/www.iemj.org\/de\/wp-json\/wp\/v2\/media?parent=59778"}],"wp:term":[{"taxonomy":"category","embeddable":true,"href":"https:\/\/www.iemj.org\/de\/wp-json\/wp\/v2\/categories?post=59778"},{"taxonomy":"post_tag","embeddable":true,"href":"https:\/\/www.iemj.org\/de\/wp-json\/wp\/v2\/tags?post=59778"},{"taxonomy":"technique","embeddable":true,"href":"https:\/\/www.iemj.org\/de\/wp-json\/wp\/v2\/technique?post=59778"},{"taxonomy":"squelettes","embeddable":true,"href":"https:\/\/www.iemj.org\/de\/wp-json\/wp\/v2\/squelettes?post=59778"},{"taxonomy":"sujet","embeddable":true,"href":"https:\/\/www.iemj.org\/de\/wp-json\/wp\/v2\/sujet?post=59778"},{"taxonomy":"formation","embeddable":true,"href":"https:\/\/www.iemj.org\/de\/wp-json\/wp\/v2\/formation?post=59778"},{"taxonomy":"genre","embeddable":true,"href":"https:\/\/www.iemj.org\/de\/wp-json\/wp\/v2\/genre?post=59778"},{"taxonomy":"fonds","embeddable":true,"href":"https:\/\/www.iemj.org\/de\/wp-json\/wp\/v2\/fonds?post=59778"},{"taxonomy":"tradition","embeddable":true,"href":"https:\/\/www.iemj.org\/de\/wp-json\/wp\/v2\/tradition?post=59778"},{"taxonomy":"type-de-contenu","embeddable":true,"href":"https:\/\/www.iemj.org\/de\/wp-json\/wp\/v2\/type-de-contenu?post=59778"},{"taxonomy":"interprete-compositeur","embeddable":true,"href":"https:\/\/www.iemj.org\/de\/wp-json\/wp\/v2\/interprete-compositeur?post=59778"},{"taxonomy":"frise","embeddable":true,"href":"https:\/\/www.iemj.org\/de\/wp-json\/wp\/v2\/frise?post=59778"},{"taxonomy":"type-devenement","embeddable":true,"href":"https:\/\/www.iemj.org\/de\/wp-json\/wp\/v2\/type-devenement?post=59778"},{"taxonomy":"tableaux-liens-externes","embeddable":true,"href":"https:\/\/www.iemj.org\/de\/wp-json\/wp\/v2\/tableaux-liens-externes?post=59778"}],"curies":[{"name":"wp","href":"https:\/\/api.w.org\/{rel}","templated":true}]}}