{"id":59867,"date":"2015-02-02T00:44:05","date_gmt":"2015-02-01T23:44:05","guid":{"rendered":"https:\/\/www.iemj.org\/halphen-fernand-1872-1917\/"},"modified":"2025-06-09T15:33:36","modified_gmt":"2025-06-09T13:33:36","slug":"halphen-fernand-1872-1917","status":"publish","type":"post","link":"https:\/\/www.iemj.org\/de\/halphen-fernand-1872-1917\/","title":{"rendered":"Halphen, Fernand (1872-1917)"},"content":{"rendered":"<p>Fernand Halphen wurde 1872 geboren und starb 1917, im Krieg f\u00fcr Frankreich. Er war Hauptmann des 13. Infanterieregiments und Kapellmeister.<\/p>\n<p>Mit 19 Jahren begann Fernard Halphen sein Studium am Pariser Konservatorium und wurde dort von Guiraud, Massenet und G\u00e9dalge unterrichtet. Er erhielt au\u00dferdem Einzelunterricht von Gabriel Faur\u00e9. 1896 erhielt er den 2. Hauptpreis des Prix de Rome in der Kategorie der Musik, genauer gesagt in der Disziplin der Komposition. Er ist der Urheber zahlreicher bekannter Werke, Melodien, Symphonien, Sonaten, St\u00fccke f\u00fcr die Violine, das Violoncello, Klavier,\u2026<\/p>\n<p>1904 wurde seine Oper <em>Le Cor Fleuri<\/em>\u00a0ganze 10-mal, im Theater der Op\u00e9ra-Comique in Paris, aufgef\u00fchrt. Der dem Symbolismus zugewandte Maler Lucien L\u00e9vy-Dhurmer verewigte den 2. Akt der Oper auf einem Gem\u00e4lde, welches dem \u201eMus\u00e9e d\u00e9partemental de l\u2019Oise\u201c in Beauvais \u00fcbergeben und ausgestellt wurde.<\/p>\n<p>Fernard Halphen komponierte auch religi\u00f6se Musik, zwei seiner Psalmen geh\u00f6ren zum Synagogenrepertoire.<\/p>\n<p>Zu seinen Sch\u00fcler z\u00e4hlten unter anderem, die Start\u00e4nzerin der Pariser Oper, Mademoiselle Zambelli, sowie die als Mistinguett bekannte franz\u00f6sische Schauspielerin, Jeanne Florentine Bourgeois.<\/p>\n<p>In seinem an der Front verfassten Testament, vermachte er dem Pariser Konservatorium eine bedeutende Summe, um die \u201eFondation Fernand Halphen\u201c zu gr\u00fcnden. Diese Stiftung sollte Studenten der Komposition unterst\u00fctzen, indem es ihnen erm\u00f6glicht wurde, ihre Werke im Orchester auff\u00fchren zu lassen und zudem ihre Lebenssituation, bis zum Abschluss des Konservatoriums, zu verbessern. Au\u00dferdem sollte jedes Jahr der Gewinner des Prix de Rome in der Disziplin der Komposition ausgezeichnet werden und zudem sollten Stipendien geschaffen werden.<\/p>\n<p>Fernand Halphen war gro\u00dfz\u00fcgig, intelligent und sehr kultiviert und wurde von allen sehr gesch\u00e4tzt.<\/p>\n<ul>\n<li>\n<p><a href=\"https:\/\/www.iemj.org\/de\/?search_type=product&amp;s=Fernand+Halphen&amp;submit=Suche\" target=\"_blank\" rel=\"noopener\">Bestellen Sie Fernand Halphens Doppel-CD und Partituren<\/a><\/p>\n<\/li>\n<li>\n<p><a href=\"http:\/\/www.rachelnet.net\/F\/?func=find-c&amp;ccl_term=WHOC%3DHalphen&amp;local_base=iemcg&amp;x=13&amp;y=13\" target=\"_blank\" rel=\"noopener\">Greifen Sie auf die Halphen-Archive zu<\/a><\/p>\n<\/li>\n<li>\n<p><a href=\"http:\/\/www.musimem.com\/halphen.htm\" target=\"_blank\" rel=\"noopener\">Erfahren Sie mehr \u00fcber Fernand Halphen<\/a><\/p>\n<\/li>\n<\/ul>\n\n\n<figure class=\"wp-block-embed is-type-video is-provider-youtube wp-block-embed-youtube wp-embed-aspect-4-3 wp-has-aspect-ratio\"><div class=\"wp-block-embed__wrapper\">\n<iframe title=\"Fernand Halphen - Sous l&#039;\u00e9pais sycomore\" width=\"640\" height=\"480\" src=\"https:\/\/www.youtube.com\/embed\/ZEfYZtzaXcM?feature=oembed\" frameborder=\"0\" allow=\"accelerometer; autoplay; clipboard-write; encrypted-media; gyroscope; picture-in-picture; web-share\" referrerpolicy=\"strict-origin-when-cross-origin\" allowfullscreen><\/iframe>\n<\/div><\/figure>\n","protected":false},"excerpt":{"rendered":"<p>Fernand Halphen wurde 1872 geboren und starb 1917, im Krieg f\u00fcr Frankreich. Er war Hauptmann des 13. Infanterieregiments und Kapellmeister. Mit 19 Jahren begann Fernard Halphen sein Studium am Pariser<\/p>\n","protected":false},"author":1045,"featured_media":59869,"comment_status":"closed","ping_status":"open","sticky":false,"template":"","format":"standard","meta":{"_acf_changed":false,"footnotes":""},"categories":[1415],"tags":[],"technique":[],"squelettes":[585],"sujet":[],"formation":[],"genre":[],"fonds":[],"tradition":[],"type-de-contenu":[],"interprete-compositeur":[3165],"frise":[],"type-devenement":[],"tableaux-liens-externes":[],"class_list":["post-59867","post","type-post","status-publish","format-standard","has-post-thumbnail","hentry","category-biografien-de","squelettes-contenu","interprete-compositeur-fernand-halphen-de"],"acf":[],"yoast_head":"<!-- This site is optimized with the Yoast SEO plugin v27.3 - https:\/\/yoast.com\/product\/yoast-seo-wordpress\/ -->\n<title>Halphen, Fernand (1872-1917) - Institut Europ\u00e9en des Musiques Juives<\/title>\n<meta name=\"robots\" content=\"index, follow, max-snippet:-1, max-image-preview:large, max-video-preview:-1\" \/>\n<link rel=\"canonical\" href=\"https:\/\/www.iemj.org\/de\/halphen-fernand-1872-1917\/\" \/>\n<meta property=\"og:locale\" content=\"de_DE\" \/>\n<meta property=\"og:type\" content=\"article\" \/>\n<meta property=\"og:title\" content=\"Halphen, Fernand (1872-1917) - Institut Europ\u00e9en des Musiques Juives\" \/>\n<meta property=\"og:description\" content=\"Fernand Halphen wurde 1872 geboren und starb 1917, im Krieg f\u00fcr Frankreich. Er war Hauptmann des 13. Infanterieregiments und Kapellmeister. Mit 19 Jahren begann Fernard Halphen sein Studium am Pariser\" \/>\n<meta property=\"og:url\" content=\"https:\/\/www.iemj.org\/de\/halphen-fernand-1872-1917\/\" \/>\n<meta property=\"og:site_name\" content=\"Institut Europ\u00e9en des Musiques Juives\" \/>\n<meta property=\"article:publisher\" content=\"https:\/\/www.facebook.com\/MusiquesJuives\/\" \/>\n<meta property=\"article:published_time\" content=\"2015-02-01T23:44:05+00:00\" \/>\n<meta property=\"article:modified_time\" content=\"2025-06-09T13:33:36+00:00\" \/>\n<meta property=\"og:image\" content=\"https:\/\/www.iemj.org\/wp-content\/uploads\/2015\/02\/logo-bio-Fernand-HALPHEN-NV-SITE-e1617027032866.jpg\" \/>\n\t<meta property=\"og:image:width\" content=\"169\" \/>\n\t<meta property=\"og:image:height\" content=\"218\" \/>\n\t<meta property=\"og:image:type\" content=\"image\/jpeg\" \/>\n<meta name=\"author\" content=\"Herv\u00e9 Roten\" \/>\n<meta name=\"twitter:card\" content=\"summary_large_image\" \/>\n<meta name=\"twitter:label1\" content=\"Verfasst von\" \/>\n\t<meta name=\"twitter:data1\" content=\"Herv\u00e9 Roten\" \/>\n\t<meta name=\"twitter:label2\" content=\"Gesch\u00e4tzte Lesezeit\" \/>\n\t<meta name=\"twitter:data2\" content=\"2\u00a0Minuten\" \/>\n<script type=\"application\/ld+json\" class=\"yoast-schema-graph\">{\"@context\":\"https:\\\/\\\/schema.org\",\"@graph\":[{\"@type\":\"Article\",\"@id\":\"https:\\\/\\\/www.iemj.org\\\/de\\\/halphen-fernand-1872-1917\\\/#article\",\"isPartOf\":{\"@id\":\"https:\\\/\\\/www.iemj.org\\\/de\\\/halphen-fernand-1872-1917\\\/\"},\"author\":{\"name\":\"Herv\u00e9 Roten\",\"@id\":\"https:\\\/\\\/www.iemj.org\\\/de\\\/#\\\/schema\\\/person\\\/906134402c29d5c76e7b726261dd4bbd\"},\"headline\":\"Halphen, Fernand (1872-1917)\",\"datePublished\":\"2015-02-01T23:44:05+00:00\",\"dateModified\":\"2025-06-09T13:33:36+00:00\",\"mainEntityOfPage\":{\"@id\":\"https:\\\/\\\/www.iemj.org\\\/de\\\/halphen-fernand-1872-1917\\\/\"},\"wordCount\":298,\"publisher\":{\"@id\":\"https:\\\/\\\/www.iemj.org\\\/de\\\/#organization\"},\"image\":{\"@id\":\"https:\\\/\\\/www.iemj.org\\\/de\\\/halphen-fernand-1872-1917\\\/#primaryimage\"},\"thumbnailUrl\":\"https:\\\/\\\/www.iemj.org\\\/wp-content\\\/uploads\\\/2015\\\/02\\\/logo-bio-Fernand-HALPHEN-NV-SITE-e1617027032866.jpg\",\"articleSection\":[\"Biografien\"],\"inLanguage\":\"de\"},{\"@type\":\"WebPage\",\"@id\":\"https:\\\/\\\/www.iemj.org\\\/de\\\/halphen-fernand-1872-1917\\\/\",\"url\":\"https:\\\/\\\/www.iemj.org\\\/de\\\/halphen-fernand-1872-1917\\\/\",\"name\":\"Halphen, Fernand (1872-1917) - Institut Europ\u00e9en des Musiques Juives\",\"isPartOf\":{\"@id\":\"https:\\\/\\\/www.iemj.org\\\/de\\\/#website\"},\"primaryImageOfPage\":{\"@id\":\"https:\\\/\\\/www.iemj.org\\\/de\\\/halphen-fernand-1872-1917\\\/#primaryimage\"},\"image\":{\"@id\":\"https:\\\/\\\/www.iemj.org\\\/de\\\/halphen-fernand-1872-1917\\\/#primaryimage\"},\"thumbnailUrl\":\"https:\\\/\\\/www.iemj.org\\\/wp-content\\\/uploads\\\/2015\\\/02\\\/logo-bio-Fernand-HALPHEN-NV-SITE-e1617027032866.jpg\",\"datePublished\":\"2015-02-01T23:44:05+00:00\",\"dateModified\":\"2025-06-09T13:33:36+00:00\",\"breadcrumb\":{\"@id\":\"https:\\\/\\\/www.iemj.org\\\/de\\\/halphen-fernand-1872-1917\\\/#breadcrumb\"},\"inLanguage\":\"de\",\"potentialAction\":[{\"@type\":\"ReadAction\",\"target\":[\"https:\\\/\\\/www.iemj.org\\\/de\\\/halphen-fernand-1872-1917\\\/\"]}]},{\"@type\":\"ImageObject\",\"inLanguage\":\"de\",\"@id\":\"https:\\\/\\\/www.iemj.org\\\/de\\\/halphen-fernand-1872-1917\\\/#primaryimage\",\"url\":\"https:\\\/\\\/www.iemj.org\\\/wp-content\\\/uploads\\\/2015\\\/02\\\/logo-bio-Fernand-HALPHEN-NV-SITE-e1617027032866.jpg\",\"contentUrl\":\"https:\\\/\\\/www.iemj.org\\\/wp-content\\\/uploads\\\/2015\\\/02\\\/logo-bio-Fernand-HALPHEN-NV-SITE-e1617027032866.jpg\",\"width\":169,\"height\":218},{\"@type\":\"BreadcrumbList\",\"@id\":\"https:\\\/\\\/www.iemj.org\\\/de\\\/halphen-fernand-1872-1917\\\/#breadcrumb\",\"itemListElement\":[{\"@type\":\"ListItem\",\"position\":1,\"name\":\"Accueil\",\"item\":\"https:\\\/\\\/www.iemj.org\\\/de\\\/\"},{\"@type\":\"ListItem\",\"position\":2,\"name\":\"Halphen, Fernand (1872-1917)\"}]},{\"@type\":\"WebSite\",\"@id\":\"https:\\\/\\\/www.iemj.org\\\/de\\\/#website\",\"url\":\"https:\\\/\\\/www.iemj.org\\\/de\\\/\",\"name\":\"Institut Europ\u00e9en des Musiques Juives\",\"description\":\"Des traditions musicales \u00e0 la port\u00e9e de tous\",\"publisher\":{\"@id\":\"https:\\\/\\\/www.iemj.org\\\/de\\\/#organization\"},\"potentialAction\":[{\"@type\":\"SearchAction\",\"target\":{\"@type\":\"EntryPoint\",\"urlTemplate\":\"https:\\\/\\\/www.iemj.org\\\/de\\\/?s={search_term_string}\"},\"query-input\":{\"@type\":\"PropertyValueSpecification\",\"valueRequired\":true,\"valueName\":\"search_term_string\"}}],\"inLanguage\":\"de\"},{\"@type\":\"Organization\",\"@id\":\"https:\\\/\\\/www.iemj.org\\\/de\\\/#organization\",\"name\":\"Institut Europ\u00e9en des Musiques Juives\",\"url\":\"https:\\\/\\\/www.iemj.org\\\/de\\\/\",\"logo\":{\"@type\":\"ImageObject\",\"inLanguage\":\"de\",\"@id\":\"https:\\\/\\\/www.iemj.org\\\/de\\\/#\\\/schema\\\/logo\\\/image\\\/\",\"url\":\"https:\\\/\\\/www.iemj.org\\\/wp-content\\\/uploads\\\/2021\\\/09\\\/Logo-IEMJ-Paypal.jpg\",\"contentUrl\":\"https:\\\/\\\/www.iemj.org\\\/wp-content\\\/uploads\\\/2021\\\/09\\\/Logo-IEMJ-Paypal.jpg\",\"width\":150,\"height\":50,\"caption\":\"Institut Europ\u00e9en des Musiques Juives\"},\"image\":{\"@id\":\"https:\\\/\\\/www.iemj.org\\\/de\\\/#\\\/schema\\\/logo\\\/image\\\/\"},\"sameAs\":[\"https:\\\/\\\/www.facebook.com\\\/MusiquesJuives\\\/\",\"https:\\\/\\\/www.instagram.com\\\/musiquesjuives\\\/\",\"https:\\\/\\\/www.youtube.com\\\/user\\\/musiquesjuives\"]},{\"@type\":\"Person\",\"@id\":\"https:\\\/\\\/www.iemj.org\\\/de\\\/#\\\/schema\\\/person\\\/906134402c29d5c76e7b726261dd4bbd\",\"name\":\"Herv\u00e9 Roten\",\"image\":{\"@type\":\"ImageObject\",\"inLanguage\":\"de\",\"@id\":\"https:\\\/\\\/secure.gravatar.com\\\/avatar\\\/f96ad2db538a26481f18384936b5cd0610c92d390c4dc382209216d455f685ff?s=96&d=mm&r=g\",\"url\":\"https:\\\/\\\/secure.gravatar.com\\\/avatar\\\/f96ad2db538a26481f18384936b5cd0610c92d390c4dc382209216d455f685ff?s=96&d=mm&r=g\",\"contentUrl\":\"https:\\\/\\\/secure.gravatar.com\\\/avatar\\\/f96ad2db538a26481f18384936b5cd0610c92d390c4dc382209216d455f685ff?s=96&d=mm&r=g\",\"caption\":\"Herv\u00e9 Roten\"}}]}<\/script>\n<!-- \/ Yoast SEO plugin. -->","yoast_head_json":{"title":"Halphen, Fernand (1872-1917) - Institut Europ\u00e9en des Musiques Juives","robots":{"index":"index","follow":"follow","max-snippet":"max-snippet:-1","max-image-preview":"max-image-preview:large","max-video-preview":"max-video-preview:-1"},"canonical":"https:\/\/www.iemj.org\/de\/halphen-fernand-1872-1917\/","og_locale":"de_DE","og_type":"article","og_title":"Halphen, Fernand (1872-1917) - Institut Europ\u00e9en des Musiques Juives","og_description":"Fernand Halphen wurde 1872 geboren und starb 1917, im Krieg f\u00fcr Frankreich. Er war Hauptmann des 13. Infanterieregiments und Kapellmeister. Mit 19 Jahren begann Fernard Halphen sein Studium am Pariser","og_url":"https:\/\/www.iemj.org\/de\/halphen-fernand-1872-1917\/","og_site_name":"Institut Europ\u00e9en des Musiques Juives","article_publisher":"https:\/\/www.facebook.com\/MusiquesJuives\/","article_published_time":"2015-02-01T23:44:05+00:00","article_modified_time":"2025-06-09T13:33:36+00:00","og_image":[{"width":169,"height":218,"url":"https:\/\/www.iemj.org\/wp-content\/uploads\/2015\/02\/logo-bio-Fernand-HALPHEN-NV-SITE-e1617027032866.jpg","type":"image\/jpeg"}],"author":"Herv\u00e9 Roten","twitter_card":"summary_large_image","twitter_misc":{"Verfasst von":"Herv\u00e9 Roten","Gesch\u00e4tzte Lesezeit":"2\u00a0Minuten"},"schema":{"@context":"https:\/\/schema.org","@graph":[{"@type":"Article","@id":"https:\/\/www.iemj.org\/de\/halphen-fernand-1872-1917\/#article","isPartOf":{"@id":"https:\/\/www.iemj.org\/de\/halphen-fernand-1872-1917\/"},"author":{"name":"Herv\u00e9 Roten","@id":"https:\/\/www.iemj.org\/de\/#\/schema\/person\/906134402c29d5c76e7b726261dd4bbd"},"headline":"Halphen, Fernand (1872-1917)","datePublished":"2015-02-01T23:44:05+00:00","dateModified":"2025-06-09T13:33:36+00:00","mainEntityOfPage":{"@id":"https:\/\/www.iemj.org\/de\/halphen-fernand-1872-1917\/"},"wordCount":298,"publisher":{"@id":"https:\/\/www.iemj.org\/de\/#organization"},"image":{"@id":"https:\/\/www.iemj.org\/de\/halphen-fernand-1872-1917\/#primaryimage"},"thumbnailUrl":"https:\/\/www.iemj.org\/wp-content\/uploads\/2015\/02\/logo-bio-Fernand-HALPHEN-NV-SITE-e1617027032866.jpg","articleSection":["Biografien"],"inLanguage":"de"},{"@type":"WebPage","@id":"https:\/\/www.iemj.org\/de\/halphen-fernand-1872-1917\/","url":"https:\/\/www.iemj.org\/de\/halphen-fernand-1872-1917\/","name":"Halphen, Fernand (1872-1917) - Institut Europ\u00e9en des Musiques Juives","isPartOf":{"@id":"https:\/\/www.iemj.org\/de\/#website"},"primaryImageOfPage":{"@id":"https:\/\/www.iemj.org\/de\/halphen-fernand-1872-1917\/#primaryimage"},"image":{"@id":"https:\/\/www.iemj.org\/de\/halphen-fernand-1872-1917\/#primaryimage"},"thumbnailUrl":"https:\/\/www.iemj.org\/wp-content\/uploads\/2015\/02\/logo-bio-Fernand-HALPHEN-NV-SITE-e1617027032866.jpg","datePublished":"2015-02-01T23:44:05+00:00","dateModified":"2025-06-09T13:33:36+00:00","breadcrumb":{"@id":"https:\/\/www.iemj.org\/de\/halphen-fernand-1872-1917\/#breadcrumb"},"inLanguage":"de","potentialAction":[{"@type":"ReadAction","target":["https:\/\/www.iemj.org\/de\/halphen-fernand-1872-1917\/"]}]},{"@type":"ImageObject","inLanguage":"de","@id":"https:\/\/www.iemj.org\/de\/halphen-fernand-1872-1917\/#primaryimage","url":"https:\/\/www.iemj.org\/wp-content\/uploads\/2015\/02\/logo-bio-Fernand-HALPHEN-NV-SITE-e1617027032866.jpg","contentUrl":"https:\/\/www.iemj.org\/wp-content\/uploads\/2015\/02\/logo-bio-Fernand-HALPHEN-NV-SITE-e1617027032866.jpg","width":169,"height":218},{"@type":"BreadcrumbList","@id":"https:\/\/www.iemj.org\/de\/halphen-fernand-1872-1917\/#breadcrumb","itemListElement":[{"@type":"ListItem","position":1,"name":"Accueil","item":"https:\/\/www.iemj.org\/de\/"},{"@type":"ListItem","position":2,"name":"Halphen, Fernand (1872-1917)"}]},{"@type":"WebSite","@id":"https:\/\/www.iemj.org\/de\/#website","url":"https:\/\/www.iemj.org\/de\/","name":"Institut Europ\u00e9en des Musiques Juives","description":"Des traditions musicales \u00e0 la port\u00e9e de tous","publisher":{"@id":"https:\/\/www.iemj.org\/de\/#organization"},"potentialAction":[{"@type":"SearchAction","target":{"@type":"EntryPoint","urlTemplate":"https:\/\/www.iemj.org\/de\/?s={search_term_string}"},"query-input":{"@type":"PropertyValueSpecification","valueRequired":true,"valueName":"search_term_string"}}],"inLanguage":"de"},{"@type":"Organization","@id":"https:\/\/www.iemj.org\/de\/#organization","name":"Institut Europ\u00e9en des Musiques Juives","url":"https:\/\/www.iemj.org\/de\/","logo":{"@type":"ImageObject","inLanguage":"de","@id":"https:\/\/www.iemj.org\/de\/#\/schema\/logo\/image\/","url":"https:\/\/www.iemj.org\/wp-content\/uploads\/2021\/09\/Logo-IEMJ-Paypal.jpg","contentUrl":"https:\/\/www.iemj.org\/wp-content\/uploads\/2021\/09\/Logo-IEMJ-Paypal.jpg","width":150,"height":50,"caption":"Institut Europ\u00e9en des Musiques Juives"},"image":{"@id":"https:\/\/www.iemj.org\/de\/#\/schema\/logo\/image\/"},"sameAs":["https:\/\/www.facebook.com\/MusiquesJuives\/","https:\/\/www.instagram.com\/musiquesjuives\/","https:\/\/www.youtube.com\/user\/musiquesjuives"]},{"@type":"Person","@id":"https:\/\/www.iemj.org\/de\/#\/schema\/person\/906134402c29d5c76e7b726261dd4bbd","name":"Herv\u00e9 Roten","image":{"@type":"ImageObject","inLanguage":"de","@id":"https:\/\/secure.gravatar.com\/avatar\/f96ad2db538a26481f18384936b5cd0610c92d390c4dc382209216d455f685ff?s=96&d=mm&r=g","url":"https:\/\/secure.gravatar.com\/avatar\/f96ad2db538a26481f18384936b5cd0610c92d390c4dc382209216d455f685ff?s=96&d=mm&r=g","contentUrl":"https:\/\/secure.gravatar.com\/avatar\/f96ad2db538a26481f18384936b5cd0610c92d390c4dc382209216d455f685ff?s=96&d=mm&r=g","caption":"Herv\u00e9 Roten"}}]}},"_links":{"self":[{"href":"https:\/\/www.iemj.org\/de\/wp-json\/wp\/v2\/posts\/59867","targetHints":{"allow":["GET"]}}],"collection":[{"href":"https:\/\/www.iemj.org\/de\/wp-json\/wp\/v2\/posts"}],"about":[{"href":"https:\/\/www.iemj.org\/de\/wp-json\/wp\/v2\/types\/post"}],"author":[{"embeddable":true,"href":"https:\/\/www.iemj.org\/de\/wp-json\/wp\/v2\/users\/1045"}],"replies":[{"embeddable":true,"href":"https:\/\/www.iemj.org\/de\/wp-json\/wp\/v2\/comments?post=59867"}],"version-history":[{"count":0,"href":"https:\/\/www.iemj.org\/de\/wp-json\/wp\/v2\/posts\/59867\/revisions"}],"wp:featuredmedia":[{"embeddable":true,"href":"https:\/\/www.iemj.org\/de\/wp-json\/wp\/v2\/media\/59869"}],"wp:attachment":[{"href":"https:\/\/www.iemj.org\/de\/wp-json\/wp\/v2\/media?parent=59867"}],"wp:term":[{"taxonomy":"category","embeddable":true,"href":"https:\/\/www.iemj.org\/de\/wp-json\/wp\/v2\/categories?post=59867"},{"taxonomy":"post_tag","embeddable":true,"href":"https:\/\/www.iemj.org\/de\/wp-json\/wp\/v2\/tags?post=59867"},{"taxonomy":"technique","embeddable":true,"href":"https:\/\/www.iemj.org\/de\/wp-json\/wp\/v2\/technique?post=59867"},{"taxonomy":"squelettes","embeddable":true,"href":"https:\/\/www.iemj.org\/de\/wp-json\/wp\/v2\/squelettes?post=59867"},{"taxonomy":"sujet","embeddable":true,"href":"https:\/\/www.iemj.org\/de\/wp-json\/wp\/v2\/sujet?post=59867"},{"taxonomy":"formation","embeddable":true,"href":"https:\/\/www.iemj.org\/de\/wp-json\/wp\/v2\/formation?post=59867"},{"taxonomy":"genre","embeddable":true,"href":"https:\/\/www.iemj.org\/de\/wp-json\/wp\/v2\/genre?post=59867"},{"taxonomy":"fonds","embeddable":true,"href":"https:\/\/www.iemj.org\/de\/wp-json\/wp\/v2\/fonds?post=59867"},{"taxonomy":"tradition","embeddable":true,"href":"https:\/\/www.iemj.org\/de\/wp-json\/wp\/v2\/tradition?post=59867"},{"taxonomy":"type-de-contenu","embeddable":true,"href":"https:\/\/www.iemj.org\/de\/wp-json\/wp\/v2\/type-de-contenu?post=59867"},{"taxonomy":"interprete-compositeur","embeddable":true,"href":"https:\/\/www.iemj.org\/de\/wp-json\/wp\/v2\/interprete-compositeur?post=59867"},{"taxonomy":"frise","embeddable":true,"href":"https:\/\/www.iemj.org\/de\/wp-json\/wp\/v2\/frise?post=59867"},{"taxonomy":"type-devenement","embeddable":true,"href":"https:\/\/www.iemj.org\/de\/wp-json\/wp\/v2\/type-devenement?post=59867"},{"taxonomy":"tableaux-liens-externes","embeddable":true,"href":"https:\/\/www.iemj.org\/de\/wp-json\/wp\/v2\/tableaux-liens-externes?post=59867"}],"curies":[{"name":"wp","href":"https:\/\/api.w.org\/{rel}","templated":true}]}}