{"id":60868,"date":"2010-03-30T18:17:22","date_gmt":"2010-03-30T16:17:22","guid":{"rendered":"https:\/\/www.iemj.org\/halevy-jacques-francois-fromental-elie-1799-1862\/"},"modified":"2021-09-07T14:43:48","modified_gmt":"2021-09-07T12:43:48","slug":"halevy-jacques-francois-fromental-elie-1799-1862","status":"publish","type":"post","link":"https:\/\/www.iemj.org\/de\/halevy-jacques-francois-fromental-elie-1799-1862\/","title":{"rendered":"Hal\u00e9vy, Jacques Fran\u00e7ois Fromental \u00c9lie (1799-1862)"},"content":{"rendered":"<p>Komponisten wie Fromental Hal\u00e9vy (1799-1862), Charles Valentin Alkan (1813-1888) und Jacques Offenbach (1819-1880) begannen ihre musikalische Ausbildung in der Synagoge.<\/p>\n<p>Der Vater von Fromental Hal\u00e9vy, \u00c9lie L\u00e9vy (1760-1826), stammte urspr\u00fcnglich aus Furth, einer kleinen Stadt im Norden von N\u00fcrnberg und war Synagogen-Kantor. Nachdem die B\u00fcrgerrechte von Frankreich verk\u00fcndet wurden, wanderte er nach Frankreich aus. 1798 heiratete er Julie Meyer, einer J\u00fcdin aus Lothringen, welche ihm seinen ersten Sohn schenkte: So wurde am 27. Mai 1799 in Paris Jacques Fran\u00e7ois Fromental Elias L\u00e9vy geboren. Nach der Verabschiedung des Dekrets von 1808, welches Juden dazu verpflichtete, sich beim Standesamt zu registrieren, \u00e4nderte Elie L\u00e9vy seinen Namen in Hal\u00e9vy, zweifellos in Anlehnung an Juda Hal\u00e9vy, einen sephardischen Philosophen und Musiker des 17. Jahrhunderts.<\/p>\n<p>Umwogen von Synagogenliedern, bewies der junge Fromental schon fr\u00fch seine besondere musikalische Begabung. Im Alter von 10 Jahren wurde er am Conservatoire von Paris aufgenommen und wurde dort, ab seinem 12. Lebensjahr, von Cherubini unterrichtet. Im Alter von 20 Jahren, wurde er mit dem Grand Prix de Rome ausgezeichnet. In Wien verkehrte er mit Beethoven, doch galt seine wahre Bewunderung Mozart. Nach einem etwas holprigen Start im Bereich der Opern, wurde er mit seiner Oper <em>La Juive, <\/em>welche auf einem Libretto von Scribe basierte<em>, <\/em>im Jahr 1835 auf einen Schlag ber\u00fchmt. Der Erfolg dieser Oper hielt in ganz Europa fast ein ganzes Jahrhundert lang an. Die Oper wurde in viele Sprachen \u00fcbersetzt und etliche Male aufgef\u00fchrt. Dann geriet die Oper jedoch, bis zur Mitte des 20. Jahrhunderts, in Vergessenheit.<\/p>\n<p>1840 wurde Fromental Hal\u00e9vy zum Professor f\u00fcr Komposition am Conservatoire von Paris ernannt, zu seinen Sch\u00fclern geh\u00f6rten Gounod, Bized und Saint-Sa\u00ebns. Von der Politik verlockt, kandidierte er zwischenzeitlich auch, jedoch erfolglos, f\u00fcr die Nationalversammlung. Nachdem er bereits seit 1836 Mitglied der Acad\u00e9mie des Beaux-arts war, wurde er 1854 zum st\u00e4ndigen Sekret\u00e4r ernannt. Trotz dieser Eingliederung in das franz\u00f6sische politische und kulturelle Leben, beteiligte sich Hal\u00e9vy weiterhin auch an den Aktivit\u00e4ten der j\u00fcdischen Gemeinde, distanzierte sich aber von allzu strenger religi\u00f6ser Orthodoxie.<\/p>\n<p>Er schrieb einige Vokalst\u00fccke f\u00fcr die Synagoge, darunter <em>Vayehi binsoa<\/em>, ein feierliches St\u00fcck zur Begleitung der Entnahme der Thorarolle aus dem Tabernakel, der Psalm 100 <em>Mizmor lessodo<\/em>, welcher anl\u00e4sslich der Gottesdienste von Pessach, Schawuot und Sukkot gesungen wurde, sowie der Psalm 118 <em>Min hametsar<\/em>, welcher das Hallel abschlie\u00dft. Bei letzterem handelt es sich um ein siebenstimmiges St\u00fcck, welches Hal\u00e9vy f\u00fcr die Hochzeit seines Neffen Edgar Rodrigues mit Louise Mayer, am 2. Mai 1858 komponierte und welches auch zur Einweihung der Gro\u03b2en Synagoge am 9. September 1874, dargeboten wurde.<\/p>\n<p>Hal\u00e9vy ist auch der Urheber, einer musikalischen Fassung des Psalms 130 <em>Mimaakim<\/em>, der in seiner lateinischen Fassung unter dem Titel <em>De profundis<\/em> bekannt ist (Aus den Tiefen rufe ich, Herr, zu dir). Dieses Werk mit seiner imposanten musikalischen Zusammensetzung (Orchester und Chor) wurde von Ludwigs XVIII. Kultusminister, beim Consistoire de la Seine in Auftrag gegeben, um dem Tod des Herzogs von Berry (1778-1820), dem Neffen des K\u00f6nigs und Thronerbens zu gedenken, welcher in der Nacht, vom 13. auf den 14. Februar 1820, ermordet wurde.<\/p>\n<ul>\n<li><a href=\"http:\/\/www.rachelnet.net\/F\/?func=find-c&amp;ccl_term=WRD+%3D+Fromental&amp;local_base=iemcg\" target=\"_blank\" rel=\"noopener\">Greifen Sie auf unsere Archive \u00fcber Fromental Hal\u00e9vy zu<\/a><\/li>\n<li><a href=\"https:\/\/www.iemj.org\/en\/ledor-vador-jacques-fromental-halevy-and-his-contemporary-giacomo-meyerbeer\/\" target=\"_blank\" rel=\"noopener\">H\u00f6ren Sie sich die Radiosendung an: \u201eLedor Vador: Jacques Fromental Hal\u00e9vy et son contemporain Giacomo Meyerbeer\u201d<\/a><\/li>\n<li><a href=\"https:\/\/www.iemj.org\/en\/ledor-vador-jacques-fromental-halevy-pioneer-of-hebraic-musical-romanticism\/\" target=\"_blank\" rel=\"noopener\">H\u00f6ren Sie sich die Radiosendung an: \u201eLedor Vador: Jacques Fromental Hal\u00e9vy, pionnier du romantisme musical h\u00e9bra\u00efque\u201d<\/a><\/li>\n<li><a href=\"https:\/\/www.iemj.org\/de\/produit\/jacques-offenbach-and-friends-from-the-synagogue-to-the-opera\/\" target=\"_blank\" rel=\"noopener\">Kaufen Sie die CD <strong>Jacques Offenbach et ses proches<\/strong> im IEMJ Online Shop sur la boutique en ligne de l\u2019IEMJ<\/a><\/li>\n<\/ul>\n","protected":false},"excerpt":{"rendered":"<p>Komponisten wie Fromental Hal\u00e9vy (1799-1862), Charles Valentin Alkan (1813-1888) und Jacques Offenbach (1819-1880) begannen ihre musikalische Ausbildung in der Synagoge. Der Vater von Fromental Hal\u00e9vy, \u00c9lie L\u00e9vy (1760-1826), stammte urspr\u00fcnglich<\/p>\n","protected":false},"author":1046,"featured_media":51850,"comment_status":"closed","ping_status":"open","sticky":false,"template":"","format":"standard","meta":{"_acf_changed":false,"footnotes":""},"categories":[1415],"tags":[],"technique":[],"squelettes":[],"sujet":[],"formation":[],"genre":[],"fonds":[],"tradition":[],"type-de-contenu":[],"interprete-compositeur":[],"frise":[],"type-devenement":[],"tableaux-liens-externes":[],"class_list":["post-60868","post","type-post","status-publish","format-standard","has-post-thumbnail","hentry","category-biografien-de"],"acf":[],"yoast_head":"<!-- This site is optimized with the Yoast SEO plugin v27.3 - https:\/\/yoast.com\/product\/yoast-seo-wordpress\/ -->\n<title>Hal\u00e9vy, Jacques Fran\u00e7ois Fromental \u00c9lie (1799-1862) - Institut Europ\u00e9en des Musiques Juives<\/title>\n<meta name=\"robots\" content=\"index, follow, max-snippet:-1, max-image-preview:large, max-video-preview:-1\" \/>\n<link rel=\"canonical\" href=\"https:\/\/www.iemj.org\/de\/halevy-jacques-francois-fromental-elie-1799-1862\/\" \/>\n<meta property=\"og:locale\" content=\"de_DE\" \/>\n<meta property=\"og:type\" content=\"article\" \/>\n<meta property=\"og:title\" content=\"Hal\u00e9vy, Jacques Fran\u00e7ois Fromental \u00c9lie (1799-1862) - Institut Europ\u00e9en des Musiques Juives\" \/>\n<meta property=\"og:description\" content=\"Komponisten wie Fromental Hal\u00e9vy (1799-1862), Charles Valentin Alkan (1813-1888) und Jacques Offenbach (1819-1880) begannen ihre musikalische Ausbildung in der Synagoge. Der Vater von Fromental Hal\u00e9vy, \u00c9lie L\u00e9vy (1760-1826), stammte urspr\u00fcnglich\" \/>\n<meta property=\"og:url\" content=\"https:\/\/www.iemj.org\/de\/halevy-jacques-francois-fromental-elie-1799-1862\/\" \/>\n<meta property=\"og:site_name\" content=\"Institut Europ\u00e9en des Musiques Juives\" \/>\n<meta property=\"article:publisher\" content=\"https:\/\/www.facebook.com\/MusiquesJuives\/\" \/>\n<meta property=\"article:published_time\" content=\"2010-03-30T16:17:22+00:00\" \/>\n<meta property=\"article:modified_time\" content=\"2021-09-07T12:43:48+00:00\" \/>\n<meta property=\"og:image\" content=\"https:\/\/www.iemj.org\/wp-content\/uploads\/2010\/03\/arton79-e1625041728950.jpg\" \/>\n\t<meta property=\"og:image:width\" content=\"156\" \/>\n\t<meta property=\"og:image:height\" content=\"218\" \/>\n\t<meta property=\"og:image:type\" content=\"image\/jpeg\" \/>\n<meta name=\"author\" content=\"Isabelle Jouve\" \/>\n<meta name=\"twitter:card\" content=\"summary_large_image\" \/>\n<meta name=\"twitter:label1\" content=\"Verfasst von\" \/>\n\t<meta name=\"twitter:data1\" content=\"Isabelle Jouve\" \/>\n\t<meta name=\"twitter:label2\" content=\"Gesch\u00e4tzte Lesezeit\" \/>\n\t<meta name=\"twitter:data2\" content=\"3\u00a0Minuten\" \/>\n<script type=\"application\/ld+json\" class=\"yoast-schema-graph\">{\"@context\":\"https:\\\/\\\/schema.org\",\"@graph\":[{\"@type\":\"Article\",\"@id\":\"https:\\\/\\\/www.iemj.org\\\/de\\\/halevy-jacques-francois-fromental-elie-1799-1862\\\/#article\",\"isPartOf\":{\"@id\":\"https:\\\/\\\/www.iemj.org\\\/de\\\/halevy-jacques-francois-fromental-elie-1799-1862\\\/\"},\"author\":{\"name\":\"Isabelle Jouve\",\"@id\":\"https:\\\/\\\/www.iemj.org\\\/de\\\/#\\\/schema\\\/person\\\/94283a7f5a8b28a85fdab0ae54777472\"},\"headline\":\"Hal\u00e9vy, Jacques Fran\u00e7ois Fromental \u00c9lie (1799-1862)\",\"datePublished\":\"2010-03-30T16:17:22+00:00\",\"dateModified\":\"2021-09-07T12:43:48+00:00\",\"mainEntityOfPage\":{\"@id\":\"https:\\\/\\\/www.iemj.org\\\/de\\\/halevy-jacques-francois-fromental-elie-1799-1862\\\/\"},\"wordCount\":597,\"publisher\":{\"@id\":\"https:\\\/\\\/www.iemj.org\\\/de\\\/#organization\"},\"image\":{\"@id\":\"https:\\\/\\\/www.iemj.org\\\/de\\\/halevy-jacques-francois-fromental-elie-1799-1862\\\/#primaryimage\"},\"thumbnailUrl\":\"https:\\\/\\\/www.iemj.org\\\/wp-content\\\/uploads\\\/2010\\\/03\\\/arton79-e1625041728950.jpg\",\"articleSection\":[\"Biografien\"],\"inLanguage\":\"de\"},{\"@type\":\"WebPage\",\"@id\":\"https:\\\/\\\/www.iemj.org\\\/de\\\/halevy-jacques-francois-fromental-elie-1799-1862\\\/\",\"url\":\"https:\\\/\\\/www.iemj.org\\\/de\\\/halevy-jacques-francois-fromental-elie-1799-1862\\\/\",\"name\":\"Hal\u00e9vy, Jacques Fran\u00e7ois Fromental \u00c9lie (1799-1862) - Institut Europ\u00e9en des Musiques Juives\",\"isPartOf\":{\"@id\":\"https:\\\/\\\/www.iemj.org\\\/de\\\/#website\"},\"primaryImageOfPage\":{\"@id\":\"https:\\\/\\\/www.iemj.org\\\/de\\\/halevy-jacques-francois-fromental-elie-1799-1862\\\/#primaryimage\"},\"image\":{\"@id\":\"https:\\\/\\\/www.iemj.org\\\/de\\\/halevy-jacques-francois-fromental-elie-1799-1862\\\/#primaryimage\"},\"thumbnailUrl\":\"https:\\\/\\\/www.iemj.org\\\/wp-content\\\/uploads\\\/2010\\\/03\\\/arton79-e1625041728950.jpg\",\"datePublished\":\"2010-03-30T16:17:22+00:00\",\"dateModified\":\"2021-09-07T12:43:48+00:00\",\"breadcrumb\":{\"@id\":\"https:\\\/\\\/www.iemj.org\\\/de\\\/halevy-jacques-francois-fromental-elie-1799-1862\\\/#breadcrumb\"},\"inLanguage\":\"de\",\"potentialAction\":[{\"@type\":\"ReadAction\",\"target\":[\"https:\\\/\\\/www.iemj.org\\\/de\\\/halevy-jacques-francois-fromental-elie-1799-1862\\\/\"]}]},{\"@type\":\"ImageObject\",\"inLanguage\":\"de\",\"@id\":\"https:\\\/\\\/www.iemj.org\\\/de\\\/halevy-jacques-francois-fromental-elie-1799-1862\\\/#primaryimage\",\"url\":\"https:\\\/\\\/www.iemj.org\\\/wp-content\\\/uploads\\\/2010\\\/03\\\/arton79-e1625041728950.jpg\",\"contentUrl\":\"https:\\\/\\\/www.iemj.org\\\/wp-content\\\/uploads\\\/2010\\\/03\\\/arton79-e1625041728950.jpg\",\"width\":156,\"height\":218},{\"@type\":\"BreadcrumbList\",\"@id\":\"https:\\\/\\\/www.iemj.org\\\/de\\\/halevy-jacques-francois-fromental-elie-1799-1862\\\/#breadcrumb\",\"itemListElement\":[{\"@type\":\"ListItem\",\"position\":1,\"name\":\"Accueil\",\"item\":\"https:\\\/\\\/www.iemj.org\\\/de\\\/\"},{\"@type\":\"ListItem\",\"position\":2,\"name\":\"Hal\u00e9vy, Jacques Fran\u00e7ois Fromental \u00c9lie (1799-1862)\"}]},{\"@type\":\"WebSite\",\"@id\":\"https:\\\/\\\/www.iemj.org\\\/de\\\/#website\",\"url\":\"https:\\\/\\\/www.iemj.org\\\/de\\\/\",\"name\":\"Institut Europ\u00e9en des Musiques Juives\",\"description\":\"Des traditions musicales \u00e0 la port\u00e9e de tous\",\"publisher\":{\"@id\":\"https:\\\/\\\/www.iemj.org\\\/de\\\/#organization\"},\"potentialAction\":[{\"@type\":\"SearchAction\",\"target\":{\"@type\":\"EntryPoint\",\"urlTemplate\":\"https:\\\/\\\/www.iemj.org\\\/de\\\/?s={search_term_string}\"},\"query-input\":{\"@type\":\"PropertyValueSpecification\",\"valueRequired\":true,\"valueName\":\"search_term_string\"}}],\"inLanguage\":\"de\"},{\"@type\":\"Organization\",\"@id\":\"https:\\\/\\\/www.iemj.org\\\/de\\\/#organization\",\"name\":\"Institut Europ\u00e9en des Musiques Juives\",\"url\":\"https:\\\/\\\/www.iemj.org\\\/de\\\/\",\"logo\":{\"@type\":\"ImageObject\",\"inLanguage\":\"de\",\"@id\":\"https:\\\/\\\/www.iemj.org\\\/de\\\/#\\\/schema\\\/logo\\\/image\\\/\",\"url\":\"https:\\\/\\\/www.iemj.org\\\/wp-content\\\/uploads\\\/2021\\\/09\\\/Logo-IEMJ-Paypal.jpg\",\"contentUrl\":\"https:\\\/\\\/www.iemj.org\\\/wp-content\\\/uploads\\\/2021\\\/09\\\/Logo-IEMJ-Paypal.jpg\",\"width\":150,\"height\":50,\"caption\":\"Institut Europ\u00e9en des Musiques Juives\"},\"image\":{\"@id\":\"https:\\\/\\\/www.iemj.org\\\/de\\\/#\\\/schema\\\/logo\\\/image\\\/\"},\"sameAs\":[\"https:\\\/\\\/www.facebook.com\\\/MusiquesJuives\\\/\",\"https:\\\/\\\/www.instagram.com\\\/musiquesjuives\\\/\",\"https:\\\/\\\/www.youtube.com\\\/user\\\/musiquesjuives\"]},{\"@type\":\"Person\",\"@id\":\"https:\\\/\\\/www.iemj.org\\\/de\\\/#\\\/schema\\\/person\\\/94283a7f5a8b28a85fdab0ae54777472\",\"name\":\"Isabelle Jouve\",\"image\":{\"@type\":\"ImageObject\",\"inLanguage\":\"de\",\"@id\":\"https:\\\/\\\/secure.gravatar.com\\\/avatar\\\/bc547a31cb8a12b3ffc0f7fcf1f2dbd4fc06e95ad13a451095d8316a6d5a59a6?s=96&d=mm&r=g\",\"url\":\"https:\\\/\\\/secure.gravatar.com\\\/avatar\\\/bc547a31cb8a12b3ffc0f7fcf1f2dbd4fc06e95ad13a451095d8316a6d5a59a6?s=96&d=mm&r=g\",\"contentUrl\":\"https:\\\/\\\/secure.gravatar.com\\\/avatar\\\/bc547a31cb8a12b3ffc0f7fcf1f2dbd4fc06e95ad13a451095d8316a6d5a59a6?s=96&d=mm&r=g\",\"caption\":\"Isabelle Jouve\"}}]}<\/script>\n<!-- \/ Yoast SEO plugin. -->","yoast_head_json":{"title":"Hal\u00e9vy, Jacques Fran\u00e7ois Fromental \u00c9lie (1799-1862) - Institut Europ\u00e9en des Musiques Juives","robots":{"index":"index","follow":"follow","max-snippet":"max-snippet:-1","max-image-preview":"max-image-preview:large","max-video-preview":"max-video-preview:-1"},"canonical":"https:\/\/www.iemj.org\/de\/halevy-jacques-francois-fromental-elie-1799-1862\/","og_locale":"de_DE","og_type":"article","og_title":"Hal\u00e9vy, Jacques Fran\u00e7ois Fromental \u00c9lie (1799-1862) - Institut Europ\u00e9en des Musiques Juives","og_description":"Komponisten wie Fromental Hal\u00e9vy (1799-1862), Charles Valentin Alkan (1813-1888) und Jacques Offenbach (1819-1880) begannen ihre musikalische Ausbildung in der Synagoge. Der Vater von Fromental Hal\u00e9vy, \u00c9lie L\u00e9vy (1760-1826), stammte urspr\u00fcnglich","og_url":"https:\/\/www.iemj.org\/de\/halevy-jacques-francois-fromental-elie-1799-1862\/","og_site_name":"Institut Europ\u00e9en des Musiques Juives","article_publisher":"https:\/\/www.facebook.com\/MusiquesJuives\/","article_published_time":"2010-03-30T16:17:22+00:00","article_modified_time":"2021-09-07T12:43:48+00:00","og_image":[{"width":156,"height":218,"url":"https:\/\/www.iemj.org\/wp-content\/uploads\/2010\/03\/arton79-e1625041728950.jpg","type":"image\/jpeg"}],"author":"Isabelle Jouve","twitter_card":"summary_large_image","twitter_misc":{"Verfasst von":"Isabelle Jouve","Gesch\u00e4tzte Lesezeit":"3\u00a0Minuten"},"schema":{"@context":"https:\/\/schema.org","@graph":[{"@type":"Article","@id":"https:\/\/www.iemj.org\/de\/halevy-jacques-francois-fromental-elie-1799-1862\/#article","isPartOf":{"@id":"https:\/\/www.iemj.org\/de\/halevy-jacques-francois-fromental-elie-1799-1862\/"},"author":{"name":"Isabelle Jouve","@id":"https:\/\/www.iemj.org\/de\/#\/schema\/person\/94283a7f5a8b28a85fdab0ae54777472"},"headline":"Hal\u00e9vy, Jacques Fran\u00e7ois Fromental \u00c9lie (1799-1862)","datePublished":"2010-03-30T16:17:22+00:00","dateModified":"2021-09-07T12:43:48+00:00","mainEntityOfPage":{"@id":"https:\/\/www.iemj.org\/de\/halevy-jacques-francois-fromental-elie-1799-1862\/"},"wordCount":597,"publisher":{"@id":"https:\/\/www.iemj.org\/de\/#organization"},"image":{"@id":"https:\/\/www.iemj.org\/de\/halevy-jacques-francois-fromental-elie-1799-1862\/#primaryimage"},"thumbnailUrl":"https:\/\/www.iemj.org\/wp-content\/uploads\/2010\/03\/arton79-e1625041728950.jpg","articleSection":["Biografien"],"inLanguage":"de"},{"@type":"WebPage","@id":"https:\/\/www.iemj.org\/de\/halevy-jacques-francois-fromental-elie-1799-1862\/","url":"https:\/\/www.iemj.org\/de\/halevy-jacques-francois-fromental-elie-1799-1862\/","name":"Hal\u00e9vy, Jacques Fran\u00e7ois Fromental \u00c9lie (1799-1862) - Institut Europ\u00e9en des Musiques Juives","isPartOf":{"@id":"https:\/\/www.iemj.org\/de\/#website"},"primaryImageOfPage":{"@id":"https:\/\/www.iemj.org\/de\/halevy-jacques-francois-fromental-elie-1799-1862\/#primaryimage"},"image":{"@id":"https:\/\/www.iemj.org\/de\/halevy-jacques-francois-fromental-elie-1799-1862\/#primaryimage"},"thumbnailUrl":"https:\/\/www.iemj.org\/wp-content\/uploads\/2010\/03\/arton79-e1625041728950.jpg","datePublished":"2010-03-30T16:17:22+00:00","dateModified":"2021-09-07T12:43:48+00:00","breadcrumb":{"@id":"https:\/\/www.iemj.org\/de\/halevy-jacques-francois-fromental-elie-1799-1862\/#breadcrumb"},"inLanguage":"de","potentialAction":[{"@type":"ReadAction","target":["https:\/\/www.iemj.org\/de\/halevy-jacques-francois-fromental-elie-1799-1862\/"]}]},{"@type":"ImageObject","inLanguage":"de","@id":"https:\/\/www.iemj.org\/de\/halevy-jacques-francois-fromental-elie-1799-1862\/#primaryimage","url":"https:\/\/www.iemj.org\/wp-content\/uploads\/2010\/03\/arton79-e1625041728950.jpg","contentUrl":"https:\/\/www.iemj.org\/wp-content\/uploads\/2010\/03\/arton79-e1625041728950.jpg","width":156,"height":218},{"@type":"BreadcrumbList","@id":"https:\/\/www.iemj.org\/de\/halevy-jacques-francois-fromental-elie-1799-1862\/#breadcrumb","itemListElement":[{"@type":"ListItem","position":1,"name":"Accueil","item":"https:\/\/www.iemj.org\/de\/"},{"@type":"ListItem","position":2,"name":"Hal\u00e9vy, Jacques Fran\u00e7ois Fromental \u00c9lie (1799-1862)"}]},{"@type":"WebSite","@id":"https:\/\/www.iemj.org\/de\/#website","url":"https:\/\/www.iemj.org\/de\/","name":"Institut Europ\u00e9en des Musiques Juives","description":"Des traditions musicales \u00e0 la port\u00e9e de tous","publisher":{"@id":"https:\/\/www.iemj.org\/de\/#organization"},"potentialAction":[{"@type":"SearchAction","target":{"@type":"EntryPoint","urlTemplate":"https:\/\/www.iemj.org\/de\/?s={search_term_string}"},"query-input":{"@type":"PropertyValueSpecification","valueRequired":true,"valueName":"search_term_string"}}],"inLanguage":"de"},{"@type":"Organization","@id":"https:\/\/www.iemj.org\/de\/#organization","name":"Institut Europ\u00e9en des Musiques Juives","url":"https:\/\/www.iemj.org\/de\/","logo":{"@type":"ImageObject","inLanguage":"de","@id":"https:\/\/www.iemj.org\/de\/#\/schema\/logo\/image\/","url":"https:\/\/www.iemj.org\/wp-content\/uploads\/2021\/09\/Logo-IEMJ-Paypal.jpg","contentUrl":"https:\/\/www.iemj.org\/wp-content\/uploads\/2021\/09\/Logo-IEMJ-Paypal.jpg","width":150,"height":50,"caption":"Institut Europ\u00e9en des Musiques Juives"},"image":{"@id":"https:\/\/www.iemj.org\/de\/#\/schema\/logo\/image\/"},"sameAs":["https:\/\/www.facebook.com\/MusiquesJuives\/","https:\/\/www.instagram.com\/musiquesjuives\/","https:\/\/www.youtube.com\/user\/musiquesjuives"]},{"@type":"Person","@id":"https:\/\/www.iemj.org\/de\/#\/schema\/person\/94283a7f5a8b28a85fdab0ae54777472","name":"Isabelle Jouve","image":{"@type":"ImageObject","inLanguage":"de","@id":"https:\/\/secure.gravatar.com\/avatar\/bc547a31cb8a12b3ffc0f7fcf1f2dbd4fc06e95ad13a451095d8316a6d5a59a6?s=96&d=mm&r=g","url":"https:\/\/secure.gravatar.com\/avatar\/bc547a31cb8a12b3ffc0f7fcf1f2dbd4fc06e95ad13a451095d8316a6d5a59a6?s=96&d=mm&r=g","contentUrl":"https:\/\/secure.gravatar.com\/avatar\/bc547a31cb8a12b3ffc0f7fcf1f2dbd4fc06e95ad13a451095d8316a6d5a59a6?s=96&d=mm&r=g","caption":"Isabelle Jouve"}}]}},"_links":{"self":[{"href":"https:\/\/www.iemj.org\/de\/wp-json\/wp\/v2\/posts\/60868","targetHints":{"allow":["GET"]}}],"collection":[{"href":"https:\/\/www.iemj.org\/de\/wp-json\/wp\/v2\/posts"}],"about":[{"href":"https:\/\/www.iemj.org\/de\/wp-json\/wp\/v2\/types\/post"}],"author":[{"embeddable":true,"href":"https:\/\/www.iemj.org\/de\/wp-json\/wp\/v2\/users\/1046"}],"replies":[{"embeddable":true,"href":"https:\/\/www.iemj.org\/de\/wp-json\/wp\/v2\/comments?post=60868"}],"version-history":[{"count":0,"href":"https:\/\/www.iemj.org\/de\/wp-json\/wp\/v2\/posts\/60868\/revisions"}],"wp:featuredmedia":[{"embeddable":true,"href":"https:\/\/www.iemj.org\/de\/wp-json\/wp\/v2\/media\/51850"}],"wp:attachment":[{"href":"https:\/\/www.iemj.org\/de\/wp-json\/wp\/v2\/media?parent=60868"}],"wp:term":[{"taxonomy":"category","embeddable":true,"href":"https:\/\/www.iemj.org\/de\/wp-json\/wp\/v2\/categories?post=60868"},{"taxonomy":"post_tag","embeddable":true,"href":"https:\/\/www.iemj.org\/de\/wp-json\/wp\/v2\/tags?post=60868"},{"taxonomy":"technique","embeddable":true,"href":"https:\/\/www.iemj.org\/de\/wp-json\/wp\/v2\/technique?post=60868"},{"taxonomy":"squelettes","embeddable":true,"href":"https:\/\/www.iemj.org\/de\/wp-json\/wp\/v2\/squelettes?post=60868"},{"taxonomy":"sujet","embeddable":true,"href":"https:\/\/www.iemj.org\/de\/wp-json\/wp\/v2\/sujet?post=60868"},{"taxonomy":"formation","embeddable":true,"href":"https:\/\/www.iemj.org\/de\/wp-json\/wp\/v2\/formation?post=60868"},{"taxonomy":"genre","embeddable":true,"href":"https:\/\/www.iemj.org\/de\/wp-json\/wp\/v2\/genre?post=60868"},{"taxonomy":"fonds","embeddable":true,"href":"https:\/\/www.iemj.org\/de\/wp-json\/wp\/v2\/fonds?post=60868"},{"taxonomy":"tradition","embeddable":true,"href":"https:\/\/www.iemj.org\/de\/wp-json\/wp\/v2\/tradition?post=60868"},{"taxonomy":"type-de-contenu","embeddable":true,"href":"https:\/\/www.iemj.org\/de\/wp-json\/wp\/v2\/type-de-contenu?post=60868"},{"taxonomy":"interprete-compositeur","embeddable":true,"href":"https:\/\/www.iemj.org\/de\/wp-json\/wp\/v2\/interprete-compositeur?post=60868"},{"taxonomy":"frise","embeddable":true,"href":"https:\/\/www.iemj.org\/de\/wp-json\/wp\/v2\/frise?post=60868"},{"taxonomy":"type-devenement","embeddable":true,"href":"https:\/\/www.iemj.org\/de\/wp-json\/wp\/v2\/type-devenement?post=60868"},{"taxonomy":"tableaux-liens-externes","embeddable":true,"href":"https:\/\/www.iemj.org\/de\/wp-json\/wp\/v2\/tableaux-liens-externes?post=60868"}],"curies":[{"name":"wp","href":"https:\/\/api.w.org\/{rel}","templated":true}]}}