{"id":61543,"date":"2018-02-21T17:39:59","date_gmt":"2018-02-21T16:39:59","guid":{"rendered":"https:\/\/www.iemj.org\/lidarti-cristiano-giuseppe-1730-apres-1793\/"},"modified":"2021-09-08T12:56:02","modified_gmt":"2021-09-08T10:56:02","slug":"lidarti-cristiano-giuseppe-1730-apres-1793","status":"publish","type":"post","link":"https:\/\/www.iemj.org\/de\/lidarti-cristiano-giuseppe-1730-apres-1793\/","title":{"rendered":"Lidarti, Cristiano Giuseppe (1730-Nach 1793)"},"content":{"rendered":"<p><strong>Lidarti ist ein in Wien geborener Komponist, der aber den Gro\u00dfteil seines Lebens in Italien verbracht hat. Er ist der Urheber mehrerer hebr\u00e4ischer St\u00fccke, darunter das ber\u00fchmte Oratorium <em>Ester<\/em>, bei welchem es sich um die l\u00e4ngste und reichste Komposition der hebr\u00e4ischen Gelehrtenmusik des 17. und 18. Jahrhunderts handelt.<\/strong><\/p>\n<p>Christiano Giuseppe Lidarti, italienischer Herkunft, wurde 1730 in Wien geboren. Er wurde von den Jesuiten erzogen und studierte Philosophie und Jura an der Universit\u00e4t von Wien. Als Kind nahm er Harfen- und Cimbalomstunden, studierte aber nicht Komposition, obwohl sein Onkel, Giuseppe Bonno, Kapellmeister am kaiserlichen Hof war. Um einem gewissen Dilettantismus entgegenzuwirken, empfahl ihm sein Onkel, die Theoretiker der traditionellen klassischen Musik zu studieren. Im Alter von 21 oder 22 Jahren ging Lidarti nach Italien, um bei Jomelli zu studieren. Doch diese Pl\u00e4ne sollten sich nicht erf\u00fcllen, woraufhin er einige Zeit lang in Venedig und Florenz arbeitete, dann f\u00fcnf Jahre lang als Musiklehrer in Cortona und schlie\u00dflich einen Posten als Instrumentalist (Kontrabass\/Cello) in der Kapelle der Cavalierie di St. Stefano in Pisa erhielt, welchen er fast vierzig Jahre lang behalten sollte. In der Zwischenzeit wurde er an der renommierten Accadelia Filarmonica von Bologna und Modena aufgenommen. Lidarti gab nach eigenem Bekunden, nach dem Abschluss seiner Ausbildung den \u201eerhabenen und fugierten Stil\u201c seiner Jugend, zugunsten eines einfachen, melodischen und \u201egalanteren Stils\u201c auf, welchen er in seiner Zeit in Italien entwickeln konnte und der charakteristisch f\u00fcr die vorklassische Periode war. Das genaue Todesdatum Lidartis ist nicht bekannt \u2013 seine letzte Komposition stammt aus dem Jahr 1793 und sein Name verschwand nach dem 15. Februar 1794, von der Gehaltsliste der Kapelle der Cavalieri di St. Stefano.<\/p>\n<p>Lidarti ist einer von zwei der wichtigsten Komponisten des 18. Jahrhunderts, die f\u00fcr die portugiesisch-j\u00fcdische Gemeinschaft in Amsterdam t\u00e4tig waren (bei dem anderen Komponisten handelte es sich um den j\u00fcdischen Komponisten Abraham Caceres). Sein Name tauchte 1770, erstmals im Register der portugiesisch-j\u00fcdischen Gemeinschaft von Amsterdam auf. Zu Lidartis bekannten hebr\u00e4ischen Werken geh\u00f6ren die Solokantaten <em>Bo&#8217;i be-shalom <\/em>und <em>Kol ha-neshama<\/em>, das Duett <em>Ha-mesiah illemim,<\/em> die Chorst\u00fccke <em>Be-fi yesharim<\/em> und <em>Nora elohim<\/em>, die alle in Manuskriptform in der Bibliothek der portugiesisch-j\u00fcdischen Gemeinschaft Ets Haim erhalten sind, und vor allem das Oratorium <em>Ester<\/em>, das bis heute das l\u00e4ngste und umfangreichste Werk der hebr\u00e4ischen Gelehrtenmusik des 17. und 18. Jahrhunderts.<\/p>\n<p><strong>Quellen<\/strong><\/p>\n<ul>\n<li>Israel Adler,\u00a0<em>La pratique musicale savante dans quelques communaut\u00e9s juives en Europe aux XVII\u00e8me et XVIII\u00e8me si\u00e8cles<\/em>, Mouton &amp; Co, 1966, pp. 189-236.<\/li>\n<li>Vom Libretto Esther inspirierte Biografie, enthalten in der Doppel-CD <em>Le salut d\u2019Isra\u00ebl par Esther; Cristiano Giuseppe Lidarti (1730-1793?), Ester<\/em>, Orchestre National de Montpellier, choeur de la radio lettone; Friedemann Layer direction, Euterpe, 2003.<\/li>\n<\/ul>\n<p>\u00a0<\/p>\n<p><a href=\"https:\/\/www.iemj.org\/de\/ester-un-oratorio-de-pourim-du-compositeur-lidarti-1730-ap-1793\/\" target=\"_blank\" rel=\"noopener\">Mehr \u00fcber das Oratorium Ester<\/a><br \/><a href=\"https:\/\/www.iemj.org\/en\/la-source-de-vie-esther-en-chansons\/\" target=\"_blank\" rel=\"noopener\">Schauen Sie sich Ausz\u00fcge des Oratoriums Ester an<\/a><br \/><a href=\"https:\/\/www.iemj.org\/de\/concert-musiques-juives-baroques\/\" target=\"_blank\" rel=\"noopener\">Schauen Sie sich einen Ausschnitt eines Konzerts der j\u00fcdischen Barockmusik an, welches Israel Adler gewidmet war<\/a><br \/><a href=\"https:\/\/www.iemj.org\/de\/genre\/barockmusik-de\/\" target=\"_blank\" rel=\"noopener\">Greifen Sie auf andere Inhalte der j\u00fcdischen Barockmusik zu<\/a><br \/><a href=\"https:\/\/www.iemj.org\/de\/musiques-juives-baroques-venise-mantoue-amsterdam-1623-1774-2\/\" target=\"_blank\" rel=\"noopener\">H\u00f6ren und bestellen Sie die CD\u00a0<em>Musiques juives baroques<\/em><\/a><\/p>\n\n\n<p><\/p>\n","protected":false},"excerpt":{"rendered":"<p>Lidarti ist ein in Wien geborener Komponist, der aber den Gro\u00dfteil seines Lebens in Italien verbracht hat. Er ist der Urheber mehrerer hebr\u00e4ischer St\u00fccke, darunter das ber\u00fchmte Oratorium Ester, bei<\/p>\n","protected":false},"author":1045,"featured_media":52113,"comment_status":"closed","ping_status":"open","sticky":false,"template":"","format":"standard","meta":{"_acf_changed":false,"footnotes":""},"categories":[1415],"tags":[2090],"technique":[],"squelettes":[],"sujet":[],"formation":[],"genre":[1893],"fonds":[],"tradition":[],"type-de-contenu":[],"interprete-compositeur":[],"frise":[],"type-devenement":[],"tableaux-liens-externes":[],"class_list":["post-61543","post","type-post","status-publish","format-standard","has-post-thumbnail","hentry","category-biografien-de","tag-italien-de","genre-barockmusik-de"],"acf":[],"yoast_head":"<!-- This site is optimized with the Yoast SEO plugin v27.3 - https:\/\/yoast.com\/product\/yoast-seo-wordpress\/ -->\n<title>Lidarti, Cristiano Giuseppe (1730-Nach 1793) - Institut Europ\u00e9en des Musiques Juives<\/title>\n<meta name=\"robots\" content=\"index, follow, max-snippet:-1, max-image-preview:large, max-video-preview:-1\" \/>\n<link rel=\"canonical\" href=\"https:\/\/www.iemj.org\/de\/lidarti-cristiano-giuseppe-1730-apres-1793\/\" \/>\n<meta property=\"og:locale\" content=\"de_DE\" \/>\n<meta property=\"og:type\" content=\"article\" \/>\n<meta property=\"og:title\" content=\"Lidarti, Cristiano Giuseppe (1730-Nach 1793) - Institut Europ\u00e9en des Musiques Juives\" \/>\n<meta property=\"og:description\" content=\"Lidarti ist ein in Wien geborener Komponist, der aber den Gro\u00dfteil seines Lebens in Italien verbracht hat. Er ist der Urheber mehrerer hebr\u00e4ischer St\u00fccke, darunter das ber\u00fchmte Oratorium Ester, bei\" \/>\n<meta property=\"og:url\" content=\"https:\/\/www.iemj.org\/de\/lidarti-cristiano-giuseppe-1730-apres-1793\/\" \/>\n<meta property=\"og:site_name\" content=\"Institut Europ\u00e9en des Musiques Juives\" \/>\n<meta property=\"article:publisher\" content=\"https:\/\/www.facebook.com\/MusiquesJuives\/\" \/>\n<meta property=\"article:published_time\" content=\"2018-02-21T16:39:59+00:00\" \/>\n<meta property=\"article:modified_time\" content=\"2021-09-08T10:56:02+00:00\" \/>\n<meta property=\"og:image\" content=\"https:\/\/www.iemj.org\/wp-content\/uploads\/2018\/02\/arton3201-e1625057188441.jpg\" \/>\n\t<meta property=\"og:image:width\" content=\"169\" \/>\n\t<meta property=\"og:image:height\" content=\"218\" \/>\n\t<meta property=\"og:image:type\" content=\"image\/jpeg\" \/>\n<meta name=\"author\" content=\"Herv\u00e9 Roten\" \/>\n<meta name=\"twitter:card\" content=\"summary_large_image\" \/>\n<meta name=\"twitter:label1\" content=\"Verfasst von\" \/>\n\t<meta name=\"twitter:data1\" content=\"Herv\u00e9 Roten\" \/>\n\t<meta name=\"twitter:label2\" content=\"Gesch\u00e4tzte Lesezeit\" \/>\n\t<meta name=\"twitter:data2\" content=\"3\u00a0Minuten\" \/>\n<script type=\"application\/ld+json\" class=\"yoast-schema-graph\">{\"@context\":\"https:\\\/\\\/schema.org\",\"@graph\":[{\"@type\":\"Article\",\"@id\":\"https:\\\/\\\/www.iemj.org\\\/de\\\/lidarti-cristiano-giuseppe-1730-apres-1793\\\/#article\",\"isPartOf\":{\"@id\":\"https:\\\/\\\/www.iemj.org\\\/de\\\/lidarti-cristiano-giuseppe-1730-apres-1793\\\/\"},\"author\":{\"name\":\"Herv\u00e9 Roten\",\"@id\":\"https:\\\/\\\/www.iemj.org\\\/de\\\/#\\\/schema\\\/person\\\/906134402c29d5c76e7b726261dd4bbd\"},\"headline\":\"Lidarti, Cristiano Giuseppe (1730-Nach 1793)\",\"datePublished\":\"2018-02-21T16:39:59+00:00\",\"dateModified\":\"2021-09-08T10:56:02+00:00\",\"mainEntityOfPage\":{\"@id\":\"https:\\\/\\\/www.iemj.org\\\/de\\\/lidarti-cristiano-giuseppe-1730-apres-1793\\\/\"},\"wordCount\":505,\"publisher\":{\"@id\":\"https:\\\/\\\/www.iemj.org\\\/de\\\/#organization\"},\"image\":{\"@id\":\"https:\\\/\\\/www.iemj.org\\\/de\\\/lidarti-cristiano-giuseppe-1730-apres-1793\\\/#primaryimage\"},\"thumbnailUrl\":\"https:\\\/\\\/www.iemj.org\\\/wp-content\\\/uploads\\\/2018\\\/02\\\/arton3201-e1625057188441.jpg\",\"keywords\":[\"Italien\"],\"articleSection\":[\"Biografien\"],\"inLanguage\":\"de\"},{\"@type\":\"WebPage\",\"@id\":\"https:\\\/\\\/www.iemj.org\\\/de\\\/lidarti-cristiano-giuseppe-1730-apres-1793\\\/\",\"url\":\"https:\\\/\\\/www.iemj.org\\\/de\\\/lidarti-cristiano-giuseppe-1730-apres-1793\\\/\",\"name\":\"Lidarti, Cristiano Giuseppe (1730-Nach 1793) - Institut Europ\u00e9en des Musiques Juives\",\"isPartOf\":{\"@id\":\"https:\\\/\\\/www.iemj.org\\\/de\\\/#website\"},\"primaryImageOfPage\":{\"@id\":\"https:\\\/\\\/www.iemj.org\\\/de\\\/lidarti-cristiano-giuseppe-1730-apres-1793\\\/#primaryimage\"},\"image\":{\"@id\":\"https:\\\/\\\/www.iemj.org\\\/de\\\/lidarti-cristiano-giuseppe-1730-apres-1793\\\/#primaryimage\"},\"thumbnailUrl\":\"https:\\\/\\\/www.iemj.org\\\/wp-content\\\/uploads\\\/2018\\\/02\\\/arton3201-e1625057188441.jpg\",\"datePublished\":\"2018-02-21T16:39:59+00:00\",\"dateModified\":\"2021-09-08T10:56:02+00:00\",\"breadcrumb\":{\"@id\":\"https:\\\/\\\/www.iemj.org\\\/de\\\/lidarti-cristiano-giuseppe-1730-apres-1793\\\/#breadcrumb\"},\"inLanguage\":\"de\",\"potentialAction\":[{\"@type\":\"ReadAction\",\"target\":[\"https:\\\/\\\/www.iemj.org\\\/de\\\/lidarti-cristiano-giuseppe-1730-apres-1793\\\/\"]}]},{\"@type\":\"ImageObject\",\"inLanguage\":\"de\",\"@id\":\"https:\\\/\\\/www.iemj.org\\\/de\\\/lidarti-cristiano-giuseppe-1730-apres-1793\\\/#primaryimage\",\"url\":\"https:\\\/\\\/www.iemj.org\\\/wp-content\\\/uploads\\\/2018\\\/02\\\/arton3201-e1625057188441.jpg\",\"contentUrl\":\"https:\\\/\\\/www.iemj.org\\\/wp-content\\\/uploads\\\/2018\\\/02\\\/arton3201-e1625057188441.jpg\",\"width\":169,\"height\":218},{\"@type\":\"BreadcrumbList\",\"@id\":\"https:\\\/\\\/www.iemj.org\\\/de\\\/lidarti-cristiano-giuseppe-1730-apres-1793\\\/#breadcrumb\",\"itemListElement\":[{\"@type\":\"ListItem\",\"position\":1,\"name\":\"Accueil\",\"item\":\"https:\\\/\\\/www.iemj.org\\\/de\\\/\"},{\"@type\":\"ListItem\",\"position\":2,\"name\":\"Lidarti, Cristiano Giuseppe (1730-Nach 1793)\"}]},{\"@type\":\"WebSite\",\"@id\":\"https:\\\/\\\/www.iemj.org\\\/de\\\/#website\",\"url\":\"https:\\\/\\\/www.iemj.org\\\/de\\\/\",\"name\":\"Institut Europ\u00e9en des Musiques Juives\",\"description\":\"Des traditions musicales \u00e0 la port\u00e9e de tous\",\"publisher\":{\"@id\":\"https:\\\/\\\/www.iemj.org\\\/de\\\/#organization\"},\"potentialAction\":[{\"@type\":\"SearchAction\",\"target\":{\"@type\":\"EntryPoint\",\"urlTemplate\":\"https:\\\/\\\/www.iemj.org\\\/de\\\/?s={search_term_string}\"},\"query-input\":{\"@type\":\"PropertyValueSpecification\",\"valueRequired\":true,\"valueName\":\"search_term_string\"}}],\"inLanguage\":\"de\"},{\"@type\":\"Organization\",\"@id\":\"https:\\\/\\\/www.iemj.org\\\/de\\\/#organization\",\"name\":\"Institut Europ\u00e9en des Musiques Juives\",\"url\":\"https:\\\/\\\/www.iemj.org\\\/de\\\/\",\"logo\":{\"@type\":\"ImageObject\",\"inLanguage\":\"de\",\"@id\":\"https:\\\/\\\/www.iemj.org\\\/de\\\/#\\\/schema\\\/logo\\\/image\\\/\",\"url\":\"https:\\\/\\\/www.iemj.org\\\/wp-content\\\/uploads\\\/2021\\\/09\\\/Logo-IEMJ-Paypal.jpg\",\"contentUrl\":\"https:\\\/\\\/www.iemj.org\\\/wp-content\\\/uploads\\\/2021\\\/09\\\/Logo-IEMJ-Paypal.jpg\",\"width\":150,\"height\":50,\"caption\":\"Institut Europ\u00e9en des Musiques Juives\"},\"image\":{\"@id\":\"https:\\\/\\\/www.iemj.org\\\/de\\\/#\\\/schema\\\/logo\\\/image\\\/\"},\"sameAs\":[\"https:\\\/\\\/www.facebook.com\\\/MusiquesJuives\\\/\",\"https:\\\/\\\/www.instagram.com\\\/musiquesjuives\\\/\",\"https:\\\/\\\/www.youtube.com\\\/user\\\/musiquesjuives\"]},{\"@type\":\"Person\",\"@id\":\"https:\\\/\\\/www.iemj.org\\\/de\\\/#\\\/schema\\\/person\\\/906134402c29d5c76e7b726261dd4bbd\",\"name\":\"Herv\u00e9 Roten\",\"image\":{\"@type\":\"ImageObject\",\"inLanguage\":\"de\",\"@id\":\"https:\\\/\\\/secure.gravatar.com\\\/avatar\\\/f96ad2db538a26481f18384936b5cd0610c92d390c4dc382209216d455f685ff?s=96&d=mm&r=g\",\"url\":\"https:\\\/\\\/secure.gravatar.com\\\/avatar\\\/f96ad2db538a26481f18384936b5cd0610c92d390c4dc382209216d455f685ff?s=96&d=mm&r=g\",\"contentUrl\":\"https:\\\/\\\/secure.gravatar.com\\\/avatar\\\/f96ad2db538a26481f18384936b5cd0610c92d390c4dc382209216d455f685ff?s=96&d=mm&r=g\",\"caption\":\"Herv\u00e9 Roten\"}}]}<\/script>\n<!-- \/ Yoast SEO plugin. -->","yoast_head_json":{"title":"Lidarti, Cristiano Giuseppe (1730-Nach 1793) - Institut Europ\u00e9en des Musiques Juives","robots":{"index":"index","follow":"follow","max-snippet":"max-snippet:-1","max-image-preview":"max-image-preview:large","max-video-preview":"max-video-preview:-1"},"canonical":"https:\/\/www.iemj.org\/de\/lidarti-cristiano-giuseppe-1730-apres-1793\/","og_locale":"de_DE","og_type":"article","og_title":"Lidarti, Cristiano Giuseppe (1730-Nach 1793) - Institut Europ\u00e9en des Musiques Juives","og_description":"Lidarti ist ein in Wien geborener Komponist, der aber den Gro\u00dfteil seines Lebens in Italien verbracht hat. Er ist der Urheber mehrerer hebr\u00e4ischer St\u00fccke, darunter das ber\u00fchmte Oratorium Ester, bei","og_url":"https:\/\/www.iemj.org\/de\/lidarti-cristiano-giuseppe-1730-apres-1793\/","og_site_name":"Institut Europ\u00e9en des Musiques Juives","article_publisher":"https:\/\/www.facebook.com\/MusiquesJuives\/","article_published_time":"2018-02-21T16:39:59+00:00","article_modified_time":"2021-09-08T10:56:02+00:00","og_image":[{"width":169,"height":218,"url":"https:\/\/www.iemj.org\/wp-content\/uploads\/2018\/02\/arton3201-e1625057188441.jpg","type":"image\/jpeg"}],"author":"Herv\u00e9 Roten","twitter_card":"summary_large_image","twitter_misc":{"Verfasst von":"Herv\u00e9 Roten","Gesch\u00e4tzte Lesezeit":"3\u00a0Minuten"},"schema":{"@context":"https:\/\/schema.org","@graph":[{"@type":"Article","@id":"https:\/\/www.iemj.org\/de\/lidarti-cristiano-giuseppe-1730-apres-1793\/#article","isPartOf":{"@id":"https:\/\/www.iemj.org\/de\/lidarti-cristiano-giuseppe-1730-apres-1793\/"},"author":{"name":"Herv\u00e9 Roten","@id":"https:\/\/www.iemj.org\/de\/#\/schema\/person\/906134402c29d5c76e7b726261dd4bbd"},"headline":"Lidarti, Cristiano Giuseppe (1730-Nach 1793)","datePublished":"2018-02-21T16:39:59+00:00","dateModified":"2021-09-08T10:56:02+00:00","mainEntityOfPage":{"@id":"https:\/\/www.iemj.org\/de\/lidarti-cristiano-giuseppe-1730-apres-1793\/"},"wordCount":505,"publisher":{"@id":"https:\/\/www.iemj.org\/de\/#organization"},"image":{"@id":"https:\/\/www.iemj.org\/de\/lidarti-cristiano-giuseppe-1730-apres-1793\/#primaryimage"},"thumbnailUrl":"https:\/\/www.iemj.org\/wp-content\/uploads\/2018\/02\/arton3201-e1625057188441.jpg","keywords":["Italien"],"articleSection":["Biografien"],"inLanguage":"de"},{"@type":"WebPage","@id":"https:\/\/www.iemj.org\/de\/lidarti-cristiano-giuseppe-1730-apres-1793\/","url":"https:\/\/www.iemj.org\/de\/lidarti-cristiano-giuseppe-1730-apres-1793\/","name":"Lidarti, Cristiano Giuseppe (1730-Nach 1793) - Institut Europ\u00e9en des Musiques Juives","isPartOf":{"@id":"https:\/\/www.iemj.org\/de\/#website"},"primaryImageOfPage":{"@id":"https:\/\/www.iemj.org\/de\/lidarti-cristiano-giuseppe-1730-apres-1793\/#primaryimage"},"image":{"@id":"https:\/\/www.iemj.org\/de\/lidarti-cristiano-giuseppe-1730-apres-1793\/#primaryimage"},"thumbnailUrl":"https:\/\/www.iemj.org\/wp-content\/uploads\/2018\/02\/arton3201-e1625057188441.jpg","datePublished":"2018-02-21T16:39:59+00:00","dateModified":"2021-09-08T10:56:02+00:00","breadcrumb":{"@id":"https:\/\/www.iemj.org\/de\/lidarti-cristiano-giuseppe-1730-apres-1793\/#breadcrumb"},"inLanguage":"de","potentialAction":[{"@type":"ReadAction","target":["https:\/\/www.iemj.org\/de\/lidarti-cristiano-giuseppe-1730-apres-1793\/"]}]},{"@type":"ImageObject","inLanguage":"de","@id":"https:\/\/www.iemj.org\/de\/lidarti-cristiano-giuseppe-1730-apres-1793\/#primaryimage","url":"https:\/\/www.iemj.org\/wp-content\/uploads\/2018\/02\/arton3201-e1625057188441.jpg","contentUrl":"https:\/\/www.iemj.org\/wp-content\/uploads\/2018\/02\/arton3201-e1625057188441.jpg","width":169,"height":218},{"@type":"BreadcrumbList","@id":"https:\/\/www.iemj.org\/de\/lidarti-cristiano-giuseppe-1730-apres-1793\/#breadcrumb","itemListElement":[{"@type":"ListItem","position":1,"name":"Accueil","item":"https:\/\/www.iemj.org\/de\/"},{"@type":"ListItem","position":2,"name":"Lidarti, Cristiano Giuseppe (1730-Nach 1793)"}]},{"@type":"WebSite","@id":"https:\/\/www.iemj.org\/de\/#website","url":"https:\/\/www.iemj.org\/de\/","name":"Institut Europ\u00e9en des Musiques Juives","description":"Des traditions musicales \u00e0 la port\u00e9e de tous","publisher":{"@id":"https:\/\/www.iemj.org\/de\/#organization"},"potentialAction":[{"@type":"SearchAction","target":{"@type":"EntryPoint","urlTemplate":"https:\/\/www.iemj.org\/de\/?s={search_term_string}"},"query-input":{"@type":"PropertyValueSpecification","valueRequired":true,"valueName":"search_term_string"}}],"inLanguage":"de"},{"@type":"Organization","@id":"https:\/\/www.iemj.org\/de\/#organization","name":"Institut Europ\u00e9en des Musiques Juives","url":"https:\/\/www.iemj.org\/de\/","logo":{"@type":"ImageObject","inLanguage":"de","@id":"https:\/\/www.iemj.org\/de\/#\/schema\/logo\/image\/","url":"https:\/\/www.iemj.org\/wp-content\/uploads\/2021\/09\/Logo-IEMJ-Paypal.jpg","contentUrl":"https:\/\/www.iemj.org\/wp-content\/uploads\/2021\/09\/Logo-IEMJ-Paypal.jpg","width":150,"height":50,"caption":"Institut Europ\u00e9en des Musiques Juives"},"image":{"@id":"https:\/\/www.iemj.org\/de\/#\/schema\/logo\/image\/"},"sameAs":["https:\/\/www.facebook.com\/MusiquesJuives\/","https:\/\/www.instagram.com\/musiquesjuives\/","https:\/\/www.youtube.com\/user\/musiquesjuives"]},{"@type":"Person","@id":"https:\/\/www.iemj.org\/de\/#\/schema\/person\/906134402c29d5c76e7b726261dd4bbd","name":"Herv\u00e9 Roten","image":{"@type":"ImageObject","inLanguage":"de","@id":"https:\/\/secure.gravatar.com\/avatar\/f96ad2db538a26481f18384936b5cd0610c92d390c4dc382209216d455f685ff?s=96&d=mm&r=g","url":"https:\/\/secure.gravatar.com\/avatar\/f96ad2db538a26481f18384936b5cd0610c92d390c4dc382209216d455f685ff?s=96&d=mm&r=g","contentUrl":"https:\/\/secure.gravatar.com\/avatar\/f96ad2db538a26481f18384936b5cd0610c92d390c4dc382209216d455f685ff?s=96&d=mm&r=g","caption":"Herv\u00e9 Roten"}}]}},"_links":{"self":[{"href":"https:\/\/www.iemj.org\/de\/wp-json\/wp\/v2\/posts\/61543","targetHints":{"allow":["GET"]}}],"collection":[{"href":"https:\/\/www.iemj.org\/de\/wp-json\/wp\/v2\/posts"}],"about":[{"href":"https:\/\/www.iemj.org\/de\/wp-json\/wp\/v2\/types\/post"}],"author":[{"embeddable":true,"href":"https:\/\/www.iemj.org\/de\/wp-json\/wp\/v2\/users\/1045"}],"replies":[{"embeddable":true,"href":"https:\/\/www.iemj.org\/de\/wp-json\/wp\/v2\/comments?post=61543"}],"version-history":[{"count":0,"href":"https:\/\/www.iemj.org\/de\/wp-json\/wp\/v2\/posts\/61543\/revisions"}],"wp:featuredmedia":[{"embeddable":true,"href":"https:\/\/www.iemj.org\/de\/wp-json\/wp\/v2\/media\/52113"}],"wp:attachment":[{"href":"https:\/\/www.iemj.org\/de\/wp-json\/wp\/v2\/media?parent=61543"}],"wp:term":[{"taxonomy":"category","embeddable":true,"href":"https:\/\/www.iemj.org\/de\/wp-json\/wp\/v2\/categories?post=61543"},{"taxonomy":"post_tag","embeddable":true,"href":"https:\/\/www.iemj.org\/de\/wp-json\/wp\/v2\/tags?post=61543"},{"taxonomy":"technique","embeddable":true,"href":"https:\/\/www.iemj.org\/de\/wp-json\/wp\/v2\/technique?post=61543"},{"taxonomy":"squelettes","embeddable":true,"href":"https:\/\/www.iemj.org\/de\/wp-json\/wp\/v2\/squelettes?post=61543"},{"taxonomy":"sujet","embeddable":true,"href":"https:\/\/www.iemj.org\/de\/wp-json\/wp\/v2\/sujet?post=61543"},{"taxonomy":"formation","embeddable":true,"href":"https:\/\/www.iemj.org\/de\/wp-json\/wp\/v2\/formation?post=61543"},{"taxonomy":"genre","embeddable":true,"href":"https:\/\/www.iemj.org\/de\/wp-json\/wp\/v2\/genre?post=61543"},{"taxonomy":"fonds","embeddable":true,"href":"https:\/\/www.iemj.org\/de\/wp-json\/wp\/v2\/fonds?post=61543"},{"taxonomy":"tradition","embeddable":true,"href":"https:\/\/www.iemj.org\/de\/wp-json\/wp\/v2\/tradition?post=61543"},{"taxonomy":"type-de-contenu","embeddable":true,"href":"https:\/\/www.iemj.org\/de\/wp-json\/wp\/v2\/type-de-contenu?post=61543"},{"taxonomy":"interprete-compositeur","embeddable":true,"href":"https:\/\/www.iemj.org\/de\/wp-json\/wp\/v2\/interprete-compositeur?post=61543"},{"taxonomy":"frise","embeddable":true,"href":"https:\/\/www.iemj.org\/de\/wp-json\/wp\/v2\/frise?post=61543"},{"taxonomy":"type-devenement","embeddable":true,"href":"https:\/\/www.iemj.org\/de\/wp-json\/wp\/v2\/type-devenement?post=61543"},{"taxonomy":"tableaux-liens-externes","embeddable":true,"href":"https:\/\/www.iemj.org\/de\/wp-json\/wp\/v2\/tableaux-liens-externes?post=61543"}],"curies":[{"name":"wp","href":"https:\/\/api.w.org\/{rel}","templated":true}]}}