{"id":61635,"date":"2021-02-18T14:36:08","date_gmt":"2021-02-18T13:36:08","guid":{"rendered":"https:\/\/www.iemj.org\/ester-un-oratorio-de-pourim-du-compositeur-lidarti-1730-ap-1793\/"},"modified":"2021-12-08T17:05:09","modified_gmt":"2021-12-08T16:05:09","slug":"ester-un-oratorio-de-pourim-du-compositeur-lidarti-1730-ap-1793","status":"publish","type":"post","link":"https:\/\/www.iemj.org\/de\/ester-un-oratorio-de-pourim-du-compositeur-lidarti-1730-ap-1793\/","title":{"rendered":"ESTER EIN PURIM-ORATORIUM VON DEM KOMPONISTEN LIDARTI (1730 \u2013 CA. 1793)"},"content":{"rendered":"<p><!--more--><\/p>\n<p>Bei der 1997 wiederentdeckten Partitur des Oratoriums Ester (1774) von dem Komponisten <a href=\"https:\/\/www.iemj.org\/de\/lidarti-cristiano-giuseppe-1730-apres-1793\/\" target=\"_blank\" rel=\"noopener\">Cristiano Giuseppe Lidarti<\/a>, handelt es sich um das l\u00e4ngste und umfangreichste Werk der hebr\u00e4ischen Gelehrtenmusik des 17. und 18. Jahrhunderts.<\/p>\n<p>Der genaue Ursprung dieses hebr\u00e4ischen Oratoriums, welches die Geschichte der K\u00f6nigin Esther nachzeichnet, bleibt r\u00e4tselhaft. Bis vor kurzem war der Text des Oratoriums nur in Form von zwei Manuskripten in der Bibliothek der portugiesisch-j\u00fcdischen Gemeinschaft in Amsterdam und in einem dritten Manuskript in der Bibliothek des Hebrew Union College in Cincinnati \u00fcberliefert. Jedoch enthielt keines der Manuskripte Musiknoten.<\/p>\n<p><img fetchpriority=\"high\" decoding=\"async\" class=\"  alignright wp-image-31182 size-medium\" src=\"https:\/\/www.iemj.org\/wp-content\/uploads\/2021\/02\/couverture_du_livret_de_l_oratorio_ester_redim-264x300.jpg\" alt=\"couverture_du_livret_de_l_oratorio_ester_redim.jpg\" width=\"264\" height=\"300\" align=\"right\" srcset=\"https:\/\/www.iemj.org\/wp-content\/uploads\/2021\/02\/couverture_du_livret_de_l_oratorio_ester_redim-264x300.jpg 264w, https:\/\/www.iemj.org\/wp-content\/uploads\/2021\/02\/couverture_du_livret_de_l_oratorio_ester_redim.jpg 350w\" sizes=\"(max-width: 264px) 100vw, 264px\" \/>Das Libretto trug den hebr\u00e4ischen Titel <em>Die Errettung Israels durch Esther<\/em> und den italienischen Titel <em>Ester in Oratorio o Sacra Dramma <\/em>und wird Jacob Raphael Saraval (1707-1782), dem Rabbiner von Mantua und Venedig, der bekannt f\u00fcr sein musikalisches Interesse war, zugeschrieben. In einem Dokument vom M\u00e4rz 1757, bat er die Beh\u00f6rden des Ghettos von Mantua, wenige Tage vor Purim, um die Erlaubnis, dass die Sch\u00fcler seiner Jeschiwa \u201eeine Art Oper, nach einer biblischen Geschichte\u201c auff\u00fchren d\u00fcrften. Er erhielt die Erlaubnis, unter der der Bedingung des Ausschlusses aller Nichtjuden von der Auff\u00fchrung, mit Ausnahme der Instrumentalisten und Kost\u00fcmbildner.<\/p>\n<p>Saravals Libretto basiert auf dem Text von H\u00e4ndels zweiter Fassung des Oratoriums (1732), jedoch mit vielen K\u00fcrzungen und einigen Erg\u00e4nzungen und blieb bis zum 7. November 1997 ohne Musik. 1997 entdeckte Richard Andrewes, der Bibliothekar der Universit\u00e4t von Cambridge, in einem Antiquariat eine handschriftliche Partitur von Cristiano Giuseppe Lidarti mit dem Titel <em>Ester Oratorio<\/em>, <em>1774<\/em>.<\/p>\n<p><img decoding=\"async\" class=\"  alignleft wp-image-18517 size-full\" src=\"https:\/\/www.iemj.org\/wp-content\/uploads\/2018\/02\/oratorio_ester.jpg\" alt=\"oratorio_ester.jpg\" width=\"285\" height=\"294\" align=\"left\" \/>Einige Monate sp\u00e4ter identifizierte <a href=\"https:\/\/www.iemj.org\/de\/adler-israel-1925-2009\/\" target=\"_blank\" rel=\"noopener\">Isra\u00ebl Adler<\/a>, ein Musikwissenschaftler an der Hebr\u00e4ischen Universit\u00e4t Jerusalem, welcher sich in seiner Dissertation mit der musikalischen Kunstmusikpraxis der j\u00fcdischen Gemeinschaften Europas des 18. und 19. Jahrhunderts besch\u00e4ftigte, das Manuskript von Lidarti als die Musik zu Rabbi Saravals Libretto. Daraufhin wurde damit begonnen das urspr\u00fcngliche Werk wiederherzustellen. Im Mai 2000 fand schlie\u00dflich die Weltpremiere des Oratoriums Ester in Jerusalem und 2003 dann die franz\u00f6sische Erstauff\u00fchrung statt. 2003 wurde das Werk, im Rahmen des Festival de Radio France und Montpellier, mit renommierten K\u00fcnstlern wie Anne Lise Sollied und Laurent Naouri aufgenommen.<\/p>\n<p>Eine Frage bleibt jedoch bis heute unbeantwortet. Wer bat Lidarti, eine neue Musik auf Saravals Libretto zu komponieren? War es David Franco Mendes, der ber\u00fchmte Historiker und Sekret\u00e4r der Gemeinschaft, selbst ein vielschaffender Dichter, der dem Anschein nach, das Libretto bei Saraval in Auftrag gab? Bislang handelt es sich hierbei um eine unbest\u00e4tigte Hypothese. Lidarti selbst erw\u00e4hnte in seiner <em>Aneddoti musicali <\/em>betitelten Autobiografie, weder die Existenz dieses Werks noch die beruflichen Beziehungen, welche er mit den portugiesischen Juden in Amsterdam unterhielt. Es ist anzumerken, dass die Autobiografie kurz ist (ca. 1300 W\u00f6rter) und darin seine Kompositionen kaum erw\u00e4hnt werden, da sie es ihm zufolge \u201ekeine Beachtung verdienen\u201c w\u00fcrden. Dennoch ist sein Oratorium weit davon entfernt ein unbedeutendes Werk zu sein, sowohl in Anbetracht seines imposanten musikalischen Umfangs als auch seiner Dauer (von fast zwei Stunden)!<\/p>\n<p style=\"margin: 0cm; margin-bottom: .0001pt;\"><strong>Werksanalyse<\/strong><\/p>\n<p style=\"margin: 0cm; margin-bottom: .0001pt;\">Lidartis Ester<img decoding=\"async\" class=\"alignright wp-image-18519 \" src=\"https:\/\/www.iemj.org\/wp-content\/uploads\/2018\/02\/lidarti_coffret.jpg\" alt=\"lidarti_coffret.jpg\" width=\"300\" height=\"263\" align=\"right\" \/> besteht aus drei Akten, von denen jeder Akt \u00fcber 3 bis 4 Szenen verf\u00fcgt. Die Partitur wurde geschrieben f\u00fcr Solisten-Stimmen \u2013 Ester, Donna Israelita (eine \u201eisraelitische Frau\u201c aus ihrem Gefolge), Ahasveros, Mordocai und Haman (mit einem kurzen Auftritt von Harbona) \u2013 einen dreistimmigen Chor und ein Orchester, bestehend aus Streichern, Fl\u00f6ten, Oboen, H\u00f6rnern und Generalbass. Es ist au\u00dferdem wahrscheinlich, dass aus religi\u00f6sen Gr\u00fcnden, M\u00e4nner die Sopranstimmen sangen. In den Manuskripten der Gemeinschaft gibt es Belege, dass die f\u00fcr Sopranstimmen vorgesehenen Partien, von M\u00e4nnern ausgef\u00fchrt wurden.<\/p>\n<p>Formell wurde das Werk, obwohl es auf 1774 datiert ist, im vorklassischen Stil der 1720er und 1750er Jahre komponiert. Die Ouvert\u00fcre in drei S\u00e4tzen erinnert an die Symphonien von Sammartini und die Opernouvert\u00fcren von Pergolesi, Jommelli und Galuppi und das Orchester verf\u00fcgt noch \u00fcber ein Basso continuo, ein \u00dcberbleibsel der barocken Musikpraxis. Die Arien und Duette folgen ebenfalls dem vorklassischen galanten Stil; die Melodie ist im Wesentlichen zyklisch und die Abschnitte des Werks sind durch expressive Kontraste klar voneinander abgegrenzt.<\/p>\n<p>Daher handelt es sich um ein Werk, dass es verdient, wiederentdeckt zu werden. Bis heute existiert keine vollst\u00e4ndige Aufnahme des Oratoriums, welches leider vergriffen ist. Dennoch sind die Biografie Lidartis und zahlreiche Ausz\u00fcge aus seinem Werk, auf der Internetseite des Institute Europ\u00e9en des Musiques Juives einsehbar. Dar\u00fcber hinaus sind auf YouTube <a href=\"https:\/\/www.youtube.com\/watch?v=YjI1KBMhtXw\">Ausz\u00fcge des Werks<\/a> in einer farbenfrohen und vom Pourimspiel inspirierten Version, gespielt von dem Barockensemble Le Tendre Amour zu sehen.<\/p>\n<p><strong>Diskographie<\/strong><br \/><em>Ester ou Le Salut d\u2019Isra\u00ebl par Ester<\/em>, de Cristiano Giuseppe Lidarti, Euterpe, 2003.<br \/>Livret du rabbin Jacob Raphael Saraval. Direction de Friedemann Layer. Interpr\u00e9tation par l\u2019Orchestre national de Montpellier et le Ch\u0153ur de la Radio lettone.<\/p>\n<p><em>Musiques juives baroques : Venise, Mantoue, Amsterdam (1623-1774) &#8211; Hommage \u00e0 Isra\u00ebl Adler<\/em>, par l\u2019Ensemble Texto, Buda Musique, coll. \u00ab Patrimoines musicaux des juifs de France \u00bb, vol. 10, 2011. Direction de David Klein.<\/p>\n<p><strong>Biografie<\/strong><br \/>&#8211; <em>La pratique musicale savante dans quelques communaut\u00e9s juives en Europe aux XVII\u00e8me et XVIII\u00e8me si\u00e8cles<\/em>, d\u2019Isra\u00ebl Adler, Mouton &amp; Co, 1966, pp. 189-236.<\/p>\n<p>\u00a0<\/p>\n<p><a href=\"https:\/\/www.iemj.org\/de\/lidarti-cristiano-giuseppe-1730-apres-1793\/\" target=\"_blank\" rel=\"noopener\">Erfahren Sie mehr \u00fcber Lidarti<\/a><br \/><a href=\"https:\/\/www.iemj.org\/de\/la-source-de-vie-esther-en-chansons\/\" target=\"_blank\" rel=\"noopener\">Schauen Sie sich Ausz\u00fcge des Oratoriums Ester an<\/a><br \/><a href=\"https:\/\/www.iemj.org\/de\/concert-musiques-juives-baroques\/\" target=\"_blank\" rel=\"noopener\">Schauen Sie sich den Auszug eines Konzerts j\u00fcdischer Barockmusik an, welches Israel Adler gewidmet war<\/a><br \/><a href=\"https:\/\/www.iemj.org\/de\/genre\/barockmusik-de\/\" target=\"_blank\" rel=\"noopener\">Greifen Sie auf andere Inhalte \u00fcber j\u00fcdische Barockmusik zu<\/a><br \/><a href=\"https:\/\/www.iemj.org\/de\/musiques-juives-baroques-venise-mantoue-amsterdam-1623-1774-2\/\" target=\"_blank\" rel=\"noopener\">H\u00f6ren und bestellen Sie sich die CD\u00a0<em>Musiques juives baroques<\/em><\/a><\/p>\n\n\n<p><\/p>\n","protected":false},"excerpt":{"rendered":"","protected":false},"author":1045,"featured_media":61636,"comment_status":"closed","ping_status":"closed","sticky":false,"template":"","format":"standard","meta":{"_acf_changed":false,"footnotes":""},"categories":[1406],"tags":[2090],"technique":[],"squelettes":[],"sujet":[1806],"formation":[],"genre":[1893],"fonds":[],"tradition":[],"type-de-contenu":[],"interprete-compositeur":[],"frise":[],"type-devenement":[],"tableaux-liens-externes":[],"class_list":["post-61635","post","type-post","status-publish","format-standard","has-post-thumbnail","hentry","category-hintergrundartikel-de","tag-italien-de","sujet-purim-de","genre-barockmusik-de"],"acf":[],"yoast_head":"<!-- This site is optimized with the Yoast SEO plugin v27.3 - https:\/\/yoast.com\/product\/yoast-seo-wordpress\/ -->\n<title>ESTER EIN PURIM-ORATORIUM VON DEM KOMPONISTEN LIDARTI (1730 \u2013 CA. 1793) - Institut Europ\u00e9en des Musiques Juives<\/title>\n<meta name=\"robots\" content=\"index, follow, max-snippet:-1, max-image-preview:large, max-video-preview:-1\" \/>\n<link rel=\"canonical\" href=\"https:\/\/www.iemj.org\/de\/ester-un-oratorio-de-pourim-du-compositeur-lidarti-1730-ap-1793\/\" \/>\n<meta property=\"og:locale\" content=\"de_DE\" \/>\n<meta property=\"og:type\" content=\"article\" \/>\n<meta property=\"og:title\" content=\"ESTER EIN PURIM-ORATORIUM VON DEM KOMPONISTEN LIDARTI (1730 \u2013 CA. 1793) - Institut Europ\u00e9en des Musiques Juives\" \/>\n<meta property=\"og:url\" content=\"https:\/\/www.iemj.org\/de\/ester-un-oratorio-de-pourim-du-compositeur-lidarti-1730-ap-1793\/\" \/>\n<meta property=\"og:site_name\" content=\"Institut Europ\u00e9en des Musiques Juives\" \/>\n<meta property=\"article:publisher\" content=\"https:\/\/www.facebook.com\/MusiquesJuives\/\" \/>\n<meta property=\"article:published_time\" content=\"2021-02-18T13:36:08+00:00\" \/>\n<meta property=\"article:modified_time\" content=\"2021-12-08T16:05:09+00:00\" \/>\n<meta property=\"og:image\" content=\"https:\/\/www.iemj.org\/wp-content\/uploads\/2021\/02\/arton5034.jpg\" \/>\n\t<meta property=\"og:image:width\" content=\"336\" \/>\n\t<meta property=\"og:image:height\" content=\"339\" \/>\n\t<meta property=\"og:image:type\" content=\"image\/jpeg\" \/>\n<meta name=\"author\" content=\"Herv\u00e9 Roten\" \/>\n<meta name=\"twitter:card\" content=\"summary_large_image\" \/>\n<meta name=\"twitter:label1\" content=\"Verfasst von\" \/>\n\t<meta name=\"twitter:data1\" content=\"Herv\u00e9 Roten\" \/>\n\t<meta name=\"twitter:label2\" content=\"Gesch\u00e4tzte Lesezeit\" \/>\n\t<meta name=\"twitter:data2\" content=\"5\u00a0Minuten\" \/>\n<script type=\"application\/ld+json\" class=\"yoast-schema-graph\">{\"@context\":\"https:\\\/\\\/schema.org\",\"@graph\":[{\"@type\":\"Article\",\"@id\":\"https:\\\/\\\/www.iemj.org\\\/de\\\/ester-un-oratorio-de-pourim-du-compositeur-lidarti-1730-ap-1793\\\/#article\",\"isPartOf\":{\"@id\":\"https:\\\/\\\/www.iemj.org\\\/de\\\/ester-un-oratorio-de-pourim-du-compositeur-lidarti-1730-ap-1793\\\/\"},\"author\":{\"name\":\"Herv\u00e9 Roten\",\"@id\":\"https:\\\/\\\/www.iemj.org\\\/de\\\/#\\\/schema\\\/person\\\/906134402c29d5c76e7b726261dd4bbd\"},\"headline\":\"ESTER EIN PURIM-ORATORIUM VON DEM KOMPONISTEN LIDARTI (1730 \u2013 CA. 1793)\",\"datePublished\":\"2021-02-18T13:36:08+00:00\",\"dateModified\":\"2021-12-08T16:05:09+00:00\",\"mainEntityOfPage\":{\"@id\":\"https:\\\/\\\/www.iemj.org\\\/de\\\/ester-un-oratorio-de-pourim-du-compositeur-lidarti-1730-ap-1793\\\/\"},\"wordCount\":906,\"publisher\":{\"@id\":\"https:\\\/\\\/www.iemj.org\\\/de\\\/#organization\"},\"image\":{\"@id\":\"https:\\\/\\\/www.iemj.org\\\/de\\\/ester-un-oratorio-de-pourim-du-compositeur-lidarti-1730-ap-1793\\\/#primaryimage\"},\"thumbnailUrl\":\"https:\\\/\\\/www.iemj.org\\\/wp-content\\\/uploads\\\/2021\\\/02\\\/arton5034.jpg\",\"keywords\":[\"Italien\"],\"articleSection\":[\"Hintergrundartikel\"],\"inLanguage\":\"de\"},{\"@type\":\"WebPage\",\"@id\":\"https:\\\/\\\/www.iemj.org\\\/de\\\/ester-un-oratorio-de-pourim-du-compositeur-lidarti-1730-ap-1793\\\/\",\"url\":\"https:\\\/\\\/www.iemj.org\\\/de\\\/ester-un-oratorio-de-pourim-du-compositeur-lidarti-1730-ap-1793\\\/\",\"name\":\"ESTER EIN PURIM-ORATORIUM VON DEM KOMPONISTEN LIDARTI (1730 \u2013 CA. 1793) - Institut Europ\u00e9en des Musiques Juives\",\"isPartOf\":{\"@id\":\"https:\\\/\\\/www.iemj.org\\\/de\\\/#website\"},\"primaryImageOfPage\":{\"@id\":\"https:\\\/\\\/www.iemj.org\\\/de\\\/ester-un-oratorio-de-pourim-du-compositeur-lidarti-1730-ap-1793\\\/#primaryimage\"},\"image\":{\"@id\":\"https:\\\/\\\/www.iemj.org\\\/de\\\/ester-un-oratorio-de-pourim-du-compositeur-lidarti-1730-ap-1793\\\/#primaryimage\"},\"thumbnailUrl\":\"https:\\\/\\\/www.iemj.org\\\/wp-content\\\/uploads\\\/2021\\\/02\\\/arton5034.jpg\",\"datePublished\":\"2021-02-18T13:36:08+00:00\",\"dateModified\":\"2021-12-08T16:05:09+00:00\",\"breadcrumb\":{\"@id\":\"https:\\\/\\\/www.iemj.org\\\/de\\\/ester-un-oratorio-de-pourim-du-compositeur-lidarti-1730-ap-1793\\\/#breadcrumb\"},\"inLanguage\":\"de\",\"potentialAction\":[{\"@type\":\"ReadAction\",\"target\":[\"https:\\\/\\\/www.iemj.org\\\/de\\\/ester-un-oratorio-de-pourim-du-compositeur-lidarti-1730-ap-1793\\\/\"]}]},{\"@type\":\"ImageObject\",\"inLanguage\":\"de\",\"@id\":\"https:\\\/\\\/www.iemj.org\\\/de\\\/ester-un-oratorio-de-pourim-du-compositeur-lidarti-1730-ap-1793\\\/#primaryimage\",\"url\":\"https:\\\/\\\/www.iemj.org\\\/wp-content\\\/uploads\\\/2021\\\/02\\\/arton5034.jpg\",\"contentUrl\":\"https:\\\/\\\/www.iemj.org\\\/wp-content\\\/uploads\\\/2021\\\/02\\\/arton5034.jpg\",\"width\":336,\"height\":339},{\"@type\":\"BreadcrumbList\",\"@id\":\"https:\\\/\\\/www.iemj.org\\\/de\\\/ester-un-oratorio-de-pourim-du-compositeur-lidarti-1730-ap-1793\\\/#breadcrumb\",\"itemListElement\":[{\"@type\":\"ListItem\",\"position\":1,\"name\":\"Accueil\",\"item\":\"https:\\\/\\\/www.iemj.org\\\/de\\\/\"},{\"@type\":\"ListItem\",\"position\":2,\"name\":\"ESTER EIN PURIM-ORATORIUM VON DEM KOMPONISTEN LIDARTI (1730 \u2013 CA. 1793)\"}]},{\"@type\":\"WebSite\",\"@id\":\"https:\\\/\\\/www.iemj.org\\\/de\\\/#website\",\"url\":\"https:\\\/\\\/www.iemj.org\\\/de\\\/\",\"name\":\"Institut Europ\u00e9en des Musiques Juives\",\"description\":\"Des traditions musicales \u00e0 la port\u00e9e de tous\",\"publisher\":{\"@id\":\"https:\\\/\\\/www.iemj.org\\\/de\\\/#organization\"},\"potentialAction\":[{\"@type\":\"SearchAction\",\"target\":{\"@type\":\"EntryPoint\",\"urlTemplate\":\"https:\\\/\\\/www.iemj.org\\\/de\\\/?s={search_term_string}\"},\"query-input\":{\"@type\":\"PropertyValueSpecification\",\"valueRequired\":true,\"valueName\":\"search_term_string\"}}],\"inLanguage\":\"de\"},{\"@type\":\"Organization\",\"@id\":\"https:\\\/\\\/www.iemj.org\\\/de\\\/#organization\",\"name\":\"Institut Europ\u00e9en des Musiques Juives\",\"url\":\"https:\\\/\\\/www.iemj.org\\\/de\\\/\",\"logo\":{\"@type\":\"ImageObject\",\"inLanguage\":\"de\",\"@id\":\"https:\\\/\\\/www.iemj.org\\\/de\\\/#\\\/schema\\\/logo\\\/image\\\/\",\"url\":\"https:\\\/\\\/www.iemj.org\\\/wp-content\\\/uploads\\\/2021\\\/09\\\/Logo-IEMJ-Paypal.jpg\",\"contentUrl\":\"https:\\\/\\\/www.iemj.org\\\/wp-content\\\/uploads\\\/2021\\\/09\\\/Logo-IEMJ-Paypal.jpg\",\"width\":150,\"height\":50,\"caption\":\"Institut Europ\u00e9en des Musiques Juives\"},\"image\":{\"@id\":\"https:\\\/\\\/www.iemj.org\\\/de\\\/#\\\/schema\\\/logo\\\/image\\\/\"},\"sameAs\":[\"https:\\\/\\\/www.facebook.com\\\/MusiquesJuives\\\/\",\"https:\\\/\\\/www.instagram.com\\\/musiquesjuives\\\/\",\"https:\\\/\\\/www.youtube.com\\\/user\\\/musiquesjuives\"]},{\"@type\":\"Person\",\"@id\":\"https:\\\/\\\/www.iemj.org\\\/de\\\/#\\\/schema\\\/person\\\/906134402c29d5c76e7b726261dd4bbd\",\"name\":\"Herv\u00e9 Roten\",\"image\":{\"@type\":\"ImageObject\",\"inLanguage\":\"de\",\"@id\":\"https:\\\/\\\/secure.gravatar.com\\\/avatar\\\/f96ad2db538a26481f18384936b5cd0610c92d390c4dc382209216d455f685ff?s=96&d=mm&r=g\",\"url\":\"https:\\\/\\\/secure.gravatar.com\\\/avatar\\\/f96ad2db538a26481f18384936b5cd0610c92d390c4dc382209216d455f685ff?s=96&d=mm&r=g\",\"contentUrl\":\"https:\\\/\\\/secure.gravatar.com\\\/avatar\\\/f96ad2db538a26481f18384936b5cd0610c92d390c4dc382209216d455f685ff?s=96&d=mm&r=g\",\"caption\":\"Herv\u00e9 Roten\"}}]}<\/script>\n<!-- \/ Yoast SEO plugin. -->","yoast_head_json":{"title":"ESTER EIN PURIM-ORATORIUM VON DEM KOMPONISTEN LIDARTI (1730 \u2013 CA. 1793) - Institut Europ\u00e9en des Musiques Juives","robots":{"index":"index","follow":"follow","max-snippet":"max-snippet:-1","max-image-preview":"max-image-preview:large","max-video-preview":"max-video-preview:-1"},"canonical":"https:\/\/www.iemj.org\/de\/ester-un-oratorio-de-pourim-du-compositeur-lidarti-1730-ap-1793\/","og_locale":"de_DE","og_type":"article","og_title":"ESTER EIN PURIM-ORATORIUM VON DEM KOMPONISTEN LIDARTI (1730 \u2013 CA. 1793) - Institut Europ\u00e9en des Musiques Juives","og_url":"https:\/\/www.iemj.org\/de\/ester-un-oratorio-de-pourim-du-compositeur-lidarti-1730-ap-1793\/","og_site_name":"Institut Europ\u00e9en des Musiques Juives","article_publisher":"https:\/\/www.facebook.com\/MusiquesJuives\/","article_published_time":"2021-02-18T13:36:08+00:00","article_modified_time":"2021-12-08T16:05:09+00:00","og_image":[{"width":336,"height":339,"url":"https:\/\/www.iemj.org\/wp-content\/uploads\/2021\/02\/arton5034.jpg","type":"image\/jpeg"}],"author":"Herv\u00e9 Roten","twitter_card":"summary_large_image","twitter_misc":{"Verfasst von":"Herv\u00e9 Roten","Gesch\u00e4tzte Lesezeit":"5\u00a0Minuten"},"schema":{"@context":"https:\/\/schema.org","@graph":[{"@type":"Article","@id":"https:\/\/www.iemj.org\/de\/ester-un-oratorio-de-pourim-du-compositeur-lidarti-1730-ap-1793\/#article","isPartOf":{"@id":"https:\/\/www.iemj.org\/de\/ester-un-oratorio-de-pourim-du-compositeur-lidarti-1730-ap-1793\/"},"author":{"name":"Herv\u00e9 Roten","@id":"https:\/\/www.iemj.org\/de\/#\/schema\/person\/906134402c29d5c76e7b726261dd4bbd"},"headline":"ESTER EIN PURIM-ORATORIUM VON DEM KOMPONISTEN LIDARTI (1730 \u2013 CA. 1793)","datePublished":"2021-02-18T13:36:08+00:00","dateModified":"2021-12-08T16:05:09+00:00","mainEntityOfPage":{"@id":"https:\/\/www.iemj.org\/de\/ester-un-oratorio-de-pourim-du-compositeur-lidarti-1730-ap-1793\/"},"wordCount":906,"publisher":{"@id":"https:\/\/www.iemj.org\/de\/#organization"},"image":{"@id":"https:\/\/www.iemj.org\/de\/ester-un-oratorio-de-pourim-du-compositeur-lidarti-1730-ap-1793\/#primaryimage"},"thumbnailUrl":"https:\/\/www.iemj.org\/wp-content\/uploads\/2021\/02\/arton5034.jpg","keywords":["Italien"],"articleSection":["Hintergrundartikel"],"inLanguage":"de"},{"@type":"WebPage","@id":"https:\/\/www.iemj.org\/de\/ester-un-oratorio-de-pourim-du-compositeur-lidarti-1730-ap-1793\/","url":"https:\/\/www.iemj.org\/de\/ester-un-oratorio-de-pourim-du-compositeur-lidarti-1730-ap-1793\/","name":"ESTER EIN PURIM-ORATORIUM VON DEM KOMPONISTEN LIDARTI (1730 \u2013 CA. 1793) - Institut Europ\u00e9en des Musiques Juives","isPartOf":{"@id":"https:\/\/www.iemj.org\/de\/#website"},"primaryImageOfPage":{"@id":"https:\/\/www.iemj.org\/de\/ester-un-oratorio-de-pourim-du-compositeur-lidarti-1730-ap-1793\/#primaryimage"},"image":{"@id":"https:\/\/www.iemj.org\/de\/ester-un-oratorio-de-pourim-du-compositeur-lidarti-1730-ap-1793\/#primaryimage"},"thumbnailUrl":"https:\/\/www.iemj.org\/wp-content\/uploads\/2021\/02\/arton5034.jpg","datePublished":"2021-02-18T13:36:08+00:00","dateModified":"2021-12-08T16:05:09+00:00","breadcrumb":{"@id":"https:\/\/www.iemj.org\/de\/ester-un-oratorio-de-pourim-du-compositeur-lidarti-1730-ap-1793\/#breadcrumb"},"inLanguage":"de","potentialAction":[{"@type":"ReadAction","target":["https:\/\/www.iemj.org\/de\/ester-un-oratorio-de-pourim-du-compositeur-lidarti-1730-ap-1793\/"]}]},{"@type":"ImageObject","inLanguage":"de","@id":"https:\/\/www.iemj.org\/de\/ester-un-oratorio-de-pourim-du-compositeur-lidarti-1730-ap-1793\/#primaryimage","url":"https:\/\/www.iemj.org\/wp-content\/uploads\/2021\/02\/arton5034.jpg","contentUrl":"https:\/\/www.iemj.org\/wp-content\/uploads\/2021\/02\/arton5034.jpg","width":336,"height":339},{"@type":"BreadcrumbList","@id":"https:\/\/www.iemj.org\/de\/ester-un-oratorio-de-pourim-du-compositeur-lidarti-1730-ap-1793\/#breadcrumb","itemListElement":[{"@type":"ListItem","position":1,"name":"Accueil","item":"https:\/\/www.iemj.org\/de\/"},{"@type":"ListItem","position":2,"name":"ESTER EIN PURIM-ORATORIUM VON DEM KOMPONISTEN LIDARTI (1730 \u2013 CA. 1793)"}]},{"@type":"WebSite","@id":"https:\/\/www.iemj.org\/de\/#website","url":"https:\/\/www.iemj.org\/de\/","name":"Institut Europ\u00e9en des Musiques Juives","description":"Des traditions musicales \u00e0 la port\u00e9e de tous","publisher":{"@id":"https:\/\/www.iemj.org\/de\/#organization"},"potentialAction":[{"@type":"SearchAction","target":{"@type":"EntryPoint","urlTemplate":"https:\/\/www.iemj.org\/de\/?s={search_term_string}"},"query-input":{"@type":"PropertyValueSpecification","valueRequired":true,"valueName":"search_term_string"}}],"inLanguage":"de"},{"@type":"Organization","@id":"https:\/\/www.iemj.org\/de\/#organization","name":"Institut Europ\u00e9en des Musiques Juives","url":"https:\/\/www.iemj.org\/de\/","logo":{"@type":"ImageObject","inLanguage":"de","@id":"https:\/\/www.iemj.org\/de\/#\/schema\/logo\/image\/","url":"https:\/\/www.iemj.org\/wp-content\/uploads\/2021\/09\/Logo-IEMJ-Paypal.jpg","contentUrl":"https:\/\/www.iemj.org\/wp-content\/uploads\/2021\/09\/Logo-IEMJ-Paypal.jpg","width":150,"height":50,"caption":"Institut Europ\u00e9en des Musiques Juives"},"image":{"@id":"https:\/\/www.iemj.org\/de\/#\/schema\/logo\/image\/"},"sameAs":["https:\/\/www.facebook.com\/MusiquesJuives\/","https:\/\/www.instagram.com\/musiquesjuives\/","https:\/\/www.youtube.com\/user\/musiquesjuives"]},{"@type":"Person","@id":"https:\/\/www.iemj.org\/de\/#\/schema\/person\/906134402c29d5c76e7b726261dd4bbd","name":"Herv\u00e9 Roten","image":{"@type":"ImageObject","inLanguage":"de","@id":"https:\/\/secure.gravatar.com\/avatar\/f96ad2db538a26481f18384936b5cd0610c92d390c4dc382209216d455f685ff?s=96&d=mm&r=g","url":"https:\/\/secure.gravatar.com\/avatar\/f96ad2db538a26481f18384936b5cd0610c92d390c4dc382209216d455f685ff?s=96&d=mm&r=g","contentUrl":"https:\/\/secure.gravatar.com\/avatar\/f96ad2db538a26481f18384936b5cd0610c92d390c4dc382209216d455f685ff?s=96&d=mm&r=g","caption":"Herv\u00e9 Roten"}}]}},"_links":{"self":[{"href":"https:\/\/www.iemj.org\/de\/wp-json\/wp\/v2\/posts\/61635","targetHints":{"allow":["GET"]}}],"collection":[{"href":"https:\/\/www.iemj.org\/de\/wp-json\/wp\/v2\/posts"}],"about":[{"href":"https:\/\/www.iemj.org\/de\/wp-json\/wp\/v2\/types\/post"}],"author":[{"embeddable":true,"href":"https:\/\/www.iemj.org\/de\/wp-json\/wp\/v2\/users\/1045"}],"replies":[{"embeddable":true,"href":"https:\/\/www.iemj.org\/de\/wp-json\/wp\/v2\/comments?post=61635"}],"version-history":[{"count":0,"href":"https:\/\/www.iemj.org\/de\/wp-json\/wp\/v2\/posts\/61635\/revisions"}],"wp:featuredmedia":[{"embeddable":true,"href":"https:\/\/www.iemj.org\/de\/wp-json\/wp\/v2\/media\/61636"}],"wp:attachment":[{"href":"https:\/\/www.iemj.org\/de\/wp-json\/wp\/v2\/media?parent=61635"}],"wp:term":[{"taxonomy":"category","embeddable":true,"href":"https:\/\/www.iemj.org\/de\/wp-json\/wp\/v2\/categories?post=61635"},{"taxonomy":"post_tag","embeddable":true,"href":"https:\/\/www.iemj.org\/de\/wp-json\/wp\/v2\/tags?post=61635"},{"taxonomy":"technique","embeddable":true,"href":"https:\/\/www.iemj.org\/de\/wp-json\/wp\/v2\/technique?post=61635"},{"taxonomy":"squelettes","embeddable":true,"href":"https:\/\/www.iemj.org\/de\/wp-json\/wp\/v2\/squelettes?post=61635"},{"taxonomy":"sujet","embeddable":true,"href":"https:\/\/www.iemj.org\/de\/wp-json\/wp\/v2\/sujet?post=61635"},{"taxonomy":"formation","embeddable":true,"href":"https:\/\/www.iemj.org\/de\/wp-json\/wp\/v2\/formation?post=61635"},{"taxonomy":"genre","embeddable":true,"href":"https:\/\/www.iemj.org\/de\/wp-json\/wp\/v2\/genre?post=61635"},{"taxonomy":"fonds","embeddable":true,"href":"https:\/\/www.iemj.org\/de\/wp-json\/wp\/v2\/fonds?post=61635"},{"taxonomy":"tradition","embeddable":true,"href":"https:\/\/www.iemj.org\/de\/wp-json\/wp\/v2\/tradition?post=61635"},{"taxonomy":"type-de-contenu","embeddable":true,"href":"https:\/\/www.iemj.org\/de\/wp-json\/wp\/v2\/type-de-contenu?post=61635"},{"taxonomy":"interprete-compositeur","embeddable":true,"href":"https:\/\/www.iemj.org\/de\/wp-json\/wp\/v2\/interprete-compositeur?post=61635"},{"taxonomy":"frise","embeddable":true,"href":"https:\/\/www.iemj.org\/de\/wp-json\/wp\/v2\/frise?post=61635"},{"taxonomy":"type-devenement","embeddable":true,"href":"https:\/\/www.iemj.org\/de\/wp-json\/wp\/v2\/type-devenement?post=61635"},{"taxonomy":"tableaux-liens-externes","embeddable":true,"href":"https:\/\/www.iemj.org\/de\/wp-json\/wp\/v2\/tableaux-liens-externes?post=61635"}],"curies":[{"name":"wp","href":"https:\/\/api.w.org\/{rel}","templated":true}]}}