{"id":62013,"date":"2013-11-18T11:46:24","date_gmt":"2013-11-18T10:46:24","guid":{"rendered":"https:\/\/www.iemj.org\/jonas-emile-1827-1905\/"},"modified":"2021-09-08T18:24:37","modified_gmt":"2021-09-08T16:24:37","slug":"jonas-emile-1827-1905","status":"publish","type":"post","link":"https:\/\/www.iemj.org\/de\/jonas-emile-1827-1905\/","title":{"rendered":"Jonas, \u00c9mile (1827-1905)"},"content":{"rendered":"<p><!--more--><\/p>\n<p>\u00c9mile Jonas wurde am 5. M\u00e4rz 1827 in Paris, als Sohn von Simon Jonas und Jeanette Pohl geboren. Im Jahr 1841, begann er im Alter von 14 Jahren, das Conservatoire von Paris zu besuchen, um dort Klavier, Harmonie (in der Klasse von F\u00e9lix Le Couppey) und Komposition (in der Klasse von Michel Carafa) zu studieren. Im Jahr 1847 gewann er den ersten Preis in Harmonie des Conservatoire und im Jahr 1849, den zweiten Prix de Rome, mit seiner Kantate <em>Antonio <\/em>[1]. Parallel zu seiner T\u00e4tigkeit als Musikdirektor der Kaisergarde (f\u00fcr welche er zahlreiche M\u00e4rsche und St\u00fccke f\u00fcr Milit\u00e4rkapellen komponierte), war er von 1847 bis 1870, als Lehrer am Conservatoire t\u00e4tig. Zun\u00e4chst unterrichtete er Musiktheorie und dann ab 1859, Komposition.<\/p>\n<p>Auf Empfehlung von Fromental Hal\u00e9vy, bot er 1851 dem Pariser Konsistorium seine Dienste, als Organist der Synagoge der Rue Notre-Dame-de-Nazareth, an. Diese bestand urspr\u00fcnglich aus einem aschkenasischen und einen sephardischen Gebetsraum. Ab 1854 war er als Organist und Chorleiter in der Synagoge des portugiesischen Ritus, in der Rue Lamartine, t\u00e4tig. Im selben Jahr ver\u00f6ffentlichte er eine Sammlung hebr\u00e4ischer Lieder (<em>Recueil des chants h\u00e9bra<\/em><em>\u00ef<\/em><em>ques anciens et modernes ex\u00e9cut\u00e9s au Temple du rite [sic] portugais de Paris<\/em>), bestehend aus 39 liturgischen St\u00fccken f\u00fcr Solisten, Chor, Orgel und Harfe, darunter 24 seiner eigenen Kompositionen. 1886 erschien eine erweiterte Ausgabe unter dem Titel <em>Chants h\u00e9bra\u00efques ex\u00e9cut\u00e9s au Temple consistoriaux et au Temple du rite portugais de Paris<\/em>, begleitet von Interpretationsempfehlungen und \u00dcbungen. Sein <em>Psaume 130,<\/em> f\u00fcr Bariton und Chor, sowie das Gebet <em>Vayehi binsoa<\/em>, welches die Entnahme der Thorarollen aus dem Thoraschrein begleitet, wurden bei der Einweihung des Tempels in der Rue de la Victoire, am 9. September 1874 aufgef\u00fchrt. Im selben Jahr ver\u00f6ffentliche er einen Band, mit 21 Kompositionen verschiedener Komponisten, f\u00fcr die in dieser Synagoge stattfindenden Hochzeiten. Im Jahr 1879 ver\u00f6ffentlichte er einen weiteren Band mit Sabbatmusik.<\/p>\n<p>Parallel zu seiner liturgischen Karriere, war er ein vielschaffender Komponist von zwanzig Opere buffe, von denen einige gro\u00dfen Erfolg hatten. Er war in den Pariser Theatern (sp\u00e4ter auch in den Theatern Frankreichs und Europas), neben den bekanntesten franz\u00f6sischen Komponisten, wie Delibes, Messager oder Offenbach der zweiten H\u00e4lfte des 19. Jahrhunderts, vertreten. Offenbach war ein Freund und Mentor von Emile Jonas und noch dazu einer der besten Librettisten seiner Zeit, der sechs seiner Werke produzierte: Die einaktigen Opere buffe: <em>La Parade<\/em> (1856), <em>Le Roi boit<\/em> (1857), <em>Les Petits Prodiges<\/em> (1857), f\u00fcr welche Offenbach mindestens zwei Nummern beisteuerte, <em>Job et son chien<\/em> (1863), <em>Le manoir des Lar\u00e9nardi\u00e8re<\/em> (1864), <em>Avant la noce<\/em> (1865) und <em>D\u00e9sir\u00e9, sire de Champigny<\/em> (1869).<\/p>\n<p>1867 wurde er Teil des Organisationskomitees, welches die Milit\u00e4rparaden f\u00fcr die unvergessliche Weltausstellung von 1867 organisierte, welche von Napoleon III. und Kaiserin Eug\u00e9nie er\u00f6ffnet wurde. Einhellig wurde er sowohl f\u00fcr seine k\u00fcnstlerischen Errungenschaften als auch f\u00fcr sein Engagement und sein Organisationstalent gesch\u00e4tzt. \u00c9mile Jonas war Mitglied in vielen Vorst\u00e4nden von Autoren- und Kompositionsgesellschaften. Er verkehrte mit Pers\u00f6nlichkeiten, wie Bizet, Gounod, Labiche, Sardou und Alexandre Dumas Junior. Er wurde erst zum Ritter, sp\u00e4ter dann zum Offizier der Ehrenlegion ernannt.<\/p>\n<p>Er starb am 21. Mai 1905 in Saint-Germaine-en-Laye und ruht seitdem auf dem Friedhof von Montparnasse in Paris. Sein Werk ist ungl\u00fccklicherweise in Vergessenheit geraten\u2026<\/p>\n<p>\u00a0<\/p>\n<h3><strong>Mehr erfahren:<\/strong><\/h3>\n<p><a href=\"https:\/\/www.iemj.org\/en\/emile-jonas-1827-1905-de-la-synagogue-portugaise-a-la-garde-imperiale-en-passant-par-loperette\/\" target=\"_blank\" rel=\"noopener\">Lesen Sie den Artikel von Jacobo Kaufmann: Emile Jonas (1827-1905), From the Portuguese Synagogue to the Operetta, and from there to the Imperial Guard<\/a><\/p>\n<p><a href=\"http:\/\/www.rachelnet.net\/F\/?func=find-c&amp;ccl_term=WRD+%3D+Jonas+AND+WRD+%3D+Emile&amp;local_base=iemcg\" target=\"_blank\" rel=\"noopener\">Greifen Sie auf unsere Archive \u00fcber Emile Jonas zu<\/a><\/p>\n<p><a href=\"https:\/\/www.iemj.org\/de\/produit\/jacques-offenbach-and-friends-from-the-synagogue-to-the-opera\/\" target=\"_blank\" rel=\"noopener\">Kaufen Sie die CD Jacques Offenbach et ses proches im IEMJ Online Shop<\/a><\/p>\n\n\n<p><\/p>\n","protected":false},"excerpt":{"rendered":"","protected":false},"author":1045,"featured_media":51940,"comment_status":"closed","ping_status":"open","sticky":false,"template":"","format":"standard","meta":{"_acf_changed":false,"footnotes":""},"categories":[1415],"tags":[],"technique":[],"squelettes":[],"sujet":[],"formation":[],"genre":[],"fonds":[],"tradition":[],"type-de-contenu":[],"interprete-compositeur":[],"frise":[],"type-devenement":[],"tableaux-liens-externes":[],"class_list":["post-62013","post","type-post","status-publish","format-standard","has-post-thumbnail","hentry","category-biografien-de"],"acf":[],"yoast_head":"<!-- This site is optimized with the Yoast SEO plugin v27.3 - https:\/\/yoast.com\/product\/yoast-seo-wordpress\/ -->\n<title>Jonas, \u00c9mile (1827-1905) - Institut Europ\u00e9en des Musiques Juives<\/title>\n<meta name=\"robots\" content=\"index, follow, max-snippet:-1, max-image-preview:large, max-video-preview:-1\" \/>\n<link rel=\"canonical\" href=\"https:\/\/www.iemj.org\/de\/jonas-emile-1827-1905\/\" \/>\n<meta property=\"og:locale\" content=\"de_DE\" \/>\n<meta property=\"og:type\" content=\"article\" \/>\n<meta property=\"og:title\" content=\"Jonas, \u00c9mile (1827-1905) - Institut Europ\u00e9en des Musiques Juives\" \/>\n<meta property=\"og:url\" content=\"https:\/\/www.iemj.org\/de\/jonas-emile-1827-1905\/\" \/>\n<meta property=\"og:site_name\" content=\"Institut Europ\u00e9en des Musiques Juives\" \/>\n<meta property=\"article:publisher\" content=\"https:\/\/www.facebook.com\/MusiquesJuives\/\" \/>\n<meta property=\"article:published_time\" content=\"2013-11-18T10:46:24+00:00\" \/>\n<meta property=\"article:modified_time\" content=\"2021-09-08T16:24:37+00:00\" \/>\n<meta property=\"og:image\" content=\"https:\/\/www.iemj.org\/wp-content\/uploads\/2013\/11\/arton794-e1625045537837.jpg\" \/>\n\t<meta property=\"og:image:width\" content=\"143\" \/>\n\t<meta property=\"og:image:height\" content=\"218\" \/>\n\t<meta property=\"og:image:type\" content=\"image\/jpeg\" \/>\n<meta name=\"author\" content=\"Herv\u00e9 Roten\" \/>\n<meta name=\"twitter:card\" content=\"summary_large_image\" \/>\n<meta name=\"twitter:label1\" content=\"Verfasst von\" \/>\n\t<meta name=\"twitter:data1\" content=\"Herv\u00e9 Roten\" \/>\n\t<meta name=\"twitter:label2\" content=\"Gesch\u00e4tzte Lesezeit\" \/>\n\t<meta name=\"twitter:data2\" content=\"3\u00a0Minuten\" \/>\n<script type=\"application\/ld+json\" class=\"yoast-schema-graph\">{\"@context\":\"https:\\\/\\\/schema.org\",\"@graph\":[{\"@type\":\"Article\",\"@id\":\"https:\\\/\\\/www.iemj.org\\\/de\\\/jonas-emile-1827-1905\\\/#article\",\"isPartOf\":{\"@id\":\"https:\\\/\\\/www.iemj.org\\\/de\\\/jonas-emile-1827-1905\\\/\"},\"author\":{\"name\":\"Herv\u00e9 Roten\",\"@id\":\"https:\\\/\\\/www.iemj.org\\\/de\\\/#\\\/schema\\\/person\\\/906134402c29d5c76e7b726261dd4bbd\"},\"headline\":\"Jonas, \u00c9mile (1827-1905)\",\"datePublished\":\"2013-11-18T10:46:24+00:00\",\"dateModified\":\"2021-09-08T16:24:37+00:00\",\"mainEntityOfPage\":{\"@id\":\"https:\\\/\\\/www.iemj.org\\\/de\\\/jonas-emile-1827-1905\\\/\"},\"wordCount\":592,\"publisher\":{\"@id\":\"https:\\\/\\\/www.iemj.org\\\/de\\\/#organization\"},\"image\":{\"@id\":\"https:\\\/\\\/www.iemj.org\\\/de\\\/jonas-emile-1827-1905\\\/#primaryimage\"},\"thumbnailUrl\":\"https:\\\/\\\/www.iemj.org\\\/wp-content\\\/uploads\\\/2013\\\/11\\\/arton794-e1625045537837.jpg\",\"articleSection\":[\"Biografien\"],\"inLanguage\":\"de\"},{\"@type\":\"WebPage\",\"@id\":\"https:\\\/\\\/www.iemj.org\\\/de\\\/jonas-emile-1827-1905\\\/\",\"url\":\"https:\\\/\\\/www.iemj.org\\\/de\\\/jonas-emile-1827-1905\\\/\",\"name\":\"Jonas, \u00c9mile (1827-1905) - Institut Europ\u00e9en des Musiques Juives\",\"isPartOf\":{\"@id\":\"https:\\\/\\\/www.iemj.org\\\/de\\\/#website\"},\"primaryImageOfPage\":{\"@id\":\"https:\\\/\\\/www.iemj.org\\\/de\\\/jonas-emile-1827-1905\\\/#primaryimage\"},\"image\":{\"@id\":\"https:\\\/\\\/www.iemj.org\\\/de\\\/jonas-emile-1827-1905\\\/#primaryimage\"},\"thumbnailUrl\":\"https:\\\/\\\/www.iemj.org\\\/wp-content\\\/uploads\\\/2013\\\/11\\\/arton794-e1625045537837.jpg\",\"datePublished\":\"2013-11-18T10:46:24+00:00\",\"dateModified\":\"2021-09-08T16:24:37+00:00\",\"breadcrumb\":{\"@id\":\"https:\\\/\\\/www.iemj.org\\\/de\\\/jonas-emile-1827-1905\\\/#breadcrumb\"},\"inLanguage\":\"de\",\"potentialAction\":[{\"@type\":\"ReadAction\",\"target\":[\"https:\\\/\\\/www.iemj.org\\\/de\\\/jonas-emile-1827-1905\\\/\"]}]},{\"@type\":\"ImageObject\",\"inLanguage\":\"de\",\"@id\":\"https:\\\/\\\/www.iemj.org\\\/de\\\/jonas-emile-1827-1905\\\/#primaryimage\",\"url\":\"https:\\\/\\\/www.iemj.org\\\/wp-content\\\/uploads\\\/2013\\\/11\\\/arton794-e1625045537837.jpg\",\"contentUrl\":\"https:\\\/\\\/www.iemj.org\\\/wp-content\\\/uploads\\\/2013\\\/11\\\/arton794-e1625045537837.jpg\",\"width\":143,\"height\":218},{\"@type\":\"BreadcrumbList\",\"@id\":\"https:\\\/\\\/www.iemj.org\\\/de\\\/jonas-emile-1827-1905\\\/#breadcrumb\",\"itemListElement\":[{\"@type\":\"ListItem\",\"position\":1,\"name\":\"Accueil\",\"item\":\"https:\\\/\\\/www.iemj.org\\\/de\\\/\"},{\"@type\":\"ListItem\",\"position\":2,\"name\":\"Jonas, \u00c9mile (1827-1905)\"}]},{\"@type\":\"WebSite\",\"@id\":\"https:\\\/\\\/www.iemj.org\\\/de\\\/#website\",\"url\":\"https:\\\/\\\/www.iemj.org\\\/de\\\/\",\"name\":\"Institut Europ\u00e9en des Musiques Juives\",\"description\":\"Des traditions musicales \u00e0 la port\u00e9e de tous\",\"publisher\":{\"@id\":\"https:\\\/\\\/www.iemj.org\\\/de\\\/#organization\"},\"potentialAction\":[{\"@type\":\"SearchAction\",\"target\":{\"@type\":\"EntryPoint\",\"urlTemplate\":\"https:\\\/\\\/www.iemj.org\\\/de\\\/?s={search_term_string}\"},\"query-input\":{\"@type\":\"PropertyValueSpecification\",\"valueRequired\":true,\"valueName\":\"search_term_string\"}}],\"inLanguage\":\"de\"},{\"@type\":\"Organization\",\"@id\":\"https:\\\/\\\/www.iemj.org\\\/de\\\/#organization\",\"name\":\"Institut Europ\u00e9en des Musiques Juives\",\"url\":\"https:\\\/\\\/www.iemj.org\\\/de\\\/\",\"logo\":{\"@type\":\"ImageObject\",\"inLanguage\":\"de\",\"@id\":\"https:\\\/\\\/www.iemj.org\\\/de\\\/#\\\/schema\\\/logo\\\/image\\\/\",\"url\":\"https:\\\/\\\/www.iemj.org\\\/wp-content\\\/uploads\\\/2021\\\/09\\\/Logo-IEMJ-Paypal.jpg\",\"contentUrl\":\"https:\\\/\\\/www.iemj.org\\\/wp-content\\\/uploads\\\/2021\\\/09\\\/Logo-IEMJ-Paypal.jpg\",\"width\":150,\"height\":50,\"caption\":\"Institut Europ\u00e9en des Musiques Juives\"},\"image\":{\"@id\":\"https:\\\/\\\/www.iemj.org\\\/de\\\/#\\\/schema\\\/logo\\\/image\\\/\"},\"sameAs\":[\"https:\\\/\\\/www.facebook.com\\\/MusiquesJuives\\\/\",\"https:\\\/\\\/www.instagram.com\\\/musiquesjuives\\\/\",\"https:\\\/\\\/www.youtube.com\\\/user\\\/musiquesjuives\"]},{\"@type\":\"Person\",\"@id\":\"https:\\\/\\\/www.iemj.org\\\/de\\\/#\\\/schema\\\/person\\\/906134402c29d5c76e7b726261dd4bbd\",\"name\":\"Herv\u00e9 Roten\",\"image\":{\"@type\":\"ImageObject\",\"inLanguage\":\"de\",\"@id\":\"https:\\\/\\\/secure.gravatar.com\\\/avatar\\\/f96ad2db538a26481f18384936b5cd0610c92d390c4dc382209216d455f685ff?s=96&d=mm&r=g\",\"url\":\"https:\\\/\\\/secure.gravatar.com\\\/avatar\\\/f96ad2db538a26481f18384936b5cd0610c92d390c4dc382209216d455f685ff?s=96&d=mm&r=g\",\"contentUrl\":\"https:\\\/\\\/secure.gravatar.com\\\/avatar\\\/f96ad2db538a26481f18384936b5cd0610c92d390c4dc382209216d455f685ff?s=96&d=mm&r=g\",\"caption\":\"Herv\u00e9 Roten\"}}]}<\/script>\n<!-- \/ Yoast SEO plugin. -->","yoast_head_json":{"title":"Jonas, \u00c9mile (1827-1905) - Institut Europ\u00e9en des Musiques Juives","robots":{"index":"index","follow":"follow","max-snippet":"max-snippet:-1","max-image-preview":"max-image-preview:large","max-video-preview":"max-video-preview:-1"},"canonical":"https:\/\/www.iemj.org\/de\/jonas-emile-1827-1905\/","og_locale":"de_DE","og_type":"article","og_title":"Jonas, \u00c9mile (1827-1905) - Institut Europ\u00e9en des Musiques Juives","og_url":"https:\/\/www.iemj.org\/de\/jonas-emile-1827-1905\/","og_site_name":"Institut Europ\u00e9en des Musiques Juives","article_publisher":"https:\/\/www.facebook.com\/MusiquesJuives\/","article_published_time":"2013-11-18T10:46:24+00:00","article_modified_time":"2021-09-08T16:24:37+00:00","og_image":[{"width":143,"height":218,"url":"https:\/\/www.iemj.org\/wp-content\/uploads\/2013\/11\/arton794-e1625045537837.jpg","type":"image\/jpeg"}],"author":"Herv\u00e9 Roten","twitter_card":"summary_large_image","twitter_misc":{"Verfasst von":"Herv\u00e9 Roten","Gesch\u00e4tzte Lesezeit":"3\u00a0Minuten"},"schema":{"@context":"https:\/\/schema.org","@graph":[{"@type":"Article","@id":"https:\/\/www.iemj.org\/de\/jonas-emile-1827-1905\/#article","isPartOf":{"@id":"https:\/\/www.iemj.org\/de\/jonas-emile-1827-1905\/"},"author":{"name":"Herv\u00e9 Roten","@id":"https:\/\/www.iemj.org\/de\/#\/schema\/person\/906134402c29d5c76e7b726261dd4bbd"},"headline":"Jonas, \u00c9mile (1827-1905)","datePublished":"2013-11-18T10:46:24+00:00","dateModified":"2021-09-08T16:24:37+00:00","mainEntityOfPage":{"@id":"https:\/\/www.iemj.org\/de\/jonas-emile-1827-1905\/"},"wordCount":592,"publisher":{"@id":"https:\/\/www.iemj.org\/de\/#organization"},"image":{"@id":"https:\/\/www.iemj.org\/de\/jonas-emile-1827-1905\/#primaryimage"},"thumbnailUrl":"https:\/\/www.iemj.org\/wp-content\/uploads\/2013\/11\/arton794-e1625045537837.jpg","articleSection":["Biografien"],"inLanguage":"de"},{"@type":"WebPage","@id":"https:\/\/www.iemj.org\/de\/jonas-emile-1827-1905\/","url":"https:\/\/www.iemj.org\/de\/jonas-emile-1827-1905\/","name":"Jonas, \u00c9mile (1827-1905) - Institut Europ\u00e9en des Musiques Juives","isPartOf":{"@id":"https:\/\/www.iemj.org\/de\/#website"},"primaryImageOfPage":{"@id":"https:\/\/www.iemj.org\/de\/jonas-emile-1827-1905\/#primaryimage"},"image":{"@id":"https:\/\/www.iemj.org\/de\/jonas-emile-1827-1905\/#primaryimage"},"thumbnailUrl":"https:\/\/www.iemj.org\/wp-content\/uploads\/2013\/11\/arton794-e1625045537837.jpg","datePublished":"2013-11-18T10:46:24+00:00","dateModified":"2021-09-08T16:24:37+00:00","breadcrumb":{"@id":"https:\/\/www.iemj.org\/de\/jonas-emile-1827-1905\/#breadcrumb"},"inLanguage":"de","potentialAction":[{"@type":"ReadAction","target":["https:\/\/www.iemj.org\/de\/jonas-emile-1827-1905\/"]}]},{"@type":"ImageObject","inLanguage":"de","@id":"https:\/\/www.iemj.org\/de\/jonas-emile-1827-1905\/#primaryimage","url":"https:\/\/www.iemj.org\/wp-content\/uploads\/2013\/11\/arton794-e1625045537837.jpg","contentUrl":"https:\/\/www.iemj.org\/wp-content\/uploads\/2013\/11\/arton794-e1625045537837.jpg","width":143,"height":218},{"@type":"BreadcrumbList","@id":"https:\/\/www.iemj.org\/de\/jonas-emile-1827-1905\/#breadcrumb","itemListElement":[{"@type":"ListItem","position":1,"name":"Accueil","item":"https:\/\/www.iemj.org\/de\/"},{"@type":"ListItem","position":2,"name":"Jonas, \u00c9mile (1827-1905)"}]},{"@type":"WebSite","@id":"https:\/\/www.iemj.org\/de\/#website","url":"https:\/\/www.iemj.org\/de\/","name":"Institut Europ\u00e9en des Musiques Juives","description":"Des traditions musicales \u00e0 la port\u00e9e de tous","publisher":{"@id":"https:\/\/www.iemj.org\/de\/#organization"},"potentialAction":[{"@type":"SearchAction","target":{"@type":"EntryPoint","urlTemplate":"https:\/\/www.iemj.org\/de\/?s={search_term_string}"},"query-input":{"@type":"PropertyValueSpecification","valueRequired":true,"valueName":"search_term_string"}}],"inLanguage":"de"},{"@type":"Organization","@id":"https:\/\/www.iemj.org\/de\/#organization","name":"Institut Europ\u00e9en des Musiques Juives","url":"https:\/\/www.iemj.org\/de\/","logo":{"@type":"ImageObject","inLanguage":"de","@id":"https:\/\/www.iemj.org\/de\/#\/schema\/logo\/image\/","url":"https:\/\/www.iemj.org\/wp-content\/uploads\/2021\/09\/Logo-IEMJ-Paypal.jpg","contentUrl":"https:\/\/www.iemj.org\/wp-content\/uploads\/2021\/09\/Logo-IEMJ-Paypal.jpg","width":150,"height":50,"caption":"Institut Europ\u00e9en des Musiques Juives"},"image":{"@id":"https:\/\/www.iemj.org\/de\/#\/schema\/logo\/image\/"},"sameAs":["https:\/\/www.facebook.com\/MusiquesJuives\/","https:\/\/www.instagram.com\/musiquesjuives\/","https:\/\/www.youtube.com\/user\/musiquesjuives"]},{"@type":"Person","@id":"https:\/\/www.iemj.org\/de\/#\/schema\/person\/906134402c29d5c76e7b726261dd4bbd","name":"Herv\u00e9 Roten","image":{"@type":"ImageObject","inLanguage":"de","@id":"https:\/\/secure.gravatar.com\/avatar\/f96ad2db538a26481f18384936b5cd0610c92d390c4dc382209216d455f685ff?s=96&d=mm&r=g","url":"https:\/\/secure.gravatar.com\/avatar\/f96ad2db538a26481f18384936b5cd0610c92d390c4dc382209216d455f685ff?s=96&d=mm&r=g","contentUrl":"https:\/\/secure.gravatar.com\/avatar\/f96ad2db538a26481f18384936b5cd0610c92d390c4dc382209216d455f685ff?s=96&d=mm&r=g","caption":"Herv\u00e9 Roten"}}]}},"_links":{"self":[{"href":"https:\/\/www.iemj.org\/de\/wp-json\/wp\/v2\/posts\/62013","targetHints":{"allow":["GET"]}}],"collection":[{"href":"https:\/\/www.iemj.org\/de\/wp-json\/wp\/v2\/posts"}],"about":[{"href":"https:\/\/www.iemj.org\/de\/wp-json\/wp\/v2\/types\/post"}],"author":[{"embeddable":true,"href":"https:\/\/www.iemj.org\/de\/wp-json\/wp\/v2\/users\/1045"}],"replies":[{"embeddable":true,"href":"https:\/\/www.iemj.org\/de\/wp-json\/wp\/v2\/comments?post=62013"}],"version-history":[{"count":0,"href":"https:\/\/www.iemj.org\/de\/wp-json\/wp\/v2\/posts\/62013\/revisions"}],"wp:featuredmedia":[{"embeddable":true,"href":"https:\/\/www.iemj.org\/de\/wp-json\/wp\/v2\/media\/51940"}],"wp:attachment":[{"href":"https:\/\/www.iemj.org\/de\/wp-json\/wp\/v2\/media?parent=62013"}],"wp:term":[{"taxonomy":"category","embeddable":true,"href":"https:\/\/www.iemj.org\/de\/wp-json\/wp\/v2\/categories?post=62013"},{"taxonomy":"post_tag","embeddable":true,"href":"https:\/\/www.iemj.org\/de\/wp-json\/wp\/v2\/tags?post=62013"},{"taxonomy":"technique","embeddable":true,"href":"https:\/\/www.iemj.org\/de\/wp-json\/wp\/v2\/technique?post=62013"},{"taxonomy":"squelettes","embeddable":true,"href":"https:\/\/www.iemj.org\/de\/wp-json\/wp\/v2\/squelettes?post=62013"},{"taxonomy":"sujet","embeddable":true,"href":"https:\/\/www.iemj.org\/de\/wp-json\/wp\/v2\/sujet?post=62013"},{"taxonomy":"formation","embeddable":true,"href":"https:\/\/www.iemj.org\/de\/wp-json\/wp\/v2\/formation?post=62013"},{"taxonomy":"genre","embeddable":true,"href":"https:\/\/www.iemj.org\/de\/wp-json\/wp\/v2\/genre?post=62013"},{"taxonomy":"fonds","embeddable":true,"href":"https:\/\/www.iemj.org\/de\/wp-json\/wp\/v2\/fonds?post=62013"},{"taxonomy":"tradition","embeddable":true,"href":"https:\/\/www.iemj.org\/de\/wp-json\/wp\/v2\/tradition?post=62013"},{"taxonomy":"type-de-contenu","embeddable":true,"href":"https:\/\/www.iemj.org\/de\/wp-json\/wp\/v2\/type-de-contenu?post=62013"},{"taxonomy":"interprete-compositeur","embeddable":true,"href":"https:\/\/www.iemj.org\/de\/wp-json\/wp\/v2\/interprete-compositeur?post=62013"},{"taxonomy":"frise","embeddable":true,"href":"https:\/\/www.iemj.org\/de\/wp-json\/wp\/v2\/frise?post=62013"},{"taxonomy":"type-devenement","embeddable":true,"href":"https:\/\/www.iemj.org\/de\/wp-json\/wp\/v2\/type-devenement?post=62013"},{"taxonomy":"tableaux-liens-externes","embeddable":true,"href":"https:\/\/www.iemj.org\/de\/wp-json\/wp\/v2\/tableaux-liens-externes?post=62013"}],"curies":[{"name":"wp","href":"https:\/\/api.w.org\/{rel}","templated":true}]}}