{"id":62136,"date":"2020-04-26T12:52:21","date_gmt":"2020-04-26T10:52:21","guid":{"rendered":"https:\/\/www.iemj.org\/levy-solly-1939-2020\/"},"modified":"2025-11-07T10:32:53","modified_gmt":"2025-11-07T09:32:53","slug":"levy-solly-1939-2020","status":"publish","type":"post","link":"https:\/\/www.iemj.org\/de\/levy-solly-1939-2020\/","title":{"rendered":"L\u00e9vy, Solly (1939-2020)"},"content":{"rendered":"<p><strong>Hommage von <a href=\"https:\/\/www.judithcohen.ca\/\" target=\"_blank\" rel=\"noopener\">Judith Cohen<\/a><\/strong><\/p>\n<p>Solly L\u00e9vy wurde am 1. November 1939 in Tanger (Marokko) geboren. 1968 wanderte er mit seiner Frau Madeleine und ihren beiden Kindern Claire und Eddy nach Kanada aus. Nach seiner Ankunft in Montreal, fand Solly L\u00e9vy seinen Platz in der sephardischen Gemeinschaft. Er war Lehrer an den Schulen der Alliance Isra\u00e9lite Universelle in Marokko und setzte seine Arbeit als Lehrer an einer Montrealer High School, \u00fcber rund drei\u00dfig Jahre hinweg fort. Nach seiner Pensionierung, zogen Solly und Madleine nach Toronto, wo Solly weiterhin eine wichtige Rolle innerhalb der sephardischen Gemeinschaft spielte und gleichzeitig neue Projekte ins Leben rief.<\/p>\n<figure style=\"width: 296px\" class=\"wp-caption alignright\"><a href=\"https:\/\/www.iemj.org\/wp-content\/uploads\/2020\/04\/1.gerineldo_orosollykellyjudith_ca1982photobyrobertadamsmontreal_redim_300px_horiz.jpg\"><img fetchpriority=\"high\" decoding=\"async\" src=\"https:\/\/www.iemj.org\/wp-content\/uploads\/2020\/04\/1.gerineldo_orosollykellyjudith_ca1982photobyrobertadamsmontreal_redim_300px_horiz.jpg\" alt=\"1.gerineldo_orosollykellyjudith_ca1982photobyrobertadamsmontreal_redim_300px_horiz.jpg\" width=\"296\" height=\"200\" align=\"right\" data-description=\"&quot;&lt;strong\" \/><\/a><figcaption class=\"wp-caption-text\"><strong>Oro, Solly, Kelly &amp; Judith ca 1982, Montreal<\/strong><\/figcaption><\/figure>\n<p>Als ich Solly vor vierzig Jahren kennen lernte, hatte ich gerade meine Doktorarbeit, an der Universit\u00e4t von Montreal, \u00fcber sephardische Musik in Kanada, begonnen. Der bekannte Professor Samuel Armistead (1927-2013), hatte mich mit seiner ehemaligen Studentin, Professor Oro Anahory-Librozicz, einer Spezialistin der marokkanischen jud\u00e4o-spanischen Romanze, bekannt gemacht. Oro war eine Sch\u00fclerin von Sully in Marokko gewesen, an der Schule der Alliance Isra\u00e9lite Universelle in T\u00e9touan. Sie wollte ein Ensemble gr\u00fcnden, welches jud\u00e4o-spanische Lieder aus Marokko interpretierte. Solly, der den <a href=\"http:\/\/csuq.org\/decouvrez-nous\/chorale-kinor\/\">sephardischen Chorale Kinor<\/a> leitete, lud die Solistin Kelly (Raquel) Sutan Amar ein, sich ihnen anzuschlie\u00dfen. Doch Oro war auf der Suche nach einem vierten spanischsprachigen Mitglied, welches au\u00dferdem auch traditionelle Instrumente spielen und dazu singen konnte. So kam es, dass eines sch\u00f6nen Morgens des Jahres 1980, Oro und Sully an die T\u00fcr meiner kleinen und etwas boh\u00e8men Wohnung klopfte, die im alten Viertel \u201eMile End\u201c gelegen war; das war das erste Treffen der Gruppe, welche sich sp\u00e4ter \u201eGerineldo\u201c nennen sollte. Anschlie\u00dfend stie\u00df noch der Geiger, Oud-Spieler und Perkussionist Charly Edry zur Gruppe.<\/p>\n<figure id=\"attachment_28362\" aria-describedby=\"caption-attachment-28362\" style=\"width: 200px\" class=\"wp-caption alignleft\"><a href=\"https:\/\/www.iemj.org\/wp-content\/uploads\/2020\/04\/2.gerineldo_mariposafolkfestivaltoronto_ca1984_0002_redim_300px_vertic-2.jpg\"><img decoding=\"async\" class=\"wp-image-28362\" src=\"https:\/\/www.iemj.org\/wp-content\/uploads\/2020\/04\/2.gerineldo_mariposafolkfestivaltoronto_ca1984_0002_redim_300px_vertic-2.jpg\" alt=\"2.gerineldo_mariposafolkfestivaltoronto_ca1984_0002_redim_300px_vertic-2.jpg\" width=\"200\" height=\"260\" \/><\/a><figcaption id=\"caption-attachment-28362\" class=\"wp-caption-text\"><strong>Gerineldo &#8211; Mariposa Folk Festival Toronto, ca 1984 <\/strong><\/figcaption><\/figure>\n<p>Mit Gerinaldo sangen, \u00fcbten und reisten wir: nach Spanien, in die Vereinigte Staaten und nach Israel. Solly sang auf der B\u00fchne, nat\u00fcrlich verspr\u00fchte er dabei seine legend\u00e4re Anziehungskraft und er schuf auch St\u00fccke in Haketia, dem marokkanischen Jud\u00e4o-Spanisch, das weit weniger bekannt ist als das osmanische Jud\u00e4o-Spanisch, das heute oft \u201eLadino\u201c genannt wird. Er dirigierte diese St\u00fccke, spielte dabei mehrere Rollen und brachte uns die Ausdr\u00fccke und die Aussprache der Haketia bei, welche ihm so sehr am Herzen lag. Stets kam er auf neue erstaunliche Ideen und hat mir in Bezug auf verschiedene Aspekte meiner Doktorarbeit, sehr geholfen. Solly lehrte uns viel und brachte uns auch zum Lachen \u2013 ich erinnere mich an Momente, in denen wir, die drei Frauen von Gerinaldo, den Kopf sch\u00fcttelten und l\u00e4chelten: \u201eDas ist eben Sollys k\u00fcnstlerisches Wesen\u201c.<\/p>\n<figure style=\"width: 200px\" class=\"wp-caption alignright\"><a href=\"https:\/\/www.iemj.org\/wp-content\/uploads\/2020\/04\/3.gerineldocordoba1992_redim_300px_vertic.jpg\"><img decoding=\"async\" src=\"https:\/\/www.iemj.org\/wp-content\/uploads\/2020\/04\/3.gerineldocordoba1992_redim_300px_vertic.jpg\" alt=\"3.gerineldocordoba1992_redim_300px_vertic.jpg\" width=\"200\" height=\"217\" align=\"right\" data-description=\"&quot;&lt;strong\" \/><\/a><figcaption class=\"wp-caption-text\"><strong>Gerineldo &#8211; Cordoba, 1992<\/strong><\/figcaption><\/figure>\n<p>In seinen musikalischen Theaterst\u00fccken erfand Solly Figuren, die uns \u00e4hnelten. Er selbst war nat\u00fcrlich Selomo, der Patriarch der Familie, welche im Marokko des beginnenden 20. Jahrhunderts angesiedelt war. Wir waren unsere eigenen Vorfahren: &#8222;los de embasho&#8220; (die von unten), &#8222;Los mizhores entre mozotros&#8220; (die Besten unter uns).\u00a0 Solly spielte auch die Rolle des \u201emodernen\u201c spanischen Arztes und des marokkanischen Kindes, das allen Familien des Viertels Dafina, ein Sabbatgericht, brachte. Oro hatte zwei Rollen: Maknin; die alte Gro\u00dfmutter, die ein traditionelles Leben lebte und der Enkel, der mit Selomo seine Bar-Mitsva vorbereitete. Unsere sch\u00f6ne Kelly, welche in Melilla geboren wurde und die ihren andalusischen Akzent nie verloren hatte, war Tsipora; die Schwiegertochter \u2013 mit ihrem andalusischen Akzent, den sie der Haketia vorzog. Und ich? Aschkenasisch, geboren in Montreal, englischsprachig, Musikethnologin, was k\u00f6nnte ich f\u00fcr eine Person darstellen? Zur damaligen Zeit hatte ich f\u00fcr meine Forschungsarbeit gerade Bouena Sarfatty Garfinkle<span class=\"footnote_referrer\"><a role=\"button\" tabindex=\"0\" onclick=\"footnote_moveToReference_62136_1('footnote_plugin_reference_62136_1_1');\" onkeypress=\"footnote_moveToReference_62136_1('footnote_plugin_reference_62136_1_1');\" ><sup id=\"footnote_plugin_tooltip_62136_1_1\" class=\"footnote_plugin_tooltip_text\">[1]<\/sup><\/a><span id=\"footnote_plugin_tooltip_text_62136_1_1\" class=\"footnote_tooltip\">Bouena Sarfatty Garfinkle (1916-1997) wurde in Saloniki geboren und war eine griechische Partisanin w\u00e4hrend des Zweiten Weltkriegs.\u00a0 Ihre Memoiren und Sammlungen von Liedern, Sprichw\u00f6rtern und&nbsp;&#x2026; <span class=\"footnote_tooltip_continue\"  onclick=\"footnote_moveToReference_62136_1('footnote_plugin_reference_62136_1_1');\">Lire la suite<\/span><\/span><\/span><script type=\"text\/javascript\"> jQuery('#footnote_plugin_tooltip_62136_1_1').tooltip({ tip: '#footnote_plugin_tooltip_text_62136_1_1', tipClass: 'footnote_tooltip', effect: 'fade', predelay: 0, fadeInSpeed: 200, delay: 400, fadeOutSpeed: 200, position: 'top center', relative: true, offset: [-7, 0], });<\/script> aufgenommen, die mir vorgesungen hatte und mir von ihrem Leben vor und w\u00e4hrend des Holocaust erz\u00e4hlt hat. So erfand Solly \u201edie Tia Palomba, eine Witwe aus Saloniki, die orientalisches Jud\u00e4o-Spanisch sprach und die mit Nachdruck behauptete, dass die Lieder, die Gerichte und die Sitten von \u201eSelanik\u201c besser seien als die von Marokko.<\/p>\n<p>Solly engagierte sich voller Hingabe f\u00fcr seine Familie, seine Gemeinschaft, seine Kultur. Madeleine reiste oft mit uns; und ihre Tochter Claire half uns oft bei den Vorbereitungen hinter den Kulissen. Einige von Ihnen haben das Radiointerview geh\u00f6rt, das Herv\u00e9 Roten mit meiner Tochter <a href=\"https:\/\/www.iemj.org\/en\/tamar-ilana-the-sefardi-judy-garland\/\" target=\"_blank\" rel=\"noopener\">Tamar Ilana<\/a> gef\u00fchrt hat; nun, ihr allererster \u201eAuftritt\u201c war eine kurze Aufnahme ihres Weines, als sie zwei oder drei Monate alt war. Solly hatte mich um diese Aufnahme f\u00fcr die Geburtsszene des Babys in dem ersten St\u00fcck gebeten, welches er f\u00fcr Gerinaldo auf die Beine stellte: <em>Ya Hasr\u00e1, que tiempos aquellos <\/em>[So wird es in jenen Tagen sein] Tamar war bei fast jeder Probe dabei und begann im Alter von f\u00fcnf Jahren, mit uns zu singen. Von Zeit zu Zeit spielten zwei von Oros Nichten Rollen und auch Kellys Ehemann und ihre S\u00f6hne verpassen nie eine Auff\u00fchrung in Montreal: Gerinaldo war wirklich eine Familie.<\/p>\n<p>Nach der Pensionierung im Jahr 2000, zogen Solly und Madleine nach Toronto, um n\u00e4her bei ihren S\u00f6hnen und Enkeln zu sein. Doch f\u00fcr Sully bedeutete der \u201eRuhestand\u201c nat\u00fcrlich, ohne zu z\u00f6gern, eine wichtige Rolle in seiner sephardischen Gemeinschaft zu \u00fcbernehmen und eine Reihe neuer k\u00fcnstlerischer Projekte zu starten. Einerseits sammelte er traditionelle Pijjutim aus Nordmarokko; gleichzeitig schuf er seine mehrsprachigen &#8222;Sollyloquies&#8220;\/&#8220;Sollyloquios&#8220;, welche uns zum Lachen brachten und \u201eJizzofrenia\u201c, seine \u201eOne-man-Shows\u201c \u2013 ein Name, der auf einem Wortspiel des jud\u00e4o-spanischen Worts \u201ekhiz\u201c basiert, was \u201eKarotte\u201c bedeutet.<\/p>\n<figure id=\"attachment_28308\" aria-describedby=\"caption-attachment-28308\" style=\"width: 278px\" class=\"wp-caption alignleft\"><a href=\"https:\/\/www.iemj.org\/wp-content\/uploads\/2020\/04\/4.gerineldo_3generatns_j.o.s.tamar_.matantoronto2014.photom.pothen_redim_300px_vertic.jpg\"><img loading=\"lazy\" decoding=\"async\" class=\"wp-image-28308\" src=\"https:\/\/www.iemj.org\/wp-content\/uploads\/2020\/04\/4.gerineldo_3generatns_j.o.s.tamar_.matantoronto2014.photom.pothen_redim_300px_vertic.jpg\" alt=\"Gerinedo, trois g\u00e9n\u00e9rations\" width=\"278\" height=\"176\" \/><\/a><figcaption id=\"caption-attachment-28308\" class=\"wp-caption-text\"><strong>Gerineldo, 3 generations &#8211; Toronto, 2014 Judith, Oro, Solly, Tamar &amp; Matan<\/strong><\/figcaption><\/figure>\n<p>Zwischen seinen vielen anderen Projekten, f\u00fcr welche er zahlreiche Ehrenpreise erhalten hat, \u00fcbersetzte \u2013 und adaptierte &#8211; er Ausz\u00fcge aus Moli\u00e8re ins marokkanische Jud\u00e4o-Arabisch\/Quebecer Franz\u00f6sisch\/Haketien. Aus \u201eLe Bourgeois Gentilhomme\u201c wurde so beispielsweise \u201eLe Boujadi Gentilhomme\u201c. Er adaptierte auch \u201ePygmalion\u201c von Georges Bernard Shaw, mit allen Liedern. Er dirigierte auch Klassiker des Quebecer Theaters und baute Br\u00fccken zwischen den j\u00fcdischen und katholischen Gemeinschaften in Quebec. Ich erinnere mich noch daran, wie ich an einer Probe seiner Adaptation von \u201eWest Side Story\u201c f\u00fcr das franz\u00f6sisch-\/englischsprachige Umfeld Montreals teilnahm: Jeder Student musste eine Hauptrolle, eine Nebenrolle und eine technische Rolle lernen, um alle Aspekte des Theaters kennenzulernen. In den Jahren 2014 und 2015 trat Gerineldo bei einigen, wenigen Gelegenheiten auf. Solly sang bei Konzerten in Paris, f\u00fcr die marokkanische j\u00fcdische Gemeinschaft und sp\u00e4ter in Toronto in der Alliance Fran\u00e7aise. Bei letzterem Auftritt in Toronto standen drei Generationen auf der B\u00fchne: Tamar hatte bereits Kellys Platz eingenommen, die nicht verf\u00fcgbar war und Matan Boker, Sollys Enkel, bereicherte durch seine sch\u00f6ne Stimme die Pijjutim, welche ihm sein geliebter Gro\u00dfvater beigebracht hat. Doch handelte es sich hierbei um Sollys letztes Konzert. Seine gesundheitlichen Probleme hinderten ihn daran, mit uns beim Sefarad Festival von Montreal aufzutreten, welches er Jahrzehnte zuvor mitbegr\u00fcndet hatte; auch am in Paris stattfindenden Festival des Musiques Juives konnte er nicht mehr teilnehmen. Seine lange und unerbittliche Krankheit hinderte ihn an dem, was er so sehr liebte, doch konnte nie seine Beziehung zu seiner Gemeinschaft, welche alles f\u00fcr ihn und seine Familie getan hat, unterbrechen; ganz zu schweigen von der tiefen Liebe, die er zu allen Zeiten mit Madeleine, ihren S\u00f6hnen und Enkeln teilte.<\/p>\n<p>Solly L\u00e9vy verlie\u00df uns am 10. Mai 2020, w\u00e4hrend dem Pessach-Fest\u2026<\/p>\n<p><a href=\"https:\/\/www.iemj.org\/de\/gerineldo\/\" target=\"_blank\" rel=\"noopener\">Lesen Sie den Artikel \u00fcber Gerineldo und h\u00f6ren sie sich die enthaltene Playlist an<\/a><br \/>\n<a href=\"https:\/\/www.cjnews.com\/en-francais\/a-la-memoire-de-solly-levy-z-l\">Lesen Sie den Artikel der Zeitung \u00ab Canadian Jewish News \u00bb \u00fcber das Leben von Solly L\u00e9vy<\/a><a href=\"https:\/\/www.cjnews.com\/en-francais\/a-la-memoire-de-solly-levy-z-l\"><br \/>\n<\/a><a href=\"https:\/\/www.judithcohen.ca\/\" target=\"_blank\" rel=\"noopener\">Greifen Sie auf die Internetseite von Judith Cohen zu<\/a><\/p>\n<p><strong>Schauen Sie sich einen Ausschnitt der Dokumentation <em>A Sephardic Journey: Solly Levy\u2026 From Morocco to Montreal <\/em>an<\/strong><\/p>\n<p><iframe src=\"https:\/\/www.youtube.com\/embed\/tDXlbWUAjQI\" width=\"540\" height=\"360\" frameborder=\"0\" allowfullscreen=\"allowfullscreen\"><\/iframe><strong><em><br \/>\n<\/em><\/strong><\/p>\n<div class=\"speaker-mute footnotes_reference_container\"> <div class=\"footnote_container_prepare\"><p><span role=\"button\" tabindex=\"0\" class=\"footnote_reference_container_label pointer\" onclick=\"footnote_expand_collapse_reference_container_62136_1();\">&#x202F;<\/span><span role=\"button\" tabindex=\"0\" class=\"footnote_reference_container_collapse_button\" style=\"display: none;\" onclick=\"footnote_expand_collapse_reference_container_62136_1();\">[<a id=\"footnote_reference_container_collapse_button_62136_1\">+<\/a>]<\/span><\/p><\/div> <div id=\"footnote_references_container_62136_1\" style=\"\"><table class=\"footnotes_table footnote-reference-container\"><caption class=\"accessibility\">References<\/caption> <tbody> \r\n\r\n<tr class=\"footnotes_plugin_reference_row\"> <th scope=\"row\" class=\"footnote_plugin_index_combi pointer\"  onclick=\"footnote_moveToAnchor_62136_1('footnote_plugin_tooltip_62136_1_1');\"><a id=\"footnote_plugin_reference_62136_1_1\" class=\"footnote_backlink\">1<\/a><\/th> <td class=\"footnote_plugin_text\">Bouena Sarfatty Garfinkle (1916-1997) wurde in Saloniki geboren und war eine griechische Partisanin w\u00e4hrend des Zweiten Weltkriegs.\u00a0 Ihre Memoiren und Sammlungen von Liedern, Sprichw\u00f6rtern und Versen sind wertvolle Zeugnisse des j\u00fcdischen Lebens in Saloniki. Sie und ihr Mann wanderten 1947 nach Kanada aus.<\/td><\/tr>\r\n\r\n <\/tbody> <\/table> <\/div><\/div><script type=\"text\/javascript\"> function footnote_expand_reference_container_62136_1() { jQuery('#footnote_references_container_62136_1').show(); jQuery('#footnote_reference_container_collapse_button_62136_1').text('\u2212'); } function footnote_collapse_reference_container_62136_1() { jQuery('#footnote_references_container_62136_1').hide(); jQuery('#footnote_reference_container_collapse_button_62136_1').text('+'); } function footnote_expand_collapse_reference_container_62136_1() { if (jQuery('#footnote_references_container_62136_1').is(':hidden')) { footnote_expand_reference_container_62136_1(); } else { footnote_collapse_reference_container_62136_1(); } } function footnote_moveToReference_62136_1(p_str_TargetID) { footnote_expand_reference_container_62136_1(); var l_obj_Target = jQuery('#' + p_str_TargetID); if (l_obj_Target.length) { jQuery( 'html, body' ).delay( 0 ); jQuery('html, body').animate({ scrollTop: l_obj_Target.offset().top - window.innerHeight * 0.2 }, 380); } } function footnote_moveToAnchor_62136_1(p_str_TargetID) { footnote_expand_reference_container_62136_1(); var l_obj_Target = jQuery('#' + p_str_TargetID); if (l_obj_Target.length) { jQuery( 'html, body' ).delay( 0 ); jQuery('html, body').animate({ scrollTop: l_obj_Target.offset().top - window.innerHeight * 0.2 }, 380); } }<\/script>","protected":false},"excerpt":{"rendered":"<p>Hommage von Judith Cohen Solly L\u00e9vy wurde am 1. November 1939 in Tanger (Marokko) geboren. 1968 wanderte er mit seiner Frau Madeleine und ihren beiden Kindern Claire und Eddy nach<\/p>\n","protected":false},"author":1045,"featured_media":52091,"comment_status":"closed","ping_status":"closed","sticky":false,"template":"","format":"standard","meta":{"_acf_changed":false,"footnotes":""},"categories":[1415],"tags":[],"technique":[],"squelettes":[],"sujet":[],"formation":[],"genre":[1888],"fonds":[],"tradition":[],"type-de-contenu":[],"interprete-compositeur":[],"frise":[],"type-devenement":[],"tableaux-liens-externes":[],"class_list":["post-62136","post","type-post","status-publish","format-standard","has-post-thumbnail","hentry","category-biografien-de","genre-judaisch-spanisch-de"],"acf":[],"yoast_head":"<!-- This site is optimized with the Yoast SEO plugin v27.3 - https:\/\/yoast.com\/product\/yoast-seo-wordpress\/ -->\n<title>L\u00e9vy, Solly (1939-2020) - Institut Europ\u00e9en des Musiques Juives<\/title>\n<meta name=\"robots\" content=\"index, follow, max-snippet:-1, max-image-preview:large, max-video-preview:-1\" \/>\n<link rel=\"canonical\" href=\"https:\/\/www.iemj.org\/de\/levy-solly-1939-2020\/\" \/>\n<meta property=\"og:locale\" content=\"de_DE\" \/>\n<meta property=\"og:type\" content=\"article\" \/>\n<meta property=\"og:title\" content=\"L\u00e9vy, Solly (1939-2020) - Institut Europ\u00e9en des Musiques Juives\" \/>\n<meta property=\"og:description\" content=\"Hommage von Judith Cohen Solly L\u00e9vy wurde am 1. November 1939 in Tanger (Marokko) geboren. 1968 wanderte er mit seiner Frau Madeleine und ihren beiden Kindern Claire und Eddy nach\" \/>\n<meta property=\"og:url\" content=\"https:\/\/www.iemj.org\/de\/levy-solly-1939-2020\/\" \/>\n<meta property=\"og:site_name\" content=\"Institut Europ\u00e9en des Musiques Juives\" \/>\n<meta property=\"article:publisher\" content=\"https:\/\/www.facebook.com\/MusiquesJuives\/\" \/>\n<meta property=\"article:published_time\" content=\"2020-04-26T10:52:21+00:00\" \/>\n<meta property=\"article:modified_time\" content=\"2025-11-07T09:32:53+00:00\" \/>\n<meta property=\"og:image\" content=\"https:\/\/www.iemj.org\/wp-content\/uploads\/2020\/04\/arton4700-e1625056313668.jpg\" \/>\n\t<meta property=\"og:image:width\" content=\"166\" \/>\n\t<meta property=\"og:image:height\" content=\"218\" \/>\n\t<meta property=\"og:image:type\" content=\"image\/jpeg\" \/>\n<meta name=\"author\" content=\"Herv\u00e9 Roten\" \/>\n<meta name=\"twitter:card\" content=\"summary_large_image\" \/>\n<meta name=\"twitter:label1\" content=\"Verfasst von\" \/>\n\t<meta name=\"twitter:data1\" content=\"Herv\u00e9 Roten\" \/>\n\t<meta name=\"twitter:label2\" content=\"Gesch\u00e4tzte Lesezeit\" \/>\n\t<meta name=\"twitter:data2\" content=\"8\u00a0Minuten\" \/>\n<script type=\"application\/ld+json\" class=\"yoast-schema-graph\">{\"@context\":\"https:\\\/\\\/schema.org\",\"@graph\":[{\"@type\":\"Article\",\"@id\":\"https:\\\/\\\/www.iemj.org\\\/de\\\/levy-solly-1939-2020\\\/#article\",\"isPartOf\":{\"@id\":\"https:\\\/\\\/www.iemj.org\\\/de\\\/levy-solly-1939-2020\\\/\"},\"author\":{\"name\":\"Herv\u00e9 Roten\",\"@id\":\"https:\\\/\\\/www.iemj.org\\\/de\\\/#\\\/schema\\\/person\\\/906134402c29d5c76e7b726261dd4bbd\"},\"headline\":\"L\u00e9vy, Solly (1939-2020)\",\"datePublished\":\"2020-04-26T10:52:21+00:00\",\"dateModified\":\"2025-11-07T09:32:53+00:00\",\"mainEntityOfPage\":{\"@id\":\"https:\\\/\\\/www.iemj.org\\\/de\\\/levy-solly-1939-2020\\\/\"},\"wordCount\":1346,\"publisher\":{\"@id\":\"https:\\\/\\\/www.iemj.org\\\/de\\\/#organization\"},\"image\":{\"@id\":\"https:\\\/\\\/www.iemj.org\\\/de\\\/levy-solly-1939-2020\\\/#primaryimage\"},\"thumbnailUrl\":\"https:\\\/\\\/www.iemj.org\\\/wp-content\\\/uploads\\\/2020\\\/04\\\/arton4700-e1625056313668.jpg\",\"articleSection\":[\"Biografien\"],\"inLanguage\":\"de\"},{\"@type\":\"WebPage\",\"@id\":\"https:\\\/\\\/www.iemj.org\\\/de\\\/levy-solly-1939-2020\\\/\",\"url\":\"https:\\\/\\\/www.iemj.org\\\/de\\\/levy-solly-1939-2020\\\/\",\"name\":\"L\u00e9vy, Solly (1939-2020) - Institut Europ\u00e9en des Musiques Juives\",\"isPartOf\":{\"@id\":\"https:\\\/\\\/www.iemj.org\\\/de\\\/#website\"},\"primaryImageOfPage\":{\"@id\":\"https:\\\/\\\/www.iemj.org\\\/de\\\/levy-solly-1939-2020\\\/#primaryimage\"},\"image\":{\"@id\":\"https:\\\/\\\/www.iemj.org\\\/de\\\/levy-solly-1939-2020\\\/#primaryimage\"},\"thumbnailUrl\":\"https:\\\/\\\/www.iemj.org\\\/wp-content\\\/uploads\\\/2020\\\/04\\\/arton4700-e1625056313668.jpg\",\"datePublished\":\"2020-04-26T10:52:21+00:00\",\"dateModified\":\"2025-11-07T09:32:53+00:00\",\"breadcrumb\":{\"@id\":\"https:\\\/\\\/www.iemj.org\\\/de\\\/levy-solly-1939-2020\\\/#breadcrumb\"},\"inLanguage\":\"de\",\"potentialAction\":[{\"@type\":\"ReadAction\",\"target\":[\"https:\\\/\\\/www.iemj.org\\\/de\\\/levy-solly-1939-2020\\\/\"]}]},{\"@type\":\"ImageObject\",\"inLanguage\":\"de\",\"@id\":\"https:\\\/\\\/www.iemj.org\\\/de\\\/levy-solly-1939-2020\\\/#primaryimage\",\"url\":\"https:\\\/\\\/www.iemj.org\\\/wp-content\\\/uploads\\\/2020\\\/04\\\/arton4700-e1625056313668.jpg\",\"contentUrl\":\"https:\\\/\\\/www.iemj.org\\\/wp-content\\\/uploads\\\/2020\\\/04\\\/arton4700-e1625056313668.jpg\",\"width\":166,\"height\":218},{\"@type\":\"BreadcrumbList\",\"@id\":\"https:\\\/\\\/www.iemj.org\\\/de\\\/levy-solly-1939-2020\\\/#breadcrumb\",\"itemListElement\":[{\"@type\":\"ListItem\",\"position\":1,\"name\":\"Accueil\",\"item\":\"https:\\\/\\\/www.iemj.org\\\/de\\\/\"},{\"@type\":\"ListItem\",\"position\":2,\"name\":\"L\u00e9vy, Solly (1939-2020)\"}]},{\"@type\":\"WebSite\",\"@id\":\"https:\\\/\\\/www.iemj.org\\\/de\\\/#website\",\"url\":\"https:\\\/\\\/www.iemj.org\\\/de\\\/\",\"name\":\"Institut Europ\u00e9en des Musiques Juives\",\"description\":\"Des traditions musicales \u00e0 la port\u00e9e de tous\",\"publisher\":{\"@id\":\"https:\\\/\\\/www.iemj.org\\\/de\\\/#organization\"},\"potentialAction\":[{\"@type\":\"SearchAction\",\"target\":{\"@type\":\"EntryPoint\",\"urlTemplate\":\"https:\\\/\\\/www.iemj.org\\\/de\\\/?s={search_term_string}\"},\"query-input\":{\"@type\":\"PropertyValueSpecification\",\"valueRequired\":true,\"valueName\":\"search_term_string\"}}],\"inLanguage\":\"de\"},{\"@type\":\"Organization\",\"@id\":\"https:\\\/\\\/www.iemj.org\\\/de\\\/#organization\",\"name\":\"Institut Europ\u00e9en des Musiques Juives\",\"url\":\"https:\\\/\\\/www.iemj.org\\\/de\\\/\",\"logo\":{\"@type\":\"ImageObject\",\"inLanguage\":\"de\",\"@id\":\"https:\\\/\\\/www.iemj.org\\\/de\\\/#\\\/schema\\\/logo\\\/image\\\/\",\"url\":\"https:\\\/\\\/www.iemj.org\\\/wp-content\\\/uploads\\\/2021\\\/09\\\/Logo-IEMJ-Paypal.jpg\",\"contentUrl\":\"https:\\\/\\\/www.iemj.org\\\/wp-content\\\/uploads\\\/2021\\\/09\\\/Logo-IEMJ-Paypal.jpg\",\"width\":150,\"height\":50,\"caption\":\"Institut Europ\u00e9en des Musiques Juives\"},\"image\":{\"@id\":\"https:\\\/\\\/www.iemj.org\\\/de\\\/#\\\/schema\\\/logo\\\/image\\\/\"},\"sameAs\":[\"https:\\\/\\\/www.facebook.com\\\/MusiquesJuives\\\/\",\"https:\\\/\\\/www.instagram.com\\\/musiquesjuives\\\/\",\"https:\\\/\\\/www.youtube.com\\\/user\\\/musiquesjuives\"]},{\"@type\":\"Person\",\"@id\":\"https:\\\/\\\/www.iemj.org\\\/de\\\/#\\\/schema\\\/person\\\/906134402c29d5c76e7b726261dd4bbd\",\"name\":\"Herv\u00e9 Roten\",\"image\":{\"@type\":\"ImageObject\",\"inLanguage\":\"de\",\"@id\":\"https:\\\/\\\/secure.gravatar.com\\\/avatar\\\/f96ad2db538a26481f18384936b5cd0610c92d390c4dc382209216d455f685ff?s=96&d=mm&r=g\",\"url\":\"https:\\\/\\\/secure.gravatar.com\\\/avatar\\\/f96ad2db538a26481f18384936b5cd0610c92d390c4dc382209216d455f685ff?s=96&d=mm&r=g\",\"contentUrl\":\"https:\\\/\\\/secure.gravatar.com\\\/avatar\\\/f96ad2db538a26481f18384936b5cd0610c92d390c4dc382209216d455f685ff?s=96&d=mm&r=g\",\"caption\":\"Herv\u00e9 Roten\"}}]}<\/script>\n<!-- \/ Yoast SEO plugin. -->","yoast_head_json":{"title":"L\u00e9vy, Solly (1939-2020) - Institut Europ\u00e9en des Musiques Juives","robots":{"index":"index","follow":"follow","max-snippet":"max-snippet:-1","max-image-preview":"max-image-preview:large","max-video-preview":"max-video-preview:-1"},"canonical":"https:\/\/www.iemj.org\/de\/levy-solly-1939-2020\/","og_locale":"de_DE","og_type":"article","og_title":"L\u00e9vy, Solly (1939-2020) - Institut Europ\u00e9en des Musiques Juives","og_description":"Hommage von Judith Cohen Solly L\u00e9vy wurde am 1. November 1939 in Tanger (Marokko) geboren. 1968 wanderte er mit seiner Frau Madeleine und ihren beiden Kindern Claire und Eddy nach","og_url":"https:\/\/www.iemj.org\/de\/levy-solly-1939-2020\/","og_site_name":"Institut Europ\u00e9en des Musiques Juives","article_publisher":"https:\/\/www.facebook.com\/MusiquesJuives\/","article_published_time":"2020-04-26T10:52:21+00:00","article_modified_time":"2025-11-07T09:32:53+00:00","og_image":[{"width":166,"height":218,"url":"https:\/\/www.iemj.org\/wp-content\/uploads\/2020\/04\/arton4700-e1625056313668.jpg","type":"image\/jpeg"}],"author":"Herv\u00e9 Roten","twitter_card":"summary_large_image","twitter_misc":{"Verfasst von":"Herv\u00e9 Roten","Gesch\u00e4tzte Lesezeit":"8\u00a0Minuten"},"schema":{"@context":"https:\/\/schema.org","@graph":[{"@type":"Article","@id":"https:\/\/www.iemj.org\/de\/levy-solly-1939-2020\/#article","isPartOf":{"@id":"https:\/\/www.iemj.org\/de\/levy-solly-1939-2020\/"},"author":{"name":"Herv\u00e9 Roten","@id":"https:\/\/www.iemj.org\/de\/#\/schema\/person\/906134402c29d5c76e7b726261dd4bbd"},"headline":"L\u00e9vy, Solly (1939-2020)","datePublished":"2020-04-26T10:52:21+00:00","dateModified":"2025-11-07T09:32:53+00:00","mainEntityOfPage":{"@id":"https:\/\/www.iemj.org\/de\/levy-solly-1939-2020\/"},"wordCount":1346,"publisher":{"@id":"https:\/\/www.iemj.org\/de\/#organization"},"image":{"@id":"https:\/\/www.iemj.org\/de\/levy-solly-1939-2020\/#primaryimage"},"thumbnailUrl":"https:\/\/www.iemj.org\/wp-content\/uploads\/2020\/04\/arton4700-e1625056313668.jpg","articleSection":["Biografien"],"inLanguage":"de"},{"@type":"WebPage","@id":"https:\/\/www.iemj.org\/de\/levy-solly-1939-2020\/","url":"https:\/\/www.iemj.org\/de\/levy-solly-1939-2020\/","name":"L\u00e9vy, Solly (1939-2020) - Institut Europ\u00e9en des Musiques Juives","isPartOf":{"@id":"https:\/\/www.iemj.org\/de\/#website"},"primaryImageOfPage":{"@id":"https:\/\/www.iemj.org\/de\/levy-solly-1939-2020\/#primaryimage"},"image":{"@id":"https:\/\/www.iemj.org\/de\/levy-solly-1939-2020\/#primaryimage"},"thumbnailUrl":"https:\/\/www.iemj.org\/wp-content\/uploads\/2020\/04\/arton4700-e1625056313668.jpg","datePublished":"2020-04-26T10:52:21+00:00","dateModified":"2025-11-07T09:32:53+00:00","breadcrumb":{"@id":"https:\/\/www.iemj.org\/de\/levy-solly-1939-2020\/#breadcrumb"},"inLanguage":"de","potentialAction":[{"@type":"ReadAction","target":["https:\/\/www.iemj.org\/de\/levy-solly-1939-2020\/"]}]},{"@type":"ImageObject","inLanguage":"de","@id":"https:\/\/www.iemj.org\/de\/levy-solly-1939-2020\/#primaryimage","url":"https:\/\/www.iemj.org\/wp-content\/uploads\/2020\/04\/arton4700-e1625056313668.jpg","contentUrl":"https:\/\/www.iemj.org\/wp-content\/uploads\/2020\/04\/arton4700-e1625056313668.jpg","width":166,"height":218},{"@type":"BreadcrumbList","@id":"https:\/\/www.iemj.org\/de\/levy-solly-1939-2020\/#breadcrumb","itemListElement":[{"@type":"ListItem","position":1,"name":"Accueil","item":"https:\/\/www.iemj.org\/de\/"},{"@type":"ListItem","position":2,"name":"L\u00e9vy, Solly (1939-2020)"}]},{"@type":"WebSite","@id":"https:\/\/www.iemj.org\/de\/#website","url":"https:\/\/www.iemj.org\/de\/","name":"Institut Europ\u00e9en des Musiques Juives","description":"Des traditions musicales \u00e0 la port\u00e9e de tous","publisher":{"@id":"https:\/\/www.iemj.org\/de\/#organization"},"potentialAction":[{"@type":"SearchAction","target":{"@type":"EntryPoint","urlTemplate":"https:\/\/www.iemj.org\/de\/?s={search_term_string}"},"query-input":{"@type":"PropertyValueSpecification","valueRequired":true,"valueName":"search_term_string"}}],"inLanguage":"de"},{"@type":"Organization","@id":"https:\/\/www.iemj.org\/de\/#organization","name":"Institut Europ\u00e9en des Musiques Juives","url":"https:\/\/www.iemj.org\/de\/","logo":{"@type":"ImageObject","inLanguage":"de","@id":"https:\/\/www.iemj.org\/de\/#\/schema\/logo\/image\/","url":"https:\/\/www.iemj.org\/wp-content\/uploads\/2021\/09\/Logo-IEMJ-Paypal.jpg","contentUrl":"https:\/\/www.iemj.org\/wp-content\/uploads\/2021\/09\/Logo-IEMJ-Paypal.jpg","width":150,"height":50,"caption":"Institut Europ\u00e9en des Musiques Juives"},"image":{"@id":"https:\/\/www.iemj.org\/de\/#\/schema\/logo\/image\/"},"sameAs":["https:\/\/www.facebook.com\/MusiquesJuives\/","https:\/\/www.instagram.com\/musiquesjuives\/","https:\/\/www.youtube.com\/user\/musiquesjuives"]},{"@type":"Person","@id":"https:\/\/www.iemj.org\/de\/#\/schema\/person\/906134402c29d5c76e7b726261dd4bbd","name":"Herv\u00e9 Roten","image":{"@type":"ImageObject","inLanguage":"de","@id":"https:\/\/secure.gravatar.com\/avatar\/f96ad2db538a26481f18384936b5cd0610c92d390c4dc382209216d455f685ff?s=96&d=mm&r=g","url":"https:\/\/secure.gravatar.com\/avatar\/f96ad2db538a26481f18384936b5cd0610c92d390c4dc382209216d455f685ff?s=96&d=mm&r=g","contentUrl":"https:\/\/secure.gravatar.com\/avatar\/f96ad2db538a26481f18384936b5cd0610c92d390c4dc382209216d455f685ff?s=96&d=mm&r=g","caption":"Herv\u00e9 Roten"}}]}},"_links":{"self":[{"href":"https:\/\/www.iemj.org\/de\/wp-json\/wp\/v2\/posts\/62136","targetHints":{"allow":["GET"]}}],"collection":[{"href":"https:\/\/www.iemj.org\/de\/wp-json\/wp\/v2\/posts"}],"about":[{"href":"https:\/\/www.iemj.org\/de\/wp-json\/wp\/v2\/types\/post"}],"author":[{"embeddable":true,"href":"https:\/\/www.iemj.org\/de\/wp-json\/wp\/v2\/users\/1045"}],"replies":[{"embeddable":true,"href":"https:\/\/www.iemj.org\/de\/wp-json\/wp\/v2\/comments?post=62136"}],"version-history":[{"count":1,"href":"https:\/\/www.iemj.org\/de\/wp-json\/wp\/v2\/posts\/62136\/revisions"}],"predecessor-version":[{"id":127981,"href":"https:\/\/www.iemj.org\/de\/wp-json\/wp\/v2\/posts\/62136\/revisions\/127981"}],"wp:featuredmedia":[{"embeddable":true,"href":"https:\/\/www.iemj.org\/de\/wp-json\/wp\/v2\/media\/52091"}],"wp:attachment":[{"href":"https:\/\/www.iemj.org\/de\/wp-json\/wp\/v2\/media?parent=62136"}],"wp:term":[{"taxonomy":"category","embeddable":true,"href":"https:\/\/www.iemj.org\/de\/wp-json\/wp\/v2\/categories?post=62136"},{"taxonomy":"post_tag","embeddable":true,"href":"https:\/\/www.iemj.org\/de\/wp-json\/wp\/v2\/tags?post=62136"},{"taxonomy":"technique","embeddable":true,"href":"https:\/\/www.iemj.org\/de\/wp-json\/wp\/v2\/technique?post=62136"},{"taxonomy":"squelettes","embeddable":true,"href":"https:\/\/www.iemj.org\/de\/wp-json\/wp\/v2\/squelettes?post=62136"},{"taxonomy":"sujet","embeddable":true,"href":"https:\/\/www.iemj.org\/de\/wp-json\/wp\/v2\/sujet?post=62136"},{"taxonomy":"formation","embeddable":true,"href":"https:\/\/www.iemj.org\/de\/wp-json\/wp\/v2\/formation?post=62136"},{"taxonomy":"genre","embeddable":true,"href":"https:\/\/www.iemj.org\/de\/wp-json\/wp\/v2\/genre?post=62136"},{"taxonomy":"fonds","embeddable":true,"href":"https:\/\/www.iemj.org\/de\/wp-json\/wp\/v2\/fonds?post=62136"},{"taxonomy":"tradition","embeddable":true,"href":"https:\/\/www.iemj.org\/de\/wp-json\/wp\/v2\/tradition?post=62136"},{"taxonomy":"type-de-contenu","embeddable":true,"href":"https:\/\/www.iemj.org\/de\/wp-json\/wp\/v2\/type-de-contenu?post=62136"},{"taxonomy":"interprete-compositeur","embeddable":true,"href":"https:\/\/www.iemj.org\/de\/wp-json\/wp\/v2\/interprete-compositeur?post=62136"},{"taxonomy":"frise","embeddable":true,"href":"https:\/\/www.iemj.org\/de\/wp-json\/wp\/v2\/frise?post=62136"},{"taxonomy":"type-devenement","embeddable":true,"href":"https:\/\/www.iemj.org\/de\/wp-json\/wp\/v2\/type-devenement?post=62136"},{"taxonomy":"tableaux-liens-externes","embeddable":true,"href":"https:\/\/www.iemj.org\/de\/wp-json\/wp\/v2\/tableaux-liens-externes?post=62136"}],"curies":[{"name":"wp","href":"https:\/\/api.w.org\/{rel}","templated":true}]}}