{"id":62737,"date":"2020-04-21T19:15:50","date_gmt":"2020-04-21T17:15:50","guid":{"rendered":"https:\/\/www.iemj.org\/yom-hazikaron\/"},"modified":"2025-04-16T13:28:40","modified_gmt":"2025-04-16T11:28:40","slug":"yom-hazikaron","status":"publish","type":"post","link":"https:\/\/www.iemj.org\/de\/yom-hazikaron\/","title":{"rendered":"Jom Hazikaron"},"content":{"rendered":"\n<p><strong>Die sch\u00f6nsten israelischen Lieder zum Jom <em>Hazikaron<\/em>, dem Gedenktag zu Ehren der f\u00fcr Israel gefallenen Soldaten<\/strong><\/p>\n\n\n\n<!--more-->\n\n\n\n<p><em>Jom Hazikaron<\/em> (vollst\u00e4ndiger deutscher Name: \u201eGedenktag f\u00fcr die Gefallenen der Feldz\u00fcge Israels und die Akte des Hasses\u201c) ist ein Feiertag, welche vom Staat Israel eingef\u00fchrt wurde, um den f\u00fcr ihr Vaterland gefallenen Soldaten zu gedenken. Die Gedenkfeier geht immer den Feierlichkeiten des israelischen Unabh\u00e4ngigkeitstages (<a href=\"https:\/\/www.iemj.org\/de\/yom-haatsmaout\/\" target=\"_blank\" rel=\"noreferrer noopener\"><em>Jom haatsmaut<\/em><\/a><em>)<\/em> voraus und wurde mit der Zeit auf alle Menschen, welche f\u00fcr den Staat Israel gestorben und welche aufgrund ihrer israelischen oder j\u00fcdischen Herkunft seit 1945 sterben mussten, ausgeweitet. <\/p>\n\n\n\n<p>Diese Gedenkfeier findet in der Regel am 4. Ijjar (je nach Jahr zwischen Mitte-April und Mitte-Mai des Gregorianischen Kalenders) statt und umfasst verschiedene Gedenkzeremonien, darunter die Schlie\u00dfung von Vergn\u00fcgungsst\u00e4tten und das Ert\u00f6nenlassen einer Sirene im Gedenken an die Opfer. Der Tag wird von der gesamten j\u00fcdischen Bev\u00f6lkerung Israels begangen.<\/p>\n\n\n\n<p>Im Folgenden k\u00f6nnen Sie sich einige der ber\u00fchmtesten Musikst\u00fccke anh\u00f6ren, welche diesem Gedenktag gewidmet sind.<\/p>\n\n\n\n<figure class=\"wp-block-gallery columns-2 is-cropped wp-block-gallery-1 is-layout-flex wp-block-gallery-is-layout-flex\"><ul class=\"blocks-gallery-grid\"><li class=\"blocks-gallery-item\"><figure><img fetchpriority=\"high\" decoding=\"async\" width=\"222\" height=\"300\" src=\"https:\/\/www.iemj.org\/wp-content\/uploads\/2021\/04\/doc1_redim-300px-vertic.jpg\" alt=\"\" data-id=\"34828\" data-link=\"https:\/\/www.iemj.org\/yom-hazikaron\/doc1_redim-300px-vertic\/\" class=\"wp-image-62762\"\/><\/figure><\/li><li class=\"blocks-gallery-item\"><figure><img decoding=\"async\" width=\"300\" height=\"215\" src=\"https:\/\/www.iemj.org\/wp-content\/uploads\/2021\/04\/doc2_redim-300px-horiz.jpg\" alt=\"\" data-id=\"34830\" data-full-url=\"https:\/\/www.iemj.org\/wp-content\/uploads\/2021\/04\/doc2_redim-300px-horiz.jpg\" data-link=\"https:\/\/www.iemj.org\/yom-hazikaron\/doc2_redim-300px-horiz\/\" class=\"wp-image-62763\"\/><\/figure><\/li><\/ul><\/figure>\n\n\n<div class=\"wp-block-image\">\n<figure class=\"aligncenter size-large\"><img decoding=\"async\" width=\"1024\" height=\"133\" src=\"https:\/\/www.iemj.org\/wp-content\/uploads\/2024\/03\/AUDIO-PLAYER-1024x133.png\" alt=\"\" class=\"wp-image-110606\" srcset=\"https:\/\/www.iemj.org\/wp-content\/uploads\/2024\/03\/AUDIO-PLAYER-1024x133.png 1024w, https:\/\/www.iemj.org\/wp-content\/uploads\/2024\/03\/AUDIO-PLAYER-300x39.png 300w, https:\/\/www.iemj.org\/wp-content\/uploads\/2024\/03\/AUDIO-PLAYER-768x100.png 768w, https:\/\/www.iemj.org\/wp-content\/uploads\/2024\/03\/AUDIO-PLAYER-600x78.png 600w, https:\/\/www.iemj.org\/wp-content\/uploads\/2024\/03\/AUDIO-PLAYER.png 1210w\" sizes=\"(max-width: 1024px) 100vw, 1024px\" \/><\/figure>\n<\/div>\n\n\n<div class=\"wp-block-file\"><a id=\"wp-block-file--media-bdbc4929-f23f-4d67-ae35-6066468e21a3\" href=\"https:\/\/www.iemj.org\/wp-content\/uploads\/2020\/04\/1_yesh_prahim_-_dorit_reouveni.mp3\">1) Yesh Prahim &#8211; Dorit&#8216; Reouveni<\/a><\/div>\n\n\n\n<div class=\"wp-block-file\"><a id=\"wp-block-file--media-6275487b-97af-4588-9bab-00bcee58ed5f\" href=\"https:\/\/www.iemj.org\/wp-content\/uploads\/2020\/04\/2_hahol_yizkor_-_hava_albertstein.mp3\">2) Hahol Yizkor &#8211; Hava Albertstein<\/a><\/div>\n\n\n\n<div class=\"wp-block-file\"><a id=\"wp-block-file--media-b94a8188-62ac-4242-9ed9-b9b7f8bb28bd\" href=\"https:\/\/www.iemj.org\/wp-content\/uploads\/2020\/04\/3_shir_hare_out_-_lahakat_hanahal.mp3\">3) Shir Hareeout&#8216; &#8211; Lahakat Hanahal<\/a><\/div>\n\n\n\n<div class=\"wp-block-file\"><a id=\"wp-block-file--media-a287318b-4652-4832-98f0-ff6b7be2ef55\" href=\"https:\/\/www.iemj.org\/wp-content\/uploads\/2020\/04\/4_makom_lide_aga_-_mati_caspi.mp3\">4) Makom Lideeaga &#8211; Matti Caspi<\/a><\/div>\n\n\n\n<div class=\"wp-block-file\"><a id=\"wp-block-file--media-6dad901d-a143-4b00-a4c2-afd5c048a123\" href=\"https:\/\/www.iemj.org\/wp-content\/uploads\/2020\/04\/5_ma_avare_kh_-_rivka_zohar.mp3\">5) Ma Avareekh &#8211; Rivka Zohar<\/a><\/div>\n\n\n\n<div class=\"wp-block-file\"><a id=\"wp-block-file--media-78bdab42-fca9-44f4-91b5-f83cf422d9d0\" href=\"https:\/\/www.iemj.org\/wp-content\/uploads\/2020\/04\/6_livkot_le_kha_-_aviv_gueffen.mp3\">6) Livkot Leekha &#8211; Aviv Gueffen<\/a><\/div>\n\n\n\n<div class=\"wp-block-file\"><a id=\"wp-block-file--media-3288b1b8-52e9-4392-8d91-1bd070e75096\" href=\"https:\/\/www.iemj.org\/wp-content\/uploads\/2020\/04\/7_keev_shel_lohamim_-_idan_amadi.mp3\">7) Keev Shel Lohamim &#8211; Idan Amadi<\/a><\/div>\n\n\n\n<div class=\"wp-block-file\"><a id=\"wp-block-file--media-1e836174-6efd-40c1-af0c-4d64cd752a8a\" href=\"https:\/\/www.iemj.org\/wp-content\/uploads\/2020\/04\/8_kshe_tavo_-_boaz-sharabi.mp3\">8) Ksheetavo &#8211; Boaz Sharabi<\/a><\/div>\n\n\n\n<div class=\"wp-block-file\"><a id=\"wp-block-file--media-4323e1d6-1062-4c92-9a25-06a59bf427d0\" href=\"https:\/\/www.iemj.org\/wp-content\/uploads\/2020\/04\/9_ahay_guiborei_hate_hila_-_ilanit.mp3\">9) Ahay Guiborei Hateehila &#8211; Ilanit<\/a><\/div>\n\n\n\n<div class=\"wp-block-file\"><a id=\"wp-block-file--media-bef85a70-8e26-4a61-a4c1-09e422cfad1e\" href=\"https:\/\/www.iemj.org\/wp-content\/uploads\/2020\/04\/10_hamilhama-haaharona_-_ye_horam_gaon.mp3\">10) Hamilhama Haaharona &#8211; Yehoram Gaon<\/a><\/div>\n","protected":false},"excerpt":{"rendered":"<p>Die sch\u00f6nsten israelischen Lieder zum Jom Hazikaron, dem Gedenktag zu Ehren der f\u00fcr Israel gefallenen Soldaten<\/p>\n","protected":false},"author":1045,"featured_media":62739,"comment_status":"closed","ping_status":"closed","sticky":false,"template":"","format":"standard","meta":{"_acf_changed":false,"footnotes":""},"categories":[1534],"tags":[2088],"technique":[],"squelettes":[],"sujet":[],"formation":[],"genre":[1880],"fonds":[],"tradition":[],"type-de-contenu":[],"interprete-compositeur":[],"frise":[],"type-devenement":[],"tableaux-liens-externes":[],"class_list":["post-62737","post","type-post","status-publish","format-standard","has-post-thumbnail","hentry","category-playlists-de","tag-israel-de","genre-israellied-de"],"acf":[],"yoast_head":"<!-- This site is optimized with the Yoast SEO plugin v27.3 - https:\/\/yoast.com\/product\/yoast-seo-wordpress\/ -->\n<title>Jom Hazikaron - Institut Europ\u00e9en des Musiques Juives<\/title>\n<meta name=\"robots\" content=\"index, follow, max-snippet:-1, max-image-preview:large, max-video-preview:-1\" \/>\n<link rel=\"canonical\" href=\"https:\/\/www.iemj.org\/de\/yom-hazikaron\/\" \/>\n<meta property=\"og:locale\" content=\"de_DE\" \/>\n<meta property=\"og:type\" content=\"article\" \/>\n<meta property=\"og:title\" content=\"Jom Hazikaron - Institut Europ\u00e9en des Musiques Juives\" \/>\n<meta property=\"og:description\" content=\"Die sch\u00f6nsten israelischen Lieder zum Jom Hazikaron, dem Gedenktag zu Ehren der f\u00fcr Israel gefallenen Soldaten\" \/>\n<meta property=\"og:url\" content=\"https:\/\/www.iemj.org\/de\/yom-hazikaron\/\" \/>\n<meta property=\"og:site_name\" content=\"Institut Europ\u00e9en des Musiques Juives\" \/>\n<meta property=\"article:publisher\" content=\"https:\/\/www.facebook.com\/MusiquesJuives\/\" \/>\n<meta property=\"article:published_time\" content=\"2020-04-21T17:15:50+00:00\" \/>\n<meta property=\"article:modified_time\" content=\"2025-04-16T11:28:40+00:00\" \/>\n<meta property=\"og:image\" content=\"https:\/\/www.iemj.org\/wp-content\/uploads\/2020\/04\/arton4699.jpg\" \/>\n\t<meta property=\"og:image:width\" content=\"240\" \/>\n\t<meta property=\"og:image:height\" content=\"240\" \/>\n\t<meta property=\"og:image:type\" content=\"image\/jpeg\" \/>\n<meta name=\"author\" content=\"Herv\u00e9 Roten\" \/>\n<meta name=\"twitter:card\" content=\"summary_large_image\" \/>\n<meta name=\"twitter:label1\" content=\"Verfasst von\" \/>\n\t<meta name=\"twitter:data1\" content=\"Herv\u00e9 Roten\" \/>\n\t<meta name=\"twitter:label2\" content=\"Gesch\u00e4tzte Lesezeit\" \/>\n\t<meta name=\"twitter:data2\" content=\"2\u00a0Minuten\" \/>\n<script type=\"application\/ld+json\" class=\"yoast-schema-graph\">{\"@context\":\"https:\\\/\\\/schema.org\",\"@graph\":[{\"@type\":\"Article\",\"@id\":\"https:\\\/\\\/www.iemj.org\\\/de\\\/yom-hazikaron\\\/#article\",\"isPartOf\":{\"@id\":\"https:\\\/\\\/www.iemj.org\\\/de\\\/yom-hazikaron\\\/\"},\"author\":{\"name\":\"Herv\u00e9 Roten\",\"@id\":\"https:\\\/\\\/www.iemj.org\\\/de\\\/#\\\/schema\\\/person\\\/906134402c29d5c76e7b726261dd4bbd\"},\"headline\":\"Jom Hazikaron\",\"datePublished\":\"2020-04-21T17:15:50+00:00\",\"dateModified\":\"2025-04-16T11:28:40+00:00\",\"mainEntityOfPage\":{\"@id\":\"https:\\\/\\\/www.iemj.org\\\/de\\\/yom-hazikaron\\\/\"},\"wordCount\":224,\"publisher\":{\"@id\":\"https:\\\/\\\/www.iemj.org\\\/de\\\/#organization\"},\"image\":{\"@id\":\"https:\\\/\\\/www.iemj.org\\\/de\\\/yom-hazikaron\\\/#primaryimage\"},\"thumbnailUrl\":\"https:\\\/\\\/www.iemj.org\\\/wp-content\\\/uploads\\\/2020\\\/04\\\/arton4699.jpg\",\"keywords\":[\"Israel\"],\"articleSection\":[\"Playlists\"],\"inLanguage\":\"de\"},{\"@type\":\"WebPage\",\"@id\":\"https:\\\/\\\/www.iemj.org\\\/de\\\/yom-hazikaron\\\/\",\"url\":\"https:\\\/\\\/www.iemj.org\\\/de\\\/yom-hazikaron\\\/\",\"name\":\"Jom Hazikaron - Institut Europ\u00e9en des Musiques Juives\",\"isPartOf\":{\"@id\":\"https:\\\/\\\/www.iemj.org\\\/de\\\/#website\"},\"primaryImageOfPage\":{\"@id\":\"https:\\\/\\\/www.iemj.org\\\/de\\\/yom-hazikaron\\\/#primaryimage\"},\"image\":{\"@id\":\"https:\\\/\\\/www.iemj.org\\\/de\\\/yom-hazikaron\\\/#primaryimage\"},\"thumbnailUrl\":\"https:\\\/\\\/www.iemj.org\\\/wp-content\\\/uploads\\\/2020\\\/04\\\/arton4699.jpg\",\"datePublished\":\"2020-04-21T17:15:50+00:00\",\"dateModified\":\"2025-04-16T11:28:40+00:00\",\"breadcrumb\":{\"@id\":\"https:\\\/\\\/www.iemj.org\\\/de\\\/yom-hazikaron\\\/#breadcrumb\"},\"inLanguage\":\"de\",\"potentialAction\":[{\"@type\":\"ReadAction\",\"target\":[\"https:\\\/\\\/www.iemj.org\\\/de\\\/yom-hazikaron\\\/\"]}]},{\"@type\":\"ImageObject\",\"inLanguage\":\"de\",\"@id\":\"https:\\\/\\\/www.iemj.org\\\/de\\\/yom-hazikaron\\\/#primaryimage\",\"url\":\"https:\\\/\\\/www.iemj.org\\\/wp-content\\\/uploads\\\/2020\\\/04\\\/arton4699.jpg\",\"contentUrl\":\"https:\\\/\\\/www.iemj.org\\\/wp-content\\\/uploads\\\/2020\\\/04\\\/arton4699.jpg\",\"width\":240,\"height\":240},{\"@type\":\"BreadcrumbList\",\"@id\":\"https:\\\/\\\/www.iemj.org\\\/de\\\/yom-hazikaron\\\/#breadcrumb\",\"itemListElement\":[{\"@type\":\"ListItem\",\"position\":1,\"name\":\"Accueil\",\"item\":\"https:\\\/\\\/www.iemj.org\\\/de\\\/\"},{\"@type\":\"ListItem\",\"position\":2,\"name\":\"Jom Hazikaron\"}]},{\"@type\":\"WebSite\",\"@id\":\"https:\\\/\\\/www.iemj.org\\\/de\\\/#website\",\"url\":\"https:\\\/\\\/www.iemj.org\\\/de\\\/\",\"name\":\"Institut Europ\u00e9en des Musiques Juives\",\"description\":\"Des traditions musicales \u00e0 la port\u00e9e de tous\",\"publisher\":{\"@id\":\"https:\\\/\\\/www.iemj.org\\\/de\\\/#organization\"},\"potentialAction\":[{\"@type\":\"SearchAction\",\"target\":{\"@type\":\"EntryPoint\",\"urlTemplate\":\"https:\\\/\\\/www.iemj.org\\\/de\\\/?s={search_term_string}\"},\"query-input\":{\"@type\":\"PropertyValueSpecification\",\"valueRequired\":true,\"valueName\":\"search_term_string\"}}],\"inLanguage\":\"de\"},{\"@type\":\"Organization\",\"@id\":\"https:\\\/\\\/www.iemj.org\\\/de\\\/#organization\",\"name\":\"Institut Europ\u00e9en des Musiques Juives\",\"url\":\"https:\\\/\\\/www.iemj.org\\\/de\\\/\",\"logo\":{\"@type\":\"ImageObject\",\"inLanguage\":\"de\",\"@id\":\"https:\\\/\\\/www.iemj.org\\\/de\\\/#\\\/schema\\\/logo\\\/image\\\/\",\"url\":\"https:\\\/\\\/www.iemj.org\\\/wp-content\\\/uploads\\\/2021\\\/09\\\/Logo-IEMJ-Paypal.jpg\",\"contentUrl\":\"https:\\\/\\\/www.iemj.org\\\/wp-content\\\/uploads\\\/2021\\\/09\\\/Logo-IEMJ-Paypal.jpg\",\"width\":150,\"height\":50,\"caption\":\"Institut Europ\u00e9en des Musiques Juives\"},\"image\":{\"@id\":\"https:\\\/\\\/www.iemj.org\\\/de\\\/#\\\/schema\\\/logo\\\/image\\\/\"},\"sameAs\":[\"https:\\\/\\\/www.facebook.com\\\/MusiquesJuives\\\/\",\"https:\\\/\\\/www.instagram.com\\\/musiquesjuives\\\/\",\"https:\\\/\\\/www.youtube.com\\\/user\\\/musiquesjuives\"]},{\"@type\":\"Person\",\"@id\":\"https:\\\/\\\/www.iemj.org\\\/de\\\/#\\\/schema\\\/person\\\/906134402c29d5c76e7b726261dd4bbd\",\"name\":\"Herv\u00e9 Roten\",\"image\":{\"@type\":\"ImageObject\",\"inLanguage\":\"de\",\"@id\":\"https:\\\/\\\/secure.gravatar.com\\\/avatar\\\/f96ad2db538a26481f18384936b5cd0610c92d390c4dc382209216d455f685ff?s=96&d=mm&r=g\",\"url\":\"https:\\\/\\\/secure.gravatar.com\\\/avatar\\\/f96ad2db538a26481f18384936b5cd0610c92d390c4dc382209216d455f685ff?s=96&d=mm&r=g\",\"contentUrl\":\"https:\\\/\\\/secure.gravatar.com\\\/avatar\\\/f96ad2db538a26481f18384936b5cd0610c92d390c4dc382209216d455f685ff?s=96&d=mm&r=g\",\"caption\":\"Herv\u00e9 Roten\"}}]}<\/script>\n<!-- \/ Yoast SEO plugin. -->","yoast_head_json":{"title":"Jom Hazikaron - Institut Europ\u00e9en des Musiques Juives","robots":{"index":"index","follow":"follow","max-snippet":"max-snippet:-1","max-image-preview":"max-image-preview:large","max-video-preview":"max-video-preview:-1"},"canonical":"https:\/\/www.iemj.org\/de\/yom-hazikaron\/","og_locale":"de_DE","og_type":"article","og_title":"Jom Hazikaron - Institut Europ\u00e9en des Musiques Juives","og_description":"Die sch\u00f6nsten israelischen Lieder zum Jom Hazikaron, dem Gedenktag zu Ehren der f\u00fcr Israel gefallenen Soldaten","og_url":"https:\/\/www.iemj.org\/de\/yom-hazikaron\/","og_site_name":"Institut Europ\u00e9en des Musiques Juives","article_publisher":"https:\/\/www.facebook.com\/MusiquesJuives\/","article_published_time":"2020-04-21T17:15:50+00:00","article_modified_time":"2025-04-16T11:28:40+00:00","og_image":[{"width":240,"height":240,"url":"https:\/\/www.iemj.org\/wp-content\/uploads\/2020\/04\/arton4699.jpg","type":"image\/jpeg"}],"author":"Herv\u00e9 Roten","twitter_card":"summary_large_image","twitter_misc":{"Verfasst von":"Herv\u00e9 Roten","Gesch\u00e4tzte Lesezeit":"2\u00a0Minuten"},"schema":{"@context":"https:\/\/schema.org","@graph":[{"@type":"Article","@id":"https:\/\/www.iemj.org\/de\/yom-hazikaron\/#article","isPartOf":{"@id":"https:\/\/www.iemj.org\/de\/yom-hazikaron\/"},"author":{"name":"Herv\u00e9 Roten","@id":"https:\/\/www.iemj.org\/de\/#\/schema\/person\/906134402c29d5c76e7b726261dd4bbd"},"headline":"Jom Hazikaron","datePublished":"2020-04-21T17:15:50+00:00","dateModified":"2025-04-16T11:28:40+00:00","mainEntityOfPage":{"@id":"https:\/\/www.iemj.org\/de\/yom-hazikaron\/"},"wordCount":224,"publisher":{"@id":"https:\/\/www.iemj.org\/de\/#organization"},"image":{"@id":"https:\/\/www.iemj.org\/de\/yom-hazikaron\/#primaryimage"},"thumbnailUrl":"https:\/\/www.iemj.org\/wp-content\/uploads\/2020\/04\/arton4699.jpg","keywords":["Israel"],"articleSection":["Playlists"],"inLanguage":"de"},{"@type":"WebPage","@id":"https:\/\/www.iemj.org\/de\/yom-hazikaron\/","url":"https:\/\/www.iemj.org\/de\/yom-hazikaron\/","name":"Jom Hazikaron - Institut Europ\u00e9en des Musiques Juives","isPartOf":{"@id":"https:\/\/www.iemj.org\/de\/#website"},"primaryImageOfPage":{"@id":"https:\/\/www.iemj.org\/de\/yom-hazikaron\/#primaryimage"},"image":{"@id":"https:\/\/www.iemj.org\/de\/yom-hazikaron\/#primaryimage"},"thumbnailUrl":"https:\/\/www.iemj.org\/wp-content\/uploads\/2020\/04\/arton4699.jpg","datePublished":"2020-04-21T17:15:50+00:00","dateModified":"2025-04-16T11:28:40+00:00","breadcrumb":{"@id":"https:\/\/www.iemj.org\/de\/yom-hazikaron\/#breadcrumb"},"inLanguage":"de","potentialAction":[{"@type":"ReadAction","target":["https:\/\/www.iemj.org\/de\/yom-hazikaron\/"]}]},{"@type":"ImageObject","inLanguage":"de","@id":"https:\/\/www.iemj.org\/de\/yom-hazikaron\/#primaryimage","url":"https:\/\/www.iemj.org\/wp-content\/uploads\/2020\/04\/arton4699.jpg","contentUrl":"https:\/\/www.iemj.org\/wp-content\/uploads\/2020\/04\/arton4699.jpg","width":240,"height":240},{"@type":"BreadcrumbList","@id":"https:\/\/www.iemj.org\/de\/yom-hazikaron\/#breadcrumb","itemListElement":[{"@type":"ListItem","position":1,"name":"Accueil","item":"https:\/\/www.iemj.org\/de\/"},{"@type":"ListItem","position":2,"name":"Jom Hazikaron"}]},{"@type":"WebSite","@id":"https:\/\/www.iemj.org\/de\/#website","url":"https:\/\/www.iemj.org\/de\/","name":"Institut Europ\u00e9en des Musiques Juives","description":"Des traditions musicales \u00e0 la port\u00e9e de tous","publisher":{"@id":"https:\/\/www.iemj.org\/de\/#organization"},"potentialAction":[{"@type":"SearchAction","target":{"@type":"EntryPoint","urlTemplate":"https:\/\/www.iemj.org\/de\/?s={search_term_string}"},"query-input":{"@type":"PropertyValueSpecification","valueRequired":true,"valueName":"search_term_string"}}],"inLanguage":"de"},{"@type":"Organization","@id":"https:\/\/www.iemj.org\/de\/#organization","name":"Institut Europ\u00e9en des Musiques Juives","url":"https:\/\/www.iemj.org\/de\/","logo":{"@type":"ImageObject","inLanguage":"de","@id":"https:\/\/www.iemj.org\/de\/#\/schema\/logo\/image\/","url":"https:\/\/www.iemj.org\/wp-content\/uploads\/2021\/09\/Logo-IEMJ-Paypal.jpg","contentUrl":"https:\/\/www.iemj.org\/wp-content\/uploads\/2021\/09\/Logo-IEMJ-Paypal.jpg","width":150,"height":50,"caption":"Institut Europ\u00e9en des Musiques Juives"},"image":{"@id":"https:\/\/www.iemj.org\/de\/#\/schema\/logo\/image\/"},"sameAs":["https:\/\/www.facebook.com\/MusiquesJuives\/","https:\/\/www.instagram.com\/musiquesjuives\/","https:\/\/www.youtube.com\/user\/musiquesjuives"]},{"@type":"Person","@id":"https:\/\/www.iemj.org\/de\/#\/schema\/person\/906134402c29d5c76e7b726261dd4bbd","name":"Herv\u00e9 Roten","image":{"@type":"ImageObject","inLanguage":"de","@id":"https:\/\/secure.gravatar.com\/avatar\/f96ad2db538a26481f18384936b5cd0610c92d390c4dc382209216d455f685ff?s=96&d=mm&r=g","url":"https:\/\/secure.gravatar.com\/avatar\/f96ad2db538a26481f18384936b5cd0610c92d390c4dc382209216d455f685ff?s=96&d=mm&r=g","contentUrl":"https:\/\/secure.gravatar.com\/avatar\/f96ad2db538a26481f18384936b5cd0610c92d390c4dc382209216d455f685ff?s=96&d=mm&r=g","caption":"Herv\u00e9 Roten"}}]}},"_links":{"self":[{"href":"https:\/\/www.iemj.org\/de\/wp-json\/wp\/v2\/posts\/62737","targetHints":{"allow":["GET"]}}],"collection":[{"href":"https:\/\/www.iemj.org\/de\/wp-json\/wp\/v2\/posts"}],"about":[{"href":"https:\/\/www.iemj.org\/de\/wp-json\/wp\/v2\/types\/post"}],"author":[{"embeddable":true,"href":"https:\/\/www.iemj.org\/de\/wp-json\/wp\/v2\/users\/1045"}],"replies":[{"embeddable":true,"href":"https:\/\/www.iemj.org\/de\/wp-json\/wp\/v2\/comments?post=62737"}],"version-history":[{"count":0,"href":"https:\/\/www.iemj.org\/de\/wp-json\/wp\/v2\/posts\/62737\/revisions"}],"wp:featuredmedia":[{"embeddable":true,"href":"https:\/\/www.iemj.org\/de\/wp-json\/wp\/v2\/media\/62739"}],"wp:attachment":[{"href":"https:\/\/www.iemj.org\/de\/wp-json\/wp\/v2\/media?parent=62737"}],"wp:term":[{"taxonomy":"category","embeddable":true,"href":"https:\/\/www.iemj.org\/de\/wp-json\/wp\/v2\/categories?post=62737"},{"taxonomy":"post_tag","embeddable":true,"href":"https:\/\/www.iemj.org\/de\/wp-json\/wp\/v2\/tags?post=62737"},{"taxonomy":"technique","embeddable":true,"href":"https:\/\/www.iemj.org\/de\/wp-json\/wp\/v2\/technique?post=62737"},{"taxonomy":"squelettes","embeddable":true,"href":"https:\/\/www.iemj.org\/de\/wp-json\/wp\/v2\/squelettes?post=62737"},{"taxonomy":"sujet","embeddable":true,"href":"https:\/\/www.iemj.org\/de\/wp-json\/wp\/v2\/sujet?post=62737"},{"taxonomy":"formation","embeddable":true,"href":"https:\/\/www.iemj.org\/de\/wp-json\/wp\/v2\/formation?post=62737"},{"taxonomy":"genre","embeddable":true,"href":"https:\/\/www.iemj.org\/de\/wp-json\/wp\/v2\/genre?post=62737"},{"taxonomy":"fonds","embeddable":true,"href":"https:\/\/www.iemj.org\/de\/wp-json\/wp\/v2\/fonds?post=62737"},{"taxonomy":"tradition","embeddable":true,"href":"https:\/\/www.iemj.org\/de\/wp-json\/wp\/v2\/tradition?post=62737"},{"taxonomy":"type-de-contenu","embeddable":true,"href":"https:\/\/www.iemj.org\/de\/wp-json\/wp\/v2\/type-de-contenu?post=62737"},{"taxonomy":"interprete-compositeur","embeddable":true,"href":"https:\/\/www.iemj.org\/de\/wp-json\/wp\/v2\/interprete-compositeur?post=62737"},{"taxonomy":"frise","embeddable":true,"href":"https:\/\/www.iemj.org\/de\/wp-json\/wp\/v2\/frise?post=62737"},{"taxonomy":"type-devenement","embeddable":true,"href":"https:\/\/www.iemj.org\/de\/wp-json\/wp\/v2\/type-devenement?post=62737"},{"taxonomy":"tableaux-liens-externes","embeddable":true,"href":"https:\/\/www.iemj.org\/de\/wp-json\/wp\/v2\/tableaux-liens-externes?post=62737"}],"curies":[{"name":"wp","href":"https:\/\/api.w.org\/{rel}","templated":true}]}}