{"id":62789,"date":"2020-04-02T11:24:11","date_gmt":"2020-04-02T09:24:11","guid":{"rendered":"https:\/\/www.iemj.org\/ehad-mi-yodea-une-chanson-de-pessah\/"},"modified":"2025-03-31T14:49:07","modified_gmt":"2025-03-31T12:49:07","slug":"ehad-mi-yodea-une-chanson-de-pessah","status":"publish","type":"post","link":"https:\/\/www.iemj.org\/de\/ehad-mi-yodea-une-chanson-de-pessah\/","title":{"rendered":"E\u2019had mi yodea, ein Pessach-Lied"},"content":{"rendered":"<p><strong><em>E&#8217;had mi yodea<\/em>, das Pessach-Lied, das in allen j\u00fcdischen Traditionen gesungen wird (oder fast!)<\/strong><\/p>\n<p><!--more-->Das Zahlenspiel <em>E\u2019had mi yodea<\/em>, welches am Ende des Sederabends von <a href=\"https:\/\/www.iemj.org\/de\/pessah-1ere-partie\/\" target=\"_blank\" rel=\"noopener\">Pessah<\/a>\u00a0zwischen <em>Hadir hou<\/em> und \u2018<em>Had Gadya<\/em> gesungen wird, ist ein kumulatives Lied (jeder Vers wiederholt die vorhergehenden), welches die Einheit Gottes verk\u00fcndet und es Kindern erlaubt, ihre Bibelkenntnis auf die Probe zu stellen und dabei gleichzeitig z\u00e4hlen zu lernen (jede Zahl ist dabei mit einem religi\u00f6sen wichtigen Ereignis verbunden).<\/p>\n<p>Die letzte Strophe lautet: <br \/>Dreizehn, sind die (g\u00f6ttlichen) Attribute; zw\u00f6lf, die St\u00e4mme Israels; elf, die Tr\u00e4ume (Josephs); zehn, die Gebote; neun, die Monate der Schwangerschaft; acht, die Beschneidung; sieben, das Sabbatfest; sechs, die Ordnungen der Mischna; f\u00fcnf, die B\u00fccher der Tora; vier, die M\u00fctter; drei, die Patriarchen; zwei, die Tafeln des Wort Gottes. Einig ist unser Gott, der \u00fcber Himmel und Erde lebt und steht.<\/p>\n<p>Traditionell wird dieses Lied auf Hebr\u00e4isch, sowie in den verschiedenen j\u00fcdischen Dialekten gesungen (Jud\u00e4o-Els\u00e4ssisch, Jiddisch, Comtadin, Jud\u00e4o-Spanisch, Jud\u00e4o-Arabisch\u2026).<\/p>\n<ul>\n<li><a href=\"https:\/\/www.iemj.org\/de\/trois-chansons-de-pessah-adir-hou-ehad-mi-yodea-et-had-gadya\/\" target=\"_blank\" rel=\"noopener\">Erfahren Sie mehr \u00fcber die drei Pessach-Lieder: <em>Adir hu<\/em>, <em>E\u2019had mi yodea<\/em> und <em>\u2018Had gadya<\/em><\/a><\/li>\n<li><a href=\"https:\/\/www.iemj.org\/de\/trois-chansons-de-pessah-adir-hou-ehad-mi-yodea-et-had-gadya\/\" target=\"_blank\" rel=\"noopener\">Erfahren Sie mehr \u00fcber das Pessach-Fest<\/a><\/li>\n<li><a href=\"https:\/\/www.iemj.org\/de\/had-gadya-une-chanson-de-pessah\/\" target=\"_blank\" rel=\"noopener\">H\u00f6ren Sie die Playlist an, auf welcher das Lied\u00a0<em>\u2018Had gadya<\/em> zu h\u00f6ren ist<\/a><\/li>\n<\/ul>\n\n<div class=\"wp-block-image\">\n<figure class=\"aligncenter size-large\"><img fetchpriority=\"high\" decoding=\"async\" width=\"1024\" height=\"133\" src=\"https:\/\/www.iemj.org\/wp-content\/uploads\/2024\/03\/AUDIO-PLAYER-1024x133.png\" alt=\"\" class=\"wp-image-110606\" srcset=\"https:\/\/www.iemj.org\/wp-content\/uploads\/2024\/03\/AUDIO-PLAYER-1024x133.png 1024w, https:\/\/www.iemj.org\/wp-content\/uploads\/2024\/03\/AUDIO-PLAYER-300x39.png 300w, https:\/\/www.iemj.org\/wp-content\/uploads\/2024\/03\/AUDIO-PLAYER-768x100.png 768w, https:\/\/www.iemj.org\/wp-content\/uploads\/2024\/03\/AUDIO-PLAYER-600x78.png 600w, https:\/\/www.iemj.org\/wp-content\/uploads\/2024\/03\/AUDIO-PLAYER.png 1210w\" sizes=\"(max-width: 1024px) 100vw, 1024px\" \/><\/figure>\n<\/div>\n\n\n<h2 class=\"wp-block-heading\"><\/h2>\n\n\n\n<div class=\"wp-block-file\"><a href=\"https:\/\/www.iemj.org\/wp-content\/uploads\/2020\/04\/01_ekhad_mi_yodea_extrait__rite_italien_corfou_enrgt_leo_levy.mp3\">Ekhad mi yodea (Extrait) &#8211; rite Italien Corfou &#8211; enrgt Leo Levy<\/a><\/div>\n\n\n\n<div class=\"wp-block-file\"><a href=\"https:\/\/www.iemj.org\/wp-content\/uploads\/2020\/04\/02_ehad_my_yodea_extrait__ashkenaze.mp3\">Ehad my yodea (Extrait) &#8211; ashkenaze<\/a><\/div>\n\n\n\n<div class=\"wp-block-file\"><a href=\"https:\/\/www.iemj.org\/wp-content\/uploads\/2020\/04\/03_e_had_mi_yodea_-_chant_de_la_hagada_-_rite_ashkenaze_dir_rabbin_jean_schwartz_laszlo_karvaly.mp3\">E&#8217;had Mi Yodea &#8211; Chant de la Hagada &#8211; rite ashkenaze_dir Rabbin Jean Schwartz, Laszlo Karvaly<\/a><\/div>\n\n\n\n<div class=\"wp-block-file\"><a href=\"https:\/\/www.iemj.org\/wp-content\/uploads\/2020\/04\/04_ehad_mi_yodea_uno_es_el_creador_-_tradition_de_thessalonique_grece_.mp3\">Ehad mi yodea (uno es el creador) &#8211; Tradition de Thessalonique (Grece)<\/a><\/div>\n\n\n\n<div class=\"wp-block-file\"><a href=\"https:\/\/www.iemj.org\/wp-content\/uploads\/2020\/04\/05_quien_suspiense_y_entendiense_extrait_-tradition_jud_o-espagnole_-_yehoram_gaon.mp3\">Quien suspiense y entendiense (Extrait) -Tradition judeo-espagnole &#8211; Yehoram Gaon<\/a><\/div>\n\n\n\n<div class=\"wp-block-file\"><a href=\"https:\/\/www.iemj.org\/wp-content\/uploads\/2020\/04\/06_ehad_mi_yodea_extrait_-_en_arabe_-_rite_marocain_-_henri_ohayon.mp3\">Ehad Mi Yodea (Extrait) &#8211; en arabe &#8211; rite marocain &#8211; Henri Ohayon<\/a><\/div>\n\n\n\n<div class=\"wp-block-file\"><a href=\"https:\/\/www.iemj.org\/wp-content\/uploads\/2020\/04\/07_ehad_mi_yod_a_extrait_-_en_arabe-rite_y_m_nite_-_ephraim_yaakov.mp3\">Ehad Mi Yodea (Extrait) &#8211; en arabe &#8211; rite yemenite &#8211; Ephraim Yaakov<\/a><\/div>\n\n\n\n<div class=\"wp-block-file\"><a href=\"https:\/\/www.iemj.org\/wp-content\/uploads\/2020\/04\/08_ehad_mi_yodea_-_rite_sfardi_yerushalmi_-_ezra_barnea.mp3\">Ehad mi yodea &#8211; rite Sfardi yerushalmi &#8211; Ezra Barnea<\/a><\/div>\n","protected":false},"excerpt":{"rendered":"<p>E&#8217;had mi yodea, das Pessach-Lied, das in allen j\u00fcdischen Traditionen gesungen wird (oder fast!)<\/p>\n","protected":false},"author":1045,"featured_media":111163,"comment_status":"closed","ping_status":"closed","sticky":false,"template":"","format":"standard","meta":{"_acf_changed":false,"footnotes":""},"categories":[1534],"tags":[],"technique":[],"squelettes":[],"sujet":[1828],"formation":[],"genre":[1891],"fonds":[],"tradition":[],"type-de-contenu":[],"interprete-compositeur":[],"frise":[],"type-devenement":[],"tableaux-liens-externes":[],"class_list":["post-62789","post","type-post","status-publish","format-standard","has-post-thumbnail","hentry","category-playlists-de","sujet-pessach-de","genre-liturgie-de"],"acf":[],"yoast_head":"<!-- This site is optimized with the Yoast SEO plugin v27.3 - https:\/\/yoast.com\/product\/yoast-seo-wordpress\/ -->\n<title>E\u2019had mi yodea, ein Pessach-Lied - Institut Europ\u00e9en des Musiques Juives<\/title>\n<meta name=\"robots\" content=\"index, follow, max-snippet:-1, max-image-preview:large, max-video-preview:-1\" \/>\n<link rel=\"canonical\" href=\"https:\/\/www.iemj.org\/de\/ehad-mi-yodea-une-chanson-de-pessah\/\" \/>\n<meta property=\"og:locale\" content=\"de_DE\" \/>\n<meta property=\"og:type\" content=\"article\" \/>\n<meta property=\"og:title\" content=\"E\u2019had mi yodea, ein Pessach-Lied - Institut Europ\u00e9en des Musiques Juives\" \/>\n<meta property=\"og:description\" content=\"E&#8217;had mi yodea, das Pessach-Lied, das in allen j\u00fcdischen Traditionen gesungen wird (oder fast!)\" \/>\n<meta property=\"og:url\" content=\"https:\/\/www.iemj.org\/de\/ehad-mi-yodea-une-chanson-de-pessah\/\" \/>\n<meta property=\"og:site_name\" content=\"Institut Europ\u00e9en des Musiques Juives\" \/>\n<meta property=\"article:publisher\" content=\"https:\/\/www.facebook.com\/MusiquesJuives\/\" \/>\n<meta property=\"article:published_time\" content=\"2020-04-02T09:24:11+00:00\" \/>\n<meta property=\"article:modified_time\" content=\"2025-03-31T12:49:07+00:00\" \/>\n<meta property=\"og:image\" content=\"https:\/\/www.iemj.org\/wp-content\/uploads\/2020\/04\/Playlist-EHAD-MI-YODEA.jpg\" \/>\n\t<meta property=\"og:image:width\" content=\"500\" \/>\n\t<meta property=\"og:image:height\" content=\"500\" \/>\n\t<meta property=\"og:image:type\" content=\"image\/jpeg\" \/>\n<meta name=\"author\" content=\"Herv\u00e9 Roten\" \/>\n<meta name=\"twitter:card\" content=\"summary_large_image\" \/>\n<meta name=\"twitter:label1\" content=\"Verfasst von\" \/>\n\t<meta name=\"twitter:data1\" content=\"Herv\u00e9 Roten\" \/>\n\t<meta name=\"twitter:label2\" content=\"Gesch\u00e4tzte Lesezeit\" \/>\n\t<meta name=\"twitter:data2\" content=\"2\u00a0Minuten\" \/>\n<script type=\"application\/ld+json\" class=\"yoast-schema-graph\">{\"@context\":\"https:\\\/\\\/schema.org\",\"@graph\":[{\"@type\":\"Article\",\"@id\":\"https:\\\/\\\/www.iemj.org\\\/de\\\/ehad-mi-yodea-une-chanson-de-pessah\\\/#article\",\"isPartOf\":{\"@id\":\"https:\\\/\\\/www.iemj.org\\\/de\\\/ehad-mi-yodea-une-chanson-de-pessah\\\/\"},\"author\":{\"name\":\"Herv\u00e9 Roten\",\"@id\":\"https:\\\/\\\/www.iemj.org\\\/de\\\/#\\\/schema\\\/person\\\/906134402c29d5c76e7b726261dd4bbd\"},\"headline\":\"E\u2019had mi yodea, ein Pessach-Lied\",\"datePublished\":\"2020-04-02T09:24:11+00:00\",\"dateModified\":\"2025-03-31T12:49:07+00:00\",\"mainEntityOfPage\":{\"@id\":\"https:\\\/\\\/www.iemj.org\\\/de\\\/ehad-mi-yodea-une-chanson-de-pessah\\\/\"},\"wordCount\":315,\"publisher\":{\"@id\":\"https:\\\/\\\/www.iemj.org\\\/de\\\/#organization\"},\"image\":{\"@id\":\"https:\\\/\\\/www.iemj.org\\\/de\\\/ehad-mi-yodea-une-chanson-de-pessah\\\/#primaryimage\"},\"thumbnailUrl\":\"https:\\\/\\\/www.iemj.org\\\/wp-content\\\/uploads\\\/2020\\\/04\\\/Playlist-EHAD-MI-YODEA.jpg\",\"articleSection\":[\"Playlists\"],\"inLanguage\":\"de\"},{\"@type\":\"WebPage\",\"@id\":\"https:\\\/\\\/www.iemj.org\\\/de\\\/ehad-mi-yodea-une-chanson-de-pessah\\\/\",\"url\":\"https:\\\/\\\/www.iemj.org\\\/de\\\/ehad-mi-yodea-une-chanson-de-pessah\\\/\",\"name\":\"E\u2019had mi yodea, ein Pessach-Lied - Institut Europ\u00e9en des Musiques Juives\",\"isPartOf\":{\"@id\":\"https:\\\/\\\/www.iemj.org\\\/de\\\/#website\"},\"primaryImageOfPage\":{\"@id\":\"https:\\\/\\\/www.iemj.org\\\/de\\\/ehad-mi-yodea-une-chanson-de-pessah\\\/#primaryimage\"},\"image\":{\"@id\":\"https:\\\/\\\/www.iemj.org\\\/de\\\/ehad-mi-yodea-une-chanson-de-pessah\\\/#primaryimage\"},\"thumbnailUrl\":\"https:\\\/\\\/www.iemj.org\\\/wp-content\\\/uploads\\\/2020\\\/04\\\/Playlist-EHAD-MI-YODEA.jpg\",\"datePublished\":\"2020-04-02T09:24:11+00:00\",\"dateModified\":\"2025-03-31T12:49:07+00:00\",\"breadcrumb\":{\"@id\":\"https:\\\/\\\/www.iemj.org\\\/de\\\/ehad-mi-yodea-une-chanson-de-pessah\\\/#breadcrumb\"},\"inLanguage\":\"de\",\"potentialAction\":[{\"@type\":\"ReadAction\",\"target\":[\"https:\\\/\\\/www.iemj.org\\\/de\\\/ehad-mi-yodea-une-chanson-de-pessah\\\/\"]}]},{\"@type\":\"ImageObject\",\"inLanguage\":\"de\",\"@id\":\"https:\\\/\\\/www.iemj.org\\\/de\\\/ehad-mi-yodea-une-chanson-de-pessah\\\/#primaryimage\",\"url\":\"https:\\\/\\\/www.iemj.org\\\/wp-content\\\/uploads\\\/2020\\\/04\\\/Playlist-EHAD-MI-YODEA.jpg\",\"contentUrl\":\"https:\\\/\\\/www.iemj.org\\\/wp-content\\\/uploads\\\/2020\\\/04\\\/Playlist-EHAD-MI-YODEA.jpg\",\"width\":500,\"height\":500},{\"@type\":\"BreadcrumbList\",\"@id\":\"https:\\\/\\\/www.iemj.org\\\/de\\\/ehad-mi-yodea-une-chanson-de-pessah\\\/#breadcrumb\",\"itemListElement\":[{\"@type\":\"ListItem\",\"position\":1,\"name\":\"Accueil\",\"item\":\"https:\\\/\\\/www.iemj.org\\\/de\\\/\"},{\"@type\":\"ListItem\",\"position\":2,\"name\":\"E\u2019had mi yodea, ein Pessach-Lied\"}]},{\"@type\":\"WebSite\",\"@id\":\"https:\\\/\\\/www.iemj.org\\\/de\\\/#website\",\"url\":\"https:\\\/\\\/www.iemj.org\\\/de\\\/\",\"name\":\"Institut Europ\u00e9en des Musiques Juives\",\"description\":\"Des traditions musicales \u00e0 la port\u00e9e de tous\",\"publisher\":{\"@id\":\"https:\\\/\\\/www.iemj.org\\\/de\\\/#organization\"},\"potentialAction\":[{\"@type\":\"SearchAction\",\"target\":{\"@type\":\"EntryPoint\",\"urlTemplate\":\"https:\\\/\\\/www.iemj.org\\\/de\\\/?s={search_term_string}\"},\"query-input\":{\"@type\":\"PropertyValueSpecification\",\"valueRequired\":true,\"valueName\":\"search_term_string\"}}],\"inLanguage\":\"de\"},{\"@type\":\"Organization\",\"@id\":\"https:\\\/\\\/www.iemj.org\\\/de\\\/#organization\",\"name\":\"Institut Europ\u00e9en des Musiques Juives\",\"url\":\"https:\\\/\\\/www.iemj.org\\\/de\\\/\",\"logo\":{\"@type\":\"ImageObject\",\"inLanguage\":\"de\",\"@id\":\"https:\\\/\\\/www.iemj.org\\\/de\\\/#\\\/schema\\\/logo\\\/image\\\/\",\"url\":\"https:\\\/\\\/www.iemj.org\\\/wp-content\\\/uploads\\\/2021\\\/09\\\/Logo-IEMJ-Paypal.jpg\",\"contentUrl\":\"https:\\\/\\\/www.iemj.org\\\/wp-content\\\/uploads\\\/2021\\\/09\\\/Logo-IEMJ-Paypal.jpg\",\"width\":150,\"height\":50,\"caption\":\"Institut Europ\u00e9en des Musiques Juives\"},\"image\":{\"@id\":\"https:\\\/\\\/www.iemj.org\\\/de\\\/#\\\/schema\\\/logo\\\/image\\\/\"},\"sameAs\":[\"https:\\\/\\\/www.facebook.com\\\/MusiquesJuives\\\/\",\"https:\\\/\\\/www.instagram.com\\\/musiquesjuives\\\/\",\"https:\\\/\\\/www.youtube.com\\\/user\\\/musiquesjuives\"]},{\"@type\":\"Person\",\"@id\":\"https:\\\/\\\/www.iemj.org\\\/de\\\/#\\\/schema\\\/person\\\/906134402c29d5c76e7b726261dd4bbd\",\"name\":\"Herv\u00e9 Roten\",\"image\":{\"@type\":\"ImageObject\",\"inLanguage\":\"de\",\"@id\":\"https:\\\/\\\/secure.gravatar.com\\\/avatar\\\/f96ad2db538a26481f18384936b5cd0610c92d390c4dc382209216d455f685ff?s=96&d=mm&r=g\",\"url\":\"https:\\\/\\\/secure.gravatar.com\\\/avatar\\\/f96ad2db538a26481f18384936b5cd0610c92d390c4dc382209216d455f685ff?s=96&d=mm&r=g\",\"contentUrl\":\"https:\\\/\\\/secure.gravatar.com\\\/avatar\\\/f96ad2db538a26481f18384936b5cd0610c92d390c4dc382209216d455f685ff?s=96&d=mm&r=g\",\"caption\":\"Herv\u00e9 Roten\"}}]}<\/script>\n<!-- \/ Yoast SEO plugin. -->","yoast_head_json":{"title":"E\u2019had mi yodea, ein Pessach-Lied - Institut Europ\u00e9en des Musiques Juives","robots":{"index":"index","follow":"follow","max-snippet":"max-snippet:-1","max-image-preview":"max-image-preview:large","max-video-preview":"max-video-preview:-1"},"canonical":"https:\/\/www.iemj.org\/de\/ehad-mi-yodea-une-chanson-de-pessah\/","og_locale":"de_DE","og_type":"article","og_title":"E\u2019had mi yodea, ein Pessach-Lied - Institut Europ\u00e9en des Musiques Juives","og_description":"E&#8217;had mi yodea, das Pessach-Lied, das in allen j\u00fcdischen Traditionen gesungen wird (oder fast!)","og_url":"https:\/\/www.iemj.org\/de\/ehad-mi-yodea-une-chanson-de-pessah\/","og_site_name":"Institut Europ\u00e9en des Musiques Juives","article_publisher":"https:\/\/www.facebook.com\/MusiquesJuives\/","article_published_time":"2020-04-02T09:24:11+00:00","article_modified_time":"2025-03-31T12:49:07+00:00","og_image":[{"width":500,"height":500,"url":"https:\/\/www.iemj.org\/wp-content\/uploads\/2020\/04\/Playlist-EHAD-MI-YODEA.jpg","type":"image\/jpeg"}],"author":"Herv\u00e9 Roten","twitter_card":"summary_large_image","twitter_misc":{"Verfasst von":"Herv\u00e9 Roten","Gesch\u00e4tzte Lesezeit":"2\u00a0Minuten"},"schema":{"@context":"https:\/\/schema.org","@graph":[{"@type":"Article","@id":"https:\/\/www.iemj.org\/de\/ehad-mi-yodea-une-chanson-de-pessah\/#article","isPartOf":{"@id":"https:\/\/www.iemj.org\/de\/ehad-mi-yodea-une-chanson-de-pessah\/"},"author":{"name":"Herv\u00e9 Roten","@id":"https:\/\/www.iemj.org\/de\/#\/schema\/person\/906134402c29d5c76e7b726261dd4bbd"},"headline":"E\u2019had mi yodea, ein Pessach-Lied","datePublished":"2020-04-02T09:24:11+00:00","dateModified":"2025-03-31T12:49:07+00:00","mainEntityOfPage":{"@id":"https:\/\/www.iemj.org\/de\/ehad-mi-yodea-une-chanson-de-pessah\/"},"wordCount":315,"publisher":{"@id":"https:\/\/www.iemj.org\/de\/#organization"},"image":{"@id":"https:\/\/www.iemj.org\/de\/ehad-mi-yodea-une-chanson-de-pessah\/#primaryimage"},"thumbnailUrl":"https:\/\/www.iemj.org\/wp-content\/uploads\/2020\/04\/Playlist-EHAD-MI-YODEA.jpg","articleSection":["Playlists"],"inLanguage":"de"},{"@type":"WebPage","@id":"https:\/\/www.iemj.org\/de\/ehad-mi-yodea-une-chanson-de-pessah\/","url":"https:\/\/www.iemj.org\/de\/ehad-mi-yodea-une-chanson-de-pessah\/","name":"E\u2019had mi yodea, ein Pessach-Lied - Institut Europ\u00e9en des Musiques Juives","isPartOf":{"@id":"https:\/\/www.iemj.org\/de\/#website"},"primaryImageOfPage":{"@id":"https:\/\/www.iemj.org\/de\/ehad-mi-yodea-une-chanson-de-pessah\/#primaryimage"},"image":{"@id":"https:\/\/www.iemj.org\/de\/ehad-mi-yodea-une-chanson-de-pessah\/#primaryimage"},"thumbnailUrl":"https:\/\/www.iemj.org\/wp-content\/uploads\/2020\/04\/Playlist-EHAD-MI-YODEA.jpg","datePublished":"2020-04-02T09:24:11+00:00","dateModified":"2025-03-31T12:49:07+00:00","breadcrumb":{"@id":"https:\/\/www.iemj.org\/de\/ehad-mi-yodea-une-chanson-de-pessah\/#breadcrumb"},"inLanguage":"de","potentialAction":[{"@type":"ReadAction","target":["https:\/\/www.iemj.org\/de\/ehad-mi-yodea-une-chanson-de-pessah\/"]}]},{"@type":"ImageObject","inLanguage":"de","@id":"https:\/\/www.iemj.org\/de\/ehad-mi-yodea-une-chanson-de-pessah\/#primaryimage","url":"https:\/\/www.iemj.org\/wp-content\/uploads\/2020\/04\/Playlist-EHAD-MI-YODEA.jpg","contentUrl":"https:\/\/www.iemj.org\/wp-content\/uploads\/2020\/04\/Playlist-EHAD-MI-YODEA.jpg","width":500,"height":500},{"@type":"BreadcrumbList","@id":"https:\/\/www.iemj.org\/de\/ehad-mi-yodea-une-chanson-de-pessah\/#breadcrumb","itemListElement":[{"@type":"ListItem","position":1,"name":"Accueil","item":"https:\/\/www.iemj.org\/de\/"},{"@type":"ListItem","position":2,"name":"E\u2019had mi yodea, ein Pessach-Lied"}]},{"@type":"WebSite","@id":"https:\/\/www.iemj.org\/de\/#website","url":"https:\/\/www.iemj.org\/de\/","name":"Institut Europ\u00e9en des Musiques Juives","description":"Des traditions musicales \u00e0 la port\u00e9e de tous","publisher":{"@id":"https:\/\/www.iemj.org\/de\/#organization"},"potentialAction":[{"@type":"SearchAction","target":{"@type":"EntryPoint","urlTemplate":"https:\/\/www.iemj.org\/de\/?s={search_term_string}"},"query-input":{"@type":"PropertyValueSpecification","valueRequired":true,"valueName":"search_term_string"}}],"inLanguage":"de"},{"@type":"Organization","@id":"https:\/\/www.iemj.org\/de\/#organization","name":"Institut Europ\u00e9en des Musiques Juives","url":"https:\/\/www.iemj.org\/de\/","logo":{"@type":"ImageObject","inLanguage":"de","@id":"https:\/\/www.iemj.org\/de\/#\/schema\/logo\/image\/","url":"https:\/\/www.iemj.org\/wp-content\/uploads\/2021\/09\/Logo-IEMJ-Paypal.jpg","contentUrl":"https:\/\/www.iemj.org\/wp-content\/uploads\/2021\/09\/Logo-IEMJ-Paypal.jpg","width":150,"height":50,"caption":"Institut Europ\u00e9en des Musiques Juives"},"image":{"@id":"https:\/\/www.iemj.org\/de\/#\/schema\/logo\/image\/"},"sameAs":["https:\/\/www.facebook.com\/MusiquesJuives\/","https:\/\/www.instagram.com\/musiquesjuives\/","https:\/\/www.youtube.com\/user\/musiquesjuives"]},{"@type":"Person","@id":"https:\/\/www.iemj.org\/de\/#\/schema\/person\/906134402c29d5c76e7b726261dd4bbd","name":"Herv\u00e9 Roten","image":{"@type":"ImageObject","inLanguage":"de","@id":"https:\/\/secure.gravatar.com\/avatar\/f96ad2db538a26481f18384936b5cd0610c92d390c4dc382209216d455f685ff?s=96&d=mm&r=g","url":"https:\/\/secure.gravatar.com\/avatar\/f96ad2db538a26481f18384936b5cd0610c92d390c4dc382209216d455f685ff?s=96&d=mm&r=g","contentUrl":"https:\/\/secure.gravatar.com\/avatar\/f96ad2db538a26481f18384936b5cd0610c92d390c4dc382209216d455f685ff?s=96&d=mm&r=g","caption":"Herv\u00e9 Roten"}}]}},"_links":{"self":[{"href":"https:\/\/www.iemj.org\/de\/wp-json\/wp\/v2\/posts\/62789","targetHints":{"allow":["GET"]}}],"collection":[{"href":"https:\/\/www.iemj.org\/de\/wp-json\/wp\/v2\/posts"}],"about":[{"href":"https:\/\/www.iemj.org\/de\/wp-json\/wp\/v2\/types\/post"}],"author":[{"embeddable":true,"href":"https:\/\/www.iemj.org\/de\/wp-json\/wp\/v2\/users\/1045"}],"replies":[{"embeddable":true,"href":"https:\/\/www.iemj.org\/de\/wp-json\/wp\/v2\/comments?post=62789"}],"version-history":[{"count":0,"href":"https:\/\/www.iemj.org\/de\/wp-json\/wp\/v2\/posts\/62789\/revisions"}],"wp:featuredmedia":[{"embeddable":true,"href":"https:\/\/www.iemj.org\/de\/wp-json\/wp\/v2\/media\/111163"}],"wp:attachment":[{"href":"https:\/\/www.iemj.org\/de\/wp-json\/wp\/v2\/media?parent=62789"}],"wp:term":[{"taxonomy":"category","embeddable":true,"href":"https:\/\/www.iemj.org\/de\/wp-json\/wp\/v2\/categories?post=62789"},{"taxonomy":"post_tag","embeddable":true,"href":"https:\/\/www.iemj.org\/de\/wp-json\/wp\/v2\/tags?post=62789"},{"taxonomy":"technique","embeddable":true,"href":"https:\/\/www.iemj.org\/de\/wp-json\/wp\/v2\/technique?post=62789"},{"taxonomy":"squelettes","embeddable":true,"href":"https:\/\/www.iemj.org\/de\/wp-json\/wp\/v2\/squelettes?post=62789"},{"taxonomy":"sujet","embeddable":true,"href":"https:\/\/www.iemj.org\/de\/wp-json\/wp\/v2\/sujet?post=62789"},{"taxonomy":"formation","embeddable":true,"href":"https:\/\/www.iemj.org\/de\/wp-json\/wp\/v2\/formation?post=62789"},{"taxonomy":"genre","embeddable":true,"href":"https:\/\/www.iemj.org\/de\/wp-json\/wp\/v2\/genre?post=62789"},{"taxonomy":"fonds","embeddable":true,"href":"https:\/\/www.iemj.org\/de\/wp-json\/wp\/v2\/fonds?post=62789"},{"taxonomy":"tradition","embeddable":true,"href":"https:\/\/www.iemj.org\/de\/wp-json\/wp\/v2\/tradition?post=62789"},{"taxonomy":"type-de-contenu","embeddable":true,"href":"https:\/\/www.iemj.org\/de\/wp-json\/wp\/v2\/type-de-contenu?post=62789"},{"taxonomy":"interprete-compositeur","embeddable":true,"href":"https:\/\/www.iemj.org\/de\/wp-json\/wp\/v2\/interprete-compositeur?post=62789"},{"taxonomy":"frise","embeddable":true,"href":"https:\/\/www.iemj.org\/de\/wp-json\/wp\/v2\/frise?post=62789"},{"taxonomy":"type-devenement","embeddable":true,"href":"https:\/\/www.iemj.org\/de\/wp-json\/wp\/v2\/type-devenement?post=62789"},{"taxonomy":"tableaux-liens-externes","embeddable":true,"href":"https:\/\/www.iemj.org\/de\/wp-json\/wp\/v2\/tableaux-liens-externes?post=62789"}],"curies":[{"name":"wp","href":"https:\/\/api.w.org\/{rel}","templated":true}]}}