{"id":62881,"date":"2018-02-27T11:02:26","date_gmt":"2018-02-27T10:02:26","guid":{"rendered":"https:\/\/www.iemj.org\/fonds-abbina-diena\/"},"modified":"2021-09-11T18:43:11","modified_gmt":"2021-09-11T16:43:11","slug":"fonds-abbina-diena","status":"publish","type":"post","link":"https:\/\/www.iemj.org\/de\/fonds-abbina-diena\/","title":{"rendered":"Abbina-Diena-Fonds"},"content":{"rendered":"<p>In dem Bestreben, den italienischen Judaismus und seine bisher relativ unbekannten musikalischen Traditionen bekannt zu machen, hat der aus Turin stammende Gianni Diena dem Institut Europ\u00e9en des Musiques Juives mehrere Dokumente anvertraut: CDs, Partituren und B\u00fccher, welche eine bereits bestehende Sammlung italienisch-j\u00fcdischer Musikarchive bereichern, die insbesondere aus der Barockzeit (Salomone Rossi und Lidarti) stammt.<\/p>\n<p>Diese Dokumente, teilweise in italienischer Sprache, teilweise aber auch auf Englisch oder auf Hebr\u00e4isch, zeugen von dem Reichtum der italienischen Musiktraditionen, die eng mit der Geschichte der j\u00fcdischen auf der transalpinen Halbinsel lebenden Gemeinschaften, verbunden sind.<\/p>\n<p><img decoding=\"async\" class=\" alignright  wp-image-18544\" src=\"https:\/\/www.iemj.org\/wp-content\/uploads\/2018\/02\/l_718_couv.jpg\" alt=\"l_718_couv.jpg\" width=\"189\" height=\"264\" align=\"right\" srcset=\"https:\/\/www.iemj.org\/wp-content\/uploads\/2018\/02\/l_718_couv.jpg 286w, https:\/\/www.iemj.org\/wp-content\/uploads\/2018\/02\/l_718_couv-215x300.jpg 215w\" sizes=\"(max-width: 189px) 100vw, 189px\" \/><\/p>\n<p>Der Ursprung der italienischen Juden ist \u00fcberaus vielf\u00e4ltig. Enzo Scotto meint, \u201eManche Juden stammen von den Juden ab, die bereits zu Zeiten des R\u00f6mischen Reichs in Italien lebten. Andere sind aschkenasische Juden, die besonders im 14. Jahrhundert Deutschland und Frankreich verlie\u00dfen. Im Laufe des Jahrhunderts verlie\u00dfen die franz\u00f6sischen Juden [vor allem die provenzalischen] Frankreich. Am Ende des f\u00fcnfzehnten und im Laufe des 16. Jahrhunderts kam es zur sephardischen Auswanderung aus Spanien und zur R\u00fcckbekehrung der spanischst\u00e4mmigen Marranen zum Judaismus. (\u2026) In der zweiten H\u00e4lfte des 16. Jahrhunderts, wurden anderen Juden aus muslimischen L\u00e4ndern, von dem neuen Freihafen von Livorno angezogen wurden, einer Stadt, in der Juden, \u00fcber zwei Jahrhunderte hinweg, besser lebten als anderswo.\u201c (Siehe \u201eLes Juifs d\u2019Italie\u201c &#8211; Isra\u00ebl Magazine, 14. Februar 2016)<\/p>\n<p><img fetchpriority=\"high\" decoding=\"async\" class=\" alignleft  wp-image-18546\" src=\"https:\/\/www.iemj.org\/wp-content\/uploads\/2018\/02\/l_720_couv.jpg\" alt=\"l_720_couv.jpg\" width=\"227\" height=\"325\" align=\"left\" srcset=\"https:\/\/www.iemj.org\/wp-content\/uploads\/2018\/02\/l_720_couv.jpg 279w, https:\/\/www.iemj.org\/wp-content\/uploads\/2018\/02\/l_720_couv-209x300.jpg 209w\" sizes=\"(max-width: 227px) 100vw, 227px\" \/> <img decoding=\"async\" class=\"wp-image-18548 alignright\" src=\"https:\/\/www.iemj.org\/wp-content\/uploads\/2018\/02\/l_719_couv.jpg\" alt=\"l_719_couv.jpg\" width=\"192\" height=\"326\" align=\"left\" srcset=\"https:\/\/www.iemj.org\/wp-content\/uploads\/2018\/02\/l_719_couv.jpg 235w, https:\/\/www.iemj.org\/wp-content\/uploads\/2018\/02\/l_719_couv-176x300.jpg 176w\" sizes=\"(max-width: 192px) 100vw, 192px\" \/><\/p>\n<p>Die Sammlung des Abbina-Diena Fonds besteht aus vielf\u00e4ltigen Ver\u00f6ffentlichungen, welche die verschiedenen j\u00fcdischen, synagogalen und weltlichen Musikpraktiken Italiens, insbesondere des 19. Jahrhunderts, behandeln. Manche Werke, wie etwa <em>Musiche della tradizione ebraica in Piemento \u2013 Le registrazioni di Leo Levi <\/em>(1954) \/ Franco Segre &#8211; 2015, handeln von den regionalen Besonderheiten; andere von besonderen Thematiken, wie der j\u00fcdischen Mystik (<em>Musica e canto nella mistica ebraica<\/em>\u00a0\/ Enrico Fubini &#8211; 2012).<\/p>\n<p><em><strong><img loading=\"lazy\" decoding=\"async\" class=\" alignleft  wp-image-18550\" src=\"https:\/\/www.iemj.org\/wp-content\/uploads\/2018\/02\/cd_896_couv-2.jpg\" alt=\"cd_896_couv-2.jpg\" width=\"224\" height=\"218\" align=\"left\" \/><\/strong><\/em><\/p>\n<p>Au\u00dferdem besteht diese Sammlung auch aus CDs, welche die Geschichte und die musikalische Traditionen des j\u00fcdischen Volks in Italien illustrieren, wie etwa die CD <strong><em>Chatan Ve KaIlah &#8211; Il matrimonio ebraico a Roma<\/em>\u00a0\/\u00a0Coro Ha-Kol<\/strong> \u00fcber die j\u00fcdische Hochzeitszeremonie in Italien.<\/p>\n<p>Schlie\u00dflich sind in der Sammlung auch zeitgen\u00f6ssische Musikst\u00fccke enthalten, darunter eine handschriftliche Partitur der Kammermusik f\u00fcr Sopran, Darsteller und f\u00fcnf Instrumente, geschrieben f\u00fcr Gilberto Bosco, namens <a href=\"https:\/\/www.iemj.org\/de\/il-gioco-delle-sorti\/\" target=\"_blank\" rel=\"noopener\">\u201eIl gioco delle sorti\u201c<\/a>, \u00fcber Esther und das Purim-Fest (begleitet von einer CD).<\/p>\n<p>Diese Archive sind ab sofort im Katalog der Sammlungen (<strong><a href=\"http:\/\/www.rachelnet.net\/F\/?func=find-c&amp;ccl_term=WHOL+%3D+Diena&amp;local_base=iemcg\" target=\"_blank\" rel=\"noopener\">auf den Abbina-Diena Fonds zugreifen<\/a><\/strong>) oder auf Terminanfrage am Institut Europ\u00e9en des musiques Juives (<a href=\"mailto:contact@iemj.org\">contact@iemj.org<\/a>) einsehbar.<\/p>\n","protected":false},"excerpt":{"rendered":"<p>In dem Bestreben, den italienischen Judaismus und seine bisher relativ unbekannten musikalischen Traditionen bekannt zu machen, hat der aus Turin stammende Gianni Diena dem Institut Europ\u00e9en des Musiques Juives mehrere<\/p>\n","protected":false},"author":5,"featured_media":83271,"comment_status":"closed","ping_status":"open","sticky":false,"template":"","format":"standard","meta":{"_acf_changed":false,"footnotes":""},"categories":[1585],"tags":[2090],"technique":[],"squelettes":[],"sujet":[],"formation":[],"genre":[],"fonds":[],"tradition":[],"type-de-contenu":[],"interprete-compositeur":[],"frise":[],"type-devenement":[],"tableaux-liens-externes":[],"class_list":["post-62881","post","type-post","status-publish","format-standard","has-post-thumbnail","hentry","category-fonds-de","tag-italien-de"],"acf":[],"yoast_head":"<!-- This site is optimized with the Yoast SEO plugin v27.3 - https:\/\/yoast.com\/product\/yoast-seo-wordpress\/ -->\n<title>Abbina-Diena-Fonds - Institut Europ\u00e9en des Musiques Juives<\/title>\n<meta name=\"robots\" content=\"index, follow, max-snippet:-1, max-image-preview:large, max-video-preview:-1\" \/>\n<link rel=\"canonical\" href=\"https:\/\/www.iemj.org\/de\/fonds-abbina-diena\/\" \/>\n<meta property=\"og:locale\" content=\"de_DE\" \/>\n<meta property=\"og:type\" content=\"article\" \/>\n<meta property=\"og:title\" content=\"Abbina-Diena-Fonds - Institut Europ\u00e9en des Musiques Juives\" \/>\n<meta property=\"og:description\" content=\"In dem Bestreben, den italienischen Judaismus und seine bisher relativ unbekannten musikalischen Traditionen bekannt zu machen, hat der aus Turin stammende Gianni Diena dem Institut Europ\u00e9en des Musiques Juives mehrere\" \/>\n<meta property=\"og:url\" content=\"https:\/\/www.iemj.org\/de\/fonds-abbina-diena\/\" \/>\n<meta property=\"og:site_name\" content=\"Institut Europ\u00e9en des Musiques Juives\" \/>\n<meta property=\"article:publisher\" content=\"https:\/\/www.facebook.com\/MusiquesJuives\/\" \/>\n<meta property=\"article:published_time\" content=\"2018-02-27T10:02:26+00:00\" \/>\n<meta property=\"article:modified_time\" content=\"2021-09-11T16:43:11+00:00\" \/>\n<meta property=\"og:image\" content=\"https:\/\/www.iemj.org\/wp-content\/uploads\/2018\/02\/Fonds-Diena.jpg\" \/>\n\t<meta property=\"og:image:width\" content=\"575\" \/>\n\t<meta property=\"og:image:height\" content=\"575\" \/>\n\t<meta property=\"og:image:type\" content=\"image\/jpeg\" \/>\n<meta name=\"author\" content=\"Jacqueline ROTEN\" \/>\n<meta name=\"twitter:card\" content=\"summary_large_image\" \/>\n<meta name=\"twitter:label1\" content=\"Verfasst von\" \/>\n\t<meta name=\"twitter:data1\" content=\"Jacqueline ROTEN\" \/>\n\t<meta name=\"twitter:label2\" content=\"Gesch\u00e4tzte Lesezeit\" \/>\n\t<meta name=\"twitter:data2\" content=\"3\u00a0Minuten\" \/>\n<script type=\"application\/ld+json\" class=\"yoast-schema-graph\">{\"@context\":\"https:\\\/\\\/schema.org\",\"@graph\":[{\"@type\":\"Article\",\"@id\":\"https:\\\/\\\/www.iemj.org\\\/de\\\/fonds-abbina-diena\\\/#article\",\"isPartOf\":{\"@id\":\"https:\\\/\\\/www.iemj.org\\\/de\\\/fonds-abbina-diena\\\/\"},\"author\":{\"name\":\"Jacqueline ROTEN\",\"@id\":\"https:\\\/\\\/www.iemj.org\\\/de\\\/#\\\/schema\\\/person\\\/358e26c18aca017fcc4cc15437f7279c\"},\"headline\":\"Abbina-Diena-Fonds\",\"datePublished\":\"2018-02-27T10:02:26+00:00\",\"dateModified\":\"2021-09-11T16:43:11+00:00\",\"mainEntityOfPage\":{\"@id\":\"https:\\\/\\\/www.iemj.org\\\/de\\\/fonds-abbina-diena\\\/\"},\"wordCount\":409,\"publisher\":{\"@id\":\"https:\\\/\\\/www.iemj.org\\\/de\\\/#organization\"},\"image\":{\"@id\":\"https:\\\/\\\/www.iemj.org\\\/de\\\/fonds-abbina-diena\\\/#primaryimage\"},\"thumbnailUrl\":\"https:\\\/\\\/www.iemj.org\\\/wp-content\\\/uploads\\\/2018\\\/02\\\/Fonds-Diena.jpg\",\"keywords\":[\"Italien\"],\"articleSection\":[\"Fonds\"],\"inLanguage\":\"de\"},{\"@type\":\"WebPage\",\"@id\":\"https:\\\/\\\/www.iemj.org\\\/de\\\/fonds-abbina-diena\\\/\",\"url\":\"https:\\\/\\\/www.iemj.org\\\/de\\\/fonds-abbina-diena\\\/\",\"name\":\"Abbina-Diena-Fonds - Institut Europ\u00e9en des Musiques Juives\",\"isPartOf\":{\"@id\":\"https:\\\/\\\/www.iemj.org\\\/de\\\/#website\"},\"primaryImageOfPage\":{\"@id\":\"https:\\\/\\\/www.iemj.org\\\/de\\\/fonds-abbina-diena\\\/#primaryimage\"},\"image\":{\"@id\":\"https:\\\/\\\/www.iemj.org\\\/de\\\/fonds-abbina-diena\\\/#primaryimage\"},\"thumbnailUrl\":\"https:\\\/\\\/www.iemj.org\\\/wp-content\\\/uploads\\\/2018\\\/02\\\/Fonds-Diena.jpg\",\"datePublished\":\"2018-02-27T10:02:26+00:00\",\"dateModified\":\"2021-09-11T16:43:11+00:00\",\"breadcrumb\":{\"@id\":\"https:\\\/\\\/www.iemj.org\\\/de\\\/fonds-abbina-diena\\\/#breadcrumb\"},\"inLanguage\":\"de\",\"potentialAction\":[{\"@type\":\"ReadAction\",\"target\":[\"https:\\\/\\\/www.iemj.org\\\/de\\\/fonds-abbina-diena\\\/\"]}]},{\"@type\":\"ImageObject\",\"inLanguage\":\"de\",\"@id\":\"https:\\\/\\\/www.iemj.org\\\/de\\\/fonds-abbina-diena\\\/#primaryimage\",\"url\":\"https:\\\/\\\/www.iemj.org\\\/wp-content\\\/uploads\\\/2018\\\/02\\\/Fonds-Diena.jpg\",\"contentUrl\":\"https:\\\/\\\/www.iemj.org\\\/wp-content\\\/uploads\\\/2018\\\/02\\\/Fonds-Diena.jpg\",\"width\":575,\"height\":575},{\"@type\":\"BreadcrumbList\",\"@id\":\"https:\\\/\\\/www.iemj.org\\\/de\\\/fonds-abbina-diena\\\/#breadcrumb\",\"itemListElement\":[{\"@type\":\"ListItem\",\"position\":1,\"name\":\"Accueil\",\"item\":\"https:\\\/\\\/www.iemj.org\\\/de\\\/\"},{\"@type\":\"ListItem\",\"position\":2,\"name\":\"Abbina-Diena-Fonds\"}]},{\"@type\":\"WebSite\",\"@id\":\"https:\\\/\\\/www.iemj.org\\\/de\\\/#website\",\"url\":\"https:\\\/\\\/www.iemj.org\\\/de\\\/\",\"name\":\"Institut Europ\u00e9en des Musiques Juives\",\"description\":\"Des traditions musicales \u00e0 la port\u00e9e de tous\",\"publisher\":{\"@id\":\"https:\\\/\\\/www.iemj.org\\\/de\\\/#organization\"},\"potentialAction\":[{\"@type\":\"SearchAction\",\"target\":{\"@type\":\"EntryPoint\",\"urlTemplate\":\"https:\\\/\\\/www.iemj.org\\\/de\\\/?s={search_term_string}\"},\"query-input\":{\"@type\":\"PropertyValueSpecification\",\"valueRequired\":true,\"valueName\":\"search_term_string\"}}],\"inLanguage\":\"de\"},{\"@type\":\"Organization\",\"@id\":\"https:\\\/\\\/www.iemj.org\\\/de\\\/#organization\",\"name\":\"Institut Europ\u00e9en des Musiques Juives\",\"url\":\"https:\\\/\\\/www.iemj.org\\\/de\\\/\",\"logo\":{\"@type\":\"ImageObject\",\"inLanguage\":\"de\",\"@id\":\"https:\\\/\\\/www.iemj.org\\\/de\\\/#\\\/schema\\\/logo\\\/image\\\/\",\"url\":\"https:\\\/\\\/www.iemj.org\\\/wp-content\\\/uploads\\\/2021\\\/09\\\/Logo-IEMJ-Paypal.jpg\",\"contentUrl\":\"https:\\\/\\\/www.iemj.org\\\/wp-content\\\/uploads\\\/2021\\\/09\\\/Logo-IEMJ-Paypal.jpg\",\"width\":150,\"height\":50,\"caption\":\"Institut Europ\u00e9en des Musiques Juives\"},\"image\":{\"@id\":\"https:\\\/\\\/www.iemj.org\\\/de\\\/#\\\/schema\\\/logo\\\/image\\\/\"},\"sameAs\":[\"https:\\\/\\\/www.facebook.com\\\/MusiquesJuives\\\/\",\"https:\\\/\\\/www.instagram.com\\\/musiquesjuives\\\/\",\"https:\\\/\\\/www.youtube.com\\\/user\\\/musiquesjuives\"]},{\"@type\":\"Person\",\"@id\":\"https:\\\/\\\/www.iemj.org\\\/de\\\/#\\\/schema\\\/person\\\/358e26c18aca017fcc4cc15437f7279c\",\"name\":\"Jacqueline ROTEN\",\"image\":{\"@type\":\"ImageObject\",\"inLanguage\":\"de\",\"@id\":\"https:\\\/\\\/secure.gravatar.com\\\/avatar\\\/5964256d6c6957de3a3505278957e0fb2a35119ac47ea41827a65301213c810b?s=96&d=mm&r=g\",\"url\":\"https:\\\/\\\/secure.gravatar.com\\\/avatar\\\/5964256d6c6957de3a3505278957e0fb2a35119ac47ea41827a65301213c810b?s=96&d=mm&r=g\",\"contentUrl\":\"https:\\\/\\\/secure.gravatar.com\\\/avatar\\\/5964256d6c6957de3a3505278957e0fb2a35119ac47ea41827a65301213c810b?s=96&d=mm&r=g\",\"caption\":\"Jacqueline ROTEN\"}}]}<\/script>\n<!-- \/ Yoast SEO plugin. -->","yoast_head_json":{"title":"Abbina-Diena-Fonds - Institut Europ\u00e9en des Musiques Juives","robots":{"index":"index","follow":"follow","max-snippet":"max-snippet:-1","max-image-preview":"max-image-preview:large","max-video-preview":"max-video-preview:-1"},"canonical":"https:\/\/www.iemj.org\/de\/fonds-abbina-diena\/","og_locale":"de_DE","og_type":"article","og_title":"Abbina-Diena-Fonds - Institut Europ\u00e9en des Musiques Juives","og_description":"In dem Bestreben, den italienischen Judaismus und seine bisher relativ unbekannten musikalischen Traditionen bekannt zu machen, hat der aus Turin stammende Gianni Diena dem Institut Europ\u00e9en des Musiques Juives mehrere","og_url":"https:\/\/www.iemj.org\/de\/fonds-abbina-diena\/","og_site_name":"Institut Europ\u00e9en des Musiques Juives","article_publisher":"https:\/\/www.facebook.com\/MusiquesJuives\/","article_published_time":"2018-02-27T10:02:26+00:00","article_modified_time":"2021-09-11T16:43:11+00:00","og_image":[{"width":575,"height":575,"url":"https:\/\/www.iemj.org\/wp-content\/uploads\/2018\/02\/Fonds-Diena.jpg","type":"image\/jpeg"}],"author":"Jacqueline ROTEN","twitter_card":"summary_large_image","twitter_misc":{"Verfasst von":"Jacqueline ROTEN","Gesch\u00e4tzte Lesezeit":"3\u00a0Minuten"},"schema":{"@context":"https:\/\/schema.org","@graph":[{"@type":"Article","@id":"https:\/\/www.iemj.org\/de\/fonds-abbina-diena\/#article","isPartOf":{"@id":"https:\/\/www.iemj.org\/de\/fonds-abbina-diena\/"},"author":{"name":"Jacqueline ROTEN","@id":"https:\/\/www.iemj.org\/de\/#\/schema\/person\/358e26c18aca017fcc4cc15437f7279c"},"headline":"Abbina-Diena-Fonds","datePublished":"2018-02-27T10:02:26+00:00","dateModified":"2021-09-11T16:43:11+00:00","mainEntityOfPage":{"@id":"https:\/\/www.iemj.org\/de\/fonds-abbina-diena\/"},"wordCount":409,"publisher":{"@id":"https:\/\/www.iemj.org\/de\/#organization"},"image":{"@id":"https:\/\/www.iemj.org\/de\/fonds-abbina-diena\/#primaryimage"},"thumbnailUrl":"https:\/\/www.iemj.org\/wp-content\/uploads\/2018\/02\/Fonds-Diena.jpg","keywords":["Italien"],"articleSection":["Fonds"],"inLanguage":"de"},{"@type":"WebPage","@id":"https:\/\/www.iemj.org\/de\/fonds-abbina-diena\/","url":"https:\/\/www.iemj.org\/de\/fonds-abbina-diena\/","name":"Abbina-Diena-Fonds - Institut Europ\u00e9en des Musiques Juives","isPartOf":{"@id":"https:\/\/www.iemj.org\/de\/#website"},"primaryImageOfPage":{"@id":"https:\/\/www.iemj.org\/de\/fonds-abbina-diena\/#primaryimage"},"image":{"@id":"https:\/\/www.iemj.org\/de\/fonds-abbina-diena\/#primaryimage"},"thumbnailUrl":"https:\/\/www.iemj.org\/wp-content\/uploads\/2018\/02\/Fonds-Diena.jpg","datePublished":"2018-02-27T10:02:26+00:00","dateModified":"2021-09-11T16:43:11+00:00","breadcrumb":{"@id":"https:\/\/www.iemj.org\/de\/fonds-abbina-diena\/#breadcrumb"},"inLanguage":"de","potentialAction":[{"@type":"ReadAction","target":["https:\/\/www.iemj.org\/de\/fonds-abbina-diena\/"]}]},{"@type":"ImageObject","inLanguage":"de","@id":"https:\/\/www.iemj.org\/de\/fonds-abbina-diena\/#primaryimage","url":"https:\/\/www.iemj.org\/wp-content\/uploads\/2018\/02\/Fonds-Diena.jpg","contentUrl":"https:\/\/www.iemj.org\/wp-content\/uploads\/2018\/02\/Fonds-Diena.jpg","width":575,"height":575},{"@type":"BreadcrumbList","@id":"https:\/\/www.iemj.org\/de\/fonds-abbina-diena\/#breadcrumb","itemListElement":[{"@type":"ListItem","position":1,"name":"Accueil","item":"https:\/\/www.iemj.org\/de\/"},{"@type":"ListItem","position":2,"name":"Abbina-Diena-Fonds"}]},{"@type":"WebSite","@id":"https:\/\/www.iemj.org\/de\/#website","url":"https:\/\/www.iemj.org\/de\/","name":"Institut Europ\u00e9en des Musiques Juives","description":"Des traditions musicales \u00e0 la port\u00e9e de tous","publisher":{"@id":"https:\/\/www.iemj.org\/de\/#organization"},"potentialAction":[{"@type":"SearchAction","target":{"@type":"EntryPoint","urlTemplate":"https:\/\/www.iemj.org\/de\/?s={search_term_string}"},"query-input":{"@type":"PropertyValueSpecification","valueRequired":true,"valueName":"search_term_string"}}],"inLanguage":"de"},{"@type":"Organization","@id":"https:\/\/www.iemj.org\/de\/#organization","name":"Institut Europ\u00e9en des Musiques Juives","url":"https:\/\/www.iemj.org\/de\/","logo":{"@type":"ImageObject","inLanguage":"de","@id":"https:\/\/www.iemj.org\/de\/#\/schema\/logo\/image\/","url":"https:\/\/www.iemj.org\/wp-content\/uploads\/2021\/09\/Logo-IEMJ-Paypal.jpg","contentUrl":"https:\/\/www.iemj.org\/wp-content\/uploads\/2021\/09\/Logo-IEMJ-Paypal.jpg","width":150,"height":50,"caption":"Institut Europ\u00e9en des Musiques Juives"},"image":{"@id":"https:\/\/www.iemj.org\/de\/#\/schema\/logo\/image\/"},"sameAs":["https:\/\/www.facebook.com\/MusiquesJuives\/","https:\/\/www.instagram.com\/musiquesjuives\/","https:\/\/www.youtube.com\/user\/musiquesjuives"]},{"@type":"Person","@id":"https:\/\/www.iemj.org\/de\/#\/schema\/person\/358e26c18aca017fcc4cc15437f7279c","name":"Jacqueline ROTEN","image":{"@type":"ImageObject","inLanguage":"de","@id":"https:\/\/secure.gravatar.com\/avatar\/5964256d6c6957de3a3505278957e0fb2a35119ac47ea41827a65301213c810b?s=96&d=mm&r=g","url":"https:\/\/secure.gravatar.com\/avatar\/5964256d6c6957de3a3505278957e0fb2a35119ac47ea41827a65301213c810b?s=96&d=mm&r=g","contentUrl":"https:\/\/secure.gravatar.com\/avatar\/5964256d6c6957de3a3505278957e0fb2a35119ac47ea41827a65301213c810b?s=96&d=mm&r=g","caption":"Jacqueline ROTEN"}}]}},"_links":{"self":[{"href":"https:\/\/www.iemj.org\/de\/wp-json\/wp\/v2\/posts\/62881","targetHints":{"allow":["GET"]}}],"collection":[{"href":"https:\/\/www.iemj.org\/de\/wp-json\/wp\/v2\/posts"}],"about":[{"href":"https:\/\/www.iemj.org\/de\/wp-json\/wp\/v2\/types\/post"}],"author":[{"embeddable":true,"href":"https:\/\/www.iemj.org\/de\/wp-json\/wp\/v2\/users\/5"}],"replies":[{"embeddable":true,"href":"https:\/\/www.iemj.org\/de\/wp-json\/wp\/v2\/comments?post=62881"}],"version-history":[{"count":0,"href":"https:\/\/www.iemj.org\/de\/wp-json\/wp\/v2\/posts\/62881\/revisions"}],"wp:featuredmedia":[{"embeddable":true,"href":"https:\/\/www.iemj.org\/de\/wp-json\/wp\/v2\/media\/83271"}],"wp:attachment":[{"href":"https:\/\/www.iemj.org\/de\/wp-json\/wp\/v2\/media?parent=62881"}],"wp:term":[{"taxonomy":"category","embeddable":true,"href":"https:\/\/www.iemj.org\/de\/wp-json\/wp\/v2\/categories?post=62881"},{"taxonomy":"post_tag","embeddable":true,"href":"https:\/\/www.iemj.org\/de\/wp-json\/wp\/v2\/tags?post=62881"},{"taxonomy":"technique","embeddable":true,"href":"https:\/\/www.iemj.org\/de\/wp-json\/wp\/v2\/technique?post=62881"},{"taxonomy":"squelettes","embeddable":true,"href":"https:\/\/www.iemj.org\/de\/wp-json\/wp\/v2\/squelettes?post=62881"},{"taxonomy":"sujet","embeddable":true,"href":"https:\/\/www.iemj.org\/de\/wp-json\/wp\/v2\/sujet?post=62881"},{"taxonomy":"formation","embeddable":true,"href":"https:\/\/www.iemj.org\/de\/wp-json\/wp\/v2\/formation?post=62881"},{"taxonomy":"genre","embeddable":true,"href":"https:\/\/www.iemj.org\/de\/wp-json\/wp\/v2\/genre?post=62881"},{"taxonomy":"fonds","embeddable":true,"href":"https:\/\/www.iemj.org\/de\/wp-json\/wp\/v2\/fonds?post=62881"},{"taxonomy":"tradition","embeddable":true,"href":"https:\/\/www.iemj.org\/de\/wp-json\/wp\/v2\/tradition?post=62881"},{"taxonomy":"type-de-contenu","embeddable":true,"href":"https:\/\/www.iemj.org\/de\/wp-json\/wp\/v2\/type-de-contenu?post=62881"},{"taxonomy":"interprete-compositeur","embeddable":true,"href":"https:\/\/www.iemj.org\/de\/wp-json\/wp\/v2\/interprete-compositeur?post=62881"},{"taxonomy":"frise","embeddable":true,"href":"https:\/\/www.iemj.org\/de\/wp-json\/wp\/v2\/frise?post=62881"},{"taxonomy":"type-devenement","embeddable":true,"href":"https:\/\/www.iemj.org\/de\/wp-json\/wp\/v2\/type-devenement?post=62881"},{"taxonomy":"tableaux-liens-externes","embeddable":true,"href":"https:\/\/www.iemj.org\/de\/wp-json\/wp\/v2\/tableaux-liens-externes?post=62881"}],"curies":[{"name":"wp","href":"https:\/\/api.w.org\/{rel}","templated":true}]}}