{"id":63392,"date":"2013-04-27T20:11:23","date_gmt":"2013-04-27T18:11:23","guid":{"rendered":"https:\/\/www.iemj.org\/constitution-dun-fonds-alexandre-tansman\/"},"modified":"2021-09-13T16:08:37","modified_gmt":"2021-09-13T14:08:37","slug":"constitution-dun-fonds-alexandre-tansman","status":"publish","type":"post","link":"https:\/\/www.iemj.org\/de\/constitution-dun-fonds-alexandre-tansman\/","title":{"rendered":"Alexandre-Tansman-Fonds"},"content":{"rendered":"<p>Infolge der Ausstrahlung der dem <a href=\"https:\/\/www.iemj.org\/en\/the-jewish-work-of-alexandre-tansman-1897-1986\/\" target=\"_blank\" rel=\"noopener\">j\u00fcdischen Werk von Alexandre Tansman<\/a> (1897-1986) gewidmeten Radiosendung, erwiesen uns die beiden T\u00f6chter des Komponisten, Mireille und Marianne Tansman die Ehre, dem Instititut Europ\u00e9en des Musiques Juives mehrere Aufzeichnungen, Archivdokumente und Kopien von j\u00fcdisch inspirierte Musikmanuskripten zu \u00fcberlassen, etliche davon sind bisher unver\u00f6ffentlicht.<\/p>\n<p>Das IEMJ, welches bereits im Besitz von zwei seiner Originalmanuskripten war, welche Tansman der Ehefrau von Fernand Halphen gewidmet hatte, beschloss in seinen Sammlungen einen Alexandre-Tansman-Fonds einzurichten. Au\u00dferdem setzt sich das IEMJ daf\u00fcr ein, das Werk des Komponisten, insbesondere im Bereich des Judaismus, zu f\u00f6rdern.<\/p>\n<p>\u00a0<\/p>\n<p><img fetchpriority=\"high\" decoding=\"async\" class=\"wp-image-5672 alignright\" src=\"https:\/\/www.iemj.org\/wp-content\/uploads\/2013\/04\/eli_eli_tansman-1.jpg\" alt=\"eli_eli_tansman-1.jpg\" width=\"277\" height=\"365\" align=\"left\" srcset=\"https:\/\/www.iemj.org\/wp-content\/uploads\/2013\/04\/eli_eli_tansman-1.jpg 378w, https:\/\/www.iemj.org\/wp-content\/uploads\/2013\/04\/eli_eli_tansman-1-227x300.jpg 227w\" sizes=\"(max-width: 277px) 100vw, 277px\" \/><\/p>\n<p>Zur Erinnerung: Das k\u00fcnstlerische Erbe von <a href=\"https:\/\/www.iemj.org\/en\/tansman-alexandre-1897-1986\/\" target=\"_blank\" rel=\"noopener\">Alexandre Tansman<\/a> umfasst mehr als 300 Werke f\u00fcr verschiedenste Instrumental- und Vokalensembles, darunter 7 Opern, 11 Ballette, 6 Oratorien, 80 Orchesterpartituren (darunter 6 Sinfonien), zahlreiche Werke der Kammermusik, 8 Streicher-Quartette, 8 Concerti f\u00fcr alle m\u00f6glichen Instrumente, etwa 100 Seiten an Partituren f\u00fcr Piano, zahlreiche B\u00fchnen- und Filmmusiken, sowie zahlreiche St\u00fccke f\u00fcr Kinder. Etwa drei\u00dfig seiner St\u00fccke, inspirieren sich in direkter Weise, von der j\u00fcdischen Tradition.<\/p>\n<p><a href=\"http:\/\/www.rachelnet.net\/F\/?func=find-c&amp;ccl_term=WRD+%3D+Alexandre+Tansman&amp;local_base=iemcg\">Konsultieren Sie den Alexandre-Tansman-Fonds<\/a><\/p>\n<p>Besuchen Sie die offizielle Seite des Vereins <a href=\"http:\/\/www.alexandre-tansman.com\/\">Les amis de Alexandre Tansman<\/a><\/p>\n<p>\u00a0<\/p>\n<p><img decoding=\"async\" class=\" alignleft  wp-image-5674\" src=\"https:\/\/www.iemj.org\/wp-content\/uploads\/2013\/04\/cd_474_1__siteiemj.jpg\" alt=\"cd_474_1__siteiemj.jpg\" width=\"214\" height=\"209\" align=\"left\" srcset=\"https:\/\/www.iemj.org\/wp-content\/uploads\/2013\/04\/cd_474_1__siteiemj.jpg 614w, https:\/\/www.iemj.org\/wp-content\/uploads\/2013\/04\/cd_474_1__siteiemj-300x293.jpg 300w, https:\/\/www.iemj.org\/wp-content\/uploads\/2013\/04\/cd_474_1__siteiemj-600x586.jpg 600w\" sizes=\"(max-width: 214px) 100vw, 214px\" \/><img decoding=\"async\" class=\" alignleft  wp-image-5676\" src=\"https:\/\/www.iemj.org\/wp-content\/uploads\/2013\/04\/cd_477_0001_siteiemj.jpg\" alt=\"cd_477_0001_siteiemj.jpg\" width=\"211\" height=\"206\" align=\"left\" srcset=\"https:\/\/www.iemj.org\/wp-content\/uploads\/2013\/04\/cd_477_0001_siteiemj.jpg 614w, https:\/\/www.iemj.org\/wp-content\/uploads\/2013\/04\/cd_477_0001_siteiemj-300x293.jpg 300w, https:\/\/www.iemj.org\/wp-content\/uploads\/2013\/04\/cd_477_0001_siteiemj-600x586.jpg 600w\" sizes=\"(max-width: 211px) 100vw, 211px\" \/><img loading=\"lazy\" decoding=\"async\" class=\" alignleft  wp-image-5678\" src=\"https:\/\/www.iemj.org\/wp-content\/uploads\/2013\/04\/cd_478_0001_siteiemj.jpg\" alt=\"cd_478_0001_siteiemj.jpg\" width=\"211\" height=\"204\" align=\"left\" \/><\/p>\n\n\n<p><\/p>\n","protected":false},"excerpt":{"rendered":"<p>Infolge der Ausstrahlung der dem j\u00fcdischen Werk von Alexandre Tansman (1897-1986) gewidmeten Radiosendung, erwiesen uns die beiden T\u00f6chter des Komponisten, Mireille und Marianne Tansman die Ehre, dem Instititut Europ\u00e9en des<\/p>\n","protected":false},"author":1045,"featured_media":63393,"comment_status":"closed","ping_status":"open","sticky":false,"template":"","format":"standard","meta":{"_acf_changed":false,"footnotes":""},"categories":[1585],"tags":[],"technique":[],"squelettes":[],"sujet":[],"formation":[],"genre":[],"fonds":[],"tradition":[],"type-de-contenu":[],"interprete-compositeur":[3085],"frise":[],"type-devenement":[],"tableaux-liens-externes":[],"class_list":["post-63392","post","type-post","status-publish","format-standard","has-post-thumbnail","hentry","category-fonds-de","interprete-compositeur-alexandre-tansman-de"],"acf":[],"yoast_head":"<!-- This site is optimized with the Yoast SEO plugin v27.3 - https:\/\/yoast.com\/product\/yoast-seo-wordpress\/ -->\n<title>Alexandre-Tansman-Fonds - Institut Europ\u00e9en des Musiques Juives<\/title>\n<meta name=\"robots\" content=\"index, follow, max-snippet:-1, max-image-preview:large, max-video-preview:-1\" \/>\n<link rel=\"canonical\" href=\"https:\/\/www.iemj.org\/de\/constitution-dun-fonds-alexandre-tansman\/\" \/>\n<meta property=\"og:locale\" content=\"de_DE\" \/>\n<meta property=\"og:type\" content=\"article\" \/>\n<meta property=\"og:title\" content=\"Alexandre-Tansman-Fonds - Institut Europ\u00e9en des Musiques Juives\" \/>\n<meta property=\"og:description\" content=\"Infolge der Ausstrahlung der dem j\u00fcdischen Werk von Alexandre Tansman (1897-1986) gewidmeten Radiosendung, erwiesen uns die beiden T\u00f6chter des Komponisten, Mireille und Marianne Tansman die Ehre, dem Instititut Europ\u00e9en des\" \/>\n<meta property=\"og:url\" content=\"https:\/\/www.iemj.org\/de\/constitution-dun-fonds-alexandre-tansman\/\" \/>\n<meta property=\"og:site_name\" content=\"Institut Europ\u00e9en des Musiques Juives\" \/>\n<meta property=\"article:publisher\" content=\"https:\/\/www.facebook.com\/MusiquesJuives\/\" \/>\n<meta property=\"article:published_time\" content=\"2013-04-27T18:11:23+00:00\" \/>\n<meta property=\"article:modified_time\" content=\"2021-09-13T14:08:37+00:00\" \/>\n<meta property=\"og:image\" content=\"https:\/\/www.iemj.org\/wp-content\/uploads\/2013\/04\/arton681-e1618503518126.jpg\" \/>\n\t<meta property=\"og:image:width\" content=\"350\" \/>\n\t<meta property=\"og:image:height\" content=\"467\" \/>\n\t<meta property=\"og:image:type\" content=\"image\/jpeg\" \/>\n<meta name=\"author\" content=\"Herv\u00e9 Roten\" \/>\n<meta name=\"twitter:card\" content=\"summary_large_image\" \/>\n<meta name=\"twitter:label1\" content=\"Verfasst von\" \/>\n\t<meta name=\"twitter:data1\" content=\"Herv\u00e9 Roten\" \/>\n\t<meta name=\"twitter:label2\" content=\"Gesch\u00e4tzte Lesezeit\" \/>\n\t<meta name=\"twitter:data2\" content=\"2\u00a0Minuten\" \/>\n<script type=\"application\/ld+json\" class=\"yoast-schema-graph\">{\"@context\":\"https:\\\/\\\/schema.org\",\"@graph\":[{\"@type\":\"Article\",\"@id\":\"https:\\\/\\\/www.iemj.org\\\/de\\\/constitution-dun-fonds-alexandre-tansman\\\/#article\",\"isPartOf\":{\"@id\":\"https:\\\/\\\/www.iemj.org\\\/de\\\/constitution-dun-fonds-alexandre-tansman\\\/\"},\"author\":{\"name\":\"Herv\u00e9 Roten\",\"@id\":\"https:\\\/\\\/www.iemj.org\\\/de\\\/#\\\/schema\\\/person\\\/906134402c29d5c76e7b726261dd4bbd\"},\"headline\":\"Alexandre-Tansman-Fonds\",\"datePublished\":\"2013-04-27T18:11:23+00:00\",\"dateModified\":\"2021-09-13T14:08:37+00:00\",\"mainEntityOfPage\":{\"@id\":\"https:\\\/\\\/www.iemj.org\\\/de\\\/constitution-dun-fonds-alexandre-tansman\\\/\"},\"wordCount\":191,\"publisher\":{\"@id\":\"https:\\\/\\\/www.iemj.org\\\/de\\\/#organization\"},\"image\":{\"@id\":\"https:\\\/\\\/www.iemj.org\\\/de\\\/constitution-dun-fonds-alexandre-tansman\\\/#primaryimage\"},\"thumbnailUrl\":\"https:\\\/\\\/www.iemj.org\\\/wp-content\\\/uploads\\\/2013\\\/04\\\/arton681-e1618503518126.jpg\",\"articleSection\":[\"Fonds\"],\"inLanguage\":\"de\"},{\"@type\":\"WebPage\",\"@id\":\"https:\\\/\\\/www.iemj.org\\\/de\\\/constitution-dun-fonds-alexandre-tansman\\\/\",\"url\":\"https:\\\/\\\/www.iemj.org\\\/de\\\/constitution-dun-fonds-alexandre-tansman\\\/\",\"name\":\"Alexandre-Tansman-Fonds - Institut Europ\u00e9en des Musiques Juives\",\"isPartOf\":{\"@id\":\"https:\\\/\\\/www.iemj.org\\\/de\\\/#website\"},\"primaryImageOfPage\":{\"@id\":\"https:\\\/\\\/www.iemj.org\\\/de\\\/constitution-dun-fonds-alexandre-tansman\\\/#primaryimage\"},\"image\":{\"@id\":\"https:\\\/\\\/www.iemj.org\\\/de\\\/constitution-dun-fonds-alexandre-tansman\\\/#primaryimage\"},\"thumbnailUrl\":\"https:\\\/\\\/www.iemj.org\\\/wp-content\\\/uploads\\\/2013\\\/04\\\/arton681-e1618503518126.jpg\",\"datePublished\":\"2013-04-27T18:11:23+00:00\",\"dateModified\":\"2021-09-13T14:08:37+00:00\",\"breadcrumb\":{\"@id\":\"https:\\\/\\\/www.iemj.org\\\/de\\\/constitution-dun-fonds-alexandre-tansman\\\/#breadcrumb\"},\"inLanguage\":\"de\",\"potentialAction\":[{\"@type\":\"ReadAction\",\"target\":[\"https:\\\/\\\/www.iemj.org\\\/de\\\/constitution-dun-fonds-alexandre-tansman\\\/\"]}]},{\"@type\":\"ImageObject\",\"inLanguage\":\"de\",\"@id\":\"https:\\\/\\\/www.iemj.org\\\/de\\\/constitution-dun-fonds-alexandre-tansman\\\/#primaryimage\",\"url\":\"https:\\\/\\\/www.iemj.org\\\/wp-content\\\/uploads\\\/2013\\\/04\\\/arton681-e1618503518126.jpg\",\"contentUrl\":\"https:\\\/\\\/www.iemj.org\\\/wp-content\\\/uploads\\\/2013\\\/04\\\/arton681-e1618503518126.jpg\",\"width\":350,\"height\":467},{\"@type\":\"BreadcrumbList\",\"@id\":\"https:\\\/\\\/www.iemj.org\\\/de\\\/constitution-dun-fonds-alexandre-tansman\\\/#breadcrumb\",\"itemListElement\":[{\"@type\":\"ListItem\",\"position\":1,\"name\":\"Accueil\",\"item\":\"https:\\\/\\\/www.iemj.org\\\/de\\\/\"},{\"@type\":\"ListItem\",\"position\":2,\"name\":\"Alexandre-Tansman-Fonds\"}]},{\"@type\":\"WebSite\",\"@id\":\"https:\\\/\\\/www.iemj.org\\\/de\\\/#website\",\"url\":\"https:\\\/\\\/www.iemj.org\\\/de\\\/\",\"name\":\"Institut Europ\u00e9en des Musiques Juives\",\"description\":\"Des traditions musicales \u00e0 la port\u00e9e de tous\",\"publisher\":{\"@id\":\"https:\\\/\\\/www.iemj.org\\\/de\\\/#organization\"},\"potentialAction\":[{\"@type\":\"SearchAction\",\"target\":{\"@type\":\"EntryPoint\",\"urlTemplate\":\"https:\\\/\\\/www.iemj.org\\\/de\\\/?s={search_term_string}\"},\"query-input\":{\"@type\":\"PropertyValueSpecification\",\"valueRequired\":true,\"valueName\":\"search_term_string\"}}],\"inLanguage\":\"de\"},{\"@type\":\"Organization\",\"@id\":\"https:\\\/\\\/www.iemj.org\\\/de\\\/#organization\",\"name\":\"Institut Europ\u00e9en des Musiques Juives\",\"url\":\"https:\\\/\\\/www.iemj.org\\\/de\\\/\",\"logo\":{\"@type\":\"ImageObject\",\"inLanguage\":\"de\",\"@id\":\"https:\\\/\\\/www.iemj.org\\\/de\\\/#\\\/schema\\\/logo\\\/image\\\/\",\"url\":\"https:\\\/\\\/www.iemj.org\\\/wp-content\\\/uploads\\\/2021\\\/09\\\/Logo-IEMJ-Paypal.jpg\",\"contentUrl\":\"https:\\\/\\\/www.iemj.org\\\/wp-content\\\/uploads\\\/2021\\\/09\\\/Logo-IEMJ-Paypal.jpg\",\"width\":150,\"height\":50,\"caption\":\"Institut Europ\u00e9en des Musiques Juives\"},\"image\":{\"@id\":\"https:\\\/\\\/www.iemj.org\\\/de\\\/#\\\/schema\\\/logo\\\/image\\\/\"},\"sameAs\":[\"https:\\\/\\\/www.facebook.com\\\/MusiquesJuives\\\/\",\"https:\\\/\\\/www.instagram.com\\\/musiquesjuives\\\/\",\"https:\\\/\\\/www.youtube.com\\\/user\\\/musiquesjuives\"]},{\"@type\":\"Person\",\"@id\":\"https:\\\/\\\/www.iemj.org\\\/de\\\/#\\\/schema\\\/person\\\/906134402c29d5c76e7b726261dd4bbd\",\"name\":\"Herv\u00e9 Roten\",\"image\":{\"@type\":\"ImageObject\",\"inLanguage\":\"de\",\"@id\":\"https:\\\/\\\/secure.gravatar.com\\\/avatar\\\/f96ad2db538a26481f18384936b5cd0610c92d390c4dc382209216d455f685ff?s=96&d=mm&r=g\",\"url\":\"https:\\\/\\\/secure.gravatar.com\\\/avatar\\\/f96ad2db538a26481f18384936b5cd0610c92d390c4dc382209216d455f685ff?s=96&d=mm&r=g\",\"contentUrl\":\"https:\\\/\\\/secure.gravatar.com\\\/avatar\\\/f96ad2db538a26481f18384936b5cd0610c92d390c4dc382209216d455f685ff?s=96&d=mm&r=g\",\"caption\":\"Herv\u00e9 Roten\"}}]}<\/script>\n<!-- \/ Yoast SEO plugin. -->","yoast_head_json":{"title":"Alexandre-Tansman-Fonds - Institut Europ\u00e9en des Musiques Juives","robots":{"index":"index","follow":"follow","max-snippet":"max-snippet:-1","max-image-preview":"max-image-preview:large","max-video-preview":"max-video-preview:-1"},"canonical":"https:\/\/www.iemj.org\/de\/constitution-dun-fonds-alexandre-tansman\/","og_locale":"de_DE","og_type":"article","og_title":"Alexandre-Tansman-Fonds - Institut Europ\u00e9en des Musiques Juives","og_description":"Infolge der Ausstrahlung der dem j\u00fcdischen Werk von Alexandre Tansman (1897-1986) gewidmeten Radiosendung, erwiesen uns die beiden T\u00f6chter des Komponisten, Mireille und Marianne Tansman die Ehre, dem Instititut Europ\u00e9en des","og_url":"https:\/\/www.iemj.org\/de\/constitution-dun-fonds-alexandre-tansman\/","og_site_name":"Institut Europ\u00e9en des Musiques Juives","article_publisher":"https:\/\/www.facebook.com\/MusiquesJuives\/","article_published_time":"2013-04-27T18:11:23+00:00","article_modified_time":"2021-09-13T14:08:37+00:00","og_image":[{"width":350,"height":467,"url":"https:\/\/www.iemj.org\/wp-content\/uploads\/2013\/04\/arton681-e1618503518126.jpg","type":"image\/jpeg"}],"author":"Herv\u00e9 Roten","twitter_card":"summary_large_image","twitter_misc":{"Verfasst von":"Herv\u00e9 Roten","Gesch\u00e4tzte Lesezeit":"2\u00a0Minuten"},"schema":{"@context":"https:\/\/schema.org","@graph":[{"@type":"Article","@id":"https:\/\/www.iemj.org\/de\/constitution-dun-fonds-alexandre-tansman\/#article","isPartOf":{"@id":"https:\/\/www.iemj.org\/de\/constitution-dun-fonds-alexandre-tansman\/"},"author":{"name":"Herv\u00e9 Roten","@id":"https:\/\/www.iemj.org\/de\/#\/schema\/person\/906134402c29d5c76e7b726261dd4bbd"},"headline":"Alexandre-Tansman-Fonds","datePublished":"2013-04-27T18:11:23+00:00","dateModified":"2021-09-13T14:08:37+00:00","mainEntityOfPage":{"@id":"https:\/\/www.iemj.org\/de\/constitution-dun-fonds-alexandre-tansman\/"},"wordCount":191,"publisher":{"@id":"https:\/\/www.iemj.org\/de\/#organization"},"image":{"@id":"https:\/\/www.iemj.org\/de\/constitution-dun-fonds-alexandre-tansman\/#primaryimage"},"thumbnailUrl":"https:\/\/www.iemj.org\/wp-content\/uploads\/2013\/04\/arton681-e1618503518126.jpg","articleSection":["Fonds"],"inLanguage":"de"},{"@type":"WebPage","@id":"https:\/\/www.iemj.org\/de\/constitution-dun-fonds-alexandre-tansman\/","url":"https:\/\/www.iemj.org\/de\/constitution-dun-fonds-alexandre-tansman\/","name":"Alexandre-Tansman-Fonds - Institut Europ\u00e9en des Musiques Juives","isPartOf":{"@id":"https:\/\/www.iemj.org\/de\/#website"},"primaryImageOfPage":{"@id":"https:\/\/www.iemj.org\/de\/constitution-dun-fonds-alexandre-tansman\/#primaryimage"},"image":{"@id":"https:\/\/www.iemj.org\/de\/constitution-dun-fonds-alexandre-tansman\/#primaryimage"},"thumbnailUrl":"https:\/\/www.iemj.org\/wp-content\/uploads\/2013\/04\/arton681-e1618503518126.jpg","datePublished":"2013-04-27T18:11:23+00:00","dateModified":"2021-09-13T14:08:37+00:00","breadcrumb":{"@id":"https:\/\/www.iemj.org\/de\/constitution-dun-fonds-alexandre-tansman\/#breadcrumb"},"inLanguage":"de","potentialAction":[{"@type":"ReadAction","target":["https:\/\/www.iemj.org\/de\/constitution-dun-fonds-alexandre-tansman\/"]}]},{"@type":"ImageObject","inLanguage":"de","@id":"https:\/\/www.iemj.org\/de\/constitution-dun-fonds-alexandre-tansman\/#primaryimage","url":"https:\/\/www.iemj.org\/wp-content\/uploads\/2013\/04\/arton681-e1618503518126.jpg","contentUrl":"https:\/\/www.iemj.org\/wp-content\/uploads\/2013\/04\/arton681-e1618503518126.jpg","width":350,"height":467},{"@type":"BreadcrumbList","@id":"https:\/\/www.iemj.org\/de\/constitution-dun-fonds-alexandre-tansman\/#breadcrumb","itemListElement":[{"@type":"ListItem","position":1,"name":"Accueil","item":"https:\/\/www.iemj.org\/de\/"},{"@type":"ListItem","position":2,"name":"Alexandre-Tansman-Fonds"}]},{"@type":"WebSite","@id":"https:\/\/www.iemj.org\/de\/#website","url":"https:\/\/www.iemj.org\/de\/","name":"Institut Europ\u00e9en des Musiques Juives","description":"Des traditions musicales \u00e0 la port\u00e9e de tous","publisher":{"@id":"https:\/\/www.iemj.org\/de\/#organization"},"potentialAction":[{"@type":"SearchAction","target":{"@type":"EntryPoint","urlTemplate":"https:\/\/www.iemj.org\/de\/?s={search_term_string}"},"query-input":{"@type":"PropertyValueSpecification","valueRequired":true,"valueName":"search_term_string"}}],"inLanguage":"de"},{"@type":"Organization","@id":"https:\/\/www.iemj.org\/de\/#organization","name":"Institut Europ\u00e9en des Musiques Juives","url":"https:\/\/www.iemj.org\/de\/","logo":{"@type":"ImageObject","inLanguage":"de","@id":"https:\/\/www.iemj.org\/de\/#\/schema\/logo\/image\/","url":"https:\/\/www.iemj.org\/wp-content\/uploads\/2021\/09\/Logo-IEMJ-Paypal.jpg","contentUrl":"https:\/\/www.iemj.org\/wp-content\/uploads\/2021\/09\/Logo-IEMJ-Paypal.jpg","width":150,"height":50,"caption":"Institut Europ\u00e9en des Musiques Juives"},"image":{"@id":"https:\/\/www.iemj.org\/de\/#\/schema\/logo\/image\/"},"sameAs":["https:\/\/www.facebook.com\/MusiquesJuives\/","https:\/\/www.instagram.com\/musiquesjuives\/","https:\/\/www.youtube.com\/user\/musiquesjuives"]},{"@type":"Person","@id":"https:\/\/www.iemj.org\/de\/#\/schema\/person\/906134402c29d5c76e7b726261dd4bbd","name":"Herv\u00e9 Roten","image":{"@type":"ImageObject","inLanguage":"de","@id":"https:\/\/secure.gravatar.com\/avatar\/f96ad2db538a26481f18384936b5cd0610c92d390c4dc382209216d455f685ff?s=96&d=mm&r=g","url":"https:\/\/secure.gravatar.com\/avatar\/f96ad2db538a26481f18384936b5cd0610c92d390c4dc382209216d455f685ff?s=96&d=mm&r=g","contentUrl":"https:\/\/secure.gravatar.com\/avatar\/f96ad2db538a26481f18384936b5cd0610c92d390c4dc382209216d455f685ff?s=96&d=mm&r=g","caption":"Herv\u00e9 Roten"}}]}},"_links":{"self":[{"href":"https:\/\/www.iemj.org\/de\/wp-json\/wp\/v2\/posts\/63392","targetHints":{"allow":["GET"]}}],"collection":[{"href":"https:\/\/www.iemj.org\/de\/wp-json\/wp\/v2\/posts"}],"about":[{"href":"https:\/\/www.iemj.org\/de\/wp-json\/wp\/v2\/types\/post"}],"author":[{"embeddable":true,"href":"https:\/\/www.iemj.org\/de\/wp-json\/wp\/v2\/users\/1045"}],"replies":[{"embeddable":true,"href":"https:\/\/www.iemj.org\/de\/wp-json\/wp\/v2\/comments?post=63392"}],"version-history":[{"count":0,"href":"https:\/\/www.iemj.org\/de\/wp-json\/wp\/v2\/posts\/63392\/revisions"}],"wp:featuredmedia":[{"embeddable":true,"href":"https:\/\/www.iemj.org\/de\/wp-json\/wp\/v2\/media\/63393"}],"wp:attachment":[{"href":"https:\/\/www.iemj.org\/de\/wp-json\/wp\/v2\/media?parent=63392"}],"wp:term":[{"taxonomy":"category","embeddable":true,"href":"https:\/\/www.iemj.org\/de\/wp-json\/wp\/v2\/categories?post=63392"},{"taxonomy":"post_tag","embeddable":true,"href":"https:\/\/www.iemj.org\/de\/wp-json\/wp\/v2\/tags?post=63392"},{"taxonomy":"technique","embeddable":true,"href":"https:\/\/www.iemj.org\/de\/wp-json\/wp\/v2\/technique?post=63392"},{"taxonomy":"squelettes","embeddable":true,"href":"https:\/\/www.iemj.org\/de\/wp-json\/wp\/v2\/squelettes?post=63392"},{"taxonomy":"sujet","embeddable":true,"href":"https:\/\/www.iemj.org\/de\/wp-json\/wp\/v2\/sujet?post=63392"},{"taxonomy":"formation","embeddable":true,"href":"https:\/\/www.iemj.org\/de\/wp-json\/wp\/v2\/formation?post=63392"},{"taxonomy":"genre","embeddable":true,"href":"https:\/\/www.iemj.org\/de\/wp-json\/wp\/v2\/genre?post=63392"},{"taxonomy":"fonds","embeddable":true,"href":"https:\/\/www.iemj.org\/de\/wp-json\/wp\/v2\/fonds?post=63392"},{"taxonomy":"tradition","embeddable":true,"href":"https:\/\/www.iemj.org\/de\/wp-json\/wp\/v2\/tradition?post=63392"},{"taxonomy":"type-de-contenu","embeddable":true,"href":"https:\/\/www.iemj.org\/de\/wp-json\/wp\/v2\/type-de-contenu?post=63392"},{"taxonomy":"interprete-compositeur","embeddable":true,"href":"https:\/\/www.iemj.org\/de\/wp-json\/wp\/v2\/interprete-compositeur?post=63392"},{"taxonomy":"frise","embeddable":true,"href":"https:\/\/www.iemj.org\/de\/wp-json\/wp\/v2\/frise?post=63392"},{"taxonomy":"type-devenement","embeddable":true,"href":"https:\/\/www.iemj.org\/de\/wp-json\/wp\/v2\/type-devenement?post=63392"},{"taxonomy":"tableaux-liens-externes","embeddable":true,"href":"https:\/\/www.iemj.org\/de\/wp-json\/wp\/v2\/tableaux-liens-externes?post=63392"}],"curies":[{"name":"wp","href":"https:\/\/api.w.org\/{rel}","templated":true}]}}