{"id":63510,"date":"2015-11-30T10:56:26","date_gmt":"2015-11-30T09:56:26","guid":{"rendered":"https:\/\/www.iemj.org\/fonds-dave-cash-louis-ludwig-slomniker\/"},"modified":"2021-09-13T18:27:33","modified_gmt":"2021-09-13T16:27:33","slug":"fonds-dave-cash-louis-ludwig-slomniker","status":"publish","type":"post","link":"https:\/\/www.iemj.org\/de\/fonds-dave-cash-louis-ludwig-slomniker\/","title":{"rendered":"Fonds Dave Cash"},"content":{"rendered":"<p>Die Sammlung von Dave Cash (Louis\/Ludwig Slomniker), die fast 200 Dokumente umfasst, f\u00fchrt uns zur\u00fcck in die musikalische Atmosph\u00e4re der jiddischen Kabaretts der Nachkriegszeit.<!--more--><\/p>\n<p><a href=\"https:\/\/www.iemj.org\/en\/cash-dave-louis-ludwig-slomniker-1910-1981\/\" target=\"_blank\" rel=\"noopener\">Dave Cash<\/a>, der eigentlich Ludwig (Louis) Slomniker hie\u00df, wurde am 3. Oktober 1910 in der polnischen Stadt Lemberg (heute Lviv) geboren. Er studierte Theater und Tanz und trat in Polen als K\u00fcnstler, T\u00e4nzer, S\u00e4nger und Komiker auf, haupts\u00e4chlich auf Jiddisch. Nach dem Krieg heiratete er die T\u00e4nzerin Yadwiga Podstolska, mit der er 1948 nach Frankreich zog. Er trat regelm\u00e4\u00dfig in Pariser jiddischen Kabaretts auf und nahm eine Reihe von Liedern f\u00fcr das Label Elesdisc auf.<\/p>\n<p><em><img fetchpriority=\"high\" decoding=\"async\" class=\" wp-image-8537 alignright\" src=\"https:\/\/www.iemj.org\/wp-content\/uploads\/2015\/11\/doc_1_dave_cash_500px.jpg\" alt=\"doc_1_dave_cash_500px.jpg\" width=\"350\" height=\"197\" align=\"left\" \/><\/em>Dave-Cash-Fonds nahm in unserem Archiv, mit der 2015 erfolgten Neuver\u00f6ffentlichung der 6 CDs umfassenden Box \u201eMusiques juives dans le Paris de l\u2019apr\u00e8s-guerre\u201c (<a href=\"https:\/\/www.iemj.org\/de\/reedition-du-coffret-musiques-juives-dans-le-paris-dapres-guerre-elesdisc-1948-1953\/\" target=\"_blank\" rel=\"noopener\">J\u00fcdische Musik im Paris der Nachkriegszeit<\/a>) Form an. Die CDS wurden durch Aufnahmen von 78er Schallplatten konzipiert und durch die Begegnung mit dem Gro\u00dfneffen von Dave Cash, David Winter, bereichert. Diese Sammlung umfasst 78er Schallplatten, LPs und Audiokassetten, Fotos, Presseausschnitte und Plakate, welche die Karriere von David Cash nachzeichnen.<\/p>\n<p><img decoding=\"async\" class=\" wp-image-8539 alignleft\" src=\"https:\/\/www.iemj.org\/wp-content\/uploads\/2015\/11\/cash_compil_2.jpg\" alt=\"cash_compil_2.jpg\" width=\"219\" height=\"351\" align=\"middle\" srcset=\"https:\/\/www.iemj.org\/wp-content\/uploads\/2015\/11\/cash_compil_2.jpg 336w, https:\/\/www.iemj.org\/wp-content\/uploads\/2015\/11\/cash_compil_2-188x300.jpg 188w\" sizes=\"(max-width: 219px) 100vw, 219px\" \/>Anl\u00e4sslich der ersten Ausgabe des vom Centre Medem-Arbeter Ring organisierten <a href=\"https:\/\/www.iemj.org\/en\/conference-musique-yiddish-dans-les-cabarets-dapres-guerre\/\" target=\"_blank\" rel=\"noopener\">campus en musique<\/a>, hat David Winter am 22. April 2017 diesen Fonds, durch mehr als 150 neue wiederentdeckte Dokumente, welche er dem Institut \u00fcberlassen hat, bereichert.<\/p>\n<p>Diese Archive sind ab sofort im Katalog unserer Sammlungen (<strong><a href=\"http:\/\/www.rachelnet.net\/F\/?func=find-c&amp;ccl_term=WRD%3DDave+Cash&amp;local_base=iemcg&amp;x=12&amp;y=16\" target=\"_blank\" rel=\"noopener\">auf den Dave-Cash-Fonds zugreifen<\/a><\/strong>) oder auf Terminanfrage am Institut Europ\u00e9en des musiques Juives (<a href=\"mailto:contact@iemj.org\">contact@iemj.org<\/a>) einsehbar.<\/p>\n<p><a href=\"https:\/\/www.iemj.org\/en\/cash-dave-louis-ludwig-slomniker-1910-1981\/\" target=\"_blank\" rel=\"noopener\">Erfahren Sie mehr \u00fcber Dave Cash<\/a><\/p>\n<p><a href=\"https:\/\/www.iemj.org\/de\/produit\/casket-of-the-jewish-musics-in-paris-in-the-aftermath-of-ww-ii\/\" target=\"_blank\" rel=\"noopener\">Kaufen Sie die Box \u00ab\u00a0Musiques juives dans le Paris de l\u2019apr\u00e8s-guerre\u00a0\u00bb &#8211; Elesdisc 1948-1953, coll Archives, vol- 1 \u00e0 6.<\/a><\/p>\n<p>\u00a0<\/p>\n\n\n<p><\/p>\n","protected":false},"excerpt":{"rendered":"<p>Die Sammlung von Dave Cash (Louis\/Ludwig Slomniker), die fast 200 Dokumente umfasst, f\u00fchrt uns zur\u00fcck in die musikalische Atmosph\u00e4re der jiddischen Kabaretts der Nachkriegszeit.<\/p>\n","protected":false},"author":1052,"featured_media":63511,"comment_status":"closed","ping_status":"open","sticky":false,"template":"","format":"standard","meta":{"_acf_changed":false,"footnotes":""},"categories":[1585],"tags":[],"technique":[],"squelettes":[],"sujet":[],"formation":[],"genre":[],"fonds":[],"tradition":[],"type-de-contenu":[],"interprete-compositeur":[],"frise":[],"type-devenement":[],"tableaux-liens-externes":[],"class_list":["post-63510","post","type-post","status-publish","format-standard","has-post-thumbnail","hentry","category-fonds-de"],"acf":[],"yoast_head":"<!-- This site is optimized with the Yoast SEO plugin v27.3 - https:\/\/yoast.com\/product\/yoast-seo-wordpress\/ -->\n<title>Fonds Dave Cash - Institut Europ\u00e9en des Musiques Juives<\/title>\n<meta name=\"robots\" content=\"index, follow, max-snippet:-1, max-image-preview:large, max-video-preview:-1\" \/>\n<link rel=\"canonical\" href=\"https:\/\/www.iemj.org\/de\/fonds-dave-cash-louis-ludwig-slomniker\/\" \/>\n<meta property=\"og:locale\" content=\"de_DE\" \/>\n<meta property=\"og:type\" content=\"article\" \/>\n<meta property=\"og:title\" content=\"Fonds Dave Cash - Institut Europ\u00e9en des Musiques Juives\" \/>\n<meta property=\"og:description\" content=\"Die Sammlung von Dave Cash (Louis\/Ludwig Slomniker), die fast 200 Dokumente umfasst, f\u00fchrt uns zur\u00fcck in die musikalische Atmosph\u00e4re der jiddischen Kabaretts der Nachkriegszeit.\" \/>\n<meta property=\"og:url\" content=\"https:\/\/www.iemj.org\/de\/fonds-dave-cash-louis-ludwig-slomniker\/\" \/>\n<meta property=\"og:site_name\" content=\"Institut Europ\u00e9en des Musiques Juives\" \/>\n<meta property=\"article:publisher\" content=\"https:\/\/www.facebook.com\/MusiquesJuives\/\" \/>\n<meta property=\"article:published_time\" content=\"2015-11-30T09:56:26+00:00\" \/>\n<meta property=\"article:modified_time\" content=\"2021-09-13T16:27:33+00:00\" \/>\n<meta property=\"og:image\" content=\"https:\/\/www.iemj.org\/wp-content\/uploads\/2015\/11\/arton1279-scaled-e1618494561537.jpg\" \/>\n\t<meta property=\"og:image:width\" content=\"350\" \/>\n\t<meta property=\"og:image:height\" content=\"238\" \/>\n\t<meta property=\"og:image:type\" content=\"image\/jpeg\" \/>\n<meta name=\"author\" content=\"Lea Couderc\" \/>\n<meta name=\"twitter:card\" content=\"summary_large_image\" \/>\n<meta name=\"twitter:label1\" content=\"Verfasst von\" \/>\n\t<meta name=\"twitter:data1\" content=\"Lea Couderc\" \/>\n\t<meta name=\"twitter:label2\" content=\"Gesch\u00e4tzte Lesezeit\" \/>\n\t<meta name=\"twitter:data2\" content=\"2\u00a0Minuten\" \/>\n<script type=\"application\/ld+json\" class=\"yoast-schema-graph\">{\"@context\":\"https:\\\/\\\/schema.org\",\"@graph\":[{\"@type\":\"Article\",\"@id\":\"https:\\\/\\\/www.iemj.org\\\/de\\\/fonds-dave-cash-louis-ludwig-slomniker\\\/#article\",\"isPartOf\":{\"@id\":\"https:\\\/\\\/www.iemj.org\\\/de\\\/fonds-dave-cash-louis-ludwig-slomniker\\\/\"},\"author\":{\"name\":\"Lea Couderc\",\"@id\":\"https:\\\/\\\/www.iemj.org\\\/de\\\/#\\\/schema\\\/person\\\/e2ad57f2c4be119c7ed8ab79036807a9\"},\"headline\":\"Fonds Dave Cash\",\"datePublished\":\"2015-11-30T09:56:26+00:00\",\"dateModified\":\"2021-09-13T16:27:33+00:00\",\"mainEntityOfPage\":{\"@id\":\"https:\\\/\\\/www.iemj.org\\\/de\\\/fonds-dave-cash-louis-ludwig-slomniker\\\/\"},\"wordCount\":269,\"publisher\":{\"@id\":\"https:\\\/\\\/www.iemj.org\\\/de\\\/#organization\"},\"image\":{\"@id\":\"https:\\\/\\\/www.iemj.org\\\/de\\\/fonds-dave-cash-louis-ludwig-slomniker\\\/#primaryimage\"},\"thumbnailUrl\":\"https:\\\/\\\/www.iemj.org\\\/wp-content\\\/uploads\\\/2015\\\/11\\\/arton1279-scaled-e1618494561537.jpg\",\"articleSection\":[\"Fonds\"],\"inLanguage\":\"de\"},{\"@type\":\"WebPage\",\"@id\":\"https:\\\/\\\/www.iemj.org\\\/de\\\/fonds-dave-cash-louis-ludwig-slomniker\\\/\",\"url\":\"https:\\\/\\\/www.iemj.org\\\/de\\\/fonds-dave-cash-louis-ludwig-slomniker\\\/\",\"name\":\"Fonds Dave Cash - Institut Europ\u00e9en des Musiques Juives\",\"isPartOf\":{\"@id\":\"https:\\\/\\\/www.iemj.org\\\/de\\\/#website\"},\"primaryImageOfPage\":{\"@id\":\"https:\\\/\\\/www.iemj.org\\\/de\\\/fonds-dave-cash-louis-ludwig-slomniker\\\/#primaryimage\"},\"image\":{\"@id\":\"https:\\\/\\\/www.iemj.org\\\/de\\\/fonds-dave-cash-louis-ludwig-slomniker\\\/#primaryimage\"},\"thumbnailUrl\":\"https:\\\/\\\/www.iemj.org\\\/wp-content\\\/uploads\\\/2015\\\/11\\\/arton1279-scaled-e1618494561537.jpg\",\"datePublished\":\"2015-11-30T09:56:26+00:00\",\"dateModified\":\"2021-09-13T16:27:33+00:00\",\"breadcrumb\":{\"@id\":\"https:\\\/\\\/www.iemj.org\\\/de\\\/fonds-dave-cash-louis-ludwig-slomniker\\\/#breadcrumb\"},\"inLanguage\":\"de\",\"potentialAction\":[{\"@type\":\"ReadAction\",\"target\":[\"https:\\\/\\\/www.iemj.org\\\/de\\\/fonds-dave-cash-louis-ludwig-slomniker\\\/\"]}]},{\"@type\":\"ImageObject\",\"inLanguage\":\"de\",\"@id\":\"https:\\\/\\\/www.iemj.org\\\/de\\\/fonds-dave-cash-louis-ludwig-slomniker\\\/#primaryimage\",\"url\":\"https:\\\/\\\/www.iemj.org\\\/wp-content\\\/uploads\\\/2015\\\/11\\\/arton1279-scaled-e1618494561537.jpg\",\"contentUrl\":\"https:\\\/\\\/www.iemj.org\\\/wp-content\\\/uploads\\\/2015\\\/11\\\/arton1279-scaled-e1618494561537.jpg\",\"width\":350,\"height\":238},{\"@type\":\"BreadcrumbList\",\"@id\":\"https:\\\/\\\/www.iemj.org\\\/de\\\/fonds-dave-cash-louis-ludwig-slomniker\\\/#breadcrumb\",\"itemListElement\":[{\"@type\":\"ListItem\",\"position\":1,\"name\":\"Accueil\",\"item\":\"https:\\\/\\\/www.iemj.org\\\/de\\\/\"},{\"@type\":\"ListItem\",\"position\":2,\"name\":\"Fonds Dave Cash\"}]},{\"@type\":\"WebSite\",\"@id\":\"https:\\\/\\\/www.iemj.org\\\/de\\\/#website\",\"url\":\"https:\\\/\\\/www.iemj.org\\\/de\\\/\",\"name\":\"Institut Europ\u00e9en des Musiques Juives\",\"description\":\"Des traditions musicales \u00e0 la port\u00e9e de tous\",\"publisher\":{\"@id\":\"https:\\\/\\\/www.iemj.org\\\/de\\\/#organization\"},\"potentialAction\":[{\"@type\":\"SearchAction\",\"target\":{\"@type\":\"EntryPoint\",\"urlTemplate\":\"https:\\\/\\\/www.iemj.org\\\/de\\\/?s={search_term_string}\"},\"query-input\":{\"@type\":\"PropertyValueSpecification\",\"valueRequired\":true,\"valueName\":\"search_term_string\"}}],\"inLanguage\":\"de\"},{\"@type\":\"Organization\",\"@id\":\"https:\\\/\\\/www.iemj.org\\\/de\\\/#organization\",\"name\":\"Institut Europ\u00e9en des Musiques Juives\",\"url\":\"https:\\\/\\\/www.iemj.org\\\/de\\\/\",\"logo\":{\"@type\":\"ImageObject\",\"inLanguage\":\"de\",\"@id\":\"https:\\\/\\\/www.iemj.org\\\/de\\\/#\\\/schema\\\/logo\\\/image\\\/\",\"url\":\"https:\\\/\\\/www.iemj.org\\\/wp-content\\\/uploads\\\/2021\\\/09\\\/Logo-IEMJ-Paypal.jpg\",\"contentUrl\":\"https:\\\/\\\/www.iemj.org\\\/wp-content\\\/uploads\\\/2021\\\/09\\\/Logo-IEMJ-Paypal.jpg\",\"width\":150,\"height\":50,\"caption\":\"Institut Europ\u00e9en des Musiques Juives\"},\"image\":{\"@id\":\"https:\\\/\\\/www.iemj.org\\\/de\\\/#\\\/schema\\\/logo\\\/image\\\/\"},\"sameAs\":[\"https:\\\/\\\/www.facebook.com\\\/MusiquesJuives\\\/\",\"https:\\\/\\\/www.instagram.com\\\/musiquesjuives\\\/\",\"https:\\\/\\\/www.youtube.com\\\/user\\\/musiquesjuives\"]},{\"@type\":\"Person\",\"@id\":\"https:\\\/\\\/www.iemj.org\\\/de\\\/#\\\/schema\\\/person\\\/e2ad57f2c4be119c7ed8ab79036807a9\",\"name\":\"Lea Couderc\",\"image\":{\"@type\":\"ImageObject\",\"inLanguage\":\"de\",\"@id\":\"https:\\\/\\\/secure.gravatar.com\\\/avatar\\\/46ee021475d60aeff17a7e490b79dea5a5684bb392ab7fd1494027411df8ba23?s=96&d=mm&r=g\",\"url\":\"https:\\\/\\\/secure.gravatar.com\\\/avatar\\\/46ee021475d60aeff17a7e490b79dea5a5684bb392ab7fd1494027411df8ba23?s=96&d=mm&r=g\",\"contentUrl\":\"https:\\\/\\\/secure.gravatar.com\\\/avatar\\\/46ee021475d60aeff17a7e490b79dea5a5684bb392ab7fd1494027411df8ba23?s=96&d=mm&r=g\",\"caption\":\"Lea Couderc\"}}]}<\/script>\n<!-- \/ Yoast SEO plugin. -->","yoast_head_json":{"title":"Fonds Dave Cash - Institut Europ\u00e9en des Musiques Juives","robots":{"index":"index","follow":"follow","max-snippet":"max-snippet:-1","max-image-preview":"max-image-preview:large","max-video-preview":"max-video-preview:-1"},"canonical":"https:\/\/www.iemj.org\/de\/fonds-dave-cash-louis-ludwig-slomniker\/","og_locale":"de_DE","og_type":"article","og_title":"Fonds Dave Cash - Institut Europ\u00e9en des Musiques Juives","og_description":"Die Sammlung von Dave Cash (Louis\/Ludwig Slomniker), die fast 200 Dokumente umfasst, f\u00fchrt uns zur\u00fcck in die musikalische Atmosph\u00e4re der jiddischen Kabaretts der Nachkriegszeit.","og_url":"https:\/\/www.iemj.org\/de\/fonds-dave-cash-louis-ludwig-slomniker\/","og_site_name":"Institut Europ\u00e9en des Musiques Juives","article_publisher":"https:\/\/www.facebook.com\/MusiquesJuives\/","article_published_time":"2015-11-30T09:56:26+00:00","article_modified_time":"2021-09-13T16:27:33+00:00","og_image":[{"width":350,"height":238,"url":"https:\/\/www.iemj.org\/wp-content\/uploads\/2015\/11\/arton1279-scaled-e1618494561537.jpg","type":"image\/jpeg"}],"author":"Lea Couderc","twitter_card":"summary_large_image","twitter_misc":{"Verfasst von":"Lea Couderc","Gesch\u00e4tzte Lesezeit":"2\u00a0Minuten"},"schema":{"@context":"https:\/\/schema.org","@graph":[{"@type":"Article","@id":"https:\/\/www.iemj.org\/de\/fonds-dave-cash-louis-ludwig-slomniker\/#article","isPartOf":{"@id":"https:\/\/www.iemj.org\/de\/fonds-dave-cash-louis-ludwig-slomniker\/"},"author":{"name":"Lea Couderc","@id":"https:\/\/www.iemj.org\/de\/#\/schema\/person\/e2ad57f2c4be119c7ed8ab79036807a9"},"headline":"Fonds Dave Cash","datePublished":"2015-11-30T09:56:26+00:00","dateModified":"2021-09-13T16:27:33+00:00","mainEntityOfPage":{"@id":"https:\/\/www.iemj.org\/de\/fonds-dave-cash-louis-ludwig-slomniker\/"},"wordCount":269,"publisher":{"@id":"https:\/\/www.iemj.org\/de\/#organization"},"image":{"@id":"https:\/\/www.iemj.org\/de\/fonds-dave-cash-louis-ludwig-slomniker\/#primaryimage"},"thumbnailUrl":"https:\/\/www.iemj.org\/wp-content\/uploads\/2015\/11\/arton1279-scaled-e1618494561537.jpg","articleSection":["Fonds"],"inLanguage":"de"},{"@type":"WebPage","@id":"https:\/\/www.iemj.org\/de\/fonds-dave-cash-louis-ludwig-slomniker\/","url":"https:\/\/www.iemj.org\/de\/fonds-dave-cash-louis-ludwig-slomniker\/","name":"Fonds Dave Cash - Institut Europ\u00e9en des Musiques Juives","isPartOf":{"@id":"https:\/\/www.iemj.org\/de\/#website"},"primaryImageOfPage":{"@id":"https:\/\/www.iemj.org\/de\/fonds-dave-cash-louis-ludwig-slomniker\/#primaryimage"},"image":{"@id":"https:\/\/www.iemj.org\/de\/fonds-dave-cash-louis-ludwig-slomniker\/#primaryimage"},"thumbnailUrl":"https:\/\/www.iemj.org\/wp-content\/uploads\/2015\/11\/arton1279-scaled-e1618494561537.jpg","datePublished":"2015-11-30T09:56:26+00:00","dateModified":"2021-09-13T16:27:33+00:00","breadcrumb":{"@id":"https:\/\/www.iemj.org\/de\/fonds-dave-cash-louis-ludwig-slomniker\/#breadcrumb"},"inLanguage":"de","potentialAction":[{"@type":"ReadAction","target":["https:\/\/www.iemj.org\/de\/fonds-dave-cash-louis-ludwig-slomniker\/"]}]},{"@type":"ImageObject","inLanguage":"de","@id":"https:\/\/www.iemj.org\/de\/fonds-dave-cash-louis-ludwig-slomniker\/#primaryimage","url":"https:\/\/www.iemj.org\/wp-content\/uploads\/2015\/11\/arton1279-scaled-e1618494561537.jpg","contentUrl":"https:\/\/www.iemj.org\/wp-content\/uploads\/2015\/11\/arton1279-scaled-e1618494561537.jpg","width":350,"height":238},{"@type":"BreadcrumbList","@id":"https:\/\/www.iemj.org\/de\/fonds-dave-cash-louis-ludwig-slomniker\/#breadcrumb","itemListElement":[{"@type":"ListItem","position":1,"name":"Accueil","item":"https:\/\/www.iemj.org\/de\/"},{"@type":"ListItem","position":2,"name":"Fonds Dave Cash"}]},{"@type":"WebSite","@id":"https:\/\/www.iemj.org\/de\/#website","url":"https:\/\/www.iemj.org\/de\/","name":"Institut Europ\u00e9en des Musiques Juives","description":"Des traditions musicales \u00e0 la port\u00e9e de tous","publisher":{"@id":"https:\/\/www.iemj.org\/de\/#organization"},"potentialAction":[{"@type":"SearchAction","target":{"@type":"EntryPoint","urlTemplate":"https:\/\/www.iemj.org\/de\/?s={search_term_string}"},"query-input":{"@type":"PropertyValueSpecification","valueRequired":true,"valueName":"search_term_string"}}],"inLanguage":"de"},{"@type":"Organization","@id":"https:\/\/www.iemj.org\/de\/#organization","name":"Institut Europ\u00e9en des Musiques Juives","url":"https:\/\/www.iemj.org\/de\/","logo":{"@type":"ImageObject","inLanguage":"de","@id":"https:\/\/www.iemj.org\/de\/#\/schema\/logo\/image\/","url":"https:\/\/www.iemj.org\/wp-content\/uploads\/2021\/09\/Logo-IEMJ-Paypal.jpg","contentUrl":"https:\/\/www.iemj.org\/wp-content\/uploads\/2021\/09\/Logo-IEMJ-Paypal.jpg","width":150,"height":50,"caption":"Institut Europ\u00e9en des Musiques Juives"},"image":{"@id":"https:\/\/www.iemj.org\/de\/#\/schema\/logo\/image\/"},"sameAs":["https:\/\/www.facebook.com\/MusiquesJuives\/","https:\/\/www.instagram.com\/musiquesjuives\/","https:\/\/www.youtube.com\/user\/musiquesjuives"]},{"@type":"Person","@id":"https:\/\/www.iemj.org\/de\/#\/schema\/person\/e2ad57f2c4be119c7ed8ab79036807a9","name":"Lea Couderc","image":{"@type":"ImageObject","inLanguage":"de","@id":"https:\/\/secure.gravatar.com\/avatar\/46ee021475d60aeff17a7e490b79dea5a5684bb392ab7fd1494027411df8ba23?s=96&d=mm&r=g","url":"https:\/\/secure.gravatar.com\/avatar\/46ee021475d60aeff17a7e490b79dea5a5684bb392ab7fd1494027411df8ba23?s=96&d=mm&r=g","contentUrl":"https:\/\/secure.gravatar.com\/avatar\/46ee021475d60aeff17a7e490b79dea5a5684bb392ab7fd1494027411df8ba23?s=96&d=mm&r=g","caption":"Lea Couderc"}}]}},"_links":{"self":[{"href":"https:\/\/www.iemj.org\/de\/wp-json\/wp\/v2\/posts\/63510","targetHints":{"allow":["GET"]}}],"collection":[{"href":"https:\/\/www.iemj.org\/de\/wp-json\/wp\/v2\/posts"}],"about":[{"href":"https:\/\/www.iemj.org\/de\/wp-json\/wp\/v2\/types\/post"}],"author":[{"embeddable":true,"href":"https:\/\/www.iemj.org\/de\/wp-json\/wp\/v2\/users\/1052"}],"replies":[{"embeddable":true,"href":"https:\/\/www.iemj.org\/de\/wp-json\/wp\/v2\/comments?post=63510"}],"version-history":[{"count":0,"href":"https:\/\/www.iemj.org\/de\/wp-json\/wp\/v2\/posts\/63510\/revisions"}],"wp:featuredmedia":[{"embeddable":true,"href":"https:\/\/www.iemj.org\/de\/wp-json\/wp\/v2\/media\/63511"}],"wp:attachment":[{"href":"https:\/\/www.iemj.org\/de\/wp-json\/wp\/v2\/media?parent=63510"}],"wp:term":[{"taxonomy":"category","embeddable":true,"href":"https:\/\/www.iemj.org\/de\/wp-json\/wp\/v2\/categories?post=63510"},{"taxonomy":"post_tag","embeddable":true,"href":"https:\/\/www.iemj.org\/de\/wp-json\/wp\/v2\/tags?post=63510"},{"taxonomy":"technique","embeddable":true,"href":"https:\/\/www.iemj.org\/de\/wp-json\/wp\/v2\/technique?post=63510"},{"taxonomy":"squelettes","embeddable":true,"href":"https:\/\/www.iemj.org\/de\/wp-json\/wp\/v2\/squelettes?post=63510"},{"taxonomy":"sujet","embeddable":true,"href":"https:\/\/www.iemj.org\/de\/wp-json\/wp\/v2\/sujet?post=63510"},{"taxonomy":"formation","embeddable":true,"href":"https:\/\/www.iemj.org\/de\/wp-json\/wp\/v2\/formation?post=63510"},{"taxonomy":"genre","embeddable":true,"href":"https:\/\/www.iemj.org\/de\/wp-json\/wp\/v2\/genre?post=63510"},{"taxonomy":"fonds","embeddable":true,"href":"https:\/\/www.iemj.org\/de\/wp-json\/wp\/v2\/fonds?post=63510"},{"taxonomy":"tradition","embeddable":true,"href":"https:\/\/www.iemj.org\/de\/wp-json\/wp\/v2\/tradition?post=63510"},{"taxonomy":"type-de-contenu","embeddable":true,"href":"https:\/\/www.iemj.org\/de\/wp-json\/wp\/v2\/type-de-contenu?post=63510"},{"taxonomy":"interprete-compositeur","embeddable":true,"href":"https:\/\/www.iemj.org\/de\/wp-json\/wp\/v2\/interprete-compositeur?post=63510"},{"taxonomy":"frise","embeddable":true,"href":"https:\/\/www.iemj.org\/de\/wp-json\/wp\/v2\/frise?post=63510"},{"taxonomy":"type-devenement","embeddable":true,"href":"https:\/\/www.iemj.org\/de\/wp-json\/wp\/v2\/type-devenement?post=63510"},{"taxonomy":"tableaux-liens-externes","embeddable":true,"href":"https:\/\/www.iemj.org\/de\/wp-json\/wp\/v2\/tableaux-liens-externes?post=63510"}],"curies":[{"name":"wp","href":"https:\/\/api.w.org\/{rel}","templated":true}]}}