{"id":63726,"date":"2016-04-28T16:29:13","date_gmt":"2016-04-28T14:29:13","guid":{"rendered":"https:\/\/www.iemj.org\/les-archives-musicales-de-la-synagogue-de-reims\/"},"modified":"2021-09-14T10:46:25","modified_gmt":"2021-09-14T08:46:25","slug":"les-archives-musicales-de-la-synagogue-de-reims","status":"publish","type":"post","link":"https:\/\/www.iemj.org\/de\/les-archives-musicales-de-la-synagogue-de-reims\/","title":{"rendered":"Die Musikarchive der Synagoge von Reims"},"content":{"rendered":"<p>Zwischen Mai 2014 und April 2016, hat das IEMJ an die 150 handschriftliche Partituren erhalten und digitalisiert. Julianne Unterberger und Herv\u00e9 Roten zeichnen hier, die Geschichte der j\u00fcdischen Gemeinschaft von Reims, sowie deren zahlreiche kulturelle Aktivit\u00e4ten, nach.<\/p>\n<p><!--more--><\/p>\n<p>Am 13. Mai 2014 lud die Association culturelle et sociale isra\u00e9lite de Reims (ACSIR), deren Vorsitz Julianne Unterberger innehatte, Herv\u00e9 Roten, den Direktoren des IEMJ ein, eine Konferenz zum Thema der \u201eEntdeckung der j\u00fcdischen Musik\u201c zu geben. Anl\u00e4sslich dieser Konferenz \u00fcbergab Julianne Unterbeger, die Dr. Marc Lagache, dem Pr\u00e4sidenten der j\u00fcdischen Gemeinschaft von Reims untersteht, dem Institut Europ\u00e9en des Musiques Juives 132 Partituren, gr\u00f6\u00dftenteils Manuskripte, die aus der Zeit der Jahrhundertwende stammen<\/p>\n<p>\u00a0<\/p>\n<p><img fetchpriority=\"high\" decoding=\"async\" class=\" alignright size-full wp-image-10437\" src=\"https:\/\/www.iemj.org\/wp-content\/uploads\/2016\/04\/doc_2_500px.jpg\" alt=\"doc_2_500px.jpg\" width=\"301\" height=\"207\" align=\"right\" \/><\/p>\n<p>Dieser Archivfonds wurde am 18. April 2016 mit einer zus\u00e4tzlichen Spende von 10 Musikb\u00e4nden, welche teilweise in einem schlechten Zustand waren, erg\u00e4nzt. Jean-Gabriel Davis, der f\u00fcr die Sammlungen zust\u00e4ndige Mitarbeiter des IEMJ fuhr nach Reims, um diese Dokumente, das musikalische Erbe der Gemeinschaft von Reim, in Empfang zu nehmen.<\/p>\n<p>\u00a0<\/p>\n<p><img decoding=\"async\" class=\" alignleft size-full wp-image-10439\" src=\"https:\/\/www.iemj.org\/wp-content\/uploads\/2016\/04\/doc_3_orgue_500px.jpg\" alt=\"doc_3_orgue_500px.jpg\" width=\"257\" height=\"193\" align=\"left\" \/>In diesen Archiven finden die wichtigsten Kantoren, Arrangeure, Organisten und Choristen (L\u00e9on Schwartz, Ministre-officiant im Jahr 1895, Salomon Schwatz, L\u00e9on Ross, Jules Fuzy, Fred Kitziger\u2026) Erw\u00e4hnung, welche zur Belebung des aschkenasischen Ritus in Reims, haupts\u00e4chlich zwischen 1879 und dem Ende der 1960er Jahre, beitrugen. Diese aschkenasische Liturgie von Reims entstammte der \u201edeutschen\u201c Tradition, welche um die Wende zum 19. Jahrhundert, in Elsass-Lothringen Geltung hatte. Heute ist einer der Hauptvertreter dieses Ritus, die Gro\u00dfe Synagoge von Paris. Aber wie so oft sind in diesem offiziellen aschkenasischen Ritus auch lokale musikalische Einschl\u00e4ge enthalten, welche sich eher auf die Pers\u00f6nlichkeit der S\u00e4nger, Chorleiter und anderer Arrangeure und so von deren Bestreben zeugen, dem Repertoire ihrer Synagoge ihren eigenen Stempel aufdr\u00fccken zu wollen als auf wahrhaftige rituelle Varianten, zur\u00fcckf\u00fchren lassen.<\/p>\n<p><strong><a href=\"http:\/\/www.rachelnet.net\/F\/?func=find-c&amp;ccl_term=WHOC%3Dreims&amp;local_base=iemcg&amp;x=0&amp;y=0\" target=\"_blank\" rel=\"noopener\">Auf den Fonds der Synagoge von Reims zugreifen<\/a><\/strong><\/p>\n<p><span style=\"font-size: large;\"><strong><em>J\u00fcdisches Leben in Reims (von Julianne Unterberger)<\/em><\/strong><\/span><br \/>Erste Erw\u00e4hnungen stammen aus dem 11. Jahrhundert. Nach der Ver\u00f6ffentlichung des Edikts des Parlaments von Paris aus dem Jahr 1270, wurden die Juden vertrieben und die j\u00fcdische Gemeinschaft verschwand im Laufe des 14. Jahrhunderts und blieb bis zur Franz\u00f6sischen Revolution verschwunden. Auch wenn es gegen Ende des 18. Jahrhunderts eine erste R\u00fcckkehr gab, erlebte Reims doch erst nach der Niederlage von 1870 einen gro\u00dfen Zustrom von Juden, aus dem Elsass und der Mosel. 1875 ernannte die Gemeinschaft Emile Cahen zu ihrem ersten Rabbiner, die damalige Synagoge hatte aber nur ein kleines Oratorium. Aus diesem Grund wurde der Bau einer neuen Synagoge zur Notwendigkeit.<\/p>\n<p><span style=\"font-size: large;\"><strong>Die Synagoge von Reims<\/strong><\/span><br \/>Die Synagoge von Reims wurde am 5. September 1879 eingeweiht und ist das Werk von Ernest Brunette, dem Sohn des Stadtarchitekten Narcisse Brunette. Die enthaltenen dekorativen Elemente \u2013 die Glasfenster und Wandmalereien \u2013 <span style=\"font-size: inherit;\"><img decoding=\"async\" class=\"size-full wp-image-10441 alignright\" src=\"https:\/\/www.iemj.org\/wp-content\/uploads\/2016\/04\/syna_reims_500px.jpg\" alt=\"syna_reims_500px.jpg\" width=\"395\" height=\"287\" align=\"middle\" srcset=\"https:\/\/www.iemj.org\/wp-content\/uploads\/2016\/04\/syna_reims_500px.jpg 395w, https:\/\/www.iemj.org\/wp-content\/uploads\/2016\/04\/syna_reims_500px-300x218.jpg 300w\" sizes=\"(max-width: 395px) 100vw, 395px\" \/><\/span>wurden in neomaurischen Stil von MARQUANT-VOGEL, einem lokalen Glasmachermeister, ausgef\u00fchrt.<\/p>\n<p>Die Orgel der Synagoge, ein Werk des Reimser Orgelbauers Augustin BRISSET, wurde 1901 eingeweiht. Sie ist \u00fcberaus sehenswert und \u00a0\u00a0\u00a0\u00a0\u00a0 qualitativ hochwertig gefertigt. Heute gibt es nur noch zwei Brisset-Orgeln, die eine steht in der Synagoge von Reims und eine weitere steht in der Kirche Notre Dame von Hirson.<\/p>\n<p>1989 wurde die Synagoge von Reims in die Liste der historischen Denkm\u00e4ler aufgenommen.<\/p>\n<p><strong>Die Jahre 1945 bis 1970<\/strong><br \/>Nach dem Zweiten Weltkrieg, war die Gemeinschaft auf 109 Mitglieder geschrumpft. <br \/>Erst nach dem Exodus der Franzosen aus Nordafrika, erreichte die Gemeinschaft im Jahr 1970 mit einer Zahl von 650 Mitgliedern, ihren h\u00f6chsten Stand seit Ende des 19. Jahrhunderts <\/p>\n<p><span style=\"font-size: large;\"><strong>Die Verbreitung der j\u00fcdischen Kultur<\/strong><\/span><\/p>\n<p>Die Satzung der Association culturelle isra\u00e9lite de Reims (ACI von Reims) wurde 1905 festgelegt. Die <a href=\"https:\/\/acsireims.wixsite.com\/culturejuive-reims\">Association culturelle et sociale isra\u00e9lite de Reims (kurz ACSIR)<\/a>, wurde 1995 von der ACI gegr\u00fcndet und setzt sich f\u00fcr die Verbreitung der j\u00fcdischen Kultur und den Erhalt der Synagoge ein. Die Teilnehmer der angebotenen Aktivit\u00e4ten, sind zum Gro\u00dfteil nicht-j\u00fcdisch. <br \/>Seit 2003 organisiert die ACSIR regelm\u00e4\u00dfig Konferenzen, Ausstellungen, Kolloquien, Konzerte, moderne Hebr\u00e4isch-Kurse, Begegnungen mit dem Judaismus, begleitete F\u00fchrungen der Synagoge f\u00fcr alle Altersgruppen, von Kindern bis Erwachsenen\u2026 Au\u00dferdem hat die ACSIR auch einen Chor j\u00fcdischer Ges\u00e4nge gegr\u00fcndet. <br \/>Alle angebotenen Veranstaltungen sind kostenlos und der breiten \u00d6ffentlichkeit zug\u00e4nglich. Angek\u00fcndigt werden die Veranstaltungen vor Ort oder auf der Internetseite des ACSIR. <br \/>Au\u00dferdem hat die ACSIR auch den Verlag ACSIREIMS ins Leben gerufen und ver\u00f6ffentlicht in ihm regelm\u00e4\u00dfig Konferenzen, sowie Dokumente von Kolloquien, welche sie organisiert. Die Audio- und Videoarchive dieser Veranstaltungen finden sich auf der <a href=\"https:\/\/acsirpublications.wixsite.com\/publications-acsir\" target=\"_blank\" rel=\"noopener\">Internetseite der ACSIR<\/a>.<\/p>\n\n\n<p><\/p>\n","protected":false},"excerpt":{"rendered":"<p>Zwischen Mai 2014 und April 2016, hat das IEMJ an die 150 handschriftliche Partituren erhalten und digitalisiert. Julianne Unterberger und Herv\u00e9 Roten zeichnen hier, die Geschichte der j\u00fcdischen Gemeinschaft von<\/p>\n","protected":false},"author":1045,"featured_media":63727,"comment_status":"closed","ping_status":"open","sticky":false,"template":"","format":"standard","meta":{"_acf_changed":false,"footnotes":""},"categories":[1585],"tags":[],"technique":[],"squelettes":[],"sujet":[],"formation":[],"genre":[1891],"fonds":[],"tradition":[],"type-de-contenu":[],"interprete-compositeur":[],"frise":[],"type-devenement":[],"tableaux-liens-externes":[],"class_list":["post-63726","post","type-post","status-publish","format-standard","has-post-thumbnail","hentry","category-fonds-de","genre-liturgie-de"],"acf":[],"yoast_head":"<!-- This site is optimized with the Yoast SEO plugin v27.3 - https:\/\/yoast.com\/product\/yoast-seo-wordpress\/ -->\n<title>Die Musikarchive der Synagoge von Reims - Institut Europ\u00e9en des Musiques Juives<\/title>\n<meta name=\"robots\" content=\"index, follow, max-snippet:-1, max-image-preview:large, max-video-preview:-1\" \/>\n<link rel=\"canonical\" href=\"https:\/\/www.iemj.org\/de\/les-archives-musicales-de-la-synagogue-de-reims\/\" \/>\n<meta property=\"og:locale\" content=\"de_DE\" \/>\n<meta property=\"og:type\" content=\"article\" \/>\n<meta property=\"og:title\" content=\"Die Musikarchive der Synagoge von Reims - Institut Europ\u00e9en des Musiques Juives\" \/>\n<meta property=\"og:description\" content=\"Zwischen Mai 2014 und April 2016, hat das IEMJ an die 150 handschriftliche Partituren erhalten und digitalisiert. Julianne Unterberger und Herv\u00e9 Roten zeichnen hier, die Geschichte der j\u00fcdischen Gemeinschaft von\" \/>\n<meta property=\"og:url\" content=\"https:\/\/www.iemj.org\/de\/les-archives-musicales-de-la-synagogue-de-reims\/\" \/>\n<meta property=\"og:site_name\" content=\"Institut Europ\u00e9en des Musiques Juives\" \/>\n<meta property=\"article:publisher\" content=\"https:\/\/www.facebook.com\/MusiquesJuives\/\" \/>\n<meta property=\"article:published_time\" content=\"2016-04-28T14:29:13+00:00\" \/>\n<meta property=\"article:modified_time\" content=\"2021-09-14T08:46:25+00:00\" \/>\n<meta property=\"og:image\" content=\"https:\/\/www.iemj.org\/wp-content\/uploads\/2016\/04\/arton1641-e1618490472785.jpg\" \/>\n\t<meta property=\"og:image:width\" content=\"350\" \/>\n\t<meta property=\"og:image:height\" content=\"447\" \/>\n\t<meta property=\"og:image:type\" content=\"image\/jpeg\" \/>\n<meta name=\"author\" content=\"Herv\u00e9 Roten\" \/>\n<meta name=\"twitter:card\" content=\"summary_large_image\" \/>\n<meta name=\"twitter:label1\" content=\"Verfasst von\" \/>\n\t<meta name=\"twitter:data1\" content=\"Herv\u00e9 Roten\" \/>\n\t<meta name=\"twitter:label2\" content=\"Gesch\u00e4tzte Lesezeit\" \/>\n\t<meta name=\"twitter:data2\" content=\"4\u00a0Minuten\" \/>\n<script type=\"application\/ld+json\" class=\"yoast-schema-graph\">{\"@context\":\"https:\\\/\\\/schema.org\",\"@graph\":[{\"@type\":\"Article\",\"@id\":\"https:\\\/\\\/www.iemj.org\\\/de\\\/les-archives-musicales-de-la-synagogue-de-reims\\\/#article\",\"isPartOf\":{\"@id\":\"https:\\\/\\\/www.iemj.org\\\/de\\\/les-archives-musicales-de-la-synagogue-de-reims\\\/\"},\"author\":{\"name\":\"Herv\u00e9 Roten\",\"@id\":\"https:\\\/\\\/www.iemj.org\\\/de\\\/#\\\/schema\\\/person\\\/906134402c29d5c76e7b726261dd4bbd\"},\"headline\":\"Die Musikarchive der Synagoge von Reims\",\"datePublished\":\"2016-04-28T14:29:13+00:00\",\"dateModified\":\"2021-09-14T08:46:25+00:00\",\"mainEntityOfPage\":{\"@id\":\"https:\\\/\\\/www.iemj.org\\\/de\\\/les-archives-musicales-de-la-synagogue-de-reims\\\/\"},\"wordCount\":739,\"publisher\":{\"@id\":\"https:\\\/\\\/www.iemj.org\\\/de\\\/#organization\"},\"image\":{\"@id\":\"https:\\\/\\\/www.iemj.org\\\/de\\\/les-archives-musicales-de-la-synagogue-de-reims\\\/#primaryimage\"},\"thumbnailUrl\":\"https:\\\/\\\/www.iemj.org\\\/wp-content\\\/uploads\\\/2016\\\/04\\\/arton1641-e1618490472785.jpg\",\"articleSection\":[\"Fonds\"],\"inLanguage\":\"de\"},{\"@type\":\"WebPage\",\"@id\":\"https:\\\/\\\/www.iemj.org\\\/de\\\/les-archives-musicales-de-la-synagogue-de-reims\\\/\",\"url\":\"https:\\\/\\\/www.iemj.org\\\/de\\\/les-archives-musicales-de-la-synagogue-de-reims\\\/\",\"name\":\"Die Musikarchive der Synagoge von Reims - Institut Europ\u00e9en des Musiques Juives\",\"isPartOf\":{\"@id\":\"https:\\\/\\\/www.iemj.org\\\/de\\\/#website\"},\"primaryImageOfPage\":{\"@id\":\"https:\\\/\\\/www.iemj.org\\\/de\\\/les-archives-musicales-de-la-synagogue-de-reims\\\/#primaryimage\"},\"image\":{\"@id\":\"https:\\\/\\\/www.iemj.org\\\/de\\\/les-archives-musicales-de-la-synagogue-de-reims\\\/#primaryimage\"},\"thumbnailUrl\":\"https:\\\/\\\/www.iemj.org\\\/wp-content\\\/uploads\\\/2016\\\/04\\\/arton1641-e1618490472785.jpg\",\"datePublished\":\"2016-04-28T14:29:13+00:00\",\"dateModified\":\"2021-09-14T08:46:25+00:00\",\"breadcrumb\":{\"@id\":\"https:\\\/\\\/www.iemj.org\\\/de\\\/les-archives-musicales-de-la-synagogue-de-reims\\\/#breadcrumb\"},\"inLanguage\":\"de\",\"potentialAction\":[{\"@type\":\"ReadAction\",\"target\":[\"https:\\\/\\\/www.iemj.org\\\/de\\\/les-archives-musicales-de-la-synagogue-de-reims\\\/\"]}]},{\"@type\":\"ImageObject\",\"inLanguage\":\"de\",\"@id\":\"https:\\\/\\\/www.iemj.org\\\/de\\\/les-archives-musicales-de-la-synagogue-de-reims\\\/#primaryimage\",\"url\":\"https:\\\/\\\/www.iemj.org\\\/wp-content\\\/uploads\\\/2016\\\/04\\\/arton1641-e1618490472785.jpg\",\"contentUrl\":\"https:\\\/\\\/www.iemj.org\\\/wp-content\\\/uploads\\\/2016\\\/04\\\/arton1641-e1618490472785.jpg\",\"width\":350,\"height\":447},{\"@type\":\"BreadcrumbList\",\"@id\":\"https:\\\/\\\/www.iemj.org\\\/de\\\/les-archives-musicales-de-la-synagogue-de-reims\\\/#breadcrumb\",\"itemListElement\":[{\"@type\":\"ListItem\",\"position\":1,\"name\":\"Accueil\",\"item\":\"https:\\\/\\\/www.iemj.org\\\/de\\\/\"},{\"@type\":\"ListItem\",\"position\":2,\"name\":\"Die Musikarchive der Synagoge von Reims\"}]},{\"@type\":\"WebSite\",\"@id\":\"https:\\\/\\\/www.iemj.org\\\/de\\\/#website\",\"url\":\"https:\\\/\\\/www.iemj.org\\\/de\\\/\",\"name\":\"Institut Europ\u00e9en des Musiques Juives\",\"description\":\"Des traditions musicales \u00e0 la port\u00e9e de tous\",\"publisher\":{\"@id\":\"https:\\\/\\\/www.iemj.org\\\/de\\\/#organization\"},\"potentialAction\":[{\"@type\":\"SearchAction\",\"target\":{\"@type\":\"EntryPoint\",\"urlTemplate\":\"https:\\\/\\\/www.iemj.org\\\/de\\\/?s={search_term_string}\"},\"query-input\":{\"@type\":\"PropertyValueSpecification\",\"valueRequired\":true,\"valueName\":\"search_term_string\"}}],\"inLanguage\":\"de\"},{\"@type\":\"Organization\",\"@id\":\"https:\\\/\\\/www.iemj.org\\\/de\\\/#organization\",\"name\":\"Institut Europ\u00e9en des Musiques Juives\",\"url\":\"https:\\\/\\\/www.iemj.org\\\/de\\\/\",\"logo\":{\"@type\":\"ImageObject\",\"inLanguage\":\"de\",\"@id\":\"https:\\\/\\\/www.iemj.org\\\/de\\\/#\\\/schema\\\/logo\\\/image\\\/\",\"url\":\"https:\\\/\\\/www.iemj.org\\\/wp-content\\\/uploads\\\/2021\\\/09\\\/Logo-IEMJ-Paypal.jpg\",\"contentUrl\":\"https:\\\/\\\/www.iemj.org\\\/wp-content\\\/uploads\\\/2021\\\/09\\\/Logo-IEMJ-Paypal.jpg\",\"width\":150,\"height\":50,\"caption\":\"Institut Europ\u00e9en des Musiques Juives\"},\"image\":{\"@id\":\"https:\\\/\\\/www.iemj.org\\\/de\\\/#\\\/schema\\\/logo\\\/image\\\/\"},\"sameAs\":[\"https:\\\/\\\/www.facebook.com\\\/MusiquesJuives\\\/\",\"https:\\\/\\\/www.instagram.com\\\/musiquesjuives\\\/\",\"https:\\\/\\\/www.youtube.com\\\/user\\\/musiquesjuives\"]},{\"@type\":\"Person\",\"@id\":\"https:\\\/\\\/www.iemj.org\\\/de\\\/#\\\/schema\\\/person\\\/906134402c29d5c76e7b726261dd4bbd\",\"name\":\"Herv\u00e9 Roten\",\"image\":{\"@type\":\"ImageObject\",\"inLanguage\":\"de\",\"@id\":\"https:\\\/\\\/secure.gravatar.com\\\/avatar\\\/f96ad2db538a26481f18384936b5cd0610c92d390c4dc382209216d455f685ff?s=96&d=mm&r=g\",\"url\":\"https:\\\/\\\/secure.gravatar.com\\\/avatar\\\/f96ad2db538a26481f18384936b5cd0610c92d390c4dc382209216d455f685ff?s=96&d=mm&r=g\",\"contentUrl\":\"https:\\\/\\\/secure.gravatar.com\\\/avatar\\\/f96ad2db538a26481f18384936b5cd0610c92d390c4dc382209216d455f685ff?s=96&d=mm&r=g\",\"caption\":\"Herv\u00e9 Roten\"}}]}<\/script>\n<!-- \/ Yoast SEO plugin. -->","yoast_head_json":{"title":"Die Musikarchive der Synagoge von Reims - Institut Europ\u00e9en des Musiques Juives","robots":{"index":"index","follow":"follow","max-snippet":"max-snippet:-1","max-image-preview":"max-image-preview:large","max-video-preview":"max-video-preview:-1"},"canonical":"https:\/\/www.iemj.org\/de\/les-archives-musicales-de-la-synagogue-de-reims\/","og_locale":"de_DE","og_type":"article","og_title":"Die Musikarchive der Synagoge von Reims - Institut Europ\u00e9en des Musiques Juives","og_description":"Zwischen Mai 2014 und April 2016, hat das IEMJ an die 150 handschriftliche Partituren erhalten und digitalisiert. Julianne Unterberger und Herv\u00e9 Roten zeichnen hier, die Geschichte der j\u00fcdischen Gemeinschaft von","og_url":"https:\/\/www.iemj.org\/de\/les-archives-musicales-de-la-synagogue-de-reims\/","og_site_name":"Institut Europ\u00e9en des Musiques Juives","article_publisher":"https:\/\/www.facebook.com\/MusiquesJuives\/","article_published_time":"2016-04-28T14:29:13+00:00","article_modified_time":"2021-09-14T08:46:25+00:00","og_image":[{"width":350,"height":447,"url":"https:\/\/www.iemj.org\/wp-content\/uploads\/2016\/04\/arton1641-e1618490472785.jpg","type":"image\/jpeg"}],"author":"Herv\u00e9 Roten","twitter_card":"summary_large_image","twitter_misc":{"Verfasst von":"Herv\u00e9 Roten","Gesch\u00e4tzte Lesezeit":"4\u00a0Minuten"},"schema":{"@context":"https:\/\/schema.org","@graph":[{"@type":"Article","@id":"https:\/\/www.iemj.org\/de\/les-archives-musicales-de-la-synagogue-de-reims\/#article","isPartOf":{"@id":"https:\/\/www.iemj.org\/de\/les-archives-musicales-de-la-synagogue-de-reims\/"},"author":{"name":"Herv\u00e9 Roten","@id":"https:\/\/www.iemj.org\/de\/#\/schema\/person\/906134402c29d5c76e7b726261dd4bbd"},"headline":"Die Musikarchive der Synagoge von Reims","datePublished":"2016-04-28T14:29:13+00:00","dateModified":"2021-09-14T08:46:25+00:00","mainEntityOfPage":{"@id":"https:\/\/www.iemj.org\/de\/les-archives-musicales-de-la-synagogue-de-reims\/"},"wordCount":739,"publisher":{"@id":"https:\/\/www.iemj.org\/de\/#organization"},"image":{"@id":"https:\/\/www.iemj.org\/de\/les-archives-musicales-de-la-synagogue-de-reims\/#primaryimage"},"thumbnailUrl":"https:\/\/www.iemj.org\/wp-content\/uploads\/2016\/04\/arton1641-e1618490472785.jpg","articleSection":["Fonds"],"inLanguage":"de"},{"@type":"WebPage","@id":"https:\/\/www.iemj.org\/de\/les-archives-musicales-de-la-synagogue-de-reims\/","url":"https:\/\/www.iemj.org\/de\/les-archives-musicales-de-la-synagogue-de-reims\/","name":"Die Musikarchive der Synagoge von Reims - Institut Europ\u00e9en des Musiques Juives","isPartOf":{"@id":"https:\/\/www.iemj.org\/de\/#website"},"primaryImageOfPage":{"@id":"https:\/\/www.iemj.org\/de\/les-archives-musicales-de-la-synagogue-de-reims\/#primaryimage"},"image":{"@id":"https:\/\/www.iemj.org\/de\/les-archives-musicales-de-la-synagogue-de-reims\/#primaryimage"},"thumbnailUrl":"https:\/\/www.iemj.org\/wp-content\/uploads\/2016\/04\/arton1641-e1618490472785.jpg","datePublished":"2016-04-28T14:29:13+00:00","dateModified":"2021-09-14T08:46:25+00:00","breadcrumb":{"@id":"https:\/\/www.iemj.org\/de\/les-archives-musicales-de-la-synagogue-de-reims\/#breadcrumb"},"inLanguage":"de","potentialAction":[{"@type":"ReadAction","target":["https:\/\/www.iemj.org\/de\/les-archives-musicales-de-la-synagogue-de-reims\/"]}]},{"@type":"ImageObject","inLanguage":"de","@id":"https:\/\/www.iemj.org\/de\/les-archives-musicales-de-la-synagogue-de-reims\/#primaryimage","url":"https:\/\/www.iemj.org\/wp-content\/uploads\/2016\/04\/arton1641-e1618490472785.jpg","contentUrl":"https:\/\/www.iemj.org\/wp-content\/uploads\/2016\/04\/arton1641-e1618490472785.jpg","width":350,"height":447},{"@type":"BreadcrumbList","@id":"https:\/\/www.iemj.org\/de\/les-archives-musicales-de-la-synagogue-de-reims\/#breadcrumb","itemListElement":[{"@type":"ListItem","position":1,"name":"Accueil","item":"https:\/\/www.iemj.org\/de\/"},{"@type":"ListItem","position":2,"name":"Die Musikarchive der Synagoge von Reims"}]},{"@type":"WebSite","@id":"https:\/\/www.iemj.org\/de\/#website","url":"https:\/\/www.iemj.org\/de\/","name":"Institut Europ\u00e9en des Musiques Juives","description":"Des traditions musicales \u00e0 la port\u00e9e de tous","publisher":{"@id":"https:\/\/www.iemj.org\/de\/#organization"},"potentialAction":[{"@type":"SearchAction","target":{"@type":"EntryPoint","urlTemplate":"https:\/\/www.iemj.org\/de\/?s={search_term_string}"},"query-input":{"@type":"PropertyValueSpecification","valueRequired":true,"valueName":"search_term_string"}}],"inLanguage":"de"},{"@type":"Organization","@id":"https:\/\/www.iemj.org\/de\/#organization","name":"Institut Europ\u00e9en des Musiques Juives","url":"https:\/\/www.iemj.org\/de\/","logo":{"@type":"ImageObject","inLanguage":"de","@id":"https:\/\/www.iemj.org\/de\/#\/schema\/logo\/image\/","url":"https:\/\/www.iemj.org\/wp-content\/uploads\/2021\/09\/Logo-IEMJ-Paypal.jpg","contentUrl":"https:\/\/www.iemj.org\/wp-content\/uploads\/2021\/09\/Logo-IEMJ-Paypal.jpg","width":150,"height":50,"caption":"Institut Europ\u00e9en des Musiques Juives"},"image":{"@id":"https:\/\/www.iemj.org\/de\/#\/schema\/logo\/image\/"},"sameAs":["https:\/\/www.facebook.com\/MusiquesJuives\/","https:\/\/www.instagram.com\/musiquesjuives\/","https:\/\/www.youtube.com\/user\/musiquesjuives"]},{"@type":"Person","@id":"https:\/\/www.iemj.org\/de\/#\/schema\/person\/906134402c29d5c76e7b726261dd4bbd","name":"Herv\u00e9 Roten","image":{"@type":"ImageObject","inLanguage":"de","@id":"https:\/\/secure.gravatar.com\/avatar\/f96ad2db538a26481f18384936b5cd0610c92d390c4dc382209216d455f685ff?s=96&d=mm&r=g","url":"https:\/\/secure.gravatar.com\/avatar\/f96ad2db538a26481f18384936b5cd0610c92d390c4dc382209216d455f685ff?s=96&d=mm&r=g","contentUrl":"https:\/\/secure.gravatar.com\/avatar\/f96ad2db538a26481f18384936b5cd0610c92d390c4dc382209216d455f685ff?s=96&d=mm&r=g","caption":"Herv\u00e9 Roten"}}]}},"_links":{"self":[{"href":"https:\/\/www.iemj.org\/de\/wp-json\/wp\/v2\/posts\/63726","targetHints":{"allow":["GET"]}}],"collection":[{"href":"https:\/\/www.iemj.org\/de\/wp-json\/wp\/v2\/posts"}],"about":[{"href":"https:\/\/www.iemj.org\/de\/wp-json\/wp\/v2\/types\/post"}],"author":[{"embeddable":true,"href":"https:\/\/www.iemj.org\/de\/wp-json\/wp\/v2\/users\/1045"}],"replies":[{"embeddable":true,"href":"https:\/\/www.iemj.org\/de\/wp-json\/wp\/v2\/comments?post=63726"}],"version-history":[{"count":0,"href":"https:\/\/www.iemj.org\/de\/wp-json\/wp\/v2\/posts\/63726\/revisions"}],"wp:featuredmedia":[{"embeddable":true,"href":"https:\/\/www.iemj.org\/de\/wp-json\/wp\/v2\/media\/63727"}],"wp:attachment":[{"href":"https:\/\/www.iemj.org\/de\/wp-json\/wp\/v2\/media?parent=63726"}],"wp:term":[{"taxonomy":"category","embeddable":true,"href":"https:\/\/www.iemj.org\/de\/wp-json\/wp\/v2\/categories?post=63726"},{"taxonomy":"post_tag","embeddable":true,"href":"https:\/\/www.iemj.org\/de\/wp-json\/wp\/v2\/tags?post=63726"},{"taxonomy":"technique","embeddable":true,"href":"https:\/\/www.iemj.org\/de\/wp-json\/wp\/v2\/technique?post=63726"},{"taxonomy":"squelettes","embeddable":true,"href":"https:\/\/www.iemj.org\/de\/wp-json\/wp\/v2\/squelettes?post=63726"},{"taxonomy":"sujet","embeddable":true,"href":"https:\/\/www.iemj.org\/de\/wp-json\/wp\/v2\/sujet?post=63726"},{"taxonomy":"formation","embeddable":true,"href":"https:\/\/www.iemj.org\/de\/wp-json\/wp\/v2\/formation?post=63726"},{"taxonomy":"genre","embeddable":true,"href":"https:\/\/www.iemj.org\/de\/wp-json\/wp\/v2\/genre?post=63726"},{"taxonomy":"fonds","embeddable":true,"href":"https:\/\/www.iemj.org\/de\/wp-json\/wp\/v2\/fonds?post=63726"},{"taxonomy":"tradition","embeddable":true,"href":"https:\/\/www.iemj.org\/de\/wp-json\/wp\/v2\/tradition?post=63726"},{"taxonomy":"type-de-contenu","embeddable":true,"href":"https:\/\/www.iemj.org\/de\/wp-json\/wp\/v2\/type-de-contenu?post=63726"},{"taxonomy":"interprete-compositeur","embeddable":true,"href":"https:\/\/www.iemj.org\/de\/wp-json\/wp\/v2\/interprete-compositeur?post=63726"},{"taxonomy":"frise","embeddable":true,"href":"https:\/\/www.iemj.org\/de\/wp-json\/wp\/v2\/frise?post=63726"},{"taxonomy":"type-devenement","embeddable":true,"href":"https:\/\/www.iemj.org\/de\/wp-json\/wp\/v2\/type-devenement?post=63726"},{"taxonomy":"tableaux-liens-externes","embeddable":true,"href":"https:\/\/www.iemj.org\/de\/wp-json\/wp\/v2\/tableaux-liens-externes?post=63726"}],"curies":[{"name":"wp","href":"https:\/\/api.w.org\/{rel}","templated":true}]}}