{"id":63865,"date":"2016-05-19T16:02:25","date_gmt":"2016-05-19T14:02:25","guid":{"rendered":"https:\/\/www.iemj.org\/sauvegarde-des-archives-musicales-de-la-grande-synagogue-de-metz\/"},"modified":"2021-09-14T12:24:18","modified_gmt":"2021-09-14T10:24:18","slug":"sauvegarde-des-archives-musicales-de-la-grande-synagogue-de-metz","status":"publish","type":"post","link":"https:\/\/www.iemj.org\/de\/sauvegarde-des-archives-musicales-de-la-grande-synagogue-de-metz\/","title":{"rendered":"Fonds der Metz-Synagoge"},"content":{"rendered":"<p>Zwischen Juni und September 2015, digitalisierte das IEMJ rund 500 Partituren und andere Dokumente der Gemeinschaft von Metz und bewahrte somit einen wichtigen Teil des franz\u00f6sischen aschkenasischen Musikerbes. Dieses Projekt konnte dank der Unterst\u00fctzung, der <strong>Fondation pour la M\u00e9moire de la Shoah<\/strong> und der <strong>Rothschild Fondation (Hanadiv) Europe<\/strong>, umgesetzt werden.<\/p>\n<p>Am 4. Juni 2015 nahm das IEMJ, in Abstimmung mit dem ehemaligen und sowie dem aktuellen Pr\u00e4sidenten der Gemeinschaft von Metz, MM. Patrick Lazarus und Phillip Wolff, sowie dem Pr\u00e4sidenten des israelitischen Konsistoriums der Mosel, Jean-Claude MICHEL, die Musikarchive der Gro\u00dfen Synagoge von Metz, in ihre Sammlungen auf.<\/p>\n<p><img fetchpriority=\"high\" decoding=\"async\" class=\" alignright size-full wp-image-10739\" src=\"https:\/\/www.iemj.org\/wp-content\/uploads\/2016\/05\/doc1metz500px_plus_petit.jpg\" alt=\"doc1metz500px_plus_petit.jpg\" width=\"225\" height=\"477\" align=\"right\" srcset=\"https:\/\/www.iemj.org\/wp-content\/uploads\/2016\/05\/doc1metz500px_plus_petit.jpg 225w, https:\/\/www.iemj.org\/wp-content\/uploads\/2016\/05\/doc1metz500px_plus_petit-142x300.jpg 142w\" sizes=\"(max-width: 225px) 100vw, 225px\" \/>Die Archive stellen ca. 3 laufende Meter an Dokumenten dar und bestehen haupts\u00e4chlich aus handschriftlichen Partituren, aus dem Zeitraum, zwischen der zweiten H\u00e4lfte des 19. Jahrhunderts und heute.<\/p>\n<p>Da viele dieser Partituren Anzeichen von Feuchtigkeit und Schimmel aufwiesen, war sofortiges Handel erforderlich. Die Sammlung musste, mithilfe eines speziell f\u00fcr derlei Zwecke konzipierten Saugers, gereinigt und mit professionellem Archivierungsequipment aufgearbeitet werden.<\/p>\n<p>Es wurde ein Bestandverzeichnis dieser synagogalen Sammlung erstellt. Am heutigen Tag sind darin 220 Partituren aufgef\u00fchrt. Einige davon werden heute noch gespielt, andere sind hingegen in Vergessenheit geraten. Viele dieser alten Partituren tragen einen deutschen Stempel aus den Jahren 1870 bis 1918.<\/p>\n<p>Die Klassifizierung und Untersuchung dieses Fonds erforderten eine permanente musikwissenschaftliche Beaufsichtigung. Tats\u00e4chlich waren viele Partituren in einem derart schlechten Zustand, dass sie durch das Wiederfinden von fehlenden Seiten oder durch die Ordnung der einzelnen Seiten, wiederhergestellt werden mussten. Diese Arbeit wurde von Herv\u00e9 Roten geleistet, welcher \u00fcber einen Doktortitel der Musikwissenschaften verf\u00fcgt und dar\u00fcber hinaus auch Direktor des IEMJ ist.<\/p>\n<p><img decoding=\"async\" class=\" aligncenter size-full wp-image-10741\" src=\"https:\/\/www.iemj.org\/wp-content\/uploads\/2016\/05\/doc2_metz500px_plus_petit.jpg\" alt=\"doc2_metz500px_plus_petit.jpg\" width=\"425\" height=\"281\" align=\"middle\" srcset=\"https:\/\/www.iemj.org\/wp-content\/uploads\/2016\/05\/doc2_metz500px_plus_petit.jpg 425w, https:\/\/www.iemj.org\/wp-content\/uploads\/2016\/05\/doc2_metz500px_plus_petit-300x198.jpg 300w\" sizes=\"(max-width: 425px) 100vw, 425px\" \/><\/p>\n<p>Diesem synagogalen Fonds schlossen sich zwei private Archivsammlungen an, welche auf bemerkenswerte Weise, die Archive der Synagoge von Metz erg\u00e4nzen. Bei dem ersten Archiv handelt es sich um das gemeinsame Archiv von Salomon Binn, einem Kantoren aus dem Metz der 1920er Jahre und seines Sohns <a href=\"https:\/\/www.iemj.org\/en\/binn-sylvain-1911-1999\/\" target=\"_blank\" rel=\"noopener\">Sylvain Binn<\/a>, einem Chorleiter der Synagoge nach dem Zweiten Weltkrieg. Diese 2,5 laufende Meter an Dokumenten umfassende Sammlung erhielt das IEMJ von Serge Binn \u2013 dem Sohn von Sylvain und Enkel von Salomon Binn. Darin enthalten sind ca.250 Dokumente: Partituren, Fotografien, Presseausschnitte, Plakate\u2026 Serge Binn konnte wertvolle Informationen bez\u00fcglich vieler Dokumente (Fotos, Partituren, Presse, \u2026) beisteuern.<\/p>\n<p>Der zweite private Archivfonds stammt vom Kantoren <a href=\"https:\/\/www.iemj.org\/en\/kirch-albert-1918-2016\/\" target=\"_blank\" rel=\"noopener\">Albert Kirch (1918-2016)<\/a>, welcher in Metz, von den 1950er Jahren bis in die 1980er hinein, t\u00e4tig war. Diese Sammlung umfasst f\u00fcnfzig Dokumente: Hazzanout-Partituren, Fotos, Aufnahmen, Presseausschnitte\u2026<\/p>\n<p><span style=\"font-size: inherit;\">Die Gesamtheit dieser Musikarchive \u2013 etwa 500 Dokumente \u2013 wurde im Sommer 2015 vom IEMJ digitalisiert. Diese Archive sind ab sofort im Katalog unserer Sammlungen (<\/span><a style=\"font-size: inherit;\" href=\"http:\/\/www.rachelnet.net\/F\/?func=find-c&amp;ccl_term=WHOL+%3D+Metz+OR+WHOL+%3D+Binn+OR+WHOL+%3D+Kirch&amp;local_base=iemcg\" target=\"_blank\" rel=\"noopener\"><strong>Auf aller archive (synagogue von Metz, Binn und Kirch zugreifen<\/strong><\/a><span style=\"font-size: inherit;\">) oder auf Terminanfrage am Institut Europ\u00e9en des musiques Juives (<\/span><a href=\"mailto:contact@iemj.org\">contact@iemj.o<\/a><a href=\"mailto:contact@iemj.org\">rg<\/a><span style=\"font-size: inherit;\">)<\/span><\/p>\n<ul>\n<li><strong><a href=\"http:\/\/www.rachelnet.net\/F\/?func=find-c&amp;ccl_term=WHOL+%3D+Metz&amp;local_base=iemcg\" target=\"_blank\" rel=\"noopener\">Greifen Sie hier auf der Metz-Synagoge-Fonds zu<\/a><\/strong><\/li>\n<li><strong><a href=\"http:\/\/www.rachelnet.net\/F\/?func=find-c&amp;ccl_term=WHOL+%3D+Binn&amp;local_base=iemcg\" target=\"_blank\" rel=\"noopener\">Greifen Sie hier auf den Binn-Fonds zu<\/a><\/strong><\/li>\n<li><strong><a href=\"http:\/\/www.rachelnet.net\/F\/?func=find-c&amp;ccl_term=WHOL+%3D+Kirch&amp;local_base=iemcg\" target=\"_blank\" rel=\"noopener\">Greifen Sie hier auf den Kirch-Fonds zu<\/a><\/strong><\/li>\n<\/ul>\n<div style=\"text-align: left;\">\n<div style=\"margin: 8px 0px 4px;\">\n<p><a href=\"http:\/\/www.calameo.com\/books\/0046127491f9bba295fb6\" target=\"_blank\" rel=\"noopener\">Lesen Sie die Ver\u00f6ffentlichung Office des trois f\u00eates \u2013 Rabbin A. Kirch<\/a> (auf Franz\u00f6sisch)<\/p>\n<\/div>\n<p><iframe style=\"margin: 0 auto;\" src=\"\/\/v.calameo.com\/?bkcode=0046127491f9bba295fb6&amp;mode=mini\" width=\"480\" height=\"300\" frameborder=\"0\" scrolling=\"no\" allowfullscreen=\"allowfullscreen\"><\/iframe><\/p>\n<\/div>\n","protected":false},"excerpt":{"rendered":"<p>Zwischen Juni und September 2015, digitalisierte das IEMJ rund 500 Partituren und andere Dokumente der Gemeinschaft von Metz und bewahrte somit einen wichtigen Teil des franz\u00f6sischen aschkenasischen Musikerbes. Dieses Projekt<\/p>\n","protected":false},"author":1052,"featured_media":63866,"comment_status":"closed","ping_status":"open","sticky":false,"template":"","format":"standard","meta":{"_acf_changed":false,"footnotes":""},"categories":[1585],"tags":[],"technique":[],"squelettes":[],"sujet":[],"formation":[],"genre":[],"fonds":[],"tradition":[],"type-de-contenu":[],"interprete-compositeur":[],"frise":[],"type-devenement":[],"tableaux-liens-externes":[],"class_list":["post-63865","post","type-post","status-publish","format-standard","has-post-thumbnail","hentry","category-fonds-de"],"acf":[],"yoast_head":"<!-- This site is optimized with the Yoast SEO plugin v27.3 - https:\/\/yoast.com\/product\/yoast-seo-wordpress\/ -->\n<title>Fonds der Metz-Synagoge - Institut Europ\u00e9en des Musiques Juives<\/title>\n<meta name=\"robots\" content=\"index, follow, max-snippet:-1, max-image-preview:large, max-video-preview:-1\" \/>\n<link rel=\"canonical\" href=\"https:\/\/www.iemj.org\/de\/sauvegarde-des-archives-musicales-de-la-grande-synagogue-de-metz\/\" \/>\n<meta property=\"og:locale\" content=\"de_DE\" \/>\n<meta property=\"og:type\" content=\"article\" \/>\n<meta property=\"og:title\" content=\"Fonds der Metz-Synagoge - Institut Europ\u00e9en des Musiques Juives\" \/>\n<meta property=\"og:description\" content=\"Zwischen Juni und September 2015, digitalisierte das IEMJ rund 500 Partituren und andere Dokumente der Gemeinschaft von Metz und bewahrte somit einen wichtigen Teil des franz\u00f6sischen aschkenasischen Musikerbes. Dieses Projekt\" \/>\n<meta property=\"og:url\" content=\"https:\/\/www.iemj.org\/de\/sauvegarde-des-archives-musicales-de-la-grande-synagogue-de-metz\/\" \/>\n<meta property=\"og:site_name\" content=\"Institut Europ\u00e9en des Musiques Juives\" \/>\n<meta property=\"article:publisher\" content=\"https:\/\/www.facebook.com\/MusiquesJuives\/\" \/>\n<meta property=\"article:published_time\" content=\"2016-05-19T14:02:25+00:00\" \/>\n<meta property=\"article:modified_time\" content=\"2021-09-14T10:24:18+00:00\" \/>\n<meta property=\"og:image\" content=\"https:\/\/www.iemj.org\/wp-content\/uploads\/2016\/05\/arton1702-e1618483171645.jpg\" \/>\n\t<meta property=\"og:image:width\" content=\"350\" \/>\n\t<meta property=\"og:image:height\" content=\"350\" \/>\n\t<meta property=\"og:image:type\" content=\"image\/jpeg\" \/>\n<meta name=\"author\" content=\"Lea Couderc\" \/>\n<meta name=\"twitter:card\" content=\"summary_large_image\" \/>\n<meta name=\"twitter:label1\" content=\"Verfasst von\" \/>\n\t<meta name=\"twitter:data1\" content=\"Lea Couderc\" \/>\n\t<meta name=\"twitter:label2\" content=\"Gesch\u00e4tzte Lesezeit\" \/>\n\t<meta name=\"twitter:data2\" content=\"3\u00a0Minuten\" \/>\n<script type=\"application\/ld+json\" class=\"yoast-schema-graph\">{\"@context\":\"https:\\\/\\\/schema.org\",\"@graph\":[{\"@type\":\"Article\",\"@id\":\"https:\\\/\\\/www.iemj.org\\\/de\\\/sauvegarde-des-archives-musicales-de-la-grande-synagogue-de-metz\\\/#article\",\"isPartOf\":{\"@id\":\"https:\\\/\\\/www.iemj.org\\\/de\\\/sauvegarde-des-archives-musicales-de-la-grande-synagogue-de-metz\\\/\"},\"author\":{\"name\":\"Lea Couderc\",\"@id\":\"https:\\\/\\\/www.iemj.org\\\/de\\\/#\\\/schema\\\/person\\\/e2ad57f2c4be119c7ed8ab79036807a9\"},\"headline\":\"Fonds der Metz-Synagoge\",\"datePublished\":\"2016-05-19T14:02:25+00:00\",\"dateModified\":\"2021-09-14T10:24:18+00:00\",\"mainEntityOfPage\":{\"@id\":\"https:\\\/\\\/www.iemj.org\\\/de\\\/sauvegarde-des-archives-musicales-de-la-grande-synagogue-de-metz\\\/\"},\"wordCount\":484,\"publisher\":{\"@id\":\"https:\\\/\\\/www.iemj.org\\\/de\\\/#organization\"},\"image\":{\"@id\":\"https:\\\/\\\/www.iemj.org\\\/de\\\/sauvegarde-des-archives-musicales-de-la-grande-synagogue-de-metz\\\/#primaryimage\"},\"thumbnailUrl\":\"https:\\\/\\\/www.iemj.org\\\/wp-content\\\/uploads\\\/2016\\\/05\\\/arton1702-e1618483171645.jpg\",\"articleSection\":[\"Fonds\"],\"inLanguage\":\"de\"},{\"@type\":\"WebPage\",\"@id\":\"https:\\\/\\\/www.iemj.org\\\/de\\\/sauvegarde-des-archives-musicales-de-la-grande-synagogue-de-metz\\\/\",\"url\":\"https:\\\/\\\/www.iemj.org\\\/de\\\/sauvegarde-des-archives-musicales-de-la-grande-synagogue-de-metz\\\/\",\"name\":\"Fonds der Metz-Synagoge - Institut Europ\u00e9en des Musiques Juives\",\"isPartOf\":{\"@id\":\"https:\\\/\\\/www.iemj.org\\\/de\\\/#website\"},\"primaryImageOfPage\":{\"@id\":\"https:\\\/\\\/www.iemj.org\\\/de\\\/sauvegarde-des-archives-musicales-de-la-grande-synagogue-de-metz\\\/#primaryimage\"},\"image\":{\"@id\":\"https:\\\/\\\/www.iemj.org\\\/de\\\/sauvegarde-des-archives-musicales-de-la-grande-synagogue-de-metz\\\/#primaryimage\"},\"thumbnailUrl\":\"https:\\\/\\\/www.iemj.org\\\/wp-content\\\/uploads\\\/2016\\\/05\\\/arton1702-e1618483171645.jpg\",\"datePublished\":\"2016-05-19T14:02:25+00:00\",\"dateModified\":\"2021-09-14T10:24:18+00:00\",\"breadcrumb\":{\"@id\":\"https:\\\/\\\/www.iemj.org\\\/de\\\/sauvegarde-des-archives-musicales-de-la-grande-synagogue-de-metz\\\/#breadcrumb\"},\"inLanguage\":\"de\",\"potentialAction\":[{\"@type\":\"ReadAction\",\"target\":[\"https:\\\/\\\/www.iemj.org\\\/de\\\/sauvegarde-des-archives-musicales-de-la-grande-synagogue-de-metz\\\/\"]}]},{\"@type\":\"ImageObject\",\"inLanguage\":\"de\",\"@id\":\"https:\\\/\\\/www.iemj.org\\\/de\\\/sauvegarde-des-archives-musicales-de-la-grande-synagogue-de-metz\\\/#primaryimage\",\"url\":\"https:\\\/\\\/www.iemj.org\\\/wp-content\\\/uploads\\\/2016\\\/05\\\/arton1702-e1618483171645.jpg\",\"contentUrl\":\"https:\\\/\\\/www.iemj.org\\\/wp-content\\\/uploads\\\/2016\\\/05\\\/arton1702-e1618483171645.jpg\",\"width\":350,\"height\":350},{\"@type\":\"BreadcrumbList\",\"@id\":\"https:\\\/\\\/www.iemj.org\\\/de\\\/sauvegarde-des-archives-musicales-de-la-grande-synagogue-de-metz\\\/#breadcrumb\",\"itemListElement\":[{\"@type\":\"ListItem\",\"position\":1,\"name\":\"Accueil\",\"item\":\"https:\\\/\\\/www.iemj.org\\\/de\\\/\"},{\"@type\":\"ListItem\",\"position\":2,\"name\":\"Fonds der Metz-Synagoge\"}]},{\"@type\":\"WebSite\",\"@id\":\"https:\\\/\\\/www.iemj.org\\\/de\\\/#website\",\"url\":\"https:\\\/\\\/www.iemj.org\\\/de\\\/\",\"name\":\"Institut Europ\u00e9en des Musiques Juives\",\"description\":\"Des traditions musicales \u00e0 la port\u00e9e de tous\",\"publisher\":{\"@id\":\"https:\\\/\\\/www.iemj.org\\\/de\\\/#organization\"},\"potentialAction\":[{\"@type\":\"SearchAction\",\"target\":{\"@type\":\"EntryPoint\",\"urlTemplate\":\"https:\\\/\\\/www.iemj.org\\\/de\\\/?s={search_term_string}\"},\"query-input\":{\"@type\":\"PropertyValueSpecification\",\"valueRequired\":true,\"valueName\":\"search_term_string\"}}],\"inLanguage\":\"de\"},{\"@type\":\"Organization\",\"@id\":\"https:\\\/\\\/www.iemj.org\\\/de\\\/#organization\",\"name\":\"Institut Europ\u00e9en des Musiques Juives\",\"url\":\"https:\\\/\\\/www.iemj.org\\\/de\\\/\",\"logo\":{\"@type\":\"ImageObject\",\"inLanguage\":\"de\",\"@id\":\"https:\\\/\\\/www.iemj.org\\\/de\\\/#\\\/schema\\\/logo\\\/image\\\/\",\"url\":\"https:\\\/\\\/www.iemj.org\\\/wp-content\\\/uploads\\\/2021\\\/09\\\/Logo-IEMJ-Paypal.jpg\",\"contentUrl\":\"https:\\\/\\\/www.iemj.org\\\/wp-content\\\/uploads\\\/2021\\\/09\\\/Logo-IEMJ-Paypal.jpg\",\"width\":150,\"height\":50,\"caption\":\"Institut Europ\u00e9en des Musiques Juives\"},\"image\":{\"@id\":\"https:\\\/\\\/www.iemj.org\\\/de\\\/#\\\/schema\\\/logo\\\/image\\\/\"},\"sameAs\":[\"https:\\\/\\\/www.facebook.com\\\/MusiquesJuives\\\/\",\"https:\\\/\\\/www.instagram.com\\\/musiquesjuives\\\/\",\"https:\\\/\\\/www.youtube.com\\\/user\\\/musiquesjuives\"]},{\"@type\":\"Person\",\"@id\":\"https:\\\/\\\/www.iemj.org\\\/de\\\/#\\\/schema\\\/person\\\/e2ad57f2c4be119c7ed8ab79036807a9\",\"name\":\"Lea Couderc\",\"image\":{\"@type\":\"ImageObject\",\"inLanguage\":\"de\",\"@id\":\"https:\\\/\\\/secure.gravatar.com\\\/avatar\\\/46ee021475d60aeff17a7e490b79dea5a5684bb392ab7fd1494027411df8ba23?s=96&d=mm&r=g\",\"url\":\"https:\\\/\\\/secure.gravatar.com\\\/avatar\\\/46ee021475d60aeff17a7e490b79dea5a5684bb392ab7fd1494027411df8ba23?s=96&d=mm&r=g\",\"contentUrl\":\"https:\\\/\\\/secure.gravatar.com\\\/avatar\\\/46ee021475d60aeff17a7e490b79dea5a5684bb392ab7fd1494027411df8ba23?s=96&d=mm&r=g\",\"caption\":\"Lea Couderc\"}}]}<\/script>\n<!-- \/ Yoast SEO plugin. -->","yoast_head_json":{"title":"Fonds der Metz-Synagoge - Institut Europ\u00e9en des Musiques Juives","robots":{"index":"index","follow":"follow","max-snippet":"max-snippet:-1","max-image-preview":"max-image-preview:large","max-video-preview":"max-video-preview:-1"},"canonical":"https:\/\/www.iemj.org\/de\/sauvegarde-des-archives-musicales-de-la-grande-synagogue-de-metz\/","og_locale":"de_DE","og_type":"article","og_title":"Fonds der Metz-Synagoge - Institut Europ\u00e9en des Musiques Juives","og_description":"Zwischen Juni und September 2015, digitalisierte das IEMJ rund 500 Partituren und andere Dokumente der Gemeinschaft von Metz und bewahrte somit einen wichtigen Teil des franz\u00f6sischen aschkenasischen Musikerbes. Dieses Projekt","og_url":"https:\/\/www.iemj.org\/de\/sauvegarde-des-archives-musicales-de-la-grande-synagogue-de-metz\/","og_site_name":"Institut Europ\u00e9en des Musiques Juives","article_publisher":"https:\/\/www.facebook.com\/MusiquesJuives\/","article_published_time":"2016-05-19T14:02:25+00:00","article_modified_time":"2021-09-14T10:24:18+00:00","og_image":[{"width":350,"height":350,"url":"https:\/\/www.iemj.org\/wp-content\/uploads\/2016\/05\/arton1702-e1618483171645.jpg","type":"image\/jpeg"}],"author":"Lea Couderc","twitter_card":"summary_large_image","twitter_misc":{"Verfasst von":"Lea Couderc","Gesch\u00e4tzte Lesezeit":"3\u00a0Minuten"},"schema":{"@context":"https:\/\/schema.org","@graph":[{"@type":"Article","@id":"https:\/\/www.iemj.org\/de\/sauvegarde-des-archives-musicales-de-la-grande-synagogue-de-metz\/#article","isPartOf":{"@id":"https:\/\/www.iemj.org\/de\/sauvegarde-des-archives-musicales-de-la-grande-synagogue-de-metz\/"},"author":{"name":"Lea Couderc","@id":"https:\/\/www.iemj.org\/de\/#\/schema\/person\/e2ad57f2c4be119c7ed8ab79036807a9"},"headline":"Fonds der Metz-Synagoge","datePublished":"2016-05-19T14:02:25+00:00","dateModified":"2021-09-14T10:24:18+00:00","mainEntityOfPage":{"@id":"https:\/\/www.iemj.org\/de\/sauvegarde-des-archives-musicales-de-la-grande-synagogue-de-metz\/"},"wordCount":484,"publisher":{"@id":"https:\/\/www.iemj.org\/de\/#organization"},"image":{"@id":"https:\/\/www.iemj.org\/de\/sauvegarde-des-archives-musicales-de-la-grande-synagogue-de-metz\/#primaryimage"},"thumbnailUrl":"https:\/\/www.iemj.org\/wp-content\/uploads\/2016\/05\/arton1702-e1618483171645.jpg","articleSection":["Fonds"],"inLanguage":"de"},{"@type":"WebPage","@id":"https:\/\/www.iemj.org\/de\/sauvegarde-des-archives-musicales-de-la-grande-synagogue-de-metz\/","url":"https:\/\/www.iemj.org\/de\/sauvegarde-des-archives-musicales-de-la-grande-synagogue-de-metz\/","name":"Fonds der Metz-Synagoge - Institut Europ\u00e9en des Musiques Juives","isPartOf":{"@id":"https:\/\/www.iemj.org\/de\/#website"},"primaryImageOfPage":{"@id":"https:\/\/www.iemj.org\/de\/sauvegarde-des-archives-musicales-de-la-grande-synagogue-de-metz\/#primaryimage"},"image":{"@id":"https:\/\/www.iemj.org\/de\/sauvegarde-des-archives-musicales-de-la-grande-synagogue-de-metz\/#primaryimage"},"thumbnailUrl":"https:\/\/www.iemj.org\/wp-content\/uploads\/2016\/05\/arton1702-e1618483171645.jpg","datePublished":"2016-05-19T14:02:25+00:00","dateModified":"2021-09-14T10:24:18+00:00","breadcrumb":{"@id":"https:\/\/www.iemj.org\/de\/sauvegarde-des-archives-musicales-de-la-grande-synagogue-de-metz\/#breadcrumb"},"inLanguage":"de","potentialAction":[{"@type":"ReadAction","target":["https:\/\/www.iemj.org\/de\/sauvegarde-des-archives-musicales-de-la-grande-synagogue-de-metz\/"]}]},{"@type":"ImageObject","inLanguage":"de","@id":"https:\/\/www.iemj.org\/de\/sauvegarde-des-archives-musicales-de-la-grande-synagogue-de-metz\/#primaryimage","url":"https:\/\/www.iemj.org\/wp-content\/uploads\/2016\/05\/arton1702-e1618483171645.jpg","contentUrl":"https:\/\/www.iemj.org\/wp-content\/uploads\/2016\/05\/arton1702-e1618483171645.jpg","width":350,"height":350},{"@type":"BreadcrumbList","@id":"https:\/\/www.iemj.org\/de\/sauvegarde-des-archives-musicales-de-la-grande-synagogue-de-metz\/#breadcrumb","itemListElement":[{"@type":"ListItem","position":1,"name":"Accueil","item":"https:\/\/www.iemj.org\/de\/"},{"@type":"ListItem","position":2,"name":"Fonds der Metz-Synagoge"}]},{"@type":"WebSite","@id":"https:\/\/www.iemj.org\/de\/#website","url":"https:\/\/www.iemj.org\/de\/","name":"Institut Europ\u00e9en des Musiques Juives","description":"Des traditions musicales \u00e0 la port\u00e9e de tous","publisher":{"@id":"https:\/\/www.iemj.org\/de\/#organization"},"potentialAction":[{"@type":"SearchAction","target":{"@type":"EntryPoint","urlTemplate":"https:\/\/www.iemj.org\/de\/?s={search_term_string}"},"query-input":{"@type":"PropertyValueSpecification","valueRequired":true,"valueName":"search_term_string"}}],"inLanguage":"de"},{"@type":"Organization","@id":"https:\/\/www.iemj.org\/de\/#organization","name":"Institut Europ\u00e9en des Musiques Juives","url":"https:\/\/www.iemj.org\/de\/","logo":{"@type":"ImageObject","inLanguage":"de","@id":"https:\/\/www.iemj.org\/de\/#\/schema\/logo\/image\/","url":"https:\/\/www.iemj.org\/wp-content\/uploads\/2021\/09\/Logo-IEMJ-Paypal.jpg","contentUrl":"https:\/\/www.iemj.org\/wp-content\/uploads\/2021\/09\/Logo-IEMJ-Paypal.jpg","width":150,"height":50,"caption":"Institut Europ\u00e9en des Musiques Juives"},"image":{"@id":"https:\/\/www.iemj.org\/de\/#\/schema\/logo\/image\/"},"sameAs":["https:\/\/www.facebook.com\/MusiquesJuives\/","https:\/\/www.instagram.com\/musiquesjuives\/","https:\/\/www.youtube.com\/user\/musiquesjuives"]},{"@type":"Person","@id":"https:\/\/www.iemj.org\/de\/#\/schema\/person\/e2ad57f2c4be119c7ed8ab79036807a9","name":"Lea Couderc","image":{"@type":"ImageObject","inLanguage":"de","@id":"https:\/\/secure.gravatar.com\/avatar\/46ee021475d60aeff17a7e490b79dea5a5684bb392ab7fd1494027411df8ba23?s=96&d=mm&r=g","url":"https:\/\/secure.gravatar.com\/avatar\/46ee021475d60aeff17a7e490b79dea5a5684bb392ab7fd1494027411df8ba23?s=96&d=mm&r=g","contentUrl":"https:\/\/secure.gravatar.com\/avatar\/46ee021475d60aeff17a7e490b79dea5a5684bb392ab7fd1494027411df8ba23?s=96&d=mm&r=g","caption":"Lea Couderc"}}]}},"_links":{"self":[{"href":"https:\/\/www.iemj.org\/de\/wp-json\/wp\/v2\/posts\/63865","targetHints":{"allow":["GET"]}}],"collection":[{"href":"https:\/\/www.iemj.org\/de\/wp-json\/wp\/v2\/posts"}],"about":[{"href":"https:\/\/www.iemj.org\/de\/wp-json\/wp\/v2\/types\/post"}],"author":[{"embeddable":true,"href":"https:\/\/www.iemj.org\/de\/wp-json\/wp\/v2\/users\/1052"}],"replies":[{"embeddable":true,"href":"https:\/\/www.iemj.org\/de\/wp-json\/wp\/v2\/comments?post=63865"}],"version-history":[{"count":0,"href":"https:\/\/www.iemj.org\/de\/wp-json\/wp\/v2\/posts\/63865\/revisions"}],"wp:featuredmedia":[{"embeddable":true,"href":"https:\/\/www.iemj.org\/de\/wp-json\/wp\/v2\/media\/63866"}],"wp:attachment":[{"href":"https:\/\/www.iemj.org\/de\/wp-json\/wp\/v2\/media?parent=63865"}],"wp:term":[{"taxonomy":"category","embeddable":true,"href":"https:\/\/www.iemj.org\/de\/wp-json\/wp\/v2\/categories?post=63865"},{"taxonomy":"post_tag","embeddable":true,"href":"https:\/\/www.iemj.org\/de\/wp-json\/wp\/v2\/tags?post=63865"},{"taxonomy":"technique","embeddable":true,"href":"https:\/\/www.iemj.org\/de\/wp-json\/wp\/v2\/technique?post=63865"},{"taxonomy":"squelettes","embeddable":true,"href":"https:\/\/www.iemj.org\/de\/wp-json\/wp\/v2\/squelettes?post=63865"},{"taxonomy":"sujet","embeddable":true,"href":"https:\/\/www.iemj.org\/de\/wp-json\/wp\/v2\/sujet?post=63865"},{"taxonomy":"formation","embeddable":true,"href":"https:\/\/www.iemj.org\/de\/wp-json\/wp\/v2\/formation?post=63865"},{"taxonomy":"genre","embeddable":true,"href":"https:\/\/www.iemj.org\/de\/wp-json\/wp\/v2\/genre?post=63865"},{"taxonomy":"fonds","embeddable":true,"href":"https:\/\/www.iemj.org\/de\/wp-json\/wp\/v2\/fonds?post=63865"},{"taxonomy":"tradition","embeddable":true,"href":"https:\/\/www.iemj.org\/de\/wp-json\/wp\/v2\/tradition?post=63865"},{"taxonomy":"type-de-contenu","embeddable":true,"href":"https:\/\/www.iemj.org\/de\/wp-json\/wp\/v2\/type-de-contenu?post=63865"},{"taxonomy":"interprete-compositeur","embeddable":true,"href":"https:\/\/www.iemj.org\/de\/wp-json\/wp\/v2\/interprete-compositeur?post=63865"},{"taxonomy":"frise","embeddable":true,"href":"https:\/\/www.iemj.org\/de\/wp-json\/wp\/v2\/frise?post=63865"},{"taxonomy":"type-devenement","embeddable":true,"href":"https:\/\/www.iemj.org\/de\/wp-json\/wp\/v2\/type-devenement?post=63865"},{"taxonomy":"tableaux-liens-externes","embeddable":true,"href":"https:\/\/www.iemj.org\/de\/wp-json\/wp\/v2\/tableaux-liens-externes?post=63865"}],"curies":[{"name":"wp","href":"https:\/\/api.w.org\/{rel}","templated":true}]}}